{"id":25626,"date":"2024-02-13T12:00:23","date_gmt":"2024-02-13T11:00:23","guid":{"rendered":"https:\/\/www.laterredufutur.com\/accueil\/?p=25626"},"modified":"2024-02-13T08:53:25","modified_gmt":"2024-02-13T07:53:25","slug":"cest-confirme-un-courant-majeur-de-locean-atlantique-est-au-bord-de-leffondrement","status":"publish","type":"post","link":"https:\/\/www.laterredufutur.com\/accueil\/cest-confirme-un-courant-majeur-de-locean-atlantique-est-au-bord-de-leffondrement\/","title":{"rendered":"C&rsquo;est confirm\u00e9. Un courant majeur de l&rsquo;oc\u00e9an Atlantique est au bord de l&rsquo;effondrement"},"content":{"rendered":"<div class=\"1665f18d14f35dd9e7566e1a8ac9a3e9\" data-index=\"1\" style=\"float: none; margin:10px 0 10px 0; text-align:center;\">\n<script async src=\"https:\/\/pagead2.googlesyndication.com\/pagead\/js\/adsbygoogle.js\"><\/script>\r\n<ins class=\"adsbygoogle\"\r\n     style=\"display:block; text-align:center;\"\r\n     data-ad-layout=\"in-article\"\r\n     data-ad-format=\"fluid\"\r\n     data-ad-client=\"ca-pub-2860849627502538\"\r\n     data-ad-slot=\"3019501113\"><\/ins>\r\n<script>\r\n     (adsbygoogle = window.adsbygoogle || []).push({});\r\n<\/script>\n<\/div>\n<p>L&rsquo;ann\u00e9e derni\u00e8re, une \u00e9tude inqui\u00e9tante a r\u00e9v\u00e9l\u00e9 que l&rsquo;un des principaux courants oc\u00e9aniques de la Terre \u00e9tait en train de s&rsquo;effondrer. Malheureusement, de nouvelles donn\u00e9es viennent confirmer cette hypoth\u00e8se.<\/p>\n<p>\u00ab\u00a0Les changements de temp\u00e9rature, de niveau de la mer et de pr\u00e9cipitations affecteront gravement la soci\u00e9t\u00e9, et les bouleversements climatiques sont irr\u00e9pressibles \u00e0 l&rsquo;\u00e9chelle humaine\u00a0\u00bb, avertissent les auteurs de la derni\u00e8re \u00e9tude dans un article publi\u00e9 dans The Conversation.<\/p>\n<p>C&rsquo;est une perspective terrifiante, et l&rsquo;une des parties les plus importantes de la nouvelle \u00e9tude est un syst\u00e8me d&rsquo;alerte pr\u00e9coce, identifi\u00e9 par l&rsquo;oc\u00e9anographe de l&rsquo;universit\u00e9 d&rsquo;Utrecht Ren\u00e9 van Westen et ses coll\u00e8gues.<\/p>\n<p>Cet aper\u00e7u de l&rsquo;avenir pourrait permettre au monde de se pr\u00e9parer au moins en partie \u00e0 ce qui va arriver.<\/p>\n<p>\u00ab\u00a0Nous avons pu mettre au point un signal d&rsquo;alerte pr\u00e9coce observable et fond\u00e9 sur la physique, impliquant le transport de la salinit\u00e9 \u00e0 la fronti\u00e8re sud de l&rsquo;oc\u00e9an Atlantique\u00a0\u00bb, expliquent Van Westen et son \u00e9quipe.<\/p>\n<p>La circulation m\u00e9ridienne de retournement de l&rsquo;Atlantique (AMOC) est un vaste syst\u00e8me de courants oc\u00e9aniques qui transf\u00e8re les eaux sal\u00e9es chaudes vers le nord. Cette eau se refroidit au cours de son voyage sinueux vers le nord, ce qui la rend plus dense. \u00c0 mesure que l&rsquo;eau froide s&rsquo;enfonce, l&rsquo;eau des autres oc\u00e9ans est attir\u00e9e pour remplir la surface, ce qui fait redescendre le syst\u00e8me circulatoire vers le sud.<\/p>\n<p>L&rsquo;AMOC ralentit consid\u00e9rablement depuis le milieu du si\u00e8cle dernier.<\/p>\n<p>Avec l&rsquo;apport croissant d&rsquo;eau douce provenant de la fonte des glaciers et de pluies plus abondantes, les concentrations de sel dans l&rsquo;eau de mer diminuent et l&rsquo;eau sal\u00e9e devient moins dense, ce qui perturbe le processus d&rsquo;enfoncement et affaiblit l&rsquo;ensemble du cycle physique.<\/p>\n<figure id=\"attachment_25627\" aria-describedby=\"caption-attachment-25627\" style=\"width: 1293px\" class=\"wp-caption alignnone\"><img data-recalc-dims=\"1\" loading=\"lazy\" decoding=\"async\" data-attachment-id=\"25627\" data-permalink=\"https:\/\/www.laterredufutur.com\/accueil\/cest-confirme-un-courant-majeur-de-locean-atlantique-est-au-bord-de-leffondrement\/grand-convoyeur-atlantique\/\" data-orig-file=\"https:\/\/i0.wp.com\/www.laterredufutur.com\/accueil\/wp-content\/uploads\/2024\/02\/grand-convoyeur-atlantique.jpg?fit=1293%2C1536&amp;ssl=1\" data-orig-size=\"1293,1536\" data-comments-opened=\"1\" data-image-meta=\"{&quot;aperture&quot;:&quot;0&quot;,&quot;credit&quot;:&quot;&quot;,&quot;camera&quot;:&quot;&quot;,&quot;caption&quot;:&quot;&quot;,&quot;created_timestamp&quot;:&quot;0&quot;,&quot;copyright&quot;:&quot;&quot;,&quot;focal_length&quot;:&quot;0&quot;,&quot;iso&quot;:&quot;0&quot;,&quot;shutter_speed&quot;:&quot;0&quot;,&quot;title&quot;:&quot;&quot;,&quot;orientation&quot;:&quot;0&quot;}\" data-image-title=\"grand convoyeur atlantique\" data-image-description=\"\" data-image-caption=\"&lt;p&gt;L&amp;rsquo;AMOC fait circuler l&amp;rsquo;eau verticalement et lat\u00e9ralement. Le blob bleu de refroidissement dans l&amp;rsquo;Atlantique Nord trahit le ralentissement du syst\u00e8me. (Caesar et al., Nature 2018)&lt;\/p&gt;\n\" data-large-file=\"https:\/\/i0.wp.com\/www.laterredufutur.com\/accueil\/wp-content\/uploads\/2024\/02\/grand-convoyeur-atlantique.jpg?fit=673%2C800&amp;ssl=1\" src=\"https:\/\/i0.wp.com\/www.laterredufutur.com\/accueil\/wp-content\/uploads\/2024\/02\/grand-convoyeur-atlantique.jpg?resize=1293%2C1536&#038;ssl=1\" alt=\"\" width=\"1293\" height=\"1536\" class=\"size-full wp-image-25627\" srcset=\"https:\/\/i0.wp.com\/www.laterredufutur.com\/accueil\/wp-content\/uploads\/2024\/02\/grand-convoyeur-atlantique.jpg?w=1293&amp;ssl=1 1293w, https:\/\/i0.wp.com\/www.laterredufutur.com\/accueil\/wp-content\/uploads\/2024\/02\/grand-convoyeur-atlantique.jpg?resize=253%2C300&amp;ssl=1 253w, https:\/\/i0.wp.com\/www.laterredufutur.com\/accueil\/wp-content\/uploads\/2024\/02\/grand-convoyeur-atlantique.jpg?resize=673%2C800&amp;ssl=1 673w, https:\/\/i0.wp.com\/www.laterredufutur.com\/accueil\/wp-content\/uploads\/2024\/02\/grand-convoyeur-atlantique.jpg?resize=768%2C912&amp;ssl=1 768w\" sizes=\"auto, (max-width: 1000px) 100vw, 1000px\" \/><figcaption id=\"caption-attachment-25627\" class=\"wp-caption-text\">L&rsquo;AMOC fait circuler l&rsquo;eau verticalement et lat\u00e9ralement. Le blob bleu de refroidissement dans l&rsquo;Atlantique Nord trahit le ralentissement du syst\u00e8me. (Caesar et al., Nature 2018)<\/figcaption><\/figure>\n<p>En mod\u00e9lisant ces syst\u00e8mes oc\u00e9aniques, van Westen et ses coll\u00e8gues ont d\u00e9couvert un moyen de d\u00e9tecter l&rsquo;approche du \u00ab\u00a0point de basculement\u00a0\u00bb de l&rsquo;AMOC : la baisse de la salinit\u00e9 ralentira \u00e0 la fronti\u00e8re la plus m\u00e9ridionale de l&rsquo;Atlantique.<\/p>\n<p>\u00ab\u00a0Une fois qu&rsquo;un seuil est atteint, le point de basculement est susceptible de suivre dans une \u00e0 quatre d\u00e9cennies\u00a0\u00bb, affirment les auteurs.<\/p>\n<p>L&rsquo;AMOC n&rsquo;est surveill\u00e9e directement que depuis 2004, ce qui ne permet pas de comprendre la trajectoire compl\u00e8te de la tendance actuelle au ralentissement. Par cons\u00e9quent, les scientifiques ont utilis\u00e9 des indicateurs indirects tels que les niveaux de salinit\u00e9 pour tenter de combler leurs lacunes en mati\u00e8re de connaissances.<\/p><div class=\"1665f18d14f35dd9e7566e1a8ac9a3e9\" data-index=\"2\" style=\"float: none; margin:10px 0 10px 0; text-align:center;\">\n<script async src=\"https:\/\/pagead2.googlesyndication.com\/pagead\/js\/adsbygoogle.js\"><\/script>\r\n<ins class=\"adsbygoogle\"\r\n     style=\"display:block; text-align:center;\"\r\n     data-ad-layout=\"in-article\"\r\n     data-ad-format=\"fluid\"\r\n     data-ad-client=\"ca-pub-2860849627502538\"\r\n     data-ad-slot=\"3019501113\"><\/ins>\r\n<script>\r\n     (adsbygoogle = window.adsbygoogle || []).push({});\r\n<\/script>\n<\/div>\n\n<p>Van Westen et son \u00e9quipe n&rsquo;ont pas encore r\u00e9ussi \u00e0 r\u00e9unir tous les facteurs n\u00e9cessaires pour pr\u00e9dire avec pr\u00e9cision le moment o\u00f9 l&rsquo;effondrement de l&rsquo;AMOC se produira, mais ils pensent que ce moment catastrophique est beaucoup plus proche que ne le sugg\u00e8rent de nombreuses simulations actuelles.<\/p>\n<p>La nouvelle mod\u00e9lisation explore le point de basculement induit par l&rsquo;eau douce lui-m\u00eame, plut\u00f4t que d&rsquo;essayer de pr\u00e9dire sa date. Mais les donn\u00e9es obtenues sugg\u00e8rent que l&rsquo;AMOC est beaucoup plus sensible aux changements que ce que la plupart des mod\u00e8les climatiques ont pris en compte.<\/p>\n<p>\u00ab\u00a0Cette nouvelle \u00e9tude confirme les craintes exprim\u00e9es par le pass\u00e9 selon lesquelles les mod\u00e8les climatiques surestiment syst\u00e9matiquement la stabilit\u00e9 de l&rsquo;AMOC\u00a0\u00bb, a expliqu\u00e9 \u00e0 RealClimate Stefan Rahmstorf, climatologue \u00e0 l&rsquo;universit\u00e9 de Potsdam, qui n&rsquo;a pas particip\u00e9 \u00e0 l&rsquo;\u00e9tude.<\/p>\n<p><span class=\"embed-youtube\" style=\"text-align:center; display: block;\"><iframe loading=\"lazy\" class=\"youtube-player\" width=\"640\" height=\"360\" src=\"https:\/\/www.youtube.com\/embed\/p4pWafuvdrY?version=3&#038;rel=1&#038;showsearch=0&#038;showinfo=1&#038;iv_load_policy=1&#038;fs=1&#038;hl=fr-FR&#038;autohide=2&#038;wmode=transparent\" allowfullscreen=\"true\" style=\"border:0;\" sandbox=\"allow-scripts allow-same-origin allow-popups allow-presentation allow-popups-to-escape-sandbox\"><\/iframe><\/span><\/p>\n<p>L&rsquo;AMOC a un impact sur une grande partie du climat de la Terre, et c&rsquo;est donc l&rsquo;un des \u00e9l\u00e9ments de basculement du syst\u00e8me climatique de la Terre qui pr\u00e9occupe le plus les chercheurs. L&rsquo;effondrement de l&rsquo;AMOC se produit de mani\u00e8re cyclique sur une \u00e9chelle d&rsquo;un million d&rsquo;ann\u00e9es et, sur la base des \u00e9v\u00e9nements pass\u00e9s, nous savons que l&rsquo;Arctique devrait s&rsquo;\u00e9tendre vers le sud pendant cette p\u00e9riode, entra\u00eenant une baisse des temp\u00e9ratures dans le nord-ouest de l&rsquo;Europe pouvant aller jusqu&rsquo;\u00e0 15 \u00b0C, perturbant les moussons tropicales et r\u00e9chauffant encore davantage l&rsquo;h\u00e9misph\u00e8re sud.<\/p>\n<p>Les r\u00e9actions en cha\u00eene qui s&rsquo;ensuivent auront de graves r\u00e9percussions sur des \u00e9cosyst\u00e8mes entiers et sur la s\u00e9curit\u00e9 alimentaire mondiale.<\/p>\n<p>\u00ab\u00a0Cette nouvelle \u00e9tude renforce consid\u00e9rablement les pr\u00e9occupations croissantes concernant l&rsquo;effondrement de l&rsquo;AMOC dans un avenir relativement proche\u00a0\u00bb, a d\u00e9clar\u00e9 M. Rahmstorf \u00e0 l&rsquo;Associated Press. \u00ab\u00a0Nous l&rsquo;ignorerons \u00e0 nos risques et p\u00e9rils.<\/p>\n<p>Cette \u00e9tude a \u00e9t\u00e9 publi\u00e9e dans <a href=\"https:\/\/dx.doi.org\/10.1126\/sciadv.adk1189\" rel=\"noopener\" target=\"_blank\">Science Advances.<\/a><\/p>\n<p><img data-recalc-dims=\"1\" loading=\"lazy\" decoding=\"async\" data-attachment-id=\"25628\" data-permalink=\"https:\/\/www.laterredufutur.com\/accueil\/cest-confirme-un-courant-majeur-de-locean-atlantique-est-au-bord-de-leffondrement\/ocean-atlantique-2\/\" data-orig-file=\"https:\/\/i0.wp.com\/www.laterredufutur.com\/accueil\/wp-content\/uploads\/2024\/02\/ocean-atlantique.jpg?fit=1024%2C1024&amp;ssl=1\" data-orig-size=\"1024,1024\" data-comments-opened=\"1\" data-image-meta=\"{&quot;aperture&quot;:&quot;0&quot;,&quot;credit&quot;:&quot;&quot;,&quot;camera&quot;:&quot;&quot;,&quot;caption&quot;:&quot;&quot;,&quot;created_timestamp&quot;:&quot;0&quot;,&quot;copyright&quot;:&quot;&quot;,&quot;focal_length&quot;:&quot;0&quot;,&quot;iso&quot;:&quot;0&quot;,&quot;shutter_speed&quot;:&quot;0&quot;,&quot;title&quot;:&quot;&quot;,&quot;orientation&quot;:&quot;0&quot;}\" data-image-title=\"ocean atlantique\" data-image-description=\"\" data-image-caption=\"\" data-large-file=\"https:\/\/i0.wp.com\/www.laterredufutur.com\/accueil\/wp-content\/uploads\/2024\/02\/ocean-atlantique.jpg?fit=800%2C800&amp;ssl=1\" src=\"https:\/\/i0.wp.com\/www.laterredufutur.com\/accueil\/wp-content\/uploads\/2024\/02\/ocean-atlantique.jpg?resize=1024%2C1024&#038;ssl=1\" alt=\"\" width=\"1024\" height=\"1024\" class=\"alignnone size-full wp-image-25628\" srcset=\"https:\/\/i0.wp.com\/www.laterredufutur.com\/accueil\/wp-content\/uploads\/2024\/02\/ocean-atlantique.jpg?w=1024&amp;ssl=1 1024w, https:\/\/i0.wp.com\/www.laterredufutur.com\/accueil\/wp-content\/uploads\/2024\/02\/ocean-atlantique.jpg?resize=300%2C300&amp;ssl=1 300w, https:\/\/i0.wp.com\/www.laterredufutur.com\/accueil\/wp-content\/uploads\/2024\/02\/ocean-atlantique.jpg?resize=800%2C800&amp;ssl=1 800w, https:\/\/i0.wp.com\/www.laterredufutur.com\/accueil\/wp-content\/uploads\/2024\/02\/ocean-atlantique.jpg?resize=768%2C768&amp;ssl=1 768w\" sizes=\"auto, (max-width: 1000px) 100vw, 1000px\" \/><\/p>\n<p>Adaptation <a href=\"https:\/\/www.laterredufutur.com\/accueil\/\" rel=\"noopener\" target=\"_blank\">Terra Projects<\/a><br \/>\nSource : <a href=\"https:\/\/www.sciencealert.com\/its-confirmed-a-major-atlantic-ocean-current-is-verging-on-collapse\" rel=\"noopener\" target=\"_blank\">https:\/\/www.sciencealert.com\/<\/a><\/p>\n<p class=\"bawpvc-ajax-counter\" data-id=\"25626\">(784)<\/p>\n<!--CusAds0-->\n<div style=\"font-size: 0px; height: 0px; line-height: 0px; margin: 0; padding: 0; clear: both;\"><\/div>","protected":false},"excerpt":{"rendered":"<p>L&rsquo;ann\u00e9e derni\u00e8re, une \u00e9tude inqui\u00e9tante a r\u00e9v\u00e9l\u00e9 que l&rsquo;un des principaux courants oc\u00e9aniques de la Terre \u00e9tait en train de&#8230;<\/p>\n","protected":false},"author":1,"featured_media":23901,"comment_status":"open","ping_status":"open","sticky":false,"template":"","format":"standard","meta":{"_exactmetrics_skip_tracking":false,"_exactmetrics_sitenote_active":false,"_exactmetrics_sitenote_note":"","_exactmetrics_sitenote_category":0,"ngg_post_thumbnail":0,"jetpack_post_was_ever_published":false,"_jetpack_newsletter_access":"","_jetpack_dont_email_post_to_subs":false,"_jetpack_newsletter_tier_id":0,"_jetpack_memberships_contains_paywalled_content":false,"_jetpack_memberships_contains_paid_content":false,"footnotes":"","jetpack_publicize_message":"","jetpack_publicize_feature_enabled":true,"jetpack_social_post_already_shared":false,"jetpack_social_options":{"image_generator_settings":{"template":"highway","default_image_id":0,"font":"","enabled":false},"version":2}},"categories":[23],"tags":[4865,2980,396,721,1322],"class_list":["post-25626","post","type-post","status-publish","format-standard","has-post-thumbnail","hentry","category-circulation-oceanique","tag-amoc","tag-grand-convoyeur","tag-gulf-stream","tag-ocean-atlantique","tag-tapis-roulant","wpcat-23-id"],"jetpack_publicize_connections":[],"jetpack_featured_media_url":"https:\/\/i0.wp.com\/www.laterredufutur.com\/accueil\/wp-content\/uploads\/2022\/04\/amerique-du-nord-europe-gulf-stream-AMOC-circulation.png?fit=1230%2C1416&ssl=1","jetpack_shortlink":"https:\/\/wp.me\/p631RN-6Fk","jetpack-related-posts":[{"id":26421,"url":"https:\/\/www.laterredufutur.com\/accueil\/lamoc-une-modelisation-renforce-linquietude\/","url_meta":{"origin":25626,"position":0},"title":"L&rsquo;AMOC: Une mod\u00e9lisation renforce l&rsquo;inqui\u00e9tude","author":"Admin","date":"27 novembre 2024","format":false,"excerpt":"La circulation m\u00e9ridienne de retournement de l'Atlantique (AMOC) est aujourd'hui plus faible qu'elle ne l'a jamais \u00e9t\u00e9 au cours des mille derni\u00e8res ann\u00e9es. Alors que les pr\u00e9c\u00e9dents mod\u00e8les climatiques peinaient \u00e0 reproduire les changements observ\u00e9s, une nouvelle mod\u00e9lisation y parvient en prenant en compte l'eau de fonte de la calotte\u2026","rel":"","context":"Dans &quot;Courants Marins&quot;","block_context":{"text":"Courants Marins","link":"https:\/\/www.laterredufutur.com\/accueil\/sujets\/circulation-oceanique\/"},"img":{"alt_text":"","src":"https:\/\/i0.wp.com\/www.laterredufutur.com\/accueil\/wp-content\/uploads\/2024\/11\/circulation-meridienne-de-retournement-atlantique-1.jpg?fit=1024%2C1024&ssl=1&resize=350%2C200","width":350,"height":200,"srcset":"https:\/\/i0.wp.com\/www.laterredufutur.com\/accueil\/wp-content\/uploads\/2024\/11\/circulation-meridienne-de-retournement-atlantique-1.jpg?fit=1024%2C1024&ssl=1&resize=350%2C200 1x, https:\/\/i0.wp.com\/www.laterredufutur.com\/accueil\/wp-content\/uploads\/2024\/11\/circulation-meridienne-de-retournement-atlantique-1.jpg?fit=1024%2C1024&ssl=1&resize=525%2C300 1.5x, https:\/\/i0.wp.com\/www.laterredufutur.com\/accueil\/wp-content\/uploads\/2024\/11\/circulation-meridienne-de-retournement-atlantique-1.jpg?fit=1024%2C1024&ssl=1&resize=700%2C400 2x"},"classes":[]},{"id":27233,"url":"https:\/\/www.laterredufutur.com\/accueil\/un-courant-cle-de-latlantique-pourrait-commencer-a-seffondrer-des-2055-selon-une-nouvelle-etude\/","url_meta":{"origin":25626,"position":1},"title":"Un courant cl\u00e9 de l&rsquo;Atlantique pourrait commencer \u00e0 s&rsquo;effondrer d\u00e8s 2055, selon une nouvelle \u00e9tude","author":"Admin","date":"7 septembre 2025","format":false,"excerpt":"La circulation m\u00e9ridionale de retournement de l\u2019Atlantique apporte de la chaleur \u00e0 l\u2019h\u00e9misph\u00e8re nord et r\u00e9gule le climat \u00e0 l\u2019\u00e9chelle mondiale, mais les recherches sugg\u00e8rent qu\u2019elle pourrait s\u2019affaiblir consid\u00e9rablement dans les d\u00e9cennies \u00e0 venir. Les courants oc\u00e9aniques de l\u2019Atlantique qui r\u00e9agissent au changement climatique se dirigent vers un point de\u2026","rel":"","context":"Dans &quot;Courants Marins&quot;","block_context":{"text":"Courants Marins","link":"https:\/\/www.laterredufutur.com\/accueil\/sujets\/circulation-oceanique\/"},"img":{"alt_text":"","src":"https:\/\/i0.wp.com\/www.laterredufutur.com\/accueil\/wp-content\/uploads\/2023\/07\/amoc-atlantique-nord-gulf-stream-2.gif?fit=1000%2C581&ssl=1&resize=350%2C200","width":350,"height":200,"srcset":"https:\/\/i0.wp.com\/www.laterredufutur.com\/accueil\/wp-content\/uploads\/2023\/07\/amoc-atlantique-nord-gulf-stream-2.gif?fit=1000%2C581&ssl=1&resize=350%2C200 1x, https:\/\/i0.wp.com\/www.laterredufutur.com\/accueil\/wp-content\/uploads\/2023\/07\/amoc-atlantique-nord-gulf-stream-2.gif?fit=1000%2C581&ssl=1&resize=525%2C300 1.5x, https:\/\/i0.wp.com\/www.laterredufutur.com\/accueil\/wp-content\/uploads\/2023\/07\/amoc-atlantique-nord-gulf-stream-2.gif?fit=1000%2C581&ssl=1&resize=700%2C400 2x"},"classes":[]},{"id":24600,"url":"https:\/\/www.laterredufutur.com\/accueil\/la-circulation-meridienne-de-retournement-atlantique-est-sur-le-point-de-seffondrer\/","url_meta":{"origin":25626,"position":2},"title":"La circulation m\u00e9ridienne de retournement atlantique est sur le point de s&rsquo;effondrer","author":"Admin","date":"16 d\u00e9cembre 2022","format":false,"excerpt":"Souvent confondue avec le Gulf Stream, la circulation m\u00e9ridienne de retournement atlantique joue le r\u00f4le de thermostat mondial. Et, selon une nouvelle \u00e9tude, ce dernier est sur le point de disjoncter. On l'appelle \"circulation m\u00e9ridienne de retournement atlantique\" (Amoc). Ce courant marin, qui joue un r\u00f4le de thermostat au niveau\u2026","rel":"","context":"Dans &quot;Courants Marins&quot;","block_context":{"text":"Courants Marins","link":"https:\/\/www.laterredufutur.com\/accueil\/sujets\/circulation-oceanique\/"},"img":{"alt_text":"","src":"https:\/\/i0.wp.com\/www.laterredufutur.com\/accueil\/wp-content\/uploads\/2022\/04\/hemisphere-nord-ocean-salinite-concentration-amoc-gulf-stream.png?fit=1200%2C862&ssl=1&resize=350%2C200","width":350,"height":200,"srcset":"https:\/\/i0.wp.com\/www.laterredufutur.com\/accueil\/wp-content\/uploads\/2022\/04\/hemisphere-nord-ocean-salinite-concentration-amoc-gulf-stream.png?fit=1200%2C862&ssl=1&resize=350%2C200 1x, https:\/\/i0.wp.com\/www.laterredufutur.com\/accueil\/wp-content\/uploads\/2022\/04\/hemisphere-nord-ocean-salinite-concentration-amoc-gulf-stream.png?fit=1200%2C862&ssl=1&resize=525%2C300 1.5x, https:\/\/i0.wp.com\/www.laterredufutur.com\/accueil\/wp-content\/uploads\/2022\/04\/hemisphere-nord-ocean-salinite-concentration-amoc-gulf-stream.png?fit=1200%2C862&ssl=1&resize=700%2C400 2x, https:\/\/i0.wp.com\/www.laterredufutur.com\/accueil\/wp-content\/uploads\/2022\/04\/hemisphere-nord-ocean-salinite-concentration-amoc-gulf-stream.png?fit=1200%2C862&ssl=1&resize=1050%2C600 3x"},"classes":[]},{"id":27325,"url":"https:\/\/www.laterredufutur.com\/accueil\/le-gigantesque-systeme-de-courants-oceaniques-denomme-gyre-dans-latlantique-nord-se-comporte-de-maniere-etrange\/","url_meta":{"origin":25626,"position":3},"title":"Le gigantesque syst\u00e8me de courants oc\u00e9aniques d\u00e9nomm\u00e9 \u00ab\u00a0gyre\u00a0\u00bb dans l&rsquo;Atlantique Nord se comporte de mani\u00e8re \u00e9trange","author":"Admin","date":"9 octobre 2025","format":false,"excerpt":"Une analyse des coquilles de palourdes sugg\u00e8re que le gyre subpolaire de l'Atlantique Nord a connu deux p\u00e9riodes de d\u00e9stabilisation au cours des 150 derni\u00e8res ann\u00e9es : l'une vers 1920 et l'autre de 1950 \u00e0 nos jours. Un vaste syst\u00e8me de courants oc\u00e9aniques tournants dans l'Atlantique Nord se comporte de\u2026","rel":"","context":"Dans &quot;Courants Marins&quot;","block_context":{"text":"Courants Marins","link":"https:\/\/www.laterredufutur.com\/accueil\/sujets\/circulation-oceanique\/"},"img":{"alt_text":"","src":"https:\/\/i0.wp.com\/www.laterredufutur.com\/accueil\/wp-content\/uploads\/2025\/10\/gyre-atlantique-nord.webp?fit=970%2C966&ssl=1&resize=350%2C200","width":350,"height":200,"srcset":"https:\/\/i0.wp.com\/www.laterredufutur.com\/accueil\/wp-content\/uploads\/2025\/10\/gyre-atlantique-nord.webp?fit=970%2C966&ssl=1&resize=350%2C200 1x, https:\/\/i0.wp.com\/www.laterredufutur.com\/accueil\/wp-content\/uploads\/2025\/10\/gyre-atlantique-nord.webp?fit=970%2C966&ssl=1&resize=525%2C300 1.5x, https:\/\/i0.wp.com\/www.laterredufutur.com\/accueil\/wp-content\/uploads\/2025\/10\/gyre-atlantique-nord.webp?fit=970%2C966&ssl=1&resize=700%2C400 2x"},"classes":[]},{"id":27537,"url":"https:\/\/www.laterredufutur.com\/accueil\/leffondrement-dun-courant-atlantique-cle-pourrait-entrainer-une-secheresse-extreme-en-europe-pendant-des-centaines-dannees-selon-une-etude\/","url_meta":{"origin":25626,"position":4},"title":"L\u2019effondrement d\u2019un courant atlantique cl\u00e9 pourrait entra\u00eener une s\u00e9cheresse extr\u00eame en Europe pendant des centaines d\u2019ann\u00e9es, selon une \u00e9tude","author":"Admin","date":"13 d\u00e9cembre 2025","format":false,"excerpt":"Des scientifiques ont mod\u00e9lis\u00e9 l'avenir de l'Europe en cas d'effondrement d'un courant atlantique cl\u00e9 et ont constat\u00e9 que le continent serait confront\u00e9 \u00e0 un avenir beaucoup plus sec. Les \u00e9t\u00e9s d\u00e9j\u00e0 caniculaires et secs du sud de l'Europe pourraient encore empirer au cours des 1 000 prochaines ann\u00e9es si un\u2026","rel":"","context":"Dans &quot;Courants Marins&quot;","block_context":{"text":"Courants Marins","link":"https:\/\/www.laterredufutur.com\/accueil\/sujets\/circulation-oceanique\/"},"img":{"alt_text":"","src":"https:\/\/i0.wp.com\/www.laterredufutur.com\/accueil\/wp-content\/uploads\/2022\/02\/secheresse-beau-temps.jpg?fit=960%2C640&ssl=1&resize=350%2C200","width":350,"height":200,"srcset":"https:\/\/i0.wp.com\/www.laterredufutur.com\/accueil\/wp-content\/uploads\/2022\/02\/secheresse-beau-temps.jpg?fit=960%2C640&ssl=1&resize=350%2C200 1x, https:\/\/i0.wp.com\/www.laterredufutur.com\/accueil\/wp-content\/uploads\/2022\/02\/secheresse-beau-temps.jpg?fit=960%2C640&ssl=1&resize=525%2C300 1.5x, https:\/\/i0.wp.com\/www.laterredufutur.com\/accueil\/wp-content\/uploads\/2022\/02\/secheresse-beau-temps.jpg?fit=960%2C640&ssl=1&resize=700%2C400 2x"},"classes":[]},{"id":26076,"url":"https:\/\/www.laterredufutur.com\/accueil\/le-gulf-stream-sur-le-point-de-geler-leurope\/","url_meta":{"origin":25626,"position":5},"title":"Le gulf stream sur le point de geler l&rsquo;Europe ?","author":"Admin","date":"24 juillet 2024","format":false,"excerpt":"Une nouvelle \u00e9tude renforce l\u2019id\u00e9e que l\u2019Europe, malgr\u00e9 le r\u00e9chauffement global, pourrait conna\u00eetre une p\u00e9riode froide. Le Gulf Stream serait en effet bien plus sensible au changement climatique qu\u2019on ne le pensait. Le Gulf Stream, c'est ce grand courant oc\u00e9anique chaud qui parcourt l'Atlantique et qui permet \u00e0 l'Europe de\u2026","rel":"","context":"Dans &quot;Courants Marins&quot;","block_context":{"text":"Courants Marins","link":"https:\/\/www.laterredufutur.com\/accueil\/sujets\/circulation-oceanique\/"},"img":{"alt_text":"","src":"https:\/\/i0.wp.com\/www.laterredufutur.com\/accueil\/wp-content\/uploads\/2024\/07\/ocean-atlantique.jpg?fit=1024%2C1024&ssl=1&resize=350%2C200","width":350,"height":200,"srcset":"https:\/\/i0.wp.com\/www.laterredufutur.com\/accueil\/wp-content\/uploads\/2024\/07\/ocean-atlantique.jpg?fit=1024%2C1024&ssl=1&resize=350%2C200 1x, https:\/\/i0.wp.com\/www.laterredufutur.com\/accueil\/wp-content\/uploads\/2024\/07\/ocean-atlantique.jpg?fit=1024%2C1024&ssl=1&resize=525%2C300 1.5x, https:\/\/i0.wp.com\/www.laterredufutur.com\/accueil\/wp-content\/uploads\/2024\/07\/ocean-atlantique.jpg?fit=1024%2C1024&ssl=1&resize=700%2C400 2x"},"classes":[]}],"jetpack_sharing_enabled":true,"_links":{"self":[{"href":"https:\/\/www.laterredufutur.com\/accueil\/wp-json\/wp\/v2\/posts\/25626","targetHints":{"allow":["GET"]}}],"collection":[{"href":"https:\/\/www.laterredufutur.com\/accueil\/wp-json\/wp\/v2\/posts"}],"about":[{"href":"https:\/\/www.laterredufutur.com\/accueil\/wp-json\/wp\/v2\/types\/post"}],"author":[{"embeddable":true,"href":"https:\/\/www.laterredufutur.com\/accueil\/wp-json\/wp\/v2\/users\/1"}],"replies":[{"embeddable":true,"href":"https:\/\/www.laterredufutur.com\/accueil\/wp-json\/wp\/v2\/comments?post=25626"}],"version-history":[{"count":1,"href":"https:\/\/www.laterredufutur.com\/accueil\/wp-json\/wp\/v2\/posts\/25626\/revisions"}],"predecessor-version":[{"id":25629,"href":"https:\/\/www.laterredufutur.com\/accueil\/wp-json\/wp\/v2\/posts\/25626\/revisions\/25629"}],"wp:featuredmedia":[{"embeddable":true,"href":"https:\/\/www.laterredufutur.com\/accueil\/wp-json\/wp\/v2\/media\/23901"}],"wp:attachment":[{"href":"https:\/\/www.laterredufutur.com\/accueil\/wp-json\/wp\/v2\/media?parent=25626"}],"wp:term":[{"taxonomy":"category","embeddable":true,"href":"https:\/\/www.laterredufutur.com\/accueil\/wp-json\/wp\/v2\/categories?post=25626"},{"taxonomy":"post_tag","embeddable":true,"href":"https:\/\/www.laterredufutur.com\/accueil\/wp-json\/wp\/v2\/tags?post=25626"}],"curies":[{"name":"wp","href":"https:\/\/api.w.org\/{rel}","templated":true}]}}