{"id":25071,"date":"2023-07-10T09:16:33","date_gmt":"2023-07-10T07:16:33","guid":{"rendered":"https:\/\/www.laterredufutur.com\/accueil\/?p=25071"},"modified":"2023-07-10T09:16:33","modified_gmt":"2023-07-10T07:16:33","slug":"et-si-la-perte-doxygene-dans-les-oceans-sinversait","status":"publish","type":"post","link":"https:\/\/www.laterredufutur.com\/accueil\/et-si-la-perte-doxygene-dans-les-oceans-sinversait\/","title":{"rendered":"Et si la perte d&rsquo;oxyg\u00e8ne dans les oc\u00e9ans s&rsquo;inversait ?"},"content":{"rendered":"<div class=\"1665f18d14f35dd9e7566e1a8ac9a3e9\" data-index=\"1\" style=\"float: none; margin:10px 0 10px 0; text-align:center;\">\n<script async src=\"https:\/\/pagead2.googlesyndication.com\/pagead\/js\/adsbygoogle.js\"><\/script>\r\n<ins class=\"adsbygoogle\"\r\n     style=\"display:block; text-align:center;\"\r\n     data-ad-layout=\"in-article\"\r\n     data-ad-format=\"fluid\"\r\n     data-ad-client=\"ca-pub-2860849627502538\"\r\n     data-ad-slot=\"3019501113\"><\/ins>\r\n<script>\r\n     (adsbygoogle = window.adsbygoogle || []).push({});\r\n<\/script>\n<\/div>\n<p>Si ce sont surtout aux arbres qu\u2019on pense lorsqu\u2019il s\u2019agit de production d\u2019oxyg\u00e8ne, il faut savoir que les oc\u00e9ans sont en fait les plus gros producteurs de ce gaz au monde. Sur ce sujet, une \u00e9tude a r\u00e9v\u00e9l\u00e9 que finalement, la perte d\u2019oxyg\u00e8ne dans les oc\u00e9ans pourrait \u00eatre r\u00e9versible, et cela pourrait sauver de nombreuses esp\u00e8ces marines.<\/p>\n<p>QUELLES SONT LES CAUSES DE L\u2019APPAUVRISSEMENT EN OXYG\u00c8NE DANS LES OC\u00c9ANS ?<br \/>\nCach\u00e9e sous la surface scintillante des mers et des oc\u00e9ans, une crise imminente menace l\u2019\u00e9quilibre d\u00e9licat des \u00e9cosyst\u00e8mes marins : la perte d\u2019oxyg\u00e8ne. Ces derni\u00e8res ann\u00e9es, les scientifiques ont en effet tir\u00e9 la sonnette d\u2019alarme sur la baisse alarmante des niveaux d\u2019oxyg\u00e8ne dans les oc\u00e9ans. De plus en plus de preuves indiquent que les niveaux d\u2019oxyg\u00e8ne dans les oc\u00e9ans diminuent \u00e0 un rythme sans pr\u00e9c\u00e9dent, avec de graves implications pour la sant\u00e9 des \u00e9cosyst\u00e8mes marins et le r\u00e9seau complexe de vie qu\u2019ils soutiennent.<\/p>\n<p>Notons que la perte d\u2019oxyg\u00e8ne dans les oc\u00e9ans est caus\u00e9e par une combinaison de processus naturels et d\u2019impacts des activit\u00e9s humaines. Alors que des facteurs naturels tels que la variabilit\u00e9 du climat et les sch\u00e9mas de circulation oc\u00e9anique jouent un r\u00f4le, ce sont surtout les facteurs induits par l\u2019Homme qui ont acc\u00e9l\u00e9r\u00e9 le taux d\u2019appauvrissement en oxyg\u00e8ne ces derni\u00e8res ann\u00e9es. Dans ce domaine, nous pouvons notamment citer l\u2019eutrophisation due aux exc\u00e8s de nutriments provenant des activit\u00e9s agricoles, des rejets d\u2019eaux us\u00e9es et des processus industriels.<\/p>\n<p>Il y a \u00e9galement la hausse des temp\u00e9ratures de l\u2019eau due au changement climatique, ainsi que l\u2019acidification des oc\u00e9ans caus\u00e9e par ce ph\u00e9nom\u00e8ne et par l\u2019augmentation des \u00e9missions de dioxyde de carbone. Tout cela sans citer la surp\u00eache, la destruction des habitats naturels marins, la pollution et la contamination de l\u2019eau. Bref, l\u2019humanit\u00e9 est la principale cause de l\u2019appauvrissement d\u2019oxyg\u00e8ne dans les oc\u00e9ans. Et comme de nombreux d\u00e9g\u00e2ts environnementaux caus\u00e9s par l\u2019Homme, il est possible que ce ph\u00e9nom\u00e8ne soit irr\u00e9versible.<\/p><div class=\"1665f18d14f35dd9e7566e1a8ac9a3e9\" data-index=\"2\" style=\"float: none; margin:10px 0 10px 0; text-align:center;\">\n<script async src=\"https:\/\/pagead2.googlesyndication.com\/pagead\/js\/adsbygoogle.js\"><\/script>\r\n<ins class=\"adsbygoogle\"\r\n     style=\"display:block; text-align:center;\"\r\n     data-ad-layout=\"in-article\"\r\n     data-ad-format=\"fluid\"\r\n     data-ad-client=\"ca-pub-2860849627502538\"\r\n     data-ad-slot=\"3019501113\"><\/ins>\r\n<script>\r\n     (adsbygoogle = window.adsbygoogle || []).push({});\r\n<\/script>\n<\/div>\n\n<p>UN PH\u00c9NOM\u00c8NE QUI POURRAIT FINALEMENT S\u2019INVERSER<br \/>\nCependant, une \u00e9tude r\u00e9alis\u00e9e par les chercheurs de l\u2019universit\u00e9 Rutgers donne une lueur d\u2019espoir sur ce sujet. Selon les r\u00e9sultats de l\u2019\u00e9tude publi\u00e9e dans la revue Nature, l\u2019appauvrissement en oxyg\u00e8ne qu\u2019on peut actuellement observer dans les oc\u00e9ans du monde pourrait potentiellement s\u2019inverser \u00e0 l\u2019avenir. Pour aboutir \u00e0 leurs conclusions, les chercheurs ont analys\u00e9 des donn\u00e9es sur les s\u00e9diments oc\u00e9aniques. Ils ont d\u00e9couvert qu\u2019\u00e0 l\u2019\u00e9poque du Mioc\u00e8ne, les niveaux d\u2019oxyg\u00e8ne dans l\u2019oc\u00e9an \u00e9taient plus \u00e9lev\u00e9s dans une zone cl\u00e9.<\/p>\n<p>Notons que pendant le Mioc\u00e8ne, il y a environ 16 millions d\u2019ann\u00e9es, la temp\u00e9rature sur Terre \u00e9tait nettement plus \u00e9lev\u00e9e qu\u2019elle ne l\u2019est aujourd\u2019hui. \u00ab Notre \u00e9tude montre que le Pacifique \u00e9quatorial oriental, qui abrite aujourd\u2019hui la plus grande zone d\u00e9ficiente en oxyg\u00e8ne des oc\u00e9ans, \u00e9tait bien oxyg\u00e9n\u00e9 pendant la p\u00e9riode chaude du Mioc\u00e8ne, malgr\u00e9 le fait que les temp\u00e9ratures mondiales \u00e0 cette \u00e9poque \u00e9taient plus \u00e9lev\u00e9es qu\u2019actuellement \u00bb, a d\u00e9clar\u00e9 Anya Hess, auteure principale de l\u2019\u00e9tude, dans un communiqu\u00e9.<\/p>\n<p>\u00ab Cela sugg\u00e8re que la perte d\u2019oxyg\u00e8ne actuelle pourrait finalement s\u2019inverser \u00bb, a-t-elle ajout\u00e9. Si ce ph\u00e9nom\u00e8ne s\u2019inverse, cela serait une b\u00e9n\u00e9diction pour les \u00e9cosyst\u00e8mes marins, mais aussi pour la plan\u00e8te tout enti\u00e8re, dans la mesure o\u00f9 les oc\u00e9ans sont responsables de l\u2019absorption d\u2019environ 30 % de tout le CO2 sur Terre, ainsi que de la production de 50 \u00e0 75 % de l\u2019oxyg\u00e8ne que nous respirons.<\/p>\n<p>Sources : <a href=\"https:\/\/dailygeekshow.com\/oxygene-ocean\/\" rel=\"noopener\" target=\"_blank\">https:\/\/dailygeekshow.com\/<\/a> \/ <a href=\"https:\/\/www.earth.com\/news\/good-news-ocean-oxygen-loss-may-ultimately-reverse\/\" rel=\"noopener\" target=\"_blank\">https:\/\/www.earth.com\/<\/a><\/p>\n<p class=\"bawpvc-ajax-counter\" data-id=\"25071\">(231)<\/p>\n<!--CusAds0-->\n<div style=\"font-size: 0px; height: 0px; line-height: 0px; margin: 0; padding: 0; clear: both;\"><\/div>","protected":false},"excerpt":{"rendered":"<p>Si ce sont surtout aux arbres qu\u2019on pense lorsqu\u2019il s\u2019agit de production d\u2019oxyg\u00e8ne, il faut savoir que les oc\u00e9ans sont&#8230;<\/p>\n","protected":false},"author":1,"featured_media":23655,"comment_status":"open","ping_status":"open","sticky":false,"template":"","format":"standard","meta":{"_exactmetrics_skip_tracking":false,"_exactmetrics_sitenote_active":false,"_exactmetrics_sitenote_note":"","_exactmetrics_sitenote_category":0,"ngg_post_thumbnail":0,"jetpack_post_was_ever_published":false,"_jetpack_newsletter_access":"","_jetpack_dont_email_post_to_subs":false,"_jetpack_newsletter_tier_id":0,"_jetpack_memberships_contains_paywalled_content":false,"_jetpack_memberships_contains_paid_content":false,"footnotes":"","jetpack_publicize_message":"Et si la perte d'oxyg\u00e8ne dans les oc\u00e9ans s'inversait ? @laterredufutur.com Terra Projects","jetpack_publicize_feature_enabled":true,"jetpack_social_post_already_shared":true,"jetpack_social_options":{"image_generator_settings":{"template":"highway","default_image_id":0,"font":"","enabled":false},"version":2}},"categories":[27],"tags":[8026,241,286,918,7595],"class_list":["post-25071","post","type-post","status-publish","format-standard","has-post-thumbnail","hentry","category-ecologie","tag-gain","tag-ocean","tag-oxygene","tag-perte","tag-vie-marine","wpcat-27-id"],"jetpack_publicize_connections":[],"jetpack_featured_media_url":"https:\/\/i0.wp.com\/www.laterredufutur.com\/accueil\/wp-content\/uploads\/2022\/01\/vague-ocean-atlantique.jpg?fit=1024%2C505&ssl=1","jetpack_shortlink":"https:\/\/wp.me\/p631RN-6wn","jetpack-related-posts":[{"id":4636,"url":"https:\/\/www.laterredufutur.com\/accueil\/dans-locean-mondial-les-zones-mortes-setendent-rapidement\/","url_meta":{"origin":25071,"position":0},"title":"Dans l&rsquo;oc\u00e9an mondial, les zones mortes s\u2019\u00e9tendent rapidement","author":"Admin","date":"13 octobre 2008","format":false,"excerpt":"L\u2019extension des \u00ab zones mortes \u00bb, r\u00e9gions oc\u00e9aniques o\u00f9 l'oxyg\u00e8ne devient trop rare pour les organismes vivants, a d\u00e9j\u00e0 \u00e9t\u00e9 rapport\u00e9e. Mais une nouvelle \u00e9tude r\u00e9v\u00e8le un impact beaucoup plus s\u00e9v\u00e8re \u00e0 court terme sur les \u00e9cosyst\u00e8mes. Observ\u00e9es depuis la fin des ann\u00e9es 1990 par les Etats-Unis et en mer\u2026","rel":"","context":"Dans &quot;Pollution&quot;","block_context":{"text":"Pollution","link":"https:\/\/www.laterredufutur.com\/accueil\/sujets\/pollution\/"},"img":{"alt_text":"","src":"https:\/\/i0.wp.com\/www.laterredufutur.com\/accueil\/wp-content\/uploads\/2015\/04\/zones-mortes.jpg?fit=800%2C878&ssl=1&resize=350%2C200","width":350,"height":200,"srcset":"https:\/\/i0.wp.com\/www.laterredufutur.com\/accueil\/wp-content\/uploads\/2015\/04\/zones-mortes.jpg?fit=800%2C878&ssl=1&resize=350%2C200 1x, https:\/\/i0.wp.com\/www.laterredufutur.com\/accueil\/wp-content\/uploads\/2015\/04\/zones-mortes.jpg?fit=800%2C878&ssl=1&resize=525%2C300 1.5x, https:\/\/i0.wp.com\/www.laterredufutur.com\/accueil\/wp-content\/uploads\/2015\/04\/zones-mortes.jpg?fit=800%2C878&ssl=1&resize=700%2C400 2x"},"classes":[]},{"id":2750,"url":"https:\/\/www.laterredufutur.com\/accueil\/zone-morte\/","url_meta":{"origin":25071,"position":1},"title":"Zone Morte","author":"Admin","date":"20 mars 2005","format":false,"excerpt":"Imaginez un monde o\u00f9 les oc\u00e9ans ne poss\u00e8deraient plus de vie. Imaginez un monde o\u00f9 l'oxyg\u00e8ne aurait disparu dans les mers. Imaginez un monde o\u00f9 se nourrir de poissons marins n'appartiendrait seulement qu'au pass\u00e9. Imaginez vous un monde o\u00f9 ce paysage idyllique appartiendrait aux r\u00eaves. Alors n'imaginez plus et soyez\u2026","rel":"","context":"Dans &quot;Pollution&quot;","block_context":{"text":"Pollution","link":"https:\/\/www.laterredufutur.com\/accueil\/sujets\/pollution\/"},"img":{"alt_text":"","src":"https:\/\/i0.wp.com\/www.laterredufutur.com\/spaw\/images\/gulf-of-mexico-noaa.jpeg?resize=350%2C200","width":350,"height":200},"classes":[]},{"id":16586,"url":"https:\/\/www.laterredufutur.com\/accueil\/la-zone-morte-de-la-mer-darabie-est-devnue-la-plus-grande-du-monde\/","url_meta":{"origin":25071,"position":2},"title":"La \u00abzone morte\u00bb de la mer d&rsquo;Arabie est devenue la plus grande du monde","author":"Admin","date":"12 mai 2018","format":false,"excerpt":"Une \"zone morte\" massive dans la mer d'Arabie est devenue la plus grande du monde, selon une nouvelle \u00e9tude. Les zones mortes sont des r\u00e9gions oc\u00e9aniques priv\u00e9es d'oxyg\u00e8ne o\u00f9 peu d'organismes peuvent survivre. Ils \u00e9mergent dans des profondeurs oc\u00e9aniques allant de 200 \u00e0 800 m\u00e8tres, lorsque des influx de nutriments\u2026","rel":"","context":"Dans &quot;Pollution&quot;","block_context":{"text":"Pollution","link":"https:\/\/www.laterredufutur.com\/accueil\/sujets\/pollution\/"},"img":{"alt_text":"","src":"https:\/\/i0.wp.com\/www.laterredufutur.com\/accueil\/wp-content\/uploads\/2018\/05\/golfeoman.jpg?fit=750%2C480&ssl=1&resize=350%2C200","width":350,"height":200,"srcset":"https:\/\/i0.wp.com\/www.laterredufutur.com\/accueil\/wp-content\/uploads\/2018\/05\/golfeoman.jpg?fit=750%2C480&ssl=1&resize=350%2C200 1x, https:\/\/i0.wp.com\/www.laterredufutur.com\/accueil\/wp-content\/uploads\/2018\/05\/golfeoman.jpg?fit=750%2C480&ssl=1&resize=525%2C300 1.5x, https:\/\/i0.wp.com\/www.laterredufutur.com\/accueil\/wp-content\/uploads\/2018\/05\/golfeoman.jpg?fit=750%2C480&ssl=1&resize=700%2C400 2x"},"classes":[]},{"id":6385,"url":"https:\/\/www.laterredufutur.com\/accueil\/de-gigantesques-zones-mortes-decouvertes-au-milieu-de-latlantique\/","url_meta":{"origin":25071,"position":3},"title":"De gigantesques \u00ab\u00a0zones mortes\u00a0\u00bb d\u00e9couvertes au milieu de l&rsquo;Atlantique","author":"Admin","date":"12 mai 2015","format":false,"excerpt":"Les \"zones mortes\" r\u00e9cemment d\u00e9tect\u00e9es au milieu de l'Oc\u00e9an Atlantique se forment dans des tourbillons analogues \u00e0 celui ci-dessus, en bleu. Cr\u00e9dits : NASA Earth Observatory Des chercheurs ont d\u00e9couvert dans l'Oc\u00e9an Atlantique l'existence de zones se caract\u00e9risant par des taux d'oxyg\u00e8ne si bas qu'ils y interdisent toute forme de\u2026","rel":"","context":"Dans &quot;Pollution&quot;","block_context":{"text":"Pollution","link":"https:\/\/www.laterredufutur.com\/accueil\/sujets\/pollution\/"},"img":{"alt_text":"","src":"https:\/\/i0.wp.com\/www.laterredufutur.com\/accueil\/wp-content\/uploads\/2015\/05\/zone-morte-atlantique.jpg?fit=600%2C288&ssl=1&resize=350%2C200","width":350,"height":200,"srcset":"https:\/\/i0.wp.com\/www.laterredufutur.com\/accueil\/wp-content\/uploads\/2015\/05\/zone-morte-atlantique.jpg?fit=600%2C288&ssl=1&resize=350%2C200 1x, https:\/\/i0.wp.com\/www.laterredufutur.com\/accueil\/wp-content\/uploads\/2015\/05\/zone-morte-atlantique.jpg?fit=600%2C288&ssl=1&resize=525%2C300 1.5x"},"classes":[]},{"id":24794,"url":"https:\/\/www.laterredufutur.com\/accueil\/les-oceans-ont-tres-probablement-borde-venus-avant-quelle-ne-devienne-un-enfer\/","url_meta":{"origin":25071,"position":4},"title":"Les oc\u00e9ans ont tr\u00e8s probablement bord\u00e9 V\u00e9nus avant qu&rsquo;elle ne devienne un enfer","author":"Admin","date":"13 mars 2023","format":false,"excerpt":"V\u00e9nus est peut-\u00eatre l'un des objets les plus brillants et les plus beaux de notre ciel nocturne, mais il ne faut pas s'y tromper. Notre plan\u00e8te voisine est extr\u00eamement inhospitali\u00e8re par rapport \u00e0 la vie telle que nous la connaissons. C'est un monde toxique et br\u00fblant sur lequel les humains\u2026","rel":"","context":"Dans &quot;Espace&quot;","block_context":{"text":"Espace","link":"https:\/\/www.laterredufutur.com\/accueil\/sujets\/espace\/"},"img":{"alt_text":"","src":"https:\/\/i0.wp.com\/www.laterredufutur.com\/accueil\/wp-content\/uploads\/2020\/11\/venus-terraformee-5.jpg?fit=960%2C540&ssl=1&resize=350%2C200","width":350,"height":200,"srcset":"https:\/\/i0.wp.com\/www.laterredufutur.com\/accueil\/wp-content\/uploads\/2020\/11\/venus-terraformee-5.jpg?fit=960%2C540&ssl=1&resize=350%2C200 1x, https:\/\/i0.wp.com\/www.laterredufutur.com\/accueil\/wp-content\/uploads\/2020\/11\/venus-terraformee-5.jpg?fit=960%2C540&ssl=1&resize=525%2C300 1.5x, https:\/\/i0.wp.com\/www.laterredufutur.com\/accueil\/wp-content\/uploads\/2020\/11\/venus-terraformee-5.jpg?fit=960%2C540&ssl=1&resize=700%2C400 2x"},"classes":[]},{"id":2917,"url":"https:\/\/www.laterredufutur.com\/accueil\/lexplication-des-zones-mortes\/","url_meta":{"origin":25071,"position":5},"title":"L&rsquo;explication des Zones Mortes","author":"Admin","date":"25 mai 2005","format":false,"excerpt":"Plusieurs th\u00e9ories ont \u00e9t\u00e9 avanc\u00e9es pour expliquer ce ph\u00e9nom\u00e8ne qui prend de l'ampleur d'une fa\u00e7on in\u00e9gal\u00e9e jusqu'\u00e0 maintenant. Les zones mortes ont doubl\u00e9 en 5 ans, voici de nouvelles zones et de nouvelles raisons de leur existence... Le gaz \u00e0 effet de serre le plus important, mis \u00e0 part la\u2026","rel":"","context":"Dans &quot;Pollution&quot;","block_context":{"text":"Pollution","link":"https:\/\/www.laterredufutur.com\/accueil\/sujets\/pollution\/"},"img":{"alt_text":"","src":"https:\/\/i0.wp.com\/www.laterredufutur.com\/spaw\/images\/998.jpeg?resize=350%2C200","width":350,"height":200},"classes":[]}],"jetpack_sharing_enabled":true,"_links":{"self":[{"href":"https:\/\/www.laterredufutur.com\/accueil\/wp-json\/wp\/v2\/posts\/25071","targetHints":{"allow":["GET"]}}],"collection":[{"href":"https:\/\/www.laterredufutur.com\/accueil\/wp-json\/wp\/v2\/posts"}],"about":[{"href":"https:\/\/www.laterredufutur.com\/accueil\/wp-json\/wp\/v2\/types\/post"}],"author":[{"embeddable":true,"href":"https:\/\/www.laterredufutur.com\/accueil\/wp-json\/wp\/v2\/users\/1"}],"replies":[{"embeddable":true,"href":"https:\/\/www.laterredufutur.com\/accueil\/wp-json\/wp\/v2\/comments?post=25071"}],"version-history":[{"count":1,"href":"https:\/\/www.laterredufutur.com\/accueil\/wp-json\/wp\/v2\/posts\/25071\/revisions"}],"predecessor-version":[{"id":25072,"href":"https:\/\/www.laterredufutur.com\/accueil\/wp-json\/wp\/v2\/posts\/25071\/revisions\/25072"}],"wp:featuredmedia":[{"embeddable":true,"href":"https:\/\/www.laterredufutur.com\/accueil\/wp-json\/wp\/v2\/media\/23655"}],"wp:attachment":[{"href":"https:\/\/www.laterredufutur.com\/accueil\/wp-json\/wp\/v2\/media?parent=25071"}],"wp:term":[{"taxonomy":"category","embeddable":true,"href":"https:\/\/www.laterredufutur.com\/accueil\/wp-json\/wp\/v2\/categories?post=25071"},{"taxonomy":"post_tag","embeddable":true,"href":"https:\/\/www.laterredufutur.com\/accueil\/wp-json\/wp\/v2\/tags?post=25071"}],"curies":[{"name":"wp","href":"https:\/\/api.w.org\/{rel}","templated":true}]}}