{"id":25014,"date":"2023-06-09T13:18:39","date_gmt":"2023-06-09T11:18:39","guid":{"rendered":"https:\/\/www.laterredufutur.com\/accueil\/?p=25014"},"modified":"2023-06-09T13:18:39","modified_gmt":"2023-06-09T11:18:39","slug":"les-fumees-sur-new-york-a-loree-de-leurope","status":"publish","type":"post","link":"https:\/\/www.laterredufutur.com\/accueil\/les-fumees-sur-new-york-a-loree-de-leurope\/","title":{"rendered":"Les fum\u00e9es sur New-York, \u00e0 l&rsquo;or\u00e9e de l&rsquo;Europe ?"},"content":{"rendered":"<div class=\"1665f18d14f35dd9e7566e1a8ac9a3e9\" data-index=\"1\" style=\"float: none; margin:10px 0 10px 0; text-align:center;\">\n<script async src=\"https:\/\/pagead2.googlesyndication.com\/pagead\/js\/adsbygoogle.js\"><\/script>\r\n<ins class=\"adsbygoogle\"\r\n     style=\"display:block; text-align:center;\"\r\n     data-ad-layout=\"in-article\"\r\n     data-ad-format=\"fluid\"\r\n     data-ad-client=\"ca-pub-2860849627502538\"\r\n     data-ad-slot=\"3019501113\"><\/ins>\r\n<script>\r\n     (adsbygoogle = window.adsbygoogle || []).push({});\r\n<\/script>\n<\/div>\n<p>Par le pass\u00e9, des fum\u00e9es provenant d&rsquo;importants incendies en Californie ou au Canada sont venues voiler le ciel fran\u00e7ais.<br \/>\nLes images provenant de New York sont impressionnantes: les gratte-ciels et monuments sont camoufl\u00e9s derri\u00e8re un voile orang\u00e9 omnipr\u00e9sent, des t\u00e9moins \u00e9voquent un air \u00ab\u00a0irrespirable\u00a0\u00bb&#8230; La ville am\u00e9ricaine est touch\u00e9e depuis mardi par la fum\u00e9e de plus de 150 incendies qui ravagent le Canada, malgr\u00e9 une distance de 800 kilom\u00e8tres s\u00e9parant ces deux points.<\/p>\n<p>Des vents favorables \u00e0 l&rsquo;arriv\u00e9e des fum\u00e9es en Europe?<br \/>\nCela s&rsquo;explique par les conditions m\u00e9t\u00e9orologiques au Canada et aux \u00c9tats-Unis. Une d\u00e9pression est actuellement en cours sur la Nouvelle-\u00c9cosse et le Qu\u00e9bec, tandis qu&rsquo;un vent du nord-ouest souffle sur New York, explique \u00e0 BFMTV.com le m\u00e9t\u00e9orologiste Guillaume S\u00e9chet.<\/p>\n<blockquote class=\"twitter-tweet\" data-width=\"500\" data-dnt=\"true\">\n<p lang=\"fr\" dir=\"ltr\"><a href=\"https:\/\/twitter.com\/hashtag\/NewYorksmoke?src=hash&amp;ref_src=twsrc%5Etfw\">#NewYorksmoke<\/a> Les <a href=\"https:\/\/twitter.com\/hashtag\/fum%C3%A9es?src=hash&amp;ref_src=twsrc%5Etfw\">#fum\u00e9es<\/a> des <a href=\"https:\/\/twitter.com\/hashtag\/incendies?src=hash&amp;ref_src=twsrc%5Etfw\">#incendies<\/a> qui survolent notamment <a href=\"https:\/\/twitter.com\/hashtag\/NewYork?src=hash&amp;ref_src=twsrc%5Etfw\">#NewYork<\/a> sont li\u00e9es \u00e0 la pr\u00e9sence d&#39;une d\u00e9pression sur le <a href=\"https:\/\/twitter.com\/hashtag\/Qu%C3%A9bec?src=hash&amp;ref_src=twsrc%5Etfw\">#Qu\u00e9bec<\/a> qui les rabat vers le sud-est. Elles ne devraient pas concerner directement la France dans un proche avenir (m\u00eame si elles finiront pas se diluer sur\u2026 <a href=\"https:\/\/t.co\/yZfumPOY7C\">pic.twitter.com\/yZfumPOY7C<\/a><\/p>\n<p>&mdash; Guillaume S\u00e9chet (@Meteovilles) <a href=\"https:\/\/twitter.com\/Meteovilles\/status\/1666731210343694338?ref_src=twsrc%5Etfw\">June 8, 2023<\/a><\/p><\/blockquote>\n<p><script async src=\"https:\/\/platform.twitter.com\/widgets.js\" charset=\"utf-8\"><\/script><\/p>\n<p>Le m\u00e9t\u00e9orologiste indique toutefois que la France ne devrait pas \u00eatre touch\u00e9e par ces fum\u00e9es dans les jours \u00e0 venir. Et dans tous les cas, si les fum\u00e9es survolaient le ciel fran\u00e7ais &#8211; comme cela a d\u00e9j\u00e0 \u00e9t\u00e9 le cas en 2020 lors des gigantesques incendies ayant touch\u00e9 la Californie, o\u00f9 le ciel avait \u00e9t\u00e9 voil\u00e9 par les fum\u00e9es \u00e0 Paris -, la France ne serait \u00ab\u00a0pas touch\u00e9e de mani\u00e8re aussi importante que New York\u00a0\u00bb, a pr\u00e9cis\u00e9 Guillaume S\u00e9chet.<\/p>\n<p>Des simulations de la propagation de la fum\u00e9e de ces incendies vers les \u00c9tats-Unis existent et sont relay\u00e9es sur les r\u00e9seaux sociaux, mais aucune n&rsquo;est pour l&rsquo;heure disponible pour l&rsquo;Europe, indique-t-il.<\/p><div class=\"1665f18d14f35dd9e7566e1a8ac9a3e9\" data-index=\"2\" style=\"float: none; margin:10px 0 10px 0; text-align:center;\">\n<script async src=\"https:\/\/pagead2.googlesyndication.com\/pagead\/js\/adsbygoogle.js\"><\/script>\r\n<ins class=\"adsbygoogle\"\r\n     style=\"display:block; text-align:center;\"\r\n     data-ad-layout=\"in-article\"\r\n     data-ad-format=\"fluid\"\r\n     data-ad-client=\"ca-pub-2860849627502538\"\r\n     data-ad-slot=\"3019501113\"><\/ins>\r\n<script>\r\n     (adsbygoogle = window.adsbygoogle || []).push({});\r\n<\/script>\n<\/div>\n\n<p><span class=\"embed-youtube\" style=\"text-align:center; display: block;\"><iframe loading=\"lazy\" class=\"youtube-player\" width=\"640\" height=\"360\" src=\"https:\/\/www.youtube.com\/embed\/IlyL4NKmhxA?version=3&#038;rel=1&#038;showsearch=0&#038;showinfo=1&#038;iv_load_policy=1&#038;fs=1&#038;hl=fr-FR&#038;autohide=2&#038;wmode=transparent\" allowfullscreen=\"true\" style=\"border:0;\" sandbox=\"allow-scripts allow-same-origin allow-popups allow-presentation allow-popups-to-escape-sandbox\"><\/iframe><\/span><\/p>\n<p><span class=\"embed-youtube\" style=\"text-align:center; display: block;\"><iframe loading=\"lazy\" class=\"youtube-player\" width=\"640\" height=\"360\" src=\"https:\/\/www.youtube.com\/embed\/VUId48hPzfE?version=3&#038;rel=1&#038;showsearch=0&#038;showinfo=1&#038;iv_load_policy=1&#038;fs=1&#038;hl=fr-FR&#038;autohide=2&#038;wmode=transparent\" allowfullscreen=\"true\" style=\"border:0;\" sandbox=\"allow-scripts allow-same-origin allow-popups allow-presentation allow-popups-to-escape-sandbox\"><\/iframe><\/span><\/p>\n<p><span class=\"embed-youtube\" style=\"text-align:center; display: block;\"><iframe loading=\"lazy\" class=\"youtube-player\" width=\"640\" height=\"360\" src=\"https:\/\/www.youtube.com\/embed\/K0UqsD522qg?version=3&#038;rel=1&#038;showsearch=0&#038;showinfo=1&#038;iv_load_policy=1&#038;fs=1&#038;hl=fr-FR&#038;autohide=2&#038;wmode=transparent\" allowfullscreen=\"true\" style=\"border:0;\" sandbox=\"allow-scripts allow-same-origin allow-popups allow-presentation allow-popups-to-escape-sandbox\"><\/iframe><\/span><\/p>\n<p>Lorsque des flux d&rsquo;ouest sont \u00e0 l&rsquo;oeuvre, une perturbation met \u00ab\u00a05 \u00e0 7 jours\u00a0\u00bb pour arriver des \u00c9tats-Unis vers la France et l&rsquo;Europe en g\u00e9n\u00e9ral, explique Guillaume S\u00e9chet. Mais actuellement, la tendance est plut\u00f4t aux flux d&rsquo;est ou de sud: concr\u00e8tement, pour les jours \u00e0 venir, la France n&rsquo;est pas influenc\u00e9e par l&rsquo;air des \u00c9tats-Unis ou du Canada.<\/p>\n<p>Si les incendies persistent au Canada, ce sc\u00e9nario sera toutefois possible, mais \u00ab\u00a0pas dans les dix prochains jours\u00a0\u00bb, selon Guillaume S\u00e9chet.<\/p>\n<p>Les fum\u00e9es bient\u00f4t diffus\u00e9es partout sur la plan\u00e8te<br \/>\nLe sp\u00e9cialiste rappelle toutefois que les fum\u00e9es finiront par \u00eatre \u00ab\u00a0diffus\u00e9es sur l&rsquo;ensemble de la plan\u00e8te\u00a0\u00bb \u00e0 un moment donn\u00e9, \u00ab\u00a0dans quelques semaines, quelques mois\u00a0\u00bb, car \u00ab\u00a0tout se m\u00e9lange\u00a0\u00bb dans l&rsquo;athmosph\u00e8re unique de notre plan\u00e8te. Cela ne sera toutefois \u00ab\u00a0peut-\u00eatre pas visible en Europe\u00a0\u00bb.<\/p>\n<p>extrait et source : <a href=\"https:\/\/www.bfmtv.com\/environnement\/feux-au-canada-les-fumees-qui-ont-envahi-le-ciel-de-new-york-peuvent-elles-atteindre-la-france_AV-202306080582.html\" target=\"_blank\" rel=\"noopener\">https:\/\/www.bfmtv.com\/<\/a><\/p>\n<p class=\"bawpvc-ajax-counter\" data-id=\"25014\">(216)<\/p>\n<!--CusAds0-->\n<div style=\"font-size: 0px; height: 0px; line-height: 0px; margin: 0; padding: 0; clear: both;\"><\/div>","protected":false},"excerpt":{"rendered":"<p>Par le pass\u00e9, des fum\u00e9es provenant d&rsquo;importants incendies en Californie ou au Canada sont venues voiler le ciel fran\u00e7ais. Les&#8230;<\/p>\n","protected":false},"author":1,"featured_media":25015,"comment_status":"open","ping_status":"open","sticky":false,"template":"","format":"standard","meta":{"_exactmetrics_skip_tracking":false,"_exactmetrics_sitenote_active":false,"_exactmetrics_sitenote_note":"","_exactmetrics_sitenote_category":0,"ngg_post_thumbnail":0,"jetpack_post_was_ever_published":false,"_jetpack_newsletter_access":"","_jetpack_dont_email_post_to_subs":false,"_jetpack_newsletter_tier_id":0,"_jetpack_memberships_contains_paywalled_content":false,"_jetpack_memberships_contains_paid_content":false,"footnotes":"","jetpack_publicize_message":"Les fum\u00e9es sur New-York, \u00e0 l'or\u00e9e de l'Europe ? @laterredufutur.com Terra Projects","jetpack_publicize_feature_enabled":true,"jetpack_social_post_already_shared":true,"jetpack_social_options":{"image_generator_settings":{"template":"highway","default_image_id":0,"font":"","enabled":false},"version":2}},"categories":[28],"tags":[1289,188,3101,167,1422],"class_list":["post-25014","post","type-post","status-publish","format-standard","has-post-thumbnail","hentry","category-pollution","tag-canada","tag-europe","tag-fumees","tag-incendie","tag-new-york","wpcat-28-id"],"jetpack_publicize_connections":[],"jetpack_featured_media_url":"https:\/\/i0.wp.com\/www.laterredufutur.com\/accueil\/wp-content\/uploads\/2023\/06\/fumees-New-York.jpg?fit=1759%2C957&ssl=1","jetpack_shortlink":"https:\/\/wp.me\/p631RN-6vs","jetpack-related-posts":[{"id":21335,"url":"https:\/\/www.laterredufutur.com\/accueil\/les-fumees-des-incendies-se-propagent-et-touchent-leurope\/","url_meta":{"origin":25014,"position":0},"title":"Les fum\u00e9es des incendies en Californie se propagent et touchent l&rsquo;Europe","author":"Admin","date":"14 septembre 2020","format":false,"excerpt":"Plus de 14 000 pompiers luttent contre 29 feux majeurs. 1,2 million d\u2019hectares ont \u00e9t\u00e9 d\u00e9truits, contre 105 000 environ en 2019. Douze personnes ont trouv\u00e9 la mort. La Californie face \u00e0 des incendies historiques. L'Etat n'en finit plus de br\u00fbler depuis plusieurs semaines, des milliers d'hectares partant en fum\u00e9e\u2026","rel":"","context":"Dans &quot;Ev\u00e8nement Brutal&quot;","block_context":{"text":"Ev\u00e8nement Brutal","link":"https:\/\/www.laterredufutur.com\/accueil\/sujets\/evenement-brutal\/"},"img":{"alt_text":"","src":"https:\/\/i0.wp.com\/www.laterredufutur.com\/accueil\/wp-content\/uploads\/2020\/09\/incendies-californie.jpg?fit=1000%2C750&ssl=1&resize=350%2C200","width":350,"height":200,"srcset":"https:\/\/i0.wp.com\/www.laterredufutur.com\/accueil\/wp-content\/uploads\/2020\/09\/incendies-californie.jpg?fit=1000%2C750&ssl=1&resize=350%2C200 1x, https:\/\/i0.wp.com\/www.laterredufutur.com\/accueil\/wp-content\/uploads\/2020\/09\/incendies-californie.jpg?fit=1000%2C750&ssl=1&resize=525%2C300 1.5x, https:\/\/i0.wp.com\/www.laterredufutur.com\/accueil\/wp-content\/uploads\/2020\/09\/incendies-californie.jpg?fit=1000%2C750&ssl=1&resize=700%2C400 2x"},"classes":[]},{"id":22822,"url":"https:\/\/www.laterredufutur.com\/accueil\/des-experts-australiens-et-americains-previennent-que-les-super-episodes-dorages-dincendies-pourraient-modifier-le-climat-de-la-terre\/","url_meta":{"origin":25014,"position":1},"title":"Des experts australiens et am\u00e9ricains pr\u00e9viennent que les super-\u00e9pisodes d&rsquo;orages d&rsquo;incendies pourraient modifier le climat de la Terre","author":"Admin","date":"30 juillet 2021","format":false,"excerpt":"Selon des scientifiques australiens et am\u00e9ricains, les orages de feu, qui se produisent dans les pyrocumulonimbus, cr\u00e9ent non seulement leur propre syst\u00e8me m\u00e9t\u00e9orologique, mais pourraient aussi \u00eatre suffisamment puissants pour modifier le climat. Une \"super flamb\u00e9e\" d'orages de feu - \u00e9galement connus sous le nom d'\u00e9v\u00e9nements pyroCb - pendant les\u2026","rel":"","context":"Dans &quot;Climat&quot;","block_context":{"text":"Climat","link":"https:\/\/www.laterredufutur.com\/accueil\/sujets\/climat\/"},"img":{"alt_text":"","src":"https:\/\/i0.wp.com\/www.laterredufutur.com\/accueil\/wp-content\/uploads\/2020\/09\/incendies-californie.jpg?fit=1000%2C750&ssl=1&resize=350%2C200","width":350,"height":200,"srcset":"https:\/\/i0.wp.com\/www.laterredufutur.com\/accueil\/wp-content\/uploads\/2020\/09\/incendies-californie.jpg?fit=1000%2C750&ssl=1&resize=350%2C200 1x, https:\/\/i0.wp.com\/www.laterredufutur.com\/accueil\/wp-content\/uploads\/2020\/09\/incendies-californie.jpg?fit=1000%2C750&ssl=1&resize=525%2C300 1.5x, https:\/\/i0.wp.com\/www.laterredufutur.com\/accueil\/wp-content\/uploads\/2020\/09\/incendies-californie.jpg?fit=1000%2C750&ssl=1&resize=700%2C400 2x"},"classes":[]},{"id":22832,"url":"https:\/\/www.laterredufutur.com\/accueil\/voici-les-5-grandes-regions-litteralement-en-feu-en-ce-moment-meme\/","url_meta":{"origin":25014,"position":2},"title":"Voici les 5 grandes r\u00e9gions litt\u00e9ralement en feu en ce moment m\u00eame","author":"Admin","date":"31 juillet 2021","format":false,"excerpt":"Un nombre effarant d'incendies de for\u00eat br\u00fblent dans l'h\u00e9misph\u00e8re nord alors que l'\u00e9t\u00e9 infernal y fait rage dans ces m\u00eames r\u00e9gions. Les g\u00e9ologues se sont demand\u00e9 s'il fallait appeler cette \u00e8re l'anthropoc\u00e8ne, une p\u00e9riode g\u00e9ologique o\u00f9 l'homme est la force dominante qui remod\u00e8le la plan\u00e8te plut\u00f4t que les processus naturels.\u2026","rel":"","context":"Dans &quot;Ev\u00e8nement Brutal&quot;","block_context":{"text":"Ev\u00e8nement Brutal","link":"https:\/\/www.laterredufutur.com\/accueil\/sujets\/evenement-brutal\/"},"img":{"alt_text":"","src":"https:\/\/i0.wp.com\/www.laterredufutur.com\/accueil\/wp-content\/uploads\/2021\/07\/incendie-ontario-ete-2021.png?fit=965%2C702&ssl=1&resize=350%2C200","width":350,"height":200,"srcset":"https:\/\/i0.wp.com\/www.laterredufutur.com\/accueil\/wp-content\/uploads\/2021\/07\/incendie-ontario-ete-2021.png?fit=965%2C702&ssl=1&resize=350%2C200 1x, https:\/\/i0.wp.com\/www.laterredufutur.com\/accueil\/wp-content\/uploads\/2021\/07\/incendie-ontario-ete-2021.png?fit=965%2C702&ssl=1&resize=525%2C300 1.5x, https:\/\/i0.wp.com\/www.laterredufutur.com\/accueil\/wp-content\/uploads\/2021\/07\/incendie-ontario-ete-2021.png?fit=965%2C702&ssl=1&resize=700%2C400 2x"},"classes":[]},{"id":13340,"url":"https:\/\/www.laterredufutur.com\/accueil\/en-asie-les-fumees-dincendie-ont-fait-100-000-morts\/","url_meta":{"origin":25014,"position":3},"title":"En Asie, les fum\u00e9es d&rsquo;incendie ont fait 100.000 morts","author":"Admin","date":"26 septembre 2016","format":false,"excerpt":"Les victimes des gigantesques feux de for\u00eat qui ont s\u00e9vi en Asie du sud-est \u00e0 l'automne 2015 ont \u00e9t\u00e9 largement sous-estim\u00e9es, conclut une mod\u00e9lisation de chercheurs am\u00e9ricains. 1997, 2006, 2015... Les \u00e9pisodes de pollution de l'air due \u00e0 de gigantesques feux de for\u00eats sont un ph\u00e9nom\u00e8ne r\u00e9current en Asie du\u2026","rel":"","context":"Dans &quot;Pollution&quot;","block_context":{"text":"Pollution","link":"https:\/\/www.laterredufutur.com\/accueil\/sujets\/pollution\/"},"img":{"alt_text":"","src":"https:\/\/i0.wp.com\/www.laterredufutur.com\/accueil\/wp-content\/uploads\/2016\/09\/fumees-asie.jpg?fit=805%2C453&ssl=1&resize=350%2C200","width":350,"height":200,"srcset":"https:\/\/i0.wp.com\/www.laterredufutur.com\/accueil\/wp-content\/uploads\/2016\/09\/fumees-asie.jpg?fit=805%2C453&ssl=1&resize=350%2C200 1x, https:\/\/i0.wp.com\/www.laterredufutur.com\/accueil\/wp-content\/uploads\/2016\/09\/fumees-asie.jpg?fit=805%2C453&ssl=1&resize=525%2C300 1.5x, https:\/\/i0.wp.com\/www.laterredufutur.com\/accueil\/wp-content\/uploads\/2016\/09\/fumees-asie.jpg?fit=805%2C453&ssl=1&resize=700%2C400 2x"},"classes":[]},{"id":8228,"url":"https:\/\/www.laterredufutur.com\/accueil\/la-californie-ravagee-par-des-incendies-incontrolables\/","url_meta":{"origin":25014,"position":4},"title":"La Californie ravag\u00e9e par des incendies incontr\u00f4lables","author":"Admin","date":"14 septembre 2015","format":false,"excerpt":"Voici la video suivante qui est hallucinante de la conduite d'une voiture dans une for\u00eat embras\u00e9e de Californie. Les feux qui ravagent actuellement la Californie sont favoris\u00e9s par une s\u00e9cheresse persistante depuis quatre ans et des vents secs et violents. Plus de mille maisons ont br\u00fbl\u00e9 depuis le d\u00e9but de\u2026","rel":"","context":"Dans &quot;Ev\u00e8nement Brutal&quot;","block_context":{"text":"Ev\u00e8nement Brutal","link":"https:\/\/www.laterredufutur.com\/accueil\/sujets\/evenement-brutal\/"},"img":{"alt_text":"","src":"https:\/\/i0.wp.com\/www.laterredufutur.com\/accueil\/wp-content\/uploads\/2015\/09\/incendie-californie-septembre20151.jpg?fit=998%2C527&ssl=1&resize=350%2C200","width":350,"height":200,"srcset":"https:\/\/i0.wp.com\/www.laterredufutur.com\/accueil\/wp-content\/uploads\/2015\/09\/incendie-californie-septembre20151.jpg?fit=998%2C527&ssl=1&resize=350%2C200 1x, https:\/\/i0.wp.com\/www.laterredufutur.com\/accueil\/wp-content\/uploads\/2015\/09\/incendie-californie-septembre20151.jpg?fit=998%2C527&ssl=1&resize=525%2C300 1.5x, https:\/\/i0.wp.com\/www.laterredufutur.com\/accueil\/wp-content\/uploads\/2015\/09\/incendie-californie-septembre20151.jpg?fit=998%2C527&ssl=1&resize=700%2C400 2x"},"classes":[]},{"id":27704,"url":"https:\/\/www.laterredufutur.com\/accueil\/aux-etats-unis-les-feux-de-foret-font-chaque-annee-24-000-victimes-rien-que-par-la-fumee\/","url_meta":{"origin":25014,"position":5},"title":"Aux \u00c9tats-Unis, les feux de for\u00eat font chaque ann\u00e9e 24 000 victimes, rien que par la fum\u00e9e","author":"Admin","date":"15 f\u00e9vrier 2026","format":false,"excerpt":"Une nouvelle \u00e9tude \u00e9tablit un lien entre l'exposition chronique \u00e0 la pollution due aux feux de for\u00eat et des dizaines de milliers de d\u00e9c\u00e8s chaque ann\u00e9e aux \u00c9tats-Unis. L'article , publi\u00e9 mercredi dans la revue Science Advances , a r\u00e9v\u00e9l\u00e9 qu'entre 2006 et 2020, l'exposition \u00e0 long terme aux fines\u2026","rel":"","context":"Dans &quot;Pollution&quot;","block_context":{"text":"Pollution","link":"https:\/\/www.laterredufutur.com\/accueil\/sujets\/pollution\/"},"img":{"alt_text":"","src":"https:\/\/i0.wp.com\/www.laterredufutur.com\/accueil\/wp-content\/uploads\/2026\/02\/feu-foret-los-angeles.jpg?fit=1200%2C675&ssl=1&resize=350%2C200","width":350,"height":200,"srcset":"https:\/\/i0.wp.com\/www.laterredufutur.com\/accueil\/wp-content\/uploads\/2026\/02\/feu-foret-los-angeles.jpg?fit=1200%2C675&ssl=1&resize=350%2C200 1x, https:\/\/i0.wp.com\/www.laterredufutur.com\/accueil\/wp-content\/uploads\/2026\/02\/feu-foret-los-angeles.jpg?fit=1200%2C675&ssl=1&resize=525%2C300 1.5x, https:\/\/i0.wp.com\/www.laterredufutur.com\/accueil\/wp-content\/uploads\/2026\/02\/feu-foret-los-angeles.jpg?fit=1200%2C675&ssl=1&resize=700%2C400 2x, https:\/\/i0.wp.com\/www.laterredufutur.com\/accueil\/wp-content\/uploads\/2026\/02\/feu-foret-los-angeles.jpg?fit=1200%2C675&ssl=1&resize=1050%2C600 3x"},"classes":[]}],"jetpack_sharing_enabled":true,"_links":{"self":[{"href":"https:\/\/www.laterredufutur.com\/accueil\/wp-json\/wp\/v2\/posts\/25014","targetHints":{"allow":["GET"]}}],"collection":[{"href":"https:\/\/www.laterredufutur.com\/accueil\/wp-json\/wp\/v2\/posts"}],"about":[{"href":"https:\/\/www.laterredufutur.com\/accueil\/wp-json\/wp\/v2\/types\/post"}],"author":[{"embeddable":true,"href":"https:\/\/www.laterredufutur.com\/accueil\/wp-json\/wp\/v2\/users\/1"}],"replies":[{"embeddable":true,"href":"https:\/\/www.laterredufutur.com\/accueil\/wp-json\/wp\/v2\/comments?post=25014"}],"version-history":[{"count":1,"href":"https:\/\/www.laterredufutur.com\/accueil\/wp-json\/wp\/v2\/posts\/25014\/revisions"}],"predecessor-version":[{"id":25016,"href":"https:\/\/www.laterredufutur.com\/accueil\/wp-json\/wp\/v2\/posts\/25014\/revisions\/25016"}],"wp:featuredmedia":[{"embeddable":true,"href":"https:\/\/www.laterredufutur.com\/accueil\/wp-json\/wp\/v2\/media\/25015"}],"wp:attachment":[{"href":"https:\/\/www.laterredufutur.com\/accueil\/wp-json\/wp\/v2\/media?parent=25014"}],"wp:term":[{"taxonomy":"category","embeddable":true,"href":"https:\/\/www.laterredufutur.com\/accueil\/wp-json\/wp\/v2\/categories?post=25014"},{"taxonomy":"post_tag","embeddable":true,"href":"https:\/\/www.laterredufutur.com\/accueil\/wp-json\/wp\/v2\/tags?post=25014"}],"curies":[{"name":"wp","href":"https:\/\/api.w.org\/{rel}","templated":true}]}}