{"id":24898,"date":"2023-04-23T17:35:26","date_gmt":"2023-04-23T16:35:26","guid":{"rendered":"https:\/\/www.laterredufutur.com\/accueil\/?p=24898"},"modified":"2023-04-23T17:35:26","modified_gmt":"2023-04-23T16:35:26","slug":"linde-va-devenir-le-pays-le-plus-peuple-du-monde","status":"publish","type":"post","link":"https:\/\/www.laterredufutur.com\/accueil\/linde-va-devenir-le-pays-le-plus-peuple-du-monde\/","title":{"rendered":"L&rsquo;Inde va devenir le pays le plus peupl\u00e9 du monde"},"content":{"rendered":"<div class=\"1665f18d14f35dd9e7566e1a8ac9a3e9\" data-index=\"1\" style=\"float: none; margin:10px 0 10px 0; text-align:center;\">\n<script async src=\"https:\/\/pagead2.googlesyndication.com\/pagead\/js\/adsbygoogle.js\"><\/script>\r\n<ins class=\"adsbygoogle\"\r\n     style=\"display:block; text-align:center;\"\r\n     data-ad-layout=\"in-article\"\r\n     data-ad-format=\"fluid\"\r\n     data-ad-client=\"ca-pub-2860849627502538\"\r\n     data-ad-slot=\"3019501113\"><\/ins>\r\n<script>\r\n     (adsbygoogle = window.adsbygoogle || []).push({});\r\n<\/script>\n<\/div>\n<p>Un g\u00e9ant d\u00e9mographique d&rsquo;1,5 milliard d&rsquo;habitants : l&rsquo;Inde est en passe de devenir le pays le plus peupl\u00e9 au monde d&rsquo;ici la fin du mois d&rsquo;avril 2023, selon une estimation de l&rsquo;ONU. On ne peut pas dire avec pr\u00e9cision quand, car le dernier recensement indien, qui devait avoir lieu en 2020, n&rsquo;a pas \u00e9t\u00e9 fait en raison du Covid. Mais c&rsquo;est une certitude : la Chine ne compte plus &lsquo;que&rsquo; 1 412 000 000 habitants, et voit sa population d\u00e9cro\u00eetre, quand le nombre d&rsquo;Indiens continue, lui, d&rsquo;augmenter.<\/p>\n<p>\u00c0 titre de comparaison, l&rsquo;Union europ\u00e9enne ne compte \u00ab\u00a0que\u00a0\u00bb 450 millions d&rsquo;habitants. Les \u00c9tats-Unis sont le \u00ab\u00a0troisi\u00e8me pays le plus peupl\u00e9 au monde\u00a0\u00bb avec \u00ab\u00a0340 millions d&rsquo;habitants\u00a0\u00bb, glisse par ailleurs Gilles Pison, professeur \u00e9m\u00e9rite au Mus\u00e9um national d&rsquo;histoire naturelle et conseiller de la direction de l&rsquo;Institut national d&rsquo;\u00e9tudes d\u00e9mographiques, auteur de l&rsquo;Atlas de la population mondiale, publi\u00e9 aux \u00e9ditions Autrement.<\/p>\n<p>La Chine et l&rsquo;Inde sont les deux g\u00e9ants d\u00e9mographiques. IIs sont tr\u00e8s loin devant le troisi\u00e8me pays le plus peupl\u00e9 du monde, les \u00c9tats-Unis, qui ont 340 millions d&rsquo;habitants. Les d\u00e9mographes savent depuis plusieurs d\u00e9cennies que l&rsquo;Inde va devenir le pays le plus peupl\u00e9 du monde. \u00c7a fait pratiquement 50 ans, que chaque ann\u00e9e, il na\u00eet plus de b\u00e9b\u00e9s en Inde qu&rsquo;en Chine. Or, les naissances d&rsquo;aujourd&rsquo;hui sont la population de demain, on savait que l&rsquo;Inde allait devenir le pays le plus peupl\u00e9.<\/p>\n<figure id=\"attachment_24900\" aria-describedby=\"caption-attachment-24900\" style=\"width: 960px\" class=\"wp-caption alignnone\"><img data-recalc-dims=\"1\" loading=\"lazy\" decoding=\"async\" data-attachment-id=\"24900\" data-permalink=\"https:\/\/www.laterredufutur.com\/accueil\/linde-va-devenir-le-pays-le-plus-peuple-du-monde\/population-inde-2\/\" data-orig-file=\"https:\/\/i0.wp.com\/www.laterredufutur.com\/accueil\/wp-content\/uploads\/2023\/04\/population-inde-1.jpg?fit=960%2C638&amp;ssl=1\" data-orig-size=\"960,638\" data-comments-opened=\"1\" data-image-meta=\"{&quot;aperture&quot;:&quot;0&quot;,&quot;credit&quot;:&quot;&quot;,&quot;camera&quot;:&quot;&quot;,&quot;caption&quot;:&quot;&quot;,&quot;created_timestamp&quot;:&quot;0&quot;,&quot;copyright&quot;:&quot;&quot;,&quot;focal_length&quot;:&quot;0&quot;,&quot;iso&quot;:&quot;0&quot;,&quot;shutter_speed&quot;:&quot;0&quot;,&quot;title&quot;:&quot;&quot;,&quot;orientation&quot;:&quot;0&quot;}\" data-image-title=\"population inde\" data-image-description=\"\" data-image-caption=\"&lt;p&gt;credit Pixabay &lt;\/p&gt;\n\" data-large-file=\"https:\/\/i0.wp.com\/www.laterredufutur.com\/accueil\/wp-content\/uploads\/2023\/04\/population-inde-1.jpg?fit=800%2C532&amp;ssl=1\" src=\"https:\/\/i0.wp.com\/www.laterredufutur.com\/accueil\/wp-content\/uploads\/2023\/04\/population-inde-1.jpg?resize=960%2C638&#038;ssl=1\" alt=\"\" width=\"960\" height=\"638\" class=\"size-full wp-image-24900\" srcset=\"https:\/\/i0.wp.com\/www.laterredufutur.com\/accueil\/wp-content\/uploads\/2023\/04\/population-inde-1.jpg?w=960&amp;ssl=1 960w, https:\/\/i0.wp.com\/www.laterredufutur.com\/accueil\/wp-content\/uploads\/2023\/04\/population-inde-1.jpg?resize=300%2C199&amp;ssl=1 300w, https:\/\/i0.wp.com\/www.laterredufutur.com\/accueil\/wp-content\/uploads\/2023\/04\/population-inde-1.jpg?resize=800%2C532&amp;ssl=1 800w, https:\/\/i0.wp.com\/www.laterredufutur.com\/accueil\/wp-content\/uploads\/2023\/04\/population-inde-1.jpg?resize=768%2C510&amp;ssl=1 768w\" sizes=\"auto, (max-width: 960px) 100vw, 960px\" \/><figcaption id=\"caption-attachment-24900\" class=\"wp-caption-text\">credit Pixabay<\/figcaption><\/figure>\n<p>\u00ab\u00a0Rien que cette ann\u00e9e, on estime qu&rsquo;il y aura eu autour de 24 millions de b\u00e9b\u00e9s qui seront n\u00e9s en Inde, contre 10 millions en Chine. L&rsquo;\u00e9cart est presque de 2 \u00e0 3.\u00a0\u00bb<\/p>\n<p>Elle va rester le pays le plus peupl\u00e9 du monde pendant tr\u00e8s longtemps, peut-\u00eatre un si\u00e8cle. Cela dit, sa population continue d&rsquo;augmenter, mais \u00e0 un rythme qui d\u00e9c\u00e9l\u00e8re. Et les Nations Unies entrevoient que l&rsquo;Inde, comme la Chine, pourrait atteindre un maximum de population \u00e0 1,7 milliard d&rsquo;habitants dans les ann\u00e9es 2060. Apr\u00e8s, sa population se mettrait \u00e0 diminuer, comme celle de la Chine aujourd&rsquo;hui et celle de pas mal d&rsquo;autres pays.<\/p>\n<p>La population de l\u2019Inde a augment\u00e9 de plus de 1 milliard de personnes depuis l\u2019ind\u00e9pendance en 1947 !<\/p><div class=\"1665f18d14f35dd9e7566e1a8ac9a3e9\" data-index=\"2\" style=\"float: none; margin:10px 0 10px 0; text-align:center;\">\n<script async src=\"https:\/\/pagead2.googlesyndication.com\/pagead\/js\/adsbygoogle.js\"><\/script>\r\n<ins class=\"adsbygoogle\"\r\n     style=\"display:block; text-align:center;\"\r\n     data-ad-layout=\"in-article\"\r\n     data-ad-format=\"fluid\"\r\n     data-ad-client=\"ca-pub-2860849627502538\"\r\n     data-ad-slot=\"3019501113\"><\/ins>\r\n<script>\r\n     (adsbygoogle = window.adsbygoogle || []).push({});\r\n<\/script>\n<\/div>\n\n<p>L\u2019\u00e9volution de la dynamique d\u00e9mographique intervient \u00e0 un moment critique pour l\u2019Inde et la Chine, les deux g\u00e9ants asiatiques cherchant \u00e0 devenir des leaders \u00e9conomiques r\u00e9gionaux et mondiaux. Le vieillissement de la population et la baisse du taux de natalit\u00e9 en Chine font craindre une crise d\u00e9mographique imminente. Cette crise devrait entra\u00eener une diminution de la main-d\u2019\u0153uvre, ce qui pourrait avoir un impact significatif sur le statut de la Chine en tant que grande puissance mondiale. L\u2019Inde, quant \u00e0 elle, s\u2019efforce de tirer parti de ce que les experts appellent un \u00ab dividende d\u00e9mographique \u00bb, une grande partie de sa population \u00e9tant jeune. Cette \u00e9volution va probablement intensifier les efforts du gouvernement indien pour d\u00e9velopper les opportunit\u00e9s d\u2019emploi alors que des millions de jeunes entrent sur le march\u00e9 du travail.<\/p>\n<p>\u00c0 la mi-2023, le monde devrait compter 8,045 milliards de personnes, selon les donn\u00e9es des Nations unies. La population mondiale a franchi le seuil des huit milliards pour la premi\u00e8re fois en novembre de l\u2019ann\u00e9e derni\u00e8re.<\/p>\n<figure id=\"attachment_24901\" aria-describedby=\"caption-attachment-24901\" style=\"width: 960px\" class=\"wp-caption alignnone\"><img data-recalc-dims=\"1\" loading=\"lazy\" decoding=\"async\" data-attachment-id=\"24901\" data-permalink=\"https:\/\/www.laterredufutur.com\/accueil\/linde-va-devenir-le-pays-le-plus-peuple-du-monde\/population-inde-3\/\" data-orig-file=\"https:\/\/i0.wp.com\/www.laterredufutur.com\/accueil\/wp-content\/uploads\/2023\/04\/population-inde-2.jpg?fit=960%2C638&amp;ssl=1\" data-orig-size=\"960,638\" data-comments-opened=\"1\" data-image-meta=\"{&quot;aperture&quot;:&quot;0&quot;,&quot;credit&quot;:&quot;&quot;,&quot;camera&quot;:&quot;&quot;,&quot;caption&quot;:&quot;&quot;,&quot;created_timestamp&quot;:&quot;0&quot;,&quot;copyright&quot;:&quot;&quot;,&quot;focal_length&quot;:&quot;0&quot;,&quot;iso&quot;:&quot;0&quot;,&quot;shutter_speed&quot;:&quot;0&quot;,&quot;title&quot;:&quot;&quot;,&quot;orientation&quot;:&quot;0&quot;}\" data-image-title=\"population inde\" data-image-description=\"\" data-image-caption=\"&lt;p&gt;credit Pixabay&lt;\/p&gt;\n\" data-large-file=\"https:\/\/i0.wp.com\/www.laterredufutur.com\/accueil\/wp-content\/uploads\/2023\/04\/population-inde-2.jpg?fit=800%2C532&amp;ssl=1\" src=\"https:\/\/i0.wp.com\/www.laterredufutur.com\/accueil\/wp-content\/uploads\/2023\/04\/population-inde-2.jpg?resize=960%2C638&#038;ssl=1\" alt=\"\" width=\"960\" height=\"638\" class=\"size-full wp-image-24901\" srcset=\"https:\/\/i0.wp.com\/www.laterredufutur.com\/accueil\/wp-content\/uploads\/2023\/04\/population-inde-2.jpg?w=960&amp;ssl=1 960w, https:\/\/i0.wp.com\/www.laterredufutur.com\/accueil\/wp-content\/uploads\/2023\/04\/population-inde-2.jpg?resize=300%2C199&amp;ssl=1 300w, https:\/\/i0.wp.com\/www.laterredufutur.com\/accueil\/wp-content\/uploads\/2023\/04\/population-inde-2.jpg?resize=800%2C532&amp;ssl=1 800w, https:\/\/i0.wp.com\/www.laterredufutur.com\/accueil\/wp-content\/uploads\/2023\/04\/population-inde-2.jpg?resize=768%2C510&amp;ssl=1 768w\" sizes=\"auto, (max-width: 960px) 100vw, 960px\" \/><figcaption id=\"caption-attachment-24901\" class=\"wp-caption-text\">credit Pixabay<\/figcaption><\/figure>\n<p>Dans une d\u00e9claration accompagnant le rapport, le FNUAP s\u2019est attaqu\u00e9 \u00e0 ce qu\u2019il appelle les mythes sur la population mondiale, notamment les pr\u00e9occupations divergentes selon lesquelles il y aurait trop ou pas assez de naissances. \u00ab Il n\u2019existe toutefois pas de nombre parfait d\u2019individus, et nous devons veiller \u00e0 \u00e9viter absolument de prescrire un nombre id\u00e9al d\u2019enfants par femme. L\u2019histoire nous a montr\u00e9 les d\u00e9g\u00e2ts que peut causer ce type de pens\u00e9e, qui a pour r\u00e9sultat l\u2019eug\u00e9nisme et le g\u00e9nocide. \u00bb La d\u00e9claration s\u2019oppose \u00e9galement \u00e0 l\u2019argument selon lequel une f\u00e9condit\u00e9 plus \u00e9lev\u00e9e aggrave la crise climatique en soulignant que les 10 % de personnes les plus riches, qui ont tendance \u00e0 vivre dans des pays \u00e0 faible taux de f\u00e9condit\u00e9, sont responsables de pr\u00e8s de la moiti\u00e9 de l\u2019ensemble des \u00e9missions de gaz \u00e0 effet de serre.<\/p>\n<p>Source : <a href=\"https:\/\/www.francetvinfo.fr\/monde\/inde\/video-l-inde-va-rester-le-pays-le-plus-peuple-du-monde-pendant-tres-longtemps-selon-un-demographe_5764673.html\" rel=\"noopener\" target=\"_blank\">https:\/\/www.francetvinfo.fr\/<\/a> \/ <a href=\"https:\/\/www.lemonde.fr\/international\/article\/2023\/04\/14\/l-inde-nouvelle-puissance-demographique_6169531_3210.html\" rel=\"noopener\" target=\"_blank\">https:\/\/www.lemonde.fr\/<\/a> \/ <a href=\"https:\/\/www.forbes.fr\/business\/l-inde-sera-le-pays-le-plus-peuple-au-monde-dici-lete-selon-les-nations-unies\/\" rel=\"noopener\" target=\"_blank\">https:\/\/www.forbes.fr\/<\/a><\/p>\n<p class=\"bawpvc-ajax-counter\" data-id=\"24898\">(113)<\/p>\n<!--CusAds0-->\n<div style=\"font-size: 0px; height: 0px; line-height: 0px; margin: 0; padding: 0; clear: both;\"><\/div>","protected":false},"excerpt":{"rendered":"<p>Un g\u00e9ant d\u00e9mographique d&rsquo;1,5 milliard d&rsquo;habitants : l&rsquo;Inde est en passe de devenir le pays le plus peupl\u00e9 au monde&#8230;<\/p>\n","protected":false},"author":1,"featured_media":24899,"comment_status":"open","ping_status":"open","sticky":false,"template":"","format":"standard","meta":{"_exactmetrics_skip_tracking":false,"_exactmetrics_sitenote_active":false,"_exactmetrics_sitenote_note":"","_exactmetrics_sitenote_category":0,"ngg_post_thumbnail":0,"jetpack_post_was_ever_published":false,"_jetpack_newsletter_access":"","_jetpack_dont_email_post_to_subs":false,"_jetpack_newsletter_tier_id":0,"_jetpack_memberships_contains_paywalled_content":false,"_jetpack_memberships_contains_paid_content":false,"footnotes":"","jetpack_publicize_message":"L'Inde va devenir le pays le plus peupl\u00e9 du monde @laterredufutur.com Terra Projects","jetpack_publicize_feature_enabled":true,"jetpack_social_post_already_shared":true,"jetpack_social_options":{"image_generator_settings":{"template":"highway","default_image_id":0,"font":"","enabled":false},"version":2}},"categories":[18],"tags":[1170,736,5467,731,8004],"class_list":["post-24898","post","type-post","status-publish","format-standard","has-post-thumbnail","hentry","category-monde-futur","tag-inde","tag-nombre","tag-peuple","tag-population","tag-recensement","wpcat-18-id"],"jetpack_publicize_connections":[],"jetpack_featured_media_url":"https:\/\/i0.wp.com\/www.laterredufutur.com\/accueil\/wp-content\/uploads\/2023\/04\/population-inde.jpg?fit=960%2C640&ssl=1","jetpack_shortlink":"https:\/\/wp.me\/p631RN-6tA","jetpack-related-posts":[{"id":23441,"url":"https:\/\/www.laterredufutur.com\/accueil\/en-2100-nous-serons-8-8-milliards-dhabitants-sur-terre\/","url_meta":{"origin":24898,"position":0},"title":"En 2100, nous serons 8.8 milliards d&rsquo;habitants sur Terre","author":"Admin","date":"19 novembre 2021","format":false,"excerpt":"L\u2019ann\u00e9e derni\u00e8re, l\u2019ONU estimait que la population mondiale s\u2019\u00e9l\u00e8verait \u00e0 11.2 milliards \u00e0 l\u2019horizon 2100. Une nouvelle \u00e9tude \u00e9met l\u2019hypoth\u00e8se que nous serons en fait 2.4 milliards de moins que pr\u00e9vu. Une nouvelle \u00e9tude publi\u00e9e dans la revue The Lancet d\u00e9voile une toute nouvelle hypoth\u00e8se : la Terre sera peupl\u00e9e\u2026","rel":"","context":"Dans &quot;Divers&quot;","block_context":{"text":"Divers","link":"https:\/\/www.laterredufutur.com\/accueil\/sujets\/divers\/"},"img":{"alt_text":"","src":"https:\/\/i0.wp.com\/www.laterredufutur.com\/accueil\/wp-content\/uploads\/2021\/07\/population-mondiale.jpg?fit=960%2C606&ssl=1&resize=350%2C200","width":350,"height":200,"srcset":"https:\/\/i0.wp.com\/www.laterredufutur.com\/accueil\/wp-content\/uploads\/2021\/07\/population-mondiale.jpg?fit=960%2C606&ssl=1&resize=350%2C200 1x, https:\/\/i0.wp.com\/www.laterredufutur.com\/accueil\/wp-content\/uploads\/2021\/07\/population-mondiale.jpg?fit=960%2C606&ssl=1&resize=525%2C300 1.5x, https:\/\/i0.wp.com\/www.laterredufutur.com\/accueil\/wp-content\/uploads\/2021\/07\/population-mondiale.jpg?fit=960%2C606&ssl=1&resize=700%2C400 2x"},"classes":[]},{"id":7448,"url":"https:\/\/www.laterredufutur.com\/accueil\/il-y-aurait-250-millions-de-refugies-en-2050\/","url_meta":{"origin":24898,"position":1},"title":"Il y aurait 250 millions de r\u00e9fugi\u00e9s en 2050","author":"Admin","date":"4 juillet 2015","format":false,"excerpt":"Dans la perspective de la conf\u00e9rence \"Paris Climat 2015\" (COP21) certains pays n'ont pas encore mis au clair leurs engagements. C'est le cas notamment de l'Inde, qui cauchemarde \u00e0 l'id\u00e9e de voir des millions de r\u00e9fugi\u00e9s arriver du Bangladesh, fuyant la mont\u00e9e des eaux de l'oc\u00e9an. Alors, le deuxi\u00e8me pays\u2026","rel":"","context":"Dans &quot;Climat&quot;","block_context":{"text":"Climat","link":"https:\/\/www.laterredufutur.com\/accueil\/sujets\/climat\/"},"img":{"alt_text":"","src":"https:\/\/i0.wp.com\/www.laterredufutur.com\/accueil\/wp-content\/uploads\/2015\/06\/refugies.jpg?fit=1024%2C578&ssl=1&resize=350%2C200","width":350,"height":200,"srcset":"https:\/\/i0.wp.com\/www.laterredufutur.com\/accueil\/wp-content\/uploads\/2015\/06\/refugies.jpg?fit=1024%2C578&ssl=1&resize=350%2C200 1x, https:\/\/i0.wp.com\/www.laterredufutur.com\/accueil\/wp-content\/uploads\/2015\/06\/refugies.jpg?fit=1024%2C578&ssl=1&resize=525%2C300 1.5x, https:\/\/i0.wp.com\/www.laterredufutur.com\/accueil\/wp-content\/uploads\/2015\/06\/refugies.jpg?fit=1024%2C578&ssl=1&resize=700%2C400 2x"},"classes":[]},{"id":21137,"url":"https:\/\/www.laterredufutur.com\/accueil\/vers-un-monde-avec-88-milliards-dhabitants-en-2100\/","url_meta":{"origin":24898,"position":2},"title":"Vers un monde avec 8,8 milliards d&rsquo;habitants en 2100","author":"Admin","date":"15 juillet 2020","format":false,"excerpt":"La population mondiale devrait d\u00e9cliner d\u00e8s la deuxi\u00e8me moiti\u00e9 du si\u00e8cle pour atteindre 8,8 milliards en 2100, soit 2 milliards de moins que les projections de l'ONU, selon une \u00e9tude in\u00e9dite qui pr\u00e9dit des bouleversements dans l'\u00e9quilibre mondial et au sein des soci\u00e9t\u00e9s. Le chiffre a fait grand bruit lors\u2026","rel":"","context":"Dans &quot;Monde Futur&quot;","block_context":{"text":"Monde Futur","link":"https:\/\/www.laterredufutur.com\/accueil\/sujets\/monde-futur\/"},"img":{"alt_text":"","src":"https:\/\/i0.wp.com\/www.laterredufutur.com\/accueil\/wp-content\/uploads\/2020\/07\/population-mondiale.jpg?fit=1024%2C632&ssl=1&resize=350%2C200","width":350,"height":200,"srcset":"https:\/\/i0.wp.com\/www.laterredufutur.com\/accueil\/wp-content\/uploads\/2020\/07\/population-mondiale.jpg?fit=1024%2C632&ssl=1&resize=350%2C200 1x, https:\/\/i0.wp.com\/www.laterredufutur.com\/accueil\/wp-content\/uploads\/2020\/07\/population-mondiale.jpg?fit=1024%2C632&ssl=1&resize=525%2C300 1.5x, https:\/\/i0.wp.com\/www.laterredufutur.com\/accueil\/wp-content\/uploads\/2020\/07\/population-mondiale.jpg?fit=1024%2C632&ssl=1&resize=700%2C400 2x"},"classes":[]},{"id":13604,"url":"https:\/\/www.laterredufutur.com\/accueil\/7-420-234-277-habitants-sur-terre-en-octobre-2016\/","url_meta":{"origin":24898,"position":3},"title":"7 456 781 277 habitants sur Terre en octobre 2016","author":"Admin","date":"19 octobre 2016","format":false,"excerpt":"On compte environ 227 000 habitants de plus chaque jour sur la plan\u00e8te Nous assistons \u00e0 403 241 naissances par jour dans le monde Il y a environ 173 000 d\u00e9c\u00e8s chaque jour sur Terre 27 % de la population mondiale est \u00e2g\u00e9e de moins de 15 ans et 9\u2026","rel":"","context":"Dans &quot;Divers&quot;","block_context":{"text":"Divers","link":"https:\/\/www.laterredufutur.com\/accueil\/sujets\/divers\/"},"img":{"alt_text":"","src":"https:\/\/i0.wp.com\/www.laterredufutur.com\/accueil\/wp-content\/uploads\/2015\/04\/surpopulation.jpg?fit=377%2C302&ssl=1&resize=350%2C200","width":350,"height":200},"classes":[]},{"id":577,"url":"https:\/\/www.laterredufutur.com\/accueil\/un-monde-de-7-milliards-dhabitants\/","url_meta":{"origin":24898,"position":4},"title":"Un monde de 7 milliards d&rsquo;habitants","author":"Admin","date":"18 octobre 2011","format":false,"excerpt":"En 1800, nous \u00e9tions 1 milliard d\u2019hommes sur Terre.\u00a0En 1930, nous \u00e9tions 2 milliards d\u2019hommes sur Terre.\u00a0En 1960, nous \u00e9tions 3 milliards d\u2019hommes sur Terre.\u00a0En 1974, nous \u00e9tions 4 milliards d\u2019hommes sur Terre.\u00a0En 1987, nous \u00e9tions 5 milliards d\u2019hommes sur Terre.\u00a0En 1999, nous \u00e9tions 6 milliards d\u2019hommes sur Terre.\u00a0En 2011,\u2026","rel":"","context":"Dans &quot;Monde Futur&quot;","block_context":{"text":"Monde Futur","link":"https:\/\/www.laterredufutur.com\/accueil\/sujets\/monde-futur\/"},"img":{"alt_text":"7 milliards","src":"https:\/\/i0.wp.com\/www.laterredufutur.com\/accueil\/wp-content\/uploads\/2011\/10\/billion7.png?fit=550%2C338&ssl=1&resize=350%2C200","width":350,"height":200,"srcset":"https:\/\/i0.wp.com\/www.laterredufutur.com\/accueil\/wp-content\/uploads\/2011\/10\/billion7.png?fit=550%2C338&ssl=1&resize=350%2C200 1x, https:\/\/i0.wp.com\/www.laterredufutur.com\/accueil\/wp-content\/uploads\/2011\/10\/billion7.png?fit=550%2C338&ssl=1&resize=525%2C300 1.5x"},"classes":[]},{"id":16625,"url":"https:\/\/www.laterredufutur.com\/accueil\/voici-les-10-villes-habitations-souterraines-necropoles-uniques-dans-lhistoire-de-lhumanite\/","url_meta":{"origin":24898,"position":5},"title":"Voici les 10 villes, habitations souterraines, n\u00e9cropoles uniques dans l&rsquo;histoire de l&rsquo;Humanit\u00e9","author":"Admin","date":"26 mai 2018","format":false,"excerpt":"1 - Mesa Verde Cliff Palace - \u00c9tats-Unis Mesa Verde est un site du patrimoine mondial de l'UNESCO situ\u00e9 dans le comt\u00e9 de Montezuma, au Colorado et est la plus grande r\u00e9serve arch\u00e9ologique des \u00c9tats-Unis. Les Anasazi ( peuples Pueblos antiques ) ont habit\u00e9 Mesa Verde entre 600 \u00e0 1300\u2026","rel":"","context":"Dans &quot;Arch\u00e9ologie&quot;","block_context":{"text":"Arch\u00e9ologie","link":"https:\/\/www.laterredufutur.com\/accueil\/sujets\/archeologie\/"},"img":{"alt_text":"","src":"https:\/\/i0.wp.com\/www.laterredufutur.com\/accueil\/wp-content\/uploads\/2018\/05\/Grottes-dEllora-Inde.jpg?fit=1024%2C682&ssl=1&resize=350%2C200","width":350,"height":200,"srcset":"https:\/\/i0.wp.com\/www.laterredufutur.com\/accueil\/wp-content\/uploads\/2018\/05\/Grottes-dEllora-Inde.jpg?fit=1024%2C682&ssl=1&resize=350%2C200 1x, https:\/\/i0.wp.com\/www.laterredufutur.com\/accueil\/wp-content\/uploads\/2018\/05\/Grottes-dEllora-Inde.jpg?fit=1024%2C682&ssl=1&resize=525%2C300 1.5x, https:\/\/i0.wp.com\/www.laterredufutur.com\/accueil\/wp-content\/uploads\/2018\/05\/Grottes-dEllora-Inde.jpg?fit=1024%2C682&ssl=1&resize=700%2C400 2x"},"classes":[]}],"jetpack_sharing_enabled":true,"_links":{"self":[{"href":"https:\/\/www.laterredufutur.com\/accueil\/wp-json\/wp\/v2\/posts\/24898","targetHints":{"allow":["GET"]}}],"collection":[{"href":"https:\/\/www.laterredufutur.com\/accueil\/wp-json\/wp\/v2\/posts"}],"about":[{"href":"https:\/\/www.laterredufutur.com\/accueil\/wp-json\/wp\/v2\/types\/post"}],"author":[{"embeddable":true,"href":"https:\/\/www.laterredufutur.com\/accueil\/wp-json\/wp\/v2\/users\/1"}],"replies":[{"embeddable":true,"href":"https:\/\/www.laterredufutur.com\/accueil\/wp-json\/wp\/v2\/comments?post=24898"}],"version-history":[{"count":1,"href":"https:\/\/www.laterredufutur.com\/accueil\/wp-json\/wp\/v2\/posts\/24898\/revisions"}],"predecessor-version":[{"id":24902,"href":"https:\/\/www.laterredufutur.com\/accueil\/wp-json\/wp\/v2\/posts\/24898\/revisions\/24902"}],"wp:featuredmedia":[{"embeddable":true,"href":"https:\/\/www.laterredufutur.com\/accueil\/wp-json\/wp\/v2\/media\/24899"}],"wp:attachment":[{"href":"https:\/\/www.laterredufutur.com\/accueil\/wp-json\/wp\/v2\/media?parent=24898"}],"wp:term":[{"taxonomy":"category","embeddable":true,"href":"https:\/\/www.laterredufutur.com\/accueil\/wp-json\/wp\/v2\/categories?post=24898"},{"taxonomy":"post_tag","embeddable":true,"href":"https:\/\/www.laterredufutur.com\/accueil\/wp-json\/wp\/v2\/tags?post=24898"}],"curies":[{"name":"wp","href":"https:\/\/api.w.org\/{rel}","templated":true}]}}