{"id":24822,"date":"2023-03-26T10:17:30","date_gmt":"2023-03-26T09:17:30","guid":{"rendered":"https:\/\/www.laterredufutur.com\/accueil\/?p=24822"},"modified":"2023-03-26T10:17:30","modified_gmt":"2023-03-26T09:17:30","slug":"des-lunes-duranus-possederaient-des-oceans-caches","status":"publish","type":"post","link":"https:\/\/www.laterredufutur.com\/accueil\/des-lunes-duranus-possederaient-des-oceans-caches\/","title":{"rendered":"Des lunes d&rsquo;Uranus poss\u00e9deraient des oc\u00e9ans cach\u00e9s"},"content":{"rendered":"<div class=\"1665f18d14f35dd9e7566e1a8ac9a3e9\" data-index=\"1\" style=\"float: none; margin:10px 0 10px 0; text-align:center;\">\n<script async src=\"https:\/\/pagead2.googlesyndication.com\/pagead\/js\/adsbygoogle.js\"><\/script>\r\n<ins class=\"adsbygoogle\"\r\n     style=\"display:block; text-align:center;\"\r\n     data-ad-layout=\"in-article\"\r\n     data-ad-format=\"fluid\"\r\n     data-ad-client=\"ca-pub-2860849627502538\"\r\n     data-ad-slot=\"3019501113\"><\/ins>\r\n<script>\r\n     (adsbygoogle = window.adsbygoogle || []).push({});\r\n<\/script>\n<\/div>\n<p>Il pourrait y avoir des oc\u00e9ans cach\u00e9s dans les environs d&rsquo;Uranus.<\/p>\n<p>De nouveaux \u00e9l\u00e9ments sugg\u00e8rent qu&rsquo;une ou deux des 27 lunes connues de la g\u00e9ante gazeuse pourraient abriter des oc\u00e9ans liquides sous leur cro\u00fbte de roche et de glace. Les lunes Miranda et Ariel pourraient \u00eatre responsables de la pr\u00e9sence de plasma dans l&rsquo;espace autour d&rsquo;Uranus, et l&rsquo;une ou l&rsquo;autre d&rsquo;entre elles pourrait \u00eatre en train de produire des panaches oc\u00e9aniques.<\/p>\n<p>Les donn\u00e9es, qui proviennent de la mission Voyager 2 qui a survol\u00e9 la plan\u00e8te en se lan\u00e7ant dans l&rsquo;espace il y a pr\u00e8s de 40 ans &#8211; le seul engin spatial \u00e0 l&rsquo;avoir jamais fait &#8211; constituent un excellent argument en faveur de l&rsquo;envoi d&rsquo;une autre sonde vers Uranus.<\/p>\n<p>\u00ab\u00a0Depuis quelques ann\u00e9es, nous affirmons que les mesures des particules \u00e9nerg\u00e9tiques et des champs \u00e9lectromagn\u00e9tiques sont importantes non seulement pour comprendre l&rsquo;environnement spatial, mais aussi pour contribuer \u00e0 la recherche scientifique plan\u00e9taire dans son ensemble\u00a0\u00bb, explique l&rsquo;astronome Ian Cohen, du Johns Hopkins Applied Physics Laboratory.<\/p>\n<p>\u00ab\u00a0Il s&rsquo;av\u00e8re que cela peut m\u00eame \u00eatre le cas pour des donn\u00e9es plus anciennes que les miennes. Cela montre \u00e0 quel point il peut \u00eatre utile de se rendre dans un syst\u00e8me et de l&rsquo;explorer de tr\u00e8s pr\u00e8s\u00a0\u00bb.<\/p>\n<p>M. Cohen et son \u00e9quipe ont pr\u00e9sent\u00e9 leurs conclusions le 16 mars lors de la 54e conf\u00e9rence sur les sciences lunaires et plan\u00e9taires, et un article les d\u00e9crivant a \u00e9t\u00e9 accept\u00e9 pour publication dans les Geophysical Research Letters.<\/p>\n<p>Lorsque Voyager 2 a survol\u00e9 Uranus en 1986, son instrument de mesure des particules \u00e0 faible \u00e9nergie a d\u00e9tect\u00e9 quelque chose de particulier : des particules charg\u00e9es qui semblaient pi\u00e9g\u00e9es dans des r\u00e9gions sp\u00e9cifiques de la magn\u00e9tosph\u00e8re uranienne. Elles auraient d\u00fb s&rsquo;\u00e9tendre, mais elles sont rest\u00e9es confin\u00e9es \u00e0 l&rsquo;\u00e9quateur, pr\u00e8s des orbites de Miranda et d&rsquo;Ariel.<\/p>\n<p>\u00c0 l&rsquo;\u00e9poque, les scientifiques pensaient que ce type de profil particulier \u00e9tait le signe d&rsquo;une injection d&rsquo;\u00e9lectrons \u00e9nerg\u00e9tiques provenant d&rsquo;une source telle qu&rsquo;une sous-temp\u00eate dans le champ magn\u00e9tique d&rsquo;Uranus. Mais en y regardant de plus pr\u00e8s, Cohen et ses coll\u00e8gues ont constat\u00e9 que les \u00e9lectrons ne pr\u00e9sentaient pas les caract\u00e9ristiques attendues d&rsquo;une injection de sous-orages.<\/p>\n<p>Cela a ouvert une \u00e9norme bo\u00eete de Pandore, car les scientifiques sont revenus \u00e0 la case d\u00e9part, en essayant de comprendre d&rsquo;o\u00f9 venaient les \u00e9lectrons. L&rsquo;angle d&rsquo;inclinaison des \u00e9lectrons, c&rsquo;est-\u00e0-dire l&rsquo;angle de leur vecteur de vitesse par rapport au champ magn\u00e9tique, est particuli\u00e8rement int\u00e9ressant.<\/p>\n<p>Pour maintenir l&rsquo;angle de tangage observ\u00e9 par Voyager 2, il faudrait une source constante d&rsquo;\u00e9lectrons, suffisamment importante pour surmonter la diffusion et la perte dues aux ondes de plasma dans la magn\u00e9tosph\u00e8re plan\u00e9taire.<\/p><div class=\"1665f18d14f35dd9e7566e1a8ac9a3e9\" data-index=\"2\" style=\"float: none; margin:10px 0 10px 0; text-align:center;\">\n<script async src=\"https:\/\/pagead2.googlesyndication.com\/pagead\/js\/adsbygoogle.js\"><\/script>\r\n<ins class=\"adsbygoogle\"\r\n     style=\"display:block; text-align:center;\"\r\n     data-ad-layout=\"in-article\"\r\n     data-ad-format=\"fluid\"\r\n     data-ad-client=\"ca-pub-2860849627502538\"\r\n     data-ad-slot=\"3019501113\"><\/ins>\r\n<script>\r\n     (adsbygoogle = window.adsbygoogle || []).push({});\r\n<\/script>\n<\/div>\n\n<figure id=\"attachment_24823\" aria-describedby=\"caption-attachment-24823\" style=\"width: 642px\" class=\"wp-caption alignnone\"><img data-recalc-dims=\"1\" loading=\"lazy\" decoding=\"async\" data-attachment-id=\"24823\" data-permalink=\"https:\/\/www.laterredufutur.com\/accueil\/des-lunes-duranus-possederaient-des-oceans-caches\/uranus-et-ses-lunes-miranda-et-ariel\/\" data-orig-file=\"https:\/\/i0.wp.com\/www.laterredufutur.com\/accueil\/wp-content\/uploads\/2023\/03\/uranus-et-ses-lunes-miranda-et-ariel.jpg?fit=642%2C831&amp;ssl=1\" data-orig-size=\"642,831\" data-comments-opened=\"1\" data-image-meta=\"{&quot;aperture&quot;:&quot;0&quot;,&quot;credit&quot;:&quot;&quot;,&quot;camera&quot;:&quot;&quot;,&quot;caption&quot;:&quot;&quot;,&quot;created_timestamp&quot;:&quot;0&quot;,&quot;copyright&quot;:&quot;&quot;,&quot;focal_length&quot;:&quot;0&quot;,&quot;iso&quot;:&quot;0&quot;,&quot;shutter_speed&quot;:&quot;0&quot;,&quot;title&quot;:&quot;&quot;,&quot;orientation&quot;:&quot;0&quot;}\" data-image-title=\"uranus et ses lunes miranda et ariel\" data-image-description=\"\" data-image-caption=\"&lt;p&gt;Illustration d&amp;rsquo;Uranus et de ses cinq plus grandes lunes, de la plus int\u00e9rieure \u00e0 la plus ext\u00e9rieure : Miranda, Ariel, Umbriel, Titania et Oberon. (NASA\/Johns Hopkins APL\/Mike Yakovlev)&lt;\/p&gt;\n\" data-large-file=\"https:\/\/i0.wp.com\/www.laterredufutur.com\/accueil\/wp-content\/uploads\/2023\/03\/uranus-et-ses-lunes-miranda-et-ariel.jpg?fit=618%2C800&amp;ssl=1\" class=\"size-full wp-image-24823\" src=\"https:\/\/i0.wp.com\/www.laterredufutur.com\/accueil\/wp-content\/uploads\/2023\/03\/uranus-et-ses-lunes-miranda-et-ariel.jpg?resize=642%2C831&#038;ssl=1\" alt=\"\" width=\"642\" height=\"831\" srcset=\"https:\/\/i0.wp.com\/www.laterredufutur.com\/accueil\/wp-content\/uploads\/2023\/03\/uranus-et-ses-lunes-miranda-et-ariel.jpg?w=642&amp;ssl=1 642w, https:\/\/i0.wp.com\/www.laterredufutur.com\/accueil\/wp-content\/uploads\/2023\/03\/uranus-et-ses-lunes-miranda-et-ariel.jpg?resize=232%2C300&amp;ssl=1 232w, https:\/\/i0.wp.com\/www.laterredufutur.com\/accueil\/wp-content\/uploads\/2023\/03\/uranus-et-ses-lunes-miranda-et-ariel.jpg?resize=618%2C800&amp;ssl=1 618w\" sizes=\"auto, (max-width: 642px) 100vw, 642px\" \/><figcaption id=\"caption-attachment-24823\" class=\"wp-caption-text\">Illustration d&rsquo;Uranus et de ses cinq plus grandes lunes, de la plus int\u00e9rieure \u00e0 la plus ext\u00e9rieure : Miranda, Ariel, Umbriel, Titania et Oberon. (NASA\/Johns Hopkins APL\/Mike Yakovlev)<\/figcaption><\/figure>\n<p>Sans une source de cette nature, au bon endroit et au bon angle, l&rsquo;\u00e9quipe a d\u00e9termin\u00e9 par mod\u00e9lisation que la distribution de l&rsquo;angle d&rsquo;inclinaison des \u00e9lectrons deviendrait uniforme en l&rsquo;espace de quelques heures.<\/p>\n<p>En approfondissant les donn\u00e9es de Voyager 2, l&rsquo;\u00e9quipe a cherch\u00e9 une telle source. Leur mod\u00e9lisation a montr\u00e9 un maximum clair et incontestable dans l&rsquo;espace entre Miranda et Ariel, ce qui sugg\u00e8re une source d&rsquo;ions \u00e9nerg\u00e9tiques dans cette r\u00e9gion.<\/p>\n<p>Quant \u00e0 savoir ce qui pourrait g\u00e9n\u00e9rer ces ions&#8230; eh bien, au cours des 37 ann\u00e9es qui se sont \u00e9coul\u00e9es depuis que Voyager 2 a visit\u00e9 Uranus, les scientifiques ont fait quelques progr\u00e8s \u00e0 cet \u00e9gard. Voyager 2 a fait une d\u00e9tection similaire dans l&rsquo;espace autour de Saturne, d\u00e9couverte bien des ann\u00e9es plus tard dans les donn\u00e9es de Cassini comme \u00e9tant g\u00e9n\u00e9r\u00e9e par des geysers de glace sur ce que nous savons aujourd&rsquo;hui \u00eatre une lune oc\u00e9anique, Encelade. Une autre d\u00e9tection similaire nous a conduits \u00e0 la lune oc\u00e9anique de Jupiter, Europe.<\/p>\n<p>\u00ab\u00a0Il n&rsquo;est pas rare que les mesures de particules \u00e9nerg\u00e9tiques soient \u00e0 l&rsquo;origine de la d\u00e9couverte d&rsquo;un monde oc\u00e9anique\u00a0\u00bb, explique M. Cohen.<\/p>\n<p>Quant \u00e0 savoir de quelle lune il s&rsquo;agit &#8211; Miranda, la plus petite des cinq grandes lunes d&rsquo;Uranus, ou Ariel, la plus brillante &#8211; c&rsquo;est du 50-50 \u00e0 ce stade. Il pourrait s&rsquo;agir de l&rsquo;une ou l&rsquo;autre. Ou les deux. Les deux lunes pr\u00e9sentent des signes de surface g\u00e9ologique relativement r\u00e9cente, ce qui pourrait correspondre \u00e0 une \u00e9ruption de mati\u00e8re liquide \u00e0 l&rsquo;int\u00e9rieur de la lune.<\/p>\n<p>Mais pour l&rsquo;instant, nous ne disposons que d&rsquo;un seul ensemble de donn\u00e9es. Les plan\u00e9tologues r\u00e9clament de plus en plus fr\u00e9quemment une mission d\u00e9di\u00e9e \u00e0 Uranus, qui pourrait inclure Neptune. Cette plan\u00e8te pr\u00e9sente tellement de bizarreries qu&rsquo;en apprendre davantage sur elle ne pourrait \u00eatre qu&rsquo;une exp\u00e9rience v\u00e9ritablement passionnante et gratifiante.<\/p>\n<p>\u00ab\u00a0Les donn\u00e9es sont coh\u00e9rentes avec le potentiel de la pr\u00e9sence d&rsquo;une lune oc\u00e9anique active\u00a0\u00bb, explique M. Cohen. \u00ab\u00a0Nous pouvons toujours faire une mod\u00e9lisation plus compl\u00e8te, mais tant que nous n&rsquo;aurons pas de nouvelles donn\u00e9es, les conclusions seront toujours limit\u00e9es.<\/p>\n<p>Les travaux de recherche ont \u00e9t\u00e9 pr\u00e9sent\u00e9s lors de la 54e conf\u00e9rence sur les sciences lunaires et plan\u00e9taires et ont \u00e9t\u00e9 accept\u00e9s pour publication dans les Geophysical Research Letters.<\/p>\n<p>Adaptation <a href=\"https:\/\/www.laterredufutur.com\/accueil\/\" target=\"_blank\" rel=\"noopener\">Terra Projects<\/a><\/p>\n<p>Source : <a href=\"https:\/\/www.sciencealert.com\/strange-signal-from-decades-ago-hints-at-hidden-oceans-orbiting-uranus\" target=\"_blank\" rel=\"noopener\">https:\/\/www.sciencealert.com\/<\/a><\/p>\n<p class=\"bawpvc-ajax-counter\" data-id=\"24822\">(148)<\/p>\n<!--CusAds0-->\n<div style=\"font-size: 0px; height: 0px; line-height: 0px; margin: 0; padding: 0; clear: both;\"><\/div>","protected":false},"excerpt":{"rendered":"<p>Il pourrait y avoir des oc\u00e9ans cach\u00e9s dans les environs d&rsquo;Uranus. De nouveaux \u00e9l\u00e9ments sugg\u00e8rent qu&rsquo;une ou deux des 27&#8230;<\/p>\n","protected":false},"author":1,"featured_media":24008,"comment_status":"open","ping_status":"open","sticky":false,"template":"","format":"standard","meta":{"_exactmetrics_skip_tracking":false,"_exactmetrics_sitenote_active":false,"_exactmetrics_sitenote_note":"","_exactmetrics_sitenote_category":0,"ngg_post_thumbnail":0,"jetpack_post_was_ever_published":false,"_jetpack_newsletter_access":"","_jetpack_dont_email_post_to_subs":false,"_jetpack_newsletter_tier_id":0,"_jetpack_memberships_contains_paywalled_content":false,"_jetpack_memberships_contains_paid_content":false,"footnotes":"","jetpack_publicize_message":"Des lunes d'Uranus poss\u00e9deraient des oc\u00e9ans cach\u00e9s @laterredufutur.com Terra Projects","jetpack_publicize_feature_enabled":true,"jetpack_social_post_already_shared":true,"jetpack_social_options":{"image_generator_settings":{"template":"highway","default_image_id":0,"font":"","enabled":false},"version":2}},"categories":[22],"tags":[7998,6136,7997,241,5973],"class_list":["post-24822","post","type-post","status-publish","format-standard","has-post-thumbnail","hentry","category-espace","tag-ariel","tag-lunes","tag-miranda","tag-ocean","tag-uranus","wpcat-22-id"],"jetpack_publicize_connections":[],"jetpack_featured_media_url":"https:\/\/i0.wp.com\/www.laterredufutur.com\/accueil\/wp-content\/uploads\/2022\/05\/planete-Uranus.jpg?fit=1024%2C576&ssl=1","jetpack_shortlink":"https:\/\/wp.me\/p631RN-6sm","jetpack-related-posts":[{"id":24007,"url":"https:\/\/www.laterredufutur.com\/accueil\/objectif-uranus\/","url_meta":{"origin":24822,"position":0},"title":"Objectif Uranus","author":"Admin","date":"2 mai 2022","format":false,"excerpt":"Le 19 avril 2022, les Acad\u00e9mies am\u00e9ricaines des sciences, de l\u2019ing\u00e9nierie et de la m\u00e9decine ont publi\u00e9 un imposant rapport de pr\u00e8s de 800 pages sur les explorations plan\u00e9taires \u00e0 mener dans les dix ans \u00e0 venir. Elles estiment que, en plus de la mission de retour d\u2019\u00e9chantillons martiens, priorit\u00e9\u2026","rel":"","context":"Dans &quot;Espace&quot;","block_context":{"text":"Espace","link":"https:\/\/www.laterredufutur.com\/accueil\/sujets\/espace\/"},"img":{"alt_text":"","src":"https:\/\/i0.wp.com\/www.laterredufutur.com\/accueil\/wp-content\/uploads\/2020\/11\/uranus.jpg?fit=1200%2C705&ssl=1&resize=350%2C200","width":350,"height":200,"srcset":"https:\/\/i0.wp.com\/www.laterredufutur.com\/accueil\/wp-content\/uploads\/2020\/11\/uranus.jpg?fit=1200%2C705&ssl=1&resize=350%2C200 1x, https:\/\/i0.wp.com\/www.laterredufutur.com\/accueil\/wp-content\/uploads\/2020\/11\/uranus.jpg?fit=1200%2C705&ssl=1&resize=525%2C300 1.5x, https:\/\/i0.wp.com\/www.laterredufutur.com\/accueil\/wp-content\/uploads\/2020\/11\/uranus.jpg?fit=1200%2C705&ssl=1&resize=700%2C400 2x, https:\/\/i0.wp.com\/www.laterredufutur.com\/accueil\/wp-content\/uploads\/2020\/11\/uranus.jpg?fit=1200%2C705&ssl=1&resize=1050%2C600 3x"},"classes":[]},{"id":12873,"url":"https:\/\/www.laterredufutur.com\/accueil\/lunivers-et-ses-mysteres-neptune-uranus-et-pluton\/","url_meta":{"origin":24822,"position":1},"title":"L&rsquo;Univers Et Ses Myst\u00e8res &#8211; Neptune, Uranus Et Pluton","author":"Admin","date":"23 juillet 2016","format":false,"excerpt":"La s\u00e9rie \u00ab L'univers et ses myst\u00e8res \u00bb est une s\u00e9rie documentaire d'une tr\u00e8s grande qualit\u00e9 sur l'univers et l'astronomie. Depuis que l'homme s'est aventur\u00e9 dans l'espace pour la premi\u00e8re fois ,il y a plus de cinquante ans, la d\u00e9couverte spatiale n'a cess\u00e9 de progresser sans arr\u00eat gr\u00e2ce aux prodigieuses\u2026","rel":"","context":"Dans &quot;Espace&quot;","block_context":{"text":"Espace","link":"https:\/\/www.laterredufutur.com\/accueil\/sujets\/espace\/"},"img":{"alt_text":"","src":"https:\/\/i0.wp.com\/www.laterredufutur.com\/accueil\/wp-content\/uploads\/2016\/01\/pluton-ciel-bleu-glace-nasa-3.jpg?fit=1024%2C576&ssl=1&resize=350%2C200","width":350,"height":200,"srcset":"https:\/\/i0.wp.com\/www.laterredufutur.com\/accueil\/wp-content\/uploads\/2016\/01\/pluton-ciel-bleu-glace-nasa-3.jpg?fit=1024%2C576&ssl=1&resize=350%2C200 1x, https:\/\/i0.wp.com\/www.laterredufutur.com\/accueil\/wp-content\/uploads\/2016\/01\/pluton-ciel-bleu-glace-nasa-3.jpg?fit=1024%2C576&ssl=1&resize=525%2C300 1.5x, https:\/\/i0.wp.com\/www.laterredufutur.com\/accueil\/wp-content\/uploads\/2016\/01\/pluton-ciel-bleu-glace-nasa-3.jpg?fit=1024%2C576&ssl=1&resize=700%2C400 2x"},"classes":[]},{"id":21550,"url":"https:\/\/www.laterredufutur.com\/accueil\/nouvelle-preuve-une-autre-planete-du-systeme-solaire-a-ete-expulsee\/","url_meta":{"origin":24822,"position":2},"title":"Nouvelle preuve: une autre plan\u00e8te du syst\u00e8me solaire a \u00e9t\u00e9 expuls\u00e9e","author":"Admin","date":"5 novembre 2020","format":false,"excerpt":"Les chercheurs disent qu'une troisi\u00e8me g\u00e9ante, entre Uranus et Neptune, a \u00e9t\u00e9 expuls\u00e9 de notre syst\u00e8me solaire. Selon l'\u00e9quipe de scientifiques de la Carnegie Institution for Science, une plan\u00e8te suppl\u00e9mentaire situ\u00e9e entre Saturne et Uranus a \u00e9t\u00e9 projet\u00e9e hors du syst\u00e8me solaire alors qu'elle en \u00e9tait encore \u00e0 ses balbutiements.\u2026","rel":"","context":"Dans &quot;Espace&quot;","block_context":{"text":"Espace","link":"https:\/\/www.laterredufutur.com\/accueil\/sujets\/espace\/"},"img":{"alt_text":"","src":"https:\/\/i0.wp.com\/www.laterredufutur.com\/accueil\/wp-content\/uploads\/2020\/11\/uranus-neptune.jpg?fit=1024%2C682&ssl=1&resize=350%2C200","width":350,"height":200,"srcset":"https:\/\/i0.wp.com\/www.laterredufutur.com\/accueil\/wp-content\/uploads\/2020\/11\/uranus-neptune.jpg?fit=1024%2C682&ssl=1&resize=350%2C200 1x, https:\/\/i0.wp.com\/www.laterredufutur.com\/accueil\/wp-content\/uploads\/2020\/11\/uranus-neptune.jpg?fit=1024%2C682&ssl=1&resize=525%2C300 1.5x, https:\/\/i0.wp.com\/www.laterredufutur.com\/accueil\/wp-content\/uploads\/2020\/11\/uranus-neptune.jpg?fit=1024%2C682&ssl=1&resize=700%2C400 2x"},"classes":[]},{"id":13302,"url":"https:\/\/www.laterredufutur.com\/accueil\/a-quoi-ressemble-le-soleil-depuis-les-autres-planetes\/","url_meta":{"origin":24822,"position":3},"title":"\u00c0 quoi ressemble le Soleil depuis les autres plan\u00e8tes?","author":"Admin","date":"22 septembre 2016","format":false,"excerpt":"Lorsque l\u2019on \u00e9voque le Soleil, une des premi\u00e8res images qui traverse l\u2019esprit est celle d\u2019un disque blanc et lumineux suspendu dans le ciel. Toutefois, notre \u00e9toile n\u2019a pas le m\u00eame aspect selon le point de vue. \u00c0 quoi ressemble-t-elle depuis les autres plan\u00e8tes de notre syst\u00e8me? C\u2019est la question tout\u2026","rel":"","context":"Dans &quot;Espace&quot;","block_context":{"text":"Espace","link":"https:\/\/www.laterredufutur.com\/accueil\/sujets\/espace\/"},"img":{"alt_text":"","src":"https:\/\/i0.wp.com\/www.laterredufutur.com\/accueil\/wp-content\/uploads\/2016\/09\/soleil-systemesolaire.jpg?fit=620%2C349&ssl=1&resize=350%2C200","width":350,"height":200,"srcset":"https:\/\/i0.wp.com\/www.laterredufutur.com\/accueil\/wp-content\/uploads\/2016\/09\/soleil-systemesolaire.jpg?fit=620%2C349&ssl=1&resize=350%2C200 1x, https:\/\/i0.wp.com\/www.laterredufutur.com\/accueil\/wp-content\/uploads\/2016\/09\/soleil-systemesolaire.jpg?fit=620%2C349&ssl=1&resize=525%2C300 1.5x"},"classes":[]},{"id":6960,"url":"https:\/\/www.laterredufutur.com\/accueil\/y-a-t-il-de-la-vie-sur-europe\/","url_meta":{"origin":24822,"position":4},"title":"Y a-t-il de la vie sur Europe ?","author":"Admin","date":"31 mai 2015","format":false,"excerpt":"Y a-t-il de la vie sur Europe ? C'est ce que la derni\u00e8re mission de la NASA esp\u00e8re trouver . Cette semaine, la r\u00e9alisation du projet \"Europa clipper\" s'est pr\u00e9cis\u00e9e. D'ici une dizaine d'ann\u00e9es, un vaisseau spatial pourrait tourner en orbite autour d'Europe, satellite de Jupiter, premi\u00e8re \u00e9tape vers la\u2026","rel":"","context":"Dans &quot;Espace&quot;","block_context":{"text":"Espace","link":"https:\/\/www.laterredufutur.com\/accueil\/sujets\/espace\/"},"img":{"alt_text":"","src":"https:\/\/i0.wp.com\/www.laterredufutur.com\/accueil\/wp-content\/uploads\/2014\/11\/.._photos_europe3.jpg?fit=450%2C582&ssl=1&resize=350%2C200","width":350,"height":200},"classes":[]},{"id":11671,"url":"https:\/\/www.laterredufutur.com\/accueil\/le-systeme-solaire-une-neuvieme-planete\/","url_meta":{"origin":24822,"position":5},"title":"Le syst\u00e8me solaire : Une neuvi\u00e8me plan\u00e8te","author":"Admin","date":"13 avril 2016","format":false,"excerpt":"Le syst\u00e8me solaire comprend le Soleil et tous les objets plus petits qui tournent autour de lui. \u00c0 part le Soleil, les plus gros objets du syst\u00e8me solaire sont les huit grandes plan\u00e8tes. Les plus proches du Soleil sont les quatre plan\u00e8tes rocheuses, relativement petites : Mercure, V\u00e9nus, la Terre\u2026","rel":"","context":"Dans &quot;Espace&quot;","block_context":{"text":"Espace","link":"https:\/\/www.laterredufutur.com\/accueil\/sujets\/espace\/"},"img":{"alt_text":"","src":"https:\/\/i0.wp.com\/www.laterredufutur.com\/accueil\/wp-content\/uploads\/2016\/01\/pluton-ciel-bleu-glace-nasa-1.jpg?fit=648%2C415&ssl=1&resize=350%2C200","width":350,"height":200,"srcset":"https:\/\/i0.wp.com\/www.laterredufutur.com\/accueil\/wp-content\/uploads\/2016\/01\/pluton-ciel-bleu-glace-nasa-1.jpg?fit=648%2C415&ssl=1&resize=350%2C200 1x, https:\/\/i0.wp.com\/www.laterredufutur.com\/accueil\/wp-content\/uploads\/2016\/01\/pluton-ciel-bleu-glace-nasa-1.jpg?fit=648%2C415&ssl=1&resize=525%2C300 1.5x"},"classes":[]}],"jetpack_sharing_enabled":true,"_links":{"self":[{"href":"https:\/\/www.laterredufutur.com\/accueil\/wp-json\/wp\/v2\/posts\/24822","targetHints":{"allow":["GET"]}}],"collection":[{"href":"https:\/\/www.laterredufutur.com\/accueil\/wp-json\/wp\/v2\/posts"}],"about":[{"href":"https:\/\/www.laterredufutur.com\/accueil\/wp-json\/wp\/v2\/types\/post"}],"author":[{"embeddable":true,"href":"https:\/\/www.laterredufutur.com\/accueil\/wp-json\/wp\/v2\/users\/1"}],"replies":[{"embeddable":true,"href":"https:\/\/www.laterredufutur.com\/accueil\/wp-json\/wp\/v2\/comments?post=24822"}],"version-history":[{"count":1,"href":"https:\/\/www.laterredufutur.com\/accueil\/wp-json\/wp\/v2\/posts\/24822\/revisions"}],"predecessor-version":[{"id":24824,"href":"https:\/\/www.laterredufutur.com\/accueil\/wp-json\/wp\/v2\/posts\/24822\/revisions\/24824"}],"wp:featuredmedia":[{"embeddable":true,"href":"https:\/\/www.laterredufutur.com\/accueil\/wp-json\/wp\/v2\/media\/24008"}],"wp:attachment":[{"href":"https:\/\/www.laterredufutur.com\/accueil\/wp-json\/wp\/v2\/media?parent=24822"}],"wp:term":[{"taxonomy":"category","embeddable":true,"href":"https:\/\/www.laterredufutur.com\/accueil\/wp-json\/wp\/v2\/categories?post=24822"},{"taxonomy":"post_tag","embeddable":true,"href":"https:\/\/www.laterredufutur.com\/accueil\/wp-json\/wp\/v2\/tags?post=24822"}],"curies":[{"name":"wp","href":"https:\/\/api.w.org\/{rel}","templated":true}]}}