{"id":24580,"date":"2022-12-03T17:11:48","date_gmt":"2022-12-03T15:11:48","guid":{"rendered":"https:\/\/www.laterredufutur.com\/accueil\/?p=24580"},"modified":"2022-12-03T17:11:48","modified_gmt":"2022-12-03T15:11:48","slug":"les-secrets-des-taches-solaires-et-des-champs-magnetiques-solaires-etudies-dans-les-simulations-de-supercalculateurs-de-la-nasa","status":"publish","type":"post","link":"https:\/\/www.laterredufutur.com\/accueil\/les-secrets-des-taches-solaires-et-des-champs-magnetiques-solaires-etudies-dans-les-simulations-de-supercalculateurs-de-la-nasa\/","title":{"rendered":"Les secrets des taches solaires et des champs magn\u00e9tiques solaires \u00e9tudi\u00e9s dans les simulations de supercalculateurs de la NASA"},"content":{"rendered":"<div class=\"1665f18d14f35dd9e7566e1a8ac9a3e9\" data-index=\"1\" style=\"float: none; margin:10px 0 10px 0; text-align:center;\">\n<script async src=\"https:\/\/pagead2.googlesyndication.com\/pagead\/js\/adsbygoogle.js\"><\/script>\r\n<ins class=\"adsbygoogle\"\r\n     style=\"display:block; text-align:center;\"\r\n     data-ad-layout=\"in-article\"\r\n     data-ad-format=\"fluid\"\r\n     data-ad-client=\"ca-pub-2860849627502538\"\r\n     data-ad-slot=\"3019501113\"><\/ins>\r\n<script>\r\n     (adsbygoogle = window.adsbygoogle || []).push({});\r\n<\/script>\n<\/div>\n<p>Le Soleil est bien plus qu&rsquo;une simple source de lumi\u00e8re pour la Terre &#8211; c&rsquo;est une \u00e9toile dynamique et complexe, avec des temp\u00eates, des \u00e9ruptions et des mouvements qui le font changer constamment. Les champs magn\u00e9tiques r\u00e9gissent la majeure partie de l&rsquo;activit\u00e9 solaire que nous pouvons observer, mais la fa\u00e7on dont ils le font est encore mal comprise. De nouveaux r\u00e9sultats bas\u00e9s sur des simulations effectu\u00e9es par le centre de supercalcul avanc\u00e9 de la NASA, au centre de recherche Ames de la NASA, dans la Silicon Valley, en Californie, permettent de brosser un tableau plus complet de l&rsquo;une des caract\u00e9ristiques les plus marquantes de l&rsquo;activit\u00e9 solaire, \u00e0 savoir un cycle de formation des taches solaires appel\u00e9 \u00ab\u00a0oscillation de torsion\u00a0\u00bb.<\/p>\n<p>Une analyse informatique des donn\u00e9es relatives \u00e0 la structure et \u00e0 la dynamique du Soleil provenant de deux engins spatiaux de la NASA a r\u00e9v\u00e9l\u00e9 que la force de ces oscillations de torsion provoqu\u00e9es par les champs magn\u00e9tiques dans l&rsquo;int\u00e9rieur profond du Soleil continue de diminuer. Cela indique que le cycle actuel des taches solaires pourrait \u00eatre plus faible que le pr\u00e9c\u00e9dent, et que la tendance \u00e0 long terme du d\u00e9clin des champs magn\u00e9tiques du Soleil va probablement se poursuivre. Ces changements \u00e0 l&rsquo;int\u00e9rieur du Soleil peuvent avoir des r\u00e9percussions sur la m\u00e9t\u00e9orologie spatiale, l&rsquo;atmosph\u00e8re et le climat de la Terre.<\/p>\n<p><span class=\"embed-youtube\" style=\"text-align:center; display: block;\"><iframe loading=\"lazy\" class=\"youtube-player\" width=\"640\" height=\"360\" src=\"https:\/\/www.youtube.com\/embed\/dKwO8uBvuyU?version=3&#038;rel=1&#038;showsearch=0&#038;showinfo=1&#038;iv_load_policy=1&#038;fs=1&#038;hl=fr-FR&#038;autohide=2&#038;wmode=transparent\" allowfullscreen=\"true\" style=\"border:0;\" sandbox=\"allow-scripts allow-same-origin allow-popups allow-presentation allow-popups-to-escape-sandbox\"><\/iframe><\/span><\/p><div class=\"1665f18d14f35dd9e7566e1a8ac9a3e9\" data-index=\"2\" style=\"float: none; margin:10px 0 10px 0; text-align:center;\">\n<script async src=\"https:\/\/pagead2.googlesyndication.com\/pagead\/js\/adsbygoogle.js\"><\/script>\r\n<ins class=\"adsbygoogle\"\r\n     style=\"display:block; text-align:center;\"\r\n     data-ad-layout=\"in-article\"\r\n     data-ad-format=\"fluid\"\r\n     data-ad-client=\"ca-pub-2860849627502538\"\r\n     data-ad-slot=\"3019501113\"><\/ins>\r\n<script>\r\n     (adsbygoogle = window.adsbygoogle || []).push({});\r\n<\/script>\n<\/div>\n\n<p>Le cycle des taches solaires commence lorsqu&rsquo;une tache solaire commence \u00e0 se former \u00e0 environ 30 degr\u00e9s de latitude sur la surface du Soleil. La zone de formation commence ensuite \u00e0 migrer vers l&rsquo;\u00e9quateur. \u00c0 son intensit\u00e9 maximale, le champ magn\u00e9tique global du Soleil a ses r\u00e9gions polaires invers\u00e9es &#8211; comme s&rsquo;il y avait une extr\u00e9mit\u00e9 positive et une extr\u00e9mit\u00e9 n\u00e9gative d&rsquo;un aimant \u00e0 chacun des p\u00f4les du Soleil, et qu&rsquo;elles \u00e9taient interverties. Ces variations de 22 ans sont caus\u00e9es par des processus de dynamo \u00e0 l&rsquo;int\u00e9rieur du Soleil. On parle de processus dynamo lorsque du fluide ou du plasma en rotation, en convection et conducteur d&rsquo;\u00e9lectricit\u00e9 contribue \u00e0 maintenir un champ magn\u00e9tique. Ces champs magn\u00e9tiques profonds sont cach\u00e9s et ne peuvent pas \u00eatre observ\u00e9s directement, mais leurs effets sont visibles dans les variations de la rotation solaire, cr\u00e9ant un mod\u00e8le cyclique de flux migrateurs \u00e0 travers les zones &#8211; les oscillations de torsion. Dans certaines zones, cette rotation s&rsquo;acc\u00e9l\u00e8re ou se ralentit, tandis que dans d&rsquo;autres, elle reste stable.<\/p>\n<p>Cette analyse a utilis\u00e9 les donn\u00e9es de deux missions de la NASA, le Solar and Heliospheric Observatory et le Solar Dynamics Observatory. Le Joint Science Operations Center de l&rsquo;universit\u00e9 de Stanford a trait\u00e9 les donn\u00e9es issues de 22 ann\u00e9es d&rsquo;observations des deux missions, soit plus de cinq p\u00e9taoctets au total. Les superordinateurs de la NASA ont assur\u00e9 l&rsquo;analyse des flux, la mod\u00e9lisation num\u00e9rique et la visualisation qui ont permis aux scientifiques de mieux comprendre ce mod\u00e8le complexe.<\/p>\n<p><img data-recalc-dims=\"1\" loading=\"lazy\" decoding=\"async\" data-attachment-id=\"15782\" data-permalink=\"https:\/\/www.laterredufutur.com\/accueil\/louragan-jose-passe-en-categorie-4\/taches-solaires-1-3\/\" data-orig-file=\"https:\/\/i0.wp.com\/www.laterredufutur.com\/accueil\/wp-content\/uploads\/2017\/09\/taches-solaires-1-2.jpg?fit=270%2C310&amp;ssl=1\" data-orig-size=\"270,310\" data-comments-opened=\"1\" data-image-meta=\"{&quot;aperture&quot;:&quot;0&quot;,&quot;credit&quot;:&quot;&quot;,&quot;camera&quot;:&quot;&quot;,&quot;caption&quot;:&quot;&quot;,&quot;created_timestamp&quot;:&quot;0&quot;,&quot;copyright&quot;:&quot;&quot;,&quot;focal_length&quot;:&quot;0&quot;,&quot;iso&quot;:&quot;0&quot;,&quot;shutter_speed&quot;:&quot;0&quot;,&quot;title&quot;:&quot;&quot;,&quot;orientation&quot;:&quot;0&quot;}\" data-image-title=\"taches-solaires-1\" data-image-description=\"\" data-image-caption=\"\" data-large-file=\"https:\/\/i0.wp.com\/www.laterredufutur.com\/accueil\/wp-content\/uploads\/2017\/09\/taches-solaires-1-2.jpg?fit=270%2C310&amp;ssl=1\" class=\"size-full wp-image-15782 aligncenter\" src=\"https:\/\/i0.wp.com\/www.laterredufutur.com\/accueil\/wp-content\/uploads\/2017\/09\/taches-solaires-1-2.jpg?resize=270%2C310&#038;ssl=1\" alt=\"\" width=\"270\" height=\"310\" srcset=\"https:\/\/i0.wp.com\/www.laterredufutur.com\/accueil\/wp-content\/uploads\/2017\/09\/taches-solaires-1-2.jpg?w=270&amp;ssl=1 270w, https:\/\/i0.wp.com\/www.laterredufutur.com\/accueil\/wp-content\/uploads\/2017\/09\/taches-solaires-1-2.jpg?resize=261%2C300&amp;ssl=1 261w\" sizes=\"auto, (max-width: 270px) 100vw, 270px\" \/><\/p>\n<p>\u00c0 l&rsquo;avenir, les am\u00e9liorations apport\u00e9es \u00e0 la r\u00e9solution des donn\u00e9es, aux techniques d&rsquo;analyse des donn\u00e9es et aux mod\u00e8les de simulation permettront de fusionner les mod\u00e8les des champs magn\u00e9tiques du Soleil avec ceux de l&rsquo;activit\u00e9 des taches solaires, ce qui permettra de mieux comprendre l&rsquo;impact de ces processus sur l&rsquo;int\u00e9rieur profond du Soleil. Ce qui se passe avec le Soleil, y compris les processus sous sa surface, affecte la m\u00e9t\u00e9o spatiale qui a un impact sur l&rsquo;ensemble du syst\u00e8me solaire, y compris la Terre. Plus nous en savons sur l&rsquo;\u00e9toile qui \u00e9claire notre maison, mieux nous pouvons comprendre son impact sur notre plan\u00e8te.<\/p>\n<p>Adaptation <a href=\"https:\/\/www.laterredufutur.com\/accueil\/\">Terra Projects<\/a><\/p>\n<p>source : https:\/\/wattsupwiththat.com\/2022\/12\/01\/secrets-of-sunspots-and-solar-magnetic-fields-investigated-in-nasa-supercomputing-simulations\/<\/p>\n<p class=\"bawpvc-ajax-counter\" data-id=\"24580\">(222)<\/p>\n<!--CusAds0-->\n<div style=\"font-size: 0px; height: 0px; line-height: 0px; margin: 0; padding: 0; clear: both;\"><\/div>","protected":false},"excerpt":{"rendered":"<p>Le Soleil est bien plus qu&rsquo;une simple source de lumi\u00e8re pour la Terre &#8211; c&rsquo;est une \u00e9toile dynamique et complexe,&#8230;<\/p>\n","protected":false},"author":1,"featured_media":24581,"comment_status":"open","ping_status":"open","sticky":false,"template":"","format":"standard","meta":{"_exactmetrics_skip_tracking":false,"_exactmetrics_sitenote_active":false,"_exactmetrics_sitenote_note":"","_exactmetrics_sitenote_category":0,"ngg_post_thumbnail":0,"jetpack_post_was_ever_published":false,"_jetpack_newsletter_access":"","_jetpack_dont_email_post_to_subs":false,"_jetpack_newsletter_tier_id":0,"_jetpack_memberships_contains_paywalled_content":false,"_jetpack_memberships_contains_paid_content":false,"footnotes":"","jetpack_publicize_message":"Les secrets des taches solaires et des champs magn\u00e9tiques solaires \u00e9tudi\u00e9s dans les simulations de supercalculateurs de la NASA @laterredufutur.com Terra Projects","jetpack_publicize_feature_enabled":true,"jetpack_social_post_already_shared":true,"jetpack_social_options":{"image_generator_settings":{"template":"highway","default_image_id":0,"font":"","enabled":false},"version":2}},"categories":[24],"tags":[1152,119,37,68,369,684],"class_list":["post-24580","post","type-post","status-publish","format-standard","has-post-thumbnail","hentry","category-soleil","tag-activite-solaire","tag-nasa","tag-soleil","tag-sun","tag-taches-solaires","tag-video","wpcat-24-id"],"jetpack_publicize_connections":[],"jetpack_featured_media_url":"https:\/\/i0.wp.com\/www.laterredufutur.com\/accueil\/wp-content\/uploads\/2022\/12\/taches-solaires-soleil.jpg?fit=1000%2C1000&ssl=1","jetpack_shortlink":"https:\/\/wp.me\/p631RN-6os","jetpack-related-posts":[{"id":24027,"url":"https:\/\/www.laterredufutur.com\/accueil\/nous-pourrions-enfin-connaitre-lorigine-des-minuscules-points-brillants-sur-le-soleil\/","url_meta":{"origin":24580,"position":0},"title":"Nous pourrions enfin conna\u00eetre l&rsquo;origine des minuscules points brillants sur le soleil","author":"Admin","date":"10 mai 2022","format":false,"excerpt":"Les taches solaires ne sont pas les seules taches qui apparaissent sur la face dynamique de notre Soleil. Les physiciens solaires ont \u00e9tudi\u00e9 de pr\u00e8s de minuscules et fugaces taches de luminosit\u00e9 qui apparaissent et disparaissent en moins d'une minute en moyenne, dans les r\u00e9gions o\u00f9 des boucles de plasma\u2026","rel":"","context":"Dans &quot;Soleil&quot;","block_context":{"text":"Soleil","link":"https:\/\/www.laterredufutur.com\/accueil\/sujets\/soleil\/"},"img":{"alt_text":"","src":"https:\/\/i0.wp.com\/www.laterredufutur.com\/accueil\/wp-content\/uploads\/2022\/05\/points-solaires-soleil.jpg?fit=1024%2C415&ssl=1&resize=350%2C200","width":350,"height":200,"srcset":"https:\/\/i0.wp.com\/www.laterredufutur.com\/accueil\/wp-content\/uploads\/2022\/05\/points-solaires-soleil.jpg?fit=1024%2C415&ssl=1&resize=350%2C200 1x, https:\/\/i0.wp.com\/www.laterredufutur.com\/accueil\/wp-content\/uploads\/2022\/05\/points-solaires-soleil.jpg?fit=1024%2C415&ssl=1&resize=525%2C300 1.5x, https:\/\/i0.wp.com\/www.laterredufutur.com\/accueil\/wp-content\/uploads\/2022\/05\/points-solaires-soleil.jpg?fit=1024%2C415&ssl=1&resize=700%2C400 2x"},"classes":[]},{"id":25924,"url":"https:\/\/www.laterredufutur.com\/accueil\/le-champ-magnetique-du-soleil-nait-etonnamment-pres-de-la-surface-selon-une-etude\/","url_meta":{"origin":24580,"position":1},"title":"Le champ magn\u00e9tique du Soleil na\u00eet \u00e9tonnamment pr\u00e8s de la surface, selon une \u00e9tude","author":"Admin","date":"29 mai 2024","format":false,"excerpt":"Nous venons peut-\u00eatre de faire un grand pas vers la r\u00e9solution d'un myst\u00e8re qui a d\u00e9concert\u00e9 les scientifiques pendant plus d'un si\u00e8cle. Depuis la d\u00e9couverte du champ magn\u00e9tique solaire en 1908, nous nous sommes efforc\u00e9s de comprendre o\u00f9 il est g\u00e9n\u00e9r\u00e9 dans le Soleil, dans une r\u00e9gion connue sous le\u2026","rel":"","context":"Dans &quot;Soleil&quot;","block_context":{"text":"Soleil","link":"https:\/\/www.laterredufutur.com\/accueil\/sujets\/soleil\/"},"img":{"alt_text":"","src":"https:\/\/i0.wp.com\/www.laterredufutur.com\/accueil\/wp-content\/uploads\/2024\/05\/Soleil-le-20-mai-2024.jpg?fit=642%2C642&ssl=1&resize=350%2C200","width":350,"height":200,"srcset":"https:\/\/i0.wp.com\/www.laterredufutur.com\/accueil\/wp-content\/uploads\/2024\/05\/Soleil-le-20-mai-2024.jpg?fit=642%2C642&ssl=1&resize=350%2C200 1x, https:\/\/i0.wp.com\/www.laterredufutur.com\/accueil\/wp-content\/uploads\/2024\/05\/Soleil-le-20-mai-2024.jpg?fit=642%2C642&ssl=1&resize=525%2C300 1.5x"},"classes":[]},{"id":4838,"url":"https:\/\/www.laterredufutur.com\/accueil\/minimum-solaire-selon-la-nasa\/","url_meta":{"origin":24580,"position":2},"title":"Minimum Solaire selon la Nasa","author":"Admin","date":"15 avril 2009","format":false,"excerpt":"Notre \u00e9toile conna\u00eet une p\u00e9riode de calme in\u00e9gal\u00e9e depuis pr\u00e8s d\u2019un si\u00e8cle, affirment des physiciens de la Nasa. Le signe de cette activit\u00e9 minimale est l\u2019absence de taches sur le Soleil. En 2008 aucune tache n\u2019a \u00e9t\u00e9 observ\u00e9e pendant 266 jours, un record in\u00e9gal\u00e9 depuis 50 ans. Il faut remonter\u2026","rel":"","context":"Dans &quot;Soleil&quot;","block_context":{"text":"Soleil","link":"https:\/\/www.laterredufutur.com\/accueil\/sujets\/soleil\/"},"img":{"alt_text":"","src":"","width":0,"height":0},"classes":[]},{"id":19299,"url":"https:\/\/www.laterredufutur.com\/accueil\/le-nouveau-cycle-solaire-pourrait-etre-le-plus-faible-depuis-200-ans-selon-la-nasa\/","url_meta":{"origin":24580,"position":3},"title":"Le nouveau cycle solaire pourrait \u00eatre le plus faible depuis 200 ans selon la NASA","author":"Admin","date":"14 juin 2019","format":false,"excerpt":"Les derniers astronautes du programme Apollo auraient eu de la chance. Pas seulement parce qu'ils ont \u00e9t\u00e9 choisis pour voyager sur la Lune, mais aussi parce qu'ils n'ont pas d\u00fb subir une m\u00e9t\u00e9o d\u00e9favorable. En effet, ce n'\u00e9tait pas un ouragan ou une vague de chaleur, mais la m\u00e9t\u00e9o spatiale\u2026","rel":"","context":"Dans &quot;Soleil&quot;","block_context":{"text":"Soleil","link":"https:\/\/www.laterredufutur.com\/accueil\/sujets\/soleil\/"},"img":{"alt_text":"","src":"https:\/\/i0.wp.com\/www.laterredufutur.com\/accueil\/wp-content\/uploads\/2018\/05\/soleil-4-mai-2018.gif?fit=696%2C696&ssl=1&resize=350%2C200","width":350,"height":200,"srcset":"https:\/\/i0.wp.com\/www.laterredufutur.com\/accueil\/wp-content\/uploads\/2018\/05\/soleil-4-mai-2018.gif?fit=696%2C696&ssl=1&resize=350%2C200 1x, https:\/\/i0.wp.com\/www.laterredufutur.com\/accueil\/wp-content\/uploads\/2018\/05\/soleil-4-mai-2018.gif?fit=696%2C696&ssl=1&resize=525%2C300 1.5x"},"classes":[]},{"id":4500,"url":"https:\/\/www.laterredufutur.com\/accueil\/ou-sont-passees-les-taches-solaires\/","url_meta":{"origin":24580,"position":4},"title":"Ou sont pass\u00e9es les taches solaires ?","author":"Admin","date":"14 juillet 2008","format":false,"excerpt":"Depuis d\u00e9but 2008, date officielle du nouveau cycle solaire not\u00e9 num\u00e9ro 24. Il est aussi pr\u00e9sent par son absence. Except\u00e9 le vent solaire qui s'est\u00a0bri\u00e8vement accru d'un trou coronal, il n'y a presque aucune activit\u00e9 solaire significative. \u00a0\u00a9NASA Le soleil reste tr\u00e8s calme. Il est normal que notre soleil ait\u2026","rel":"","context":"Dans &quot;Soleil&quot;","block_context":{"text":"Soleil","link":"https:\/\/www.laterredufutur.com\/accueil\/sujets\/soleil\/"},"img":{"alt_text":"","src":"https:\/\/i0.wp.com\/www.laterredufutur.com\/spaw\/images\/may_08_1.png?resize=350%2C200","width":350,"height":200,"srcset":"https:\/\/i0.wp.com\/www.laterredufutur.com\/spaw\/images\/may_08_1.png?resize=350%2C200 1x, https:\/\/i0.wp.com\/www.laterredufutur.com\/spaw\/images\/may_08_1.png?resize=525%2C300 1.5x"},"classes":[]},{"id":938,"url":"https:\/\/www.laterredufutur.com\/accueil\/vers-une-disparition-de-lactivite-solaire\/","url_meta":{"origin":24580,"position":5},"title":"Vers une disparition de l&rsquo;activit\u00e9 solaire","author":"Admin","date":"21 juin 2012","format":false,"excerpt":"Ce billet fait \u00e9cho \u00e0 une br\u00e8ve parue tout r\u00e9cemment (le 14 septembre 2010) dans le journal Science, (Science Now), intitul\u00e9e : \"Say Goodbye to sunspots ?\", soit \"Faut-il dire adieu aux taches solaires ? \" Deux astro-physiciens am\u00e9ricains, Matthew Penn et William Livingston, sp\u00e9cialistes du soleil au National Solar\u2026","rel":"","context":"Dans &quot;Soleil&quot;","block_context":{"text":"Soleil","link":"https:\/\/www.laterredufutur.com\/accueil\/sujets\/soleil\/"},"img":{"alt_text":"maunder","src":"https:\/\/i0.wp.com\/www.laterredufutur.com\/accueil\/wp-content\/uploads\/2011\/06\/maunder.jpg?fit=600%2C300&ssl=1&resize=350%2C200","width":350,"height":200,"srcset":"https:\/\/i0.wp.com\/www.laterredufutur.com\/accueil\/wp-content\/uploads\/2011\/06\/maunder.jpg?fit=600%2C300&ssl=1&resize=350%2C200 1x, https:\/\/i0.wp.com\/www.laterredufutur.com\/accueil\/wp-content\/uploads\/2011\/06\/maunder.jpg?fit=600%2C300&ssl=1&resize=525%2C300 1.5x"},"classes":[]}],"jetpack_sharing_enabled":true,"_links":{"self":[{"href":"https:\/\/www.laterredufutur.com\/accueil\/wp-json\/wp\/v2\/posts\/24580","targetHints":{"allow":["GET"]}}],"collection":[{"href":"https:\/\/www.laterredufutur.com\/accueil\/wp-json\/wp\/v2\/posts"}],"about":[{"href":"https:\/\/www.laterredufutur.com\/accueil\/wp-json\/wp\/v2\/types\/post"}],"author":[{"embeddable":true,"href":"https:\/\/www.laterredufutur.com\/accueil\/wp-json\/wp\/v2\/users\/1"}],"replies":[{"embeddable":true,"href":"https:\/\/www.laterredufutur.com\/accueil\/wp-json\/wp\/v2\/comments?post=24580"}],"version-history":[{"count":1,"href":"https:\/\/www.laterredufutur.com\/accueil\/wp-json\/wp\/v2\/posts\/24580\/revisions"}],"predecessor-version":[{"id":24582,"href":"https:\/\/www.laterredufutur.com\/accueil\/wp-json\/wp\/v2\/posts\/24580\/revisions\/24582"}],"wp:featuredmedia":[{"embeddable":true,"href":"https:\/\/www.laterredufutur.com\/accueil\/wp-json\/wp\/v2\/media\/24581"}],"wp:attachment":[{"href":"https:\/\/www.laterredufutur.com\/accueil\/wp-json\/wp\/v2\/media?parent=24580"}],"wp:term":[{"taxonomy":"category","embeddable":true,"href":"https:\/\/www.laterredufutur.com\/accueil\/wp-json\/wp\/v2\/categories?post=24580"},{"taxonomy":"post_tag","embeddable":true,"href":"https:\/\/www.laterredufutur.com\/accueil\/wp-json\/wp\/v2\/tags?post=24580"}],"curies":[{"name":"wp","href":"https:\/\/api.w.org\/{rel}","templated":true}]}}