{"id":24296,"date":"2022-08-14T09:52:29","date_gmt":"2022-08-14T07:52:29","guid":{"rendered":"https:\/\/www.laterredufutur.com\/accueil\/?p=24296"},"modified":"2022-08-14T09:52:29","modified_gmt":"2022-08-14T07:52:29","slug":"une-mega-secheresse-climatique-europeenne-sest-produite-il-y-a-482-ans","status":"publish","type":"post","link":"https:\/\/www.laterredufutur.com\/accueil\/une-mega-secheresse-climatique-europeenne-sest-produite-il-y-a-482-ans\/","title":{"rendered":"Une m\u00e9ga-s\u00e9cheresse climatique europ\u00e9enne s&rsquo;est produite il y a 482 ans"},"content":{"rendered":"<div class=\"1665f18d14f35dd9e7566e1a8ac9a3e9\" data-index=\"1\" style=\"float: none; margin:10px 0 10px 0; text-align:center;\">\n<script async src=\"https:\/\/pagead2.googlesyndication.com\/pagead\/js\/adsbygoogle.js\"><\/script>\r\n<ins class=\"adsbygoogle\"\r\n     style=\"display:block; text-align:center;\"\r\n     data-ad-layout=\"in-article\"\r\n     data-ad-format=\"fluid\"\r\n     data-ad-client=\"ca-pub-2860849627502538\"\r\n     data-ad-slot=\"3019501113\"><\/ins>\r\n<script>\r\n     (adsbygoogle = window.adsbygoogle || []).push({});\r\n<\/script>\n<\/div>\n<p>h\/t JoNova, Patty Janson ; Une m\u00e9ga-s\u00e9cheresse europ\u00e9enne brutale en 1540, pendant le petit \u00e2ge glaciaire, apporte un autre contexte par rapport aux r\u00e9flexions actuelles.<\/p>\n<p>La plus grande catastrophe naturelle d&rsquo;Europe<\/p>\n<p>Onze mois de pluie quasi inexistante et de chaleur extr\u00eame : Plus de 300 chroniques provenant de toute l&rsquo;Europe r\u00e9v\u00e8lent les d\u00e9tails macabres d&rsquo;une gigantesque catastrophe survenue en 1540. Et elles montrent que la catastrophe peut se reproduire.<\/p>\n<p>L&rsquo;ann\u00e9e 1539 s&rsquo;est termin\u00e9e par un vent d&rsquo;ouest temp\u00e9tueux et doux. Il a beaucoup plu en d\u00e9cembre, les gens se sont r\u00e9fugi\u00e9s chez eux. Ils \u00e9taient loin de se douter de la valeur que les pr\u00e9cipitations allaient bient\u00f4t avoir.<\/p>\n<p>Une s\u00e9cheresse sans pr\u00e9c\u00e9dent<\/p>\n<p>En janvier 1540, une phase de s\u00e9cheresse a commenc\u00e9, comme l&rsquo;Europe centrale n&rsquo;en a jamais connu de m\u00e9moire d&rsquo;homme, selon les scientifiques qui ont pu rassembler d&rsquo;\u00e9normes archives de donn\u00e9es m\u00e9t\u00e9orologiques. Pendant onze mois, il n&rsquo;y a pratiquement pas eu de pr\u00e9cipitations, les chercheurs parlent d&rsquo;une \u00ab\u00a0m\u00e9ga-s\u00e9cheresse\u00a0\u00bb.<\/p>\n<p>L&rsquo;ann\u00e9e a battu tous les records : Contrairement aux estimations pr\u00e9c\u00e9dentes des climatologues, l&rsquo;\u00e9t\u00e9 2003 n&rsquo;est pas le plus chaud connu &#8211; 1540 l&rsquo;a d\u00e9pass\u00e9 de loin, \u00e9crit le groupe de recherche international dirig\u00e9 par Oliver Wetter de l&rsquo;Universit\u00e9 de Berne dans la revue \u00ab\u00a0Climate Change\u00a0\u00bb.<\/p>\n<p>A pied \u00e0 travers le Rhin<\/p>\n<p>Au cours de l&rsquo;\u00e9t\u00e9 1540, les gens \u00e9taient de plus en plus d\u00e9sesp\u00e9r\u00e9s de trouver de l&rsquo;eau potable. M\u00eame un m\u00e8tre et demi sous le lit de certaines rivi\u00e8res en Suisse, \u00ab\u00a0pas une goutte\u00a0\u00bb n&rsquo;a \u00e9t\u00e9 trouv\u00e9e, comme l&rsquo;a not\u00e9 le chroniqueur Hans Salat. Les puits et les sources qui n&rsquo;avaient jamais tari auparavant \u00e9taient en jach\u00e8re. Les autres \u00e9taient strictement gard\u00e9s et ne servaient que lorsque la cloche sonnait. L&rsquo;eau contamin\u00e9e a provoqu\u00e9 la mort de milliers de personnes atteintes de dysenterie, une inflammation du c\u00f4lon.<\/p>\n<p>Le niveau du lac de Constance a tellement baiss\u00e9 que l&rsquo;\u00eele de Lindau a \u00e9t\u00e9 reli\u00e9e au continent au cours de l&rsquo;\u00e9t\u00e9 1540, ce qui autrement ne se produit qu&rsquo;en hiver tout au plus, lorsque les pr\u00e9cipitations restent sous forme de neige dans les montagnes et s&rsquo;\u00e9coulent lentement dans le lac. \u00ab\u00a0Le lac \u00e9tait si petit\u00a0\u00bb, se demandaient les chroniqueurs.<\/p>\n<p>Pour en savoir plus (allemand) : https:\/\/www.t-online.de\/nachrichten\/klimawandel\/id_70084656\/hitze-jahr-1540-europas-groesste-naturkatastrophe-.html<br \/>\nL&rsquo;article d&rsquo;Oliver Wetter ;<\/p>\n<p>Un \u00e9v\u00e9nement record sous-estim\u00e9 &#8211; pourquoi l&rsquo;\u00e9t\u00e9 1540 a \u00e9t\u00e9 probablement plus chaud que 2003<\/p>\n<p>O. Wetter 1,2 et C. Pfister1 1 Oeschger Centre for Climate Change Research, Universit\u00e9 de Berne, Berne, Suisse 2 Institut d&rsquo;histoire, Section d&rsquo;histoire \u00e9conomique, sociale et environnementale (WSU), Universit\u00e9 de Berne, Berne, Suisse Correspondance \u00e0 : O. Wetter (oliver.wetter@hist.unibe.ch) et C. Pfister (christian.pfister@hist.unibe.ch)<\/p>\n<p>R\u00e9sum\u00e9. La chaleur de l&rsquo;\u00e9t\u00e9 2003 en Europe occidentale et centrale a \u00e9t\u00e9 pr\u00e9tendue sans pr\u00e9c\u00e9dent depuis le Moyen \u00c2ge sur la base des donn\u00e9es de vendanges (GHD) et des donn\u00e9es de densit\u00e9 maximale de bois tardif (MXD) des arbres dans les Alpes. Cet article montre que les auteurs de ces \u00e9tudes n&rsquo;ont pas tenu compte du fait que la chaleur et la s\u00e9cheresse qui ont s\u00e9vi en Suisse en 1540 ont probablement d\u00e9pass\u00e9 l&rsquo;amplitude de l&rsquo;\u00e9t\u00e9 le plus chaud de l&rsquo;ann\u00e9e 2003, car l&rsquo;anomalie persistante de temp\u00e9rature et de pr\u00e9cipitation de cette ann\u00e9e-l\u00e0, d\u00e9crite dans un ensemble abondant et coh\u00e9rent de preuves documentaires, a gravement affect\u00e9 la fiabilit\u00e9 des donn\u00e9es GHD et des cernes des arbres en tant qu&rsquo;indicateurs indirects pour les estimations de temp\u00e9rature. Des anomalies de temp\u00e9rature printemps-\u00e9t\u00e9 (AMJJ) de 4,7 \u25e6C \u00e0 6,8 \u25e6C, nettement plus \u00e9lev\u00e9es qu&rsquo;en 2003, ont \u00e9t\u00e9 \u00e9valu\u00e9es pour l&rsquo;ann\u00e9e 1540 \u00e0 partir d&rsquo;une nouvelle longue s\u00e9rie suisse de DHA (1444 \u00e0 2011). Pendant le point culminant de la vague de chaleur au d\u00e9but du mois d&rsquo;ao\u00fbt, les raisins se sont dess\u00e9ch\u00e9s sur la vigne, ce qui a amen\u00e9 de nombreux viticulteurs \u00e0 interrompre ou \u00e0 reporter les vendanges, malgr\u00e9 la pleine maturit\u00e9 des raisins, jusqu&rsquo;apr\u00e8s la prochaine p\u00e9riode de pluie. De m\u00eame, les feuilles de nombreux arbres se sont fl\u00e9tries et sont tomb\u00e9es au sol sous l&rsquo;effet d&rsquo;un stress extr\u00eame d\u00fb \u00e0 la s\u00e9cheresse, comme on peut s&rsquo;y attendre \u00e0 la fin de l&rsquo;automne. Il reste \u00e0 d\u00e9terminer par des recherches ult\u00e9rieures si et dans quelle mesure ce r\u00e9sultat obtenu \u00e0 partir d&rsquo;analyses locales peut \u00eatre extrapol\u00e9 spatialement. Sur la base des estimations de temp\u00e9rature pour la Suisse, on suppose, \u00e0 partir d&rsquo;un grand nombre de preuves documentaires qualitatives coh\u00e9rentes sur la s\u00e9cheresse thermique exceptionnelle de 1540, que les temp\u00e9ratures AMJJ \u00e9taient probablement plus extr\u00eames dans les r\u00e9gions voisines d&rsquo;Europe occidentale et centrale qu&rsquo;en 2003. Compte tenu de l&rsquo;importance des d\u00e9ficits en humidit\u00e9 du sol pour les vagues de chaleur record, ces r\u00e9sultats doivent encore \u00eatre valid\u00e9s avec les pr\u00e9cipitations saisonni\u00e8res estim\u00e9es. En conclusion, les donn\u00e9es biologiques indirectes peuvent ne pas r\u00e9v\u00e9ler correctement les \u00e9v\u00e9nements records de chaleur et de s\u00e9cheresse. De telles \u00e9valuations doivent donc \u00eatre compl\u00e9t\u00e9es par l&rsquo;\u00e9tude critique de preuves contemporaines provenant de sources documentaires qui fournissent des donn\u00e9es coh\u00e9rentes et d\u00e9taill\u00e9es sur les extr\u00eames climatiques et leurs impacts sur les syst\u00e8mes humains, \u00e9cologiques et sociaux.<\/p><div class=\"1665f18d14f35dd9e7566e1a8ac9a3e9\" data-index=\"2\" style=\"float: none; margin:10px 0 10px 0; text-align:center;\">\n<script async src=\"https:\/\/pagead2.googlesyndication.com\/pagead\/js\/adsbygoogle.js\"><\/script>\r\n<ins class=\"adsbygoogle\"\r\n     style=\"display:block; text-align:center;\"\r\n     data-ad-layout=\"in-article\"\r\n     data-ad-format=\"fluid\"\r\n     data-ad-client=\"ca-pub-2860849627502538\"\r\n     data-ad-slot=\"3019501113\"><\/ins>\r\n<script>\r\n     (adsbygoogle = window.adsbygoogle || []).push({});\r\n<\/script>\n<\/div>\n\n<p>Pour en savoir plus (inscription obligatoire par e-mail) : https:\/\/www.academia.edu\/26112640\/Climate_of_the_Past<br \/>\nCe n&rsquo;\u00e9tait pas seulement 1540 &#8211; il y a des preuves que la p\u00e9riode s\u00e8che a dur\u00e9 neuf ans, jusqu&rsquo;\u00e0 la s\u00e9cheresse de 1540.<\/p>\n<p>Europe centrale, 1531-1540 CE : La d\u00e9cennie estivale la plus s\u00e8che des cinq derniers si\u00e8cles ?<\/p>\n<p>Rudolf Br\u00e1zdil 1,2, Petr Dobrovoln\u00fd 1,2, Martin Bauch 3, Chantal Camenisch 4,5, Andrea Kiss 6,7, 5 Old\u0159ich Kotyza 8, Piotr Oli\u0144ski 9, Ladislava \u0158ezn\u00ed\u010dkov\u00e1 1,2<\/p>\n<p>1 Institut de g\u00e9ographie, Universit\u00e9 Masaryk, Brno, R\u00e9publique tch\u00e8que<br \/>\n2 Institut de recherche sur le changement global, Acad\u00e9mie tch\u00e8que des sciences, Brno, R\u00e9publique tch\u00e8que<br \/>\n3 Institut Leibniz pour l&rsquo;histoire et la culture de l&rsquo;Europe de l&rsquo;Est (GWZO), Leipzig, Allemagne<br \/>\n10 4 Centre Oeschger pour la recherche sur le changement climatique, Universit\u00e9 de Berne, Berne, Suisse 5Institut d&rsquo;histoire, Universit\u00e9 de Berne, Berne, Suisse<br \/>\n6 Institut d&rsquo;ing\u00e9nierie hydraulique et de gestion des ressources en eau, Universit\u00e9 de technologie de Vienne, Vienne, Autriche<br \/>\n7 D\u00e9partement des sciences auxiliaires historiques, Institut d&rsquo;histoire, Universit\u00e9 de Szeged, 15 Hongrie<br \/>\n8 Mus\u00e9e r\u00e9gional, Litom\u011b\u0159ice, R\u00e9publique tch\u00e8que<br \/>\n9 Institut d&rsquo;histoire et des sciences archivistiques, Universit\u00e9 de Toru\u0144, Pologne<\/p>\n<p>Correspondance \u00e0 : Rudolf Br\u00e1zdil (brazdil@sci.muni.cz) 20<\/p>\n<p>R\u00e9sum\u00e9. Sur la base de trois indices de s\u00e9cheresse (SPI, SPEI, Z-index) reconstruits \u00e0 partir des preuves documentaires et des enregistrements instrumentaux, les \u00e9t\u00e9s de 1531-1540 ont \u00e9t\u00e9 identifi\u00e9s comme la d\u00e9cennie estivale la plus s\u00e8che au cours de la p\u00e9riode 1501-2015 dans les Pays tch\u00e8ques. Sur la base des donn\u00e9es documentaires, \u00e9tendues de l&rsquo;\u00e9chelle tch\u00e8que \u00e0 l&rsquo;Europe centrale, des r\u00e9gimes secs de diverses intensit\u00e9s (repr\u00e9sent\u00e9s, par exemple, par des p\u00e9riodes s\u00e8ches, un faible nombre de jours de pr\u00e9cipitations, des rivi\u00e8res tr\u00e8s basses et l&rsquo;ass\u00e8chement des sources d&rsquo;eau) se sont produits en 1532, 1534-1536, 1538 et surtout 1540, rompus par des r\u00e9gimes plus humides ou normaux en 1531, 1533, 1537 et 1539. Les informations relatives aux s\u00e9cheresses estivales extraites des donn\u00e9es documentaires en Europe centrale ont \u00e9t\u00e9 confirm\u00e9es par les totaux de pr\u00e9cipitations estivales issus d&rsquo;une reconstruction multiproxy pour l&rsquo;Europe par Pauling et al. (2006) et par la reconstruction PDSI estivale auto-calibr\u00e9e \u00e0 partir de la largeur des cernes des arbres dans l&rsquo;OWDA par Cook et al. (2015). Les sch\u00e9mas estivaux d\u00e9crits sont coh\u00e9rents avec la distribution des \u00e9carts de pression du niveau de la mer par rapport \u00e0 une p\u00e9riode de r\u00e9f\u00e9rence moderne. Les s\u00e9cheresses estivales ont \u00e9t\u00e9 responsables de nombreux impacts n\u00e9gatifs, tels que de mauvaises r\u00e9coltes de certaines cultures, la r\u00e9duction et l&rsquo;absence de sources d&rsquo;eau, et de fr\u00e9quents feux de for\u00eat, tandis que lors des \u00e9t\u00e9s plus humides, l&rsquo;Europe centrale a \u00e9t\u00e9 touch\u00e9e par des inondations. Cependant, il n&rsquo;y a pas d&rsquo;indications d&rsquo;impacts graves ayant un effet sur plusieurs pays ou plusieurs ann\u00e9es. Les reconstructions bas\u00e9es sur des donn\u00e9es documentaires indiquent que les \u00e9t\u00e9s 1531-1540 constituent la d\u00e9cennie estivale la plus s\u00e8che en Europe centrale au cours des cinq derniers si\u00e8cles, entre 1501 et 2010 CE.<\/p>\n<p>Entre 1528 et 1534, divers \u00e9crits de chroniqueurs de l\u2019\u00e9poque rapportent : \u00ab Le printemps et l\u2019automne ne forment plus qu\u2019une seule saison ; l\u2019hiver m\u00eame a la douceur du printemps et le charme de l\u2019automne ou, pour mieux dire, l\u2019\u00e9t\u00e9 se continue durant l\u2019ann\u00e9e enti\u00e8re. En cinq ans, on ne vit pas deux jours de gel\u00e9e\u2026 Cette chaleur importune \u00e9nerve la nature et la rend impuissante ; elle n\u2019am\u00e8ne rien \u00e0 maturit\u00e9, les arbres poussent des fleurs apr\u00e8s le fruit, les bl\u00e9s ne croissent point en terre et, faute d\u2019hiver, il y a si grande quantit\u00e9 de vermine que les r\u00e9coltes sont minables\u2026 \u00bb Pourtant, 2 ann\u00e9es seulement, 1540 et 1553, sont qualifi\u00e9es de grands \u00e9t\u00e9s.<\/p>\n<p>Pour en savoir plus : https:\/\/cp.copernicus.org\/preprints\/cp-2020-92\/cp-2020-92.pdf<br \/>\nLe fait est que, m\u00eame si vous pensez que le r\u00e9chauffement climatique rend les s\u00e9cheresses plus fr\u00e9quentes, il n&rsquo;y a aucun moyen d&#8217;emp\u00eacher les s\u00e9cheresses graves de se produire. Si une m\u00e9ga-s\u00e9cheresse peut se produire au milieu du petit \u00e2ge glaciaire, il n&rsquo;y a pas de temp\u00e9rature mondiale raisonnable qui puisse emp\u00eacher compl\u00e8tement de tels \u00e9v\u00e9nements.<\/p>\n<p>Les Europ\u00e9ens doivent se pr\u00e9parer \u00e0 de graves s\u00e9cheresses, quels que soient les niveaux mondiaux de CO2 ou le changement climatique.<\/p>\n<p>Heureusement, aujourd&rsquo;hui, contrairement \u00e0 nos anc\u00eatres, nous avons la capacit\u00e9 technique de cr\u00e9er de grands r\u00e9servoirs pour nous aider \u00e0 surmonter de tels \u00e9v\u00e9nements.<\/p>\n<p>Nous disposons m\u00eame d&rsquo;une m\u00e9thode peu co\u00fbteuse pour prot\u00e9ger nos r\u00e9servoirs d&rsquo;eau d&rsquo;une \u00e9vaporation excessive, gr\u00e2ce \u00e0 une innovation d\u00e9velopp\u00e9e en Californie.<\/p>\n<p>La prochaine fois, les dirigeants europ\u00e9ens seront peut-\u00eatre mieux pr\u00e9par\u00e9s.<\/p>\n<p>Adaptation <a href=\"https:\/\/www.laterredufutur.com\/accueil\/\">Terra Projects<\/a><\/p>\n<p>Sources : <a href=\"https:\/\/wattsupwiththat.com\/2022\/08\/13\/the-european-climate-megadrought-which-happened-482-years-ago\/\">https:\/\/wattsupwiththat.com\/<\/a> \/ <a href=\"http:\/\/www.rosinelagier.com\/Articles\/S15_canicules.htm\" rel=\"noopener\" target=\"_blank\">http:\/\/www.rosinelagier.com\/<\/a><\/p>\n<p class=\"bawpvc-ajax-counter\" data-id=\"24296\">(2183)<\/p>\n<!--CusAds0-->\n<div style=\"font-size: 0px; height: 0px; line-height: 0px; margin: 0; padding: 0; clear: both;\"><\/div>","protected":false},"excerpt":{"rendered":"<p>h\/t JoNova, Patty Janson ; Une m\u00e9ga-s\u00e9cheresse europ\u00e9enne brutale en 1540, pendant le petit \u00e2ge glaciaire, apporte un autre contexte&#8230;<\/p>\n","protected":false},"author":1,"featured_media":18808,"comment_status":"open","ping_status":"open","sticky":false,"template":"","format":"standard","meta":{"_exactmetrics_skip_tracking":false,"_exactmetrics_sitenote_active":false,"_exactmetrics_sitenote_note":"","_exactmetrics_sitenote_category":0,"ngg_post_thumbnail":0,"jetpack_post_was_ever_published":false,"_jetpack_newsletter_access":"","_jetpack_dont_email_post_to_subs":false,"_jetpack_newsletter_tier_id":0,"_jetpack_memberships_contains_paywalled_content":false,"_jetpack_memberships_contains_paid_content":false,"footnotes":"","jetpack_publicize_message":"Une m\u00e9ga-s\u00e9cheresse climatique europ\u00e9enne s'est produite il y a 482 ans @laterredufutur.com Terra Projects","jetpack_publicize_feature_enabled":true,"jetpack_social_post_already_shared":true,"jetpack_social_options":{"image_generator_settings":{"template":"highway","default_image_id":0,"font":"","enabled":false},"version":2}},"categories":[33,20],"tags":[7933,188,233,329],"class_list":["post-24296","post","type-post","status-publish","format-standard","has-post-thumbnail","hentry","category-archeologie","category-climat","tag-7933","tag-europe","tag-histoire","tag-secheresse","wpcat-33-id","wpcat-20-id"],"jetpack_publicize_connections":[],"jetpack_featured_media_url":"https:\/\/i0.wp.com\/www.laterredufutur.com\/accueil\/wp-content\/uploads\/2019\/03\/tdf-secheresse.jpg?fit=1000%2C652&ssl=1","jetpack_shortlink":"https:\/\/wp.me\/p631RN-6jS","jetpack-related-posts":[{"id":2753,"url":"https:\/\/www.laterredufutur.com\/accueil\/secheresse-record\/","url_meta":{"origin":24296,"position":0},"title":"S\u00e9cheresse record","author":"Admin","date":"22 mars 2005","format":false,"excerpt":"Apr\u00e8s un hiver qui fut qu'un bel hiver d'apr\u00e8s certains sp\u00e9cialistes. Voici une s\u00e9cheresse qui ne sera certainement qu'une belle s\u00e9cheresse. Mais au del\u00e0 de l'ironie, les records semblent vouloir tomber. Ainsi la s\u00e9cheresse actuelle n'avait pas \u00e9t\u00e9 vue depuis 29 ans... Cette s\u00e9cheresse ne tombe vraiment pas \u00e0 pic...\u2026","rel":"","context":"Dans &quot;M\u00e9t\u00e9orologie&quot;","block_context":{"text":"M\u00e9t\u00e9orologie","link":"https:\/\/www.laterredufutur.com\/accueil\/sujets\/meteorologie\/"},"img":{"alt_text":"","src":"","width":0,"height":0},"classes":[]},{"id":21217,"url":"https:\/\/www.laterredufutur.com\/accueil\/les-canicules-de-1718-1719-firent-700000-morts\/","url_meta":{"origin":24296,"position":1},"title":"Les canicules de 1718-1719 firent 700000 morts","author":"Admin","date":"4 septembre 2020","format":false,"excerpt":"Emmanuel Le Roy Ladurie, 74 ans, professeur au Coll\u00e8ge de France, a \u00e9crit une Histoire du climat depuis l'an mil (Flammarion, 1967), maintes fois r\u00e9\u00e9dit\u00e9e, qui reste le livre de r\u00e9f\u00e9rence sur le sujet. J'aurais plut\u00f4t tendance \u00e0 la relativiser ; m\u00eame si l'aggravation du ph\u00e9nom\u00e8ne d'effet de serre est\u2026","rel":"","context":"Dans &quot;Ev\u00e8nement Brutal&quot;","block_context":{"text":"Ev\u00e8nement Brutal","link":"https:\/\/www.laterredufutur.com\/accueil\/sujets\/evenement-brutal\/"},"img":{"alt_text":"","src":"https:\/\/i0.wp.com\/www.laterredufutur.com\/accueil\/wp-content\/uploads\/2019\/03\/tdf-secheresse.jpg?fit=1000%2C652&ssl=1&resize=350%2C200","width":350,"height":200,"srcset":"https:\/\/i0.wp.com\/www.laterredufutur.com\/accueil\/wp-content\/uploads\/2019\/03\/tdf-secheresse.jpg?fit=1000%2C652&ssl=1&resize=350%2C200 1x, https:\/\/i0.wp.com\/www.laterredufutur.com\/accueil\/wp-content\/uploads\/2019\/03\/tdf-secheresse.jpg?fit=1000%2C652&ssl=1&resize=525%2C300 1.5x, https:\/\/i0.wp.com\/www.laterredufutur.com\/accueil\/wp-content\/uploads\/2019\/03\/tdf-secheresse.jpg?fit=1000%2C652&ssl=1&resize=700%2C400 2x"},"classes":[]},{"id":13218,"url":"https:\/\/www.laterredufutur.com\/accueil\/dossier-records-de-secheresse-et-catastrophe-incendiaire-en-france\/","url_meta":{"origin":24296,"position":2},"title":"Dossier : Records de s\u00e9cheresse et catastrophe incendiaire en France","author":"Admin","date":"6 septembre 2016","format":false,"excerpt":"L'\u00e9t\u00e9, marqu\u00e9 par une alternance de fra\u00eecheur et de chaleur estivale, s'est achev\u00e9 par une vague de chaleur tardive en fin de saison. Les nets rafra\u00eechissements enregistr\u00e9s les 18 juin, 14 juillet et 10 ao\u00fbt ont pr\u00e9c\u00e9d\u00e9 des pics de chaleur courts mais prononc\u00e9s les 23 juin 2016, 19 juillet\u2026","rel":"","context":"Dans &quot;Ev\u00e8nement Brutal&quot;","block_context":{"text":"Ev\u00e8nement Brutal","link":"https:\/\/www.laterredufutur.com\/accueil\/sujets\/evenement-brutal\/"},"img":{"alt_text":"","src":"https:\/\/i0.wp.com\/www.laterredufutur.com\/accueil\/wp-content\/uploads\/2016\/09\/pompiers-incendie-marseille-5sept2016.jpg?fit=776%2C520&ssl=1&resize=350%2C200","width":350,"height":200,"srcset":"https:\/\/i0.wp.com\/www.laterredufutur.com\/accueil\/wp-content\/uploads\/2016\/09\/pompiers-incendie-marseille-5sept2016.jpg?fit=776%2C520&ssl=1&resize=350%2C200 1x, https:\/\/i0.wp.com\/www.laterredufutur.com\/accueil\/wp-content\/uploads\/2016\/09\/pompiers-incendie-marseille-5sept2016.jpg?fit=776%2C520&ssl=1&resize=525%2C300 1.5x, https:\/\/i0.wp.com\/www.laterredufutur.com\/accueil\/wp-content\/uploads\/2016\/09\/pompiers-incendie-marseille-5sept2016.jpg?fit=776%2C520&ssl=1&resize=700%2C400 2x"},"classes":[]},{"id":16947,"url":"https:\/\/www.laterredufutur.com\/accueil\/lalerte-a-la-secheresse-de-vieilles-pierres-refont-surface-en-europe-quand-vous-me-voyez-pleurez\/","url_meta":{"origin":24296,"position":3},"title":"L&rsquo;alerte \u00e0 la s\u00e9cheresse, de vieilles pierres refont surface en Europe : \u00a0\u00bb Quand vous me voyez, pleurez \u00ab\u00a0.","author":"Admin","date":"7 septembre 2018","format":false,"excerpt":"De vieilles pierres portant des messages inqui\u00e9tants ont refait surface dans une rivi\u00e8re en Europe centrale, d'apr\u00e8s des reportages. Tout ceci d\u00e9montrant que l'inqui\u00e9tude de s\u00e9cheresses actuelles n'est pas un fait nouveau ! Au cours des si\u00e8cles, les Europ\u00e9ens ont marqu\u00e9 les bas niveaux d'eau pendant les s\u00e9cheresses en taillant\u2026","rel":"","context":"Dans &quot;Arch\u00e9ologie&quot;","block_context":{"text":"Arch\u00e9ologie","link":"https:\/\/www.laterredufutur.com\/accueil\/sujets\/archeologie\/"},"img":{"alt_text":"","src":"https:\/\/i0.wp.com\/www.laterredufutur.com\/accueil\/wp-content\/uploads\/2018\/08\/pierre-avertissement-famine-secheresse-europe.jpg?fit=600%2C243&ssl=1&resize=350%2C200","width":350,"height":200,"srcset":"https:\/\/i0.wp.com\/www.laterredufutur.com\/accueil\/wp-content\/uploads\/2018\/08\/pierre-avertissement-famine-secheresse-europe.jpg?fit=600%2C243&ssl=1&resize=350%2C200 1x, https:\/\/i0.wp.com\/www.laterredufutur.com\/accueil\/wp-content\/uploads\/2018\/08\/pierre-avertissement-famine-secheresse-europe.jpg?fit=600%2C243&ssl=1&resize=525%2C300 1.5x"},"classes":[]},{"id":2505,"url":"https:\/\/www.laterredufutur.com\/accueil\/la-civilisation-maya-a-disparu-a-cause-dune-secheresse\/","url_meta":{"origin":24296,"position":4},"title":"La civilisation maya a disparu \u00e0 cause d&rsquo;une s\u00e9cheresse","author":"Admin","date":"15 mars 2015","format":false,"excerpt":"Le changement climatique, responsable d'une longue s\u00e9cheresse catastrophique, a \u00e9t\u00e9 fatal \u00e0 la civilisation maya, selon des chercheurs. Elle faisait partie des cultures les plus grandioses et avanc\u00e9es de son \u00e9poque. Mais \u00e0 l\u2019aube du IXe si\u00e8cle, la civilisation maya a brutalement disparu. Une \u00e9tude scientifique de novembre 2012 a\u2026","rel":"","context":"Dans &quot;Arch\u00e9ologie&quot;","block_context":{"text":"Arch\u00e9ologie","link":"https:\/\/www.laterredufutur.com\/accueil\/sujets\/archeologie\/"},"img":{"alt_text":"","src":"https:\/\/i0.wp.com\/www.laterredufutur.com\/wordpress\/wp-content\/uploads\/2015\/03\/laterredufutur.com_photos_maya-0.jpg?resize=350%2C200","width":350,"height":200},"classes":[]},{"id":2986,"url":"https:\/\/www.laterredufutur.com\/accueil\/secheresses-incendies-et-causes\/","url_meta":{"origin":24296,"position":5},"title":"S\u00e9cheresses, Incendies et Causes","author":"Admin","date":"27 juillet 2005","format":false,"excerpt":"Avec les nombreux incendies qui ont frapp\u00e9 l'Espagne, le Portugal,\u00a0le Canada, la Chine, la France, un autre constat est \u00e9galement la s\u00e9cheresse. Beaucoup de ph\u00e9nom\u00e8nes m\u00e9t\u00e9orologiques sont soudains et \u00e9ph\u00e9m\u00e8res, tandis que la s\u00e9cheresse est plus insidieuse, car elle frappe progressivement une r\u00e9gion et maintient son emprise au fil du\u2026","rel":"","context":"Dans &quot;Ev\u00e8nement Brutal&quot;","block_context":{"text":"Ev\u00e8nement Brutal","link":"https:\/\/www.laterredufutur.com\/accueil\/sujets\/evenement-brutal\/"},"img":{"alt_text":"","src":"https:\/\/i0.wp.com\/www.laterredufutur.com\/accueil\/wp-content\/uploads\/2015\/04\/feu-incendie.jpg?fit=384%2C256&ssl=1&resize=350%2C200","width":350,"height":200},"classes":[]}],"jetpack_sharing_enabled":true,"_links":{"self":[{"href":"https:\/\/www.laterredufutur.com\/accueil\/wp-json\/wp\/v2\/posts\/24296","targetHints":{"allow":["GET"]}}],"collection":[{"href":"https:\/\/www.laterredufutur.com\/accueil\/wp-json\/wp\/v2\/posts"}],"about":[{"href":"https:\/\/www.laterredufutur.com\/accueil\/wp-json\/wp\/v2\/types\/post"}],"author":[{"embeddable":true,"href":"https:\/\/www.laterredufutur.com\/accueil\/wp-json\/wp\/v2\/users\/1"}],"replies":[{"embeddable":true,"href":"https:\/\/www.laterredufutur.com\/accueil\/wp-json\/wp\/v2\/comments?post=24296"}],"version-history":[{"count":1,"href":"https:\/\/www.laterredufutur.com\/accueil\/wp-json\/wp\/v2\/posts\/24296\/revisions"}],"predecessor-version":[{"id":24297,"href":"https:\/\/www.laterredufutur.com\/accueil\/wp-json\/wp\/v2\/posts\/24296\/revisions\/24297"}],"wp:featuredmedia":[{"embeddable":true,"href":"https:\/\/www.laterredufutur.com\/accueil\/wp-json\/wp\/v2\/media\/18808"}],"wp:attachment":[{"href":"https:\/\/www.laterredufutur.com\/accueil\/wp-json\/wp\/v2\/media?parent=24296"}],"wp:term":[{"taxonomy":"category","embeddable":true,"href":"https:\/\/www.laterredufutur.com\/accueil\/wp-json\/wp\/v2\/categories?post=24296"},{"taxonomy":"post_tag","embeddable":true,"href":"https:\/\/www.laterredufutur.com\/accueil\/wp-json\/wp\/v2\/tags?post=24296"}],"curies":[{"name":"wp","href":"https:\/\/api.w.org\/{rel}","templated":true}]}}