{"id":24273,"date":"2022-08-09T17:20:07","date_gmt":"2022-08-09T15:20:07","guid":{"rendered":"https:\/\/www.laterredufutur.com\/accueil\/?p=24273"},"modified":"2022-08-09T17:49:30","modified_gmt":"2022-08-09T15:49:30","slug":"le-blob-de-chaleur-de-locean-pacifique-nord-impacte-durement-le-climat-sur-lamerique-du-nord-et-leurope","status":"publish","type":"post","link":"https:\/\/www.laterredufutur.com\/accueil\/le-blob-de-chaleur-de-locean-pacifique-nord-impacte-durement-le-climat-sur-lamerique-du-nord-et-leurope\/","title":{"rendered":"Le blob de chaleur de l&rsquo;oc\u00e9an Pacifique Nord impacte durement le climat sur l&rsquo;Am\u00e9rique du Nord et l&rsquo;Europe&#8230; Chaleurs et s\u00e9cheresses"},"content":{"rendered":"<div class=\"1665f18d14f35dd9e7566e1a8ac9a3e9\" data-index=\"1\" style=\"float: none; margin:10px 0 10px 0; text-align:center;\">\n<script async src=\"https:\/\/pagead2.googlesyndication.com\/pagead\/js\/adsbygoogle.js\"><\/script>\r\n<ins class=\"adsbygoogle\"\r\n     style=\"display:block; text-align:center;\"\r\n     data-ad-layout=\"in-article\"\r\n     data-ad-format=\"fluid\"\r\n     data-ad-client=\"ca-pub-2860849627502538\"\r\n     data-ad-slot=\"3019501113\"><\/ins>\r\n<script>\r\n     (adsbygoogle = window.adsbygoogle || []).push({});\r\n<\/script>\n<\/div>\n<p>Celui que les scientifiques surnomment \u00ab le blob \u00bb est une zone de chaleur anormale situ\u00e9e dans une partie de l&rsquo;oc\u00e9an Pacifique. Cette grande masse d&rsquo;eau, localis\u00e9e au large des c\u00f4tes de l&rsquo;Am\u00e9rique du Nord, a \u00e9t\u00e9 d\u00e9couverte \u00e0 la fin de l&rsquo;ann\u00e9e 2013 et a continu\u00e9 \u00e0 se propager et \u00e0 se r\u00e9chauffer au cours des ann\u00e9es suivantes. Pourquoi l&rsquo;appelle-t-on le blob ? Il s&rsquo;agit d&rsquo;une r\u00e9f\u00e9rence directe au film d&rsquo;horreur du m\u00eame nom sorti en 1988 ! Dans ce film am\u00e9ricain, une masse monstrueuse, venue de l&rsquo;espace, se propage sur la Terre et avale tout sur son passage, animaux et \u00eatres humains. Un peu \u00e0 l&rsquo;image de cette vague de chaleur qui se propage dans l&rsquo;oc\u00e9an en an\u00e9antissant la vie marine.<\/p>\n<p>L&rsquo;universit\u00e9 d&rsquo;Hambourg, qui a \u00e9tudi\u00e9 le ph\u00e9nom\u00e8ne et publi\u00e9 son \u00e9tude dans Communications Terre &amp; Environnement, estime que, lors de son pic entre 2013 et 2015, le blob de chaleur a caus\u00e9 la mort de plus de 100 millions de morues et de milliers d&rsquo;oiseaux marins, en plus d&rsquo;autres esp\u00e8ces tout aussi touch\u00e9es mais moins visibles. La reproduction des baleines a \u00e9galement \u00e9t\u00e9 affect\u00e9e, et la population d&rsquo;\u00e9toiles de mer a subi une vague de mortalit\u00e9 d&rsquo;origine inconnue, peut-\u00eatre \u00e9galement caus\u00e9e par la chaleur de l&rsquo;eau. Ce pic de chaleur a aussi engendr\u00e9 la prolif\u00e9ration d&rsquo;une algue toxique qui a oblig\u00e9 de nombreuses entreprises de p\u00eache \u00e0 suspendre leurs activit\u00e9s.<\/p>\n<p>Le blob continue de se r\u00e9chauffer et influence la m\u00e9t\u00e9o<\/p>\n<p>Le blob de l&rsquo;oc\u00e9an Pacifique continue de se r\u00e9chauffer : l&rsquo;universit\u00e9 d&rsquo;Hambourg estime que la temp\u00e9rature gagne en moyenne 0,4 \u00b0C par d\u00e9cennie. Les temp\u00e9ratures atteignent un niveau digne de l&rsquo;\u00e9t\u00e9 37 jours de plus par an, en comparaison des 20 ans pr\u00e9c\u00e9dentes. En 2019, la temp\u00e9rature de cette zone du Pacifique a d\u00e9pass\u00e9 de 6 \u00b0C le niveau des moyennes de saison. Cette chaleur de l&rsquo;eau n&rsquo;affecte pas seulement la vie marine, elle influence la m\u00e9t\u00e9o de la zone et des terres \u00e0 proximit\u00e9.<\/p>\n<p>Les scientifiques ont d\u00e9couvert qu&rsquo;il y avait de moins en moins de nuages bas au-dessus de cette zone du Pacifique au cours de l&rsquo;hiver : ces nuages ont un effet rafra\u00eechissant sur les eaux de surface. Des zones de hautes pressions se forment davantage, avec un ciel d\u00e9gag\u00e9 et donc un temps sec, aggravant la s\u00e9cheresse des terres canadiennes et am\u00e9ricaines situ\u00e9es \u00e0 proximit\u00e9.<\/p>\n<p><img data-recalc-dims=\"1\" loading=\"lazy\" decoding=\"async\" data-attachment-id=\"18808\" data-permalink=\"https:\/\/www.laterredufutur.com\/accueil\/le-blob-de-chaleur-de-locean-pacifique-nord-impacte-durement-le-climat-sur-lamerique-du-nord-et-leurope\/tdf-secheresse\/\" data-orig-file=\"https:\/\/i0.wp.com\/www.laterredufutur.com\/accueil\/wp-content\/uploads\/2019\/03\/tdf-secheresse.jpg?fit=1000%2C652&amp;ssl=1\" data-orig-size=\"1000,652\" data-comments-opened=\"1\" data-image-meta=\"{&quot;aperture&quot;:&quot;0&quot;,&quot;credit&quot;:&quot;&quot;,&quot;camera&quot;:&quot;&quot;,&quot;caption&quot;:&quot;&quot;,&quot;created_timestamp&quot;:&quot;0&quot;,&quot;copyright&quot;:&quot;&quot;,&quot;focal_length&quot;:&quot;0&quot;,&quot;iso&quot;:&quot;0&quot;,&quot;shutter_speed&quot;:&quot;0&quot;,&quot;title&quot;:&quot;&quot;,&quot;orientation&quot;:&quot;0&quot;}\" data-image-title=\"tdf-secheresse\" data-image-description=\"\" data-image-caption=\"\" data-large-file=\"https:\/\/i0.wp.com\/www.laterredufutur.com\/accueil\/wp-content\/uploads\/2019\/03\/tdf-secheresse.jpg?fit=800%2C522&amp;ssl=1\" class=\"alignnone size-full wp-image-18808\" src=\"https:\/\/i0.wp.com\/www.laterredufutur.com\/accueil\/wp-content\/uploads\/2019\/03\/tdf-secheresse.jpg?resize=1000%2C652&#038;ssl=1\" alt=\"\" width=\"1000\" height=\"652\" srcset=\"https:\/\/i0.wp.com\/www.laterredufutur.com\/accueil\/wp-content\/uploads\/2019\/03\/tdf-secheresse.jpg?w=1000&amp;ssl=1 1000w, https:\/\/i0.wp.com\/www.laterredufutur.com\/accueil\/wp-content\/uploads\/2019\/03\/tdf-secheresse.jpg?resize=300%2C196&amp;ssl=1 300w, https:\/\/i0.wp.com\/www.laterredufutur.com\/accueil\/wp-content\/uploads\/2019\/03\/tdf-secheresse.jpg?resize=768%2C501&amp;ssl=1 768w, https:\/\/i0.wp.com\/www.laterredufutur.com\/accueil\/wp-content\/uploads\/2019\/03\/tdf-secheresse.jpg?resize=800%2C522&amp;ssl=1 800w\" sizes=\"auto, (max-width: 1000px) 100vw, 1000px\" \/><\/p>\n<p>D\u00e8s 2015, l&rsquo;impact en Am\u00e9rique du Nord est \u00e9difiant<\/p>\n<p>L&rsquo;\u00eele de Vancouver, premi\u00e8re r\u00e9gion de la Colombie-Britannique \u00e0 \u00eatre d\u00e9clar\u00e9e victime d&rsquo;une s\u00e9cheresse extr\u00eame extraordinaire, souffre d&rsquo;un nouveau ph\u00e9nom\u00e8ne dans l&rsquo;oc\u00e9an Pacifique : le Blob.<\/p>\n<p>Le Blob est le nom donn\u00e9 \u00e0 une masse d&rsquo;eau chaude au large de la c\u00f4te ouest canadienne et qui contribue depuis deux ans \u00e0 aggraver les conditions propices aux s\u00e9cheresses, qui pourraient devenir la nouvelle norme dans la r\u00e9gion.<\/p>\n<p>Cette s\u00e9cheresse extr\u00eame, qui ass\u00e8che les puits, brunit les champs et embrase les for\u00eats \u00e0 la moindre \u00e9tincelle, est la pire qu&rsquo;aient jamais connue les 750 000 habitants de l&rsquo;\u00eele de Vancouver.<\/p>\n<p>Des hivers de plus en plus chauds \u00e0 cause du Blob<\/p>\n<p>Mais dans les massifs montagneux de l&rsquo;\u00eele, au lieu de la neige, c&rsquo;est de la pluie qui tombait. Une pluie dont la manne d&rsquo;eau si pr\u00e9cieuse s&rsquo;est imm\u00e9diatement \u00e9coul\u00e9e au lieu de former le r\u00e9servoir de neige alimentant les rivi\u00e8res jusqu&rsquo;\u00e0 la fin de l&rsquo;\u00e9t\u00e9.<\/p>\n<p>Le m\u00e9t\u00e9orologue d&rsquo;Environnement Canada pour la Colombie-Britannique, Matt MacDonald. Il attribue cette s\u00e9cheresse sans pr\u00e9c\u00e9dent \u00e0 trois facteurs qui se sont combin\u00e9s en une \u00e9quation parfaite : des records de chaleur cet hiver, un printemps plus doux que jamais et une absence de pr\u00e9cipitations printani\u00e8res.<\/p>\n<p>La source principale de cette s\u00e9cheresse extraordinaire, explique le m\u00e9t\u00e9orologue, se situe \u00e0 300 km au large de l&rsquo;\u00eele de Vancouver, en plein oc\u00e9an Pacifique. L\u00e0, les oc\u00e9anographes ont d\u00e9couvert en 2013 une \u00e9norme masse d&rsquo;eau, de 1000 km sur 1000 km, qui est de 3 \u00e0 4 degr\u00e9s plus chaude que le reste de l&rsquo;oc\u00e9an. Ils ont surnomm\u00e9 cette masse d&rsquo;eau imperturbable aux courants et aux temp\u00eates le \u00ab Blob \u00bb.<\/p>\n<figure id=\"attachment_24274\" aria-describedby=\"caption-attachment-24274\" style=\"width: 2048px\" class=\"wp-caption alignnone\"><img data-recalc-dims=\"1\" loading=\"lazy\" decoding=\"async\" data-attachment-id=\"24274\" data-permalink=\"https:\/\/www.laterredufutur.com\/accueil\/le-blob-de-chaleur-de-locean-pacifique-nord-impacte-durement-le-climat-sur-lamerique-du-nord-et-leurope\/blob-chaud-pacifique-nord\/\" data-orig-file=\"https:\/\/i0.wp.com\/www.laterredufutur.com\/accueil\/wp-content\/uploads\/2022\/08\/blob-chaud-pacifique-nord.jpg?fit=2048%2C1727&amp;ssl=1\" data-orig-size=\"2048,1727\" data-comments-opened=\"1\" data-image-meta=\"{&quot;aperture&quot;:&quot;0&quot;,&quot;credit&quot;:&quot;&quot;,&quot;camera&quot;:&quot;&quot;,&quot;caption&quot;:&quot;&quot;,&quot;created_timestamp&quot;:&quot;0&quot;,&quot;copyright&quot;:&quot;&quot;,&quot;focal_length&quot;:&quot;0&quot;,&quot;iso&quot;:&quot;0&quot;,&quot;shutter_speed&quot;:&quot;0&quot;,&quot;title&quot;:&quot;&quot;,&quot;orientation&quot;:&quot;0&quot;}\" data-image-title=\"blob chaud pacifique nord\" data-image-description=\"\" data-image-caption=\"&lt;p&gt;Le Blob tel qu\u2019observ\u00e9 en 2019-2021 (contours blancs) et les tendances de temp\u00e9ratures \u00e0 la surface de la mer entre 1996 et 2021 (\u00e9chelle de couleurs, en \u00b0C par d\u00e9cennie). Cr\u00e9dits : A. Barkhordarian &amp;#038; coll. 2022.&lt;\/p&gt;\n\" data-large-file=\"https:\/\/i0.wp.com\/www.laterredufutur.com\/accueil\/wp-content\/uploads\/2022\/08\/blob-chaud-pacifique-nord.jpg?fit=800%2C675&amp;ssl=1\" class=\"size-full wp-image-24274\" src=\"https:\/\/i0.wp.com\/www.laterredufutur.com\/accueil\/wp-content\/uploads\/2022\/08\/blob-chaud-pacifique-nord.jpg?resize=2048%2C1727&#038;ssl=1\" alt=\"\" width=\"2048\" height=\"1727\" srcset=\"https:\/\/i0.wp.com\/www.laterredufutur.com\/accueil\/wp-content\/uploads\/2022\/08\/blob-chaud-pacifique-nord.jpg?w=2048&amp;ssl=1 2048w, https:\/\/i0.wp.com\/www.laterredufutur.com\/accueil\/wp-content\/uploads\/2022\/08\/blob-chaud-pacifique-nord.jpg?resize=300%2C253&amp;ssl=1 300w, https:\/\/i0.wp.com\/www.laterredufutur.com\/accueil\/wp-content\/uploads\/2022\/08\/blob-chaud-pacifique-nord.jpg?resize=800%2C675&amp;ssl=1 800w, https:\/\/i0.wp.com\/www.laterredufutur.com\/accueil\/wp-content\/uploads\/2022\/08\/blob-chaud-pacifique-nord.jpg?resize=768%2C648&amp;ssl=1 768w, https:\/\/i0.wp.com\/www.laterredufutur.com\/accueil\/wp-content\/uploads\/2022\/08\/blob-chaud-pacifique-nord.jpg?resize=1536%2C1295&amp;ssl=1 1536w\" sizes=\"auto, (max-width: 1000px) 100vw, 1000px\" \/><figcaption id=\"caption-attachment-24274\" class=\"wp-caption-text\">Le Blob tel qu\u2019observ\u00e9 en 2019-2021 (contours blancs) et les tendances de temp\u00e9ratures \u00e0 la surface de la mer entre 1996 et 2021 (\u00e9chelle de couleurs, en \u00b0C par d\u00e9cennie). Cr\u00e9dits : A. Barkhordarian &amp; coll. 2022.<\/figcaption><\/figure>\n<p>Causes du Blob : La cause imm\u00e9diate du ph\u00e9nom\u00e8ne a \u00e9t\u00e9 les taux de perte de chaleur de la mer \u00e0 l\u2019atmosph\u00e8re inf\u00e9rieurs \u00e0 la normale, aggrav\u00e9s par une circulation de l\u2019eau inf\u00e9rieure \u00e0 la normale, ce qui a entra\u00een\u00e9 une couche d\u2019eau statique sup\u00e9rieure. Ces deux \u00e9l\u00e9ments sont attribu\u00e9s \u00e0 une r\u00e9gion de haute pression statique dans l\u2019atmosph\u00e8re, appel\u00e9e la cr\u00eate ridiculement r\u00e9siliente , qui existe depuis le printemps 2014. Le manque de mouvement d\u2019air a un impact sur les courants forc\u00e9s par le vent et l\u2019agitation de la surface g\u00e9n\u00e9r\u00e9e par le vent, des eaux. Ces facteurs ont \u00e0 leur tour influenc\u00e9 la m\u00e9t\u00e9o dans le nord-ouest du Pacifique \u00e0 partir de l\u2019hiver 2013-2014 et peuvent avoir \u00e9t\u00e9 associ\u00e9s \u00e0 l\u2019\u00e9t\u00e9 inhabituellement chaud connu dans le nord-ouest du Pacifique continental en 2014.<\/p>\n<p>La raison de ce ph\u00e9nom\u00e8ne n\u2019est pas claire. Certains experts consid\u00e8rent que le blob d\u2019eau chaude pr\u00e9sage un changement cyclique avec les eaux de surface de l\u2019oc\u00e9an Pacifique \u00e0 mi-latitude passant d\u2019une phase froide \u00e0 une phase chaude dans un cycle connu sous le nom d\u2019oscillation d\u00e9cennale du Pacifique (PDO).<\/p>\n<p>Ce changement mal compris se produit \u00e0 des intervalles irr\u00e9guliers d\u2019ann\u00e9es ou de d\u00e9cennies. Pendant une phase chaude, le Pacifique occidental devient plus frais et une partie de l\u2019oc\u00e9an oriental se r\u00e9chauffe; pendant la phase froide, ces changements s\u2019inversent. Les scientifiques croient qu\u2019une phase froide a commenc\u00e9 \u00e0 la fin des ann\u00e9es 1990 et l\u2019arriv\u00e9e du Blob pourrait \u00eatre le d\u00e9but de la prochaine phase chaude. Les phases PDO peuvent \u00e9galement \u00eatre li\u00e9es \u00e0 la probabilit\u00e9 d\u2019\u00e9v\u00e9nements El Ni\u00f1o.<\/p><div class=\"1665f18d14f35dd9e7566e1a8ac9a3e9\" data-index=\"2\" style=\"float: none; margin:10px 0 10px 0; text-align:center;\">\n<script async src=\"https:\/\/pagead2.googlesyndication.com\/pagead\/js\/adsbygoogle.js\"><\/script>\r\n<ins class=\"adsbygoogle\"\r\n     style=\"display:block; text-align:center;\"\r\n     data-ad-layout=\"in-article\"\r\n     data-ad-format=\"fluid\"\r\n     data-ad-client=\"ca-pub-2860849627502538\"\r\n     data-ad-slot=\"3019501113\"><\/ins>\r\n<script>\r\n     (adsbygoogle = window.adsbygoogle || []).push({});\r\n<\/script>\n<\/div>\n\n<p>L\u2019oscillation d\u00e9cennale du Pacifique ( PDO ) est un mod\u00e8le r\u00e9current et robuste de variabilit\u00e9 du climat oc\u00e9an-atmosph\u00e8re centr\u00e9 sur le bassin du Pacifique \u00e0 la latitude moyenne. La PDO est d\u00e9tect\u00e9e comme eau de surface chaude ou froide dans l\u2019oc\u00e9an Pacifique.<\/p>\n<p>Donc la conclusion de tout ceci, nous assisterions \u00e0 un changement de phase de la PDO et pendant l\u2019intervalle, il y a ces blobs qui appara\u00eetraient. Ceux ci pourraient \u00eatre accentu\u00e9s par le r\u00e9chauffement qui est constat\u00e9.<\/p>\n<p>Vous pouvez voir dans l&rsquo;image ci-dessous \u00e0 quoi ressemble un mod\u00e8le PDO typique.&nbsp;Un mod\u00e8le d&rsquo;anomalie en fer \u00e0 cheval est pr\u00e9sent le long de la c\u00f4te ouest de l&rsquo;Am\u00e9rique du Nord, ce qui nous indique quelle phase est actuellement active.&nbsp;Ci-dessous, nous avons un exemple de mod\u00e8le PDO en phase froide.<\/p>\n<p><img data-recalc-dims=\"1\" loading=\"lazy\" decoding=\"async\" data-attachment-id=\"24277\" data-permalink=\"https:\/\/www.laterredufutur.com\/accueil\/le-blob-de-chaleur-de-locean-pacifique-nord-impacte-durement-le-climat-sur-lamerique-du-nord-et-leurope\/ocean-atmosphere-influence-united-states-canada-winter-pattern-change-cold-pdo\/\" data-orig-file=\"https:\/\/i0.wp.com\/www.laterredufutur.com\/accueil\/wp-content\/uploads\/2022\/08\/ocean-atmosphere-influence-united-states-canada-winter-pattern-change-cold-pdo.png?fit=1416%2C828&amp;ssl=1\" data-orig-size=\"1416,828\" data-comments-opened=\"1\" data-image-meta=\"{&quot;aperture&quot;:&quot;0&quot;,&quot;credit&quot;:&quot;&quot;,&quot;camera&quot;:&quot;&quot;,&quot;caption&quot;:&quot;&quot;,&quot;created_timestamp&quot;:&quot;0&quot;,&quot;copyright&quot;:&quot;&quot;,&quot;focal_length&quot;:&quot;0&quot;,&quot;iso&quot;:&quot;0&quot;,&quot;shutter_speed&quot;:&quot;0&quot;,&quot;title&quot;:&quot;&quot;,&quot;orientation&quot;:&quot;0&quot;}\" data-image-title=\"ocean-atmosphere-influence-united-states-canada-winter-pattern-change-cold-pdo\" data-image-description=\"\" data-image-caption=\"\" data-large-file=\"https:\/\/i0.wp.com\/www.laterredufutur.com\/accueil\/wp-content\/uploads\/2022\/08\/ocean-atmosphere-influence-united-states-canada-winter-pattern-change-cold-pdo.png?fit=800%2C468&amp;ssl=1\" class=\"alignnone size-full wp-image-24277\" src=\"https:\/\/i0.wp.com\/www.laterredufutur.com\/accueil\/wp-content\/uploads\/2022\/08\/ocean-atmosphere-influence-united-states-canada-winter-pattern-change-cold-pdo.png?resize=1416%2C828&#038;ssl=1\" alt=\"\" width=\"1416\" height=\"828\" srcset=\"https:\/\/i0.wp.com\/www.laterredufutur.com\/accueil\/wp-content\/uploads\/2022\/08\/ocean-atmosphere-influence-united-states-canada-winter-pattern-change-cold-pdo.png?w=1416&amp;ssl=1 1416w, https:\/\/i0.wp.com\/www.laterredufutur.com\/accueil\/wp-content\/uploads\/2022\/08\/ocean-atmosphere-influence-united-states-canada-winter-pattern-change-cold-pdo.png?resize=300%2C175&amp;ssl=1 300w, https:\/\/i0.wp.com\/www.laterredufutur.com\/accueil\/wp-content\/uploads\/2022\/08\/ocean-atmosphere-influence-united-states-canada-winter-pattern-change-cold-pdo.png?resize=800%2C468&amp;ssl=1 800w, https:\/\/i0.wp.com\/www.laterredufutur.com\/accueil\/wp-content\/uploads\/2022\/08\/ocean-atmosphere-influence-united-states-canada-winter-pattern-change-cold-pdo.png?resize=768%2C449&amp;ssl=1 768w\" sizes=\"auto, (max-width: 1000px) 100vw, 1000px\" \/><\/p>\n<p>Ci-dessous, un graphique sur 8 ans montrant le d\u00e9veloppement du PDO depuis d\u00e9but 2014. Vous pouvez voir que la&nbsp;<strong>phase froide a<\/strong>&nbsp;commenc\u00e9 \u00e0 d\u00e9marrer d\u00e9but 2020. Le graphique montre \u00e9galement le processus de transition d&rsquo;une phase \u00e0 l&rsquo;autre, qui prend un certain temps.<\/p>\n<p><img data-recalc-dims=\"1\" loading=\"lazy\" decoding=\"async\" data-attachment-id=\"24279\" data-permalink=\"https:\/\/www.laterredufutur.com\/accueil\/le-blob-de-chaleur-de-locean-pacifique-nord-impacte-durement-le-climat-sur-lamerique-du-nord-et-leurope\/ocean-atmosphere-influence-united-states-canada-pacific-decadal-oscillation-historical-monthly-anomaly-development-graph\/\" data-orig-file=\"https:\/\/i0.wp.com\/www.laterredufutur.com\/accueil\/wp-content\/uploads\/2022\/08\/ocean-atmosphere-influence-united-states-canada-pacific-decadal-oscillation-historical-monthly-anomaly-development-graph.png?fit=1328%2C473&amp;ssl=1\" data-orig-size=\"1328,473\" data-comments-opened=\"1\" data-image-meta=\"{&quot;aperture&quot;:&quot;0&quot;,&quot;credit&quot;:&quot;&quot;,&quot;camera&quot;:&quot;&quot;,&quot;caption&quot;:&quot;&quot;,&quot;created_timestamp&quot;:&quot;0&quot;,&quot;copyright&quot;:&quot;&quot;,&quot;focal_length&quot;:&quot;0&quot;,&quot;iso&quot;:&quot;0&quot;,&quot;shutter_speed&quot;:&quot;0&quot;,&quot;title&quot;:&quot;&quot;,&quot;orientation&quot;:&quot;0&quot;}\" data-image-title=\"ocean-atmosphere-influence-united-states-canada-pacific-decadal-oscillation-historical-monthly-anomaly-development-graph\" data-image-description=\"\" data-image-caption=\"\" data-large-file=\"https:\/\/i0.wp.com\/www.laterredufutur.com\/accueil\/wp-content\/uploads\/2022\/08\/ocean-atmosphere-influence-united-states-canada-pacific-decadal-oscillation-historical-monthly-anomaly-development-graph.png?fit=800%2C285&amp;ssl=1\" class=\"alignnone size-full wp-image-24279\" src=\"https:\/\/i0.wp.com\/www.laterredufutur.com\/accueil\/wp-content\/uploads\/2022\/08\/ocean-atmosphere-influence-united-states-canada-pacific-decadal-oscillation-historical-monthly-anomaly-development-graph.png?resize=1328%2C473&#038;ssl=1\" alt=\"\" width=\"1328\" height=\"473\" srcset=\"https:\/\/i0.wp.com\/www.laterredufutur.com\/accueil\/wp-content\/uploads\/2022\/08\/ocean-atmosphere-influence-united-states-canada-pacific-decadal-oscillation-historical-monthly-anomaly-development-graph.png?w=1328&amp;ssl=1 1328w, https:\/\/i0.wp.com\/www.laterredufutur.com\/accueil\/wp-content\/uploads\/2022\/08\/ocean-atmosphere-influence-united-states-canada-pacific-decadal-oscillation-historical-monthly-anomaly-development-graph.png?resize=300%2C107&amp;ssl=1 300w, https:\/\/i0.wp.com\/www.laterredufutur.com\/accueil\/wp-content\/uploads\/2022\/08\/ocean-atmosphere-influence-united-states-canada-pacific-decadal-oscillation-historical-monthly-anomaly-development-graph.png?resize=800%2C285&amp;ssl=1 800w, https:\/\/i0.wp.com\/www.laterredufutur.com\/accueil\/wp-content\/uploads\/2022\/08\/ocean-atmosphere-influence-united-states-canada-pacific-decadal-oscillation-historical-monthly-anomaly-development-graph.png?resize=768%2C274&amp;ssl=1 768w\" sizes=\"auto, (max-width: 1000px) 100vw, 1000px\" \/><\/p>\n<p>Comme un PDO n\u00e9gatif favorise le d\u00e9veloppement d&rsquo;un bassin chaud dans le Pacifique Nord, il offre des conditions favorables au d\u00e9veloppement de vagues de chaleur oc\u00e9aniques et de points chauds.&nbsp;Nous pouvons donc l&rsquo;utiliser comme un indicateur pr\u00e9coce de certains sch\u00e9mas de circulation atmosph\u00e9rique.<\/p>\n<p>Et l&rsquo;Europe dans tout \u00e7a ?<\/p>\n<p>La pr\u00e9vision du mod\u00e8le de pression montre le syst\u00e8me anticyclonique dans le Pacifique Nord, avec un anticyclone plus fort sur l&rsquo;ouest des \u00c9tats-Unis et dans l&rsquo;Atlantique Nord.&nbsp;Il a \u00e9galement une zone de basse pression sugg\u00e9r\u00e9e sur l&rsquo;Alaska et l&rsquo;ouest du Canada.<\/p>\n<p>Voici une carte des sst de ce mois d&rsquo;aout 2022 :<\/p>\n<figure id=\"attachment_24275\" aria-describedby=\"caption-attachment-24275\" style=\"width: 1787px\" class=\"wp-caption alignnone\"><img data-recalc-dims=\"1\" loading=\"lazy\" decoding=\"async\" data-attachment-id=\"24275\" data-permalink=\"https:\/\/www.laterredufutur.com\/accueil\/le-blob-de-chaleur-de-locean-pacifique-nord-impacte-durement-le-climat-sur-lamerique-du-nord-et-leurope\/sst-planete-ocean-aout-2022\/\" data-orig-file=\"https:\/\/i0.wp.com\/www.laterredufutur.com\/accueil\/wp-content\/uploads\/2022\/08\/sst-planete-ocean-aout-2022.png?fit=1787%2C1085&amp;ssl=1\" data-orig-size=\"1787,1085\" data-comments-opened=\"1\" data-image-meta=\"{&quot;aperture&quot;:&quot;0&quot;,&quot;credit&quot;:&quot;&quot;,&quot;camera&quot;:&quot;&quot;,&quot;caption&quot;:&quot;&quot;,&quot;created_timestamp&quot;:&quot;0&quot;,&quot;copyright&quot;:&quot;&quot;,&quot;focal_length&quot;:&quot;0&quot;,&quot;iso&quot;:&quot;0&quot;,&quot;shutter_speed&quot;:&quot;0&quot;,&quot;title&quot;:&quot;&quot;,&quot;orientation&quot;:&quot;0&quot;}\" data-image-title=\"sst planete ocean aout 2022\" data-image-description=\"\" data-image-caption=\"&lt;p&gt;credit NOAA&lt;\/p&gt;\n\" data-large-file=\"https:\/\/i0.wp.com\/www.laterredufutur.com\/accueil\/wp-content\/uploads\/2022\/08\/sst-planete-ocean-aout-2022.png?fit=800%2C486&amp;ssl=1\" class=\"size-full wp-image-24275\" src=\"https:\/\/i0.wp.com\/www.laterredufutur.com\/accueil\/wp-content\/uploads\/2022\/08\/sst-planete-ocean-aout-2022.png?resize=1787%2C1085&#038;ssl=1\" alt=\"\" width=\"1787\" height=\"1085\" srcset=\"https:\/\/i0.wp.com\/www.laterredufutur.com\/accueil\/wp-content\/uploads\/2022\/08\/sst-planete-ocean-aout-2022.png?w=1787&amp;ssl=1 1787w, https:\/\/i0.wp.com\/www.laterredufutur.com\/accueil\/wp-content\/uploads\/2022\/08\/sst-planete-ocean-aout-2022.png?resize=300%2C182&amp;ssl=1 300w, https:\/\/i0.wp.com\/www.laterredufutur.com\/accueil\/wp-content\/uploads\/2022\/08\/sst-planete-ocean-aout-2022.png?resize=800%2C486&amp;ssl=1 800w, https:\/\/i0.wp.com\/www.laterredufutur.com\/accueil\/wp-content\/uploads\/2022\/08\/sst-planete-ocean-aout-2022.png?resize=768%2C466&amp;ssl=1 768w, https:\/\/i0.wp.com\/www.laterredufutur.com\/accueil\/wp-content\/uploads\/2022\/08\/sst-planete-ocean-aout-2022.png?resize=1536%2C933&amp;ssl=1 1536w\" sizes=\"auto, (max-width: 1000px) 100vw, 1000px\" \/><figcaption id=\"caption-attachment-24275\" class=\"wp-caption-text\">credit NOAA<\/figcaption><\/figure>\n<p>On observe clairement le blob chaud dans le Pacifque Nord, et comment ne pas sugg\u00e9rer son impact sur l&rsquo;atlantique et la m\u00e9diterran\u00e9e ? La carte ci-dessous montre les zones mondiales typiques o\u00f9 ces vagues de chaleur oc\u00e9aniques se produisent. Nous allons nous concentrer sur le Pacifique Nord aujourd&rsquo;hui, car il d\u00e9veloppe une nouvelle forte vague de chaleur oc\u00e9anique.<\/p>\n<figure id=\"attachment_24276\" aria-describedby=\"caption-attachment-24276\" style=\"width: 1387px\" class=\"wp-caption alignnone\"><img data-recalc-dims=\"1\" loading=\"lazy\" decoding=\"async\" data-attachment-id=\"24276\" data-permalink=\"https:\/\/www.laterredufutur.com\/accueil\/le-blob-de-chaleur-de-locean-pacifique-nord-impacte-durement-le-climat-sur-lamerique-du-nord-et-leurope\/carte-vagues-de-chaleurs-marines-juillet-2022\/\" data-orig-file=\"https:\/\/i0.wp.com\/www.laterredufutur.com\/accueil\/wp-content\/uploads\/2022\/08\/carte-vagues-de-chaleurs-marines-juillet-2022.png?fit=1387%2C701&amp;ssl=1\" data-orig-size=\"1387,701\" data-comments-opened=\"1\" data-image-meta=\"{&quot;aperture&quot;:&quot;0&quot;,&quot;credit&quot;:&quot;&quot;,&quot;camera&quot;:&quot;&quot;,&quot;caption&quot;:&quot;&quot;,&quot;created_timestamp&quot;:&quot;0&quot;,&quot;copyright&quot;:&quot;&quot;,&quot;focal_length&quot;:&quot;0&quot;,&quot;iso&quot;:&quot;0&quot;,&quot;shutter_speed&quot;:&quot;0&quot;,&quot;title&quot;:&quot;&quot;,&quot;orientation&quot;:&quot;0&quot;}\" data-image-title=\"carte vagues de chaleurs marines juillet 2022\" data-image-description=\"\" data-image-caption=\"&lt;p&gt;credit https:\/\/www.severe-weather.eu\/&lt;\/p&gt;\n\" data-large-file=\"https:\/\/i0.wp.com\/www.laterredufutur.com\/accueil\/wp-content\/uploads\/2022\/08\/carte-vagues-de-chaleurs-marines-juillet-2022.png?fit=800%2C404&amp;ssl=1\" class=\"size-full wp-image-24276\" src=\"https:\/\/i0.wp.com\/www.laterredufutur.com\/accueil\/wp-content\/uploads\/2022\/08\/carte-vagues-de-chaleurs-marines-juillet-2022.png?resize=1387%2C701&#038;ssl=1\" alt=\"\" width=\"1387\" height=\"701\" srcset=\"https:\/\/i0.wp.com\/www.laterredufutur.com\/accueil\/wp-content\/uploads\/2022\/08\/carte-vagues-de-chaleurs-marines-juillet-2022.png?w=1387&amp;ssl=1 1387w, https:\/\/i0.wp.com\/www.laterredufutur.com\/accueil\/wp-content\/uploads\/2022\/08\/carte-vagues-de-chaleurs-marines-juillet-2022.png?resize=300%2C152&amp;ssl=1 300w, https:\/\/i0.wp.com\/www.laterredufutur.com\/accueil\/wp-content\/uploads\/2022\/08\/carte-vagues-de-chaleurs-marines-juillet-2022.png?resize=800%2C404&amp;ssl=1 800w, https:\/\/i0.wp.com\/www.laterredufutur.com\/accueil\/wp-content\/uploads\/2022\/08\/carte-vagues-de-chaleurs-marines-juillet-2022.png?resize=768%2C388&amp;ssl=1 768w\" sizes=\"auto, (max-width: 1000px) 100vw, 1000px\" \/><figcaption id=\"caption-attachment-24276\" class=\"wp-caption-text\">credit https:\/\/www.severe-weather.eu\/<\/figcaption><\/figure>\n<p>Les impacts combin\u00e9s de l&rsquo;oscillation d\u00e9cennale du Pacifique (PDO) et de deux types de La Ni\u00f1a sur les anomalies climatiques en Europe sont \u00e9tudi\u00e9s. En particulier, la conjonction de la phase PDO n\u00e9gative et de deux types diff\u00e9rents d&rsquo;\u00e9v\u00e9nements La Ni\u00f1a favorise des anomalies fortes et significatives du mod\u00e8le d&rsquo;oscillation nord-atlantique (NAO) avec une polarit\u00e9 oppos\u00e9e.<\/p>\n<p>Pour le Pacifique central (CP) La Ni\u00f1a, un signal positif clair de NAO peut \u00eatre d\u00e9tect\u00e9, qui s&rsquo;accompagne d&rsquo;une anomalie positive de la temp\u00e9rature de l&rsquo;air de surface (SAT) et d&rsquo;une structure dipolaire des anomalies de pr\u00e9cipitations en Europe. En outre, un mod\u00e8le de t\u00e9l\u00e9connexion Pacifique-Am\u00e9rique du Nord (PNA) n\u00e9gatif typique se forme, y compris une anomalie de haute pression sur le sud-est des \u00c9tats-Unis, ce qui peut contribuer au d\u00e9veloppement et au maintien de l&rsquo;anomalie NAO en renfor\u00e7ant la baroclinicit\u00e9 et la moyenne tourbillonnante locale. interactions de flux.<\/p>\n<p>Cependant, pour le Pacifique oriental (EP) La Ni\u00f1a, un train d&rsquo;ondes zonal dans les hautes latitudes peut \u00eatre observ\u00e9, ce qui est assez diff\u00e9rent de la structure typique des PNA. Ici, un anticyclone anormal au-dessus du sud du Groenland soutient un mod\u00e8le NAO n\u00e9gatif \u00e0 travers l&rsquo;interaction locale de l&rsquo;\u00e9coulement tourbillonnaire moyen et l&rsquo;advection de vorticit\u00e9 associ\u00e9e. Par cons\u00e9quent, des anomalies de SAT et de pr\u00e9cipitations invers\u00e9es se produisent sur l&rsquo;Europe. Des analyses plus pouss\u00e9es indiquent que les trains d&rsquo;ondes \u00e9manant du Pacifique Nord et l&rsquo;interaction synoptique entre l&rsquo;\u00e9coulement tourbillonnaire et moyen jouent un r\u00f4le essentiel dans la formation des phases anormales de NAO.<\/p>\n<p><img data-recalc-dims=\"1\" loading=\"lazy\" decoding=\"async\" data-attachment-id=\"21293\" data-permalink=\"https:\/\/www.laterredufutur.com\/accueil\/hiver-2020-2021\/nina-favorable-non-favorable\/\" data-orig-file=\"https:\/\/i0.wp.com\/www.laterredufutur.com\/accueil\/wp-content\/uploads\/2020\/09\/nina-favorable-non-favorable.png?fit=448%2C406&amp;ssl=1\" data-orig-size=\"448,406\" data-comments-opened=\"1\" data-image-meta=\"{&quot;aperture&quot;:&quot;0&quot;,&quot;credit&quot;:&quot;&quot;,&quot;camera&quot;:&quot;&quot;,&quot;caption&quot;:&quot;&quot;,&quot;created_timestamp&quot;:&quot;0&quot;,&quot;copyright&quot;:&quot;&quot;,&quot;focal_length&quot;:&quot;0&quot;,&quot;iso&quot;:&quot;0&quot;,&quot;shutter_speed&quot;:&quot;0&quot;,&quot;title&quot;:&quot;&quot;,&quot;orientation&quot;:&quot;0&quot;}\" data-image-title=\"nina-favorable-non-favorable\" data-image-description=\"\" data-image-caption=\"\" data-large-file=\"https:\/\/i0.wp.com\/www.laterredufutur.com\/accueil\/wp-content\/uploads\/2020\/09\/nina-favorable-non-favorable.png?fit=448%2C406&amp;ssl=1\" class=\"size-full wp-image-21293 aligncenter\" src=\"https:\/\/i0.wp.com\/www.laterredufutur.com\/accueil\/wp-content\/uploads\/2020\/09\/nina-favorable-non-favorable.png?resize=448%2C406&#038;ssl=1\" alt=\"\" width=\"448\" height=\"406\" srcset=\"https:\/\/i0.wp.com\/www.laterredufutur.com\/accueil\/wp-content\/uploads\/2020\/09\/nina-favorable-non-favorable.png?w=448&amp;ssl=1 448w, https:\/\/i0.wp.com\/www.laterredufutur.com\/accueil\/wp-content\/uploads\/2020\/09\/nina-favorable-non-favorable.png?resize=300%2C272&amp;ssl=1 300w\" sizes=\"auto, (max-width: 448px) 100vw, 448px\" \/><\/p>\n<p>Pour r\u00e9sumer, ce qui se passe sur l&rsquo;oc\u00e9an pacifique a un fort impact sur l&rsquo;Europe. Ceci impacte la NAO et le positionnement des centres d&rsquo;actions sur l&rsquo;Europe. Nous sommes toujours en Nina CP qui explique ce fort ph\u00e9nom\u00e8ne de s\u00e9cheresse qui devrait se poursuivre jusque sur l&rsquo;hiver prochain. Il restera \u00e0 surveiller le pourtour m\u00e9diterran\u00e9en pour de futurs violents orages tant la m\u00e9diterran\u00e9e est en surchauffe mais ceci est \u00e0 suivre&#8230;.<\/p>\n<p>Adaptation <a href=\"https:\/\/www.laterredufutur.com\/accueil\/\">Terra Projects<\/a><\/p>\n<p>sources : <a href=\"https:\/\/www.futura-sciences.com\/planete\/actualites\/ocean-pacifique-blob-chaleur-devaste-ocean-pacifique-99387\/\" target=\"_blank\" rel=\"noopener\">https:\/\/www.futura-sciences.com\/<\/a> \/ <a href=\"https:\/\/ici.radio-canada.ca\/nouvelle\/734610\/masse-eau-chaude-blob-aggrave-secheresse-ocean-pacifique-eau-chaude-cote-ouest-ile-vancouver\" target=\"_blank\" rel=\"noopener\">https:\/\/ici.radio-canada.ca\/<\/a> \/ <a href=\"https:\/\/sciencepost.fr\/pacifique-apparition-blob-rechauffement-climatique\/\" target=\"_blank\" rel=\"noopener\">https:\/\/sciencepost.fr\/<\/a> \/ <a href=\"https:\/\/www.severe-weather.eu\/global-weather\/north-pacific-ocean-anomaly-2022-usa-seasonal-influence-fa\/\" target=\"_blank\" rel=\"noopener\">https:\/\/www.severe-weather.eu\/<\/a> \/ <a href=\"https:\/\/www.researchgate.net\/publication\/312927404_Combined_Impacts_of_PDO_and_Two_Types_of_La_Nina_on_Climate_Anomalies_in_Europe\" target=\"_blank\" rel=\"noopener\">https:\/\/www.researchgate.net\/<\/a><\/p>\n<p class=\"bawpvc-ajax-counter\" data-id=\"24273\">(814)<\/p>\n<!--CusAds0-->\n<div style=\"font-size: 0px; height: 0px; line-height: 0px; margin: 0; padding: 0; clear: both;\"><\/div>","protected":false},"excerpt":{"rendered":"<p>Celui que les scientifiques surnomment \u00ab le blob \u00bb est une zone de chaleur anormale situ\u00e9e dans une partie de&#8230;<\/p>\n","protected":false},"author":1,"featured_media":24280,"comment_status":"open","ping_status":"open","sticky":false,"template":"","format":"standard","meta":{"_exactmetrics_skip_tracking":false,"_exactmetrics_sitenote_active":false,"_exactmetrics_sitenote_note":"","_exactmetrics_sitenote_category":0,"ngg_post_thumbnail":0,"jetpack_post_was_ever_published":false,"_jetpack_newsletter_access":"","_jetpack_dont_email_post_to_subs":false,"_jetpack_newsletter_tier_id":0,"_jetpack_memberships_contains_paywalled_content":false,"_jetpack_memberships_contains_paid_content":false,"footnotes":"","jetpack_publicize_message":"Le #blob de #chaleur de l'#oc\u00e9an #Pacifique Nord impacte durement le #climat sur l'Am\u00e9rique du Nord et l'#Europe... chaleurs et s\u00e9cheresses @laterredufutur.com Terra Projects","jetpack_publicize_feature_enabled":true,"jetpack_social_post_already_shared":true,"jetpack_social_options":{"image_generator_settings":{"template":"highway","default_image_id":0,"font":"","enabled":false},"version":2}},"categories":[20],"tags":[7930,1590,188,241,7931,147,2699],"class_list":["post-24273","post","type-post","status-publish","format-standard","has-post-thumbnail","hentry","category-climat","tag-blob-chaud","tag-chaleurs","tag-europe","tag-ocean","tag-pacifique-nord","tag-pdo","tag-secheresses","wpcat-20-id"],"jetpack_publicize_connections":[],"jetpack_featured_media_url":"https:\/\/i0.wp.com\/www.laterredufutur.com\/accueil\/wp-content\/uploads\/2022\/08\/blob-chaud-et-sst-hemisphere-nord-aout-2022.jpg?fit=1045%2C449&ssl=1","jetpack_shortlink":"https:\/\/wp.me\/p631RN-6jv","jetpack-related-posts":[{"id":8276,"url":"https:\/\/www.laterredufutur.com\/accueil\/une-masse-deau-chaude-dans-le-pacifique-deregle-le-climat-et-la-faune-en-amerique-du-nord\/","url_meta":{"origin":24273,"position":0},"title":"Une masse d&rsquo;eau chaude dans le Pacifique d\u00e9r\u00e8gle le climat et la faune en Am\u00e9rique du Nord","author":"Admin","date":"19 septembre 2015","format":false,"excerpt":"Elle s'\u00e9tend du Mexique \u00e0 l'Alaska. La temp\u00e9rature y est deux degr\u00e9s sup\u00e9rieure aux eaux alentours. Une grosse masse d'eau chaude \u2013on parle ici de 2.000 kilom\u00e8tres de long sur 1.600 kilom\u00e8tres de large\u2013 voyage actuellement dans l'oc\u00e9an Pacifique, au large de l'Am\u00e9rique du nord. Le scientifique qui a d\u00e9couvert\u2026","rel":"","context":"Dans &quot;M\u00e9t\u00e9orologie&quot;","block_context":{"text":"M\u00e9t\u00e9orologie","link":"https:\/\/www.laterredufutur.com\/accueil\/sujets\/meteorologie\/"},"img":{"alt_text":"","src":"https:\/\/i0.wp.com\/www.laterredufutur.com\/accueil\/wp-content\/uploads\/2015\/09\/secheresse-californie.jpg?fit=636%2C382&ssl=1&resize=350%2C200","width":350,"height":200,"srcset":"https:\/\/i0.wp.com\/www.laterredufutur.com\/accueil\/wp-content\/uploads\/2015\/09\/secheresse-californie.jpg?fit=636%2C382&ssl=1&resize=350%2C200 1x, https:\/\/i0.wp.com\/www.laterredufutur.com\/accueil\/wp-content\/uploads\/2015\/09\/secheresse-californie.jpg?fit=636%2C382&ssl=1&resize=525%2C300 1.5x"},"classes":[]},{"id":25832,"url":"https:\/\/www.laterredufutur.com\/accueil\/les-teleconnexions-atmospheriques-soutiennent-les-blobs-chauds-dans-le-nord-est-de-locean-pacifique\/","url_meta":{"origin":24273,"position":1},"title":"Les \u00ab\u00a0t\u00e9l\u00e9connexions\u00a0\u00bb atmosph\u00e9riques soutiennent les blobs chauds dans le nord-est de l&rsquo;oc\u00e9an Pacifique","author":"Admin","date":"3 mai 2024","format":false,"excerpt":"Au cours des dix derni\u00e8res ann\u00e9es, on a assist\u00e9 \u00e0 une s\u00e9rie de \" blobs chauds \" dans le nord-est de l'oc\u00e9an Pacifique. Ces vagues de chaleur marine causent des dommages consid\u00e9rables aux \u00e9cosyst\u00e8mes et \u00e0 la vie marine dans la r\u00e9gion, mais les m\u00e9canismes par lesquels elles se d\u00e9veloppent\u2026","rel":"","context":"Dans &quot;Climat&quot;","block_context":{"text":"Climat","link":"https:\/\/www.laterredufutur.com\/accueil\/sujets\/climat\/"},"img":{"alt_text":"","src":"https:\/\/i0.wp.com\/www.laterredufutur.com\/accueil\/wp-content\/uploads\/2024\/05\/blob-chaud-pacifique-nord.jpg?fit=1200%2C860&ssl=1&resize=350%2C200","width":350,"height":200,"srcset":"https:\/\/i0.wp.com\/www.laterredufutur.com\/accueil\/wp-content\/uploads\/2024\/05\/blob-chaud-pacifique-nord.jpg?fit=1200%2C860&ssl=1&resize=350%2C200 1x, https:\/\/i0.wp.com\/www.laterredufutur.com\/accueil\/wp-content\/uploads\/2024\/05\/blob-chaud-pacifique-nord.jpg?fit=1200%2C860&ssl=1&resize=525%2C300 1.5x, https:\/\/i0.wp.com\/www.laterredufutur.com\/accueil\/wp-content\/uploads\/2024\/05\/blob-chaud-pacifique-nord.jpg?fit=1200%2C860&ssl=1&resize=700%2C400 2x, https:\/\/i0.wp.com\/www.laterredufutur.com\/accueil\/wp-content\/uploads\/2024\/05\/blob-chaud-pacifique-nord.jpg?fit=1200%2C860&ssl=1&resize=1050%2C600 3x"},"classes":[]},{"id":20978,"url":"https:\/\/www.laterredufutur.com\/accueil\/chronique-et-explications-dune-qbo-vents-equatoriaux-dereglee\/","url_meta":{"origin":24273,"position":2},"title":"Chronique et explications d&rsquo;une QBO (vents \u00e9quatoriaux) \u00ab\u00a0d\u00e9r\u00e9gl\u00e9e\u00a0\u00bb","author":"Admin","date":"4 juin 2020","format":false,"excerpt":"L\u2019oscillation quasi biennale (QBO) est un changement oscillatoire de la direction des vents dans la stratosph\u00e8re \u00e9quatoriale, jusqu'\u00e0 environ 12 degr\u00e9s de l'\u00e9quateur, ayant une p\u00e9riode entre 24 et 30 mois (de 26 \u00e0 29 mois selon Akstinas & al. en 20152) ; 28 mois en moyenne. Les vents changent\u2026","rel":"","context":"Dans &quot;Climat&quot;","block_context":{"text":"Climat","link":"https:\/\/www.laterredufutur.com\/accueil\/sujets\/climat\/"},"img":{"alt_text":"","src":"https:\/\/i0.wp.com\/www.laterredufutur.com\/accueil\/wp-content\/uploads\/2020\/06\/qbo-2020-scaled.jpg?fit=1200%2C545&ssl=1&resize=350%2C200","width":350,"height":200,"srcset":"https:\/\/i0.wp.com\/www.laterredufutur.com\/accueil\/wp-content\/uploads\/2020\/06\/qbo-2020-scaled.jpg?fit=1200%2C545&ssl=1&resize=350%2C200 1x, https:\/\/i0.wp.com\/www.laterredufutur.com\/accueil\/wp-content\/uploads\/2020\/06\/qbo-2020-scaled.jpg?fit=1200%2C545&ssl=1&resize=525%2C300 1.5x, https:\/\/i0.wp.com\/www.laterredufutur.com\/accueil\/wp-content\/uploads\/2020\/06\/qbo-2020-scaled.jpg?fit=1200%2C545&ssl=1&resize=700%2C400 2x, https:\/\/i0.wp.com\/www.laterredufutur.com\/accueil\/wp-content\/uploads\/2020\/06\/qbo-2020-scaled.jpg?fit=1200%2C545&ssl=1&resize=1050%2C600 3x"},"classes":[]},{"id":24378,"url":"https:\/\/www.laterredufutur.com\/accueil\/lhiver-2022-2023\/","url_meta":{"origin":24273,"position":3},"title":"L&rsquo;hiver 2022-2023","author":"Admin","date":"10 septembre 2022","format":false,"excerpt":"Nous avons d\u00e9marr\u00e9 ce nouvel automne m\u00e9t\u00e9orologique depuis le 1er septembre. Pour ce qui concerne notre futur hiver 2022-2023, les pr\u00e9visions saisonni\u00e8res habituelles se profilent d\u00e9j\u00e0. Les pr\u00e9visions saisonni\u00e8res de l\u2019ann\u00e9e derni\u00e8re ont \u00e9t\u00e9 tr\u00e8s encourageantes par leurs fiabilit\u00e9s \u00e0 hauteur de 70%. On peut revoir l\u2019article ici. La situation\u2026","rel":"","context":"Dans &quot;M\u00e9t\u00e9orologie&quot;","block_context":{"text":"M\u00e9t\u00e9orologie","link":"https:\/\/www.laterredufutur.com\/accueil\/sujets\/meteorologie\/"},"img":{"alt_text":"","src":"https:\/\/i0.wp.com\/www.laterredufutur.com\/accueil\/wp-content\/uploads\/2022\/09\/paris-neige.jpg?fit=1024%2C656&ssl=1&resize=350%2C200","width":350,"height":200,"srcset":"https:\/\/i0.wp.com\/www.laterredufutur.com\/accueil\/wp-content\/uploads\/2022\/09\/paris-neige.jpg?fit=1024%2C656&ssl=1&resize=350%2C200 1x, https:\/\/i0.wp.com\/www.laterredufutur.com\/accueil\/wp-content\/uploads\/2022\/09\/paris-neige.jpg?fit=1024%2C656&ssl=1&resize=525%2C300 1.5x, https:\/\/i0.wp.com\/www.laterredufutur.com\/accueil\/wp-content\/uploads\/2022\/09\/paris-neige.jpg?fit=1024%2C656&ssl=1&resize=700%2C400 2x"},"classes":[]},{"id":24828,"url":"https:\/\/www.laterredufutur.com\/accueil\/des-vagues-de-chaleur-intenses-detectees-au-fond-de-locean\/","url_meta":{"origin":24273,"position":4},"title":"Des vagues de chaleur intenses d\u00e9tect\u00e9es au fond de l\u2019oc\u00e9an","author":"Admin","date":"31 mars 2023","format":false,"excerpt":"Un bond de 7 degr\u00e9s Celsius a \u00e9t\u00e9 d\u00e9tect\u00e9 en moins d'une heure. Le \u00ab Blob \u00bb, une vague de chaleur marine qui a s\u00e9vi dans le Pacifique Nord-Est de 2013 \u00e0 2016, a \u00e9t\u00e9 d\u00e9sastreux. Les scientifiques de l\u2019Administration nationale des oc\u00e9ans et de l\u2019atmosph\u00e8re des \u00c9tats-Unis (NOAA) ont\u2026","rel":"","context":"Dans &quot;Climat&quot;","block_context":{"text":"Climat","link":"https:\/\/www.laterredufutur.com\/accueil\/sujets\/climat\/"},"img":{"alt_text":"","src":"https:\/\/i0.wp.com\/www.laterredufutur.com\/accueil\/wp-content\/uploads\/2022\/08\/blob-chaud-pacifique-nord.jpg?fit=1200%2C1012&ssl=1&resize=350%2C200","width":350,"height":200,"srcset":"https:\/\/i0.wp.com\/www.laterredufutur.com\/accueil\/wp-content\/uploads\/2022\/08\/blob-chaud-pacifique-nord.jpg?fit=1200%2C1012&ssl=1&resize=350%2C200 1x, https:\/\/i0.wp.com\/www.laterredufutur.com\/accueil\/wp-content\/uploads\/2022\/08\/blob-chaud-pacifique-nord.jpg?fit=1200%2C1012&ssl=1&resize=525%2C300 1.5x, https:\/\/i0.wp.com\/www.laterredufutur.com\/accueil\/wp-content\/uploads\/2022\/08\/blob-chaud-pacifique-nord.jpg?fit=1200%2C1012&ssl=1&resize=700%2C400 2x, https:\/\/i0.wp.com\/www.laterredufutur.com\/accueil\/wp-content\/uploads\/2022\/08\/blob-chaud-pacifique-nord.jpg?fit=1200%2C1012&ssl=1&resize=1050%2C600 3x"},"classes":[]},{"id":22995,"url":"https:\/\/www.laterredufutur.com\/accueil\/lhiver-2021-2022\/","url_meta":{"origin":24273,"position":5},"title":"L&rsquo;Hiver 2021-2022","author":"Admin","date":"8 septembre 2021","format":false,"excerpt":"Nous avons d\u00e9marr\u00e9 ce nouvel automne m\u00e9t\u00e9orologique. Pour ce qui concerne notre futur hiver 2021-2022, les pr\u00e9visions saisonni\u00e8res habituelles se profilent d\u00e9j\u00e0. Les pr\u00e9visions saisonni\u00e8res de l'ann\u00e9e derni\u00e8re ont \u00e9t\u00e9 tr\u00e8s encourageantes par leurs fiabilit\u00e9s \u00e0 hauteur de 70%. On peut revoir l'article ici. Pour appr\u00e9cier ce futur hiver, nous\u2026","rel":"","context":"Dans &quot;M\u00e9t\u00e9orologie&quot;","block_context":{"text":"M\u00e9t\u00e9orologie","link":"https:\/\/www.laterredufutur.com\/accueil\/sujets\/meteorologie\/"},"img":{"alt_text":"","src":"https:\/\/i0.wp.com\/www.laterredufutur.com\/accueil\/wp-content\/uploads\/2021\/09\/tempete.jpg?fit=1050%2C689&ssl=1&resize=350%2C200","width":350,"height":200,"srcset":"https:\/\/i0.wp.com\/www.laterredufutur.com\/accueil\/wp-content\/uploads\/2021\/09\/tempete.jpg?fit=1050%2C689&ssl=1&resize=350%2C200 1x, https:\/\/i0.wp.com\/www.laterredufutur.com\/accueil\/wp-content\/uploads\/2021\/09\/tempete.jpg?fit=1050%2C689&ssl=1&resize=525%2C300 1.5x, https:\/\/i0.wp.com\/www.laterredufutur.com\/accueil\/wp-content\/uploads\/2021\/09\/tempete.jpg?fit=1050%2C689&ssl=1&resize=700%2C400 2x, https:\/\/i0.wp.com\/www.laterredufutur.com\/accueil\/wp-content\/uploads\/2021\/09\/tempete.jpg?fit=1050%2C689&ssl=1&resize=1050%2C600 3x"},"classes":[]}],"jetpack_sharing_enabled":true,"_links":{"self":[{"href":"https:\/\/www.laterredufutur.com\/accueil\/wp-json\/wp\/v2\/posts\/24273","targetHints":{"allow":["GET"]}}],"collection":[{"href":"https:\/\/www.laterredufutur.com\/accueil\/wp-json\/wp\/v2\/posts"}],"about":[{"href":"https:\/\/www.laterredufutur.com\/accueil\/wp-json\/wp\/v2\/types\/post"}],"author":[{"embeddable":true,"href":"https:\/\/www.laterredufutur.com\/accueil\/wp-json\/wp\/v2\/users\/1"}],"replies":[{"embeddable":true,"href":"https:\/\/www.laterredufutur.com\/accueil\/wp-json\/wp\/v2\/comments?post=24273"}],"version-history":[{"count":8,"href":"https:\/\/www.laterredufutur.com\/accueil\/wp-json\/wp\/v2\/posts\/24273\/revisions"}],"predecessor-version":[{"id":24292,"href":"https:\/\/www.laterredufutur.com\/accueil\/wp-json\/wp\/v2\/posts\/24273\/revisions\/24292"}],"wp:featuredmedia":[{"embeddable":true,"href":"https:\/\/www.laterredufutur.com\/accueil\/wp-json\/wp\/v2\/media\/24280"}],"wp:attachment":[{"href":"https:\/\/www.laterredufutur.com\/accueil\/wp-json\/wp\/v2\/media?parent=24273"}],"wp:term":[{"taxonomy":"category","embeddable":true,"href":"https:\/\/www.laterredufutur.com\/accueil\/wp-json\/wp\/v2\/categories?post=24273"},{"taxonomy":"post_tag","embeddable":true,"href":"https:\/\/www.laterredufutur.com\/accueil\/wp-json\/wp\/v2\/tags?post=24273"}],"curies":[{"name":"wp","href":"https:\/\/api.w.org\/{rel}","templated":true}]}}