{"id":2425,"date":"2015-01-22T23:00:00","date_gmt":"2015-01-22T22:00:00","guid":{"rendered":"http:\/\/www.laterredufutur.com\/wordpress\/?p=2425"},"modified":"2015-01-22T23:00:00","modified_gmt":"2015-01-22T22:00:00","slug":"lhomme-na-guere-d-influence-sur-le-climat","status":"publish","type":"post","link":"https:\/\/www.laterredufutur.com\/accueil\/lhomme-na-guere-d-influence-sur-le-climat\/","title":{"rendered":"L&rsquo;homme n&rsquo;a gu\u00e8re d&rsquo; influence sur le climat"},"content":{"rendered":"<div class=\"1665f18d14f35dd9e7566e1a8ac9a3e9\" data-index=\"1\" style=\"float: none; margin:10px 0 10px 0; text-align:center;\">\n<script async src=\"https:\/\/pagead2.googlesyndication.com\/pagead\/js\/adsbygoogle.js\"><\/script>\r\n<ins class=\"adsbygoogle\"\r\n     style=\"display:block; text-align:center;\"\r\n     data-ad-layout=\"in-article\"\r\n     data-ad-format=\"fluid\"\r\n     data-ad-client=\"ca-pub-2860849627502538\"\r\n     data-ad-slot=\"3019501113\"><\/ins>\r\n<script>\r\n     (adsbygoogle = window.adsbygoogle || []).push({});\r\n<\/script>\n<\/div>\n<p style=\"text-align: justify;\"><span style=\"color: #000000;\"><span style=\"font-size: small;\"><img data-recalc-dims=\"1\" loading=\"lazy\" decoding=\"async\" data-attachment-id=\"299\" data-permalink=\"https:\/\/www.laterredufutur.com\/accueil\/lhomme-na-guere-d-influence-sur-le-climat\/refroidissement\/\" data-orig-file=\"https:\/\/i0.wp.com\/www.laterredufutur.com\/accueil\/wp-content\/uploads\/2011\/05\/refroidissement.jpg?fit=120%2C91&amp;ssl=1\" data-orig-size=\"120,91\" data-comments-opened=\"1\" data-image-meta=\"{&quot;aperture&quot;:&quot;0&quot;,&quot;credit&quot;:&quot;&quot;,&quot;camera&quot;:&quot;&quot;,&quot;caption&quot;:&quot;&quot;,&quot;created_timestamp&quot;:&quot;0&quot;,&quot;copyright&quot;:&quot;&quot;,&quot;focal_length&quot;:&quot;0&quot;,&quot;iso&quot;:&quot;0&quot;,&quot;shutter_speed&quot;:&quot;0&quot;,&quot;title&quot;:&quot;&quot;,&quot;orientation&quot;:&quot;1&quot;}\" data-image-title=\"refroidissement\" data-image-description=\"\" data-image-caption=\"\" data-large-file=\"https:\/\/i0.wp.com\/www.laterredufutur.com\/accueil\/wp-content\/uploads\/2011\/05\/refroidissement.jpg?fit=120%2C91&amp;ssl=1\" class=\" alignleft size-full wp-image-299\" src=\"https:\/\/i0.wp.com\/www.laterredufutur.com\/wordpress\/wp-content\/uploads\/2011\/05\/refroidissement.jpg?resize=120%2C91\" border=\"0\" style=\"border: 0px; float: left;\" width=\"120\" height=\"91\" \/>Le quotidien allemand \u00ab Augsburger Zeitung \u00bb a publi\u00e9 une interview du climatologue Klaus Hager. Charg\u00e9 de cours \u00e0 l&rsquo;Universit\u00e9 d&rsquo;Augsbourg depuis pr\u00e8s de 10 ans, son expertise dans le domaine climatique est reconnue. Il est \u00e9galement consid\u00e9r\u00e9 comme un expert en instruments et en mesures m\u00e9t\u00e9orologiques.<\/span><\/span><\/p>\n<p style=\"text-align: justify;\"><span style=\"color: #000000;\"><span style=\"font-size: small;\"><br \/><\/span><\/span><\/p>\n<p style=\"text-align: justify;\"><span style=\"color: #000000;\"><span style=\"font-size: small;\">   <\/span><\/span><\/p>\n<p style=\"text-align: justify;\"><span style=\"color: #000000;\"><span style=\"font-size: small;\">Son avis sur le traitement des changements climatiques est tr\u00e8s tranch\u00e9 : l&rsquo;homme n&rsquo;a gu\u00e8re d&rsquo;influence sur le climat, et \u00e0 fortiori ne peut rien pour modifier celui-ci dans un sens ou dans l&rsquo;autre. On trompe le public sur l&rsquo;influence du CO2. Je vous livre ici les \u00e9l\u00e9ments marquants de cette interview, dans une traduction maison.<\/span><\/span><\/p>\n<p style=\"text-align: justify;\"><span style=\"line-height: 1.3em;\"><span style=\"color: #000000;\"><span style=\"font-size: small;\">Jo Moreau.<\/span><\/span><\/span><\/p>\n<p style=\"text-align: justify;\"><span style=\"line-height: 1.3em;\"><span style=\"color: #000000;\"><span style=\"font-size: small;\">Le climat est domin\u00e9 par des fluctuations, et en aucun cas par des tendances. La seule constante qu&rsquo;on peut historiquement relever sont des changements en zig-zag, entre r\u00e9chauffements et refroidissements.<\/span><\/span><\/span><\/p>\n<p style=\"text-align: justify;\"><span style=\"line-height: 1.3em;\"><span style=\"color: #000000;\"><span style=\"font-size: small;\">La p\u00e9riode r\u00e9cente est caract\u00e9ris\u00e9e par un r\u00e9chauffement qui eut lieu dans la p\u00e9riode des ann\u00e9es 60 jusqu&rsquo;au milieu des ann\u00e9es 90. Depuis, nous sommes entr\u00e9s dans une p\u00e9riode de refroidissement, mod\u00e9r\u00e9e dans les chiffres suite aux modifications de la nature des instruments de mesure. En effet, depuis 1995 environ, les thermom\u00e8tres classiques ont \u00e9t\u00e9 remplac\u00e9s par des thermom\u00e8tres \u00e9lectroniques, bien plus sensibles et d&rsquo;un affichage plus rapide. J&rsquo;ai moi-m\u00eame effectu\u00e9 des mesures parall\u00e8les avec les deux types d&rsquo;instruments, et les thermom\u00e8tres \u00e9lectroniques montraient une temp\u00e9rature de 0,9\u00b0 plus \u00e9lev\u00e9e que leurs pr\u00e9d\u00e9cesseurs.<\/span><\/span><\/span><\/p>\n<p style=\"text-align: justify;\"><span style=\"line-height: 1.3em;\"><span style=\"color: #000000;\"><span style=\"font-size: small;\"><img data-recalc-dims=\"1\" decoding=\"async\" data-attachment-id=\"2423\" data-permalink=\"https:\/\/www.laterredufutur.com\/accueil\/lhomme-na-guere-d-influence-sur-le-climat\/laterredufutur-com_spaw_images_floride-2\/\" data-orig-file=\"https:\/\/i0.wp.com\/www.laterredufutur.com\/accueil\/wp-content\/uploads\/2015\/01\/laterredufutur.com_spaw_images_floride.jpg?fit=435%2C289&amp;ssl=1\" data-orig-size=\"435,289\" data-comments-opened=\"1\" data-image-meta=\"{&quot;aperture&quot;:&quot;0&quot;,&quot;credit&quot;:&quot;&quot;,&quot;camera&quot;:&quot;&quot;,&quot;caption&quot;:&quot;&quot;,&quot;created_timestamp&quot;:&quot;0&quot;,&quot;copyright&quot;:&quot;&quot;,&quot;focal_length&quot;:&quot;0&quot;,&quot;iso&quot;:&quot;0&quot;,&quot;shutter_speed&quot;:&quot;0&quot;,&quot;title&quot;:&quot;&quot;,&quot;orientation&quot;:&quot;0&quot;}\" data-image-title=\"laterredufutur.com_spaw_images_floride\" data-image-description=\"\" data-image-caption=\"\" data-large-file=\"https:\/\/i0.wp.com\/www.laterredufutur.com\/accueil\/wp-content\/uploads\/2015\/01\/laterredufutur.com_spaw_images_floride.jpg?fit=435%2C289&amp;ssl=1\" class=\" size-full wp-image-2423\" src=\"https:\/\/i0.wp.com\/www.laterredufutur.com\/wordpress\/wp-content\/uploads\/2015\/01\/laterredufutur.com_spaw_images_floride.jpg?w=450\" border=\"0\"  style=\"border: 0px;\" srcset=\"https:\/\/i0.wp.com\/www.laterredufutur.com\/accueil\/wp-content\/uploads\/2015\/01\/laterredufutur.com_spaw_images_floride.jpg?w=435&amp;ssl=1 435w, https:\/\/i0.wp.com\/www.laterredufutur.com\/accueil\/wp-content\/uploads\/2015\/01\/laterredufutur.com_spaw_images_floride.jpg?resize=300%2C199&amp;ssl=1 300w\" sizes=\"(max-width: 435px) 100vw, 435px\" \/><br \/><\/span><\/span><\/span><\/p><div class=\"1665f18d14f35dd9e7566e1a8ac9a3e9\" data-index=\"2\" style=\"float: none; margin:10px 0 10px 0; text-align:center;\">\n<script async src=\"https:\/\/pagead2.googlesyndication.com\/pagead\/js\/adsbygoogle.js\"><\/script>\r\n<ins class=\"adsbygoogle\"\r\n     style=\"display:block; text-align:center;\"\r\n     data-ad-layout=\"in-article\"\r\n     data-ad-format=\"fluid\"\r\n     data-ad-client=\"ca-pub-2860849627502538\"\r\n     data-ad-slot=\"3019501113\"><\/ins>\r\n<script>\r\n     (adsbygoogle = window.adsbygoogle || []).push({});\r\n<\/script>\n<\/div>\n\n<p style=\"text-align: justify;\"><span style=\"line-height: 1.3em;\"><span style=\"color: #000000;\"><span style=\"font-size: small;\">Les changements climatiques, et la pr\u00e9tendue protection contre ceux-ci, sont devenus des sujets \u00e0 lourde charge id\u00e9ologique. On ose \u00e0 peine contredire ces tendances, sous peine d&rsquo;\u00eatre accus\u00e9 de favoriser la pollution. La m\u00e9t\u00e9o et le climat sont par nature incontr\u00f4lables, car d&rsquo;un caract\u00e8re chaotique. Quant \u00e0 l&rsquo;objectif de r\u00e9duction du CO2, les gens sont men\u00e9s par le bout du nez. Le CO2 est un gaz non toxique, et n\u00e9cessaire \u00e0 la photosynth\u00e8se.<\/span><\/span><\/span><\/p>\n<p style=\"text-align: justify;\"><span style=\"line-height: 1.3em;\"><span style=\"color: #000000;\"><span style=\"font-size: small;\">L&rsquo;atmosph\u00e8re se compose d&rsquo;environ 78% d&rsquo;azote et de 21% d&rsquo;oxyg\u00e8ne. Le CO2 s&rsquo;y retrouve \u00e0 concurrence de 0,038%. En d&rsquo;autres termes, sur 2632 mol\u00e9cules, une seule est du CO2, et sur 83 mol\u00e9cules de CO2, une seule provient des activit\u00e9s humaines. Quand on constate les taxes diverses per\u00e7ues sur les \u00e9missions de CO2 au titre de lutte contre les changements climatiques, on identifie aussi ceux qui en sont les b\u00e9n\u00e9ficiaires au d\u00e9triment des citoyens.<\/span><\/span><\/span><\/p>\n<p> <script async src=\"\/\/pagead2.googlesyndication.com\/pagead\/js\/adsbygoogle.js\"><\/script> <!-- TDF2 --> <ins class=\"adsbygoogle\"      style=\"display:inline-block;width:336px;height:280px\"      data-ad-client=\"ca-pub-2860849627502538\"      data-ad-slot=\"1340140919\"><\/ins> <script> (adsbygoogle = window.adsbygoogle || []).push({}); <\/script> <\/p>\n<p style=\"text-align: justify;\"><span style=\"line-height: 1.3em;\"><span style=\"color: #000000;\"><span style=\"font-size: small;\"><img data-recalc-dims=\"1\" decoding=\"async\" data-attachment-id=\"2424\" data-permalink=\"https:\/\/www.laterredufutur.com\/accueil\/lhomme-na-guere-d-influence-sur-le-climat\/laterredufutur-free-fr_photos_rita4\/\" data-orig-file=\"https:\/\/i0.wp.com\/www.laterredufutur.com\/accueil\/wp-content\/uploads\/2015\/01\/laterredufutur.free.fr_photos_rita4.jpg?fit=459%2C359&amp;ssl=1\" data-orig-size=\"459,359\" data-comments-opened=\"1\" data-image-meta=\"{&quot;aperture&quot;:&quot;0&quot;,&quot;credit&quot;:&quot;&quot;,&quot;camera&quot;:&quot;&quot;,&quot;caption&quot;:&quot;&quot;,&quot;created_timestamp&quot;:&quot;0&quot;,&quot;copyright&quot;:&quot;&quot;,&quot;focal_length&quot;:&quot;0&quot;,&quot;iso&quot;:&quot;0&quot;,&quot;shutter_speed&quot;:&quot;0&quot;,&quot;title&quot;:&quot;&quot;,&quot;orientation&quot;:&quot;0&quot;}\" data-image-title=\"laterredufutur.free.fr_photos_rita4\" data-image-description=\"\" data-image-caption=\"\" data-large-file=\"https:\/\/i0.wp.com\/www.laterredufutur.com\/accueil\/wp-content\/uploads\/2015\/01\/laterredufutur.free.fr_photos_rita4.jpg?fit=459%2C359&amp;ssl=1\" class=\" size-full wp-image-2424\" src=\"https:\/\/i0.wp.com\/www.laterredufutur.com\/wordpress\/wp-content\/uploads\/2015\/01\/laterredufutur.free.fr_photos_rita4.jpg?w=450\" border=\"0\"  style=\"border: 0px;\" srcset=\"https:\/\/i0.wp.com\/www.laterredufutur.com\/accueil\/wp-content\/uploads\/2015\/01\/laterredufutur.free.fr_photos_rita4.jpg?w=459&amp;ssl=1 459w, https:\/\/i0.wp.com\/www.laterredufutur.com\/accueil\/wp-content\/uploads\/2015\/01\/laterredufutur.free.fr_photos_rita4.jpg?resize=300%2C235&amp;ssl=1 300w\" sizes=\"(max-width: 459px) 100vw, 459px\" \/><br \/><\/span><\/span><\/span><\/p>\n<p style=\"text-align: justify;\"><span style=\"line-height: 1.3em;\"><span style=\"color: #000000;\"><span style=\"font-size: small;\">Et quand on lui fait remarquer que ses d\u00e9clarations contredisent les th\u00e9ories de nombreux autres scientifiques, Klaus Hager r\u00e9pond : Je veux v\u00e9rifier les faits par moi-m\u00eame et stimuler la r\u00e9flexion, et pas tout avaler tel quel parce que cela serait conforme \u00e0 l&rsquo;air du temps. Le moteur principal de chaque \u00e9v\u00e8nement m\u00e9t\u00e9orologique est l&rsquo;activit\u00e9 solaire. L&rsquo;influence humaine est une bulle climatique&#8230;<\/span><\/span><\/span><\/p>\n<p style=\"text-align: justify;\"><span style=\"line-height: 1.3em;\"><span style=\"color: #000000;\"><span style=\"font-size: small;\">sources :\u00a0<a href=\"http:\/\/www.augsburger-allgemeine.de\/bayern\/Meteorologe-findet-Diskussion-um-Klimaschutz-laecherlich-id32569342.html\">http:\/\/www.augsburger-allgemeine.de<\/a> \/ <\/span><\/span><\/span><\/p>\n<p style=\"text-align: justify;\"><span style=\"line-height: 1.3em;\"><a href=\"http:\/\/belgotopia.blogs.lalibre.be\/\"><span style=\"color: #000000;\"><span style=\"font-size: small;\">http:\/\/belgotopia.blogs.lalibre.be\/<\/span><\/span><\/a><br \/><\/span><\/p>\n<p class=\"bawpvc-ajax-counter\" data-id=\"2425\">(522)<\/p>\n<!--CusAds0-->\n<div style=\"font-size: 0px; height: 0px; line-height: 0px; margin: 0; padding: 0; clear: both;\"><\/div>","protected":false},"excerpt":{"rendered":"<p style=\"text-align: justify;\"><span style=\"color: #000000;\"><span style=\"font-size: small;\"><img loading=\"lazy\" decoding=\"async\" class=\" alignleft size-full wp-image-299\" src=\"http:\/\/www.laterredufutur.com\/wordpress\/wp-content\/uploads\/2011\/05\/refroidissement.jpg\" border=\"0\" style=\"border: 0px; float: left;\" width=\"120\" height=\"91\" \/>Le quotidien allemand \u00ab Augsburger Zeitung \u00bb a publi\u00e9 une interview du climatologue Klaus Hager. Charg\u00e9 de cours \u00e0 l&rsquo;Universit\u00e9 d&rsquo;Augsbourg depuis pr\u00e8s de 10 ans, son expertise dans le domaine climatique est reconnue. Il est \u00e9galement consid\u00e9r\u00e9 comme un expert en instruments et en mesures m\u00e9t\u00e9orologiques.<\/span><\/span><\/p>\n<p style=\"text-align: justify;\"><span style=\"color: #000000;\"><span style=\"font-size: small;\"><br \/><\/span><\/span><\/p>\n<p style=\"text-align: justify;\"><span style=\"color: #000000;\"><span style=\"font-size: small;\"> <\/p>\n","protected":false},"author":1,"featured_media":299,"comment_status":"open","ping_status":"open","sticky":false,"template":"","format":"standard","meta":{"_exactmetrics_skip_tracking":false,"_exactmetrics_sitenote_active":false,"_exactmetrics_sitenote_note":"","_exactmetrics_sitenote_category":0,"ngg_post_thumbnail":0,"jetpack_post_was_ever_published":false,"_jetpack_newsletter_access":"","_jetpack_dont_email_post_to_subs":false,"_jetpack_newsletter_tier_id":0,"_jetpack_memberships_contains_paywalled_content":false,"_jetpack_memberships_contains_paid_content":false,"footnotes":"","jetpack_publicize_message":"","jetpack_publicize_feature_enabled":true,"jetpack_social_post_already_shared":false,"jetpack_social_options":{"image_generator_settings":{"template":"highway","default_image_id":0,"font":"","enabled":false},"version":2}},"categories":[20],"tags":[2344,41,93,846,511,2346,169,37,2345],"class_list":["post-2425","post","type-post","status-publish","format-standard","has-post-thumbnail","hentry","category-climat","tag-bulle-climatique","tag-climat","tag-co2","tag-fluctuations","tag-homme","tag-klaus-hager","tag-rechauffement-climatique","tag-soleil","tag-variabilite","wpcat-20-id"],"jetpack_publicize_connections":[],"jetpack_featured_media_url":"https:\/\/i0.wp.com\/www.laterredufutur.com\/accueil\/wp-content\/uploads\/2011\/05\/refroidissement.jpg?fit=120%2C91&ssl=1","jetpack_shortlink":"https:\/\/wp.me\/p631RN-D7","jetpack-related-posts":[{"id":4816,"url":"https:\/\/www.laterredufutur.com\/accueil\/a-new-york-les-anti-kyoto-denoncent-lalarmisme-environnementaliste\/","url_meta":{"origin":2425,"position":0},"title":"A New York, les anti-Kyoto denoncent &lsquo;l&rsquo;alarmisme environnementaliste&rsquo;","author":"Admin","date":"25 mars 2009","format":false,"excerpt":"Elle ne figure pas a l'agenda officiel des grandes reunions sur le climat, mais se targue du titre de \"Conference internationale sur le changement climatique\". Sa deuxieme edition s'est tenue a New York du 8 au 10 mars, avec comme invite de marque le president tcheque Vaclav Klaus, dont le\u2026","rel":"","context":"Dans &quot;Pollution&quot;","block_context":{"text":"Pollution","link":"https:\/\/www.laterredufutur.com\/accueil\/sujets\/pollution\/"},"img":{"alt_text":"","src":"https:\/\/i0.wp.com\/www.laterredufutur.com\/accueil\/wp-content\/uploads\/2015\/04\/new-york-city.jpg?fit=480%2C319&ssl=1&resize=350%2C200","width":350,"height":200},"classes":[]},{"id":4759,"url":"https:\/\/www.laterredufutur.com\/accueil\/le-rechauffement-climatique-nexiste-pas-affirme-le-president-tcheque\/","url_meta":{"origin":2425,"position":1},"title":"Le r\u00e9chauffement climatique n&rsquo;existe pas, affirme le pr\u00e9sident tch\u00e8que","author":"Admin","date":"6 f\u00e9vrier 2009","format":false,"excerpt":"Pour Vaclav Klaus, le pr\u00e9sident tch\u00e8que, dont le pays assure actuellement la pr\u00e9sidence tournante de l'Union europ\u00e9enne, le r\u00e9chauffement climatique n'existe pas. Lors du forum \u00e9conomique mondial de Davos, samedi 31 janvier, M. Klaus s'en est pris directement \u00e0 Al Gore, prix nobel de la paix pour son combat contre\u2026","rel":"","context":"Dans &quot;Climat&quot;","block_context":{"text":"Climat","link":"https:\/\/www.laterredufutur.com\/accueil\/sujets\/climat\/"},"img":{"alt_text":"","src":"","width":0,"height":0},"classes":[]},{"id":5574,"url":"https:\/\/www.laterredufutur.com\/accueil\/liste-de-scientifiques-sceptiques-sur-le-rechauffement-climatique\/","url_meta":{"origin":2425,"position":2},"title":"Liste de scientifiques sceptiques sur le r\u00e9chauffement climatique","author":"Admin","date":"12 novembre 2010","format":false,"excerpt":"Cette liste de scientifiques sceptiques sur le r\u00e9chauffement climatique liste les scientifiques \u00e0 travers le monde qui sont climatosceptiques, c'est \u00e0 dire sceptiques sur la r\u00e9alit\u00e9 d'un r\u00e9chauffement climatique1 exceptionnel, son origine humaine ou sur le fait qu'il ait des cons\u00e9quences n\u00e9gatives. Ils sont Prix Nobel, Ph.D., laur\u00e9ats de nombreux\u2026","rel":"","context":"Dans &quot;Climat&quot;","block_context":{"text":"Climat","link":"https:\/\/www.laterredufutur.com\/accueil\/sujets\/climat\/"},"img":{"alt_text":"","src":"https:\/\/i0.wp.com\/www.laterredufutur.com\/accueil\/wp-content\/uploads\/2015\/04\/wiki.jpg?fit=200%2C200&ssl=1&resize=350%2C200","width":350,"height":200},"classes":[]},{"id":25111,"url":"https:\/\/www.laterredufutur.com\/accueil\/quest-ce-qui-fait-que-cette-annee-est-si-chaude\/","url_meta":{"origin":2425,"position":3},"title":"Qu&rsquo;est-ce qui fait que cette ann\u00e9e est si chaude ?","author":"Admin","date":"21 juillet 2023","format":false,"excerpt":"Selon les scientifiques, le changement climatique d'origine humaine amplifie les ph\u00e9nom\u00e8nes m\u00e9t\u00e9orologiques naturels et provoque des vagues de chaleur qui frappent l'Asie, l'Europe et l'Am\u00e9rique du Nord et qui pourraient faire de 2023 l'ann\u00e9e la plus chaude depuis le d\u00e9but des relev\u00e9s de temp\u00e9ratures. Les experts expliquent ici comment l'ann\u00e9e\u2026","rel":"","context":"Dans &quot;M\u00e9t\u00e9orologie&quot;","block_context":{"text":"M\u00e9t\u00e9orologie","link":"https:\/\/www.laterredufutur.com\/accueil\/sujets\/meteorologie\/"},"img":{"alt_text":"","src":"https:\/\/i0.wp.com\/www.laterredufutur.com\/accueil\/wp-content\/uploads\/2023\/07\/canicule-chaleur.jpg?fit=1200%2C675&ssl=1&resize=350%2C200","width":350,"height":200,"srcset":"https:\/\/i0.wp.com\/www.laterredufutur.com\/accueil\/wp-content\/uploads\/2023\/07\/canicule-chaleur.jpg?fit=1200%2C675&ssl=1&resize=350%2C200 1x, https:\/\/i0.wp.com\/www.laterredufutur.com\/accueil\/wp-content\/uploads\/2023\/07\/canicule-chaleur.jpg?fit=1200%2C675&ssl=1&resize=525%2C300 1.5x, https:\/\/i0.wp.com\/www.laterredufutur.com\/accueil\/wp-content\/uploads\/2023\/07\/canicule-chaleur.jpg?fit=1200%2C675&ssl=1&resize=700%2C400 2x, https:\/\/i0.wp.com\/www.laterredufutur.com\/accueil\/wp-content\/uploads\/2023\/07\/canicule-chaleur.jpg?fit=1200%2C675&ssl=1&resize=1050%2C600 3x"},"classes":[]},{"id":4947,"url":"https:\/\/www.laterredufutur.com\/accueil\/augusto-mangini-met-a-mal-le-giec\/","url_meta":{"origin":2425,"position":4},"title":"Augusto Mangini met \u00e0 mal le GIEC","author":"Admin","date":"8 juillet 2009","format":false,"excerpt":"Augusto Mangini est un pal\u00e9oclimatologue qui enseigne \u00e0 l'universit\u00e9 d'Heidelberg en Allemagne. Il est tr\u00e8s critique de l'alarmisme actuel sur le climat orchestr\u00e9 par des organismes aux vis\u00e9es politiques comme le GIEC. Sp\u00e9cialiste de la reconstruction des temp\u00e9ratures pass\u00e9es, il a montr\u00e9 dans un article du 5 avril 2007 que\u2026","rel":"","context":"Dans &quot;Climat&quot;","block_context":{"text":"Climat","link":"https:\/\/www.laterredufutur.com\/accueil\/sujets\/climat\/"},"img":{"alt_text":"","src":"","width":0,"height":0},"classes":[]},{"id":5441,"url":"https:\/\/www.laterredufutur.com\/accueil\/le-micro-satellite-francais-picard\/","url_meta":{"origin":2425,"position":5},"title":"Le micro-satellite fran\u00e7ais PICARD","author":"Admin","date":"30 juin 2010","format":false,"excerpt":"PICARD : une mission originale d\u00e9di\u00e9e au Soleil et \u00e0 son influence sur le climat de la Terre. Le micro-satellite fran\u00e7ais PICARD, financ\u00e9 par le CNES, a \u00e9t\u00e9 lanc\u00e9 mardi 15 juin \u00e0 16h42, heure de Paris, par une fus\u00e9e Dniepr depuis la base de Yasny en Russie. Dans le\u2026","rel":"","context":"Dans &quot;Espace&quot;","block_context":{"text":"Espace","link":"https:\/\/www.laterredufutur.com\/accueil\/sujets\/espace\/"},"img":{"alt_text":"","src":"","width":0,"height":0},"classes":[]}],"jetpack_sharing_enabled":true,"_links":{"self":[{"href":"https:\/\/www.laterredufutur.com\/accueil\/wp-json\/wp\/v2\/posts\/2425","targetHints":{"allow":["GET"]}}],"collection":[{"href":"https:\/\/www.laterredufutur.com\/accueil\/wp-json\/wp\/v2\/posts"}],"about":[{"href":"https:\/\/www.laterredufutur.com\/accueil\/wp-json\/wp\/v2\/types\/post"}],"author":[{"embeddable":true,"href":"https:\/\/www.laterredufutur.com\/accueil\/wp-json\/wp\/v2\/users\/1"}],"replies":[{"embeddable":true,"href":"https:\/\/www.laterredufutur.com\/accueil\/wp-json\/wp\/v2\/comments?post=2425"}],"version-history":[{"count":0,"href":"https:\/\/www.laterredufutur.com\/accueil\/wp-json\/wp\/v2\/posts\/2425\/revisions"}],"wp:featuredmedia":[{"embeddable":true,"href":"https:\/\/www.laterredufutur.com\/accueil\/wp-json\/wp\/v2\/media\/299"}],"wp:attachment":[{"href":"https:\/\/www.laterredufutur.com\/accueil\/wp-json\/wp\/v2\/media?parent=2425"}],"wp:term":[{"taxonomy":"category","embeddable":true,"href":"https:\/\/www.laterredufutur.com\/accueil\/wp-json\/wp\/v2\/categories?post=2425"},{"taxonomy":"post_tag","embeddable":true,"href":"https:\/\/www.laterredufutur.com\/accueil\/wp-json\/wp\/v2\/tags?post=2425"}],"curies":[{"name":"wp","href":"https:\/\/api.w.org\/{rel}","templated":true}]}}