{"id":24175,"date":"2022-06-12T09:34:15","date_gmt":"2022-06-12T07:34:15","guid":{"rendered":"https:\/\/www.laterredufutur.com\/accueil\/?p=24175"},"modified":"2022-06-12T09:34:15","modified_gmt":"2022-06-12T07:34:15","slug":"le-cycle-solaire-25-depasse-les-previsions","status":"publish","type":"post","link":"https:\/\/www.laterredufutur.com\/accueil\/le-cycle-solaire-25-depasse-les-previsions\/","title":{"rendered":"Le cycle solaire 25 d\u00e9passe les pr\u00e9visions"},"content":{"rendered":"<div class=\"1665f18d14f35dd9e7566e1a8ac9a3e9\" data-index=\"1\" style=\"float: none; margin:10px 0 10px 0; text-align:center;\">\n<script async src=\"https:\/\/pagead2.googlesyndication.com\/pagead\/js\/adsbygoogle.js\"><\/script>\r\n<ins class=\"adsbygoogle\"\r\n     style=\"display:block; text-align:center;\"\r\n     data-ad-layout=\"in-article\"\r\n     data-ad-format=\"fluid\"\r\n     data-ad-client=\"ca-pub-2860849627502538\"\r\n     data-ad-slot=\"3019501113\"><\/ins>\r\n<script>\r\n     (adsbygoogle = window.adsbygoogle || []).push({});\r\n<\/script>\n<\/div>\n<p>Le cycle solaire 25 d\u00e9passe les pr\u00e9visions. Le nombre de taches solaires en mai 2022 a \u00e9t\u00e9 le plus \u00e9lev\u00e9 depuis pr\u00e8s de 8 ans, ce qui a plus que doubl\u00e9 les pr\u00e9visions officielles de la NOAA :<\/p>\n<figure id=\"attachment_24176\" aria-describedby=\"caption-attachment-24176\" style=\"width: 696px\" class=\"wp-caption alignnone\"><img data-recalc-dims=\"1\" loading=\"lazy\" decoding=\"async\" data-attachment-id=\"24176\" data-permalink=\"https:\/\/www.laterredufutur.com\/accueil\/le-cycle-solaire-25-depasse-les-previsions\/taches-solaires-cycle-25\/\" data-orig-file=\"https:\/\/i0.wp.com\/www.laterredufutur.com\/accueil\/wp-content\/uploads\/2022\/06\/taches-solaires-cycle-25.png?fit=696%2C348&amp;ssl=1\" data-orig-size=\"696,348\" data-comments-opened=\"1\" data-image-meta=\"{&quot;aperture&quot;:&quot;0&quot;,&quot;credit&quot;:&quot;&quot;,&quot;camera&quot;:&quot;&quot;,&quot;caption&quot;:&quot;&quot;,&quot;created_timestamp&quot;:&quot;0&quot;,&quot;copyright&quot;:&quot;&quot;,&quot;focal_length&quot;:&quot;0&quot;,&quot;iso&quot;:&quot;0&quot;,&quot;shutter_speed&quot;:&quot;0&quot;,&quot;title&quot;:&quot;&quot;,&quot;orientation&quot;:&quot;0&quot;}\" data-image-title=\"taches solaires-cycle-25\" data-image-description=\"\" data-image-caption=\"&lt;p&gt;NOAA&lt;\/p&gt;\n\" data-large-file=\"https:\/\/i0.wp.com\/www.laterredufutur.com\/accueil\/wp-content\/uploads\/2022\/06\/taches-solaires-cycle-25.png?fit=696%2C348&amp;ssl=1\" class=\"size-full wp-image-24176\" src=\"https:\/\/i0.wp.com\/www.laterredufutur.com\/accueil\/wp-content\/uploads\/2022\/06\/taches-solaires-cycle-25.png?resize=696%2C348&#038;ssl=1\" alt=\"\" width=\"696\" height=\"348\" srcset=\"https:\/\/i0.wp.com\/www.laterredufutur.com\/accueil\/wp-content\/uploads\/2022\/06\/taches-solaires-cycle-25.png?w=696&amp;ssl=1 696w, https:\/\/i0.wp.com\/www.laterredufutur.com\/accueil\/wp-content\/uploads\/2022\/06\/taches-solaires-cycle-25.png?resize=300%2C150&amp;ssl=1 300w\" sizes=\"auto, (max-width: 696px) 100vw, 696px\" \/><figcaption id=\"caption-attachment-24176\" class=\"wp-caption-text\">NOAA<\/figcaption><\/figure>\n<p>Le graphique, ci-dessus, compare le nombre actuel de taches solaires \u00e0 une s\u00e9lection de points de r\u00e9f\u00e9rence. La courbe bleue correspond \u00e0 la \u00ab\u00a0pr\u00e9vision officielle\u00a0\u00bb \u00e9mise par le comit\u00e9 de pr\u00e9vision du cycle solaire de la NOAA en 2019.<\/p>\n<figure id=\"attachment_24177\" aria-describedby=\"caption-attachment-24177\" style=\"width: 696px\" class=\"wp-caption alignnone\"><img data-recalc-dims=\"1\" loading=\"lazy\" decoding=\"async\" data-attachment-id=\"24177\" data-permalink=\"https:\/\/www.laterredufutur.com\/accueil\/le-cycle-solaire-25-depasse-les-previsions\/taches-solaires-cycle-25-2\/\" data-orig-file=\"https:\/\/i0.wp.com\/www.laterredufutur.com\/accueil\/wp-content\/uploads\/2022\/06\/taches-solaires-cycle-25-1.png?fit=696%2C348&amp;ssl=1\" data-orig-size=\"696,348\" data-comments-opened=\"1\" data-image-meta=\"{&quot;aperture&quot;:&quot;0&quot;,&quot;credit&quot;:&quot;&quot;,&quot;camera&quot;:&quot;&quot;,&quot;caption&quot;:&quot;&quot;,&quot;created_timestamp&quot;:&quot;0&quot;,&quot;copyright&quot;:&quot;&quot;,&quot;focal_length&quot;:&quot;0&quot;,&quot;iso&quot;:&quot;0&quot;,&quot;shutter_speed&quot;:&quot;0&quot;,&quot;title&quot;:&quot;&quot;,&quot;orientation&quot;:&quot;0&quot;}\" data-image-title=\"taches solaires-cycle-25\" data-image-description=\"\" data-image-caption=\"&lt;p&gt;Nombre de taches solaires incluant toutes les pr\u00e9dictions&lt;\/p&gt;\n\" data-large-file=\"https:\/\/i0.wp.com\/www.laterredufutur.com\/accueil\/wp-content\/uploads\/2022\/06\/taches-solaires-cycle-25-1.png?fit=696%2C348&amp;ssl=1\" class=\"size-full wp-image-24177\" src=\"https:\/\/i0.wp.com\/www.laterredufutur.com\/accueil\/wp-content\/uploads\/2022\/06\/taches-solaires-cycle-25-1.png?resize=696%2C348&#038;ssl=1\" alt=\"\" width=\"696\" height=\"348\" srcset=\"https:\/\/i0.wp.com\/www.laterredufutur.com\/accueil\/wp-content\/uploads\/2022\/06\/taches-solaires-cycle-25-1.png?w=696&amp;ssl=1 696w, https:\/\/i0.wp.com\/www.laterredufutur.com\/accueil\/wp-content\/uploads\/2022\/06\/taches-solaires-cycle-25-1.png?resize=300%2C150&amp;ssl=1 300w\" sizes=\"auto, (max-width: 696px) 100vw, 696px\" \/><figcaption id=\"caption-attachment-24177\" class=\"wp-caption-text\">Nombre de taches solaires incluant toutes les pr\u00e9dictions<\/figcaption><\/figure>\n<p>\u00c0 l&rsquo;\u00e9poque, les membres du panel pr\u00e9voyaient un cycle similaire ou plus faible que le cycle solaire 24. Ce graphique montre \u00e0 quel point le soleil d\u00e9passe cet objectif.<\/p>\n<figure id=\"attachment_24178\" aria-describedby=\"caption-attachment-24178\" style=\"width: 696px\" class=\"wp-caption alignnone\"><img data-recalc-dims=\"1\" loading=\"lazy\" decoding=\"async\" data-attachment-id=\"24178\" data-permalink=\"https:\/\/www.laterredufutur.com\/accueil\/le-cycle-solaire-25-depasse-les-previsions\/cycle-24\/\" data-orig-file=\"https:\/\/i0.wp.com\/www.laterredufutur.com\/accueil\/wp-content\/uploads\/2022\/06\/cycle-24.png?fit=696%2C522&amp;ssl=1\" data-orig-size=\"696,522\" data-comments-opened=\"1\" data-image-meta=\"{&quot;aperture&quot;:&quot;0&quot;,&quot;credit&quot;:&quot;&quot;,&quot;camera&quot;:&quot;&quot;,&quot;caption&quot;:&quot;&quot;,&quot;created_timestamp&quot;:&quot;0&quot;,&quot;copyright&quot;:&quot;&quot;,&quot;focal_length&quot;:&quot;0&quot;,&quot;iso&quot;:&quot;0&quot;,&quot;shutter_speed&quot;:&quot;0&quot;,&quot;title&quot;:&quot;&quot;,&quot;orientation&quot;:&quot;0&quot;}\" data-image-title=\"cycle 24\" data-image-description=\"\" data-image-caption=\"&lt;p&gt;Taux d&amp;rsquo;\u00e9jection de masse coronale interplan\u00e9taire (ICME) observ\u00e9 par des sondes spatiales in situ dans le vent solaire&lt;\/p&gt;\n\" data-large-file=\"https:\/\/i0.wp.com\/www.laterredufutur.com\/accueil\/wp-content\/uploads\/2022\/06\/cycle-24.png?fit=696%2C522&amp;ssl=1\" class=\"size-full wp-image-24178\" src=\"https:\/\/i0.wp.com\/www.laterredufutur.com\/accueil\/wp-content\/uploads\/2022\/06\/cycle-24.png?resize=696%2C522&#038;ssl=1\" alt=\"\" width=\"696\" height=\"522\" srcset=\"https:\/\/i0.wp.com\/www.laterredufutur.com\/accueil\/wp-content\/uploads\/2022\/06\/cycle-24.png?w=696&amp;ssl=1 696w, https:\/\/i0.wp.com\/www.laterredufutur.com\/accueil\/wp-content\/uploads\/2022\/06\/cycle-24.png?resize=300%2C225&amp;ssl=1 300w, https:\/\/i0.wp.com\/www.laterredufutur.com\/accueil\/wp-content\/uploads\/2022\/06\/cycle-24.png?resize=80%2C60&amp;ssl=1 80w, https:\/\/i0.wp.com\/www.laterredufutur.com\/accueil\/wp-content\/uploads\/2022\/06\/cycle-24.png?resize=174%2C131&amp;ssl=1 174w, https:\/\/i0.wp.com\/www.laterredufutur.com\/accueil\/wp-content\/uploads\/2022\/06\/cycle-24.png?resize=70%2C53&amp;ssl=1 70w\" sizes=\"auto, (max-width: 696px) 100vw, 696px\" \/><figcaption id=\"caption-attachment-24178\" class=\"wp-caption-text\">Taux d&rsquo;\u00e9jection de masse coronale interplan\u00e9taire (ICME) observ\u00e9 par des sondes spatiales in situ dans le vent solaire<\/figcaption><\/figure>\n<p>Il ne fait plus aucun doute que le cycle solaire 25 est en passe de surpasser son pr\u00e9d\u00e9cesseur, le cycle solaire 24, historiquement faible, qui a culmin\u00e9 en 2014.<\/p><div class=\"1665f18d14f35dd9e7566e1a8ac9a3e9\" data-index=\"2\" style=\"float: none; margin:10px 0 10px 0; text-align:center;\">\n<script async src=\"https:\/\/pagead2.googlesyndication.com\/pagead\/js\/adsbygoogle.js\"><\/script>\r\n<ins class=\"adsbygoogle\"\r\n     style=\"display:block; text-align:center;\"\r\n     data-ad-layout=\"in-article\"\r\n     data-ad-format=\"fluid\"\r\n     data-ad-client=\"ca-pub-2860849627502538\"\r\n     data-ad-slot=\"3019501113\"><\/ins>\r\n<script>\r\n     (adsbygoogle = window.adsbygoogle || []).push({});\r\n<\/script>\n<\/div>\n\n<figure id=\"attachment_24179\" aria-describedby=\"caption-attachment-24179\" style=\"width: 696px\" class=\"wp-caption alignnone\"><img data-recalc-dims=\"1\" loading=\"lazy\" decoding=\"async\" data-attachment-id=\"24179\" data-permalink=\"https:\/\/www.laterredufutur.com\/accueil\/le-cycle-solaire-25-depasse-les-previsions\/cycle-solaire-23-cycle-solaire-24-et-predictions-cycle-solaire-25\/\" data-orig-file=\"https:\/\/i0.wp.com\/www.laterredufutur.com\/accueil\/wp-content\/uploads\/2022\/06\/cycle-solaire-23-cycle-solaire-24-et-predictions-cycle-solaire-25.png?fit=696%2C535&amp;ssl=1\" data-orig-size=\"696,535\" data-comments-opened=\"1\" data-image-meta=\"{&quot;aperture&quot;:&quot;0&quot;,&quot;credit&quot;:&quot;&quot;,&quot;camera&quot;:&quot;&quot;,&quot;caption&quot;:&quot;&quot;,&quot;created_timestamp&quot;:&quot;0&quot;,&quot;copyright&quot;:&quot;&quot;,&quot;focal_length&quot;:&quot;0&quot;,&quot;iso&quot;:&quot;0&quot;,&quot;shutter_speed&quot;:&quot;0&quot;,&quot;title&quot;:&quot;&quot;,&quot;orientation&quot;:&quot;0&quot;}\" data-image-title=\"cycle solaire 23 cycle solaire 24 et predictions cycle solaire 25\" data-image-description=\"\" data-image-caption=\"&lt;p&gt;Pr\u00e9vision du taux d&amp;rsquo;ICME pour le cycle solaire 25&lt;\/p&gt;\n\" data-large-file=\"https:\/\/i0.wp.com\/www.laterredufutur.com\/accueil\/wp-content\/uploads\/2022\/06\/cycle-solaire-23-cycle-solaire-24-et-predictions-cycle-solaire-25.png?fit=696%2C535&amp;ssl=1\" class=\"size-full wp-image-24179\" src=\"https:\/\/i0.wp.com\/www.laterredufutur.com\/accueil\/wp-content\/uploads\/2022\/06\/cycle-solaire-23-cycle-solaire-24-et-predictions-cycle-solaire-25.png?resize=696%2C535&#038;ssl=1\" alt=\"\" width=\"696\" height=\"535\" srcset=\"https:\/\/i0.wp.com\/www.laterredufutur.com\/accueil\/wp-content\/uploads\/2022\/06\/cycle-solaire-23-cycle-solaire-24-et-predictions-cycle-solaire-25.png?w=696&amp;ssl=1 696w, https:\/\/i0.wp.com\/www.laterredufutur.com\/accueil\/wp-content\/uploads\/2022\/06\/cycle-solaire-23-cycle-solaire-24-et-predictions-cycle-solaire-25.png?resize=300%2C231&amp;ssl=1 300w, https:\/\/i0.wp.com\/www.laterredufutur.com\/accueil\/wp-content\/uploads\/2022\/06\/cycle-solaire-23-cycle-solaire-24-et-predictions-cycle-solaire-25.png?resize=80%2C60&amp;ssl=1 80w, https:\/\/i0.wp.com\/www.laterredufutur.com\/accueil\/wp-content\/uploads\/2022\/06\/cycle-solaire-23-cycle-solaire-24-et-predictions-cycle-solaire-25.png?resize=70%2C53&amp;ssl=1 70w\" sizes=\"auto, (max-width: 696px) 100vw, 696px\" \/><figcaption id=\"caption-attachment-24179\" class=\"wp-caption-text\">Pr\u00e9vision du taux d&rsquo;ICME pour le cycle solaire 25<\/figcaption><\/figure>\n<p>La courbe verte est la moyenne de tous les cycles solaires depuis 1750, et la courbe rouge, l\u00e9g\u00e8rement plus haute, est une nouvelle pr\u00e9diction bas\u00e9e sur l&rsquo;\u00e9v\u00e9nement de fin de cycle. Le nombre actuel de taches solaires correspond aux deux.<\/p>\n<figure id=\"attachment_24180\" aria-describedby=\"caption-attachment-24180\" style=\"width: 696px\" class=\"wp-caption alignnone\"><img data-recalc-dims=\"1\" loading=\"lazy\" decoding=\"async\" data-attachment-id=\"24180\" data-permalink=\"https:\/\/www.laterredufutur.com\/accueil\/le-cycle-solaire-25-depasse-les-previsions\/cme-observee-cycle-254-et-25\/\" data-orig-file=\"https:\/\/i0.wp.com\/www.laterredufutur.com\/accueil\/wp-content\/uploads\/2022\/06\/cme-observee-cycle-254-et-25.png?fit=696%2C398&amp;ssl=1\" data-orig-size=\"696,398\" data-comments-opened=\"1\" data-image-meta=\"{&quot;aperture&quot;:&quot;0&quot;,&quot;credit&quot;:&quot;&quot;,&quot;camera&quot;:&quot;&quot;,&quot;caption&quot;:&quot;&quot;,&quot;created_timestamp&quot;:&quot;0&quot;,&quot;copyright&quot;:&quot;&quot;,&quot;focal_length&quot;:&quot;0&quot;,&quot;iso&quot;:&quot;0&quot;,&quot;shutter_speed&quot;:&quot;0&quot;,&quot;title&quot;:&quot;&quot;,&quot;orientation&quot;:&quot;0&quot;}\" data-image-title=\"cme observee cycle 254 et 25\" data-image-description=\"\" data-image-caption=\"&lt;p&gt;Taux de CME observ\u00e9 par les imageurs h\u00e9liosph\u00e9riques de STEREO&lt;\/p&gt;\n\" data-large-file=\"https:\/\/i0.wp.com\/www.laterredufutur.com\/accueil\/wp-content\/uploads\/2022\/06\/cme-observee-cycle-254-et-25.png?fit=696%2C398&amp;ssl=1\" src=\"https:\/\/i0.wp.com\/www.laterredufutur.com\/accueil\/wp-content\/uploads\/2022\/06\/cme-observee-cycle-254-et-25.png?resize=696%2C398&#038;ssl=1\" alt=\"\" width=\"696\" height=\"398\" class=\"size-full wp-image-24180\" srcset=\"https:\/\/i0.wp.com\/www.laterredufutur.com\/accueil\/wp-content\/uploads\/2022\/06\/cme-observee-cycle-254-et-25.png?w=696&amp;ssl=1 696w, https:\/\/i0.wp.com\/www.laterredufutur.com\/accueil\/wp-content\/uploads\/2022\/06\/cme-observee-cycle-254-et-25.png?resize=300%2C172&amp;ssl=1 300w\" sizes=\"auto, (max-width: 696px) 100vw, 696px\" \/><figcaption id=\"caption-attachment-24180\" class=\"wp-caption-text\">Taux de CME observ\u00e9 par les imageurs h\u00e9liosph\u00e9riques de STEREO<\/figcaption><\/figure>\n<p>M\u00eame si le cycle solaire 25 s&rsquo;av\u00e8re \u00eatre simplement moyen, il d\u00e9passera de loin les attentes pr\u00e9c\u00e9dentes.<\/p>\n<p>Adaptation <a href=\"https:\/\/www.laterredufutur.com\/accueil\/\" rel=\"noopener\" target=\"_blank\">Terra Projects<\/a><\/p>\n<p>sources : <a href=\"https:\/\/www.spaceweather.com\/\" rel=\"noopener\" target=\"_blank\">https:\/\/www.spaceweather.com\/<\/a> \/ <a href=\"https:\/\/helioforecast.space\/solarcycle\" rel=\"noopener\" target=\"_blank\">https:\/\/helioforecast.space\/<\/a><\/p>\n<p class=\"bawpvc-ajax-counter\" data-id=\"24175\">(1947)<\/p>\n<!--CusAds0-->\n<div style=\"font-size: 0px; height: 0px; line-height: 0px; margin: 0; padding: 0; clear: both;\"><\/div>","protected":false},"excerpt":{"rendered":"<p>Le cycle solaire 25 d\u00e9passe les pr\u00e9visions. Le nombre de taches solaires en mai 2022 a \u00e9t\u00e9 le plus \u00e9lev\u00e9&#8230;<\/p>\n","protected":false},"author":1,"featured_media":24181,"comment_status":"open","ping_status":"open","sticky":false,"template":"","format":"standard","meta":{"_exactmetrics_skip_tracking":false,"_exactmetrics_sitenote_active":false,"_exactmetrics_sitenote_note":"","_exactmetrics_sitenote_category":0,"ngg_post_thumbnail":0,"jetpack_post_was_ever_published":false,"_jetpack_newsletter_access":"","_jetpack_dont_email_post_to_subs":false,"_jetpack_newsletter_tier_id":0,"_jetpack_memberships_contains_paywalled_content":false,"_jetpack_memberships_contains_paid_content":false,"footnotes":"","jetpack_publicize_message":"Le #cycle solaire 25 d\u00e9passe les pr\u00e9visions @laterredufutur.com Terra Projects","jetpack_publicize_feature_enabled":true,"jetpack_social_post_already_shared":true,"jetpack_social_options":{"image_generator_settings":{"template":"highway","default_image_id":0,"font":"","enabled":false},"version":2}},"categories":[24],"tags":[1160,183,37,369],"class_list":["post-24175","post","type-post","status-publish","format-standard","has-post-thumbnail","hentry","category-soleil","tag-cycle-solaire-25","tag-previsions","tag-soleil","tag-taches-solaires","wpcat-24-id"],"jetpack_publicize_connections":[],"jetpack_featured_media_url":"https:\/\/i0.wp.com\/www.laterredufutur.com\/accueil\/wp-content\/uploads\/2022\/06\/cycle-solaire-23-cycle-solaire-24-et-predictions-cycle-solaire-25-1.png?fit=1000%2C769&ssl=1","jetpack_shortlink":"https:\/\/wp.me\/p631RN-6hV","jetpack-related-posts":[{"id":23131,"url":"https:\/\/www.laterredufutur.com\/accueil\/le-cycle-solaire-25-est-en-superforme\/","url_meta":{"origin":24175,"position":0},"title":"Le cycle solaire 25 est en superforme","author":"Admin","date":"5 octobre 2021","format":false,"excerpt":"Le cycle solaire 25 est en surperforme : le nombre de taches solaires pour septembre 2021 \u00e9tait le plus \u00e9lev\u00e9 depuis plus de 5 ans, d\u00e9passant les pr\u00e9visions officielles. Le cycle solaire 25 continue de surperformer. Le nombre de taches solaires en septembre 2021 \u00e9tait le plus \u00e9lev\u00e9 depuis plus\u2026","rel":"","context":"Dans &quot;Soleil&quot;","block_context":{"text":"Soleil","link":"https:\/\/www.laterredufutur.com\/accueil\/sujets\/soleil\/"},"img":{"alt_text":"","src":"https:\/\/i0.wp.com\/www.laterredufutur.com\/accueil\/wp-content\/uploads\/2021\/10\/activite-solaire-4-octobre-2021-soleil.jpg?fit=1000%2C1000&ssl=1&resize=350%2C200","width":350,"height":200,"srcset":"https:\/\/i0.wp.com\/www.laterredufutur.com\/accueil\/wp-content\/uploads\/2021\/10\/activite-solaire-4-octobre-2021-soleil.jpg?fit=1000%2C1000&ssl=1&resize=350%2C200 1x, https:\/\/i0.wp.com\/www.laterredufutur.com\/accueil\/wp-content\/uploads\/2021\/10\/activite-solaire-4-octobre-2021-soleil.jpg?fit=1000%2C1000&ssl=1&resize=525%2C300 1.5x, https:\/\/i0.wp.com\/www.laterredufutur.com\/accueil\/wp-content\/uploads\/2021\/10\/activite-solaire-4-octobre-2021-soleil.jpg?fit=1000%2C1000&ssl=1&resize=700%2C400 2x"},"classes":[]},{"id":18918,"url":"https:\/\/www.laterredufutur.com\/accueil\/leffondrement-solaire-se-poursuit-noaa-rien-nindique-que-nous-approchons-dun-minimum-dactivite-solaire-de-type-maunder\/","url_meta":{"origin":24175,"position":1},"title":"L&rsquo;effondrement solaire se poursuit &#8211; NOAA : \u00ab\u00a0Rien n&rsquo;indique que nous approchons d&rsquo;un minimum d&rsquo;activit\u00e9 solaire de type Maunder.\u00a0\u00bb","author":"Admin","date":"9 avril 2019","format":false,"excerpt":"Les scientifiques charg\u00e9s de pr\u00e9dire l'activit\u00e9 du Soleil pour le prochain cycle solaire de 11 ans disent qu'il sera probablement faible, tout comme l'activit\u00e9 actuelle. Le cycle solaire actuel, le cycle 24, est en d\u00e9clin et devrait atteindre le minimum solaire - la p\u00e9riode o\u00f9 le Soleil sera le moins\u2026","rel":"","context":"Dans &quot;Soleil&quot;","block_context":{"text":"Soleil","link":"https:\/\/www.laterredufutur.com\/accueil\/sujets\/soleil\/"},"img":{"alt_text":"","src":"https:\/\/i0.wp.com\/www.laterredufutur.com\/accueil\/wp-content\/uploads\/2019\/01\/tempete-solaire-soleil-tempete-geomagnetique.jpg?fit=1000%2C500&ssl=1&resize=350%2C200","width":350,"height":200,"srcset":"https:\/\/i0.wp.com\/www.laterredufutur.com\/accueil\/wp-content\/uploads\/2019\/01\/tempete-solaire-soleil-tempete-geomagnetique.jpg?fit=1000%2C500&ssl=1&resize=350%2C200 1x, https:\/\/i0.wp.com\/www.laterredufutur.com\/accueil\/wp-content\/uploads\/2019\/01\/tempete-solaire-soleil-tempete-geomagnetique.jpg?fit=1000%2C500&ssl=1&resize=525%2C300 1.5x, https:\/\/i0.wp.com\/www.laterredufutur.com\/accueil\/wp-content\/uploads\/2019\/01\/tempete-solaire-soleil-tempete-geomagnetique.jpg?fit=1000%2C500&ssl=1&resize=700%2C400 2x"},"classes":[]},{"id":16577,"url":"https:\/\/www.laterredufutur.com\/accueil\/les-taches-solaires-disparaissent-plus-vite-que-prevu-le-cycle-solaire-24-diminue-plus-rapidement-que-prevu\/","url_meta":{"origin":24175,"position":2},"title":"Les taches solaires disparaissent plus vite que pr\u00e9vu: le cycle solaire 24 diminue plus rapidement que pr\u00e9vu","author":"Admin","date":"8 mai 2018","format":false,"excerpt":"Les taches solaires deviennent rares. Le fait que les taches solaires disparaissent n'est pas une surprise. Les pr\u00e9visionnistes disent depuis des ann\u00e9es que cela se produira lorsque le cycle solaire actuel (\u00abcycle solaire 24\u00bb) arrivera \u00e0 son terme. La surprise est la vitesse du ph\u00e9nom\u00e8ne. \" Le cycle solaire 24\u2026","rel":"","context":"Dans &quot;Soleil&quot;","block_context":{"text":"Soleil","link":"https:\/\/www.laterredufutur.com\/accueil\/sujets\/soleil\/"},"img":{"alt_text":"","src":"https:\/\/i0.wp.com\/www.laterredufutur.com\/accueil\/wp-content\/uploads\/2018\/05\/soleil-4-mai-2018.gif?fit=696%2C696&ssl=1&resize=350%2C200","width":350,"height":200,"srcset":"https:\/\/i0.wp.com\/www.laterredufutur.com\/accueil\/wp-content\/uploads\/2018\/05\/soleil-4-mai-2018.gif?fit=696%2C696&ssl=1&resize=350%2C200 1x, https:\/\/i0.wp.com\/www.laterredufutur.com\/accueil\/wp-content\/uploads\/2018\/05\/soleil-4-mai-2018.gif?fit=696%2C696&ssl=1&resize=525%2C300 1.5x"},"classes":[]},{"id":848,"url":"https:\/\/www.laterredufutur.com\/accueil\/le-cycle-solaire-25-sera-encore-plus-faible-que-prevu\/","url_meta":{"origin":24175,"position":3},"title":"Le cycle solaire 25 sera encore plus faible que pr\u00e9vu","author":"Admin","date":"15 avril 2012","format":false,"excerpt":"Les pr\u00e9visions de David Hathaway \u00e9tablissent que le cycle solaire N\u00b025 sera pire que pr\u00e9vu. Pour ceux d'entre vous qui suivent les pr\u00e9visions du cycle solaire de David Hathaway, elles ne sont pas tr\u00e8s bonnes pour le cycle solaire N\u00b025. Le cycle solaire 25 devrait commencer vers la fin de\u2026","rel":"","context":"Dans &quot;Soleil&quot;","block_context":{"text":"Soleil","link":"https:\/\/www.laterredufutur.com\/accueil\/sujets\/soleil\/"},"img":{"alt_text":"cycle 24","src":"http:\/\/www.laterredufutur.com\/wordpress\/wp-content\/uploads\/2012\/04\/cycle24.bmp","width":350,"height":200},"classes":[]},{"id":21784,"url":"https:\/\/www.laterredufutur.com\/accueil\/le-cycle-solaire-25-et-previsions-de-ce-nouveau-cycle-qui-ne-sera-pas-aussi-fort-que-le-23\/","url_meta":{"origin":24175,"position":4},"title":"Le cycle solaire 25 et pr\u00e9visions de ce nouveau cycle qui ne sera pas aussi fort que le 23","author":"Admin","date":"8 janvier 2021","format":false,"excerpt":"Le cycle solaire 25 est le cycle solaire en cours en 2021, le vingt-cinqui\u00e8me depuis 1755, date du d\u00e9but du suivi intensif de l'activit\u00e9 et des taches solaires. Ce cycle a d\u00e9marr\u00e9 en d\u00e9cembre 2019, mais plus significativement sur la fin 2020 et devrait se poursuivre jusqu'en 2030. Selon l\u2019accord\u2026","rel":"","context":"Dans &quot;Soleil&quot;","block_context":{"text":"Soleil","link":"https:\/\/www.laterredufutur.com\/accueil\/sujets\/soleil\/"},"img":{"alt_text":"","src":"https:\/\/i0.wp.com\/www.laterredufutur.com\/accueil\/wp-content\/uploads\/2021\/01\/cycle24-25.jpg?fit=1024%2C512&ssl=1&resize=350%2C200","width":350,"height":200,"srcset":"https:\/\/i0.wp.com\/www.laterredufutur.com\/accueil\/wp-content\/uploads\/2021\/01\/cycle24-25.jpg?fit=1024%2C512&ssl=1&resize=350%2C200 1x, https:\/\/i0.wp.com\/www.laterredufutur.com\/accueil\/wp-content\/uploads\/2021\/01\/cycle24-25.jpg?fit=1024%2C512&ssl=1&resize=525%2C300 1.5x, https:\/\/i0.wp.com\/www.laterredufutur.com\/accueil\/wp-content\/uploads\/2021\/01\/cycle24-25.jpg?fit=1024%2C512&ssl=1&resize=700%2C400 2x"},"classes":[]},{"id":22620,"url":"https:\/\/www.laterredufutur.com\/accueil\/cycle-solaire-25-un-evenement-de-fin-de-cycle-est-il-imminent\/","url_meta":{"origin":24175,"position":5},"title":"Cycle solaire 25 : Un \u00e9v\u00e9nement de fin de cycle est-il imminent ?","author":"Admin","date":"12 juin 2021","format":false,"excerpt":"Quelque chose d'important est peut-\u00eatre sur le point de se produire sur le soleil. \"Nous l'appelons l'\u00e9v\u00e9nement de terminaison\", d\u00e9clare Scott McIntosh, physicien solaire au National Center for Atmospheric Research (NCAR), \"et il est tr\u00e8s, tr\u00e8s proche de se produire\". Qu'est-ce qu'un \u00e9v\u00e9nement de fin de vie ? Si vous\u2026","rel":"","context":"Dans &quot;Soleil&quot;","block_context":{"text":"Soleil","link":"https:\/\/www.laterredufutur.com\/accueil\/sujets\/soleil\/"},"img":{"alt_text":"","src":"https:\/\/i0.wp.com\/www.laterredufutur.com\/accueil\/wp-content\/uploads\/2021\/06\/cycles-solaires.png?fit=937%2C271&ssl=1&resize=350%2C200","width":350,"height":200,"srcset":"https:\/\/i0.wp.com\/www.laterredufutur.com\/accueil\/wp-content\/uploads\/2021\/06\/cycles-solaires.png?fit=937%2C271&ssl=1&resize=350%2C200 1x, https:\/\/i0.wp.com\/www.laterredufutur.com\/accueil\/wp-content\/uploads\/2021\/06\/cycles-solaires.png?fit=937%2C271&ssl=1&resize=525%2C300 1.5x, https:\/\/i0.wp.com\/www.laterredufutur.com\/accueil\/wp-content\/uploads\/2021\/06\/cycles-solaires.png?fit=937%2C271&ssl=1&resize=700%2C400 2x"},"classes":[]}],"jetpack_sharing_enabled":true,"_links":{"self":[{"href":"https:\/\/www.laterredufutur.com\/accueil\/wp-json\/wp\/v2\/posts\/24175","targetHints":{"allow":["GET"]}}],"collection":[{"href":"https:\/\/www.laterredufutur.com\/accueil\/wp-json\/wp\/v2\/posts"}],"about":[{"href":"https:\/\/www.laterredufutur.com\/accueil\/wp-json\/wp\/v2\/types\/post"}],"author":[{"embeddable":true,"href":"https:\/\/www.laterredufutur.com\/accueil\/wp-json\/wp\/v2\/users\/1"}],"replies":[{"embeddable":true,"href":"https:\/\/www.laterredufutur.com\/accueil\/wp-json\/wp\/v2\/comments?post=24175"}],"version-history":[{"count":1,"href":"https:\/\/www.laterredufutur.com\/accueil\/wp-json\/wp\/v2\/posts\/24175\/revisions"}],"predecessor-version":[{"id":24182,"href":"https:\/\/www.laterredufutur.com\/accueil\/wp-json\/wp\/v2\/posts\/24175\/revisions\/24182"}],"wp:featuredmedia":[{"embeddable":true,"href":"https:\/\/www.laterredufutur.com\/accueil\/wp-json\/wp\/v2\/media\/24181"}],"wp:attachment":[{"href":"https:\/\/www.laterredufutur.com\/accueil\/wp-json\/wp\/v2\/media?parent=24175"}],"wp:term":[{"taxonomy":"category","embeddable":true,"href":"https:\/\/www.laterredufutur.com\/accueil\/wp-json\/wp\/v2\/categories?post=24175"},{"taxonomy":"post_tag","embeddable":true,"href":"https:\/\/www.laterredufutur.com\/accueil\/wp-json\/wp\/v2\/tags?post=24175"}],"curies":[{"name":"wp","href":"https:\/\/api.w.org\/{rel}","templated":true}]}}