{"id":23723,"date":"2022-02-09T17:53:53","date_gmt":"2022-02-09T16:53:53","guid":{"rendered":"https:\/\/www.laterredufutur.com\/accueil\/?p=23723"},"modified":"2022-02-09T17:53:53","modified_gmt":"2022-02-09T16:53:53","slug":"le-mysterieux-tsunami-qui-sest-diffuse-dans-lhemisphere-sud-en-2021-peut-enfin-etre-explique","status":"publish","type":"post","link":"https:\/\/www.laterredufutur.com\/accueil\/le-mysterieux-tsunami-qui-sest-diffuse-dans-lhemisphere-sud-en-2021-peut-enfin-etre-explique\/","title":{"rendered":"Le myst\u00e9rieux tsunami qui s&rsquo;est diffus\u00e9 dans l&rsquo;h\u00e9misph\u00e8re sud en 2021 peut enfin \u00eatre expliqu\u00e9"},"content":{"rendered":"<div class=\"1665f18d14f35dd9e7566e1a8ac9a3e9\" data-index=\"1\" style=\"float: none; margin:10px 0 10px 0; text-align:center;\">\n<script async src=\"https:\/\/pagead2.googlesyndication.com\/pagead\/js\/adsbygoogle.js\"><\/script>\r\n<ins class=\"adsbygoogle\"\r\n     style=\"display:block; text-align:center;\"\r\n     data-ad-layout=\"in-article\"\r\n     data-ad-format=\"fluid\"\r\n     data-ad-client=\"ca-pub-2860849627502538\"\r\n     data-ad-slot=\"3019501113\"><\/ins>\r\n<script>\r\n     (adsbygoogle = window.adsbygoogle || []).push({});\r\n<\/script>\n<\/div>\n<p>Au mois d&rsquo;ao\u00fbt 2021, un tsunami surprise dans l&rsquo;oc\u00e9an Atlantique Sud s&rsquo;est propag\u00e9 \u00e0 plus de 10 000 kilom\u00e8tres de distance, d\u00e9ferlant sur l&rsquo;Atlantique Nord, le Pacifique et l&rsquo;oc\u00e9an Indien.<\/p>\n<p>C&rsquo;\u00e9tait la premi\u00e8re fois qu&rsquo;un tsunami \u00e9tait enregistr\u00e9 dans trois oc\u00e9ans diff\u00e9rents depuis le s\u00e9isme de 2004 dans l&rsquo;oc\u00e9an Indien, et les scientifiques viennent tout juste de comprendre comment les vagues ont \u00e9t\u00e9 d\u00e9clench\u00e9es.<\/p>\n<p>L&rsquo;\u00e9picentre du s\u00e9isme du mois d&rsquo;ao\u00fbt 2021 a \u00e9t\u00e9 mesur\u00e9 \u00e0 47 kilom\u00e8tres sous le fond de l&rsquo;oc\u00e9an, ce qui est beaucoup trop profond pour d\u00e9clencher un tsunami significatif, m\u00eame s&rsquo;il s&rsquo;agit de vagues relativement petites mesurant entre 15 et 75 centim\u00e8tres.<\/p>\n<p>Il s&rsquo;av\u00e8re toutefois que ce tsunami n&rsquo;est pas seulement le produit d&rsquo;un seul s\u00e9isme de magnitude 7,5. Un regard neuf sur les donn\u00e9es sismologiques sugg\u00e8re qu&rsquo;il s&rsquo;agissait en fait d&rsquo;une s\u00e9rie de cinq sous-s\u00e9ismes, et qu&rsquo;au milieu d&rsquo;eux se cachait un grondement beaucoup plus important et moins profond qui a probablement d\u00e9clench\u00e9 le tsunami mondial.<\/p>\n<p>Ce troisi\u00e8me s\u00e9isme \u00ab\u00a0invisible\u00a0\u00bb, d&rsquo;une magnitude de 8,2, s&rsquo;est produit \u00e0 seulement 15 kilom\u00e8tres sous la surface de la Terre. Pourtant, dans la foule des s\u00e9ismes, nos syst\u00e8mes de surveillance l&rsquo;ont compl\u00e8tement manqu\u00e9.<\/p>\n<p>\u00ab\u00a0Le troisi\u00e8me \u00e9v\u00e9nement est sp\u00e9cial parce qu&rsquo;il \u00e9tait \u00e9norme, et qu&rsquo;il \u00e9tait silencieux\u00a0\u00bb, explique le sismologue Zhe Jia, de l&rsquo;Institut de technologie de Californie.<\/p>\n<p>\u00ab\u00a0Dans les donn\u00e9es que nous examinons normalement [pour la surveillance des tremblements de terre], il \u00e9tait presque invisible\u00a0\u00bb.<\/p>\n<p>En d\u00e9coupant les donn\u00e9es sismologiques en p\u00e9riodes plus longues de 500 secondes, Jia et ses coll\u00e8gues ont pu r\u00e9v\u00e9ler la pr\u00e9sence d&rsquo;un s\u00e9isme lent et peu profond, jamais vu auparavant.<\/p>\n<p>Entre des groupes d&rsquo;autres ruptures r\u00e9guli\u00e8res, ils ont trouv\u00e9 un grondement de 3 minutes qui a rompu une section de 200 kilom\u00e8tres de l&rsquo;interface des plaques. Au total, ce seul \u00e9v\u00e9nement a repr\u00e9sent\u00e9 plus de 70 % du moment sismique total enregistr\u00e9.<\/p>\n<p>\u00ab\u00a0Ainsi\u00a0\u00bb, concluent les auteurs, \u00ab\u00a0le tremblement de terre de l&rsquo;\u00eele Sandwich du Sud semble \u00eatre un hybride de rupture profonde et de glissement tsunamig\u00e8ne lent ; cela explique la combinaison quelque peu inhabituelle de la profondeur relativement importante et du tsunami observ\u00e9 \u00e0 l&rsquo;\u00e9chelle mondiale.\u00a0\u00bb<\/p><div class=\"1665f18d14f35dd9e7566e1a8ac9a3e9\" data-index=\"2\" style=\"float: none; margin:10px 0 10px 0; text-align:center;\">\n<script async src=\"https:\/\/pagead2.googlesyndication.com\/pagead\/js\/adsbygoogle.js\"><\/script>\r\n<ins class=\"adsbygoogle\"\r\n     style=\"display:block; text-align:center;\"\r\n     data-ad-layout=\"in-article\"\r\n     data-ad-format=\"fluid\"\r\n     data-ad-client=\"ca-pub-2860849627502538\"\r\n     data-ad-slot=\"3019501113\"><\/ins>\r\n<script>\r\n     (adsbygoogle = window.adsbygoogle || []).push({});\r\n<\/script>\n<\/div>\n\n<figure id=\"attachment_23724\" aria-describedby=\"caption-attachment-23724\" style=\"width: 1024px\" class=\"wp-caption alignnone\"><img data-recalc-dims=\"1\" loading=\"lazy\" decoding=\"async\" data-attachment-id=\"23724\" data-permalink=\"https:\/\/www.laterredufutur.com\/accueil\/le-mysterieux-tsunami-qui-sest-diffuse-dans-lhemisphere-sud-en-2021-peut-enfin-etre-explique\/sandwich-seisme-tsunami\/\" data-orig-file=\"https:\/\/i0.wp.com\/www.laterredufutur.com\/accueil\/wp-content\/uploads\/2022\/02\/sandwich-seisme-tsunami.webp?fit=1024%2C718&amp;ssl=1\" data-orig-size=\"1024,718\" data-comments-opened=\"1\" data-image-meta=\"{&quot;aperture&quot;:&quot;0&quot;,&quot;credit&quot;:&quot;&quot;,&quot;camera&quot;:&quot;&quot;,&quot;caption&quot;:&quot;&quot;,&quot;created_timestamp&quot;:&quot;0&quot;,&quot;copyright&quot;:&quot;&quot;,&quot;focal_length&quot;:&quot;0&quot;,&quot;iso&quot;:&quot;0&quot;,&quot;shutter_speed&quot;:&quot;0&quot;,&quot;title&quot;:&quot;&quot;,&quot;orientation&quot;:&quot;0&quot;}\" data-image-title=\"sandwich-seisme-tsunami\" data-image-description=\"\" data-image-caption=\"&lt;p&gt;Le tremblement de terre cach\u00e9 dans la s\u00e9quence de tremblement de terre de 2021. (Zhe Jia et AGU)&lt;\/p&gt;\n\" data-large-file=\"https:\/\/i0.wp.com\/www.laterredufutur.com\/accueil\/wp-content\/uploads\/2022\/02\/sandwich-seisme-tsunami.webp?fit=800%2C561&amp;ssl=1\" src=\"https:\/\/i0.wp.com\/www.laterredufutur.com\/accueil\/wp-content\/uploads\/2022\/02\/sandwich-seisme-tsunami.webp?resize=1024%2C718&#038;ssl=1\" alt=\"\" width=\"1024\" height=\"718\" class=\"size-full wp-image-23724\" srcset=\"https:\/\/i0.wp.com\/www.laterredufutur.com\/accueil\/wp-content\/uploads\/2022\/02\/sandwich-seisme-tsunami.webp?w=1024&amp;ssl=1 1024w, https:\/\/i0.wp.com\/www.laterredufutur.com\/accueil\/wp-content\/uploads\/2022\/02\/sandwich-seisme-tsunami.webp?resize=300%2C210&amp;ssl=1 300w, https:\/\/i0.wp.com\/www.laterredufutur.com\/accueil\/wp-content\/uploads\/2022\/02\/sandwich-seisme-tsunami.webp?resize=800%2C561&amp;ssl=1 800w, https:\/\/i0.wp.com\/www.laterredufutur.com\/accueil\/wp-content\/uploads\/2022\/02\/sandwich-seisme-tsunami.webp?resize=768%2C539&amp;ssl=1 768w\" sizes=\"auto, (max-width: 1000px) 100vw, 1000px\" \/><figcaption id=\"caption-attachment-23724\" class=\"wp-caption-text\">Le tremblement de terre cach\u00e9 dans la s\u00e9quence de tremblement de terre de 2021. (Zhe Jia et AGU)<\/figcaption><\/figure>\n<p>Ces r\u00e9sultats sugg\u00e8rent que nos syst\u00e8mes d&rsquo;alerte aux tremblements de terre et aux tsunamis doivent \u00eatre mis \u00e0 jour. Si nous voulons avertir les communaut\u00e9s c\u00f4ti\u00e8res de la survenue d&rsquo;\u00e9v\u00e9nements similaires, nos syst\u00e8mes doivent lire entre les lignes sismologiques pour d\u00e9tecter les s\u00e9ismes les plus importants.<\/p>\n<p>Sinon, la taille r\u00e9elle des tremblements de terre complexes pourrait continuer \u00e0 passer inaper\u00e7ue. Aujourd&rsquo;hui, les syst\u00e8mes de surveillance des tremblements de terre ont tendance \u00e0 se concentrer sur les p\u00e9riodes courtes et moyennes des ondes sismologiques, mais il semble que les p\u00e9riodes plus longues contiennent \u00e9galement des informations importantes.<\/p>\n<p>\u00ab\u00a0Il est difficile de trouver le deuxi\u00e8me tremblement de terre parce qu&rsquo;il est enfoui dans le premier\u00a0\u00bb, explique Jia.<\/p>\n<p>\u00ab\u00a0Il est tr\u00e8s rare que des tremblements de terre complexes comme celui-ci soient observ\u00e9s&#8230;. Et si nous n&rsquo;utilisons pas le bon ensemble de donn\u00e9es, nous ne pouvons pas vraiment voir ce qui \u00e9tait cach\u00e9 \u00e0 l&rsquo;int\u00e9rieur.\u00a0\u00bb<\/p>\n<p>La g\u00e9ologue Judith Hubbard, qui travaille pour l&rsquo;Observatoire de la Terre de Singapour et qui n&rsquo;a pas \u00e9t\u00e9 impliqu\u00e9e dans la recherche actuelle, dit qu&rsquo;elle est reconnaissante que d&rsquo;autres personnes creusent dans les donn\u00e9es des tsunamis inattendus pour mieux comprendre d&rsquo;o\u00f9 ils viennent.<\/p>\n<p>\u00ab\u00a0Avec ces s\u00e9ismes complexes, le tremblement de terre se produit et nous pensons, &lsquo;Oh, ce n&rsquo;\u00e9tait pas si grand, nous n&rsquo;avons pas \u00e0 nous inqui\u00e9ter&rsquo;. Et puis le tsunami frappe et cause beaucoup de d\u00e9g\u00e2ts\u00a0\u00bb, explique Hubbard.<\/p>\n<p>\u00ab\u00a0Cette \u00e9tude est un excellent exemple de la fa\u00e7on dont nous pouvons comprendre le fonctionnement de ces \u00e9v\u00e9nements, et comment nous pouvons les d\u00e9tecter plus rapidement afin d&rsquo;\u00eatre mieux avertis \u00e0 l&rsquo;avenir.\u00a0\u00bb<\/p>\n<p>L&rsquo;\u00e9tude a \u00e9t\u00e9 publi\u00e9e dans la revue <a href=\"https:\/\/agupubs.onlinelibrary.wiley.com\/doi\/10.1029\/2021GL097104\" rel=\"noopener\" target=\"_blank\">Geophysical Research Letters<\/a>.<\/p>\n<p>Adaptation <a href=\"https:\/\/www.laterredufutur.com\/accueil\/\" rel=\"noopener\" target=\"_blank\">Terra Projects<\/a><\/p>\n<p>source : <a href=\"https:\/\/www.sciencealert.com\/we-just-figured-out-how-a-global-spreading-tsunami-in-2021-took-us-by-complete-surprise\" rel=\"noopener\" target=\"_blank\">https:\/\/www.sciencealert.com\/<\/a><\/p>\n<p class=\"bawpvc-ajax-counter\" data-id=\"23723\">(453)<\/p>\n<!--CusAds0-->\n<div style=\"font-size: 0px; height: 0px; line-height: 0px; margin: 0; padding: 0; clear: both;\"><\/div>","protected":false},"excerpt":{"rendered":"<p>Au mois d&rsquo;ao\u00fbt 2021, un tsunami surprise dans l&rsquo;oc\u00e9an Atlantique Sud s&rsquo;est propag\u00e9 \u00e0 plus de 10 000 kilom\u00e8tres de&#8230;<\/p>\n","protected":false},"author":1,"featured_media":23725,"comment_status":"open","ping_status":"open","sticky":false,"template":"","format":"standard","meta":{"_exactmetrics_skip_tracking":false,"_exactmetrics_sitenote_active":false,"_exactmetrics_sitenote_note":"","_exactmetrics_sitenote_category":0,"ngg_post_thumbnail":0,"jetpack_post_was_ever_published":false,"_jetpack_newsletter_access":"","_jetpack_dont_email_post_to_subs":false,"_jetpack_newsletter_tier_id":0,"_jetpack_memberships_contains_paywalled_content":false,"_jetpack_memberships_contains_paid_content":false,"footnotes":"","jetpack_publicize_message":"Le #myst\u00e9rieux #tsunami qui s'est diffus\u00e9 dans l'h\u00e9misph\u00e8re sud en 2021 peut enfin \u00eatre expliqu\u00e9 @laterredufutur.com Terra Projects","jetpack_publicize_feature_enabled":true,"jetpack_social_post_already_shared":true,"jetpack_social_options":{"image_generator_settings":{"template":"highway","default_image_id":0,"font":"","enabled":false},"version":2}},"categories":[19],"tags":[7843,7842,347,108],"class_list":["post-23723","post","type-post","status-publish","format-standard","has-post-thumbnail","hentry","category-seismes-et-volcans","tag-aout-2021","tag-atlantique-sud","tag-seisme","tag-tsunami","wpcat-19-id"],"jetpack_publicize_connections":[],"jetpack_featured_media_url":"https:\/\/i0.wp.com\/www.laterredufutur.com\/accueil\/wp-content\/uploads\/2022\/02\/sandwich-seisme-tsunami.jpg?fit=1024%2C415&ssl=1","jetpack_shortlink":"https:\/\/wp.me\/p631RN-6aD","jetpack-related-posts":[{"id":6141,"url":"https:\/\/www.laterredufutur.com\/accueil\/quest-ce-quun-tsunami\/","url_meta":{"origin":23723,"position":0},"title":"Qu&rsquo;est-ce qu&rsquo;un tsunami?","author":"Admin","date":"26 avril 2015","format":false,"excerpt":"Un tsunami est une s\u00e9rie de vagues caus\u00e9e par les tremblements de terre ou les \u00e9ruptions volcaniques sous-marines. Le 18 novembre 1929, un s\u00e9isme de magnitude 7,4 s'est produit \u00e0 255 km\u00a0au sud de Terre-Neuve, \u00e0 la limite sud des Grands Bancs, au Canada. Cette illustration, appel\u00e9e Tsunami Time Travel\u2026","rel":"","context":"Dans &quot;Arch\u00e9ologie&quot;","block_context":{"text":"Arch\u00e9ologie","link":"https:\/\/www.laterredufutur.com\/accueil\/sujets\/archeologie\/"},"img":{"alt_text":"","src":"https:\/\/i0.wp.com\/www.laterredufutur.com\/accueil\/wp-content\/uploads\/2015\/04\/tsunami1.jpg?fit=960%2C376&ssl=1&resize=350%2C200","width":350,"height":200,"srcset":"https:\/\/i0.wp.com\/www.laterredufutur.com\/accueil\/wp-content\/uploads\/2015\/04\/tsunami1.jpg?fit=960%2C376&ssl=1&resize=350%2C200 1x, https:\/\/i0.wp.com\/www.laterredufutur.com\/accueil\/wp-content\/uploads\/2015\/04\/tsunami1.jpg?fit=960%2C376&ssl=1&resize=525%2C300 1.5x, https:\/\/i0.wp.com\/www.laterredufutur.com\/accueil\/wp-content\/uploads\/2015\/04\/tsunami1.jpg?fit=960%2C376&ssl=1&resize=700%2C400 2x"},"classes":[]},{"id":24454,"url":"https:\/\/www.laterredufutur.com\/accueil\/lasteroide-tueur-de-dinosaures-a-provoque-des-tsunamis-mondiaux-dune-hauteur-de-3-5-km\/","url_meta":{"origin":23723,"position":1},"title":"L&rsquo;ast\u00e9ro\u00efde tueur de dinosaures a provoqu\u00e9 des tsunamis mondiaux d&rsquo;une hauteur de 3.5 km","author":"Admin","date":"5 octobre 2022","format":false,"excerpt":"Selon une nouvelle \u00e9tude, l'ast\u00e9ro\u00efde tueur de dinosaures qui a percut\u00e9 la Terre il y a 66 millions d'ann\u00e9es a \u00e9galement d\u00e9clench\u00e9 un tsunami de taille gigantesque, avec des vagues de plusieurs kilom\u00e8tres de haut dans le golfe du Mexique, dont les eaux ont parcouru la moiti\u00e9 du globe. Les\u2026","rel":"","context":"Dans &quot;Arch\u00e9ologie&quot;","block_context":{"text":"Arch\u00e9ologie","link":"https:\/\/www.laterredufutur.com\/accueil\/sujets\/archeologie\/"},"img":{"alt_text":"","src":"https:\/\/i0.wp.com\/www.laterredufutur.com\/accueil\/wp-content\/uploads\/2021\/04\/comete-asteroide.jpg?fit=1000%2C667&ssl=1&resize=350%2C200","width":350,"height":200,"srcset":"https:\/\/i0.wp.com\/www.laterredufutur.com\/accueil\/wp-content\/uploads\/2021\/04\/comete-asteroide.jpg?fit=1000%2C667&ssl=1&resize=350%2C200 1x, https:\/\/i0.wp.com\/www.laterredufutur.com\/accueil\/wp-content\/uploads\/2021\/04\/comete-asteroide.jpg?fit=1000%2C667&ssl=1&resize=525%2C300 1.5x, https:\/\/i0.wp.com\/www.laterredufutur.com\/accueil\/wp-content\/uploads\/2021\/04\/comete-asteroide.jpg?fit=1000%2C667&ssl=1&resize=700%2C400 2x"},"classes":[]},{"id":23022,"url":"https:\/\/www.laterredufutur.com\/accueil\/un-puissant-essaim-sismique-a-la-palma-suggere-lintrusion-de-magma-dans-le-volcan-cumbre-vieja\/","url_meta":{"origin":23723,"position":2},"title":"Un puissant essaim sismique \u00e0 La Palma sugg\u00e8re l&rsquo;intrusion de magma dans le volcan Cumbre Vieja","author":"Admin","date":"13 septembre 2021","format":false,"excerpt":"Un fort essaim de s\u00e9ismes a d\u00e9but\u00e9 hier sous la zone du volcan La Cumbre Vieja, dans la partie sud de l'\u00eele de La Palma aux Iles Canaries. Aujourd'hui, l'alerte jaune a \u00e9t\u00e9 \u00e9mise pour le volcan de La Palma : Alerte jaune \u00e9mise pour le volcan de La Palma\u2026","rel":"","context":"Dans &quot;Seismes\/Volcans&quot;","block_context":{"text":"Seismes\/Volcans","link":"https:\/\/www.laterredufutur.com\/accueil\/sujets\/seismes-et-volcans\/"},"img":{"alt_text":"","src":"https:\/\/i0.wp.com\/www.laterredufutur.com\/accueil\/wp-content\/uploads\/2018\/03\/cumbre-vieja.jpg?fit=1000%2C666&ssl=1&resize=350%2C200","width":350,"height":200,"srcset":"https:\/\/i0.wp.com\/www.laterredufutur.com\/accueil\/wp-content\/uploads\/2018\/03\/cumbre-vieja.jpg?fit=1000%2C666&ssl=1&resize=350%2C200 1x, https:\/\/i0.wp.com\/www.laterredufutur.com\/accueil\/wp-content\/uploads\/2018\/03\/cumbre-vieja.jpg?fit=1000%2C666&ssl=1&resize=525%2C300 1.5x, https:\/\/i0.wp.com\/www.laterredufutur.com\/accueil\/wp-content\/uploads\/2018\/03\/cumbre-vieja.jpg?fit=1000%2C666&ssl=1&resize=700%2C400 2x"},"classes":[]},{"id":15464,"url":"https:\/\/www.laterredufutur.com\/accueil\/ocean-atlantique-un-mega-tsunami-du-passe-pourrait-il-se-reproduire\/","url_meta":{"origin":23723,"position":3},"title":"Oc\u00e9an Atlantique : un m\u00e9ga-tsunami du pass\u00e9 pourrait-il se reproduire ?","author":"Admin","date":"12 juillet 2017","format":false,"excerpt":"Des g\u00e9ophysiciens ont trouv\u00e9 les indices d'une catastrophe majeure dans l'archipel du Cap Vert. Une vague de 240 m\u00e8tres de haut aurait submerg\u00e9 l'\u00eele de Santiago il y a 73000 ans. Fogo, l'une des plus grandes \u00eeles volcaniques au monde, pourrait-elle un jour submerger l'Afrique occidentale en engendrant un m\u00e9ga-tsunami\u2026","rel":"","context":"Dans &quot;Seismes\/Volcans&quot;","block_context":{"text":"Seismes\/Volcans","link":"https:\/\/www.laterredufutur.com\/accueil\/sujets\/seismes-et-volcans\/"},"img":{"alt_text":"","src":"https:\/\/i0.wp.com\/www.laterredufutur.com\/accueil\/wp-content\/uploads\/2017\/06\/volcan-de-fogo.jpg?fit=1000%2C482&ssl=1&resize=350%2C200","width":350,"height":200,"srcset":"https:\/\/i0.wp.com\/www.laterredufutur.com\/accueil\/wp-content\/uploads\/2017\/06\/volcan-de-fogo.jpg?fit=1000%2C482&ssl=1&resize=350%2C200 1x, https:\/\/i0.wp.com\/www.laterredufutur.com\/accueil\/wp-content\/uploads\/2017\/06\/volcan-de-fogo.jpg?fit=1000%2C482&ssl=1&resize=525%2C300 1.5x, https:\/\/i0.wp.com\/www.laterredufutur.com\/accueil\/wp-content\/uploads\/2017\/06\/volcan-de-fogo.jpg?fit=1000%2C482&ssl=1&resize=700%2C400 2x"},"classes":[]},{"id":26482,"url":"https:\/\/www.laterredufutur.com\/accueil\/le-26-decembre-2004-le-jour-ou-le-tsunami-de-sumatra-fit-une-tragedie\/","url_meta":{"origin":23723,"position":4},"title":"Le 26 d\u00e9cembre 2004, le jour o\u00f9 le Tsunami de Sumatra fit une trag\u00e9die","author":"Admin","date":"26 d\u00e9cembre 2024","format":false,"excerpt":"Au moment de No\u00ebl et des f\u00eates de fin d\u2019ann\u00e9e, de nombreux touristes notamment europ\u00e9ens, choisissent de s\u2019envoler pour la Tha\u00eflande afin de quitter la grisaille et retrouver le soleil. Alors que l\u2019Europe est plong\u00e9e dans l\u2019hiver, c\u2019est le meilleur moment pour se rendre en Tha\u00eflande et de profiter des\u2026","rel":"","context":"Dans &quot;Ev\u00e8nement Brutal&quot;","block_context":{"text":"Ev\u00e8nement Brutal","link":"https:\/\/www.laterredufutur.com\/accueil\/sujets\/evenement-brutal\/"},"img":{"alt_text":"","src":"https:\/\/i0.wp.com\/www.laterredufutur.com\/accueil\/wp-content\/uploads\/2016\/04\/D%C3%A9vastation-de-lIndon%C3%A9sie-lors-du-tsunami-de-2004-et-10-ans-plus-tard.jpg?fit=810%2C455&ssl=1&resize=350%2C200","width":350,"height":200,"srcset":"https:\/\/i0.wp.com\/www.laterredufutur.com\/accueil\/wp-content\/uploads\/2016\/04\/D%C3%A9vastation-de-lIndon%C3%A9sie-lors-du-tsunami-de-2004-et-10-ans-plus-tard.jpg?fit=810%2C455&ssl=1&resize=350%2C200 1x, https:\/\/i0.wp.com\/www.laterredufutur.com\/accueil\/wp-content\/uploads\/2016\/04\/D%C3%A9vastation-de-lIndon%C3%A9sie-lors-du-tsunami-de-2004-et-10-ans-plus-tard.jpg?fit=810%2C455&ssl=1&resize=525%2C300 1.5x, https:\/\/i0.wp.com\/www.laterredufutur.com\/accueil\/wp-content\/uploads\/2016\/04\/D%C3%A9vastation-de-lIndon%C3%A9sie-lors-du-tsunami-de-2004-et-10-ans-plus-tard.jpg?fit=810%2C455&ssl=1&resize=700%2C400 2x"},"classes":[]},{"id":11969,"url":"https:\/\/www.laterredufutur.com\/accueil\/el-cumbre-vieja-un-mega-tsunami-en-preparation-documentaire-fiction\/","url_meta":{"origin":23723,"position":5},"title":"El Cumbre Vieja, un mega tsunami en pr\u00e9paration ? Documentaire Fiction","author":"Admin","date":"5 mai 2016","format":false,"excerpt":"S'il est une chose dont on nous parle peu, c'est bien des v\u00e9ritables risques que nous courons (risque bien plus grand que leur r\u00e9chauffement climatique avec lequel il nous gonflent). La Cumbre Vieja est un volcan sur l'Ile de la Palma aux Canaries\u00a0; depuis 1947 une faille est apparue sur\u2026","rel":"","context":"Dans &quot;Seismes\/Volcans&quot;","block_context":{"text":"Seismes\/Volcans","link":"https:\/\/www.laterredufutur.com\/accueil\/sujets\/seismes-et-volcans\/"},"img":{"alt_text":"","src":"https:\/\/i0.wp.com\/www.laterredufutur.com\/accueil\/wp-content\/uploads\/2004\/12\/cumbre-vieja.jpg?fit=389%2C472&ssl=1&resize=350%2C200","width":350,"height":200},"classes":[]}],"jetpack_sharing_enabled":true,"_links":{"self":[{"href":"https:\/\/www.laterredufutur.com\/accueil\/wp-json\/wp\/v2\/posts\/23723","targetHints":{"allow":["GET"]}}],"collection":[{"href":"https:\/\/www.laterredufutur.com\/accueil\/wp-json\/wp\/v2\/posts"}],"about":[{"href":"https:\/\/www.laterredufutur.com\/accueil\/wp-json\/wp\/v2\/types\/post"}],"author":[{"embeddable":true,"href":"https:\/\/www.laterredufutur.com\/accueil\/wp-json\/wp\/v2\/users\/1"}],"replies":[{"embeddable":true,"href":"https:\/\/www.laterredufutur.com\/accueil\/wp-json\/wp\/v2\/comments?post=23723"}],"version-history":[{"count":1,"href":"https:\/\/www.laterredufutur.com\/accueil\/wp-json\/wp\/v2\/posts\/23723\/revisions"}],"predecessor-version":[{"id":23726,"href":"https:\/\/www.laterredufutur.com\/accueil\/wp-json\/wp\/v2\/posts\/23723\/revisions\/23726"}],"wp:featuredmedia":[{"embeddable":true,"href":"https:\/\/www.laterredufutur.com\/accueil\/wp-json\/wp\/v2\/media\/23725"}],"wp:attachment":[{"href":"https:\/\/www.laterredufutur.com\/accueil\/wp-json\/wp\/v2\/media?parent=23723"}],"wp:term":[{"taxonomy":"category","embeddable":true,"href":"https:\/\/www.laterredufutur.com\/accueil\/wp-json\/wp\/v2\/categories?post=23723"},{"taxonomy":"post_tag","embeddable":true,"href":"https:\/\/www.laterredufutur.com\/accueil\/wp-json\/wp\/v2\/tags?post=23723"}],"curies":[{"name":"wp","href":"https:\/\/api.w.org\/{rel}","templated":true}]}}