{"id":23697,"date":"2022-01-26T16:52:06","date_gmt":"2022-01-26T15:52:06","guid":{"rendered":"https:\/\/www.laterredufutur.com\/accueil\/?p=23697"},"modified":"2022-01-26T16:52:06","modified_gmt":"2022-01-26T15:52:06","slug":"une-nouvelle-etude-suggere-que-lactivite-tectonique-de-la-terre-a-une-source-invisible","status":"publish","type":"post","link":"https:\/\/www.laterredufutur.com\/accueil\/une-nouvelle-etude-suggere-que-lactivite-tectonique-de-la-terre-a-une-source-invisible\/","title":{"rendered":"Une nouvelle \u00e9tude sugg\u00e8re que l&rsquo;activit\u00e9 tectonique de la Terre a une source invisible"},"content":{"rendered":"<div class=\"1665f18d14f35dd9e7566e1a8ac9a3e9\" data-index=\"1\" style=\"float: none; margin:10px 0 10px 0; text-align:center;\">\n<script async src=\"https:\/\/pagead2.googlesyndication.com\/pagead\/js\/adsbygoogle.js\"><\/script>\r\n<ins class=\"adsbygoogle\"\r\n     style=\"display:block; text-align:center;\"\r\n     data-ad-layout=\"in-article\"\r\n     data-ad-format=\"fluid\"\r\n     data-ad-client=\"ca-pub-2860849627502538\"\r\n     data-ad-slot=\"3019501113\"><\/ins>\r\n<script>\r\n     (adsbygoogle = window.adsbygoogle || []).push({});\r\n<\/script>\n<\/div>\n<p>La Terre est loin d&rsquo;\u00eatre une masse de roche solide. La couche externe de notre plan\u00e8te &#8211; appel\u00e9e lithosph\u00e8re &#8211; est constitu\u00e9e de plus de 20 plaques tectoniques. Lorsque ces plaques gargantuesques glissent sur la surface de la plan\u00e8te, nous observons le d\u00e9placement des continents et leurs interactions, notamment le relief des cha\u00eenes de montagnes enti\u00e8res et des fosses oc\u00e9aniques.<\/p>\n<p>Pour autant, les raisons qui poussent ces gigantesques plaques de roche \u00e0 se d\u00e9placer font toujours l&rsquo;objet d&rsquo;un d\u00e9bat.<\/p>\n<p>Parmi les nombreuses hypoth\u00e8ses avanc\u00e9es au cours des si\u00e8cles, les courants de convection g\u00e9n\u00e9r\u00e9s par le noyau chaud de la plan\u00e8te ont \u00e9t\u00e9 \u00e9voqu\u00e9s comme une explication, mais on peut douter que cet effet produise suffisamment d&rsquo;\u00e9nergie.<\/p>\n<p>Une \u00e9tude publi\u00e9e r\u00e9cemment se tourne vers le ciel pour trouver une explication. Notant que la force plut\u00f4t que la chaleur est le plus souvent utilis\u00e9e pour d\u00e9placer de grands objets, <strong>les auteurs sugg\u00e8rent que l&rsquo;interaction des forces gravitationnelles du Soleil, de la Lune et de la Terre pourrait \u00eatre responsable du mouvement des plaques tectoniques de la Terre.<\/strong><\/p>\n<p>La cl\u00e9 de l&rsquo;hypoth\u00e8se est le barycentre &#8211; le centre de masse d&rsquo;un syst\u00e8me de corps en orbite, dans ce cas celui de la Terre et de la Lune. Il s&rsquo;agit du point autour duquel tourne r\u00e9ellement notre Lune, et il ne se trouve pas directement au centre de masse de notre plan\u00e8te, que nous appelons le g\u00e9ocentre.<\/p>\n<p>Au lieu de cela, l&#8217;emplacement du barycentre sur la Terre change au cours du mois de 600 kilom\u00e8tre, car l&rsquo;orbite de la Lune autour de la Terre est elliptique en raison de l&rsquo;attraction gravitationnelle du Soleil.<\/p>\n<p>\u00ab\u00a0\u00c9tant donn\u00e9 que le barycentre oscillant se trouve \u00e0 environ 4 600 kilom\u00e8tres du g\u00e9ocentre, l&rsquo;acc\u00e9l\u00e9ration orbitale tangentielle de la Terre et l&rsquo;attraction solaire sont d\u00e9s\u00e9quilibr\u00e9es, sauf au niveau du barycentre\u00a0\u00bb, explique la g\u00e9ophysicienne Anne Hofmeister, de l&rsquo;universit\u00e9 Washington de Saint-Louis.<\/p>\n<p>\u00ab\u00a0Les couches int\u00e9rieures chaudes, \u00e9paisses et solides de la plan\u00e8te peuvent r\u00e9sister \u00e0 ces contraintes, mais sa lithosph\u00e8re mince, froide et fragile r\u00e9agit en se fracturant.\u00a0\u00bb<\/p>\n<p>D&rsquo;autres contraintes sont ajout\u00e9es lorsque la Terre tourne sur son axe, s&rsquo;aplatissant l\u00e9g\u00e8rement par rapport \u00e0 une forme sph\u00e9rique parfaite &#8211; et ces trois contraintes provenant de la Lune, du Soleil et de la Terre elle-m\u00eame se combinent pour provoquer le d\u00e9placement et la fissuration des plaques tectoniques.<\/p>\n<p><span class=\"embed-youtube\" style=\"text-align:center; display: block;\"><iframe loading=\"lazy\" class=\"youtube-player\" width=\"640\" height=\"360\" src=\"https:\/\/www.youtube.com\/embed\/xn3aS3m09PQ?version=3&#038;rel=1&#038;showsearch=0&#038;showinfo=1&#038;iv_load_policy=1&#038;fs=1&#038;hl=fr-FR&#038;autohide=2&#038;wmode=transparent\" allowfullscreen=\"true\" style=\"border:0;\" sandbox=\"allow-scripts allow-same-origin allow-popups allow-presentation allow-popups-to-escape-sandbox\"><\/iframe><\/span><\/p><div class=\"1665f18d14f35dd9e7566e1a8ac9a3e9\" data-index=\"2\" style=\"float: none; margin:10px 0 10px 0; text-align:center;\">\n<script async src=\"https:\/\/pagead2.googlesyndication.com\/pagead\/js\/adsbygoogle.js\"><\/script>\r\n<ins class=\"adsbygoogle\"\r\n     style=\"display:block; text-align:center;\"\r\n     data-ad-layout=\"in-article\"\r\n     data-ad-format=\"fluid\"\r\n     data-ad-client=\"ca-pub-2860849627502538\"\r\n     data-ad-slot=\"3019501113\"><\/ins>\r\n<script>\r\n     (adsbygoogle = window.adsbygoogle || []).push({});\r\n<\/script>\n<\/div>\n\n<p>\u00ab\u00a0Les diff\u00e9rences dans l&rsquo;alignement et l&rsquo;ampleur de la force centrifuge accompagnant l&rsquo;attraction solaire lorsque la Terre ondule sur son orbite complexe autour du Soleil superposent des forces hautement asym\u00e9triques et variables dans le temps sur la Terre, qui est d\u00e9j\u00e0 soumise \u00e0 des contraintes de rotation\u00a0\u00bb, \u00e9crivent les chercheurs.<\/p>\n<p>Selon les chercheurs, ce qui se passe sous la surface, c&rsquo;est que la lithosph\u00e8re solide et le manteau sup\u00e9rieur solide tournent \u00e0 des vitesses diff\u00e9rentes en raison de ces contraintes et de ces d\u00e9formations, tout cela \u00e9tant d\u00fb \u00e0 notre configuration particuli\u00e8re Terre-Lune-Soleil.<\/p>\n<p>\u00ab\u00a0La taille unique de notre Lune et la distance particuli\u00e8re qui la s\u00e9pare du Soleil sont essentielles\u00a0\u00bb, d\u00e9clare Hofmeister.<\/p>\n<p>Sans la Lune, et les d\u00e9calages qu&rsquo;elle provoque entre le barycentre et le g\u00e9ocentre, nous ne verrions pas l&rsquo;activit\u00e9 des plaques tectoniques que nous observons \u00e0 la surface de la Terre, affirment les chercheurs. L&rsquo;attraction gravitationnelle du Soleil sur la Lune \u00e9tant 2,2 fois sup\u00e9rieure \u00e0 celle de la Terre, la Lune s&rsquo;\u00e9loignera de notre plan\u00e8te au cours du prochain milliard d&rsquo;ann\u00e9es.<\/p>\n<p>Cela dit, les forces gravitationnelles en jeu ont encore besoin de l&rsquo;int\u00e9rieur chaud de la Terre pour que tout cela fonctionne, affirment les chercheurs.<\/p>\n<p>\u00ab\u00a0Nous proposons que la tectonique des plaques r\u00e9sulte de deux processus gravitationnels diff\u00e9rents, mais en interaction\u00a0\u00bb, \u00e9crivent-ils. \u00ab\u00a0Nous soulignons que la chaleur int\u00e9rieure de la Terre est essentielle pour cr\u00e9er la couche limite thermique et physique connue sous le nom de lithosph\u00e8re, sa fonte basale et la zone de basse vitesse sous-jacente.\u00a0\u00bb<\/p>\n<p>Pour valider davantage l&rsquo;hypoth\u00e8se expos\u00e9e dans leur \u00e9tude, les chercheurs appliquent leur analyse \u00e0 plusieurs plan\u00e8tes et lunes rocheuses du syst\u00e8me solaire, dont aucune n&rsquo;a connu d&rsquo;activit\u00e9 tectonique confirm\u00e9e \u00e0 ce jour.<\/p>\n<p>Leur comparaison entre la Terre et les autres grands corps c\u00e9lestes du syst\u00e8me solaire r\u00e9v\u00e8le une explication potentielle de la raison pour laquelle nous n&rsquo;avons pas d\u00e9tect\u00e9 d&rsquo;activit\u00e9 tectonique sur aucune des principales lunes ou plan\u00e8tes rocheuses jusqu&rsquo;\u00e0 pr\u00e9sent. La plus proche de la Terre dans tous les param\u00e8tres n\u00e9cessaires est toutefois Pluton.<\/p>\n<p>\u00ab\u00a0L&rsquo;un des tests consisterait \u00e0 examiner en d\u00e9tail la tectonique de Pluton, qui est trop petite et trop froide pour subir une convection, mais qui poss\u00e8de une lune g\u00e9ante et une surface \u00e9tonnamment jeune\u00a0\u00bb, explique M. Hofmeister.<\/p>\n<p>Ces recherches ont \u00e9t\u00e9 publi\u00e9es dans la revue<a href=\"https:\/\/pubs.geoscienceworld.org\/gsa\/books\/book\/2323\/chapter\/131987270\/Links-of-planetary-energetics-to-moon-size-orbit\" target=\"_blank\" rel=\"noopener\"> GSA Special Papers<\/a>.<\/p>\n<p>Adaptation <a href=\"https:\/\/www.laterredufutur.com\/accueil\/\" target=\"_blank\" rel=\"noopener\">Terra Projects<\/a><\/p>\n<p>Source : <a href=\"https:\/\/www.sciencealert.com\/the-pull-of-the-sun-and-moon-could-be-affecting-plate-motion\" target=\"_blank\" rel=\"noopener\">https:\/\/www.sciencealert.com\/<\/a><\/p>\n<p class=\"bawpvc-ajax-counter\" data-id=\"23697\">(2689)<\/p>\n<!--CusAds0-->\n<div style=\"font-size: 0px; height: 0px; line-height: 0px; margin: 0; padding: 0; clear: both;\"><\/div>","protected":false},"excerpt":{"rendered":"<p>La Terre est loin d&rsquo;\u00eatre une masse de roche solide. La couche externe de notre plan\u00e8te &#8211; appel\u00e9e lithosph\u00e8re &#8211;&#8230;<\/p>\n","protected":false},"author":1,"featured_media":23698,"comment_status":"open","ping_status":"open","sticky":false,"template":"","format":"standard","meta":{"_exactmetrics_skip_tracking":false,"_exactmetrics_sitenote_active":false,"_exactmetrics_sitenote_note":"","_exactmetrics_sitenote_category":0,"ngg_post_thumbnail":0,"jetpack_post_was_ever_published":false,"_jetpack_newsletter_access":"","_jetpack_dont_email_post_to_subs":false,"_jetpack_newsletter_tier_id":0,"_jetpack_memberships_contains_paywalled_content":false,"_jetpack_memberships_contains_paid_content":false,"footnotes":"","jetpack_publicize_message":"Une nouvelle \u00e9tude sugg\u00e8re que l'activit\u00e9 #tectonique de la #Terre a une source invisible @laterredufutur.com Terra Projects","jetpack_publicize_feature_enabled":true,"jetpack_social_post_already_shared":true,"jetpack_social_options":{"image_generator_settings":{"template":"highway","default_image_id":0,"font":"","enabled":false},"version":2}},"categories":[19],"tags":[1417,7834,2780,1378,1538,6750,6525,684,48],"class_list":["post-23697","post","type-post","status-publish","format-standard","has-post-thumbnail","hentry","category-seismes-et-volcans","tag-continents","tag-fosses","tag-montagnes","tag-plaque","tag-seismes","tag-tectonique","tag-tectonique-des-plaques","tag-video","tag-volcan","wpcat-19-id"],"jetpack_publicize_connections":[],"jetpack_featured_media_url":"https:\/\/i0.wp.com\/www.laterredufutur.com\/accueil\/wp-content\/uploads\/2022\/01\/tectonique-des-plaques.jpg?fit=990%2C969&ssl=1","jetpack_shortlink":"https:\/\/wp.me\/p631RN-6ad","jetpack-related-posts":[{"id":1680,"url":"https:\/\/www.laterredufutur.com\/accueil\/les-seismes-favorises-par-la-lubrification-des-plaques-tectoniques-par-des-argiles\/","url_meta":{"origin":23697,"position":0},"title":"Les s\u00e9ismes favoris\u00e9s par la lubrification des plaques tectoniques par des argiles","author":"Admin","date":"10 d\u00e9cembre 2013","format":false,"excerpt":"Dans une \u00e9tude publi\u00e9s dans la revue am\u00e9ricaine Science, des chercheurs japonais indiquent qu'une fine couche d'argile a rendu le s\u00e9isme qui a frapp\u00e9 le nord-est du Japon beaucoup plus d\u00e9vastateur car elle a op\u00e9r\u00e9 comme un lubrifiant entre les plaques tectoniques sous-marines. Cette couche de terre argileuse, ou smectite,\u2026","rel":"","context":"Dans &quot;Seismes\/Volcans&quot;","block_context":{"text":"Seismes\/Volcans","link":"https:\/\/www.laterredufutur.com\/accueil\/sujets\/seismes-et-volcans\/"},"img":{"alt_text":"","src":"","width":0,"height":0},"classes":[]},{"id":18754,"url":"https:\/\/www.laterredufutur.com\/accueil\/une-etude-revele-que-la-tectonique-des-plaques-sous-les-tropiques-declenche-les-eres-glaciaires-de-notre-planete\/","url_meta":{"origin":23697,"position":1},"title":"Une \u00e9tude r\u00e9v\u00e8le que la tectonique des plaques sous les tropiques d\u00e9clenche les \u00e8res glaciaires de notre plan\u00e8te","author":"Admin","date":"30 mars 2019","format":false,"excerpt":"Depuis 540 millions d\u2019ann\u00e9es, la Terre a travers\u00e9 trois p\u00e9riodes glaciaires majeures - des p\u00e9riodes au cours desquelles la temp\u00e9rature a chut\u00e9, de vastes calottes glaciaires et des glaciers se sont \u00e9tendus au-del\u00e0 des calottes polaires. Aujourd'hui, des scientifiques du MIT, de l'Universit\u00e9 de Californie \u00e0 Santa Barbara et de\u2026","rel":"","context":"Dans &quot;Climat&quot;","block_context":{"text":"Climat","link":"https:\/\/www.laterredufutur.com\/accueil\/sujets\/climat\/"},"img":{"alt_text":"","src":"https:\/\/i0.wp.com\/www.laterredufutur.com\/accueil\/wp-content\/uploads\/2019\/03\/ere-glaciaire-terre.jpg?fit=1200%2C683&ssl=1&resize=350%2C200","width":350,"height":200,"srcset":"https:\/\/i0.wp.com\/www.laterredufutur.com\/accueil\/wp-content\/uploads\/2019\/03\/ere-glaciaire-terre.jpg?fit=1200%2C683&ssl=1&resize=350%2C200 1x, https:\/\/i0.wp.com\/www.laterredufutur.com\/accueil\/wp-content\/uploads\/2019\/03\/ere-glaciaire-terre.jpg?fit=1200%2C683&ssl=1&resize=525%2C300 1.5x, https:\/\/i0.wp.com\/www.laterredufutur.com\/accueil\/wp-content\/uploads\/2019\/03\/ere-glaciaire-terre.jpg?fit=1200%2C683&ssl=1&resize=700%2C400 2x, https:\/\/i0.wp.com\/www.laterredufutur.com\/accueil\/wp-content\/uploads\/2019\/03\/ere-glaciaire-terre.jpg?fit=1200%2C683&ssl=1&resize=1050%2C600 3x"},"classes":[]},{"id":19169,"url":"https:\/\/www.laterredufutur.com\/accueil\/une-plaque-tectonique-sest-peut-etre-detachee-et-leurope-pourrait-deriver-jusquau-canada\/","url_meta":{"origin":23697,"position":2},"title":"Une plaque tectonique s\u2019est peut-\u00eatre d\u00e9tach\u00e9e et L&rsquo;Europe pourrait d\u00e9river jusqu&rsquo;au Canada","author":"Admin","date":"19 juin 2019","format":false,"excerpt":"Quelque chose d'\u00e9trange se passe au large des c\u00f4tes portugaises, et les scientifiques proposent maintenant une explication r\u00e9volutionnaire. Jo\u00e3o Duarte s'interroge depuis des ann\u00e9es sur une \u00e9tendue sous-marine apparemment ennuyeuse au large des c\u00f4tes du Portugal. En 1969, ce site a engendr\u00e9 un s\u00e9isme massif qui a secou\u00e9 la c\u00f4te\u2026","rel":"","context":"Dans &quot;Seismes\/Volcans&quot;","block_context":{"text":"Seismes\/Volcans","link":"https:\/\/www.laterredufutur.com\/accueil\/sujets\/seismes-et-volcans\/"},"img":{"alt_text":"","src":"https:\/\/i0.wp.com\/www.laterredufutur.com\/accueil\/wp-content\/uploads\/2019\/05\/faille-subduction-tectonique-plaque-portugal.jpg?fit=700%2C472&ssl=1&resize=350%2C200","width":350,"height":200,"srcset":"https:\/\/i0.wp.com\/www.laterredufutur.com\/accueil\/wp-content\/uploads\/2019\/05\/faille-subduction-tectonique-plaque-portugal.jpg?fit=700%2C472&ssl=1&resize=350%2C200 1x, https:\/\/i0.wp.com\/www.laterredufutur.com\/accueil\/wp-content\/uploads\/2019\/05\/faille-subduction-tectonique-plaque-portugal.jpg?fit=700%2C472&ssl=1&resize=525%2C300 1.5x, https:\/\/i0.wp.com\/www.laterredufutur.com\/accueil\/wp-content\/uploads\/2019\/05\/faille-subduction-tectonique-plaque-portugal.jpg?fit=700%2C472&ssl=1&resize=700%2C400 2x"},"classes":[]},{"id":27167,"url":"https:\/\/www.laterredufutur.com\/accueil\/une-chaine-de-volcans-fossilises-de-640km-de-long-decouverte-sous-la-chine\/","url_meta":{"origin":23697,"position":3},"title":"Une cha\u00eene de volcans fossilis\u00e9s de 640km de long d\u00e9couverte sous la Chine","author":"Admin","date":"18 ao\u00fbt 2025","format":false,"excerpt":"Des chercheurs ont r\u00e9cemment d\u00e9couvert une immense cha\u00eene de volcans \u00e9teints enfouis profond\u00e9ment sous la Chine du Sud, qui s'est form\u00e9e lorsque deux plaques tectoniques sont entr\u00e9es en collision lors de la rupture de Rodinia, il y a environ 800 millions d'ann\u00e9es. Des chercheurs ont d\u00e9couvert une cha\u00eene de volcans\u2026","rel":"","context":"Dans &quot;Arch\u00e9ologie&quot;","block_context":{"text":"Arch\u00e9ologie","link":"https:\/\/www.laterredufutur.com\/accueil\/sujets\/archeologie\/"},"img":{"alt_text":"","src":"https:\/\/i0.wp.com\/www.laterredufutur.com\/accueil\/wp-content\/uploads\/2025\/08\/supercontinent-Rodinia.jpg?fit=1024%2C1024&ssl=1&resize=350%2C200","width":350,"height":200,"srcset":"https:\/\/i0.wp.com\/www.laterredufutur.com\/accueil\/wp-content\/uploads\/2025\/08\/supercontinent-Rodinia.jpg?fit=1024%2C1024&ssl=1&resize=350%2C200 1x, https:\/\/i0.wp.com\/www.laterredufutur.com\/accueil\/wp-content\/uploads\/2025\/08\/supercontinent-Rodinia.jpg?fit=1024%2C1024&ssl=1&resize=525%2C300 1.5x, https:\/\/i0.wp.com\/www.laterredufutur.com\/accueil\/wp-content\/uploads\/2025\/08\/supercontinent-Rodinia.jpg?fit=1024%2C1024&ssl=1&resize=700%2C400 2x"},"classes":[]},{"id":25082,"url":"https:\/\/www.laterredufutur.com\/accueil\/le-continent-africain-se-separe-en-deux\/","url_meta":{"origin":23697,"position":4},"title":"Le continent africain se s\u00e9pare en deux","author":"Admin","date":"23 juillet 2023","format":false,"excerpt":"Une faille massive pourrait d\u00e9chirer l'Afrique en deux et former le sixi\u00e8me oc\u00e9an de la Terre. Le noyau de notre plan\u00e8te, qui \u00e9jecte de la roche surchauff\u00e9e, pourrait m\u00eame acc\u00e9l\u00e9rer cette s\u00e9paration. Le saviez-vous : une faille g\u00e9ante d\u00e9chire lentement l'Afrique, le deuxi\u00e8me plus grand continent du monde. On appelle\u2026","rel":"","context":"Dans &quot;Seismes\/Volcans&quot;","block_context":{"text":"Seismes\/Volcans","link":"https:\/\/www.laterredufutur.com\/accueil\/sujets\/seismes-et-volcans\/"},"img":{"alt_text":"","src":"https:\/\/i0.wp.com\/www.laterredufutur.com\/accueil\/wp-content\/uploads\/2023\/07\/rift-africain.jpg?fit=1024%2C576&ssl=1&resize=350%2C200","width":350,"height":200,"srcset":"https:\/\/i0.wp.com\/www.laterredufutur.com\/accueil\/wp-content\/uploads\/2023\/07\/rift-africain.jpg?fit=1024%2C576&ssl=1&resize=350%2C200 1x, https:\/\/i0.wp.com\/www.laterredufutur.com\/accueil\/wp-content\/uploads\/2023\/07\/rift-africain.jpg?fit=1024%2C576&ssl=1&resize=525%2C300 1.5x, https:\/\/i0.wp.com\/www.laterredufutur.com\/accueil\/wp-content\/uploads\/2023\/07\/rift-africain.jpg?fit=1024%2C576&ssl=1&resize=700%2C400 2x"},"classes":[]},{"id":18315,"url":"https:\/\/www.laterredufutur.com\/accueil\/la-terre-boit-plus-deau-de-mer-par-la-fosse-des-mariannes-quon-ne-le-pensait\/","url_meta":{"origin":23697,"position":5},"title":"La Terre \u00ab\u00a0boit\u00a0\u00bb plus d&rsquo;eau de mer par la fosse des Mariannes qu&rsquo;on ne le pensait","author":"Admin","date":"7 f\u00e9vrier 2019","format":false,"excerpt":"La surface de la Terre est recouverte par 3\/4 d'oc\u00e9ans, mais une nouvelle \u00e9tude sugg\u00e8re que le manteau contient beaucoup plus d'eau qu'on ne le pensait auparavant. Les observations de l'activit\u00e9 sismique autour de la fosse des Mariannes ont r\u00e9v\u00e9l\u00e9 que les plaques tectoniques en subduction entra\u00eenent de plus en\u2026","rel":"","context":"Dans &quot;Seismes\/Volcans&quot;","block_context":{"text":"Seismes\/Volcans","link":"https:\/\/www.laterredufutur.com\/accueil\/sujets\/seismes-et-volcans\/"},"img":{"alt_text":"","src":"https:\/\/i0.wp.com\/www.laterredufutur.com\/accueil\/wp-content\/uploads\/2019\/02\/fosse-des-mariannes-2.jpg?fit=800%2C320&ssl=1&resize=350%2C200","width":350,"height":200,"srcset":"https:\/\/i0.wp.com\/www.laterredufutur.com\/accueil\/wp-content\/uploads\/2019\/02\/fosse-des-mariannes-2.jpg?fit=800%2C320&ssl=1&resize=350%2C200 1x, https:\/\/i0.wp.com\/www.laterredufutur.com\/accueil\/wp-content\/uploads\/2019\/02\/fosse-des-mariannes-2.jpg?fit=800%2C320&ssl=1&resize=525%2C300 1.5x, https:\/\/i0.wp.com\/www.laterredufutur.com\/accueil\/wp-content\/uploads\/2019\/02\/fosse-des-mariannes-2.jpg?fit=800%2C320&ssl=1&resize=700%2C400 2x"},"classes":[]}],"jetpack_sharing_enabled":true,"_links":{"self":[{"href":"https:\/\/www.laterredufutur.com\/accueil\/wp-json\/wp\/v2\/posts\/23697","targetHints":{"allow":["GET"]}}],"collection":[{"href":"https:\/\/www.laterredufutur.com\/accueil\/wp-json\/wp\/v2\/posts"}],"about":[{"href":"https:\/\/www.laterredufutur.com\/accueil\/wp-json\/wp\/v2\/types\/post"}],"author":[{"embeddable":true,"href":"https:\/\/www.laterredufutur.com\/accueil\/wp-json\/wp\/v2\/users\/1"}],"replies":[{"embeddable":true,"href":"https:\/\/www.laterredufutur.com\/accueil\/wp-json\/wp\/v2\/comments?post=23697"}],"version-history":[{"count":1,"href":"https:\/\/www.laterredufutur.com\/accueil\/wp-json\/wp\/v2\/posts\/23697\/revisions"}],"predecessor-version":[{"id":23699,"href":"https:\/\/www.laterredufutur.com\/accueil\/wp-json\/wp\/v2\/posts\/23697\/revisions\/23699"}],"wp:featuredmedia":[{"embeddable":true,"href":"https:\/\/www.laterredufutur.com\/accueil\/wp-json\/wp\/v2\/media\/23698"}],"wp:attachment":[{"href":"https:\/\/www.laterredufutur.com\/accueil\/wp-json\/wp\/v2\/media?parent=23697"}],"wp:term":[{"taxonomy":"category","embeddable":true,"href":"https:\/\/www.laterredufutur.com\/accueil\/wp-json\/wp\/v2\/categories?post=23697"},{"taxonomy":"post_tag","embeddable":true,"href":"https:\/\/www.laterredufutur.com\/accueil\/wp-json\/wp\/v2\/tags?post=23697"}],"curies":[{"name":"wp","href":"https:\/\/api.w.org\/{rel}","templated":true}]}}