{"id":23691,"date":"2022-01-26T10:53:07","date_gmt":"2022-01-26T09:53:07","guid":{"rendered":"https:\/\/www.laterredufutur.com\/accueil\/?p=23691"},"modified":"2022-01-26T10:53:07","modified_gmt":"2022-01-26T09:53:07","slug":"chutes-de-neige-plastique-dans-les-alpes","status":"publish","type":"post","link":"https:\/\/www.laterredufutur.com\/accueil\/chutes-de-neige-plastique-dans-les-alpes\/","title":{"rendered":"Chutes de neige plastique dans les Alpes"},"content":{"rendered":"<div class=\"1665f18d14f35dd9e7566e1a8ac9a3e9\" data-index=\"1\" style=\"float: none; margin:10px 0 10px 0; text-align:center;\">\n<script async src=\"https:\/\/pagead2.googlesyndication.com\/pagead\/js\/adsbygoogle.js\"><\/script>\r\n<ins class=\"adsbygoogle\"\r\n     style=\"display:block; text-align:center;\"\r\n     data-ad-layout=\"in-article\"\r\n     data-ad-format=\"fluid\"\r\n     data-ad-client=\"ca-pub-2860849627502538\"\r\n     data-ad-slot=\"3019501113\"><\/ins>\r\n<script>\r\n     (adsbygoogle = window.adsbygoogle || []).push({});\r\n<\/script>\n<\/div>\n<p>Dans une nouvelle \u00e9tude, le chercheur de l&rsquo;Empa, Dominik Brunner, en collaboration avec des coll\u00e8gues de l&rsquo;Universit\u00e9 d&rsquo;Utrecht et de l&rsquo;Institut central autrichien de m\u00e9t\u00e9orologie et de g\u00e9ophysique, examine la quantit\u00e9 de plastique qui tombe sous forme de neige sur nous depuis l&rsquo;atmosph\u00e8re. Selon l&rsquo;\u00e9tude, certains nanoplastiques parcourent plus de 2000 kilom\u00e8tres dans l&rsquo;atmosph\u00e8re. D&rsquo;apr\u00e8s les chiffres des mesures, environ 43 trillions de particules de plastique tombent en Suisse chaque ann\u00e9e. Les chercheurs ne s&rsquo;accordent toujours pas sur le nombre exact. Mais d&rsquo;apr\u00e8s les estimations de l&rsquo;\u00e9tude, il pourrait y avoir jusqu&rsquo;\u00e0 3 000 tonnes de nanoplastiques qui recouvrent la Suisse chaque ann\u00e9e, des Alpes recul\u00e9es aux plaines urbaines. Ces estimations sont tr\u00e8s \u00e9lev\u00e9es par rapport \u00e0 d&rsquo;autres \u00e9tudes, et des recherches suppl\u00e9mentaires sont n\u00e9cessaires pour v\u00e9rifier ces chiffres.<\/p>\n<p>L&rsquo;\u00e9tude est un territoire scientifique inexplor\u00e9, car la propagation des nanoplastiques dans l&rsquo;atmosph\u00e8re est encore largement inexplor\u00e9e. Le r\u00e9sultat de la recherche de Brunner est le r\u00e9sultat le plus pr\u00e9cis jamais r\u00e9alis\u00e9 de la pollution atmosph\u00e9rique par les nanoplastiques. Pour compter les particules de plastique, M. Brunner et ses coll\u00e8gues ont mis au point une m\u00e9thode chimique qui d\u00e9termine la contamination des \u00e9chantillons \u00e0 l&rsquo;aide d&rsquo;un spectrom\u00e8tre de masse.<\/p>\n<p>Des conditions extr\u00eames<\/p>\n<p>Les scientifiques ont \u00e9tudi\u00e9 une petite zone situ\u00e9e \u00e0 une altitude de 3106 m\u00e8tres au sommet de la montagne \u00ab\u00a0Hoher Sonnenblick\u00a0\u00bb dans le parc national des \u00ab\u00a0Hohe Tauern\u00a0\u00bb en Autriche. Un observatoire de l&rsquo;Institut central de m\u00e9t\u00e9orologie et de g\u00e9odynamique y est install\u00e9 depuis 1886. L&rsquo;observatoire est dirig\u00e9 par la m\u00e9t\u00e9orologue et chercheuse en Arctique Elke Ludewig. Depuis le d\u00e9but des recherches \u00e0 la fin du XIXe si\u00e8cle, l&rsquo;observatoire n&rsquo;a \u00e9t\u00e9 inactif que quatre jours. La station de recherche a \u00e9galement servi de base pour l&rsquo;\u00e9tude sur la propagation des nanoplastiques dans les zones recul\u00e9es.<\/p>\n<p>Chaque jour, et quelles que soient les conditions m\u00e9t\u00e9orologiques, les scientifiques ont retir\u00e9 \u00e0 8 heures du matin une partie de la couche sup\u00e9rieure de neige autour d&rsquo;un rep\u00e8re et l&rsquo;ont soigneusement stock\u00e9e. La contamination des \u00e9chantillons par les nanoplastiques pr\u00e9sents dans l&rsquo;air ou sur les v\u00eatements des scientifiques a constitu\u00e9 un d\u00e9fi particulier. Au laboratoire, les chercheurs devaient parfois rester immobiles lorsqu&rsquo;un coll\u00e8gue manipulait un \u00e9chantillon ouvert.<\/p><div class=\"1665f18d14f35dd9e7566e1a8ac9a3e9\" data-index=\"2\" style=\"float: none; margin:10px 0 10px 0; text-align:center;\">\n<script async src=\"https:\/\/pagead2.googlesyndication.com\/pagead\/js\/adsbygoogle.js\"><\/script>\r\n<ins class=\"adsbygoogle\"\r\n     style=\"display:block; text-align:center;\"\r\n     data-ad-layout=\"in-article\"\r\n     data-ad-format=\"fluid\"\r\n     data-ad-client=\"ca-pub-2860849627502538\"\r\n     data-ad-slot=\"3019501113\"><\/ins>\r\n<script>\r\n     (adsbygoogle = window.adsbygoogle || []).push({});\r\n<\/script>\n<\/div>\n\n<p>L&rsquo;origine des minuscules particules a \u00e9t\u00e9 retrac\u00e9e \u00e0 l&rsquo;aide des donn\u00e9es europ\u00e9ennes sur les vents et la m\u00e9t\u00e9o. Les chercheurs ont pu montrer que la plus grande \u00e9mission de nanoplastiques dans l&rsquo;atmosph\u00e8re se produit dans les zones urbaines \u00e0 forte densit\u00e9 de population. Environ 30 % des particules nanoplastiques mesur\u00e9es au sommet de la montagne proviennent d&rsquo;un rayon de 200 kilom\u00e8tres, principalement des villes. Cependant, il semble que les plastiques provenant des oc\u00e9ans du monde entier se retrouvent \u00e9galement dans l&rsquo;air par le biais des embruns des vagues. Environ 10 % des particules mesur\u00e9es dans le cadre de l&rsquo;\u00e9tude ont \u00e9t\u00e9 projet\u00e9es sur la montagne par le vent et les conditions m\u00e9t\u00e9orologiques sur plus de 2 000 kilom\u00e8tres, certaines provenant de l&rsquo;Atlantique.<\/p>\n<p>Les nanoparticules dans le sang<\/p>\n<p>On estime que plus de 8300 millions de tonnes de plastique ont \u00e9t\u00e9 produites dans le monde \u00e0 ce jour, dont environ 60% sont aujourd&rsquo;hui sous forme de d\u00e9chets. Ces d\u00e9chets s&rsquo;\u00e9rodent sous l&rsquo;effet des intemp\u00e9ries et de l&rsquo;abrasion m\u00e9canique, passant des macro- aux micro- et nanoparticules. Mais le plastique mis au rebut est loin d&rsquo;\u00eatre la seule source. L&rsquo;utilisation quotidienne de produits en plastique tels que les emballages et les v\u00eatements lib\u00e8re des nanoplastiques. Les particules de cette taille sont si l\u00e9g\u00e8res que leur mouvement dans l&rsquo;air peut \u00eatre compar\u00e9 \u00e0 celui de gaz.<\/p>\n<p>Outre les plastiques, il existe toutes sortes d&rsquo;autres particules minuscules. Du sable du Sahara aux plaquettes de frein, le monde entier bourdonne dans l&rsquo;atmosph\u00e8re sous forme d&rsquo;abrasion. On ne sait pas encore si ce type de pollution atmosph\u00e9rique constitue une menace potentielle pour la sant\u00e9 de l&rsquo;homme. Les nanoparticules, contrairement aux microparticules, ne finissent pas seulement dans l&rsquo;estomac. Elles sont aspir\u00e9es profond\u00e9ment dans les poumons par la respiration, o\u00f9 leur taille peut leur permettre de traverser la barri\u00e8re cellule-sang et de p\u00e9n\u00e9trer dans la circulation sanguine humaine. La question de savoir si cela est nuisible, voire dangereux, reste toutefois \u00e0 \u00e9tudier.<\/p>\n<p>La recherche a \u00e9t\u00e9 publi\u00e9e dans Environmental Pollution.<\/p>\n<p>Adaptation <a href=\"https:\/\/www.laterredufutur.com\/accueil\/\" rel=\"noopener\" target=\"_blank\">Terra Projects<\/a><\/p>\n<p>Source : <a href=\"https:\/\/phys.org\/news\/2022-01-plastic-snowfall-alps.html\" rel=\"noopener\" target=\"_blank\">https:\/\/phys.org\/<\/a><\/p>\n<p class=\"bawpvc-ajax-counter\" data-id=\"23691\">(288)<\/p>\n<!--CusAds0-->\n<div style=\"font-size: 0px; height: 0px; line-height: 0px; margin: 0; padding: 0; clear: both;\"><\/div>","protected":false},"excerpt":{"rendered":"<p>Dans une nouvelle \u00e9tude, le chercheur de l&rsquo;Empa, Dominik Brunner, en collaboration avec des coll\u00e8gues de l&rsquo;Universit\u00e9 d&rsquo;Utrecht et de&#8230;<\/p>\n","protected":false},"author":1,"featured_media":23692,"comment_status":"open","ping_status":"open","sticky":false,"template":"","format":"standard","meta":{"_exactmetrics_skip_tracking":false,"_exactmetrics_sitenote_active":false,"_exactmetrics_sitenote_note":"","_exactmetrics_sitenote_category":0,"ngg_post_thumbnail":0,"jetpack_post_was_ever_published":false,"_jetpack_newsletter_access":"","_jetpack_dont_email_post_to_subs":false,"_jetpack_newsletter_tier_id":0,"_jetpack_memberships_contains_paywalled_content":false,"_jetpack_memberships_contains_paid_content":false,"footnotes":"","jetpack_publicize_message":"Chutes de #neige #plastique dans les #Alpes @laterredufutur.com Terra Projects","jetpack_publicize_feature_enabled":true,"jetpack_social_post_already_shared":true,"jetpack_social_options":{"image_generator_settings":{"template":"highway","default_image_id":0,"font":"","enabled":false},"version":2}},"categories":[28],"tags":[7833,6418,7832,47,516,43,50],"class_list":["post-23691","post","type-post","status-publish","format-standard","has-post-thumbnail","hentry","category-pollution","tag-microparticules","tag-nanoparticules","tag-nanoplastiques","tag-neige","tag-plastiques","tag-pollution","tag-sante","wpcat-28-id"],"jetpack_publicize_connections":[],"jetpack_featured_media_url":"https:\/\/i0.wp.com\/www.laterredufutur.com\/accueil\/wp-content\/uploads\/2022\/01\/montagne-Hoher-Sonnenblick-autriche.jpg?fit=799%2C599&ssl=1","jetpack_shortlink":"https:\/\/wp.me\/p631RN-6a7","jetpack-related-posts":[{"id":19578,"url":"https:\/\/www.laterredufutur.com\/accueil\/il-neige-du-plastique-dans-les-alpes-et-larctique\/","url_meta":{"origin":23691,"position":0},"title":"Il neige du plastique dans les Alpes et l&rsquo;Arctique","author":"Admin","date":"17 septembre 2019","format":false,"excerpt":"Les flocons blancs pr\u00e9sents sur les pistes ne sont pas toujours ce que vous croyez. De minuscules particules de plastique, transport\u00e9es par le vent puis d\u00e9vers\u00e9es par la neige, ont \u00e9t\u00e9 d\u00e9tect\u00e9es dans l'Arctique et les Alpes, selon une \u00e9tude qui r\u00e9clame des recherches urgentes pour \u00e9valuer les risques sanitaires\u2026","rel":"","context":"Dans &quot;Pollution&quot;","block_context":{"text":"Pollution","link":"https:\/\/www.laterredufutur.com\/accueil\/sujets\/pollution\/"},"img":{"alt_text":"","src":"https:\/\/i0.wp.com\/www.laterredufutur.com\/accueil\/wp-content\/uploads\/2018\/12\/montagne-neige.jpg?fit=1200%2C636&ssl=1&resize=350%2C200","width":350,"height":200,"srcset":"https:\/\/i0.wp.com\/www.laterredufutur.com\/accueil\/wp-content\/uploads\/2018\/12\/montagne-neige.jpg?fit=1200%2C636&ssl=1&resize=350%2C200 1x, https:\/\/i0.wp.com\/www.laterredufutur.com\/accueil\/wp-content\/uploads\/2018\/12\/montagne-neige.jpg?fit=1200%2C636&ssl=1&resize=525%2C300 1.5x, https:\/\/i0.wp.com\/www.laterredufutur.com\/accueil\/wp-content\/uploads\/2018\/12\/montagne-neige.jpg?fit=1200%2C636&ssl=1&resize=700%2C400 2x, https:\/\/i0.wp.com\/www.laterredufutur.com\/accueil\/wp-content\/uploads\/2018\/12\/montagne-neige.jpg?fit=1200%2C636&ssl=1&resize=1050%2C600 3x"},"classes":[]},{"id":22733,"url":"https:\/\/www.laterredufutur.com\/accueil\/le-monde-sapproche-du-point-de-bascule-irreversible-de-la-pollution-plastique\/","url_meta":{"origin":23691,"position":1},"title":"Le monde s&rsquo;approche du \u00ab\u00a0point de bascule\u00a0\u00bb irr\u00e9versible de la pollution plastique","author":"Admin","date":"13 juillet 2021","format":false,"excerpt":"\"EN TANT QUE CONSOMMATEURS, NOUS CROYONS QUE SI NOUS TRIONS CORRECTEMENT NOS D\u00c9CHETS PLASTIQUES, ILS SERONT TOUS RECYCL\u00c9S COMME PAR MAGIE.\" Les taux actuels d'\u00e9missions de plastique dans le monde pourraient d\u00e9clencher des effets que nous ne pourrons pas inverser, affirme une nouvelle \u00e9tude r\u00e9alis\u00e9e par des chercheurs de Su\u00e8de,\u2026","rel":"","context":"Dans &quot;Monde Futur&quot;","block_context":{"text":"Monde Futur","link":"https:\/\/www.laterredufutur.com\/accueil\/sujets\/monde-futur\/"},"img":{"alt_text":"","src":"https:\/\/i0.wp.com\/www.laterredufutur.com\/accueil\/wp-content\/uploads\/2021\/07\/pollution-plastique.jpg?fit=1200%2C800&ssl=1&resize=350%2C200","width":350,"height":200,"srcset":"https:\/\/i0.wp.com\/www.laterredufutur.com\/accueil\/wp-content\/uploads\/2021\/07\/pollution-plastique.jpg?fit=1200%2C800&ssl=1&resize=350%2C200 1x, https:\/\/i0.wp.com\/www.laterredufutur.com\/accueil\/wp-content\/uploads\/2021\/07\/pollution-plastique.jpg?fit=1200%2C800&ssl=1&resize=525%2C300 1.5x, https:\/\/i0.wp.com\/www.laterredufutur.com\/accueil\/wp-content\/uploads\/2021\/07\/pollution-plastique.jpg?fit=1200%2C800&ssl=1&resize=700%2C400 2x, https:\/\/i0.wp.com\/www.laterredufutur.com\/accueil\/wp-content\/uploads\/2021\/07\/pollution-plastique.jpg?fit=1200%2C800&ssl=1&resize=1050%2C600 3x"},"classes":[]},{"id":14764,"url":"https:\/\/www.laterredufutur.com\/accueil\/11-000-particules-de-plastique-dans-le-poisson-que-vous-mangez\/","url_meta":{"origin":23691,"position":2},"title":"11 000 particules de plastique dans le poisson que vous mangez","author":"Admin","date":"25 f\u00e9vrier 2017","format":false,"excerpt":"Les activit\u00e9s humaines et notamment la production de plastique contaminent les oc\u00e9ans depuis des d\u00e9cennies. Apr\u00e8s avoir tu\u00e9 dauphins, tortues et poissons, la pollution de l\u2019eau de mer comme de l\u2019eau douce se retourne contre les hommes, qui en subissent \u00e0 leur tour les r\u00e9percussions. Il faut plusieurs centaines d\u2019ann\u00e9es\u2026","rel":"","context":"Dans &quot;Pollution&quot;","block_context":{"text":"Pollution","link":"https:\/\/www.laterredufutur.com\/accueil\/sujets\/pollution\/"},"img":{"alt_text":"","src":"https:\/\/i0.wp.com\/www.laterredufutur.com\/accueil\/wp-content\/uploads\/2016\/09\/plastiques-ocean-route-1.jpg?fit=1152%2C864&ssl=1&resize=350%2C200","width":350,"height":200,"srcset":"https:\/\/i0.wp.com\/www.laterredufutur.com\/accueil\/wp-content\/uploads\/2016\/09\/plastiques-ocean-route-1.jpg?fit=1152%2C864&ssl=1&resize=350%2C200 1x, https:\/\/i0.wp.com\/www.laterredufutur.com\/accueil\/wp-content\/uploads\/2016\/09\/plastiques-ocean-route-1.jpg?fit=1152%2C864&ssl=1&resize=525%2C300 1.5x, https:\/\/i0.wp.com\/www.laterredufutur.com\/accueil\/wp-content\/uploads\/2016\/09\/plastiques-ocean-route-1.jpg?fit=1152%2C864&ssl=1&resize=700%2C400 2x, https:\/\/i0.wp.com\/www.laterredufutur.com\/accueil\/wp-content\/uploads\/2016\/09\/plastiques-ocean-route-1.jpg?fit=1152%2C864&ssl=1&resize=1050%2C600 3x"},"classes":[]},{"id":18233,"url":"https:\/\/www.laterredufutur.com\/accueil\/la-pollution-plastique-atteint-desormais-nos-sources-souterraines-deau-potable\/","url_meta":{"origin":23691,"position":3},"title":"La pollution plastique atteint d\u00e9sormais nos sources souterraines d\u2019eau potable","author":"Admin","date":"3 f\u00e9vrier 2019","format":false,"excerpt":"La pollution de l\u2019eau ne concerne plus seulement les eaux de surface mais \u00e9galement les eaux souterraines. Des chercheurs ont ainsi r\u00e9v\u00e9l\u00e9 la pr\u00e9sence de microplastiques dans l\u2019un des plus grands r\u00e9servoirs souterrains au monde. Un cas alarmant qui va faire l\u2019objet d\u2019\u00e9tudes plus pouss\u00e9es. L\u2019EAU SOUTERRAINE TRUFF\u00c9E DE MICROPLASTIQUES\u2026","rel":"","context":"Dans &quot;Pollution&quot;","block_context":{"text":"Pollution","link":"https:\/\/www.laterredufutur.com\/accueil\/sujets\/pollution\/"},"img":{"alt_text":"","src":"https:\/\/i0.wp.com\/www.laterredufutur.com\/accueil\/wp-content\/uploads\/2019\/02\/eau-souterraine-plastique.jpg?fit=1200%2C627&ssl=1&resize=350%2C200","width":350,"height":200,"srcset":"https:\/\/i0.wp.com\/www.laterredufutur.com\/accueil\/wp-content\/uploads\/2019\/02\/eau-souterraine-plastique.jpg?fit=1200%2C627&ssl=1&resize=350%2C200 1x, https:\/\/i0.wp.com\/www.laterredufutur.com\/accueil\/wp-content\/uploads\/2019\/02\/eau-souterraine-plastique.jpg?fit=1200%2C627&ssl=1&resize=525%2C300 1.5x, https:\/\/i0.wp.com\/www.laterredufutur.com\/accueil\/wp-content\/uploads\/2019\/02\/eau-souterraine-plastique.jpg?fit=1200%2C627&ssl=1&resize=700%2C400 2x, https:\/\/i0.wp.com\/www.laterredufutur.com\/accueil\/wp-content\/uploads\/2019\/02\/eau-souterraine-plastique.jpg?fit=1200%2C627&ssl=1&resize=1050%2C600 3x"},"classes":[]},{"id":15291,"url":"https:\/\/www.laterredufutur.com\/accueil\/21-may-2017-1026\/","url_meta":{"origin":23691,"position":4},"title":"L&rsquo;\u00eele aux 38 millions de d\u00e9bris de plastique","author":"Admin","date":"21 mai 2017","format":"chat","excerpt":"Dans le Pacifique sud, isol\u00e9e mais sur le passage d'un grand courant giratoire, la minuscule \u00eele Henderson, inhabit\u00e9e, est devenue un pi\u00e8ge \u00e0 d\u00e9chets en plastique. D\u00e9sign\u00e9 site du patrimoine mondial et une partie du groupe des \u00eeles Pitcairn, forme un atoll corallien \u00e9lev\u00e9 contenant plusieurs esp\u00e8ces de plantes, d\u2019oiseaux\u2026","rel":"","context":"Dans &quot;Divers&quot;","block_context":{"text":"Divers","link":"https:\/\/www.laterredufutur.com\/accueil\/sujets\/divers\/"},"img":{"alt_text":"","src":"https:\/\/i0.wp.com\/www.laterredufutur.com\/accueil\/wp-content\/uploads\/2017\/05\/gyre-ocean.jpg?fit=1024%2C809&ssl=1&resize=350%2C200","width":350,"height":200,"srcset":"https:\/\/i0.wp.com\/www.laterredufutur.com\/accueil\/wp-content\/uploads\/2017\/05\/gyre-ocean.jpg?fit=1024%2C809&ssl=1&resize=350%2C200 1x, https:\/\/i0.wp.com\/www.laterredufutur.com\/accueil\/wp-content\/uploads\/2017\/05\/gyre-ocean.jpg?fit=1024%2C809&ssl=1&resize=525%2C300 1.5x, https:\/\/i0.wp.com\/www.laterredufutur.com\/accueil\/wp-content\/uploads\/2017\/05\/gyre-ocean.jpg?fit=1024%2C809&ssl=1&resize=700%2C400 2x"},"classes":[]},{"id":8500,"url":"https:\/\/www.laterredufutur.com\/accueil\/la-carte-mouvante-des-continents-de-plastique\/","url_meta":{"origin":23691,"position":5},"title":"La carte mouvante des continents de plastique","author":"Admin","date":"14 octobre 2015","format":false,"excerpt":"Selon des estimations \"optimistes\", pr\u00e8s de 8 millions de d\u00e9chets plastiques finissent chaque ann\u00e9e dans les oc\u00e9ans. Mais la r\u00e9alit\u00e9 serait plus proche des 13 millions de tonnes. Une simulation de la Nasa montre l'\u00e9tendue et les d\u00e9placements de ces monstrueuses \u00eeles de d\u00e9chets. Une \u00e9tude publi\u00e9e dans le magazine\u2026","rel":"","context":"Dans &quot;Pollution&quot;","block_context":{"text":"Pollution","link":"https:\/\/www.laterredufutur.com\/accueil\/sujets\/pollution\/"},"img":{"alt_text":"","src":"https:\/\/i0.wp.com\/www.laterredufutur.com\/accueil\/wp-content\/uploads\/2015\/10\/dechets-oceans-monde.jpg?fit=800%2C392&ssl=1&resize=350%2C200","width":350,"height":200,"srcset":"https:\/\/i0.wp.com\/www.laterredufutur.com\/accueil\/wp-content\/uploads\/2015\/10\/dechets-oceans-monde.jpg?fit=800%2C392&ssl=1&resize=350%2C200 1x, https:\/\/i0.wp.com\/www.laterredufutur.com\/accueil\/wp-content\/uploads\/2015\/10\/dechets-oceans-monde.jpg?fit=800%2C392&ssl=1&resize=525%2C300 1.5x, https:\/\/i0.wp.com\/www.laterredufutur.com\/accueil\/wp-content\/uploads\/2015\/10\/dechets-oceans-monde.jpg?fit=800%2C392&ssl=1&resize=700%2C400 2x"},"classes":[]}],"jetpack_sharing_enabled":true,"_links":{"self":[{"href":"https:\/\/www.laterredufutur.com\/accueil\/wp-json\/wp\/v2\/posts\/23691","targetHints":{"allow":["GET"]}}],"collection":[{"href":"https:\/\/www.laterredufutur.com\/accueil\/wp-json\/wp\/v2\/posts"}],"about":[{"href":"https:\/\/www.laterredufutur.com\/accueil\/wp-json\/wp\/v2\/types\/post"}],"author":[{"embeddable":true,"href":"https:\/\/www.laterredufutur.com\/accueil\/wp-json\/wp\/v2\/users\/1"}],"replies":[{"embeddable":true,"href":"https:\/\/www.laterredufutur.com\/accueil\/wp-json\/wp\/v2\/comments?post=23691"}],"version-history":[{"count":1,"href":"https:\/\/www.laterredufutur.com\/accueil\/wp-json\/wp\/v2\/posts\/23691\/revisions"}],"predecessor-version":[{"id":23693,"href":"https:\/\/www.laterredufutur.com\/accueil\/wp-json\/wp\/v2\/posts\/23691\/revisions\/23693"}],"wp:featuredmedia":[{"embeddable":true,"href":"https:\/\/www.laterredufutur.com\/accueil\/wp-json\/wp\/v2\/media\/23692"}],"wp:attachment":[{"href":"https:\/\/www.laterredufutur.com\/accueil\/wp-json\/wp\/v2\/media?parent=23691"}],"wp:term":[{"taxonomy":"category","embeddable":true,"href":"https:\/\/www.laterredufutur.com\/accueil\/wp-json\/wp\/v2\/categories?post=23691"},{"taxonomy":"post_tag","embeddable":true,"href":"https:\/\/www.laterredufutur.com\/accueil\/wp-json\/wp\/v2\/tags?post=23691"}],"curies":[{"name":"wp","href":"https:\/\/api.w.org\/{rel}","templated":true}]}}