{"id":23588,"date":"2021-12-29T11:18:42","date_gmt":"2021-12-29T10:18:42","guid":{"rendered":"https:\/\/www.laterredufutur.com\/accueil\/?p=23588"},"modified":"2021-12-29T11:18:42","modified_gmt":"2021-12-29T10:18:42","slug":"les-zones-protegees-ne-suffisent-pas-a-sauver-les-forets-dasie-du-sud-est","status":"publish","type":"post","link":"https:\/\/www.laterredufutur.com\/accueil\/les-zones-protegees-ne-suffisent-pas-a-sauver-les-forets-dasie-du-sud-est\/","title":{"rendered":"Les zones prot\u00e9g\u00e9es ne suffisent pas \u00e0 sauver les for\u00eats d&rsquo;Asie du Sud-Est"},"content":{"rendered":"<div class=\"1665f18d14f35dd9e7566e1a8ac9a3e9\" data-index=\"1\" style=\"float: none; margin:10px 0 10px 0; text-align:center;\">\n<script async src=\"https:\/\/pagead2.googlesyndication.com\/pagead\/js\/adsbygoogle.js\"><\/script>\r\n<ins class=\"adsbygoogle\"\r\n     style=\"display:block; text-align:center;\"\r\n     data-ad-layout=\"in-article\"\r\n     data-ad-format=\"fluid\"\r\n     data-ad-client=\"ca-pub-2860849627502538\"\r\n     data-ad-slot=\"3019501113\"><\/ins>\r\n<script>\r\n     (adsbygoogle = window.adsbygoogle || []).push({});\r\n<\/script>\n<\/div>\n<p>Selon une nouvelle \u00e9tude portant sur huit pays, le couvert forestier dispara\u00eet dans les zones foresti\u00e8res prot\u00e9g\u00e9es d&rsquo;Asie du Sud-Est \u00e0 un rythme presque identique \u00e0 celui des zones non prot\u00e9g\u00e9es dans de nombreux pays, alors que la population explose.<\/p>\n<p>Selon l&rsquo;Union internationale pour la conservation de la nature (UICN), les for\u00eats font partie int\u00e9grante du cycle du carbone, soutiennent les moyens de subsistance et fournissent des biens et des services susceptibles de favoriser une croissance durable.<\/p>\n<p>L&rsquo;UICN d\u00e9finit une aire prot\u00e9g\u00e9e comme une zone de terre sp\u00e9cialement d\u00e9di\u00e9e \u00e0 la protection et au maintien de la diversit\u00e9 biologique. Les zones prot\u00e9g\u00e9es couvrent aujourd&rsquo;hui plus de 17 millions de kilom\u00e8tres carr\u00e9s, soit 15 % des terres \u00e9merg\u00e9es de la plan\u00e8te.<\/p>\n<p>Pourtant, les r\u00e9sultats de l&rsquo;\u00e9tude publi\u00e9e en d\u00e9cembre dans la revue Nature montrent que les zones prot\u00e9g\u00e9es en Indon\u00e9sie ont perdu \u00e0 peine quatre pour cent de leur superficie par rapport aux r\u00e9gions non prot\u00e9g\u00e9es.<\/p>\n<p>C&rsquo;est important car les tendances r\u00e9gionales en mati\u00e8re de d\u00e9forestation en Asie du Sud-Est sont largement influenc\u00e9es par l&rsquo;Indon\u00e9sie, o\u00f9 se trouvent environ 40 % des zones prot\u00e9g\u00e9es et o\u00f9 plus de la moiti\u00e9 des for\u00eats de la r\u00e9gion subsistent.<\/p>\n<p>Si le taux global de disparition des for\u00eats en Asie du Sud-Est a \u00e9t\u00e9 trois fois moins \u00e9lev\u00e9 \u00e0 l&rsquo;int\u00e9rieur des zones prot\u00e9g\u00e9es au cours de la p\u00e9riode 2000-2018, p\u00e9riode \u00e9tudi\u00e9e, que dans les paysages non prot\u00e9g\u00e9s, il existe des variations importantes.<\/p>\n<p>Le r\u00e9seau d&rsquo;aires prot\u00e9g\u00e9es de Malaisie a obtenu les meilleurs r\u00e9sultats, en sauvant un sixi\u00e8me de la couverture foresti\u00e8re qui aurait autrement \u00e9t\u00e9 perdue, par rapport aux r\u00e9gions non prot\u00e9g\u00e9es. Les zones prot\u00e9g\u00e9es ont \u00e9galement permis au Cambodge, au Laos et au Vi\u00eat Nam de sauver plus d&rsquo;un dixi\u00e8me de la couverture foresti\u00e8re par rapport aux r\u00e9gions non prot\u00e9g\u00e9es.<\/p>\n<p>Toutefois, \u00e0 l&rsquo;autre bout de l&rsquo;\u00e9chelle, les zones prot\u00e9g\u00e9es des Philippines ont perdu plus de couverture foresti\u00e8re que les zones non prot\u00e9g\u00e9es, en raison du fait que les r\u00e9gions prot\u00e9g\u00e9es connaissent des niveaux \u00e9lev\u00e9s d&rsquo;activit\u00e9 humaine, une tendance particuli\u00e8rement \u00e9vidente sur l&rsquo;\u00eele de Palawan qui a subi une perte de for\u00eat plus importante que pr\u00e9vu, selon l&rsquo;\u00e9tude.<\/p>\n<p>Victoria Graham, l&rsquo;un des auteurs de l&rsquo;\u00e9tude et chercheuse au d\u00e9partement des sciences de la terre et de l&rsquo;environnement de l&rsquo;universit\u00e9 Macquarie, \u00e0 Sydney, en Australie, explique qu&rsquo;\u00e0 mesure que la pression humaine s&rsquo;intensifie, les zones prot\u00e9g\u00e9es deviennent moins efficaces pour conserver la biodiversit\u00e9, \u00e0 moins que des investissements ad\u00e9quats ne soient r\u00e9alis\u00e9s.<\/p><div class=\"1665f18d14f35dd9e7566e1a8ac9a3e9\" data-index=\"2\" style=\"float: none; margin:10px 0 10px 0; text-align:center;\">\n<script async src=\"https:\/\/pagead2.googlesyndication.com\/pagead\/js\/adsbygoogle.js\"><\/script>\r\n<ins class=\"adsbygoogle\"\r\n     style=\"display:block; text-align:center;\"\r\n     data-ad-layout=\"in-article\"\r\n     data-ad-format=\"fluid\"\r\n     data-ad-client=\"ca-pub-2860849627502538\"\r\n     data-ad-slot=\"3019501113\"><\/ins>\r\n<script>\r\n     (adsbygoogle = window.adsbygoogle || []).push({});\r\n<\/script>\n<\/div>\n\n<p>\u00ab\u00a0Aux Philippines, les zones prot\u00e9g\u00e9es subissent des niveaux de pression humaine plus \u00e9lev\u00e9s que dans d&rsquo;autres pays. Ceci, associ\u00e9 \u00e0 la diminution de la couverture foresti\u00e8re dans les paysages non prot\u00e9g\u00e9s du pays, signifie que les zones prot\u00e9g\u00e9es doivent r\u00e9sister \u00e0 une pression de d\u00e9forestation croissante en raison du manque de choix dans les ressources foresti\u00e8res disponibles\u00a0\u00bb, a d\u00e9clar\u00e9 Graham.<\/p>\n<p>Dans l&rsquo;ensemble, l&rsquo;expansion de la population humaine en Asie du Sud-Est a contribu\u00e9 \u00e0 la perte, \u00e0 la d\u00e9gradation et \u00e0 la fragmentation de ses for\u00eats au cours des derni\u00e8res d\u00e9cennies, selon World Population Prospects, 2019, une publication des Nations unies.<\/p>\n<p>\u00c0 elles seules, les Philippines pourraient perdre pr\u00e8s d&rsquo;un tiers de million d&rsquo;hectares de for\u00eats d&rsquo;ici la fin de la d\u00e9cennie, \u00e0 moins d&rsquo;un \u00ab\u00a0changement transformationnel dans l&rsquo;approche du pays en mati\u00e8re de lutte contre la d\u00e9forestation\u00a0\u00bb, indique une autre \u00e9tude publi\u00e9e en novembre dans le Journal of Threatened Taxa.<\/p>\n<p>Geetha Gopinath, \u00e9ducateur environnemental et professeur adjoint \u00e0 l&rsquo;universit\u00e9 centrale d&rsquo;Hyderabad, en Inde, affirme que des niveaux plus \u00e9lev\u00e9s de ressources de gestion sont n\u00e9cessaires pour r\u00e9duire davantage les \u00e9missions de carbone et prot\u00e9ger les for\u00eats d&rsquo;Asie du Sud-Est. \u00ab\u00a0La bonne gouvernance, une conception saine et des plans de gestion efficace sont des crit\u00e8res importants pour \u00e9valuer le niveau de r\u00e9ussite de la conservation\u00a0\u00bb, a-t-elle d\u00e9clar\u00e9.<\/p>\n<p>M. Graham, de Macquarie, a ajout\u00e9 que des efforts plus importants en mati\u00e8re de protection et de conservation des for\u00eats sont n\u00e9cessaires dans les zones prot\u00e9g\u00e9es existantes d&rsquo;Asie du Sud-Est pour \u00e9viter les trajectoires pr\u00e9vues de perte de couverture foresti\u00e8re et de carbone forestier d&rsquo;ici 2050.<\/p>\n<p>\u00ab\u00a0Il est possible d&rsquo;atteindre des objectifs de conservation plus \u00e9tendus dans les zones prot\u00e9g\u00e9es d&rsquo;Asie du Sud-Est en augmentant les investissements, notamment dans les parcs dont la biodiversit\u00e9 est menac\u00e9e\u00a0\u00bb, a-t-elle d\u00e9clar\u00e9.<\/p>\n<p>Adaptation <a href=\"https:\/\/www.laterredufutur.com\/accueil\/\" rel=\"noopener\" target=\"_blank\">Terra Projects<\/a><\/p>\n<p>Source : <a href=\"https:\/\/phys.org\/news\/2021-12-areas-south-east-asia-forests.html\" rel=\"noopener\" target=\"_blank\">https:\/\/phys.org\/<\/a><\/p>\n<p class=\"bawpvc-ajax-counter\" data-id=\"23588\">(137)<\/p>\n<!--CusAds0-->\n<div style=\"font-size: 0px; height: 0px; line-height: 0px; margin: 0; padding: 0; clear: both;\"><\/div>","protected":false},"excerpt":{"rendered":"<p>Selon une nouvelle \u00e9tude portant sur huit pays, le couvert forestier dispara\u00eet dans les zones foresti\u00e8res prot\u00e9g\u00e9es d&rsquo;Asie du Sud-Est&#8230;<\/p>\n","protected":false},"author":1,"featured_media":23589,"comment_status":"open","ping_status":"open","sticky":false,"template":"","format":"standard","meta":{"_exactmetrics_skip_tracking":false,"_exactmetrics_sitenote_active":false,"_exactmetrics_sitenote_note":"","_exactmetrics_sitenote_category":0,"ngg_post_thumbnail":0,"jetpack_post_was_ever_published":false,"_jetpack_newsletter_access":"","_jetpack_dont_email_post_to_subs":false,"_jetpack_newsletter_tier_id":0,"_jetpack_memberships_contains_paywalled_content":false,"_jetpack_memberships_contains_paid_content":false,"footnotes":"","jetpack_publicize_message":"Les zones prot\u00e9g\u00e9es ne suffisent pas \u00e0 sauver les #for\u00eats d'Asie du Sud-Est @laterredufutur.com Terra Projects","jetpack_publicize_feature_enabled":true,"jetpack_social_post_already_shared":true,"jetpack_social_options":{"image_generator_settings":{"template":"highway","default_image_id":0,"font":"","enabled":false},"version":2}},"categories":[27],"tags":[7818,2592,314],"class_list":["post-23588","post","type-post","status-publish","format-standard","has-post-thumbnail","hentry","category-ecologie","tag-aire-protegee","tag-deforestation","tag-foret","wpcat-27-id"],"jetpack_publicize_connections":[],"jetpack_featured_media_url":"https:\/\/i0.wp.com\/www.laterredufutur.com\/accueil\/wp-content\/uploads\/2021\/12\/aire-protegee-malaisie-deforestation.jpg?fit=768%2C511&ssl=1","jetpack_shortlink":"https:\/\/wp.me\/p631RN-68s","jetpack-related-posts":[{"id":13857,"url":"https:\/\/www.laterredufutur.com\/accueil\/en-antarctique-le-plus-grand-sanctuaire-marin-du-monde-va-etre-cree\/","url_meta":{"origin":23588,"position":0},"title":"En Antarctique, le plus grand sanctuaire marin du monde va \u00eatre cr\u00e9\u00e9","author":"Admin","date":"10 novembre 2016","format":false,"excerpt":"En Antarctique, le plus grand sanctuaire marin du monde va \u00eatre cr\u00e9\u00e9 afin de prot\u00e9ger les milliers d'esp\u00e8ces uniques qui y vivent de la menace des activit\u00e9s humaines. C\u2019est un accord historique qui a \u00e9t\u00e9 conclu vendredi 28 octobre 2016, apr\u00e8s plusieurs ann\u00e9es de n\u00e9gociations. Une commission de 25 pays\u2026","rel":"","context":"Dans &quot;Ecologie&quot;","block_context":{"text":"Ecologie","link":"https:\/\/www.laterredufutur.com\/accueil\/sujets\/ecologie\/"},"img":{"alt_text":"","src":"https:\/\/i0.wp.com\/www.laterredufutur.com\/accueil\/wp-content\/uploads\/2016\/11\/sea-ross-antarctique.jpg?fit=800%2C600&ssl=1&resize=350%2C200","width":350,"height":200,"srcset":"https:\/\/i0.wp.com\/www.laterredufutur.com\/accueil\/wp-content\/uploads\/2016\/11\/sea-ross-antarctique.jpg?fit=800%2C600&ssl=1&resize=350%2C200 1x, https:\/\/i0.wp.com\/www.laterredufutur.com\/accueil\/wp-content\/uploads\/2016\/11\/sea-ross-antarctique.jpg?fit=800%2C600&ssl=1&resize=525%2C300 1.5x, https:\/\/i0.wp.com\/www.laterredufutur.com\/accueil\/wp-content\/uploads\/2016\/11\/sea-ross-antarctique.jpg?fit=800%2C600&ssl=1&resize=700%2C400 2x"},"classes":[]},{"id":9663,"url":"https:\/\/www.laterredufutur.com\/accueil\/une-mine-russe-rehabilitee-en-ville-souterraine\/","url_meta":{"origin":23588,"position":1},"title":"Une mine russe r\u00e9habilit\u00e9e en ville souterraine","author":"Admin","date":"12 d\u00e9cembre 2015","format":false,"excerpt":"L'\u00e9co-ville 2020 est une proposition pour la r\u00e9habilitation de la zone industrielle Mirniy qui est en Sib\u00e9rie orientale, en Russie, le projet a \u00e9t\u00e9 r\u00e9alis\u00e9 par le studio d'architecture d\u2019innovation AB Elis Ltd. Le projet a \u00e9t\u00e9 r\u00e9fl\u00e9chi pour \u00eatre situ\u00e9 \u00e0 l'int\u00e9rieur d'un crat\u00e8re g\u00e9ant cr\u00e9\u00e9 artificiellement, avec un\u2026","rel":"","context":"Dans &quot;Ecologie&quot;","block_context":{"text":"Ecologie","link":"https:\/\/www.laterredufutur.com\/accueil\/sujets\/ecologie\/"},"img":{"alt_text":"","src":"https:\/\/i0.wp.com\/www.laterredufutur.com\/accueil\/wp-content\/uploads\/2015\/11\/ville-souterraine-siberie2.jpg?fit=800%2C493&ssl=1&resize=350%2C200","width":350,"height":200,"srcset":"https:\/\/i0.wp.com\/www.laterredufutur.com\/accueil\/wp-content\/uploads\/2015\/11\/ville-souterraine-siberie2.jpg?fit=800%2C493&ssl=1&resize=350%2C200 1x, https:\/\/i0.wp.com\/www.laterredufutur.com\/accueil\/wp-content\/uploads\/2015\/11\/ville-souterraine-siberie2.jpg?fit=800%2C493&ssl=1&resize=525%2C300 1.5x, https:\/\/i0.wp.com\/www.laterredufutur.com\/accueil\/wp-content\/uploads\/2015\/11\/ville-souterraine-siberie2.jpg?fit=800%2C493&ssl=1&resize=700%2C400 2x"},"classes":[]},{"id":9950,"url":"https:\/\/www.laterredufutur.com\/accueil\/une-maison-qui-produit-plus-denergie-quelle-nen-consomme\/","url_meta":{"origin":23588,"position":2},"title":"Une maison qui produit plus d\u2019\u00e9nergie qu\u2019elle n\u2019en consomme !","author":"Admin","date":"13 d\u00e9cembre 2015","format":false,"excerpt":"Un cabinet d\u2019architecture australien, ArchiBlox, a d\u00e9voil\u00e9 sa premi\u00e8re maison pr\u00e9fabriqu\u00e9e \u00ab d\u00e9gageant un bilan carbone positif \u00bb. En clair : elle produit plus d\u2019\u00e9nergie qu\u2019elle n\u2019en consomme. Compos\u00e9e de mat\u00e9riaux \u00e9cologiques et esth\u00e9tiques, cette petite maison, pens\u00e9e dans un style tr\u00e8s contemporain, est lumineuse et d\u00e9gage une ambiance cosy.\u2026","rel":"","context":"Dans &quot;Ecologie&quot;","block_context":{"text":"Ecologie","link":"https:\/\/www.laterredufutur.com\/accueil\/sujets\/ecologie\/"},"img":{"alt_text":"","src":"https:\/\/i0.wp.com\/www.laterredufutur.com\/accueil\/wp-content\/uploads\/2015\/12\/maison-energie.jpg?fit=640%2C412&ssl=1&resize=350%2C200","width":350,"height":200,"srcset":"https:\/\/i0.wp.com\/www.laterredufutur.com\/accueil\/wp-content\/uploads\/2015\/12\/maison-energie.jpg?fit=640%2C412&ssl=1&resize=350%2C200 1x, https:\/\/i0.wp.com\/www.laterredufutur.com\/accueil\/wp-content\/uploads\/2015\/12\/maison-energie.jpg?fit=640%2C412&ssl=1&resize=525%2C300 1.5x"},"classes":[]},{"id":1263,"url":"https:\/\/www.laterredufutur.com\/accueil\/mediterranee-lun-tsunami-possible-a-nimporte-quel-momentr\/","url_meta":{"origin":23588,"position":3},"title":"M\u00e9diterran\u00e9e : \u00abun tsunami possible \u00e0 n\u2019importe quel moment\u00bb","author":"Admin","date":"24 f\u00e9vrier 2013","format":false,"excerpt":"La France travaille actuellement \u00e0 la mise en place d\u2019un syst\u00e8me d\u2019alerte op\u00e9rationnel destin\u00e9 \u00e0 faire \u00e9vacuer la population m\u00e9diterran\u00e9enne en moins de quinze minutes en cas de tsunami sur la zone. Dot\u00e9 d\u2019un budget de 14 millions d\u2019euros, le Cenalt (Centre d\u2019Alerte aux Tsunamis) est financ\u00e9 par la Direction\u2026","rel":"","context":"Dans &quot;Seismes\/Volcans&quot;","block_context":{"text":"Seismes\/Volcans","link":"https:\/\/www.laterredufutur.com\/accueil\/sujets\/seismes-et-volcans\/"},"img":{"alt_text":"tsunami japon","src":"https:\/\/i0.wp.com\/www.laterredufutur.com\/accueil\/wp-content\/uploads\/2012\/01\/tsunami_japon_032011.jpg?fit=605%2C402&ssl=1&resize=350%2C200","width":350,"height":200,"srcset":"https:\/\/i0.wp.com\/www.laterredufutur.com\/accueil\/wp-content\/uploads\/2012\/01\/tsunami_japon_032011.jpg?fit=605%2C402&ssl=1&resize=350%2C200 1x, https:\/\/i0.wp.com\/www.laterredufutur.com\/accueil\/wp-content\/uploads\/2012\/01\/tsunami_japon_032011.jpg?fit=605%2C402&ssl=1&resize=525%2C300 1.5x"},"classes":[]},{"id":8850,"url":"https:\/\/www.laterredufutur.com\/accueil\/les-bisons-de-pologne-fuient-lhiver\/","url_meta":{"origin":23588,"position":4},"title":"Les bisons de Pologne fuient l&rsquo;hiver en automne","author":"Admin","date":"19 octobre 2015","format":false,"excerpt":"Les temp\u00e9ratures de plus en plus basses ont pouss\u00e9 les bisons de Pologne des monts Bieszczady \u00e0 descendre dans les vall\u00e9es, a indiqu\u00e9 jeudi \u00e0 l\u2019AFP un porte-parole de l\u2019administration des for\u00eats de Krosno. \u00ab\u00a0Pour le moment, ils broutent la jeune herbe qui repousse dans les pr\u00e9s fauch\u00e9s par les\u2026","rel":"","context":"Dans &quot;M\u00e9t\u00e9orologie&quot;","block_context":{"text":"M\u00e9t\u00e9orologie","link":"https:\/\/www.laterredufutur.com\/accueil\/sujets\/meteorologie\/"},"img":{"alt_text":"","src":"https:\/\/i0.wp.com\/www.laterredufutur.com\/accueil\/wp-content\/uploads\/2015\/10\/bisons.jpg?fit=600%2C400&ssl=1&resize=350%2C200","width":350,"height":200,"srcset":"https:\/\/i0.wp.com\/www.laterredufutur.com\/accueil\/wp-content\/uploads\/2015\/10\/bisons.jpg?fit=600%2C400&ssl=1&resize=350%2C200 1x, https:\/\/i0.wp.com\/www.laterredufutur.com\/accueil\/wp-content\/uploads\/2015\/10\/bisons.jpg?fit=600%2C400&ssl=1&resize=525%2C300 1.5x"},"classes":[]},{"id":15812,"url":"https:\/\/www.laterredufutur.com\/accueil\/des-parcs-eoliens-accuses-de-destruction-de-rapaces\/","url_meta":{"origin":23588,"position":5},"title":"Des parcs \u00e9oliens accus\u00e9s de destruction de rapaces","author":"Admin","date":"21 septembre 2017","format":false,"excerpt":"L\u2019association France Nature Environnement a port\u00e9 plainte pour destruction d\u2019esp\u00e8ces prot\u00e9g\u00e9es... Un aigle royal a trouv\u00e9 la mort d\u00e9but ao\u00fbt apr\u00e8s une collision avec une pale d\u2019\u00e9olienne \u00e0 Joncels, dans l\u2019H\u00e9rault. L\u2019oiseau, \u00e9quip\u00e9 d\u2019un GPS, fait partie d\u2019une esp\u00e8ce prot\u00e9g\u00e9e depuis 1976, comme le sont toutes les esp\u00e8ces de rapaces\u2026","rel":"","context":"Dans &quot;Ecologie&quot;","block_context":{"text":"Ecologie","link":"https:\/\/www.laterredufutur.com\/accueil\/sujets\/ecologie\/"},"img":{"alt_text":"","src":"https:\/\/i0.wp.com\/www.laterredufutur.com\/accueil\/wp-content\/uploads\/2017\/09\/rapaces-eolienne.jpg?fit=675%2C500&ssl=1&resize=350%2C200","width":350,"height":200,"srcset":"https:\/\/i0.wp.com\/www.laterredufutur.com\/accueil\/wp-content\/uploads\/2017\/09\/rapaces-eolienne.jpg?fit=675%2C500&ssl=1&resize=350%2C200 1x, https:\/\/i0.wp.com\/www.laterredufutur.com\/accueil\/wp-content\/uploads\/2017\/09\/rapaces-eolienne.jpg?fit=675%2C500&ssl=1&resize=525%2C300 1.5x"},"classes":[]}],"jetpack_sharing_enabled":true,"_links":{"self":[{"href":"https:\/\/www.laterredufutur.com\/accueil\/wp-json\/wp\/v2\/posts\/23588","targetHints":{"allow":["GET"]}}],"collection":[{"href":"https:\/\/www.laterredufutur.com\/accueil\/wp-json\/wp\/v2\/posts"}],"about":[{"href":"https:\/\/www.laterredufutur.com\/accueil\/wp-json\/wp\/v2\/types\/post"}],"author":[{"embeddable":true,"href":"https:\/\/www.laterredufutur.com\/accueil\/wp-json\/wp\/v2\/users\/1"}],"replies":[{"embeddable":true,"href":"https:\/\/www.laterredufutur.com\/accueil\/wp-json\/wp\/v2\/comments?post=23588"}],"version-history":[{"count":1,"href":"https:\/\/www.laterredufutur.com\/accueil\/wp-json\/wp\/v2\/posts\/23588\/revisions"}],"predecessor-version":[{"id":23590,"href":"https:\/\/www.laterredufutur.com\/accueil\/wp-json\/wp\/v2\/posts\/23588\/revisions\/23590"}],"wp:featuredmedia":[{"embeddable":true,"href":"https:\/\/www.laterredufutur.com\/accueil\/wp-json\/wp\/v2\/media\/23589"}],"wp:attachment":[{"href":"https:\/\/www.laterredufutur.com\/accueil\/wp-json\/wp\/v2\/media?parent=23588"}],"wp:term":[{"taxonomy":"category","embeddable":true,"href":"https:\/\/www.laterredufutur.com\/accueil\/wp-json\/wp\/v2\/categories?post=23588"},{"taxonomy":"post_tag","embeddable":true,"href":"https:\/\/www.laterredufutur.com\/accueil\/wp-json\/wp\/v2\/tags?post=23588"}],"curies":[{"name":"wp","href":"https:\/\/api.w.org\/{rel}","templated":true}]}}