{"id":22725,"date":"2021-07-11T10:07:01","date_gmt":"2021-07-11T08:07:01","guid":{"rendered":"https:\/\/www.laterredufutur.com\/accueil\/?p=22725"},"modified":"2021-07-11T10:07:01","modified_gmt":"2021-07-11T08:07:01","slug":"derniere-frontiere-les-milliardaires-branson-et-bezos-en-route-pour-lespace","status":"publish","type":"post","link":"https:\/\/www.laterredufutur.com\/accueil\/derniere-frontiere-les-milliardaires-branson-et-bezos-en-route-pour-lespace\/","title":{"rendered":"Derni\u00e8re fronti\u00e8re : les milliardaires Branson et Bezos en route pour l&rsquo;espace"},"content":{"rendered":"<div class=\"1665f18d14f35dd9e7566e1a8ac9a3e9\" data-index=\"1\" style=\"float: none; margin:10px 0 10px 0; text-align:center;\">\n<script async src=\"https:\/\/pagead2.googlesyndication.com\/pagead\/js\/adsbygoogle.js\"><\/script>\r\n<ins class=\"adsbygoogle\"\r\n     style=\"display:block; text-align:center;\"\r\n     data-ad-layout=\"in-article\"\r\n     data-ad-format=\"fluid\"\r\n     data-ad-client=\"ca-pub-2860849627502538\"\r\n     data-ad-slot=\"3019501113\"><\/ins>\r\n<script>\r\n     (adsbygoogle = window.adsbygoogle || []).push({});\r\n<\/script>\n<\/div>\n<p>Deux vaisseaux, deux entreprises, avec un seul objectif : propulser leurs fondateurs milliardaires dans l&rsquo;espace.<\/p>\n<p>Richard Branson et Jeff Bezos ont lanc\u00e9 Virgin Galactic et Blue Origin au d\u00e9but des ann\u00e9es 2000, et aujourd&rsquo;hui les deux hommes sont sur le point de d\u00e9coller eux-m\u00eames, \u00e0 quelques jours d&rsquo;intervalle.<\/p>\n<p>R\u00e9sultant \u00e0 la fois d&rsquo;un chevauchement des calendriers de d\u00e9veloppement des entreprises et de la rivalit\u00e9 f\u00e9roce entre les deux hommes, ces lancements marquent une \u00e9tape importante dans l&rsquo;industrie naissante du tourisme spatial.<\/p>\n<p>Si les magnats figurent parmi les premiers passagers, leur objectif ultime est de permettre \u00e0 des centaines de clients (fortun\u00e9s) d&rsquo;admirer de leurs propres yeux, pendant quelques minutes, la courbure de la Terre.<\/p>\n<p>Ils ne seront pas les premiers milliardaires dans l&rsquo;espace.<\/p>\n<p>L&rsquo;Am\u00e9ricain d&rsquo;origine hongroise Charles Simonyi et Guy Laliberte, le cofondateur canadien du Cirque du Soleil, ont pass\u00e9 plusieurs jours \u00e0 bord de la Station spatiale internationale, respectivement en 2007 et 2009, mais ils ont fait le voyage \u00e0 bord de fus\u00e9es russes Soyouz.<\/p>\n<p>Bezos et Branson seront les premiers \u00e0 faire du stop avec des entreprises spatiales priv\u00e9es, qu&rsquo;ils ont eux-m\u00eames cr\u00e9\u00e9es.<\/p>\n<p>\u00ab\u00a0C&rsquo;est juste une incroyable et merveilleuse co\u00efncidence que nous partions le m\u00eame mois\u00a0\u00bb, a d\u00e9clar\u00e9 le Britannique Branson dans une interview au Washington Post, ajoutant que sa d\u00e9cision d&rsquo;avancer son vol spatial au 11 juillet n&rsquo;avait \u00ab\u00a0honn\u00eatement pas\u00a0\u00bb pour but de battre le fondateur d&rsquo;Amazon, dont le voyage est pr\u00e9vu pour le 20 juillet.<\/p>\n<figure id=\"attachment_22727\" aria-describedby=\"caption-attachment-22727\" style=\"width: 831px\" class=\"wp-caption alignnone\"><img data-recalc-dims=\"1\" loading=\"lazy\" decoding=\"async\" data-attachment-id=\"22727\" data-permalink=\"https:\/\/www.laterredufutur.com\/accueil\/derniere-frontiere-les-milliardaires-branson-et-bezos-en-route-pour-lespace\/richard-branson-2\/\" data-orig-file=\"https:\/\/i0.wp.com\/www.laterredufutur.com\/accueil\/wp-content\/uploads\/2021\/07\/richard-branson-1.jpg?fit=831%2C1024&amp;ssl=1\" data-orig-size=\"831,1024\" data-comments-opened=\"1\" data-image-meta=\"{&quot;aperture&quot;:&quot;0&quot;,&quot;credit&quot;:&quot;&quot;,&quot;camera&quot;:&quot;&quot;,&quot;caption&quot;:&quot;&quot;,&quot;created_timestamp&quot;:&quot;0&quot;,&quot;copyright&quot;:&quot;&quot;,&quot;focal_length&quot;:&quot;0&quot;,&quot;iso&quot;:&quot;0&quot;,&quot;shutter_speed&quot;:&quot;0&quot;,&quot;title&quot;:&quot;&quot;,&quot;orientation&quot;:&quot;0&quot;}\" data-image-title=\"richard-branson\" data-image-description=\"\" data-image-caption=\"&lt;p&gt;Richard Branson, fondateur de Virgin Galactic, portant la combinaison spatiale d&amp;rsquo;astronaute de son entreprise. Credit Virgin&lt;\/p&gt;\n\" data-large-file=\"https:\/\/i0.wp.com\/www.laterredufutur.com\/accueil\/wp-content\/uploads\/2021\/07\/richard-branson-1.jpg?fit=649%2C800&amp;ssl=1\" class=\"size-full wp-image-22727\" src=\"https:\/\/i0.wp.com\/www.laterredufutur.com\/accueil\/wp-content\/uploads\/2021\/07\/richard-branson-1.jpg?resize=831%2C1024&#038;ssl=1\" alt=\"\" width=\"831\" height=\"1024\" srcset=\"https:\/\/i0.wp.com\/www.laterredufutur.com\/accueil\/wp-content\/uploads\/2021\/07\/richard-branson-1.jpg?w=831&amp;ssl=1 831w, https:\/\/i0.wp.com\/www.laterredufutur.com\/accueil\/wp-content\/uploads\/2021\/07\/richard-branson-1.jpg?resize=243%2C300&amp;ssl=1 243w, https:\/\/i0.wp.com\/www.laterredufutur.com\/accueil\/wp-content\/uploads\/2021\/07\/richard-branson-1.jpg?resize=649%2C800&amp;ssl=1 649w, https:\/\/i0.wp.com\/www.laterredufutur.com\/accueil\/wp-content\/uploads\/2021\/07\/richard-branson-1.jpg?resize=768%2C946&amp;ssl=1 768w\" sizes=\"auto, (max-width: 831px) 100vw, 831px\" \/><figcaption id=\"caption-attachment-22727\" class=\"wp-caption-text\">Richard Branson, fondateur de Virgin Galactic, portant la combinaison spatiale d&rsquo;astronaute de son entreprise. Credit Virgin<\/figcaption><\/figure>\n<p>Devenez un astronaute<\/p>\n<p>Le vol de Branson d\u00e9colle dimanche d&rsquo;une base au Nouveau-Mexique appel\u00e9e SpacePort America.<\/p>\n<p>L&rsquo;heure n&rsquo;a pas encore \u00e9t\u00e9 annonc\u00e9e, mais la soci\u00e9t\u00e9 a pr\u00e9cis\u00e9 qu&rsquo;un livestream d\u00e9butera \u00e0 7h00 heure locale (1300 GMT).<\/p>\n<p>Un avion porteur d\u00e9colle d&rsquo;une piste, puis l\u00e2che le vaisseau spatial, baptis\u00e9 VSS Unity, \u00e0 50 000 pieds (15 000 m\u00e8tres).<\/p>\n<p>Les deux pilotes du VSS Unity allument ses moteurs-fus\u00e9es, propulsant l&rsquo;engin \u00e0 Mach 3 au-dessus de l&rsquo;altitude de 80 km consid\u00e9r\u00e9e comme la limite de l&rsquo;espace par les \u00c9tats-Unis.<\/p>\n<p>Les passagers, Branson et trois autres employ\u00e9s de Virgin Galactic, pourront se d\u00e9tacher et faire l&rsquo;exp\u00e9rience de l&rsquo;apesanteur pendant quelques minutes.<\/p>\n<p>Le vaisseau revient finalement en planant vers la piste d&rsquo;origine.<\/p>\n<p>Le r\u00f4le de Branson : \u00e9valuer l&rsquo;exp\u00e9rience pour les futurs clients, attendus \u00e0 partir de 2022.<\/p>\n<p>Environ 600 personnes ont d\u00e9j\u00e0 achet\u00e9 des billets, dont le prix varie entre 200 000 et 250 000 dollars.<\/p>\n<p>\u00ab\u00a0A notre retour, j&rsquo;annoncerai quelque chose de tr\u00e8s excitant pour donner \u00e0 plus de gens la chance de devenir astronaute\u00a0\u00bb, a-t-il promis.<\/p><div class=\"1665f18d14f35dd9e7566e1a8ac9a3e9\" data-index=\"2\" style=\"float: none; margin:10px 0 10px 0; text-align:center;\">\n<script async src=\"https:\/\/pagead2.googlesyndication.com\/pagead\/js\/adsbygoogle.js\"><\/script>\r\n<ins class=\"adsbygoogle\"\r\n     style=\"display:block; text-align:center;\"\r\n     data-ad-layout=\"in-article\"\r\n     data-ad-format=\"fluid\"\r\n     data-ad-client=\"ca-pub-2860849627502538\"\r\n     data-ad-slot=\"3019501113\"><\/ins>\r\n<script>\r\n     (adsbygoogle = window.adsbygoogle || []).push({});\r\n<\/script>\n<\/div>\n\n<figure id=\"attachment_22729\" aria-describedby=\"caption-attachment-22729\" style=\"width: 1024px\" class=\"wp-caption alignnone\"><img data-recalc-dims=\"1\" loading=\"lazy\" decoding=\"async\" data-attachment-id=\"22729\" data-permalink=\"https:\/\/www.laterredufutur.com\/accueil\/derniere-frontiere-les-milliardaires-branson-et-bezos-en-route-pour-lespace\/virgin-galactic\/\" data-orig-file=\"https:\/\/i0.wp.com\/www.laterredufutur.com\/accueil\/wp-content\/uploads\/2021\/07\/virgin-galactic.jpg?fit=1024%2C576&amp;ssl=1\" data-orig-size=\"1024,576\" data-comments-opened=\"1\" data-image-meta=\"{&quot;aperture&quot;:&quot;0&quot;,&quot;credit&quot;:&quot;&quot;,&quot;camera&quot;:&quot;&quot;,&quot;caption&quot;:&quot;&quot;,&quot;created_timestamp&quot;:&quot;0&quot;,&quot;copyright&quot;:&quot;&quot;,&quot;focal_length&quot;:&quot;0&quot;,&quot;iso&quot;:&quot;0&quot;,&quot;shutter_speed&quot;:&quot;0&quot;,&quot;title&quot;:&quot;&quot;,&quot;orientation&quot;:&quot;0&quot;}\" data-image-title=\"virgin galactic\" data-image-description=\"\" data-image-caption=\"&lt;p&gt;Sur cette photo fournie par Virgin Galactic le 22 juin 2021, le VSS Unity est vu dans l&amp;rsquo;espace au-dessus du Nouveau-Mexique.&lt;\/p&gt;\n\" data-large-file=\"https:\/\/i0.wp.com\/www.laterredufutur.com\/accueil\/wp-content\/uploads\/2021\/07\/virgin-galactic.jpg?fit=800%2C450&amp;ssl=1\" class=\"size-full wp-image-22729\" src=\"https:\/\/i0.wp.com\/www.laterredufutur.com\/accueil\/wp-content\/uploads\/2021\/07\/virgin-galactic.jpg?resize=1024%2C576&#038;ssl=1\" alt=\"\" width=\"1024\" height=\"576\" srcset=\"https:\/\/i0.wp.com\/www.laterredufutur.com\/accueil\/wp-content\/uploads\/2021\/07\/virgin-galactic.jpg?w=1024&amp;ssl=1 1024w, https:\/\/i0.wp.com\/www.laterredufutur.com\/accueil\/wp-content\/uploads\/2021\/07\/virgin-galactic.jpg?resize=300%2C169&amp;ssl=1 300w, https:\/\/i0.wp.com\/www.laterredufutur.com\/accueil\/wp-content\/uploads\/2021\/07\/virgin-galactic.jpg?resize=800%2C450&amp;ssl=1 800w, https:\/\/i0.wp.com\/www.laterredufutur.com\/accueil\/wp-content\/uploads\/2021\/07\/virgin-galactic.jpg?resize=768%2C432&amp;ssl=1 768w, https:\/\/i0.wp.com\/www.laterredufutur.com\/accueil\/wp-content\/uploads\/2021\/07\/virgin-galactic.jpg?resize=580%2C326&amp;ssl=1 580w, https:\/\/i0.wp.com\/www.laterredufutur.com\/accueil\/wp-content\/uploads\/2021\/07\/virgin-galactic.jpg?resize=174%2C98&amp;ssl=1 174w\" sizes=\"auto, (max-width: 1000px) 100vw, 1000px\" \/><figcaption id=\"caption-attachment-22729\" class=\"wp-caption-text\">Sur cette photo fournie par Virgin Galactic le 22 juin 2021, le VSS Unity est vu dans l&rsquo;espace au-dessus du Nouveau-Mexique.<\/figcaption><\/figure>\n<p>Une formation minimale<\/p>\n<p>Le voyage de Blue Origin sera lanc\u00e9 le 20 juillet, date anniversaire du premier alunissage en 1969.<\/p>\n<p>Le syst\u00e8me de fus\u00e9e r\u00e9utilisable est baptis\u00e9 New Shepard en l&rsquo;honneur d&rsquo;Alan Shepard, le premier Am\u00e9ricain dans l&rsquo;espace.<\/p>\n<p>Apr\u00e8s le d\u00e9collage, la capsule, qui peut transporter jusqu&rsquo;\u00e0 six membres d&rsquo;\u00e9quipage, se s\u00e9pare de son propulseur, puis passe quatre minutes \u00e0 une altitude sup\u00e9rieure \u00e0 100 kilom\u00e8tres (60 miles) &#8211; \u00e9galement connue sous le nom de ligne de Karman, la fronti\u00e8re internationalement accept\u00e9e de l&rsquo;espace.<\/p>\n<p>\u00c0 titre de comparaison, les avions commerciaux volent g\u00e9n\u00e9ralement \u00e0 une altitude de 10 kilom\u00e8tres.<\/p>\n<p>Le propulseur d&rsquo;appoint atterrit de mani\u00e8re autonome sur une plateforme situ\u00e9e \u00e0 trois kilom\u00e8tres du site de lancement, et la capsule revient \u00e0 la surface gr\u00e2ce \u00e0 trois grands parachutes qui la ralentissent \u00e0 environ un kilom\u00e8tre par heure lorsqu&rsquo;elle atterrit.<\/p>\n<p>\u00c0 bord se trouveront le fondateur d&rsquo;Amazon, son fr\u00e8re Mark, une aviatrice de 82 ans, Wally Funk, et le myst\u00e9rieux gagnant d&rsquo;un billet vendu aux ench\u00e8res pour 28 millions de dollars.<\/p>\n<figure id=\"attachment_22731\" aria-describedby=\"caption-attachment-22731\" style=\"width: 1024px\" class=\"wp-caption alignnone\"><img data-recalc-dims=\"1\" loading=\"lazy\" decoding=\"async\" data-attachment-id=\"22731\" data-permalink=\"https:\/\/www.laterredufutur.com\/accueil\/derniere-frontiere-les-milliardaires-branson-et-bezos-en-route-pour-lespace\/blue-origin\/\" data-orig-file=\"https:\/\/i0.wp.com\/www.laterredufutur.com\/accueil\/wp-content\/uploads\/2021\/07\/blue-origin.jpg?fit=1024%2C682&amp;ssl=1\" data-orig-size=\"1024,682\" data-comments-opened=\"1\" data-image-meta=\"{&quot;aperture&quot;:&quot;0&quot;,&quot;credit&quot;:&quot;&quot;,&quot;camera&quot;:&quot;&quot;,&quot;caption&quot;:&quot;&quot;,&quot;created_timestamp&quot;:&quot;0&quot;,&quot;copyright&quot;:&quot;&quot;,&quot;focal_length&quot;:&quot;0&quot;,&quot;iso&quot;:&quot;0&quot;,&quot;shutter_speed&quot;:&quot;0&quot;,&quot;title&quot;:&quot;&quot;,&quot;orientation&quot;:&quot;0&quot;}\" data-image-title=\"blue origin\" data-image-description=\"\" data-image-caption=\"&lt;p&gt;Apr\u00e8s le d\u00e9collage, la capsule, qui transporte jusqu&amp;rsquo;\u00e0 six membres d&amp;rsquo;\u00e9quipage, se s\u00e9pare de son propulseur, puis passe quatre minutes \u00e0 une altitude sup\u00e9rieure \u00e0 100 kilom\u00e8tres, \u00e9galement connue sous le nom de ligne Karman, la fronti\u00e8re reconnue de l&amp;rsquo;espace.&lt;\/p&gt;\n\" data-large-file=\"https:\/\/i0.wp.com\/www.laterredufutur.com\/accueil\/wp-content\/uploads\/2021\/07\/blue-origin.jpg?fit=800%2C533&amp;ssl=1\" class=\"size-full wp-image-22731\" src=\"https:\/\/i0.wp.com\/www.laterredufutur.com\/accueil\/wp-content\/uploads\/2021\/07\/blue-origin.jpg?resize=1024%2C682&#038;ssl=1\" alt=\"\" width=\"1024\" height=\"682\" srcset=\"https:\/\/i0.wp.com\/www.laterredufutur.com\/accueil\/wp-content\/uploads\/2021\/07\/blue-origin.jpg?w=1024&amp;ssl=1 1024w, https:\/\/i0.wp.com\/www.laterredufutur.com\/accueil\/wp-content\/uploads\/2021\/07\/blue-origin.jpg?resize=300%2C200&amp;ssl=1 300w, https:\/\/i0.wp.com\/www.laterredufutur.com\/accueil\/wp-content\/uploads\/2021\/07\/blue-origin.jpg?resize=800%2C533&amp;ssl=1 800w, https:\/\/i0.wp.com\/www.laterredufutur.com\/accueil\/wp-content\/uploads\/2021\/07\/blue-origin.jpg?resize=768%2C512&amp;ssl=1 768w\" sizes=\"auto, (max-width: 1000px) 100vw, 1000px\" \/><figcaption id=\"caption-attachment-22731\" class=\"wp-caption-text\">Apr\u00e8s le d\u00e9collage, la capsule, qui transporte jusqu&rsquo;\u00e0 six membres d&rsquo;\u00e9quipage, se s\u00e9pare de son propulseur, puis passe quatre minutes \u00e0 une altitude sup\u00e9rieure \u00e0 100 kilom\u00e8tres, \u00e9galement connue sous le nom de ligne Karman, la fronti\u00e8re reconnue de l&rsquo;espace.<\/figcaption><\/figure>\n<p>Ce sera le premier lancement avec \u00e9quipage de New Shepard. Virgin Galactic a effectu\u00e9 trois vols avec \u00e9quipage, comprenant des pilotes et m\u00eame un passager.<\/p>\n<p>Contrairement \u00e0 son rival SpaceX, qui pr\u00e9voit des voyages plus ambitieux pour les touristes qui dureront plusieurs jours, les vols dits suborbitaux de Virgin Galactic et de Blue Origin n\u00e9cessitent une formation minimale.<\/p>\n<p>Mais apr\u00e8s avoir \u00e9t\u00e9 annonc\u00e9 comme imminent pendant des ann\u00e9es, l&rsquo;av\u00e8nement du tourisme spatial reste d\u00e9pendant de la r\u00e9ussite compl\u00e8te de ces tests.<\/p>\n<p>En 2014, le crash d&rsquo;un vaisseau spatial de Virgin Galactic a caus\u00e9 la mort d&rsquo;un pilote, retardant consid\u00e9rablement le programme. Un autre \u00e9v\u00e9nement tragique de ce type pourrait bien y mettre un terme.<\/p>\n<p>Adaptation <a href=\"https:\/\/www.laterredufutur.com\/accueil\/\" target=\"_blank\" rel=\"noopener\">Terra Projects<\/a><\/p>\n<p>Source : <a href=\"https:\/\/phys.org\/news\/2021-07-frontier-billionaires-branson-bezos-bound.html\" target=\"_blank\" rel=\"noopener\">https:\/\/phys.org\/<\/a><\/p>\n<p class=\"bawpvc-ajax-counter\" data-id=\"22725\">(257)<\/p>\n<!--CusAds0-->\n<div style=\"font-size: 0px; height: 0px; line-height: 0px; margin: 0; padding: 0; clear: both;\"><\/div>","protected":false},"excerpt":{"rendered":"<p>Deux vaisseaux, deux entreprises, avec un seul objectif : propulser leurs fondateurs milliardaires dans l&rsquo;espace. Richard Branson et Jeff Bezos&#8230;<\/p>\n","protected":false},"author":1,"featured_media":22728,"comment_status":"open","ping_status":"open","sticky":false,"template":"","format":"standard","meta":{"_exactmetrics_skip_tracking":false,"_exactmetrics_sitenote_active":false,"_exactmetrics_sitenote_note":"","_exactmetrics_sitenote_category":0,"ngg_post_thumbnail":0,"jetpack_post_was_ever_published":false,"_jetpack_newsletter_access":"","_jetpack_dont_email_post_to_subs":false,"_jetpack_newsletter_tier_id":0,"_jetpack_memberships_contains_paywalled_content":false,"_jetpack_memberships_contains_paid_content":false,"footnotes":"","jetpack_publicize_message":"Derni\u00e8re fronti\u00e8re : les milliardaires #Branson et #Bezos en route pour l'espace @laterredufutur.com TerraProjects","jetpack_publicize_feature_enabled":true,"jetpack_social_post_already_shared":true,"jetpack_social_options":{"image_generator_settings":{"template":"highway","default_image_id":0,"font":"","enabled":false},"version":2}},"categories":[22],"tags":[5903,7666,4415,7667,117,7668,1554,1555,1560,1107],"class_list":["post-22725","post","type-post","status-publish","format-standard","has-post-thumbnail","hentry","category-espace","tag-amazon","tag-bezos","tag-blue-origin","tag-branson","tag-espace","tag-new-shepard","tag-tourisme","tag-virgin","tag-virgin-galactic","tag-voyage","wpcat-22-id"],"jetpack_publicize_connections":[],"jetpack_featured_media_url":"https:\/\/i0.wp.com\/www.laterredufutur.com\/accueil\/wp-content\/uploads\/2021\/07\/jeff-bezos-richard-branson.jpg?fit=1024%2C768&ssl=1","jetpack_shortlink":"https:\/\/wp.me\/p631RN-5Ux","jetpack-related-posts":[{"id":1227,"url":"https:\/\/www.laterredufutur.com\/accueil\/un-monde-de-tourisme-spatial\/","url_meta":{"origin":22725,"position":0},"title":"Un monde de tourisme spatial","author":"Admin","date":"15 janvier 2013","format":false,"excerpt":"Embarquement, pour l'espace, le tourisme spatial est d\u00e9j\u00e0 une r\u00e9alit\u00e9.\u00a0O\u00f9 faut-il partir en vacances cet \u00e9t\u00e9 ? Les Maldives, trop classique. Les parcs animaliers d'Afrique du Sud, bof. L'Amazone en pirogue, plus tr\u00e8s aventureux. L'Italie et ses beaut\u00e9s, vu et archirevu. La nouvelle fronti\u00e8re du tourisme, c'est tout l\u00e0-haut, c'est\u2026","rel":"","context":"Dans &quot;Monde Futur&quot;","block_context":{"text":"Monde Futur","link":"https:\/\/www.laterredufutur.com\/accueil\/sujets\/monde-futur\/"},"img":{"alt_text":"","src":"https:\/\/i0.wp.com\/www.laterredufutur.com\/accueil\/wp-content\/uploads\/2013\/01\/tourisme-spatial-1.jpg?fit=485%2C272&ssl=1&resize=350%2C200","width":350,"height":200},"classes":[]},{"id":21173,"url":"https:\/\/www.laterredufutur.com\/accueil\/virgin-galactic-devoile-une-elegante-cabine-dun-vaisseau-spatial-pour-les-vols-touristiques\/","url_meta":{"origin":22725,"position":1},"title":"Virgin Galactic d\u00e9voile une \u00e9l\u00e9gante cabine d&rsquo;un vaisseau spatial pour les vols touristiques","author":"Admin","date":"10 ao\u00fbt 2020","format":false,"excerpt":"Dans une vid\u00e9o d'annonce, Virgin Galactic a d\u00e9voil\u00e9 l'int\u00e9rieur de la cabine de son avion spatial SpaceShipTwo, un v\u00e9hicule \u00e0 emmener pour bient\u00f4t ceux qui pourront se le permettre dans l'espace proche de la Terre. Le PDG de Virgin, Richard Branson, a qualifi\u00e9 la cabine int\u00e9rieure de \u00abpi\u00e8ce ma\u00eetresse du\u2026","rel":"","context":"Dans &quot;Espace&quot;","block_context":{"text":"Espace","link":"https:\/\/www.laterredufutur.com\/accueil\/sujets\/espace\/"},"img":{"alt_text":"","src":"https:\/\/i0.wp.com\/www.laterredufutur.com\/accueil\/wp-content\/uploads\/2020\/07\/Virgin_Galactic_Spaceship_Cabin_Interior_In_Space.jpg?fit=1200%2C675&ssl=1&resize=350%2C200","width":350,"height":200,"srcset":"https:\/\/i0.wp.com\/www.laterredufutur.com\/accueil\/wp-content\/uploads\/2020\/07\/Virgin_Galactic_Spaceship_Cabin_Interior_In_Space.jpg?fit=1200%2C675&ssl=1&resize=350%2C200 1x, https:\/\/i0.wp.com\/www.laterredufutur.com\/accueil\/wp-content\/uploads\/2020\/07\/Virgin_Galactic_Spaceship_Cabin_Interior_In_Space.jpg?fit=1200%2C675&ssl=1&resize=525%2C300 1.5x, https:\/\/i0.wp.com\/www.laterredufutur.com\/accueil\/wp-content\/uploads\/2020\/07\/Virgin_Galactic_Spaceship_Cabin_Interior_In_Space.jpg?fit=1200%2C675&ssl=1&resize=700%2C400 2x, https:\/\/i0.wp.com\/www.laterredufutur.com\/accueil\/wp-content\/uploads\/2020\/07\/Virgin_Galactic_Spaceship_Cabin_Interior_In_Space.jpg?fit=1200%2C675&ssl=1&resize=1050%2C600 3x"},"classes":[]},{"id":20554,"url":"https:\/\/www.laterredufutur.com\/accueil\/2020-vers-une-nouvelle-ere-pour-le-tourisme-spatial\/","url_meta":{"origin":22725,"position":2},"title":"2020, vers une nouvelle \u00e8re pour le tourisme spatial","author":"Admin","date":"21 avril 2020","format":false,"excerpt":"Le rythme de lancement de fus\u00e9es devrait nettement augmenter en 2020, ont annonc\u00e9 les Etats-Unis cette semaine. L'ann\u00e9e pourrait marquer un tournant dans l'essor du tourisme spatial, plusieurs compagnies pr\u00e9voyant d'envoyer leurs premiers voyageurs dans l'espace. Des touristes dans l'espace? L'id\u00e9e ne date pas d'hier. Mais depuis la toute fin\u2026","rel":"","context":"Dans &quot;Espace&quot;","block_context":{"text":"Espace","link":"https:\/\/www.laterredufutur.com\/accueil\/sujets\/espace\/"},"img":{"alt_text":"","src":"https:\/\/i0.wp.com\/www.laterredufutur.com\/accueil\/wp-content\/uploads\/2020\/02\/Virgin-Galactic-navette.jpg?fit=1200%2C693&ssl=1&resize=350%2C200","width":350,"height":200,"srcset":"https:\/\/i0.wp.com\/www.laterredufutur.com\/accueil\/wp-content\/uploads\/2020\/02\/Virgin-Galactic-navette.jpg?fit=1200%2C693&ssl=1&resize=350%2C200 1x, https:\/\/i0.wp.com\/www.laterredufutur.com\/accueil\/wp-content\/uploads\/2020\/02\/Virgin-Galactic-navette.jpg?fit=1200%2C693&ssl=1&resize=525%2C300 1.5x, https:\/\/i0.wp.com\/www.laterredufutur.com\/accueil\/wp-content\/uploads\/2020\/02\/Virgin-Galactic-navette.jpg?fit=1200%2C693&ssl=1&resize=700%2C400 2x, https:\/\/i0.wp.com\/www.laterredufutur.com\/accueil\/wp-content\/uploads\/2020\/02\/Virgin-Galactic-navette.jpg?fit=1200%2C693&ssl=1&resize=1050%2C600 3x"},"classes":[]},{"id":1558,"url":"https:\/\/www.laterredufutur.com\/accueil\/un-monde-tourne-vers-le-tourisme-spatial-ii\/","url_meta":{"origin":22725,"position":3},"title":"Un monde tourn\u00e9 vers le tourisme spatial II","author":"Admin","date":"24 septembre 2013","format":false,"excerpt":"Pour faire suite \u00e0 l'article pr\u00e9c\u00e9dent sur un monde tourn\u00e9 vers le tourisme spatial, voici un projet qui pourra en faire r\u00eaver plus d'un.\u00a0Plusieurs entreprises se sont lanc\u00e9es dans un excitant d\u00e9fi : envoyer des touristes dans l'espace. Les premiers s\u00e9jours sont pr\u00e9vus en 2016. Une chambre avec vue\u2026 sur\u2026","rel":"","context":"Dans &quot;Monde Futur&quot;","block_context":{"text":"Monde Futur","link":"https:\/\/www.laterredufutur.com\/accueil\/sujets\/monde-futur\/"},"img":{"alt_text":"","src":"https:\/\/i0.wp.com\/www.laterredufutur.com\/accueil\/wp-content\/uploads\/2013\/09\/tourisme-spatial-2016-1.jpg?fit=640%2C480&ssl=1&resize=350%2C200","width":350,"height":200,"srcset":"https:\/\/i0.wp.com\/www.laterredufutur.com\/accueil\/wp-content\/uploads\/2013\/09\/tourisme-spatial-2016-1.jpg?fit=640%2C480&ssl=1&resize=350%2C200 1x, https:\/\/i0.wp.com\/www.laterredufutur.com\/accueil\/wp-content\/uploads\/2013\/09\/tourisme-spatial-2016-1.jpg?fit=640%2C480&ssl=1&resize=525%2C300 1.5x"},"classes":[]},{"id":7149,"url":"https:\/\/www.laterredufutur.com\/accueil\/nouveau-vehicule-spatial-de-blue-origin\/","url_meta":{"origin":22725,"position":4},"title":"Nouveau v\u00e9hicule spatial de Blue Origin","author":"Admin","date":"4 juin 2015","format":false,"excerpt":"Dans la course aux vols suborbitaux, trois entreprises priv\u00e9es se d\u00e9tachent : la plus m\u00e9diatis\u00e9e, Virgin Galactic, la moins m\u00e9diatis\u00e9e, XCor Aerospace, et enfin Blue Origin, la plus discr\u00e8te. Il est encore trop t\u00f4t pour dire qui d\u00e9butera en premier un service commercial de vols habit\u00e9s touristiques et scientifiques \u00e0\u2026","rel":"","context":"Dans &quot;Espace&quot;","block_context":{"text":"Espace","link":"https:\/\/www.laterredufutur.com\/accueil\/sujets\/espace\/"},"img":{"alt_text":"","src":"https:\/\/i0.wp.com\/www.laterredufutur.com\/accueil\/wp-content\/uploads\/2015\/06\/blueorigin.jpg?fit=720%2C400&ssl=1&resize=350%2C200","width":350,"height":200,"srcset":"https:\/\/i0.wp.com\/www.laterredufutur.com\/accueil\/wp-content\/uploads\/2015\/06\/blueorigin.jpg?fit=720%2C400&ssl=1&resize=350%2C200 1x, https:\/\/i0.wp.com\/www.laterredufutur.com\/accueil\/wp-content\/uploads\/2015\/06\/blueorigin.jpg?fit=720%2C400&ssl=1&resize=525%2C300 1.5x, https:\/\/i0.wp.com\/www.laterredufutur.com\/accueil\/wp-content\/uploads\/2015\/06\/blueorigin.jpg?fit=720%2C400&ssl=1&resize=700%2C400 2x"},"classes":[]},{"id":23269,"url":"https:\/\/www.laterredufutur.com\/accueil\/la-future-station-spatiale-de-jeff-bezos\/","url_meta":{"origin":22725,"position":5},"title":"La future station spatiale de Jeff Bezos","author":"Admin","date":"28 octobre 2021","format":false,"excerpt":"Le patron d\u2019Amazon, Jeff Bezos, a annonc\u00e9 que sa soci\u00e9t\u00e9 Blue Origin va construire une station spatiale en orbite en partenariat avec Sierra Space, rapporte la BBC ce 26 octobre 2021. Baptis\u00e9e Orbital Reef (\u00ab r\u00e9cif orbital \u00bb), la station pourra accueillir jusqu\u2019\u00e0 dix personnes et sera, au mieux, op\u00e9rationnelle\u2026","rel":"","context":"Dans &quot;Espace&quot;","block_context":{"text":"Espace","link":"https:\/\/www.laterredufutur.com\/accueil\/sujets\/espace\/"},"img":{"alt_text":"","src":"https:\/\/i0.wp.com\/www.laterredufutur.com\/accueil\/wp-content\/uploads\/2021\/10\/orbital-reef-1.jpg?fit=1200%2C675&ssl=1&resize=350%2C200","width":350,"height":200,"srcset":"https:\/\/i0.wp.com\/www.laterredufutur.com\/accueil\/wp-content\/uploads\/2021\/10\/orbital-reef-1.jpg?fit=1200%2C675&ssl=1&resize=350%2C200 1x, https:\/\/i0.wp.com\/www.laterredufutur.com\/accueil\/wp-content\/uploads\/2021\/10\/orbital-reef-1.jpg?fit=1200%2C675&ssl=1&resize=525%2C300 1.5x, https:\/\/i0.wp.com\/www.laterredufutur.com\/accueil\/wp-content\/uploads\/2021\/10\/orbital-reef-1.jpg?fit=1200%2C675&ssl=1&resize=700%2C400 2x, https:\/\/i0.wp.com\/www.laterredufutur.com\/accueil\/wp-content\/uploads\/2021\/10\/orbital-reef-1.jpg?fit=1200%2C675&ssl=1&resize=1050%2C600 3x"},"classes":[]}],"jetpack_sharing_enabled":true,"_links":{"self":[{"href":"https:\/\/www.laterredufutur.com\/accueil\/wp-json\/wp\/v2\/posts\/22725","targetHints":{"allow":["GET"]}}],"collection":[{"href":"https:\/\/www.laterredufutur.com\/accueil\/wp-json\/wp\/v2\/posts"}],"about":[{"href":"https:\/\/www.laterredufutur.com\/accueil\/wp-json\/wp\/v2\/types\/post"}],"author":[{"embeddable":true,"href":"https:\/\/www.laterredufutur.com\/accueil\/wp-json\/wp\/v2\/users\/1"}],"replies":[{"embeddable":true,"href":"https:\/\/www.laterredufutur.com\/accueil\/wp-json\/wp\/v2\/comments?post=22725"}],"version-history":[{"count":1,"href":"https:\/\/www.laterredufutur.com\/accueil\/wp-json\/wp\/v2\/posts\/22725\/revisions"}],"predecessor-version":[{"id":22732,"href":"https:\/\/www.laterredufutur.com\/accueil\/wp-json\/wp\/v2\/posts\/22725\/revisions\/22732"}],"wp:featuredmedia":[{"embeddable":true,"href":"https:\/\/www.laterredufutur.com\/accueil\/wp-json\/wp\/v2\/media\/22728"}],"wp:attachment":[{"href":"https:\/\/www.laterredufutur.com\/accueil\/wp-json\/wp\/v2\/media?parent=22725"}],"wp:term":[{"taxonomy":"category","embeddable":true,"href":"https:\/\/www.laterredufutur.com\/accueil\/wp-json\/wp\/v2\/categories?post=22725"},{"taxonomy":"post_tag","embeddable":true,"href":"https:\/\/www.laterredufutur.com\/accueil\/wp-json\/wp\/v2\/tags?post=22725"}],"curies":[{"name":"wp","href":"https:\/\/api.w.org\/{rel}","templated":true}]}}