{"id":2241,"date":"2014-10-28T23:00:00","date_gmt":"2014-10-28T22:00:00","guid":{"rendered":"http:\/\/www.laterredufutur.com\/wordpress\/?p=2241"},"modified":"2014-10-28T23:00:00","modified_gmt":"2014-10-28T22:00:00","slug":"un-moyen-pour-prevenir-les-eruptions-solaires-et-proteger-la-terre","status":"publish","type":"post","link":"https:\/\/www.laterredufutur.com\/accueil\/un-moyen-pour-prevenir-les-eruptions-solaires-et-proteger-la-terre\/","title":{"rendered":"Un moyen pour pr\u00e9venir les \u00e9ruptions solaires et prot\u00e9ger la Terre"},"content":{"rendered":"<div class=\"1665f18d14f35dd9e7566e1a8ac9a3e9\" data-index=\"1\" style=\"float: none; margin:10px 0 10px 0; text-align:center;\">\n<script async src=\"https:\/\/pagead2.googlesyndication.com\/pagead\/js\/adsbygoogle.js\"><\/script>\r\n<ins class=\"adsbygoogle\"\r\n     style=\"display:block; text-align:center;\"\r\n     data-ad-layout=\"in-article\"\r\n     data-ad-format=\"fluid\"\r\n     data-ad-client=\"ca-pub-2860849627502538\"\r\n     data-ad-slot=\"3019501113\"><\/ins>\r\n<script>\r\n     (adsbygoogle = window.adsbygoogle || []).push({});\r\n<\/script>\n<\/div>\n<p style=\"text-align: justify;\"><span style=\"color: #000000;\"><span style=\"font-family: arial, helvetica, sans-serif;\"><img data-recalc-dims=\"1\" decoding=\"async\" data-attachment-id=\"2238\" data-permalink=\"https:\/\/www.laterredufutur.com\/accueil\/un-moyen-pour-prevenir-les-eruptions-solaires-et-proteger-la-terre\/_spaw_images_soleil-2010-3\/\" data-orig-file=\"https:\/\/i0.wp.com\/www.laterredufutur.com\/accueil\/wp-content\/uploads\/2014\/10\/.._spaw_images_soleil-2010.jpg?fit=200%2C230&amp;ssl=1\" data-orig-size=\"200,230\" data-comments-opened=\"1\" data-image-meta=\"{&quot;aperture&quot;:&quot;0&quot;,&quot;credit&quot;:&quot;&quot;,&quot;camera&quot;:&quot;&quot;,&quot;caption&quot;:&quot;&quot;,&quot;created_timestamp&quot;:&quot;0&quot;,&quot;copyright&quot;:&quot;&quot;,&quot;focal_length&quot;:&quot;0&quot;,&quot;iso&quot;:&quot;0&quot;,&quot;shutter_speed&quot;:&quot;0&quot;,&quot;title&quot;:&quot;&quot;,&quot;orientation&quot;:&quot;1&quot;}\" data-image-title=\".._spaw_images_soleil-2010\" data-image-description=\"\" data-image-caption=\"\" data-large-file=\"https:\/\/i0.wp.com\/www.laterredufutur.com\/accueil\/wp-content\/uploads\/2014\/10\/.._spaw_images_soleil-2010.jpg?fit=200%2C230&amp;ssl=1\" class=\" alignleft size-full wp-image-2238\" src=\"https:\/\/i0.wp.com\/www.laterredufutur.com\/wordpress\/wp-content\/uploads\/2014\/10\/.._spaw_images_soleil-2010.jpg?w=120\" border=\"0\"  style=\"border: 0px; float: left;\" \/>Une \u00e9quipe de chercheurs du CNRS a mis en \u00e9vidence la formation d\u2019une \u00ab corde magn\u00e9tique \u00bb qui \u00e9merge de l\u2019int\u00e9rieur du soleil qui permet d\u2019anticiper les \u00e9ruptions solaires. <\/span><\/span><\/p>\n<p style=\"text-align: justify;\"><span style=\"color: #000000;\"><span style=\"font-family: arial, helvetica, sans-serif;\">L\u2019id\u00e9e est donc d\u2019anticiper les \u00e9ventuelles perturbations des syst\u00e8mes de communication sur Terre du a ces \u00e9ruptions.<\/span><\/span><\/p>\n<p style=\"text-align: justify;\">\u00a0<\/p>\n<p style=\"text-align: justify;\">\u00a0<\/p>\n<p style=\"text-align: justify;\">\u00a0<\/p>\n<p style=\"text-align: justify;\">\u00a0<\/p>\n<p><span style=\"font-family: arial, helvetica, sans-serif; color: #000000; text-align: justify; line-height: 1.3em;\">La corde magn\u00e9tique, explications<\/span><\/p>\n<p style=\"text-align: justify;\"><span style=\"color: #000000;\"><span style=\"font-family: arial, helvetica, sans-serif;\">Les scientifiques ont montr\u00e9 qu\u2019une structure caract\u00e9ristique, une sorte de \u00ab corde magn\u00e9tique \u00bb, apparait dans les jours qui pr\u00e9cedent une \u00e9ruption solaire et selon leur \u00e9tude publi\u00e9e \u00ab Le champ magn\u00e9tique s\u2019organise en formant une corde qui ressemble un peu \u00e0 du chanvre torsad\u00e9. Les extr\u00e9mit\u00e9s de la corde sont ancr\u00e9es dans les taches solaires situ\u00e9es \u00e0 la surface du soleil \u00bb (photosph\u00e8re), selon M. Amari, directeur de recherche CNRS \u00e0 l\u2019Ecole Polytechnique.<\/span><\/span><\/p>\n<p style=\"text-align: justify;\"><span style=\"color: #000000;\"><span style=\"font-family: arial, helvetica, sans-serif;\"><img data-recalc-dims=\"1\" decoding=\"async\" data-attachment-id=\"2239\" data-permalink=\"https:\/\/www.laterredufutur.com\/accueil\/un-moyen-pour-prevenir-les-eruptions-solaires-et-proteger-la-terre\/_spaw_images_sol10-3\/\" data-orig-file=\"https:\/\/i0.wp.com\/www.laterredufutur.com\/accueil\/wp-content\/uploads\/2014\/10\/.._spaw_images_sol10.jpg?fit=990%2C461&amp;ssl=1\" data-orig-size=\"990,461\" data-comments-opened=\"1\" data-image-meta=\"{&quot;aperture&quot;:&quot;0&quot;,&quot;credit&quot;:&quot;&quot;,&quot;camera&quot;:&quot;&quot;,&quot;caption&quot;:&quot;&quot;,&quot;created_timestamp&quot;:&quot;0&quot;,&quot;copyright&quot;:&quot;&quot;,&quot;focal_length&quot;:&quot;0&quot;,&quot;iso&quot;:&quot;0&quot;,&quot;shutter_speed&quot;:&quot;0&quot;,&quot;title&quot;:&quot;&quot;,&quot;orientation&quot;:&quot;0&quot;}\" data-image-title=\".._spaw_images_sol10\" data-image-description=\"\" data-image-caption=\"\" data-large-file=\"https:\/\/i0.wp.com\/www.laterredufutur.com\/accueil\/wp-content\/uploads\/2014\/10\/.._spaw_images_sol10.jpg?fit=800%2C373&amp;ssl=1\" class=\" size-full wp-image-2239\" src=\"https:\/\/i0.wp.com\/www.laterredufutur.com\/wordpress\/wp-content\/uploads\/2014\/10\/.._spaw_images_sol10.jpg?w=450\" border=\"0\"  style=\"border: 0px;\" srcset=\"https:\/\/i0.wp.com\/www.laterredufutur.com\/accueil\/wp-content\/uploads\/2014\/10\/.._spaw_images_sol10.jpg?w=990&amp;ssl=1 990w, https:\/\/i0.wp.com\/www.laterredufutur.com\/accueil\/wp-content\/uploads\/2014\/10\/.._spaw_images_sol10.jpg?resize=300%2C140&amp;ssl=1 300w\" sizes=\"(max-width: 990px) 100vw, 990px\" \/><br \/><\/span><\/span><\/p>\n<p style=\"text-align: justify;\"><span style=\"color: #000000;\"><span style=\"font-family: arial, helvetica, sans-serif;\">Les probl\u00e8mes li\u00e9s aux \u00e9ruptions solaires<\/span><\/span><\/p>\n<p style=\"text-align: justify;\"><span style=\"color: #000000;\"><span style=\"font-family: arial, helvetica, sans-serif;\">Les cons\u00e9quences des \u00e9ruptions solaires sont nombreuses et g\u00e9n\u00e8re parfois des perturbations aux del\u00e0 des aurores bor\u00e9ales. Par exemple dans l\u2019a\u00e9ronautique les perturbations dans les communications sont particuli\u00e8rement dangereuses. En cas de temp\u00eate solaire, les compagnies a\u00e9riennes effectuent des d\u00e9routages en \u00e9vitant les p\u00f4les, plus expos\u00e9s.<\/span><\/span><\/p><div class=\"1665f18d14f35dd9e7566e1a8ac9a3e9\" data-index=\"2\" style=\"float: none; margin:10px 0 10px 0; text-align:center;\">\n<script async src=\"https:\/\/pagead2.googlesyndication.com\/pagead\/js\/adsbygoogle.js\"><\/script>\r\n<ins class=\"adsbygoogle\"\r\n     style=\"display:block; text-align:center;\"\r\n     data-ad-layout=\"in-article\"\r\n     data-ad-format=\"fluid\"\r\n     data-ad-client=\"ca-pub-2860849627502538\"\r\n     data-ad-slot=\"3019501113\"><\/ins>\r\n<script>\r\n     (adsbygoogle = window.adsbygoogle || []).push({});\r\n<\/script>\n<\/div>\n\n<p style=\"text-align: justify;\"><span style=\"color: #000000;\"><span style=\"font-family: arial, helvetica, sans-serif;\">Cette d\u00e9couverte est de premier ordre, si une \u00e9ruption solaire similaire \u00e0 celle recens\u00e9e en 1859 se produisait \u00e0 notre \u00e9poque, les d\u00e9g\u00e2ts seraient estim\u00e9s \u00e0 plusieurs centaines de milliards de dollars. Il va falloir se pencher sur des solutions permettant de contrer un tel ph\u00e9nom\u00e8ne qui a 12 % de chance de se produire dans les 10 ans \u00e0 venir.<\/span><\/span><\/p>\n<p> <script src=\"http:\/\/pagead2.googlesyndication.com\/pagead\/js\/adsbygoogle.js\"><\/script> <!-- TDF2 --> <\/p>\n<p><ins class=\"adsbygoogle\" style=\"display: inline-block; width: 336px; height: 280px;\"><\/ins><\/p>\n<p> <script type=\"text\/javascript\">\/\/ <![CDATA[ (adsbygoogle = window.adsbygoogle || []).push({}); \/\/ ]]><\/script> <\/p>\n<p style=\"text-align: justify;\"><span style=\"color: #000000;\"><span style=\"font-family: arial, helvetica, sans-serif;\">source :\u00a0http:\/\/www.hyperconnectes.fr\/<\/span><\/span><\/p>\n<p style=\"text-align: justify;\"><span style=\"color: #000000;\"><span style=\"color: #000000;\"><span style=\"font-family: arial, helvetica, sans-serif;\">Discussions en cours :<\/span><\/span><\/span><\/p>\n<p style=\"text-align: justify;\"><a href=\"..\/html\/phpBB3\/viewtopic.php?f=12&amp;t=1793&amp;start=20&amp;hilit=carrington\"><span style=\"color: #000000;\"><span style=\"color: #0000ff;\">Une Violente temp\u00eate solaire s&rsquo;appr\u00eate \u00e0 frapper la Terre<\/span><\/span><\/a><\/p>\n<p style=\"text-align: justify;\"><a href=\"..\/html\/phpBB3\/viewtopic.php?f=12&amp;t=454&amp;start=1570\"><span style=\"color: #000000;\"><span style=\"color: #0000ff;\">Suivi de l&rsquo;activit\u00e9 solaire<\/span><\/span><\/a><\/p>\n<p style=\"text-align: justify;\"><span style=\"color: #000000;\"><span style=\"color: #0000ff;\"><a href=\"..\/html\/phpBB3\/viewtopic.php?f=12&amp;t=1635\">Comment se pr\u00e9parer \u00e0 la prochaine temp\u00eate solaire<\/a> ?<\/span><\/span><\/p>\n<p style=\"text-align: justify;\"><span style=\"color: #000000;\"><span style=\"color: #0000ff;\"><img data-recalc-dims=\"1\" decoding=\"async\" data-attachment-id=\"2240\" data-permalink=\"https:\/\/www.laterredufutur.com\/accueil\/un-moyen-pour-prevenir-les-eruptions-solaires-et-proteger-la-terre\/_spaw_images_sol01-3\/\" data-orig-file=\"https:\/\/i0.wp.com\/www.laterredufutur.com\/accueil\/wp-content\/uploads\/2014\/10\/.._spaw_images_sol01.jpg?fit=990%2C513&amp;ssl=1\" data-orig-size=\"990,513\" data-comments-opened=\"1\" data-image-meta=\"{&quot;aperture&quot;:&quot;0&quot;,&quot;credit&quot;:&quot;&quot;,&quot;camera&quot;:&quot;&quot;,&quot;caption&quot;:&quot;&quot;,&quot;created_timestamp&quot;:&quot;0&quot;,&quot;copyright&quot;:&quot;&quot;,&quot;focal_length&quot;:&quot;0&quot;,&quot;iso&quot;:&quot;0&quot;,&quot;shutter_speed&quot;:&quot;0&quot;,&quot;title&quot;:&quot;&quot;,&quot;orientation&quot;:&quot;0&quot;}\" data-image-title=\".._spaw_images_sol01\" data-image-description=\"\" data-image-caption=\"\" data-large-file=\"https:\/\/i0.wp.com\/www.laterredufutur.com\/accueil\/wp-content\/uploads\/2014\/10\/.._spaw_images_sol01.jpg?fit=800%2C415&amp;ssl=1\" class=\" size-full wp-image-2240\" src=\"https:\/\/i0.wp.com\/www.laterredufutur.com\/wordpress\/wp-content\/uploads\/2014\/10\/.._spaw_images_sol01.jpg?w=450\" border=\"0\"  style=\"border: 0px;\" srcset=\"https:\/\/i0.wp.com\/www.laterredufutur.com\/accueil\/wp-content\/uploads\/2014\/10\/.._spaw_images_sol01.jpg?w=990&amp;ssl=1 990w, https:\/\/i0.wp.com\/www.laterredufutur.com\/accueil\/wp-content\/uploads\/2014\/10\/.._spaw_images_sol01.jpg?resize=300%2C155&amp;ssl=1 300w\" sizes=\"(max-width: 990px) 100vw, 990px\" \/><br \/><\/span><\/span><\/p>\n<p class=\"bawpvc-ajax-counter\" data-id=\"2241\">(406)<\/p>\n<!--CusAds0-->\n<div style=\"font-size: 0px; height: 0px; line-height: 0px; margin: 0; padding: 0; clear: both;\"><\/div>","protected":false},"excerpt":{"rendered":"<p style=\"text-align: justify;\"><span style=\"color: #000000;\"><span style=\"font-family: arial, helvetica, sans-serif;\"><img decoding=\"async\" class=\" alignleft size-full wp-image-2238\" src=\"http:\/\/www.laterredufutur.com\/wordpress\/wp-content\/uploads\/2014\/10\/.._spaw_images_soleil-2010.jpg\" border=\"0\" width=\"120\" style=\"border: 0px; float: left;\" \/>Une \u00e9quipe de chercheurs du CNRS a mis en \u00e9vidence la formation d\u2019une \u00ab corde magn\u00e9tique \u00bb qui \u00e9merge de l\u2019int\u00e9rieur du soleil qui permet d\u2019anticiper les \u00e9ruptions solaires. <\/span><\/span><\/p>\n<p style=\"text-align: justify;\"><span style=\"color: #000000;\"><span style=\"font-family: arial, helvetica, sans-serif;\">L\u2019id\u00e9e est donc d\u2019anticiper les \u00e9ventuelles perturbations des syst\u00e8mes de communication sur Terre du a ces \u00e9ruptions.<\/span><\/span><\/p>\n<p style=\"text-align: justify;\">\u00a0<\/p>\n<p style=\"text-align: justify;\">\u00a0<\/p>\n<p style=\"text-align: justify;\">\u00a0<\/p>\n<p style=\"text-align: justify;\">\u00a0<\/p>\n","protected":false},"author":1,"featured_media":2238,"comment_status":"open","ping_status":"open","sticky":false,"template":"","format":"standard","meta":{"_exactmetrics_skip_tracking":false,"_exactmetrics_sitenote_active":false,"_exactmetrics_sitenote_note":"","_exactmetrics_sitenote_category":0,"ngg_post_thumbnail":0,"jetpack_post_was_ever_published":false,"_jetpack_newsletter_access":"","_jetpack_dont_email_post_to_subs":false,"_jetpack_newsletter_tier_id":0,"_jetpack_memberships_contains_paywalled_content":false,"_jetpack_memberships_contains_paid_content":false,"footnotes":"","jetpack_publicize_message":"","jetpack_publicize_feature_enabled":true,"jetpack_social_post_already_shared":false,"jetpack_social_options":{"image_generator_settings":{"template":"highway","default_image_id":0,"font":"","enabled":false},"version":2}},"categories":[24],"tags":[2251,2250,1812,37,369],"class_list":["post-2241","post","type-post","status-publish","format-standard","has-post-thumbnail","hentry","category-soleil","tag-discussion","tag-eruptions-solaires","tag-protection","tag-soleil","tag-taches-solaires","wpcat-24-id"],"jetpack_publicize_connections":[],"jetpack_featured_media_url":"https:\/\/i0.wp.com\/www.laterredufutur.com\/accueil\/wp-content\/uploads\/2014\/10\/.._spaw_images_soleil-2010.jpg?fit=200%2C230&ssl=1","jetpack_shortlink":"https:\/\/wp.me\/p631RN-A9","jetpack-related-posts":[{"id":2246,"url":"https:\/\/www.laterredufutur.com\/accueil\/nouvelles-eruptions-solaires-et-moyen-pour-sen-prevenir\/","url_meta":{"origin":2241,"position":0},"title":"Nouvelles \u00e9ruptions solaires et moyen pour s&rsquo;en pr\u00e9venir","author":"Admin","date":"30 octobre 2014","format":false,"excerpt":"AR2192, un groupe de taches solaires aussi gros que Jupiter a caus\u00e9 cette semaine pas moins de six \u00e9ruptions majeures de classe X. Des ph\u00e9nom\u00e8nes que les scientifiques observent de pr\u00e8s. A en croire la m\u00e9t\u00e9o solaire, notre \u00e9toile connait cette semaine un pic d\u2019activit\u00e9 notable. Pas moins de six\u2026","rel":"","context":"Dans &quot;Soleil&quot;","block_context":{"text":"Soleil","link":"https:\/\/www.laterredufutur.com\/accueil\/sujets\/soleil\/"},"img":{"alt_text":"","src":"https:\/\/i0.wp.com\/www.laterredufutur.com\/wordpress\/wp-content\/uploads\/2014\/10\/.._photos_soleil-cordes-magnetiques3.jpg?resize=350%2C200","width":350,"height":200},"classes":[]},{"id":18132,"url":"https:\/\/www.laterredufutur.com\/accueil\/eruptions-solaires-il-sera-bientot-possible-de-les-predire\/","url_meta":{"origin":2241,"position":1},"title":"\u00c9ruptions solaires : il sera bient\u00f4t possible de les pr\u00e9dire","author":"Admin","date":"28 janvier 2019","format":false,"excerpt":"Bien que surveill\u00e9e en permanence, l'activit\u00e9 du Soleil reste encore tr\u00e8s difficile \u00e0 pr\u00e9voir. Ce n'est pas faute d'essayer. Mais la science avance. \u00c0 force de pers\u00e9v\u00e9rance, une \u00e9quipe internationale dirig\u00e9e par \u00c9tienne Pariat, charg\u00e9 de recherche au CNRS et travaillant \u00e0 l'Observatoire de Paris, a peut-\u00eatre mis en \u00e9vidence\u2026","rel":"","context":"Dans &quot;Soleil&quot;","block_context":{"text":"Soleil","link":"https:\/\/www.laterredufutur.com\/accueil\/sujets\/soleil\/"},"img":{"alt_text":"","src":"https:\/\/i0.wp.com\/www.laterredufutur.com\/accueil\/wp-content\/uploads\/2019\/01\/eruption-soleil.jpg?fit=1024%2C759&ssl=1&resize=350%2C200","width":350,"height":200,"srcset":"https:\/\/i0.wp.com\/www.laterredufutur.com\/accueil\/wp-content\/uploads\/2019\/01\/eruption-soleil.jpg?fit=1024%2C759&ssl=1&resize=350%2C200 1x, https:\/\/i0.wp.com\/www.laterredufutur.com\/accueil\/wp-content\/uploads\/2019\/01\/eruption-soleil.jpg?fit=1024%2C759&ssl=1&resize=525%2C300 1.5x, https:\/\/i0.wp.com\/www.laterredufutur.com\/accueil\/wp-content\/uploads\/2019\/01\/eruption-soleil.jpg?fit=1024%2C759&ssl=1&resize=700%2C400 2x"},"classes":[]},{"id":2158,"url":"https:\/\/www.laterredufutur.com\/accueil\/comment-se-proteger-des-tempetes-solaires-qui-menacent-la-planete-terre\/","url_meta":{"origin":2241,"position":2},"title":"Comment se prot\u00e9ger des temp\u00eates solaires qui menacent la plan\u00e8te Terre","author":"Admin","date":"2 septembre 2014","format":false,"excerpt":"Ces ph\u00e9nom\u00e8nes magn\u00e9tiques, s'ils sont exceptionnellement puissants, pourraient potentiellement d\u00e9traquer l'ensemble des circuits \u00e9lectroniques terrestres. L'avertissement fait froid dans le dos. La temp\u00eate solaire du 23 juillet 2012 aurait pu \"renvoyer la civilisation contemporaine au XVIIIe si\u00e8cle\", affirme la Nasa, vendredi 25 juillet. S'il avait touch\u00e9 notre plan\u00e8te, ce nuage\u2026","rel":"","context":"Dans &quot;Soleil&quot;","block_context":{"text":"Soleil","link":"https:\/\/www.laterredufutur.com\/accueil\/sujets\/soleil\/"},"img":{"alt_text":"","src":"https:\/\/i0.wp.com\/www.laterredufutur.com\/wordpress\/wp-content\/uploads\/2014\/09\/.._spaw_images_soleil-2010.jpg?resize=350%2C200","width":350,"height":200},"classes":[]},{"id":729,"url":"https:\/\/www.laterredufutur.com\/accueil\/la-terre-est-en-train-detre-frappee-par-la-plus-grande-eruption-solaire-depuis-2005\/","url_meta":{"origin":2241,"position":3},"title":"La Terre est en train d&rsquo;\u00eatre frapp\u00e9e par la plus grande \u00e9ruption solaire depuis 2005","author":"Admin","date":"24 janvier 2012","format":false,"excerpt":"Il s'agit de la plus forte \u00e9ruption solaire depuis 2005, qui pourrait perturber temporairement les communications par satellite en raison d'un bombardement de particules magn\u00e9tiques. L'Administration nationale des oc\u00e9ans et de l'atmosph\u00e8re (NOAA) des Etats-Unis a signal\u00e9 le d\u00e9but de cette \u00e9ruption pr\u00e8s du centre du Soleil, dimanche, qui devrait\u2026","rel":"","context":"Dans &quot;Soleil&quot;","block_context":{"text":"Soleil","link":"https:\/\/www.laterredufutur.com\/accueil\/sujets\/soleil\/"},"img":{"alt_text":"","src":"","width":0,"height":0},"classes":[]},{"id":18787,"url":"https:\/\/www.laterredufutur.com\/accueil\/les-chercheurs-ont-decouvert-que-le-champ-magnetique-du-soleil-etait-dix-fois-plus-puissant-que-prevu\/","url_meta":{"origin":2241,"position":4},"title":"Les chercheurs ont d\u00e9couvert que le champ magn\u00e9tique du soleil est dix fois plus puissant que pr\u00e9vu","author":"Admin","date":"31 mars 2019","format":false,"excerpt":"Le champ magn\u00e9tique du soleil est dix fois plus puissant qu'on ne le pensait, selon une nouvelle \u00e9tude r\u00e9alis\u00e9e par les universit\u00e9s Queen's Belfast et Aberystwyth. La nouvelle d\u00e9couverte a \u00e9t\u00e9 d\u00e9couverte par le Dr David Kuridze, chercheur universitaire \u00e0 l'Universit\u00e9 Aberystwyth. Le Dr Kuridze a commenc\u00e9 ses recherches lorsqu'il\u2026","rel":"","context":"Dans &quot;Soleil&quot;","block_context":{"text":"Soleil","link":"https:\/\/www.laterredufutur.com\/accueil\/sujets\/soleil\/"},"img":{"alt_text":"","src":"https:\/\/i0.wp.com\/www.laterredufutur.com\/accueil\/wp-content\/uploads\/2019\/03\/champ-magnetique-solaire.jpg?fit=800%2C480&ssl=1&resize=350%2C200","width":350,"height":200,"srcset":"https:\/\/i0.wp.com\/www.laterredufutur.com\/accueil\/wp-content\/uploads\/2019\/03\/champ-magnetique-solaire.jpg?fit=800%2C480&ssl=1&resize=350%2C200 1x, https:\/\/i0.wp.com\/www.laterredufutur.com\/accueil\/wp-content\/uploads\/2019\/03\/champ-magnetique-solaire.jpg?fit=800%2C480&ssl=1&resize=525%2C300 1.5x, https:\/\/i0.wp.com\/www.laterredufutur.com\/accueil\/wp-content\/uploads\/2019\/03\/champ-magnetique-solaire.jpg?fit=800%2C480&ssl=1&resize=700%2C400 2x"},"classes":[]},{"id":22717,"url":"https:\/\/www.laterredufutur.com\/accueil\/le-soleil-vient-de-produire-une-eruption-de-classe-x-la-plus-puissante-depuis-2017\/","url_meta":{"origin":2241,"position":5},"title":"Le Soleil vient de produire une \u00e9ruption de classe X, la plus puissante depuis 2017","author":"Admin","date":"6 juillet 2021","format":false,"excerpt":"Le Soleil semble se r\u00e9veiller de la p\u00e9riode calme de son cycle de 11 ans. Le 3 juillet 2021, \u00e0 14 h 29 UTC (10 h 29 EDT), notre \u00e9toile a produit sa premi\u00e8re \u00e9ruption de classe X du cycle solaire 25 ; c'\u00e9tait l'\u00e9ruption la plus puissante que nous\u2026","rel":"","context":"Dans &quot;Soleil&quot;","block_context":{"text":"Soleil","link":"https:\/\/www.laterredufutur.com\/accueil\/sujets\/soleil\/"},"img":{"alt_text":"","src":"https:\/\/i0.wp.com\/www.laterredufutur.com\/accueil\/wp-content\/uploads\/2021\/07\/classe-x-soleil-juillet-2021.jpg?fit=1024%2C415&ssl=1&resize=350%2C200","width":350,"height":200,"srcset":"https:\/\/i0.wp.com\/www.laterredufutur.com\/accueil\/wp-content\/uploads\/2021\/07\/classe-x-soleil-juillet-2021.jpg?fit=1024%2C415&ssl=1&resize=350%2C200 1x, https:\/\/i0.wp.com\/www.laterredufutur.com\/accueil\/wp-content\/uploads\/2021\/07\/classe-x-soleil-juillet-2021.jpg?fit=1024%2C415&ssl=1&resize=525%2C300 1.5x, https:\/\/i0.wp.com\/www.laterredufutur.com\/accueil\/wp-content\/uploads\/2021\/07\/classe-x-soleil-juillet-2021.jpg?fit=1024%2C415&ssl=1&resize=700%2C400 2x"},"classes":[]}],"jetpack_sharing_enabled":true,"_links":{"self":[{"href":"https:\/\/www.laterredufutur.com\/accueil\/wp-json\/wp\/v2\/posts\/2241","targetHints":{"allow":["GET"]}}],"collection":[{"href":"https:\/\/www.laterredufutur.com\/accueil\/wp-json\/wp\/v2\/posts"}],"about":[{"href":"https:\/\/www.laterredufutur.com\/accueil\/wp-json\/wp\/v2\/types\/post"}],"author":[{"embeddable":true,"href":"https:\/\/www.laterredufutur.com\/accueil\/wp-json\/wp\/v2\/users\/1"}],"replies":[{"embeddable":true,"href":"https:\/\/www.laterredufutur.com\/accueil\/wp-json\/wp\/v2\/comments?post=2241"}],"version-history":[{"count":0,"href":"https:\/\/www.laterredufutur.com\/accueil\/wp-json\/wp\/v2\/posts\/2241\/revisions"}],"wp:featuredmedia":[{"embeddable":true,"href":"https:\/\/www.laterredufutur.com\/accueil\/wp-json\/wp\/v2\/media\/2238"}],"wp:attachment":[{"href":"https:\/\/www.laterredufutur.com\/accueil\/wp-json\/wp\/v2\/media?parent=2241"}],"wp:term":[{"taxonomy":"category","embeddable":true,"href":"https:\/\/www.laterredufutur.com\/accueil\/wp-json\/wp\/v2\/categories?post=2241"},{"taxonomy":"post_tag","embeddable":true,"href":"https:\/\/www.laterredufutur.com\/accueil\/wp-json\/wp\/v2\/tags?post=2241"}],"curies":[{"name":"wp","href":"https:\/\/api.w.org\/{rel}","templated":true}]}}