{"id":22258,"date":"2021-03-31T18:12:50","date_gmt":"2021-03-31T17:12:50","guid":{"rendered":"https:\/\/www.laterredufutur.com\/accueil\/?p=22258"},"modified":"2021-03-31T18:12:50","modified_gmt":"2021-03-31T17:12:50","slug":"la-caldeira-des-champs-phlegreens-continue-de-gonfler","status":"publish","type":"post","link":"https:\/\/www.laterredufutur.com\/accueil\/la-caldeira-des-champs-phlegreens-continue-de-gonfler\/","title":{"rendered":"La caldeira des Champs Phl\u00e9gr\u00e9ens continue de gonfler"},"content":{"rendered":"<div class=\"1665f18d14f35dd9e7566e1a8ac9a3e9\" data-index=\"1\" style=\"float: none; margin:10px 0 10px 0; text-align:center;\">\n<script async src=\"https:\/\/pagead2.googlesyndication.com\/pagead\/js\/adsbygoogle.js\"><\/script>\r\n<ins class=\"adsbygoogle\"\r\n     style=\"display:block; text-align:center;\"\r\n     data-ad-layout=\"in-article\"\r\n     data-ad-format=\"fluid\"\r\n     data-ad-client=\"ca-pub-2860849627502538\"\r\n     data-ad-slot=\"3019501113\"><\/ins>\r\n<script>\r\n     (adsbygoogle = window.adsbygoogle || []).push({});\r\n<\/script>\n<\/div>\n<p>Remarquez vous quelque chose d&rsquo;\u00e9trange sur la photo qui suit ?<br \/>\nC&rsquo;est exactement le m\u00eame endroit immortalis\u00e9 en 3 moments diff\u00e9rents : 1954, 1985 et 2021. La photo montre la \u00ab\u00a0Darsena di Pozzuoli\u00a0\u00bb, un lieu historique situ\u00e9 pr\u00e8s du port de Pozzuoli, dans la province de Naples, qui a toujours \u00e9t\u00e9 un abri pour les petits bateaux et les p\u00eacheurs de la ville.<\/p>\n<p>La mer qui longe le petit port de Pozzuoli recule et les bateaux touchent maintenant presque le fond. Pourtant, ce n&rsquo;est pas la premi\u00e8re fois que cela se produit&#8230;<\/p>\n<p>Ces bouleversements sont en fait caus\u00e9s par la \u00abrespiration\u00bb des Champs Phl\u00e9gr\u00e9ens et donc par ce ph\u00e9nom\u00e8ne qui p\u00e9riodiquement au fil du temps provoque un soul\u00e8vement ou un abaissement de la zone de la caldeira volcanique.<\/p>\n<p>En 1954, le niveau de la mer dans le Darsena \u00e9tait plus \u00e9lev\u00e9 car le soul\u00e8vement du sol n&rsquo;\u00e9tait pas aussi accentu\u00e9 qu&rsquo;aujourd&rsquo;hui et dans les ann\u00e9es 1980, quand il y avait une crise bradys\u00e9ismique encore plus intense, la mer recula. Lorsque le sol s&rsquo;\u00e9l\u00e8ve (on parle de \u00abbradys\u00e9isme positif\u00bb) la mer recule et les \u00e9v\u00e9nements sismiques deviennent plus forts et plus nombreux, par cons\u00e9quent lors des phases de descente du sol (\u00abbradys\u00e9isme n\u00e9gatif\u00bb) le niveau de la mer remonte.<\/p><div class=\"1665f18d14f35dd9e7566e1a8ac9a3e9\" data-index=\"2\" style=\"float: none; margin:10px 0 10px 0; text-align:center;\">\n<script async src=\"https:\/\/pagead2.googlesyndication.com\/pagead\/js\/adsbygoogle.js\"><\/script>\r\n<ins class=\"adsbygoogle\"\r\n     style=\"display:block; text-align:center;\"\r\n     data-ad-layout=\"in-article\"\r\n     data-ad-format=\"fluid\"\r\n     data-ad-client=\"ca-pub-2860849627502538\"\r\n     data-ad-slot=\"3019501113\"><\/ins>\r\n<script>\r\n     (adsbygoogle = window.adsbygoogle || []).push({});\r\n<\/script>\n<\/div>\n\n<p>Le&nbsp;bradys\u00e9isme&nbsp;d\u00e9signe une remont\u00e9e ou une baisse lente du niveau du sol, d&rsquo;origine volcanique. Ce ph\u00e9nom\u00e8ne a \u00e9t\u00e9 observ\u00e9 dans des caldeiras sur trois continents diff\u00e9rents : les champs Phl\u00e9gr\u00e9ens en Italie, dans la Long Valley aux \u00c9tats-Unis et au Rabaul en Papouasie-Nouvelle-Guin\u00e9e.<\/p>\n<p>Le quai est maintenant sec en raison du bradyseisme et du mauvais entretien de la marina.<br \/>\nIl suffit de penser que depuis janvier 2011, la superficie des champs Phl\u00e9gr\u00e9ens a augment\u00e9 de 72 centim\u00e8tres.<\/p>\n<figure id=\"attachment_22259\" aria-describedby=\"caption-attachment-22259\" style=\"width: 829px\" class=\"wp-caption alignnone\"><img data-recalc-dims=\"1\" loading=\"lazy\" decoding=\"async\" data-attachment-id=\"22259\" data-permalink=\"https:\/\/www.laterredufutur.com\/accueil\/la-caldeira-des-champs-phlegreens-continue-de-gonfler\/champs-phelegreens-gonflement-caldeira\/\" data-orig-file=\"https:\/\/i0.wp.com\/www.laterredufutur.com\/accueil\/wp-content\/uploads\/2021\/03\/champs-phelegreens-gonflement-caldeira.jpg?fit=829%2C1366&amp;ssl=1\" data-orig-size=\"829,1366\" data-comments-opened=\"1\" data-image-meta=\"{&quot;aperture&quot;:&quot;0&quot;,&quot;credit&quot;:&quot;&quot;,&quot;camera&quot;:&quot;&quot;,&quot;caption&quot;:&quot;&quot;,&quot;created_timestamp&quot;:&quot;0&quot;,&quot;copyright&quot;:&quot;&quot;,&quot;focal_length&quot;:&quot;0&quot;,&quot;iso&quot;:&quot;0&quot;,&quot;shutter_speed&quot;:&quot;0&quot;,&quot;title&quot;:&quot;&quot;,&quot;orientation&quot;:&quot;0&quot;}\" data-image-title=\"champs-phelegreens-gonflement-caldeira\" data-image-description=\"\" data-image-caption=\"&lt;p&gt;credit Claudio Correale, pr\u00e9sident de l&amp;rsquo;association culturelle Lux \u00e0 Fabula&lt;\/p&gt;\n\" data-large-file=\"https:\/\/i0.wp.com\/www.laterredufutur.com\/accueil\/wp-content\/uploads\/2021\/03\/champs-phelegreens-gonflement-caldeira.jpg?fit=486%2C800&amp;ssl=1\" class=\"size-full wp-image-22259\" src=\"https:\/\/i0.wp.com\/www.laterredufutur.com\/accueil\/wp-content\/uploads\/2021\/03\/champs-phelegreens-gonflement-caldeira.jpg?resize=829%2C1366&#038;ssl=1\" alt=\"\" width=\"829\" height=\"1366\" srcset=\"https:\/\/i0.wp.com\/www.laterredufutur.com\/accueil\/wp-content\/uploads\/2021\/03\/champs-phelegreens-gonflement-caldeira.jpg?w=829&amp;ssl=1 829w, https:\/\/i0.wp.com\/www.laterredufutur.com\/accueil\/wp-content\/uploads\/2021\/03\/champs-phelegreens-gonflement-caldeira.jpg?resize=182%2C300&amp;ssl=1 182w, https:\/\/i0.wp.com\/www.laterredufutur.com\/accueil\/wp-content\/uploads\/2021\/03\/champs-phelegreens-gonflement-caldeira.jpg?resize=486%2C800&amp;ssl=1 486w, https:\/\/i0.wp.com\/www.laterredufutur.com\/accueil\/wp-content\/uploads\/2021\/03\/champs-phelegreens-gonflement-caldeira.jpg?resize=768%2C1265&amp;ssl=1 768w\" sizes=\"auto, (max-width: 829px) 100vw, 829px\" \/><figcaption id=\"caption-attachment-22259\" class=\"wp-caption-text\">credit Claudio Correale, pr\u00e9sident de l&rsquo;association culturelle Lux \u00e0 Fabula<\/figcaption><\/figure>\n<p>Nous remercions Claudio Correale, pr\u00e9sident de l&rsquo;association culturelle Lux \u00e0 Fabula, pour la photo.<\/p>\n<p>source : <a href=\"https:\/\/www.facebook.com\/Bradisismoflegreo\/\" target=\"_blank\" rel=\"noopener\">Bradisismoflegreo<\/a> \/ <a href=\"https:\/\/bradisismoflegreo.wordpress.com\/\" target=\"_blank\" rel=\"noopener\">https:\/\/bradisismoflegreo.wordpress.com\/<\/a><\/p>\n<p class=\"bawpvc-ajax-counter\" data-id=\"22258\">(2393)<\/p>\n<!--CusAds0-->\n<div style=\"font-size: 0px; height: 0px; line-height: 0px; margin: 0; padding: 0; clear: both;\"><\/div>","protected":false},"excerpt":{"rendered":"<p>Remarquez vous quelque chose d&rsquo;\u00e9trange sur la photo qui suit ? C&rsquo;est exactement le m\u00eame endroit immortalis\u00e9 en 3 moments&#8230;<\/p>\n","protected":false},"author":1,"featured_media":22261,"comment_status":"open","ping_status":"open","sticky":false,"template":"","format":"standard","meta":{"_exactmetrics_skip_tracking":false,"_exactmetrics_sitenote_active":false,"_exactmetrics_sitenote_note":"","_exactmetrics_sitenote_category":0,"ngg_post_thumbnail":0,"jetpack_post_was_ever_published":false,"_jetpack_newsletter_access":"","_jetpack_dont_email_post_to_subs":false,"_jetpack_newsletter_tier_id":0,"_jetpack_memberships_contains_paywalled_content":false,"_jetpack_memberships_contains_paid_content":false,"footnotes":"","jetpack_publicize_message":"La #caldeira des Champs #Phl\u00e9gr\u00e9ens continue de gonfler @laterredufutur.com Terra Projects","jetpack_publicize_feature_enabled":true,"jetpack_social_post_already_shared":true,"jetpack_social_options":{"image_generator_settings":{"template":"highway","default_image_id":0,"font":"","enabled":false},"version":2}},"categories":[19],"tags":[2264,6255,7601,2859,7414],"class_list":["post-22258","post","type-post","status-publish","format-standard","has-post-thumbnail","hentry","category-seismes-et-volcans","tag-caldeira","tag-champs-phlegreens","tag-gonflement","tag-naples","tag-pozzuoli","wpcat-19-id"],"jetpack_publicize_connections":[],"jetpack_featured_media_url":"https:\/\/i0.wp.com\/www.laterredufutur.com\/accueil\/wp-content\/uploads\/2021\/03\/pozzuoli-gonflement-caldeira.jpg?fit=1000%2C585&ssl=1","jetpack_shortlink":"https:\/\/wp.me\/p631RN-5N0","jetpack-related-posts":[{"id":19511,"url":"https:\/\/www.laterredufutur.com\/accueil\/champs-phlegreens-il-y-a-un-danger-de-tsunami-important-dans-le-golfe-de-naples\/","url_meta":{"origin":22258,"position":0},"title":"Champs Phl\u00e9gr\u00e9ens : \u00ab\u00a0il y a un danger de tsunami important dans le golfe de Naples\u00a0\u00bb","author":"Admin","date":"24 juillet 2019","format":false,"excerpt":"Champs Phl\u00e9gr\u00e9ens, \"il y a un danger de tsunami important dans le golfe de Naples\": un potentiel de vagues de 30 m\u00e8tres \u00e0 Pozzuoli en cas d'\u00e9ruption majeure ! Les r\u00e9sultats d'une nouvelle \u00e9tude sugg\u00e8rent qu'il \"existe un danger de tsunami important dans de nombreuses zones du golfe de Naples\",\u2026","rel":"","context":"Dans &quot;Seismes\/Volcans&quot;","block_context":{"text":"Seismes\/Volcans","link":"https:\/\/www.laterredufutur.com\/accueil\/sujets\/seismes-et-volcans\/"},"img":{"alt_text":"","src":"https:\/\/i0.wp.com\/www.laterredufutur.com\/accueil\/wp-content\/uploads\/2019\/07\/Champs-Phl%C3%A9gr%C3%A9ens.jpg?fit=991%2C568&ssl=1&resize=350%2C200","width":350,"height":200,"srcset":"https:\/\/i0.wp.com\/www.laterredufutur.com\/accueil\/wp-content\/uploads\/2019\/07\/Champs-Phl%C3%A9gr%C3%A9ens.jpg?fit=991%2C568&ssl=1&resize=350%2C200 1x, https:\/\/i0.wp.com\/www.laterredufutur.com\/accueil\/wp-content\/uploads\/2019\/07\/Champs-Phl%C3%A9gr%C3%A9ens.jpg?fit=991%2C568&ssl=1&resize=525%2C300 1.5x, https:\/\/i0.wp.com\/www.laterredufutur.com\/accueil\/wp-content\/uploads\/2019\/07\/Champs-Phl%C3%A9gr%C3%A9ens.jpg?fit=991%2C568&ssl=1&resize=700%2C400 2x"},"classes":[]},{"id":8595,"url":"https:\/\/www.laterredufutur.com\/accueil\/seismes-a-naples-la-peur-de-retour\/","url_meta":{"origin":22258,"position":1},"title":"S\u00e9ismes \u00e0 Naples, la peur de retour","author":"Admin","date":"7 octobre 2015","format":false,"excerpt":"9h20 aujourd'hui : 31 \u00e9v\u00e9nements sismiques. Des \u00c9coles \u00e9vacu\u00e9es. Selon des donn\u00e9es pr\u00e9liminaires du V\u00e9suve, les tremblements n'ont pas d\u00e9passaient 2 degr\u00e9s sur l'\u00e9chelle de Richter. Retour de la peur\u00a0\u00e0 Campi Flegrei. Cinq tremblements de terre mineurs ont \u00e9t\u00e9 ressentis \u00e0 partir de 9h20 dans la zone sup\u00e9rieure de Pozzuoli\u2026","rel":"","context":"Dans &quot;Seismes\/Volcans&quot;","block_context":{"text":"Seismes\/Volcans","link":"https:\/\/www.laterredufutur.com\/accueil\/sujets\/seismes-et-volcans\/"},"img":{"alt_text":"","src":"https:\/\/i0.wp.com\/www.laterredufutur.com\/accueil\/wp-content\/uploads\/2015\/10\/Campi-Flegrei.jpg?fit=644%2C427&ssl=1&resize=350%2C200","width":350,"height":200,"srcset":"https:\/\/i0.wp.com\/www.laterredufutur.com\/accueil\/wp-content\/uploads\/2015\/10\/Campi-Flegrei.jpg?fit=644%2C427&ssl=1&resize=350%2C200 1x, https:\/\/i0.wp.com\/www.laterredufutur.com\/accueil\/wp-content\/uploads\/2015\/10\/Campi-Flegrei.jpg?fit=644%2C427&ssl=1&resize=525%2C300 1.5x"},"classes":[]},{"id":23876,"url":"https:\/\/www.laterredufutur.com\/accueil\/un-seisme-de-magnitude-36-sest-produit-dans-les-champs-phlegreens\/","url_meta":{"origin":22258,"position":2},"title":"Un s\u00e9isme de magnitude 3,6 s&rsquo;est produit dans les Champs Phl\u00e9gr\u00e9ens","author":"Admin","date":"30 mars 2022","format":false,"excerpt":"\u00c0 19h45 le 29 mars 2022, un s\u00e9isme de magnitude 3,6 s'est produit pr\u00e8s de Pozzuoli, dans la caldeira des Champs Phl\u00e9gr\u00e9ens (Campi Flegrei en italien). Le tremblement de terre a eu son hypocentre \u00e0 une profondeur de seulement 2,7 kilom\u00e8tres et a \u00e9t\u00e9 clairement ressenti dans toute la ville\u2026","rel":"","context":"Dans &quot;Seismes\/Volcans&quot;","block_context":{"text":"Seismes\/Volcans","link":"https:\/\/www.laterredufutur.com\/accueil\/sujets\/seismes-et-volcans\/"},"img":{"alt_text":"","src":"https:\/\/i0.wp.com\/www.laterredufutur.com\/accueil\/wp-content\/uploads\/2022\/03\/seisme-champs-phlegreens-mars-2022.png?fit=822%2C540&ssl=1&resize=350%2C200","width":350,"height":200,"srcset":"https:\/\/i0.wp.com\/www.laterredufutur.com\/accueil\/wp-content\/uploads\/2022\/03\/seisme-champs-phlegreens-mars-2022.png?fit=822%2C540&ssl=1&resize=350%2C200 1x, https:\/\/i0.wp.com\/www.laterredufutur.com\/accueil\/wp-content\/uploads\/2022\/03\/seisme-champs-phlegreens-mars-2022.png?fit=822%2C540&ssl=1&resize=525%2C300 1.5x, https:\/\/i0.wp.com\/www.laterredufutur.com\/accueil\/wp-content\/uploads\/2022\/03\/seisme-champs-phlegreens-mars-2022.png?fit=822%2C540&ssl=1&resize=700%2C400 2x"},"classes":[]},{"id":20870,"url":"https:\/\/www.laterredufutur.com\/accueil\/essaim-de-seismes-a-naples-ressenti-dans-tous-les-champs-phlegreens\/","url_meta":{"origin":22258,"position":3},"title":"Essaim de s\u00e9ismes \u00e0 Naples ressenti dans tous les Champs Phl\u00e9gr\u00e9ens","author":"Admin","date":"26 avril 2020","format":false,"excerpt":"Un essaim sismique de 25 chocs a \u00e9t\u00e9 enregistr\u00e9 par les sismographes de l'Observatoire du V\u00e9suve \u00e0 3,25 entre 4 et 5h du matin ce dimanche 26 avril 2020, avec le dernier tremblement de terre \u00e0 7H23 ce matin. Le premier choc sismique a eu lieu \u00e0 4h16 du matin,\u2026","rel":"","context":"Dans &quot;Seismes\/Volcans&quot;","block_context":{"text":"Seismes\/Volcans","link":"https:\/\/www.laterredufutur.com\/accueil\/sujets\/seismes-et-volcans\/"},"img":{"alt_text":"","src":"https:\/\/i0.wp.com\/www.laterredufutur.com\/accueil\/wp-content\/uploads\/2020\/04\/Campi-Flegrei-seismes-1.jpg?fit=1115%2C854&ssl=1&resize=350%2C200","width":350,"height":200,"srcset":"https:\/\/i0.wp.com\/www.laterredufutur.com\/accueil\/wp-content\/uploads\/2020\/04\/Campi-Flegrei-seismes-1.jpg?fit=1115%2C854&ssl=1&resize=350%2C200 1x, https:\/\/i0.wp.com\/www.laterredufutur.com\/accueil\/wp-content\/uploads\/2020\/04\/Campi-Flegrei-seismes-1.jpg?fit=1115%2C854&ssl=1&resize=525%2C300 1.5x, https:\/\/i0.wp.com\/www.laterredufutur.com\/accueil\/wp-content\/uploads\/2020\/04\/Campi-Flegrei-seismes-1.jpg?fit=1115%2C854&ssl=1&resize=700%2C400 2x, https:\/\/i0.wp.com\/www.laterredufutur.com\/accueil\/wp-content\/uploads\/2020\/04\/Campi-Flegrei-seismes-1.jpg?fit=1115%2C854&ssl=1&resize=1050%2C600 3x"},"classes":[]},{"id":22813,"url":"https:\/\/www.laterredufutur.com\/accueil\/le-supervolcan-des-champs-phlegreens-se-retrouve-dans-le-magazine-focus-parmi-les-10-plus-dangereux-de-la-planete\/","url_meta":{"origin":22258,"position":4},"title":"Le supervolcan des Champs Phl\u00e9gr\u00e9ens se retrouve dans le magazine Focus : \u00ab\u00a0Parmi les 10 plus dangereux de la plan\u00e8te\u00a0\u00bb","author":"Admin","date":"28 juillet 2021","format":false,"excerpt":"Pr\u00e9dire les tremblements de terre et les explosions volcaniques est une t\u00e2che difficile. L'ensemble de la Campanie est une zone sismique et fait l'objet d'une surveillance quotidienne. C'est maintenant au prestigieux magazine scientifique Focus de consacrer un article du supervolcan des Champs Phl\u00e9gr\u00e9ens, consid\u00e9r\u00e9 comme l'un des 10 plus dangereux\u2026","rel":"","context":"Dans &quot;Seismes\/Volcans&quot;","block_context":{"text":"Seismes\/Volcans","link":"https:\/\/www.laterredufutur.com\/accueil\/sujets\/seismes-et-volcans\/"},"img":{"alt_text":"","src":"https:\/\/i0.wp.com\/www.laterredufutur.com\/accueil\/wp-content\/uploads\/2021\/07\/champ-plegreens.jpg?fit=1080%2C1027&ssl=1&resize=350%2C200","width":350,"height":200,"srcset":"https:\/\/i0.wp.com\/www.laterredufutur.com\/accueil\/wp-content\/uploads\/2021\/07\/champ-plegreens.jpg?fit=1080%2C1027&ssl=1&resize=350%2C200 1x, https:\/\/i0.wp.com\/www.laterredufutur.com\/accueil\/wp-content\/uploads\/2021\/07\/champ-plegreens.jpg?fit=1080%2C1027&ssl=1&resize=525%2C300 1.5x, https:\/\/i0.wp.com\/www.laterredufutur.com\/accueil\/wp-content\/uploads\/2021\/07\/champ-plegreens.jpg?fit=1080%2C1027&ssl=1&resize=700%2C400 2x, https:\/\/i0.wp.com\/www.laterredufutur.com\/accueil\/wp-content\/uploads\/2021\/07\/champ-plegreens.jpg?fit=1080%2C1027&ssl=1&resize=1050%2C600 3x"},"classes":[]},{"id":22577,"url":"https:\/\/www.laterredufutur.com\/accueil\/la-region-de-naples-a-loree-dune-catastrophe-qui-aura-lieu\/","url_meta":{"origin":22258,"position":5},"title":"La r\u00e9gion de Naples, \u00e0 l&rsquo;or\u00e9e d&rsquo;une catastrophe qui aura lieu","author":"Admin","date":"2 juin 2021","format":false,"excerpt":"Le sud de l\u2019Italie abrite des volcans parmi les plus dangereux sur terre. Aujourd\u2019hui, les experts sont unanimes : la r\u00e9gion de Naples est expos\u00e9e \u00e0 un risque majeur. \u00ab Nous ne savons pas quand, ni avec quelle \u00e9nergie, mais nous savons avec certitude que l\u2019\u00e9ruption se fera \u00bb, lance\u2026","rel":"","context":"Dans &quot;Seismes\/Volcans&quot;","block_context":{"text":"Seismes\/Volcans","link":"https:\/\/www.laterredufutur.com\/accueil\/sujets\/seismes-et-volcans\/"},"img":{"alt_text":"","src":"https:\/\/i0.wp.com\/www.laterredufutur.com\/accueil\/wp-content\/uploads\/2021\/06\/Champs-Phlegreens-fumerolles.jpg?fit=1024%2C768&ssl=1&resize=350%2C200","width":350,"height":200,"srcset":"https:\/\/i0.wp.com\/www.laterredufutur.com\/accueil\/wp-content\/uploads\/2021\/06\/Champs-Phlegreens-fumerolles.jpg?fit=1024%2C768&ssl=1&resize=350%2C200 1x, https:\/\/i0.wp.com\/www.laterredufutur.com\/accueil\/wp-content\/uploads\/2021\/06\/Champs-Phlegreens-fumerolles.jpg?fit=1024%2C768&ssl=1&resize=525%2C300 1.5x, https:\/\/i0.wp.com\/www.laterredufutur.com\/accueil\/wp-content\/uploads\/2021\/06\/Champs-Phlegreens-fumerolles.jpg?fit=1024%2C768&ssl=1&resize=700%2C400 2x"},"classes":[]}],"jetpack_sharing_enabled":true,"_links":{"self":[{"href":"https:\/\/www.laterredufutur.com\/accueil\/wp-json\/wp\/v2\/posts\/22258","targetHints":{"allow":["GET"]}}],"collection":[{"href":"https:\/\/www.laterredufutur.com\/accueil\/wp-json\/wp\/v2\/posts"}],"about":[{"href":"https:\/\/www.laterredufutur.com\/accueil\/wp-json\/wp\/v2\/types\/post"}],"author":[{"embeddable":true,"href":"https:\/\/www.laterredufutur.com\/accueil\/wp-json\/wp\/v2\/users\/1"}],"replies":[{"embeddable":true,"href":"https:\/\/www.laterredufutur.com\/accueil\/wp-json\/wp\/v2\/comments?post=22258"}],"version-history":[{"count":1,"href":"https:\/\/www.laterredufutur.com\/accueil\/wp-json\/wp\/v2\/posts\/22258\/revisions"}],"predecessor-version":[{"id":22262,"href":"https:\/\/www.laterredufutur.com\/accueil\/wp-json\/wp\/v2\/posts\/22258\/revisions\/22262"}],"wp:featuredmedia":[{"embeddable":true,"href":"https:\/\/www.laterredufutur.com\/accueil\/wp-json\/wp\/v2\/media\/22261"}],"wp:attachment":[{"href":"https:\/\/www.laterredufutur.com\/accueil\/wp-json\/wp\/v2\/media?parent=22258"}],"wp:term":[{"taxonomy":"category","embeddable":true,"href":"https:\/\/www.laterredufutur.com\/accueil\/wp-json\/wp\/v2\/categories?post=22258"},{"taxonomy":"post_tag","embeddable":true,"href":"https:\/\/www.laterredufutur.com\/accueil\/wp-json\/wp\/v2\/tags?post=22258"}],"curies":[{"name":"wp","href":"https:\/\/api.w.org\/{rel}","templated":true}]}}