{"id":21748,"date":"2020-12-20T19:17:23","date_gmt":"2020-12-20T18:17:23","guid":{"rendered":"https:\/\/www.laterredufutur.com\/accueil\/?p=21748"},"modified":"2020-12-20T19:17:23","modified_gmt":"2020-12-20T18:17:23","slug":"le-climat-de-lislande-moderne-est-plus-froid-avec-plus-de-glace-depuis-les-8000-dernieres-annees-a-lexception-des-annees-1800","status":"publish","type":"post","link":"https:\/\/www.laterredufutur.com\/accueil\/le-climat-de-lislande-moderne-est-plus-froid-avec-plus-de-glace-depuis-les-8000-dernieres-annees-a-lexception-des-annees-1800\/","title":{"rendered":"Le climat de l&rsquo;Islande moderne est plus froid avec plus de glace, depuis les 8000 derni\u00e8res ann\u00e9es, \u00e0 l&rsquo;exception des ann\u00e9es 1800"},"content":{"rendered":"<div class=\"1665f18d14f35dd9e7566e1a8ac9a3e9\" data-index=\"1\" style=\"float: none; margin:10px 0 10px 0; text-align:center;\">\n<script async src=\"https:\/\/pagead2.googlesyndication.com\/pagead\/js\/adsbygoogle.js\"><\/script>\r\n<ins class=\"adsbygoogle\"\r\n     style=\"display:block; text-align:center;\"\r\n     data-ad-layout=\"in-article\"\r\n     data-ad-format=\"fluid\"\r\n     data-ad-client=\"ca-pub-2860849627502538\"\r\n     data-ad-slot=\"3019501113\"><\/ins>\r\n<script>\r\n     (adsbygoogle = window.adsbygoogle || []).push({});\r\n<\/script>\n<\/div>\n<p>Une multitude de nouvelles recherches sur l&rsquo;\u00e9tendue des glaciers et de la banquise montrent que l&rsquo;Islande moderne est de 2 \u00e0 4 \u00b0 C plus froide depuis les 8000 derni\u00e8res ann\u00e9es, sauf sur la fin du XIXe si\u00e8cle l\u00e9g\u00e8rement plus froide. M\u00eame les ann\u00e9es 1700 \u00e9taient plus chaudes avec moins de glace qu&rsquo;aujourd&rsquo;hui dans et autour de l&rsquo;Islande.<\/p>\n<p>Une nouvelle \u00e9tude ( Geirsd\u00f3ttir et al., 2020 ) affirme que la chaleur maximale de l&rsquo;Holoc\u00e8ne \u00e9tait au moins de \u00ab\u223c3\u20134 \u00b0 C au-dessus de la temp\u00e9rature moderne en Islande\u00bb et cela a pr\u00e9valu pendant une grande partie des 8000 derni\u00e8res ann\u00e9es. Les donn\u00e9es sur la croissance des arbres, l&rsquo;\u00e9rosion des sols induite par les glaciers, la productivit\u00e9 des algues, les proxys des biomarqueurs de la glace de mer (banquise) (IP25) et d&rsquo;autres indices climatiques confirment ces conclusions.<\/p>\n<p>Harning et al., 2020 rapportent une tendance globale au refroidissement, la moyenne de l&rsquo;holoc\u00e8ne \u00e9tait de 7 \u00b0 C dans les temp\u00e9ratures de surface de la mer environnante (SST) d&rsquo;Islande.<\/p>\n<p>\u00abEn termes de SST foraminif\u00e8res reconstruits, il y a une tendance g\u00e9n\u00e9rale au refroidissement tout au long des 8000 derniers ann\u00e9es, de ~ 10 \u00b0 C \u00e0 ~ 3 \u00b0 C.\u00bb<\/p>\n<p>Ce n&rsquo;est qu&rsquo;au cours des derniers si\u00e8cles de l&rsquo;\u00e8re moderne que les temp\u00e9ratures ont fortement chut\u00e9 \u00e0 leurs valeurs les plus basses des 10000 derni\u00e8res ann\u00e9es ( Geirsd\u00f3ttir et al., 2020 ).<\/p>\n<p>\u00abLe climat le plus frais des 10000 derni\u00e8res s&rsquo;est produit \u00e0 la fin des ann\u00e9es 1800 de notre \u00e8re.\u00bb<\/p>\n<p>Suite au refroidissement maximal, les glaciers et la glace de mer ont atteint leur \u00e9tendue maximale de l&rsquo;Holoc\u00e8ne il y a \u00e0 peine 150 ans.<\/p><div class=\"1665f18d14f35dd9e7566e1a8ac9a3e9\" data-index=\"2\" style=\"float: none; margin:10px 0 10px 0; text-align:center;\">\n<script async src=\"https:\/\/pagead2.googlesyndication.com\/pagead\/js\/adsbygoogle.js\"><\/script>\r\n<ins class=\"adsbygoogle\"\r\n     style=\"display:block; text-align:center;\"\r\n     data-ad-layout=\"in-article\"\r\n     data-ad-format=\"fluid\"\r\n     data-ad-client=\"ca-pub-2860849627502538\"\r\n     data-ad-slot=\"3019501113\"><\/ins>\r\n<script>\r\n     (adsbygoogle = window.adsbygoogle || []).push({});\r\n<\/script>\n<\/div>\n\n<p>Alors que les glaciers islandais et l&rsquo;\u00e9tendue de la glace de mer du plateau nord se sont partiellement r\u00e9tablis dans la premi\u00e8re moiti\u00e9 du XXe si\u00e8cle, l&rsquo;\u00e9tendue des glaces est toujours au-del\u00e0 de ce qu&rsquo;elle \u00e9tait dans les ann\u00e9es 1700 et avant.<\/p>\n<p>Rien n&rsquo;indique que la chaleur moderne ou la r\u00e9cession des glaces en Islande et aux alentours sont sans pr\u00e9c\u00e9dent ou m\u00eame inhabituelles.<\/p>\n<figure id=\"attachment_21749\" aria-describedby=\"caption-attachment-21749\" style=\"width: 1110px\" class=\"wp-caption alignnone\"><img data-recalc-dims=\"1\" loading=\"lazy\" decoding=\"async\" data-attachment-id=\"21749\" data-permalink=\"https:\/\/www.laterredufutur.com\/accueil\/le-climat-de-lislande-moderne-est-plus-froid-avec-plus-de-glace-depuis-les-8000-dernieres-annees-a-lexception-des-annees-1800\/holocene-refroidissement-glacier-extention-de-la-banquise-du-19e-a-2020\/\" data-orig-file=\"https:\/\/i0.wp.com\/www.laterredufutur.com\/accueil\/wp-content\/uploads\/2020\/12\/Holocene-refroidissement-glacier-extention-de-la-banquise-du-19e-a-2020.jpg?fit=1110%2C855&amp;ssl=1\" data-orig-size=\"1110,855\" data-comments-opened=\"1\" data-image-meta=\"{&quot;aperture&quot;:&quot;0&quot;,&quot;credit&quot;:&quot;&quot;,&quot;camera&quot;:&quot;&quot;,&quot;caption&quot;:&quot;&quot;,&quot;created_timestamp&quot;:&quot;0&quot;,&quot;copyright&quot;:&quot;&quot;,&quot;focal_length&quot;:&quot;0&quot;,&quot;iso&quot;:&quot;0&quot;,&quot;shutter_speed&quot;:&quot;0&quot;,&quot;title&quot;:&quot;&quot;,&quot;orientation&quot;:&quot;1&quot;}\" data-image-title=\"Holocene-refroidissement-glacier-extention de la banquise du 19e a 2020\" data-image-description=\"\" data-image-caption=\"&lt;p&gt;Image (s) Source:  Geirsd\u00f3ttir et al., 2020&lt;\/p&gt;\n\" data-large-file=\"https:\/\/i0.wp.com\/www.laterredufutur.com\/accueil\/wp-content\/uploads\/2020\/12\/Holocene-refroidissement-glacier-extention-de-la-banquise-du-19e-a-2020.jpg?fit=800%2C616&amp;ssl=1\" class=\"wp-image-21749 size-full\" src=\"https:\/\/i0.wp.com\/www.laterredufutur.com\/accueil\/wp-content\/uploads\/2020\/12\/Holocene-refroidissement-glacier-extention-de-la-banquise-du-19e-a-2020.jpg?resize=1110%2C855&#038;ssl=1\" alt=\"\" width=\"1110\" height=\"855\" srcset=\"https:\/\/i0.wp.com\/www.laterredufutur.com\/accueil\/wp-content\/uploads\/2020\/12\/Holocene-refroidissement-glacier-extention-de-la-banquise-du-19e-a-2020.jpg?w=1110&amp;ssl=1 1110w, https:\/\/i0.wp.com\/www.laterredufutur.com\/accueil\/wp-content\/uploads\/2020\/12\/Holocene-refroidissement-glacier-extention-de-la-banquise-du-19e-a-2020.jpg?resize=300%2C231&amp;ssl=1 300w, https:\/\/i0.wp.com\/www.laterredufutur.com\/accueil\/wp-content\/uploads\/2020\/12\/Holocene-refroidissement-glacier-extention-de-la-banquise-du-19e-a-2020.jpg?resize=800%2C616&amp;ssl=1 800w, https:\/\/i0.wp.com\/www.laterredufutur.com\/accueil\/wp-content\/uploads\/2020\/12\/Holocene-refroidissement-glacier-extention-de-la-banquise-du-19e-a-2020.jpg?resize=768%2C592&amp;ssl=1 768w, https:\/\/i0.wp.com\/www.laterredufutur.com\/accueil\/wp-content\/uploads\/2020\/12\/Holocene-refroidissement-glacier-extention-de-la-banquise-du-19e-a-2020.jpg?resize=70%2C53&amp;ssl=1 70w\" sizes=\"auto, (max-width: 1000px) 100vw, 1000px\" \/><figcaption id=\"caption-attachment-21749\" class=\"wp-caption-text\">Image (s) Image (s) Source: Geirsd\u00f3ttir et al., 2020<\/figcaption><\/figure>\n<figure id=\"attachment_21750\" aria-describedby=\"caption-attachment-21750\" style=\"width: 1110px\" class=\"wp-caption alignnone\"><img data-recalc-dims=\"1\" loading=\"lazy\" decoding=\"async\" data-attachment-id=\"21750\" data-permalink=\"https:\/\/www.laterredufutur.com\/accueil\/le-climat-de-lislande-moderne-est-plus-froid-avec-plus-de-glace-depuis-les-8000-dernieres-annees-a-lexception-des-annees-1800\/holocene-refroidissement-islande-geirsdottir-2020\/\" data-orig-file=\"https:\/\/i0.wp.com\/www.laterredufutur.com\/accueil\/wp-content\/uploads\/2020\/12\/Holocene-refroidissement-Islande-Geirsdottir-2020.jpg?fit=1110%2C725&amp;ssl=1\" data-orig-size=\"1110,725\" data-comments-opened=\"1\" data-image-meta=\"{&quot;aperture&quot;:&quot;0&quot;,&quot;credit&quot;:&quot;&quot;,&quot;camera&quot;:&quot;&quot;,&quot;caption&quot;:&quot;&quot;,&quot;created_timestamp&quot;:&quot;0&quot;,&quot;copyright&quot;:&quot;&quot;,&quot;focal_length&quot;:&quot;0&quot;,&quot;iso&quot;:&quot;0&quot;,&quot;shutter_speed&quot;:&quot;0&quot;,&quot;title&quot;:&quot;&quot;,&quot;orientation&quot;:&quot;1&quot;}\" data-image-title=\"Holocene-refroidissement-Islande-Geirsdottir-2020\" data-image-description=\"\" data-image-caption=\"&lt;p&gt;Images Source:  Harning et al., 2020&lt;\/p&gt;\n\" data-large-file=\"https:\/\/i0.wp.com\/www.laterredufutur.com\/accueil\/wp-content\/uploads\/2020\/12\/Holocene-refroidissement-Islande-Geirsdottir-2020.jpg?fit=800%2C523&amp;ssl=1\" class=\"size-full wp-image-21750\" src=\"https:\/\/i0.wp.com\/www.laterredufutur.com\/accueil\/wp-content\/uploads\/2020\/12\/Holocene-refroidissement-Islande-Geirsdottir-2020.jpg?resize=1110%2C725&#038;ssl=1\" alt=\"\" width=\"1110\" height=\"725\" srcset=\"https:\/\/i0.wp.com\/www.laterredufutur.com\/accueil\/wp-content\/uploads\/2020\/12\/Holocene-refroidissement-Islande-Geirsdottir-2020.jpg?w=1110&amp;ssl=1 1110w, https:\/\/i0.wp.com\/www.laterredufutur.com\/accueil\/wp-content\/uploads\/2020\/12\/Holocene-refroidissement-Islande-Geirsdottir-2020.jpg?resize=300%2C196&amp;ssl=1 300w, https:\/\/i0.wp.com\/www.laterredufutur.com\/accueil\/wp-content\/uploads\/2020\/12\/Holocene-refroidissement-Islande-Geirsdottir-2020.jpg?resize=800%2C523&amp;ssl=1 800w, https:\/\/i0.wp.com\/www.laterredufutur.com\/accueil\/wp-content\/uploads\/2020\/12\/Holocene-refroidissement-Islande-Geirsdottir-2020.jpg?resize=768%2C502&amp;ssl=1 768w\" sizes=\"auto, (max-width: 1000px) 100vw, 1000px\" \/><figcaption id=\"caption-attachment-21750\" class=\"wp-caption-text\">Image (s) Source: Geirsd\u00f3ttir et al., 2020<\/figcaption><\/figure>\n<figure id=\"attachment_21751\" aria-describedby=\"caption-attachment-21751\" style=\"width: 800px\" class=\"wp-caption alignnone\"><img data-recalc-dims=\"1\" loading=\"lazy\" decoding=\"async\" data-attachment-id=\"21751\" data-permalink=\"https:\/\/www.laterredufutur.com\/accueil\/le-climat-de-lislande-moderne-est-plus-froid-avec-plus-de-glace-depuis-les-8000-dernieres-annees-a-lexception-des-annees-1800\/holocene-refroidissement-nord-islande-shelf-harning-2020\/\" data-orig-file=\"https:\/\/i0.wp.com\/www.laterredufutur.com\/accueil\/wp-content\/uploads\/2020\/12\/Holocene-refroidissement-nord-islande-Shelf-Harning-2020.jpg?fit=800%2C907&amp;ssl=1\" data-orig-size=\"800,907\" data-comments-opened=\"1\" data-image-meta=\"{&quot;aperture&quot;:&quot;0&quot;,&quot;credit&quot;:&quot;&quot;,&quot;camera&quot;:&quot;&quot;,&quot;caption&quot;:&quot;&quot;,&quot;created_timestamp&quot;:&quot;0&quot;,&quot;copyright&quot;:&quot;&quot;,&quot;focal_length&quot;:&quot;0&quot;,&quot;iso&quot;:&quot;0&quot;,&quot;shutter_speed&quot;:&quot;0&quot;,&quot;title&quot;:&quot;&quot;,&quot;orientation&quot;:&quot;1&quot;}\" data-image-title=\"Holocene-refroidissement-nord islande Shelf-Harning-2020\" data-image-description=\"\" data-image-caption=\"&lt;p&gt;Images Source:  Harning et al., 2020&lt;\/p&gt;\n\" data-large-file=\"https:\/\/i0.wp.com\/www.laterredufutur.com\/accueil\/wp-content\/uploads\/2020\/12\/Holocene-refroidissement-nord-islande-Shelf-Harning-2020.jpg?fit=706%2C800&amp;ssl=1\" class=\"size-full wp-image-21751\" src=\"https:\/\/i0.wp.com\/www.laterredufutur.com\/accueil\/wp-content\/uploads\/2020\/12\/Holocene-refroidissement-nord-islande-Shelf-Harning-2020.jpg?resize=800%2C907&#038;ssl=1\" alt=\"\" width=\"800\" height=\"907\" srcset=\"https:\/\/i0.wp.com\/www.laterredufutur.com\/accueil\/wp-content\/uploads\/2020\/12\/Holocene-refroidissement-nord-islande-Shelf-Harning-2020.jpg?w=800&amp;ssl=1 800w, https:\/\/i0.wp.com\/www.laterredufutur.com\/accueil\/wp-content\/uploads\/2020\/12\/Holocene-refroidissement-nord-islande-Shelf-Harning-2020.jpg?resize=265%2C300&amp;ssl=1 265w, https:\/\/i0.wp.com\/www.laterredufutur.com\/accueil\/wp-content\/uploads\/2020\/12\/Holocene-refroidissement-nord-islande-Shelf-Harning-2020.jpg?resize=706%2C800&amp;ssl=1 706w, https:\/\/i0.wp.com\/www.laterredufutur.com\/accueil\/wp-content\/uploads\/2020\/12\/Holocene-refroidissement-nord-islande-Shelf-Harning-2020.jpg?resize=768%2C871&amp;ssl=1 768w\" sizes=\"auto, (max-width: 800px) 100vw, 800px\" \/><figcaption id=\"caption-attachment-21751\" class=\"wp-caption-text\">Images Source: Harning et al., 2020<\/figcaption><\/figure>\n<figure id=\"attachment_21752\" aria-describedby=\"caption-attachment-21752\" style=\"width: 861px\" class=\"wp-caption alignnone\"><img data-recalc-dims=\"1\" loading=\"lazy\" decoding=\"async\" data-attachment-id=\"21752\" data-permalink=\"https:\/\/www.laterredufutur.com\/accueil\/le-climat-de-lislande-moderne-est-plus-froid-avec-plus-de-glace-depuis-les-8000-dernieres-annees-a-lexception-des-annees-1800\/holocene-cooling-north-iceland-shelf-temp-and-sea-ice-harning-2020\/\" data-orig-file=\"https:\/\/i0.wp.com\/www.laterredufutur.com\/accueil\/wp-content\/uploads\/2020\/12\/Holocene-Cooling-North-Iceland-Shelf-temp-and-sea-ice-Harning-2020.jpg?fit=861%2C894&amp;ssl=1\" data-orig-size=\"861,894\" data-comments-opened=\"1\" data-image-meta=\"{&quot;aperture&quot;:&quot;0&quot;,&quot;credit&quot;:&quot;&quot;,&quot;camera&quot;:&quot;&quot;,&quot;caption&quot;:&quot;&quot;,&quot;created_timestamp&quot;:&quot;0&quot;,&quot;copyright&quot;:&quot;&quot;,&quot;focal_length&quot;:&quot;0&quot;,&quot;iso&quot;:&quot;0&quot;,&quot;shutter_speed&quot;:&quot;0&quot;,&quot;title&quot;:&quot;&quot;,&quot;orientation&quot;:&quot;1&quot;}\" data-image-title=\"Holocene-Cooling-North-Iceland-Shelf-temp-and-sea-ice-Harning-2020\" data-image-description=\"\" data-image-caption=\"&lt;p&gt;Images Source:  Harning et al., 2020&lt;\/p&gt;\n\" data-large-file=\"https:\/\/i0.wp.com\/www.laterredufutur.com\/accueil\/wp-content\/uploads\/2020\/12\/Holocene-Cooling-North-Iceland-Shelf-temp-and-sea-ice-Harning-2020.jpg?fit=770%2C800&amp;ssl=1\" class=\"size-full wp-image-21752\" src=\"https:\/\/i0.wp.com\/www.laterredufutur.com\/accueil\/wp-content\/uploads\/2020\/12\/Holocene-Cooling-North-Iceland-Shelf-temp-and-sea-ice-Harning-2020.jpg?resize=861%2C894&#038;ssl=1\" alt=\"\" width=\"861\" height=\"894\" srcset=\"https:\/\/i0.wp.com\/www.laterredufutur.com\/accueil\/wp-content\/uploads\/2020\/12\/Holocene-Cooling-North-Iceland-Shelf-temp-and-sea-ice-Harning-2020.jpg?w=861&amp;ssl=1 861w, https:\/\/i0.wp.com\/www.laterredufutur.com\/accueil\/wp-content\/uploads\/2020\/12\/Holocene-Cooling-North-Iceland-Shelf-temp-and-sea-ice-Harning-2020.jpg?resize=289%2C300&amp;ssl=1 289w, https:\/\/i0.wp.com\/www.laterredufutur.com\/accueil\/wp-content\/uploads\/2020\/12\/Holocene-Cooling-North-Iceland-Shelf-temp-and-sea-ice-Harning-2020.jpg?resize=770%2C800&amp;ssl=1 770w, https:\/\/i0.wp.com\/www.laterredufutur.com\/accueil\/wp-content\/uploads\/2020\/12\/Holocene-Cooling-North-Iceland-Shelf-temp-and-sea-ice-Harning-2020.jpg?resize=768%2C797&amp;ssl=1 768w\" sizes=\"auto, (max-width: 861px) 100vw, 861px\" \/><figcaption id=\"caption-attachment-21752\" class=\"wp-caption-text\">Images Source: Harning et al., 2020<\/figcaption><\/figure>\n<p>Adaptation Terra Projects<\/p>\n<p>Source : <a href=\"https:\/\/wattsupwiththat.com\/2020\/12\/16\/modern-icelands-climate-is-colder-with-more-ice-than-any-other-time-in-the-last-8000-years-except-the-1800s\/\" target=\"_blank\" rel=\"noopener\">https:\/\/wattsupwiththat.com\/<\/a><\/p>\n<p class=\"bawpvc-ajax-counter\" data-id=\"21748\">(1077)<\/p>\n<!--CusAds0-->\n<div style=\"font-size: 0px; height: 0px; line-height: 0px; margin: 0; padding: 0; clear: both;\"><\/div>","protected":false},"excerpt":{"rendered":"<p>Une multitude de nouvelles recherches sur l&rsquo;\u00e9tendue des glaciers et de la banquise montrent que l&rsquo;Islande moderne est de 2&#8230;<\/p>\n","protected":false},"author":1,"featured_media":21754,"comment_status":"open","ping_status":"open","sticky":false,"template":"","format":"standard","meta":{"_exactmetrics_skip_tracking":false,"_exactmetrics_sitenote_active":false,"_exactmetrics_sitenote_note":"","_exactmetrics_sitenote_category":0,"ngg_post_thumbnail":0,"jetpack_post_was_ever_published":false,"_jetpack_newsletter_access":"","_jetpack_dont_email_post_to_subs":false,"_jetpack_newsletter_tier_id":0,"_jetpack_memberships_contains_paywalled_content":false,"_jetpack_memberships_contains_paid_content":false,"footnotes":"","jetpack_publicize_message":"Le #climat de l'#Islande moderne est plus froid avec plus de #glace depuis les 8000 derni\u00e8res ann\u00e9es, \u00e0 l'exception des ann\u00e9es 1800 @laterredufutur.com Terra Projects","jetpack_publicize_feature_enabled":true,"jetpack_social_post_already_shared":true,"jetpack_social_options":{"image_generator_settings":{"template":"highway","default_image_id":0,"font":"","enabled":false},"version":2}},"categories":[20],"tags":[156,157,370,46,64],"class_list":["post-21748","post","type-post","status-publish","format-standard","has-post-thumbnail","hentry","category-climat","tag-banquise","tag-glaciers","tag-islande","tag-refroidissement","tag-temperatures","wpcat-20-id"],"jetpack_publicize_connections":[],"jetpack_featured_media_url":"https:\/\/i0.wp.com\/www.laterredufutur.com\/accueil\/wp-content\/uploads\/2020\/12\/islande-aurore-boreale.jpg?fit=1024%2C684&ssl=1","jetpack_shortlink":"https:\/\/wp.me\/p631RN-5EM","jetpack-related-posts":[{"id":4375,"url":"https:\/\/www.laterredufutur.com\/accueil\/rapports-douteux-sur-la-fonte-antarctique\/","url_meta":{"origin":21748,"position":0},"title":"Rapports Douteux sur la fonte Antarctique","author":"Admin","date":"2 avril 2008","format":false,"excerpt":"La plupart des articles rapportent que tout l'Antarctique fond. Ces rapports sont douteux, parce que c'est principalement la glace sur la p\u00e9ninsule antarctique qui fond. Ici\u00a0 la carte de l'Antarctique. \u00c0 8.850.000\u00a0km carr\u00e9s, ce continent est presque deux fois la taille des Etats-Unis (qui en font\u00a05.630.000\u00a0km carr\u00e9s). Voyez-vous cette petite\u2026","rel":"","context":"Dans &quot;Climat&quot;","block_context":{"text":"Climat","link":"https:\/\/www.laterredufutur.com\/accueil\/sujets\/climat\/"},"img":{"alt_text":"","src":"https:\/\/i0.wp.com\/www.laterredufutur.com\/spaw\/images\/bilde_1.jpg?resize=350%2C200","width":350,"height":200},"classes":[]},{"id":8811,"url":"https:\/\/www.laterredufutur.com\/accueil\/le-president-hollande-au-pied-dun-glacier-qui-fait-grace-au-volcan-katla\/","url_meta":{"origin":21748,"position":1},"title":"Le pr\u00e9sident Hollande au pied d&rsquo;un glacier qui fait gr\u00e2ce au volcan Katla","author":"Admin","date":"17 octobre 2015","format":false,"excerpt":"Bienvenue sur le glacier S\u00f3lheimaj\u00f6kull, une langue glaciaire et spectaculaire qui s'\u00e9tire vers le bas du M\u00fdrdalsj\u00f6kull, le quatri\u00e8me plus grand glacier d'Islande. Au pied d'un glacier islandais, Hollande craint \"la disparition de l'Histoire\" ! Le pr\u00e9sident fran\u00e7ais Fran\u00e7ois Hollande a dit craindre vendredi 16 octobre 2015 en Islande \"la\u2026","rel":"","context":"Dans &quot;Seismes\/Volcans&quot;","block_context":{"text":"Seismes\/Volcans","link":"https:\/\/www.laterredufutur.com\/accueil\/sujets\/seismes-et-volcans\/"},"img":{"alt_text":"","src":"https:\/\/i0.wp.com\/www.laterredufutur.com\/accueil\/wp-content\/uploads\/2015\/10\/hollande-pied-glacier-solheimajkull-islande-16-octobre-2015.jpg?fit=1200%2C800&ssl=1&resize=350%2C200","width":350,"height":200,"srcset":"https:\/\/i0.wp.com\/www.laterredufutur.com\/accueil\/wp-content\/uploads\/2015\/10\/hollande-pied-glacier-solheimajkull-islande-16-octobre-2015.jpg?fit=1200%2C800&ssl=1&resize=350%2C200 1x, https:\/\/i0.wp.com\/www.laterredufutur.com\/accueil\/wp-content\/uploads\/2015\/10\/hollande-pied-glacier-solheimajkull-islande-16-octobre-2015.jpg?fit=1200%2C800&ssl=1&resize=525%2C300 1.5x, https:\/\/i0.wp.com\/www.laterredufutur.com\/accueil\/wp-content\/uploads\/2015\/10\/hollande-pied-glacier-solheimajkull-islande-16-octobre-2015.jpg?fit=1200%2C800&ssl=1&resize=700%2C400 2x, https:\/\/i0.wp.com\/www.laterredufutur.com\/accueil\/wp-content\/uploads\/2015\/10\/hollande-pied-glacier-solheimajkull-islande-16-octobre-2015.jpg?fit=1200%2C800&ssl=1&resize=1050%2C600 3x"},"classes":[]},{"id":3971,"url":"https:\/\/www.laterredufutur.com\/accueil\/une-activite-solaire-intense-depuis-60-ans-un-refroidissement-a-la-cle\/","url_meta":{"origin":21748,"position":2},"title":"Une activit\u00e9 solaire intense depuis 60 ans, un refroidissement \u00e0 la cl\u00e9","author":"Admin","date":"3 mai 2007","format":false,"excerpt":"Voici une nouvelle \u00e9tude qui d\u00e9montre une corr\u00e9lation importante entre le r\u00e9chauffement climatique actuel et celui d'il y a 8000 ans. Le soleil a sa part de responsabilit\u00e9. Lorsque le Gulf Stream s'arr\u00eata il y a 8200 ans, il laissa le Nord de l'Europe sous une couche de glace de\u2026","rel":"","context":"Dans &quot;Courants Marins&quot;","block_context":{"text":"Courants Marins","link":"https:\/\/www.laterredufutur.com\/accueil\/sujets\/circulation-oceanique\/"},"img":{"alt_text":"","src":"https:\/\/i0.wp.com\/www.laterredufutur.com\/accueil\/wp-content\/uploads\/2015\/04\/glaciers.jpg?fit=336%2C233&ssl=1&resize=350%2C200","width":350,"height":200},"classes":[]},{"id":2670,"url":"https:\/\/www.laterredufutur.com\/accueil\/limportance-de-la-banquise\/","url_meta":{"origin":21748,"position":3},"title":"L&rsquo;importance de la Banquise","author":"Admin","date":"28 janvier 2005","format":false,"excerpt":"L'Europe poss\u00e8de un climat agr\u00e9able jusqu'\u00e0 des latitudes proche du cercle polaire. Ainsi on peut observer des vaches en Norv\u00e8ge. On peut voir des hivers en Grande Bretagne et en France qui ne ressemblent en aucun point \u00e0 ceux du Canada et de New York. Mais au del\u00e0 du Gulf\u2026","rel":"","context":"Dans &quot;Climat&quot;","block_context":{"text":"Climat","link":"https:\/\/www.laterredufutur.com\/accueil\/sujets\/climat\/"},"img":{"alt_text":"","src":"https:\/\/i0.wp.com\/www.laterredufutur.com\/accueil\/wp-content\/uploads\/2015\/04\/polenord.jpg?fit=300%2C206&ssl=1&resize=350%2C200","width":350,"height":200},"classes":[]},{"id":379,"url":"https:\/\/www.laterredufutur.com\/accueil\/disparition-des-taches-solaires-un-refroidissement-profond-a-venirn\/","url_meta":{"origin":21748,"position":4},"title":"Disparition des taches solaires, un refroidissement profond \u00e0 venir\u00a0?","author":"Admin","date":"26 juin 2011","format":false,"excerpt":"Apr\u00e8s la publication de trois \u00e9tudes\u00a0r\u00e9alis\u00e9es par des astronomes am\u00e9ricain, le professeur de g\u00e9ologie Don J. Easterbrook a r\u00e9agi puis donn\u00e9 son point de vue.. Les trois \u00e9tudes r\u00e9cemment r\u00e9alis\u00e9es par le NSO d\u00e9voilent une incroyable nouvelle, le soleil pourrait entrer en p\u00e9riode d'hibernation durant plusieurs d\u00e9cennies et ainsi nous\u2026","rel":"","context":"Dans &quot;Soleil&quot;","block_context":{"text":"Soleil","link":"https:\/\/www.laterredufutur.com\/accueil\/sujets\/soleil\/"},"img":{"alt_text":"maunder","src":"https:\/\/i0.wp.com\/www.laterredufutur.com\/accueil\/wp-content\/uploads\/2011\/06\/maunder.jpg?fit=600%2C300&ssl=1&resize=350%2C200","width":350,"height":200,"srcset":"https:\/\/i0.wp.com\/www.laterredufutur.com\/accueil\/wp-content\/uploads\/2011\/06\/maunder.jpg?fit=600%2C300&ssl=1&resize=350%2C200 1x, https:\/\/i0.wp.com\/www.laterredufutur.com\/accueil\/wp-content\/uploads\/2011\/06\/maunder.jpg?fit=600%2C300&ssl=1&resize=525%2C300 1.5x"},"classes":[]},{"id":3145,"url":"https:\/\/www.laterredufutur.com\/accueil\/la-banquise\/","url_meta":{"origin":21748,"position":5},"title":"La Banquise","author":"Admin","date":"28 novembre 2005","format":false,"excerpt":"La banquise est un terme g\u00e9n\u00e9ral qui d\u00e9signe, pour les occidentaux, de la glace sur la mer. Pour les Inuits et les Groenlandais coutumiers de ce milieu, il en est tout autrement. Ils distinguent, entre autres, les icebergs, glace d\u00e9rivante issue des glaciers dont nous ne parlerons pas dans cet\u2026","rel":"","context":"Dans &quot;Climat&quot;","block_context":{"text":"Climat","link":"https:\/\/www.laterredufutur.com\/accueil\/sujets\/climat\/"},"img":{"alt_text":"","src":"","width":0,"height":0},"classes":[]}],"jetpack_sharing_enabled":true,"_links":{"self":[{"href":"https:\/\/www.laterredufutur.com\/accueil\/wp-json\/wp\/v2\/posts\/21748","targetHints":{"allow":["GET"]}}],"collection":[{"href":"https:\/\/www.laterredufutur.com\/accueil\/wp-json\/wp\/v2\/posts"}],"about":[{"href":"https:\/\/www.laterredufutur.com\/accueil\/wp-json\/wp\/v2\/types\/post"}],"author":[{"embeddable":true,"href":"https:\/\/www.laterredufutur.com\/accueil\/wp-json\/wp\/v2\/users\/1"}],"replies":[{"embeddable":true,"href":"https:\/\/www.laterredufutur.com\/accueil\/wp-json\/wp\/v2\/comments?post=21748"}],"version-history":[{"count":2,"href":"https:\/\/www.laterredufutur.com\/accueil\/wp-json\/wp\/v2\/posts\/21748\/revisions"}],"predecessor-version":[{"id":21755,"href":"https:\/\/www.laterredufutur.com\/accueil\/wp-json\/wp\/v2\/posts\/21748\/revisions\/21755"}],"wp:featuredmedia":[{"embeddable":true,"href":"https:\/\/www.laterredufutur.com\/accueil\/wp-json\/wp\/v2\/media\/21754"}],"wp:attachment":[{"href":"https:\/\/www.laterredufutur.com\/accueil\/wp-json\/wp\/v2\/media?parent=21748"}],"wp:term":[{"taxonomy":"category","embeddable":true,"href":"https:\/\/www.laterredufutur.com\/accueil\/wp-json\/wp\/v2\/categories?post=21748"},{"taxonomy":"post_tag","embeddable":true,"href":"https:\/\/www.laterredufutur.com\/accueil\/wp-json\/wp\/v2\/tags?post=21748"}],"curies":[{"name":"wp","href":"https:\/\/api.w.org\/{rel}","templated":true}]}}