{"id":21183,"date":"2020-07-30T10:26:34","date_gmt":"2020-07-30T08:26:34","guid":{"rendered":"https:\/\/www.laterredufutur.com\/accueil\/?p=21183"},"modified":"2020-07-30T10:26:34","modified_gmt":"2020-07-30T08:26:34","slug":"nouveaux-tremblements-de-terre-dans-le-volcan-cumbre-vieja","status":"publish","type":"post","link":"https:\/\/www.laterredufutur.com\/accueil\/nouveaux-tremblements-de-terre-dans-le-volcan-cumbre-vieja\/","title":{"rendered":"Nouveaux tremblements de terre dans le volcan Cumbre Vieja"},"content":{"rendered":"<div class=\"1665f18d14f35dd9e7566e1a8ac9a3e9\" data-index=\"1\" style=\"float: none; margin:10px 0 10px 0; text-align:center;\">\n<script async src=\"https:\/\/pagead2.googlesyndication.com\/pagead\/js\/adsbygoogle.js\"><\/script>\r\n<ins class=\"adsbygoogle\"\r\n     style=\"display:block; text-align:center;\"\r\n     data-ad-layout=\"in-article\"\r\n     data-ad-format=\"fluid\"\r\n     data-ad-client=\"ca-pub-2860849627502538\"\r\n     data-ad-slot=\"3019501113\"><\/ins>\r\n<script>\r\n     (adsbygoogle = window.adsbygoogle || []).push({});\r\n<\/script>\n<\/div>\n<p>L&rsquo;Institut Volcanologique des Canaries pr\u00e9cise que les habitants de la zone n&rsquo;ont pas ressenti les tremblements de terre et qu&rsquo;il est tr\u00e8s probable que l&rsquo;essaim continuera dans les prochains jours.<\/p>\n<p>L&rsquo;\u00e9pisode d&rsquo;essaim sismique subi par le volcan Cumbre Vieja, sur l&rsquo;\u00eele de La Palma, a continu\u00e9 \u00e0 se r\u00e9p\u00e9ter au cours de ce week-end jusqu&rsquo;\u00e0 aujourd&rsquo;hui, avec quatorze autres mouvements de terre enregistr\u00e9s sous la surface de la cro\u00fbte terrestre et de sa proximit\u00e9. Ainsi, six petits tremblements enregistr\u00e9s jusqu&rsquo;\u00e0 l&rsquo;aube samedi, 14 autres se sont ajout\u00e9s entre 18h01 samedi et 04h54 hier. Tous sous la surface des municipalit\u00e9s de Fuencaliente, Villa de Mazo, El Paso et sous la mer au large de Santa Cruz de La Palma.<\/p>\n<p>Les profondeurs des \u00e9picentres se situent entre 37 et 13 kilom\u00e8tres de profondeur, \u00e0 l&rsquo;exception de l&rsquo;un de ceux d\u00e9tect\u00e9s sous la mer, qui est situ\u00e9 \u00e0 seulement 3 kilom\u00e8tres sous l&rsquo;eau. Leurs intensit\u00e9s varient entre 1,7 et 2,5 degr\u00e9s sur l&rsquo;\u00e9chelle de Richter, sans \u00eatre per\u00e7ues par le public. Le dernier essaim sismique enregistr\u00e9 dans le volcan Cumbre Vieja remonte \u00e0 f\u00e9vrier 2018 et consistait en plusieurs dizaines de tremblements de terre de faible magnitude. Cet essaim, ainsi que le pr\u00e9c\u00e9dent enregistr\u00e9 en octobre 2017, ont \u00e9t\u00e9 interpr\u00e9t\u00e9s comme une cons\u00e9quence de petites intrusions magmatiques d&rsquo;un r\u00e9servoir \u00e9ph\u00e9m\u00e8re, situ\u00e9 dans le manteau sup\u00e9rieur \u00e0 une profondeur d&rsquo;environ 25 kilom\u00e8tres, vers la base de la cro\u00fbte de La Palma \u00e0 une profondeur d&rsquo;environ 15 kilom\u00e8tres.<\/p>\n<p>Les derniers tremblements de terre calcul\u00e9s ont d\u00e9but\u00e9 lundi \u00e0 22h35 sous la municipalit\u00e9 d&rsquo;El Paso avec une intensit\u00e9 de 1,8 degr\u00e9 sur l&rsquo;\u00e9chelle de Richter. Ce mouvement a \u00e9t\u00e9 suivi par d&rsquo;autres \u00e0 Tazacorte, Bre\u00f1a Baja, Fuencaliente et jusqu&rsquo;\u00e0 trois sous la cro\u00fbte terrestre dans la municipalit\u00e9 de Villa de Mazo. Leurs intensit\u00e9s variaient, mais jusqu&rsquo;\u00e0 trois, elles atteignaient 2,1 degr\u00e9s.<\/p>\n<p>ce 29 juillet : Tremblement de terre de 1.7 \u00c0 SAINTE CROIX DE LA PALMA<br \/>\nTremblement de terre localis\u00e9 par IGN d&rsquo;une magnitude de 1.7 mblg \u00e0 13 km de profondeur au NW de la capitale palmier mercredi 29 juillet 2020 \u00e0 17:42 heure Canaria continue ainsi l&rsquo;essaim qui a commenc\u00e9 ce 24 juillet dernier sur l&rsquo;\u00eele de Palma.<\/p><div class=\"1665f18d14f35dd9e7566e1a8ac9a3e9\" data-index=\"2\" style=\"float: none; margin:10px 0 10px 0; text-align:center;\">\n<script async src=\"https:\/\/pagead2.googlesyndication.com\/pagead\/js\/adsbygoogle.js\"><\/script>\r\n<ins class=\"adsbygoogle\"\r\n     style=\"display:block; text-align:center;\"\r\n     data-ad-layout=\"in-article\"\r\n     data-ad-format=\"fluid\"\r\n     data-ad-client=\"ca-pub-2860849627502538\"\r\n     data-ad-slot=\"3019501113\"><\/ins>\r\n<script>\r\n     (adsbygoogle = window.adsbygoogle || []).push({});\r\n<\/script>\n<\/div>\n\n<p><img data-recalc-dims=\"1\" loading=\"lazy\" decoding=\"async\" data-attachment-id=\"21184\" data-permalink=\"https:\/\/www.laterredufutur.com\/accueil\/nouveaux-tremblements-de-terre-dans-le-volcan-cumbre-vieja\/cumbre-vieja-4\/\" data-orig-file=\"https:\/\/i0.wp.com\/www.laterredufutur.com\/accueil\/wp-content\/uploads\/2020\/07\/cumbre-vieja.jpg?fit=622%2C960&amp;ssl=1\" data-orig-size=\"622,960\" data-comments-opened=\"1\" data-image-meta=\"{&quot;aperture&quot;:&quot;0&quot;,&quot;credit&quot;:&quot;&quot;,&quot;camera&quot;:&quot;&quot;,&quot;caption&quot;:&quot;&quot;,&quot;created_timestamp&quot;:&quot;0&quot;,&quot;copyright&quot;:&quot;&quot;,&quot;focal_length&quot;:&quot;0&quot;,&quot;iso&quot;:&quot;0&quot;,&quot;shutter_speed&quot;:&quot;0&quot;,&quot;title&quot;:&quot;&quot;,&quot;orientation&quot;:&quot;0&quot;}\" data-image-title=\"cumbre-vieja\" data-image-description=\"\" data-image-caption=\"\" data-large-file=\"https:\/\/i0.wp.com\/www.laterredufutur.com\/accueil\/wp-content\/uploads\/2020\/07\/cumbre-vieja.jpg?fit=518%2C800&amp;ssl=1\" class=\"size-full wp-image-21184 aligncenter\" src=\"https:\/\/i0.wp.com\/www.laterredufutur.com\/accueil\/wp-content\/uploads\/2020\/07\/cumbre-vieja.jpg?resize=622%2C960&#038;ssl=1\" alt=\"\" width=\"622\" height=\"960\" srcset=\"https:\/\/i0.wp.com\/www.laterredufutur.com\/accueil\/wp-content\/uploads\/2020\/07\/cumbre-vieja.jpg?w=622&amp;ssl=1 622w, https:\/\/i0.wp.com\/www.laterredufutur.com\/accueil\/wp-content\/uploads\/2020\/07\/cumbre-vieja.jpg?resize=194%2C300&amp;ssl=1 194w, https:\/\/i0.wp.com\/www.laterredufutur.com\/accueil\/wp-content\/uploads\/2020\/07\/cumbre-vieja.jpg?resize=518%2C800&amp;ssl=1 518w\" sizes=\"auto, (max-width: 622px) 100vw, 622px\" \/><\/p>\n<p>La Palma a d\u00e9j\u00e0 enregistr\u00e9 vendredi six petits mouvements sismiques au cours des derniers jours que les experts qualifient de mini-essaim. Avec des intensit\u00e9s allant de 2,4 \u00e0 1,7 degr\u00e9s sur l&rsquo;\u00e9chelle de Richter, elles n&rsquo;\u00e9taient pas per\u00e7ues par la population. Entre 15h59 vendredi et 13h14 samedi, en un peu plus de huit heures, ils ont \u00e9t\u00e9 per\u00e7us par le r\u00e9seau de surveillance volcanique de l&rsquo;Institut g\u00e9ographique national sous la surface des municipalit\u00e9s d&rsquo;El Paso, Villa de Mazo et sous la mer dans la partie orientale de l&rsquo;\u00eele.<\/p>\n<p>L&rsquo;Institut volcanologique des \u00eeles Canaries (Involcan) a averti samedi 25 juillet 2020 qu&rsquo;il est probable que dans les prochains jours, des \u00e9v\u00e9nements sismiques de faible magnitude continueront d&rsquo;\u00eatre enregistr\u00e9s au Cumbre Vieja qui ne repr\u00e9sentent pas un risque pour la population. Selon Involcan, les tremblements de terre n&rsquo;ont pas \u00e9t\u00e9 ressentis par la population en raison de leur faible magnitude et profondeur.<\/p>\n<p>L&rsquo;Institut Volcanologique des Canaries ajoute qu&rsquo;\u00e0 ce jour ces essaims \u00ab\u00a0ne repr\u00e9sentent pas une variation \u00e0 court et moyen terme des probabilit\u00e9s que nous g\u00e9rons actuellement concernant une \u00e9ventuelle \u00e9ruption au volcan Cumbre Vieja pour diff\u00e9rentes fen\u00eatres horaires: 1,3% pour une fen\u00eatre temporelle de 1 an; 6,2% pendant 5 ans; 11,9% pendant 10 ans; 47,1% pendant 50 ans et 72,0% pendant 100 ans.<\/p>\n<p>L&rsquo;Institut volcanologique des Canaries rappelle que ces essaims sont produits dans un lieu \u00abvolcanologiquement actif\u00bb.<\/p>\n<p>Pour rappel,<a href=\"https:\/\/www.laterredufutur.com\/accueil\/?s=cumbre%20vieja\" target=\"_blank\" rel=\"noopener noreferrer\"> cette \u00eele reste tr\u00e8s surveill\u00e9e pour le risque de tsunami qu&rsquo;elle pourrait engendr\u00e9e.<\/a><\/p>\n<p>Adaptation <a href=\"https:\/\/www.laterredufutur.com\/accueil\/\" target=\"_blank\" rel=\"noopener noreferrer\">Terra Projects<\/a><\/p>\n<p>sources : <a href=\"https:\/\/www.eldia.es\/la-palma\/2020\/07\/27\/nuevos-seismos-volcan-cumbre-vieja\/1097097.html\" target=\"_blank\" rel=\"noopener noreferrer\">https:\/\/www.eldia.es\/<\/a> \/ <a href=\"https:\/\/www.facebook.com\/GEVolcan\/\" rel=\"noopener noreferrer\" target=\"_blank\">GEVolcan<\/a><\/p>\n<p class=\"bawpvc-ajax-counter\" data-id=\"21183\">(1319)<\/p>\n<!--CusAds0-->\n<div style=\"font-size: 0px; height: 0px; line-height: 0px; margin: 0; padding: 0; clear: both;\"><\/div>","protected":false},"excerpt":{"rendered":"<p>L&rsquo;Institut Volcanologique des Canaries pr\u00e9cise que les habitants de la zone n&rsquo;ont pas ressenti les tremblements de terre et qu&rsquo;il&#8230;<\/p>\n","protected":false},"author":1,"featured_media":21185,"comment_status":"open","ping_status":"open","sticky":false,"template":"","format":"standard","meta":{"_exactmetrics_skip_tracking":false,"_exactmetrics_sitenote_active":false,"_exactmetrics_sitenote_note":"","_exactmetrics_sitenote_category":0,"ngg_post_thumbnail":0,"jetpack_post_was_ever_published":false,"_jetpack_newsletter_access":"","_jetpack_dont_email_post_to_subs":false,"_jetpack_newsletter_tier_id":0,"_jetpack_memberships_contains_paywalled_content":false,"_jetpack_memberships_contains_paid_content":false,"footnotes":"","jetpack_publicize_message":"Nouveaux tremblements de terre dans le #volcan #Cumbre Vieja @laterredufutur.com Terra Projects","jetpack_publicize_feature_enabled":true,"jetpack_social_post_already_shared":true,"jetpack_social_options":{"image_generator_settings":{"template":"highway","default_image_id":0,"font":"","enabled":false},"version":2}},"categories":[19],"tags":[5776,374,7415,7454,6640,1538],"class_list":["post-21183","post","type-post","status-publish","format-standard","has-post-thumbnail","hentry","category-seismes-et-volcans","tag-cumbre-vieja","tag-eruption","tag-essaim-de-seismes","tag-iles-canaries","tag-la-palma","tag-seismes","wpcat-19-id"],"jetpack_publicize_connections":[],"jetpack_featured_media_url":"https:\/\/i0.wp.com\/www.laterredufutur.com\/accueil\/wp-content\/uploads\/2020\/07\/cumbre-vieja-ils-canaries-seismes-juillet-2020.png?fit=1344%2C826&ssl=1","jetpack_shortlink":"https:\/\/wp.me\/p631RN-5vF","jetpack-related-posts":[{"id":23860,"url":"https:\/\/www.laterredufutur.com\/accueil\/cumbre-vieja-nouvel-essaim-de-tremblements-de-terre-de-plus-de-60-secousses-en-cours-a-la-palma-iles-canaries\/","url_meta":{"origin":21183,"position":0},"title":"Cumbre Vieja ! Nouvel essaim de tremblements de terre de plus de 60 secousses en cours \u00e0 La Palma, \u00eeles Canaries","author":"Admin","date":"25 mars 2022","format":false,"excerpt":"Un nouvel essaim de s\u00e9ismes est en cours depuis le 24 mars 2022 vers 19h01 heure locale, a rapport\u00e9 INVOLCAN sur sa page Facebook. Les 60 tremblements de terre de la nouvelle crise sismique sont des \u00e9v\u00e9nements sismiques \u00e0 long terme frappant le volcan Cumbre Vieja. Ils se produisent actuellement\u2026","rel":"","context":"Dans &quot;Seismes\/Volcans&quot;","block_context":{"text":"Seismes\/Volcans","link":"https:\/\/www.laterredufutur.com\/accueil\/sujets\/seismes-et-volcans\/"},"img":{"alt_text":"","src":"https:\/\/i0.wp.com\/www.laterredufutur.com\/accueil\/wp-content\/uploads\/2022\/03\/seismes-a-la-palma-le-24-mars-2022-1.jpg?fit=1200%2C800&ssl=1&resize=350%2C200","width":350,"height":200,"srcset":"https:\/\/i0.wp.com\/www.laterredufutur.com\/accueil\/wp-content\/uploads\/2022\/03\/seismes-a-la-palma-le-24-mars-2022-1.jpg?fit=1200%2C800&ssl=1&resize=350%2C200 1x, https:\/\/i0.wp.com\/www.laterredufutur.com\/accueil\/wp-content\/uploads\/2022\/03\/seismes-a-la-palma-le-24-mars-2022-1.jpg?fit=1200%2C800&ssl=1&resize=525%2C300 1.5x, https:\/\/i0.wp.com\/www.laterredufutur.com\/accueil\/wp-content\/uploads\/2022\/03\/seismes-a-la-palma-le-24-mars-2022-1.jpg?fit=1200%2C800&ssl=1&resize=700%2C400 2x, https:\/\/i0.wp.com\/www.laterredufutur.com\/accueil\/wp-content\/uploads\/2022\/03\/seismes-a-la-palma-le-24-mars-2022-1.jpg?fit=1200%2C800&ssl=1&resize=1050%2C600 3x"},"classes":[]},{"id":21603,"url":"https:\/\/www.laterredufutur.com\/accueil\/detection-de-50-tremblements-de-terre-dans-le-volcan-de-cumbre-vieja-a-la-palma\/","url_meta":{"origin":21183,"position":1},"title":"D\u00e9tection de 50 tremblements de terre dans le volcan de Cumbre Vieja, \u00e0 La Palma","author":"Admin","date":"22 novembre 2020","format":false,"excerpt":"L'Institut de Vulcanologie des Canaries (Involcan) a d\u00e9tect\u00e9 depuis 05h12 ce samedi 21 novembre 2020 plus de 50 tremblements de terre de faible magnitude sous le volcan Cumbre Vieja, \u00e0 La Palma. Les mouvements sismiques ont \u00e9t\u00e9 d\u00e9tect\u00e9s \u00e0 des profondeurs d'environ 30 kilom\u00e8tres par le r\u00e9seau sismique canarien \u00e9tudi\u00e9\u2026","rel":"","context":"Dans &quot;Seismes\/Volcans&quot;","block_context":{"text":"Seismes\/Volcans","link":"https:\/\/www.laterredufutur.com\/accueil\/sujets\/seismes-et-volcans\/"},"img":{"alt_text":"","src":"https:\/\/i0.wp.com\/www.laterredufutur.com\/accueil\/wp-content\/uploads\/2020\/11\/cumbre-vieja-20nov2020.jpg?fit=604%2C808&ssl=1&resize=350%2C200","width":350,"height":200,"srcset":"https:\/\/i0.wp.com\/www.laterredufutur.com\/accueil\/wp-content\/uploads\/2020\/11\/cumbre-vieja-20nov2020.jpg?fit=604%2C808&ssl=1&resize=350%2C200 1x, https:\/\/i0.wp.com\/www.laterredufutur.com\/accueil\/wp-content\/uploads\/2020\/11\/cumbre-vieja-20nov2020.jpg?fit=604%2C808&ssl=1&resize=525%2C300 1.5x"},"classes":[]},{"id":15949,"url":"https:\/\/www.laterredufutur.com\/accueil\/essaims-de-seismes-sur-le-volcan-cumbre-vieja-a-la-palma-que-se-passe-t-il\/","url_meta":{"origin":21183,"position":2},"title":"Essaims de s\u00e9ismes sur le volcan Cumbre Vieja \u00e0 La Palma : Que se passe t-il ?","author":"Admin","date":"14 octobre 2017","format":false,"excerpt":"Le Cumbre Vieja, en fran\u00e7ais : \u00ab Vieux sommet \u00bb, est un volcan d'Espagne qui se situe dans l'archipel des Canaries, dans le sud de l'\u00eele de La Palma. La montagne est de forme allong\u00e9e, orient\u00e9e nord-sud, en forme de triangle pointant vers le sud et culminant \u00e0 1 949\u2026","rel":"","context":"Dans &quot;Seismes\/Volcans&quot;","block_context":{"text":"Seismes\/Volcans","link":"https:\/\/www.laterredufutur.com\/accueil\/sujets\/seismes-et-volcans\/"},"img":{"alt_text":"","src":"https:\/\/i0.wp.com\/www.laterredufutur.com\/accueil\/wp-content\/uploads\/2017\/10\/Cumbre-Vieja.jpg?fit=1200%2C795&ssl=1&resize=350%2C200","width":350,"height":200,"srcset":"https:\/\/i0.wp.com\/www.laterredufutur.com\/accueil\/wp-content\/uploads\/2017\/10\/Cumbre-Vieja.jpg?fit=1200%2C795&ssl=1&resize=350%2C200 1x, https:\/\/i0.wp.com\/www.laterredufutur.com\/accueil\/wp-content\/uploads\/2017\/10\/Cumbre-Vieja.jpg?fit=1200%2C795&ssl=1&resize=525%2C300 1.5x, https:\/\/i0.wp.com\/www.laterredufutur.com\/accueil\/wp-content\/uploads\/2017\/10\/Cumbre-Vieja.jpg?fit=1200%2C795&ssl=1&resize=700%2C400 2x, https:\/\/i0.wp.com\/www.laterredufutur.com\/accueil\/wp-content\/uploads\/2017\/10\/Cumbre-Vieja.jpg?fit=1200%2C795&ssl=1&resize=1050%2C600 3x"},"classes":[]},{"id":23022,"url":"https:\/\/www.laterredufutur.com\/accueil\/un-puissant-essaim-sismique-a-la-palma-suggere-lintrusion-de-magma-dans-le-volcan-cumbre-vieja\/","url_meta":{"origin":21183,"position":3},"title":"Un puissant essaim sismique \u00e0 La Palma sugg\u00e8re l&rsquo;intrusion de magma dans le volcan Cumbre Vieja","author":"Admin","date":"13 septembre 2021","format":false,"excerpt":"Un fort essaim de s\u00e9ismes a d\u00e9but\u00e9 hier sous la zone du volcan La Cumbre Vieja, dans la partie sud de l'\u00eele de La Palma aux Iles Canaries. Aujourd'hui, l'alerte jaune a \u00e9t\u00e9 \u00e9mise pour le volcan de La Palma : Alerte jaune \u00e9mise pour le volcan de La Palma\u2026","rel":"","context":"Dans &quot;Seismes\/Volcans&quot;","block_context":{"text":"Seismes\/Volcans","link":"https:\/\/www.laterredufutur.com\/accueil\/sujets\/seismes-et-volcans\/"},"img":{"alt_text":"","src":"https:\/\/i0.wp.com\/www.laterredufutur.com\/accueil\/wp-content\/uploads\/2018\/03\/cumbre-vieja.jpg?fit=1000%2C666&ssl=1&resize=350%2C200","width":350,"height":200,"srcset":"https:\/\/i0.wp.com\/www.laterredufutur.com\/accueil\/wp-content\/uploads\/2018\/03\/cumbre-vieja.jpg?fit=1000%2C666&ssl=1&resize=350%2C200 1x, https:\/\/i0.wp.com\/www.laterredufutur.com\/accueil\/wp-content\/uploads\/2018\/03\/cumbre-vieja.jpg?fit=1000%2C666&ssl=1&resize=525%2C300 1.5x, https:\/\/i0.wp.com\/www.laterredufutur.com\/accueil\/wp-content\/uploads\/2018\/03\/cumbre-vieja.jpg?fit=1000%2C666&ssl=1&resize=700%2C400 2x"},"classes":[]},{"id":23028,"url":"https:\/\/www.laterredufutur.com\/accueil\/alerte-jaune-le-cumbre-vieja-se-deforme-de-15-centimetre-et-la-magnitude-des-seismes-augmente\/","url_meta":{"origin":21183,"position":4},"title":"Alerte Jaune : Le Cumbre Vieja se d\u00e9forme de 1,5 centim\u00e8tre et la magnitude des s\u00e9ismes augmente","author":"Admin","date":"15 septembre 2021","format":false,"excerpt":"Les \u00eeles Canaries sont expos\u00e9es \u00e0 de nouveaux tsunamis comme celui qu'elles ont subi en 1755 et peuvent m\u00eame en d\u00e9clencher un mondial qui serait 2 000 fois pire que celui de l'Indon\u00e9sie en 2018. La r\u00e9surgence de l'activit\u00e9 volcanique \u00e0 Cumbre Vieja, sur La Palma, augmente les risques. Les\u2026","rel":"","context":"Dans &quot;Seismes\/Volcans&quot;","block_context":{"text":"Seismes\/Volcans","link":"https:\/\/www.laterredufutur.com\/accueil\/sujets\/seismes-et-volcans\/"},"img":{"alt_text":"","src":"https:\/\/i0.wp.com\/www.laterredufutur.com\/accueil\/wp-content\/uploads\/2021\/09\/cumbre-viera-seismes-septembre-2021.jpg?fit=1000%2C617&ssl=1&resize=350%2C200","width":350,"height":200,"srcset":"https:\/\/i0.wp.com\/www.laterredufutur.com\/accueil\/wp-content\/uploads\/2021\/09\/cumbre-viera-seismes-septembre-2021.jpg?fit=1000%2C617&ssl=1&resize=350%2C200 1x, https:\/\/i0.wp.com\/www.laterredufutur.com\/accueil\/wp-content\/uploads\/2021\/09\/cumbre-viera-seismes-septembre-2021.jpg?fit=1000%2C617&ssl=1&resize=525%2C300 1.5x, https:\/\/i0.wp.com\/www.laterredufutur.com\/accueil\/wp-content\/uploads\/2021\/09\/cumbre-viera-seismes-septembre-2021.jpg?fit=1000%2C617&ssl=1&resize=700%2C400 2x"},"classes":[]},{"id":23214,"url":"https:\/\/www.laterredufutur.com\/accueil\/la-palma-tremble-avec-le-plus-fort-tremblement-de-terre-jusqua-aujourdhui-48-egalement-ressenti-a-tenerife\/","url_meta":{"origin":21183,"position":5},"title":"La Palma tremble avec le plus fort tremblement de terre jusqu&rsquo;\u00e0 aujourd&rsquo;hui, 4,8, \u00e9galement ressenti \u00e0 Tenerife","author":"Admin","date":"20 octobre 2021","format":false,"excerpt":"La secousse, qui s'est produite mardi 19 octobre 2021 peu avant 23 heures, a \u00e9t\u00e9 ressentie sur l'Isla Bonita avec une intensit\u00e9 maximale de V, dans une escalade qui a atteint XII, et a \u00e9galement \u00e9t\u00e9 ressentie dans plusieurs municipalit\u00e9s de Tenerife. Les scientifiques de PEVOLCA affirment que l'essaim sismique\u2026","rel":"","context":"Dans &quot;Seismes\/Volcans&quot;","block_context":{"text":"Seismes\/Volcans","link":"https:\/\/www.laterredufutur.com\/accueil\/sujets\/seismes-et-volcans\/"},"img":{"alt_text":"","src":"https:\/\/i0.wp.com\/www.laterredufutur.com\/accueil\/wp-content\/uploads\/2021\/10\/epicentre-seisme-19-octobre-2021-la-palma.jpg?fit=1187%2C624&ssl=1&resize=350%2C200","width":350,"height":200,"srcset":"https:\/\/i0.wp.com\/www.laterredufutur.com\/accueil\/wp-content\/uploads\/2021\/10\/epicentre-seisme-19-octobre-2021-la-palma.jpg?fit=1187%2C624&ssl=1&resize=350%2C200 1x, https:\/\/i0.wp.com\/www.laterredufutur.com\/accueil\/wp-content\/uploads\/2021\/10\/epicentre-seisme-19-octobre-2021-la-palma.jpg?fit=1187%2C624&ssl=1&resize=525%2C300 1.5x, https:\/\/i0.wp.com\/www.laterredufutur.com\/accueil\/wp-content\/uploads\/2021\/10\/epicentre-seisme-19-octobre-2021-la-palma.jpg?fit=1187%2C624&ssl=1&resize=700%2C400 2x, https:\/\/i0.wp.com\/www.laterredufutur.com\/accueil\/wp-content\/uploads\/2021\/10\/epicentre-seisme-19-octobre-2021-la-palma.jpg?fit=1187%2C624&ssl=1&resize=1050%2C600 3x"},"classes":[]}],"jetpack_sharing_enabled":true,"_links":{"self":[{"href":"https:\/\/www.laterredufutur.com\/accueil\/wp-json\/wp\/v2\/posts\/21183","targetHints":{"allow":["GET"]}}],"collection":[{"href":"https:\/\/www.laterredufutur.com\/accueil\/wp-json\/wp\/v2\/posts"}],"about":[{"href":"https:\/\/www.laterredufutur.com\/accueil\/wp-json\/wp\/v2\/types\/post"}],"author":[{"embeddable":true,"href":"https:\/\/www.laterredufutur.com\/accueil\/wp-json\/wp\/v2\/users\/1"}],"replies":[{"embeddable":true,"href":"https:\/\/www.laterredufutur.com\/accueil\/wp-json\/wp\/v2\/comments?post=21183"}],"version-history":[{"count":1,"href":"https:\/\/www.laterredufutur.com\/accueil\/wp-json\/wp\/v2\/posts\/21183\/revisions"}],"predecessor-version":[{"id":21186,"href":"https:\/\/www.laterredufutur.com\/accueil\/wp-json\/wp\/v2\/posts\/21183\/revisions\/21186"}],"wp:featuredmedia":[{"embeddable":true,"href":"https:\/\/www.laterredufutur.com\/accueil\/wp-json\/wp\/v2\/media\/21185"}],"wp:attachment":[{"href":"https:\/\/www.laterredufutur.com\/accueil\/wp-json\/wp\/v2\/media?parent=21183"}],"wp:term":[{"taxonomy":"category","embeddable":true,"href":"https:\/\/www.laterredufutur.com\/accueil\/wp-json\/wp\/v2\/categories?post=21183"},{"taxonomy":"post_tag","embeddable":true,"href":"https:\/\/www.laterredufutur.com\/accueil\/wp-json\/wp\/v2\/tags?post=21183"}],"curies":[{"name":"wp","href":"https:\/\/api.w.org\/{rel}","templated":true}]}}