{"id":19677,"date":"2019-10-09T17:00:19","date_gmt":"2019-10-09T15:00:19","guid":{"rendered":"https:\/\/www.laterredufutur.com\/accueil\/?p=19677"},"modified":"2019-09-20T15:45:07","modified_gmt":"2019-09-20T13:45:07","slug":"les-villes-de-demain-seront-elles-vertes-ou-a-labandon","status":"publish","type":"post","link":"https:\/\/www.laterredufutur.com\/accueil\/les-villes-de-demain-seront-elles-vertes-ou-a-labandon\/","title":{"rendered":"Les villes de demain &#8211; Seront-elles vertes ou \u00e0 l&rsquo;abandon ?"},"content":{"rendered":"<div class=\"1665f18d14f35dd9e7566e1a8ac9a3e9\" data-index=\"1\" style=\"float: none; margin:10px 0 10px 0; text-align:center;\">\n<script async src=\"https:\/\/pagead2.googlesyndication.com\/pagead\/js\/adsbygoogle.js\"><\/script>\r\n<ins class=\"adsbygoogle\"\r\n     style=\"display:block; text-align:center;\"\r\n     data-ad-layout=\"in-article\"\r\n     data-ad-format=\"fluid\"\r\n     data-ad-client=\"ca-pub-2860849627502538\"\r\n     data-ad-slot=\"3019501113\"><\/ins>\r\n<script>\r\n     (adsbygoogle = window.adsbygoogle || []).push({});\r\n<\/script>\n<\/div>\n<p>Lorsque nous jetons un regard en arri\u00e8re sur les visions du d\u00e9but du XXe si\u00e8cle pour l&rsquo;avenir, avec les c\u00e9l\u00e9brations futuristes de la modernit\u00e9, de l&rsquo;industrialisation et de la technologie, nous prenons de plus en plus conscience des cons\u00e9quences et de l&rsquo;impact des id\u00e9es modernistes sur notre environnement urbain actuel et nos modes de vie. Les mod\u00e8les d&rsquo;urbanisation du d\u00e9but du XXe si\u00e8cle \u00e9taient guid\u00e9s par l&rsquo;optimisme industriel sans tenir compte des r\u00e9sultats environnementaux \u00e0 long terme.<\/p>\n<p>Il est clair pour nous aujourd&rsquo;hui que ces tendances ne sont pas durables \u00e0 l&rsquo;avenir. On estime que d&rsquo;ici 2050, les trois quarts de la population mondiale seront des habitants de l&rsquo;environnement urbain. L&rsquo;urbanisation rapide a certes des avantages \u00e9conomiques, mais si nous avons \u00e0 l&rsquo;esprit que les villes sont responsables de l&rsquo;utilisation de 80% de toute l&rsquo;\u00e9nergie, et de l&rsquo;\u00e9mission de gaz, alors nous devons nous demander si nous avons besoin d&rsquo;une autre vision pour nos villes futures.<\/p>\n<p><img data-recalc-dims=\"1\" loading=\"lazy\" decoding=\"async\" data-attachment-id=\"19682\" data-permalink=\"https:\/\/www.laterredufutur.com\/accueil\/les-villes-de-demain-seront-elles-vertes-ou-a-labandon\/future-city-01-3d-model-animated-max\/\" data-orig-file=\"https:\/\/i0.wp.com\/www.laterredufutur.com\/accueil\/wp-content\/uploads\/2019\/09\/future-city-01-3d-model-animated-max-.jpg?fit=1920%2C1080&amp;ssl=1\" data-orig-size=\"1920,1080\" data-comments-opened=\"1\" data-image-meta=\"{&quot;aperture&quot;:&quot;0&quot;,&quot;credit&quot;:&quot;&quot;,&quot;camera&quot;:&quot;&quot;,&quot;caption&quot;:&quot;&quot;,&quot;created_timestamp&quot;:&quot;0&quot;,&quot;copyright&quot;:&quot;&quot;,&quot;focal_length&quot;:&quot;0&quot;,&quot;iso&quot;:&quot;0&quot;,&quot;shutter_speed&quot;:&quot;0&quot;,&quot;title&quot;:&quot;&quot;,&quot;orientation&quot;:&quot;0&quot;}\" data-image-title=\"future-city-01-3d-model-animated-max-\" data-image-description=\"\" data-image-caption=\"\" data-large-file=\"https:\/\/i0.wp.com\/www.laterredufutur.com\/accueil\/wp-content\/uploads\/2019\/09\/future-city-01-3d-model-animated-max-.jpg?fit=800%2C450&amp;ssl=1\" src=\"https:\/\/i0.wp.com\/www.laterredufutur.com\/accueil\/wp-content\/uploads\/2019\/09\/future-city-01-3d-model-animated-max-.jpg?resize=1920%2C1080&#038;ssl=1\" alt=\"\" width=\"1920\" height=\"1080\" class=\"alignnone size-full wp-image-19682\" srcset=\"https:\/\/i0.wp.com\/www.laterredufutur.com\/accueil\/wp-content\/uploads\/2019\/09\/future-city-01-3d-model-animated-max-.jpg?w=1920&amp;ssl=1 1920w, https:\/\/i0.wp.com\/www.laterredufutur.com\/accueil\/wp-content\/uploads\/2019\/09\/future-city-01-3d-model-animated-max-.jpg?resize=300%2C169&amp;ssl=1 300w, https:\/\/i0.wp.com\/www.laterredufutur.com\/accueil\/wp-content\/uploads\/2019\/09\/future-city-01-3d-model-animated-max-.jpg?resize=768%2C432&amp;ssl=1 768w, https:\/\/i0.wp.com\/www.laterredufutur.com\/accueil\/wp-content\/uploads\/2019\/09\/future-city-01-3d-model-animated-max-.jpg?resize=800%2C450&amp;ssl=1 800w, https:\/\/i0.wp.com\/www.laterredufutur.com\/accueil\/wp-content\/uploads\/2019\/09\/future-city-01-3d-model-animated-max-.jpg?resize=580%2C326&amp;ssl=1 580w, https:\/\/i0.wp.com\/www.laterredufutur.com\/accueil\/wp-content\/uploads\/2019\/09\/future-city-01-3d-model-animated-max-.jpg?resize=174%2C98&amp;ssl=1 174w\" sizes=\"auto, (max-width: 1000px) 100vw, 1000px\" \/><\/p>\n<p>Pourquoi avons-nous besoin d&rsquo;id\u00e9es des villes de demain ?<\/p>\n<p>Le concept de villes futures n&rsquo;est pas nouveau et les premi\u00e8res notions du terme remontent aux temps anciens. L&rsquo;expression \u00a0\u00bb villes du futur \u00a0\u00bb est souvent utilis\u00e9e pour d\u00e9crire les projections imaginatives id\u00e9ales de ce que seront les villes, ind\u00e9pendamment de l&rsquo;analyse des faits et des enqu\u00eates. Au cours des deux derni\u00e8res d\u00e9cennies, le terme a \u00e9t\u00e9 utilis\u00e9 plus fr\u00e9quemment en r\u00e9ponse aux probl\u00e8mes urgents de l&rsquo;urbanisation rapide et de la mondialisation. Il est devenu \u00e9vident que les villes ne sont pas seulement des lieux isol\u00e9s qui n&rsquo;affectent que le mode de vie des citadins, mais qu&rsquo;elles ont une influence significative sur l&rsquo;environnement, l&rsquo;\u00e9conomie et la soci\u00e9t\u00e9 mondiale. Le concept des villes de demain a \u00e9t\u00e9 utilis\u00e9 par divers groupes pour marquer diff\u00e9rentes choses, mais il a surtout \u00e9t\u00e9 revitalis\u00e9 pour introduire l&rsquo;id\u00e9e d&rsquo;un changement positif et corriger les erreurs du pass\u00e9. Les d\u00e9fis auxquels les villes d&rsquo;aujourd&rsquo;hui sont confront\u00e9es sont plus s\u00e9rieux qu&rsquo;il y a un si\u00e8cle. A notre \u00e9poque, les villes doivent accueillir davantage de personnes en raison de la croissance d\u00e9mographique, des tendances migratoires et de la mobilit\u00e9 croissante des personnes, tout en assurant la s\u00e9curit\u00e9 sociale, la stabilit\u00e9 et une grande qualit\u00e9 de vie pour tous. Les questions environnementales apparaissent donc comme l&rsquo;un des d\u00e9fis les plus importants dans les villes en pleine croissance.<\/p>\n<p><img data-recalc-dims=\"1\" loading=\"lazy\" decoding=\"async\" data-attachment-id=\"19678\" data-permalink=\"https:\/\/www.laterredufutur.com\/accueil\/les-villes-de-demain-seront-elles-vertes-ou-a-labandon\/rooftop-farm-in-hong-kong\/\" data-orig-file=\"https:\/\/i0.wp.com\/www.laterredufutur.com\/accueil\/wp-content\/uploads\/2019\/09\/Rooftop-Farm-in-Hong-Kong.jpg?fit=855%2C481&amp;ssl=1\" data-orig-size=\"855,481\" data-comments-opened=\"1\" data-image-meta=\"{&quot;aperture&quot;:&quot;0&quot;,&quot;credit&quot;:&quot;&quot;,&quot;camera&quot;:&quot;&quot;,&quot;caption&quot;:&quot;&quot;,&quot;created_timestamp&quot;:&quot;0&quot;,&quot;copyright&quot;:&quot;&quot;,&quot;focal_length&quot;:&quot;0&quot;,&quot;iso&quot;:&quot;0&quot;,&quot;shutter_speed&quot;:&quot;0&quot;,&quot;title&quot;:&quot;&quot;,&quot;orientation&quot;:&quot;0&quot;}\" data-image-title=\"Rooftop-Farm-in-Hong-Kong\" data-image-description=\"\" data-image-caption=\"\" data-large-file=\"https:\/\/i0.wp.com\/www.laterredufutur.com\/accueil\/wp-content\/uploads\/2019\/09\/Rooftop-Farm-in-Hong-Kong.jpg?fit=800%2C450&amp;ssl=1\" src=\"https:\/\/i0.wp.com\/www.laterredufutur.com\/accueil\/wp-content\/uploads\/2019\/09\/Rooftop-Farm-in-Hong-Kong.jpg?resize=855%2C481&#038;ssl=1\" alt=\"\" width=\"855\" height=\"481\" class=\"alignnone size-full wp-image-19678\" srcset=\"https:\/\/i0.wp.com\/www.laterredufutur.com\/accueil\/wp-content\/uploads\/2019\/09\/Rooftop-Farm-in-Hong-Kong.jpg?w=855&amp;ssl=1 855w, https:\/\/i0.wp.com\/www.laterredufutur.com\/accueil\/wp-content\/uploads\/2019\/09\/Rooftop-Farm-in-Hong-Kong.jpg?resize=300%2C169&amp;ssl=1 300w, https:\/\/i0.wp.com\/www.laterredufutur.com\/accueil\/wp-content\/uploads\/2019\/09\/Rooftop-Farm-in-Hong-Kong.jpg?resize=768%2C432&amp;ssl=1 768w, https:\/\/i0.wp.com\/www.laterredufutur.com\/accueil\/wp-content\/uploads\/2019\/09\/Rooftop-Farm-in-Hong-Kong.jpg?resize=800%2C450&amp;ssl=1 800w, https:\/\/i0.wp.com\/www.laterredufutur.com\/accueil\/wp-content\/uploads\/2019\/09\/Rooftop-Farm-in-Hong-Kong.jpg?resize=580%2C326&amp;ssl=1 580w, https:\/\/i0.wp.com\/www.laterredufutur.com\/accueil\/wp-content\/uploads\/2019\/09\/Rooftop-Farm-in-Hong-Kong.jpg?resize=174%2C98&amp;ssl=1 174w\" sizes=\"auto, (max-width: 855px) 100vw, 855px\" \/><\/p>\n<p>Villes durables, intelligentes et r\u00e9silientes<\/p>\n<p>L&rsquo;approche holistique de l&rsquo;id\u00e9e de ville est largement pr\u00e9sente dans les discours architecturaux et publics d&rsquo;aujourd&rsquo;hui. La ville est consid\u00e9r\u00e9e comme le syst\u00e8me ou le r\u00e9seau d&rsquo;entit\u00e9s ayant sa propre dynamique et ses propres propri\u00e9t\u00e9s qui r\u00e9pondent aux environnements environnants. L&rsquo;id\u00e9e des villes futures, plusieurs autres termes sont utilis\u00e9s pour d\u00e9crire les plans propos\u00e9s pour le changement. Parmi les plus populaires figurent certainement les villes durables, des projets ax\u00e9s sur la minimisation de l&rsquo;impact environnemental et la consommation d&rsquo;\u00e9nergie. Les villes intelligentes, d&rsquo;autre part, font r\u00e9f\u00e9rence aux id\u00e9es de syst\u00e8mes d&rsquo;information am\u00e9lior\u00e9s et \u00e0 l&rsquo;utilisation de la technologie num\u00e9rique qui fournissent un espace d&rsquo;une meilleure connectivit\u00e9 et de services publics r\u00e9actifs. Une autre id\u00e9e populaire est celle de villes r\u00e9silientes, c&rsquo;est-\u00e0-dire capables de r\u00e9sister aux chocs environnementaux, \u00e9conomiques ou sociaux. Toutes ces id\u00e9es sont bas\u00e9es sur une attitude proactive face \u00e0 l&rsquo;avenir, trouvant le meilleur moyen d&rsquo;introduire des mesures d&rsquo;adaptation et de coordonner les strat\u00e9gies de croissance avec des comportements respectueux de l&rsquo;environnement.<\/p><div class=\"1665f18d14f35dd9e7566e1a8ac9a3e9\" data-index=\"2\" style=\"float: none; margin:10px 0 10px 0; text-align:center;\">\n<script async src=\"https:\/\/pagead2.googlesyndication.com\/pagead\/js\/adsbygoogle.js\"><\/script>\r\n<ins class=\"adsbygoogle\"\r\n     style=\"display:block; text-align:center;\"\r\n     data-ad-layout=\"in-article\"\r\n     data-ad-format=\"fluid\"\r\n     data-ad-client=\"ca-pub-2860849627502538\"\r\n     data-ad-slot=\"3019501113\"><\/ins>\r\n<script>\r\n     (adsbygoogle = window.adsbygoogle || []).push({});\r\n<\/script>\n<\/div>\n\n<p>Quand nous parlons de la durabilit\u00e9 de la ville, il y a beaucoup d&rsquo;excellents exemples dans le monde entier o\u00f9 les fonctionnaires et les sp\u00e9cialistes de la ville ont r\u00e9ussi \u00e0 introduire des politiques environnementales avanc\u00e9es \u00e0 long terme, \u00e0 r\u00e9duire les \u00e9missions de gaz, \u00e0 promouvoir des moyens de transport respectueux de l&rsquo;environnement et \u00e0 cr\u00e9er plus d&rsquo;espaces verts. Singapour est peut-\u00eatre l&rsquo;exemple le plus marquant de la mani\u00e8re dont la ville peut r\u00e9soudre les probl\u00e8mes de forte pollution apr\u00e8s l&rsquo;industrialisation gr\u00e2ce aux efforts continus. Singapour est aujourd&rsquo;hui la ville la plus verte d&rsquo;Asie, avec des exigences en mati\u00e8re de construction \u00e9cologique incorpor\u00e9es dans la l\u00e9gislation. L&rsquo;un des plus grands d\u00e9fis auxquels les villes durables doivent faire face est de savoir comment coordonner le d\u00e9veloppement \u00e9conomique avec la protection de l&rsquo;environnement. Les autres villes qui y parviennent avec succ\u00e8s sont Vancouver, les capitales scandinaves SQuand nous parlons de la durabilit\u00e9 de la ville, il y a beaucoup d&rsquo;excellents exemples dans le monde entier o\u00f9 les fonctionnaires et les sp\u00e9cialistes de la ville ont r\u00e9ussi \u00e0 introduire des politiques environnementales avanc\u00e9es \u00e0 long terme, \u00e0 r\u00e9duire les \u00e9missions de gaz, \u00e0 promouvoir des moyens de transport respectueux de l&rsquo;environnement et \u00e0 cr\u00e9er plus d&rsquo;espaces verts. Singapour est peut-\u00eatre l&rsquo;exemple le plus marquant de la mani\u00e8re dont la ville peut r\u00e9soudre les probl\u00e8mes de forte pollution apr\u00e8s l&rsquo;industrialisation gr\u00e2ce aux efforts continus. Singapour est aujourd&rsquo;hui la ville la plus verte d&rsquo;Asie, avec des exigences en mati\u00e8re de construction \u00e9cologique incorpor\u00e9es dans la l\u00e9gislation. L&rsquo;un des plus grands d\u00e9fis auxquels les villes durables doivent faire face est de savoir comment coordonner le d\u00e9veloppement \u00e9conomique avec la protection de l&rsquo;environnement. Les autres villes qui y parviennent avec succ\u00e8s sont Vancouver, les capitales scandinaves Stockholm, Oslo et Helsinki, Curitiba au Br\u00e9sil et Fribourg en Allemagne, entre autres.<\/p>\n<p><img data-recalc-dims=\"1\" loading=\"lazy\" decoding=\"async\" data-attachment-id=\"19680\" data-permalink=\"https:\/\/www.laterredufutur.com\/accueil\/les-villes-de-demain-seront-elles-vertes-ou-a-labandon\/future-cities-node-project\/\" data-orig-file=\"https:\/\/i0.wp.com\/www.laterredufutur.com\/accueil\/wp-content\/uploads\/2019\/09\/future-cities-node-project.jpg?fit=620%2C348&amp;ssl=1\" data-orig-size=\"620,348\" data-comments-opened=\"1\" data-image-meta=\"{&quot;aperture&quot;:&quot;0&quot;,&quot;credit&quot;:&quot;&quot;,&quot;camera&quot;:&quot;&quot;,&quot;caption&quot;:&quot;&quot;,&quot;created_timestamp&quot;:&quot;0&quot;,&quot;copyright&quot;:&quot;&quot;,&quot;focal_length&quot;:&quot;0&quot;,&quot;iso&quot;:&quot;0&quot;,&quot;shutter_speed&quot;:&quot;0&quot;,&quot;title&quot;:&quot;&quot;,&quot;orientation&quot;:&quot;1&quot;}\" data-image-title=\"future-cities-node-project\" data-image-description=\"\" data-image-caption=\"\" data-large-file=\"https:\/\/i0.wp.com\/www.laterredufutur.com\/accueil\/wp-content\/uploads\/2019\/09\/future-cities-node-project.jpg?fit=620%2C348&amp;ssl=1\" src=\"https:\/\/i0.wp.com\/www.laterredufutur.com\/accueil\/wp-content\/uploads\/2019\/09\/future-cities-node-project.jpg?resize=620%2C348&#038;ssl=1\" alt=\"\" width=\"620\" height=\"348\" class=\"alignnone size-full wp-image-19680\" srcset=\"https:\/\/i0.wp.com\/www.laterredufutur.com\/accueil\/wp-content\/uploads\/2019\/09\/future-cities-node-project.jpg?w=620&amp;ssl=1 620w, https:\/\/i0.wp.com\/www.laterredufutur.com\/accueil\/wp-content\/uploads\/2019\/09\/future-cities-node-project.jpg?resize=300%2C168&amp;ssl=1 300w, https:\/\/i0.wp.com\/www.laterredufutur.com\/accueil\/wp-content\/uploads\/2019\/09\/future-cities-node-project.jpg?resize=580%2C326&amp;ssl=1 580w, https:\/\/i0.wp.com\/www.laterredufutur.com\/accueil\/wp-content\/uploads\/2019\/09\/future-cities-node-project.jpg?resize=174%2C98&amp;ssl=1 174w\" sizes=\"auto, (max-width: 620px) 100vw, 620px\" \/><\/p>\n<p>Ramener la nature dans les villes &#8211; La t\u00e2che pour l&rsquo;avenir<\/p>\n<p>Les plans pour les futures villes d\u00e9pendent surtout de la collaboration entre diff\u00e9rents groupes de personnes ayant des int\u00e9r\u00eats et des priorit\u00e9s diff\u00e9rents. Au cours des derni\u00e8res ann\u00e9es, nous avons constat\u00e9 que les collectivit\u00e9s locales et les particuliers travaillent d&rsquo;arrache-pied pour mettre en \u0153uvre des changements en trouvant des fa\u00e7ons novatrices de ramener la nature dans les milieux urbains. De l&rsquo;agriculture de loisir, du jardinage de gu\u00e9rilla aux jardins du ciel et aux fermes piscicoles sur les toits, il y a des initiatives plus int\u00e9ressantes \u00e0 trouver dans les environnements concrets. Cependant, la verdure litt\u00e9rale des villes et les actions individuelles ou en petits groupes ne permettent pas vraiment d&rsquo;atteindre les objectifs de durabilit\u00e9. Les villes de demain qui suivront les id\u00e9es de changement positif d\u00e9pendront de la collaboration des architectes, des urbanistes, des ing\u00e9nieurs, des d\u00e9mographes, des \u00e9conomistes, des politiciens, des investisseurs et des citoyens. Les enjeux environnementaux sont aujourd&rsquo;hui plus pr\u00e9sents que jamais, et les effets du changement climatique se font surtout sentir dans les milieux urbains. La sensibilisation \u00e0 l&rsquo;environnement ne suffit pas \u00e0 r\u00e9soudre le probl\u00e8me. La mani\u00e8re dont les villes sont gouvern\u00e9es et les dialogues ouverts entre fonctionnaires et sp\u00e9cialistes auront un impact crucial sur l&rsquo;avenir des villes elles-m\u00eames et sur l&rsquo;environnement mondial \u00e0 long terme.<\/p>\n<p><img data-recalc-dims=\"1\" loading=\"lazy\" decoding=\"async\" data-attachment-id=\"19681\" data-permalink=\"https:\/\/www.laterredufutur.com\/accueil\/les-villes-de-demain-seront-elles-vertes-ou-a-labandon\/future-city\/\" data-orig-file=\"https:\/\/i0.wp.com\/www.laterredufutur.com\/accueil\/wp-content\/uploads\/2019\/09\/future-city.jpg?fit=1280%2C720&amp;ssl=1\" data-orig-size=\"1280,720\" data-comments-opened=\"1\" data-image-meta=\"{&quot;aperture&quot;:&quot;0&quot;,&quot;credit&quot;:&quot;&quot;,&quot;camera&quot;:&quot;&quot;,&quot;caption&quot;:&quot;&quot;,&quot;created_timestamp&quot;:&quot;0&quot;,&quot;copyright&quot;:&quot;&quot;,&quot;focal_length&quot;:&quot;0&quot;,&quot;iso&quot;:&quot;0&quot;,&quot;shutter_speed&quot;:&quot;0&quot;,&quot;title&quot;:&quot;&quot;,&quot;orientation&quot;:&quot;0&quot;}\" data-image-title=\"future-city\" data-image-description=\"\" data-image-caption=\"\" data-large-file=\"https:\/\/i0.wp.com\/www.laterredufutur.com\/accueil\/wp-content\/uploads\/2019\/09\/future-city.jpg?fit=800%2C450&amp;ssl=1\" src=\"https:\/\/i0.wp.com\/www.laterredufutur.com\/accueil\/wp-content\/uploads\/2019\/09\/future-city.jpg?resize=1280%2C720&#038;ssl=1\" alt=\"\" width=\"1280\" height=\"720\" class=\"alignnone size-full wp-image-19681\" srcset=\"https:\/\/i0.wp.com\/www.laterredufutur.com\/accueil\/wp-content\/uploads\/2019\/09\/future-city.jpg?w=1280&amp;ssl=1 1280w, https:\/\/i0.wp.com\/www.laterredufutur.com\/accueil\/wp-content\/uploads\/2019\/09\/future-city.jpg?resize=300%2C169&amp;ssl=1 300w, https:\/\/i0.wp.com\/www.laterredufutur.com\/accueil\/wp-content\/uploads\/2019\/09\/future-city.jpg?resize=768%2C432&amp;ssl=1 768w, https:\/\/i0.wp.com\/www.laterredufutur.com\/accueil\/wp-content\/uploads\/2019\/09\/future-city.jpg?resize=800%2C450&amp;ssl=1 800w, https:\/\/i0.wp.com\/www.laterredufutur.com\/accueil\/wp-content\/uploads\/2019\/09\/future-city.jpg?resize=580%2C326&amp;ssl=1 580w, https:\/\/i0.wp.com\/www.laterredufutur.com\/accueil\/wp-content\/uploads\/2019\/09\/future-city.jpg?resize=174%2C98&amp;ssl=1 174w\" sizes=\"auto, (max-width: 1000px) 100vw, 1000px\" \/><\/p>\n<p>Adaptation <a href=\"https:\/\/www.laterredufutur.com\/accueil\/\">Terra Projects &#8211; La Terre du Futur<\/a><\/p>\n<p>Source : <a href=\"https:\/\/www.widewalls.ch\/future-cities-green-architecture-environment\/\" rel=\"noopener noreferrer\" target=\"_blank\">https:\/\/www.widewalls.ch<\/a><\/p>\n<p class=\"bawpvc-ajax-counter\" data-id=\"19677\">(835)<\/p>\n<!--CusAds0-->\n<div style=\"font-size: 0px; height: 0px; line-height: 0px; margin: 0; padding: 0; clear: both;\"><\/div>","protected":false},"excerpt":{"rendered":"<p>Lorsque nous jetons un regard en arri\u00e8re sur les visions du d\u00e9but du XXe si\u00e8cle pour l&rsquo;avenir, avec les c\u00e9l\u00e9brations&#8230;<\/p>\n","protected":false},"author":1,"featured_media":19679,"comment_status":"open","ping_status":"open","sticky":false,"template":"","format":"standard","meta":{"_exactmetrics_skip_tracking":false,"_exactmetrics_sitenote_active":false,"_exactmetrics_sitenote_note":"","_exactmetrics_sitenote_category":0,"ngg_post_thumbnail":0,"jetpack_post_was_ever_published":false,"_jetpack_newsletter_access":"","_jetpack_dont_email_post_to_subs":false,"_jetpack_newsletter_tier_id":0,"_jetpack_memberships_contains_paywalled_content":false,"_jetpack_memberships_contains_paid_content":false,"footnotes":"","jetpack_publicize_message":"Les villes de demain - Seront-elles vertes ou \u00e0 l'abandon ? @laterredufutur.com Terra Projects","jetpack_publicize_feature_enabled":true,"jetpack_social_post_already_shared":true,"jetpack_social_options":{"image_generator_settings":{"template":"highway","default_image_id":0,"font":"","enabled":false},"version":2}},"categories":[27],"tags":[1270,2276,128,475],"class_list":["post-19677","post","type-post","status-publish","format-standard","has-post-thumbnail","hentry","category-ecologie","tag-cite","tag-city","tag-futur","tag-future","wpcat-27-id"],"jetpack_publicize_connections":[],"jetpack_featured_media_url":"https:\/\/i0.wp.com\/www.laterredufutur.com\/accueil\/wp-content\/uploads\/2019\/09\/Tianjin-Eco-City-Plan.jpg?fit=1200%2C800&ssl=1","jetpack_shortlink":"https:\/\/wp.me\/p631RN-57n","jetpack-related-posts":[{"id":5524,"url":"https:\/\/www.laterredufutur.com\/accueil\/les-ilots-urbains-syndrome-du-rechauffement\/","url_meta":{"origin":19677,"position":0},"title":"Les Ilots Urbains, syndrome du r\u00e9chauffement ?","author":"Admin","date":"15 septembre 2010","format":false,"excerpt":"Les \u00eelots de chaleur urbain (ICU en abr\u00e9g\u00e9) d\u00e9signent des \u00e9l\u00e9vations localis\u00e9es des temp\u00e9ratures, particuli\u00e8rement des temp\u00e9ratures maximales diurnes et nocturnes, enregistr\u00e9es en milieu urbain par rapport au zones rurales ou foresti\u00e8res voisines ou par rapport aux temp\u00e9ratures moyennes r\u00e9gionales. Au sein d'une m\u00eame ville, des diff\u00e9rences importantes de temp\u00e9rature\u2026","rel":"","context":"Dans &quot;Climat&quot;","block_context":{"text":"Climat","link":"https:\/\/www.laterredufutur.com\/accueil\/sujets\/climat\/"},"img":{"alt_text":"","src":"https:\/\/i0.wp.com\/www.laterredufutur.com\/accueil\/wp-content\/uploads\/2015\/04\/nord-de-paris.jpg?fit=400%2C300&ssl=1&resize=350%2C200","width":350,"height":200},"classes":[]},{"id":13314,"url":"https:\/\/www.laterredufutur.com\/accueil\/un-monde-de-reseau-de-taxis-volant-sans-pilotes-pourrait-voir-le-jour-grace-a-airbus\/","url_meta":{"origin":19677,"position":1},"title":"Un monde de r\u00e9seau de taxis volants sans pilote pourrait voir le jour gr\u00e2ce \u00e0 Airbus","author":"Admin","date":"24 septembre 2016","format":false,"excerpt":"L\u2019entreprise d\u2019a\u00e9ronautique Airbus souhaite fabriquer des taxis autonomes volants. Avec ce projet baptis\u00e9 CityAirbus, le groupe imagine le futur de la mobilit\u00e9 urbaine : des v\u00e9hicules mi-drone, mi-h\u00e9licopt\u00e8re. \"Dans un futur proche, nous utiliserons nos t\u00e9l\u00e9phones portables pour commander un taxi volant enti\u00e8rement automatis\u00e9 qui atterrira au pas de notre\u2026","rel":"","context":"Dans &quot;Monde Futur&quot;","block_context":{"text":"Monde Futur","link":"https:\/\/www.laterredufutur.com\/accueil\/sujets\/monde-futur\/"},"img":{"alt_text":"","src":"https:\/\/i0.wp.com\/www.laterredufutur.com\/accueil\/wp-content\/uploads\/2016\/09\/5element_besson.jpg?fit=510%2C288&ssl=1&resize=350%2C200","width":350,"height":200},"classes":[]},{"id":19595,"url":"https:\/\/www.laterredufutur.com\/accueil\/la-premiere-ville-foret-du-monde-sera-construite-en-chine\/","url_meta":{"origin":19677,"position":2},"title":"La premi\u00e8re ville-for\u00eat du monde sera construite en Chine","author":"Admin","date":"19 octobre 2019","format":false,"excerpt":"Un projet in\u00e9dit est en marche dans la province chinoise du Guangxi, au sud de la Chine. Dans la pr\u00e9fec\u00adture de Liuz\u00adhou, la premi\u00e8re ville-for\u00eat du monde est en cours de construc\u00adtion pour lutter contre la pollu\u00adtion. Desi\u00adgn\u00e9e par le cabi\u00adnet d\u2019ar\u00adchi\u00adtecte italien Stefano Boeri Archi\u00adtetti, qui d\u00e9ve\u00adloppe des projets\u2026","rel":"","context":"Dans &quot;Monde Futur&quot;","block_context":{"text":"Monde Futur","link":"https:\/\/www.laterredufutur.com\/accueil\/sujets\/monde-futur\/"},"img":{"alt_text":"","src":"https:\/\/i0.wp.com\/www.laterredufutur.com\/accueil\/wp-content\/uploads\/2019\/09\/ville-foret-chine-1.jpg?fit=750%2C500&ssl=1&resize=350%2C200","width":350,"height":200,"srcset":"https:\/\/i0.wp.com\/www.laterredufutur.com\/accueil\/wp-content\/uploads\/2019\/09\/ville-foret-chine-1.jpg?fit=750%2C500&ssl=1&resize=350%2C200 1x, https:\/\/i0.wp.com\/www.laterredufutur.com\/accueil\/wp-content\/uploads\/2019\/09\/ville-foret-chine-1.jpg?fit=750%2C500&ssl=1&resize=525%2C300 1.5x, https:\/\/i0.wp.com\/www.laterredufutur.com\/accueil\/wp-content\/uploads\/2019\/09\/ville-foret-chine-1.jpg?fit=750%2C500&ssl=1&resize=700%2C400 2x"},"classes":[]},{"id":1459,"url":"https:\/\/www.laterredufutur.com\/accueil\/un-monde-sans-voiture\/","url_meta":{"origin":19677,"position":3},"title":"Un monde sans voiture","author":"Admin","date":"30 juin 2013","format":false,"excerpt":"De plus en plus de sp\u00e9cialistes de l'environnement et de personnes qui \u00e9tudient la sociologie de notre soci\u00e9t\u00e9 sont d'accord pour dire que le XXeme si\u00e8cle a \u00e9t\u00e9 le si\u00e8cle de l'automobile, et que le XXIeme si\u00e8cle verra sa disparition. La r\u00e9volution de l'automobile aura \u00e9t\u00e9 un tournant ind\u00e9niable dans\u2026","rel":"","context":"Dans &quot;Monde Futur&quot;","block_context":{"text":"Monde Futur","link":"https:\/\/www.laterredufutur.com\/accueil\/sujets\/monde-futur\/"},"img":{"alt_text":"","src":"https:\/\/i0.wp.com\/www.laterredufutur.com\/wordpress\/wp-content\/uploads\/2013\/06\/module5.jpg?resize=350%2C200","width":350,"height":200},"classes":[]},{"id":26725,"url":"https:\/\/www.laterredufutur.com\/accueil\/un-monde-avec-des-designs-simplifies-un-monde-qui-a-change\/","url_meta":{"origin":19677,"position":4},"title":"Un monde avec des designs simplifi\u00e9s, un monde qui a chang\u00e9","author":"Admin","date":"27 f\u00e9vrier 2025","format":false,"excerpt":"La simplification ou la standardisation des objets et des constructions au fil du temps. Voici quelques raisons possibles pour lesquelles les d\u00e9tails peuvent \u00eatre \"effac\u00e9s\" ou simplifi\u00e9s dans la fabrication moderne : 1. Industrialisation et Production de Masse : Avec l'av\u00e8nement de la production de masse, les objets sont souvent\u2026","rel":"","context":"Dans &quot;Monde Futur&quot;","block_context":{"text":"Monde Futur","link":"https:\/\/www.laterredufutur.com\/accueil\/sujets\/monde-futur\/"},"img":{"alt_text":"","src":"https:\/\/i0.wp.com\/www.laterredufutur.com\/accueil\/wp-content\/uploads\/2025\/02\/le-monde-debut-XXe-siecle.jpg?fit=1024%2C1024&ssl=1&resize=350%2C200","width":350,"height":200,"srcset":"https:\/\/i0.wp.com\/www.laterredufutur.com\/accueil\/wp-content\/uploads\/2025\/02\/le-monde-debut-XXe-siecle.jpg?fit=1024%2C1024&ssl=1&resize=350%2C200 1x, https:\/\/i0.wp.com\/www.laterredufutur.com\/accueil\/wp-content\/uploads\/2025\/02\/le-monde-debut-XXe-siecle.jpg?fit=1024%2C1024&ssl=1&resize=525%2C300 1.5x, https:\/\/i0.wp.com\/www.laterredufutur.com\/accueil\/wp-content\/uploads\/2025\/02\/le-monde-debut-XXe-siecle.jpg?fit=1024%2C1024&ssl=1&resize=700%2C400 2x"},"classes":[]},{"id":26233,"url":"https:\/\/www.laterredufutur.com\/accueil\/les-orages-dete-sont-plus-forts-et-plus-frequents-dans-les-zones-urbaines\/","url_meta":{"origin":19677,"position":5},"title":"Les orages d&rsquo;\u00e9t\u00e9 sont plus forts et plus fr\u00e9quents dans les zones urbaines","author":"Admin","date":"18 septembre 2024","format":false,"excerpt":"Les orages d'\u00e9t\u00e9 sont g\u00e9n\u00e9ralement plus fr\u00e9quents, plus intenses et plus concentr\u00e9s au-dessus des villes qu'au-dessus des zones rurales, selon de nouvelles observations d\u00e9taill\u00e9es de huit villes et de leurs environs. Ces r\u00e9sultats pourraient modifier la fa\u00e7on dont les urbanistes se pr\u00e9parent aux inondations dans leurs villes, en particulier \u00e0\u2026","rel":"","context":"Dans &quot;M\u00e9t\u00e9orologie&quot;","block_context":{"text":"M\u00e9t\u00e9orologie","link":"https:\/\/www.laterredufutur.com\/accueil\/sujets\/meteorologie\/"},"img":{"alt_text":"","src":"https:\/\/i0.wp.com\/www.laterredufutur.com\/accueil\/wp-content\/uploads\/2024\/09\/orage-sur-paris.jpg?fit=1024%2C1024&ssl=1&resize=350%2C200","width":350,"height":200,"srcset":"https:\/\/i0.wp.com\/www.laterredufutur.com\/accueil\/wp-content\/uploads\/2024\/09\/orage-sur-paris.jpg?fit=1024%2C1024&ssl=1&resize=350%2C200 1x, https:\/\/i0.wp.com\/www.laterredufutur.com\/accueil\/wp-content\/uploads\/2024\/09\/orage-sur-paris.jpg?fit=1024%2C1024&ssl=1&resize=525%2C300 1.5x, https:\/\/i0.wp.com\/www.laterredufutur.com\/accueil\/wp-content\/uploads\/2024\/09\/orage-sur-paris.jpg?fit=1024%2C1024&ssl=1&resize=700%2C400 2x"},"classes":[]}],"jetpack_sharing_enabled":true,"_links":{"self":[{"href":"https:\/\/www.laterredufutur.com\/accueil\/wp-json\/wp\/v2\/posts\/19677","targetHints":{"allow":["GET"]}}],"collection":[{"href":"https:\/\/www.laterredufutur.com\/accueil\/wp-json\/wp\/v2\/posts"}],"about":[{"href":"https:\/\/www.laterredufutur.com\/accueil\/wp-json\/wp\/v2\/types\/post"}],"author":[{"embeddable":true,"href":"https:\/\/www.laterredufutur.com\/accueil\/wp-json\/wp\/v2\/users\/1"}],"replies":[{"embeddable":true,"href":"https:\/\/www.laterredufutur.com\/accueil\/wp-json\/wp\/v2\/comments?post=19677"}],"version-history":[{"count":1,"href":"https:\/\/www.laterredufutur.com\/accueil\/wp-json\/wp\/v2\/posts\/19677\/revisions"}],"predecessor-version":[{"id":19683,"href":"https:\/\/www.laterredufutur.com\/accueil\/wp-json\/wp\/v2\/posts\/19677\/revisions\/19683"}],"wp:featuredmedia":[{"embeddable":true,"href":"https:\/\/www.laterredufutur.com\/accueil\/wp-json\/wp\/v2\/media\/19679"}],"wp:attachment":[{"href":"https:\/\/www.laterredufutur.com\/accueil\/wp-json\/wp\/v2\/media?parent=19677"}],"wp:term":[{"taxonomy":"category","embeddable":true,"href":"https:\/\/www.laterredufutur.com\/accueil\/wp-json\/wp\/v2\/categories?post=19677"},{"taxonomy":"post_tag","embeddable":true,"href":"https:\/\/www.laterredufutur.com\/accueil\/wp-json\/wp\/v2\/tags?post=19677"}],"curies":[{"name":"wp","href":"https:\/\/api.w.org\/{rel}","templated":true}]}}