{"id":19616,"date":"2019-09-29T17:00:35","date_gmt":"2019-09-29T15:00:35","guid":{"rendered":"https:\/\/www.laterredufutur.com\/accueil\/?p=19616"},"modified":"2019-09-03T16:14:40","modified_gmt":"2019-09-03T14:14:40","slug":"la-nasa-vise-la-lune-europe-propice-a-la-vie","status":"publish","type":"post","link":"https:\/\/www.laterredufutur.com\/accueil\/la-nasa-vise-la-lune-europe-propice-a-la-vie\/","title":{"rendered":"La Nasa vise la lune Europe propice \u00e0 la vie"},"content":{"rendered":"<div class=\"1665f18d14f35dd9e7566e1a8ac9a3e9\" data-index=\"1\" style=\"float: none; margin:10px 0 10px 0; text-align:center;\">\n<script async src=\"https:\/\/pagead2.googlesyndication.com\/pagead\/js\/adsbygoogle.js\"><\/script>\r\n<ins class=\"adsbygoogle\"\r\n     style=\"display:block; text-align:center;\"\r\n     data-ad-layout=\"in-article\"\r\n     data-ad-format=\"fluid\"\r\n     data-ad-client=\"ca-pub-2860849627502538\"\r\n     data-ad-slot=\"3019501113\"><\/ins>\r\n<script>\r\n     (adsbygoogle = window.adsbygoogle || []).push({});\r\n<\/script>\n<\/div>\n<p>Un monde oc\u00e9anique glac\u00e9 dans notre syst\u00e8me solaire, qui pourrait nous en dire plus sur le potentiel de vie sur d&rsquo;autres mondes, est en train de se focaliser avec la confirmation de la prochaine mission Europa Clipper. Cette d\u00e9cision permet \u00e0 la mission d\u2019achever la conception finale, suivie de la construction et de la mise \u00e0 l\u2019essai de l\u2019ensemble du satellite.<\/p>\n<p>\u00ab\u00a0Nous sommes tous enthousiasm\u00e9s par la d\u00e9cision qui fera de la mission Europa Clipper un pas d\u00e9cisif vers la d\u00e9couverte des myst\u00e8res de ce monde oc\u00e9anique\u00a0\u00bb, a d\u00e9clar\u00e9 Thomas Zurbuchen, administrateur adjoint de la Direction de la mission scientifique au si\u00e8ge de la NASA \u00e0 Washington. \u00ab\u00a0Nous nous appuyons sur les connaissances scientifiques re\u00e7ues des vaisseaux phares Galileo et Cassini et travaillons \u00e0 l&rsquo;am\u00e9lioration de notre compr\u00e9hension de notre origine cosmique, et m\u00eame de la vie ailleurs.\u00a0\u00bb<\/p>\n<p>La mission m\u00e8nera une exploration en profondeur de la lune de Jupiter, Europe, et cherchera \u00e0 d\u00e9terminer si la lune glac\u00e9e pourrait abriter des conditions propices \u00e0 la vie, en approfondissant nos connaissances en astrobiologie. Pour d\u00e9velopper cette mission de la mani\u00e8re la plus rentable, la NASA souhaite que le satellite Europa Clipper soit complet et pr\u00eat \u00e0 \u00eatre lanc\u00e9 d\u00e8s 2023. L&rsquo;engagement de base de l&rsquo;agence, toutefois, pr\u00e9conise une date de pr\u00e9paration au lancement \u00e0 l&rsquo;horizon 2025.<\/p><div class=\"1665f18d14f35dd9e7566e1a8ac9a3e9\" data-index=\"2\" style=\"float: none; margin:10px 0 10px 0; text-align:center;\">\n<script async src=\"https:\/\/pagead2.googlesyndication.com\/pagead\/js\/adsbygoogle.js\"><\/script>\r\n<ins class=\"adsbygoogle\"\r\n     style=\"display:block; text-align:center;\"\r\n     data-ad-layout=\"in-article\"\r\n     data-ad-format=\"fluid\"\r\n     data-ad-client=\"ca-pub-2860849627502538\"\r\n     data-ad-slot=\"3019501113\"><\/ins>\r\n<script>\r\n     (adsbygoogle = window.adsbygoogle || []).push({});\r\n<\/script>\n<\/div>\n\n<p>Le laboratoire de propulsion par r\u00e9action de la NASA \u00e0 Pasadena, en Californie, dirige le d\u00e9veloppement de la mission Europa Clipper en partenariat avec le laboratoire de physique appliqu\u00e9e de l&rsquo;Universit\u00e9 Johns Hopkins pour la direction de la mission scientifique. Europa Clipper est g\u00e9r\u00e9 par le Bureau du programme de missions plan\u00e9taires du Marshall Space Flight Center de la NASA \u00e0 Huntsville, en Alabama.<\/p>\n<p><img data-recalc-dims=\"1\" loading=\"lazy\" decoding=\"async\" data-attachment-id=\"2316\" data-permalink=\"https:\/\/www.laterredufutur.com\/accueil\/objectif-europe\/_photos_europe7\/\" data-orig-file=\"https:\/\/i0.wp.com\/www.laterredufutur.com\/accueil\/wp-content\/uploads\/2014\/11\/.._photos_europe7.jpg?fit=450%2C325&amp;ssl=1\" data-orig-size=\"450,325\" data-comments-opened=\"1\" data-image-meta=\"{&quot;aperture&quot;:&quot;0&quot;,&quot;credit&quot;:&quot;&quot;,&quot;camera&quot;:&quot;&quot;,&quot;caption&quot;:&quot;&quot;,&quot;created_timestamp&quot;:&quot;0&quot;,&quot;copyright&quot;:&quot;&quot;,&quot;focal_length&quot;:&quot;0&quot;,&quot;iso&quot;:&quot;0&quot;,&quot;shutter_speed&quot;:&quot;0&quot;,&quot;title&quot;:&quot;&quot;,&quot;orientation&quot;:&quot;0&quot;}\" data-image-title=\".._photos_europe7\" data-image-description=\"\" data-image-caption=\"\" data-large-file=\"https:\/\/i0.wp.com\/www.laterredufutur.com\/accueil\/wp-content\/uploads\/2014\/11\/.._photos_europe7.jpg?fit=450%2C325&amp;ssl=1\" class=\"size-full wp-image-2316 aligncenter\" src=\"https:\/\/i0.wp.com\/www.laterredufutur.com\/accueil\/wp-content\/uploads\/2014\/11\/.._photos_europe7.jpg?resize=450%2C325&#038;ssl=1\" alt=\"\" width=\"450\" height=\"325\" srcset=\"https:\/\/i0.wp.com\/www.laterredufutur.com\/accueil\/wp-content\/uploads\/2014\/11\/.._photos_europe7.jpg?w=450&amp;ssl=1 450w, https:\/\/i0.wp.com\/www.laterredufutur.com\/accueil\/wp-content\/uploads\/2014\/11\/.._photos_europe7.jpg?resize=300%2C217&amp;ssl=1 300w\" sizes=\"auto, (max-width: 450px) 100vw, 450px\" \/><\/p>\n<p><img data-recalc-dims=\"1\" loading=\"lazy\" decoding=\"async\" data-attachment-id=\"2311\" data-permalink=\"https:\/\/www.laterredufutur.com\/accueil\/objectif-europe\/_photos_europe2\/\" data-orig-file=\"https:\/\/i0.wp.com\/www.laterredufutur.com\/accueil\/wp-content\/uploads\/2014\/11\/.._photos_europe2.jpg?fit=450%2C466&amp;ssl=1\" data-orig-size=\"450,466\" data-comments-opened=\"1\" data-image-meta=\"{&quot;aperture&quot;:&quot;0&quot;,&quot;credit&quot;:&quot;&quot;,&quot;camera&quot;:&quot;&quot;,&quot;caption&quot;:&quot;&quot;,&quot;created_timestamp&quot;:&quot;0&quot;,&quot;copyright&quot;:&quot;&quot;,&quot;focal_length&quot;:&quot;0&quot;,&quot;iso&quot;:&quot;0&quot;,&quot;shutter_speed&quot;:&quot;0&quot;,&quot;title&quot;:&quot;&quot;,&quot;orientation&quot;:&quot;0&quot;}\" data-image-title=\".._photos_europe2\" data-image-description=\"\" data-image-caption=\"\" data-large-file=\"https:\/\/i0.wp.com\/www.laterredufutur.com\/accueil\/wp-content\/uploads\/2014\/11\/.._photos_europe2.jpg?fit=450%2C466&amp;ssl=1\" class=\"size-full wp-image-2311 aligncenter\" src=\"https:\/\/i0.wp.com\/www.laterredufutur.com\/accueil\/wp-content\/uploads\/2014\/11\/.._photos_europe2.jpg?resize=450%2C466&#038;ssl=1\" alt=\"\" width=\"450\" height=\"466\" srcset=\"https:\/\/i0.wp.com\/www.laterredufutur.com\/accueil\/wp-content\/uploads\/2014\/11\/.._photos_europe2.jpg?w=450&amp;ssl=1 450w, https:\/\/i0.wp.com\/www.laterredufutur.com\/accueil\/wp-content\/uploads\/2014\/11\/.._photos_europe2.jpg?resize=290%2C300&amp;ssl=1 290w\" sizes=\"auto, (max-width: 450px) 100vw, 450px\" \/><\/p>\n<p><img data-recalc-dims=\"1\" loading=\"lazy\" decoding=\"async\" data-attachment-id=\"2313\" data-permalink=\"https:\/\/www.laterredufutur.com\/accueil\/objectif-europe\/_photos_europe4\/\" data-orig-file=\"https:\/\/i0.wp.com\/www.laterredufutur.com\/accueil\/wp-content\/uploads\/2014\/11\/.._photos_europe4.jpg?fit=450%2C332&amp;ssl=1\" data-orig-size=\"450,332\" data-comments-opened=\"1\" data-image-meta=\"{&quot;aperture&quot;:&quot;0&quot;,&quot;credit&quot;:&quot;&quot;,&quot;camera&quot;:&quot;&quot;,&quot;caption&quot;:&quot;&quot;,&quot;created_timestamp&quot;:&quot;0&quot;,&quot;copyright&quot;:&quot;&quot;,&quot;focal_length&quot;:&quot;0&quot;,&quot;iso&quot;:&quot;0&quot;,&quot;shutter_speed&quot;:&quot;0&quot;,&quot;title&quot;:&quot;&quot;,&quot;orientation&quot;:&quot;0&quot;}\" data-image-title=\".._photos_europe4\" data-image-description=\"\" data-image-caption=\"\" data-large-file=\"https:\/\/i0.wp.com\/www.laterredufutur.com\/accueil\/wp-content\/uploads\/2014\/11\/.._photos_europe4.jpg?fit=450%2C332&amp;ssl=1\" class=\"size-full wp-image-2313 aligncenter\" src=\"https:\/\/i0.wp.com\/www.laterredufutur.com\/accueil\/wp-content\/uploads\/2014\/11\/.._photos_europe4.jpg?resize=450%2C332&#038;ssl=1\" alt=\"\" width=\"450\" height=\"332\" srcset=\"https:\/\/i0.wp.com\/www.laterredufutur.com\/accueil\/wp-content\/uploads\/2014\/11\/.._photos_europe4.jpg?w=450&amp;ssl=1 450w, https:\/\/i0.wp.com\/www.laterredufutur.com\/accueil\/wp-content\/uploads\/2014\/11\/.._photos_europe4.jpg?resize=300%2C221&amp;ssl=1 300w, https:\/\/i0.wp.com\/www.laterredufutur.com\/accueil\/wp-content\/uploads\/2014\/11\/.._photos_europe4.jpg?resize=70%2C53&amp;ssl=1 70w\" sizes=\"auto, (max-width: 450px) 100vw, 450px\" \/><\/p>\n<p>source : <a href=\"https:\/\/www.jpl.nasa.gov\/news\/news.php?feature=7480\" target=\"_blank\" rel=\"noopener noreferrer\">https:\/\/www.jpl.nasa.gov\/<\/a><\/p>\n<p class=\"bawpvc-ajax-counter\" data-id=\"19616\">(332)<\/p>\n<!--CusAds0-->\n<div style=\"font-size: 0px; height: 0px; line-height: 0px; margin: 0; padding: 0; clear: both;\"><\/div>","protected":false},"excerpt":{"rendered":"<p>Un monde oc\u00e9anique glac\u00e9 dans notre syst\u00e8me solaire, qui pourrait nous en dire plus sur le potentiel de vie sur&#8230;<\/p>\n","protected":false},"author":1,"featured_media":19617,"comment_status":"open","ping_status":"open","sticky":false,"template":"","format":"standard","meta":{"_exactmetrics_skip_tracking":false,"_exactmetrics_sitenote_active":false,"_exactmetrics_sitenote_note":"","_exactmetrics_sitenote_category":0,"ngg_post_thumbnail":0,"jetpack_post_was_ever_published":false,"_jetpack_newsletter_access":"","_jetpack_dont_email_post_to_subs":false,"_jetpack_newsletter_tier_id":0,"_jetpack_memberships_contains_paywalled_content":false,"_jetpack_memberships_contains_paid_content":false,"footnotes":"","jetpack_publicize_message":"La Nasa vise la lune Europe propice \u00e0 la vie @laterredufutur.com Terra Projects","jetpack_publicize_feature_enabled":true,"jetpack_social_post_already_shared":true,"jetpack_social_options":{"image_generator_settings":{"template":"highway","default_image_id":0,"font":"","enabled":false},"version":2}},"categories":[22],"tags":[188,122,2142,119,121,7245,363,308],"class_list":["post-19616","post","type-post","status-publish","format-standard","has-post-thumbnail","hentry","category-espace","tag-europe","tag-lune","tag-mission","tag-nasa","tag-planete","tag-satellite-europa-clipper","tag-systeme-solaire","tag-vie","wpcat-22-id"],"jetpack_publicize_connections":[],"jetpack_featured_media_url":"https:\/\/i0.wp.com\/www.laterredufutur.com\/accueil\/wp-content\/uploads\/2019\/09\/mission-nasa-europe.jpg?fit=1400%2C788&ssl=1","jetpack_shortlink":"https:\/\/wp.me\/p631RN-56o","jetpack-related-posts":[{"id":6960,"url":"https:\/\/www.laterredufutur.com\/accueil\/y-a-t-il-de-la-vie-sur-europe\/","url_meta":{"origin":19616,"position":0},"title":"Y a-t-il de la vie sur Europe ?","author":"Admin","date":"31 mai 2015","format":false,"excerpt":"Y a-t-il de la vie sur Europe ? C'est ce que la derni\u00e8re mission de la NASA esp\u00e8re trouver . Cette semaine, la r\u00e9alisation du projet \"Europa clipper\" s'est pr\u00e9cis\u00e9e. D'ici une dizaine d'ann\u00e9es, un vaisseau spatial pourrait tourner en orbite autour d'Europe, satellite de Jupiter, premi\u00e8re \u00e9tape vers la\u2026","rel":"","context":"Dans &quot;Espace&quot;","block_context":{"text":"Espace","link":"https:\/\/www.laterredufutur.com\/accueil\/sujets\/espace\/"},"img":{"alt_text":"","src":"https:\/\/i0.wp.com\/www.laterredufutur.com\/accueil\/wp-content\/uploads\/2014\/11\/.._photos_europe3.jpg?fit=450%2C582&ssl=1&resize=350%2C200","width":350,"height":200},"classes":[]},{"id":2317,"url":"https:\/\/www.laterredufutur.com\/accueil\/objectif-europe\/","url_meta":{"origin":19616,"position":1},"title":"Objectif Europe","author":"Admin","date":"30 novembre 2014","format":false,"excerpt":"Et si la plan\u00e8te la plus passionnante n'\u00e9tait plus Mars mais plut\u00f4t une Lune de Jupiter ? C'est ce qui semble se dessiner de plus en plus si on analyse la situation de cette lune.\u00a0Les scientifiques sont assez confiants : la 6e lune de Jupiter, Europe, abriterait un vaste oc\u00e9an\u2026","rel":"","context":"Dans &quot;Espace&quot;","block_context":{"text":"Espace","link":"https:\/\/www.laterredufutur.com\/accueil\/sujets\/espace\/"},"img":{"alt_text":"","src":"https:\/\/i0.wp.com\/www.laterredufutur.com\/wordpress\/wp-content\/uploads\/2014\/11\/.._photos_europe1.jpg?resize=350%2C200","width":350,"height":200},"classes":[]},{"id":25240,"url":"https:\/\/www.laterredufutur.com\/accueil\/le-telescope-james-webb-decouvre-une-signature-potentielle-de-vie-sur-la-lune-glacee-de-jupiter-europe\/","url_meta":{"origin":19616,"position":2},"title":"Le t\u00e9lescope James Webb d\u00e9couvre une signature potentielle de vie sur la lune glac\u00e9e de Jupiter, Europe","author":"Admin","date":"29 septembre 2023","format":false,"excerpt":"La d\u00e9couverte de dioxyde de carbone apparemment produit sur cette lune sugg\u00e8re que l'oc\u00e9an glac\u00e9 d'Europe pourrait \u00eatre habitable. Le t\u00e9lescope spatial James Webb (JWST) de la NASA a r\u00e9v\u00e9l\u00e9 la pr\u00e9sence de dioxyde de carbone artificiel sur la lune glac\u00e9e de Jupiter, ce qui soul\u00e8ve la possibilit\u00e9 que ce\u2026","rel":"","context":"Dans &quot;Espace&quot;","block_context":{"text":"Espace","link":"https:\/\/www.laterredufutur.com\/accueil\/sujets\/espace\/"},"img":{"alt_text":"","src":"https:\/\/i0.wp.com\/www.laterredufutur.com\/accueil\/wp-content\/uploads\/2023\/09\/lune-europe.webp?fit=970%2C546&ssl=1&resize=350%2C200","width":350,"height":200,"srcset":"https:\/\/i0.wp.com\/www.laterredufutur.com\/accueil\/wp-content\/uploads\/2023\/09\/lune-europe.webp?fit=970%2C546&ssl=1&resize=350%2C200 1x, https:\/\/i0.wp.com\/www.laterredufutur.com\/accueil\/wp-content\/uploads\/2023\/09\/lune-europe.webp?fit=970%2C546&ssl=1&resize=525%2C300 1.5x, https:\/\/i0.wp.com\/www.laterredufutur.com\/accueil\/wp-content\/uploads\/2023\/09\/lune-europe.webp?fit=970%2C546&ssl=1&resize=700%2C400 2x"},"classes":[]},{"id":8994,"url":"https:\/\/www.laterredufutur.com\/accueil\/la-sonde-cassini-va-traverser-un-geyser-dencelade\/","url_meta":{"origin":19616,"position":3},"title":"La sonde Cassini va traverser un geyser d&rsquo;Encelade","author":"Admin","date":"27 octobre 2015","format":false,"excerpt":"La sonde Cassini survolera un geyser de particules de glace de la lune Encelade de Saturne au plus pr\u00e8s, soit \u00e0 49 km de la surface. En programmant cette travers\u00e9e, la Nasa esp\u00e8re ainsi collecter de nouvelles informations sur les activit\u00e9s de l\u2019oc\u00e9an et les conditions permettant \u00e0 la vie\u2026","rel":"","context":"Dans &quot;Espace&quot;","block_context":{"text":"Espace","link":"https:\/\/www.laterredufutur.com\/accueil\/sujets\/espace\/"},"img":{"alt_text":"","src":"https:\/\/i0.wp.com\/www.laterredufutur.com\/accueil\/wp-content\/uploads\/2015\/10\/encelade.jpg?fit=1200%2C472&ssl=1&resize=350%2C200","width":350,"height":200,"srcset":"https:\/\/i0.wp.com\/www.laterredufutur.com\/accueil\/wp-content\/uploads\/2015\/10\/encelade.jpg?fit=1200%2C472&ssl=1&resize=350%2C200 1x, https:\/\/i0.wp.com\/www.laterredufutur.com\/accueil\/wp-content\/uploads\/2015\/10\/encelade.jpg?fit=1200%2C472&ssl=1&resize=525%2C300 1.5x, https:\/\/i0.wp.com\/www.laterredufutur.com\/accueil\/wp-content\/uploads\/2015\/10\/encelade.jpg?fit=1200%2C472&ssl=1&resize=700%2C400 2x, https:\/\/i0.wp.com\/www.laterredufutur.com\/accueil\/wp-content\/uploads\/2015\/10\/encelade.jpg?fit=1200%2C472&ssl=1&resize=1050%2C600 3x"},"classes":[]},{"id":6745,"url":"https:\/\/www.laterredufutur.com\/accueil\/du-sel-de-mer-irradie-a-la-surface-de-la-lune-europe\/","url_meta":{"origin":19616,"position":4},"title":"Du sel de mer irradi\u00e9 \u00e0 la surface de la lune Europe","author":"Admin","date":"3 juin 2015","format":false,"excerpt":"La substance sombre qui \u00e9merge de la surface d\u2019Europe d\u00e9concerte les astronomes depuis des ann\u00e9es. Selon une r\u00e9cente \u00e9tude r\u00e9alis\u00e9e par une \u00e9quipe de recherche de la NASA, il s\u2019agirait\u2026 de sel de mer irradi\u00e9. Le monde scientifique s\u2019int\u00e9resse \u00e0 Europe, car celle-ci pourrait bien abriter la vie. En effet,\u2026","rel":"","context":"Dans &quot;Espace&quot;","block_context":{"text":"Espace","link":"https:\/\/www.laterredufutur.com\/accueil\/sujets\/espace\/"},"img":{"alt_text":"","src":"https:\/\/i0.wp.com\/www.laterredufutur.com\/accueil\/wp-content\/uploads\/2014\/11\/.._photos_europe4.jpg?fit=450%2C332&ssl=1&resize=350%2C200","width":350,"height":200},"classes":[]},{"id":13412,"url":"https:\/\/www.laterredufutur.com\/accueil\/objectif-europe-revelations-de-la-nasa\/","url_meta":{"origin":19616,"position":5},"title":"Objectif Europe, r\u00e9v\u00e9lations de la NASA ?","author":"Admin","date":"23 septembre 2016","format":false,"excerpt":"Le 26 septembre 2016, la Nasa va tenir une conf\u00e9rence de presse pour pr\u00e9senter les r\u00e9sultats des analyses du t\u00e9lescope spatial Hubble. Elle a assur\u00e9 avoir une r\u00e9v\u00e9lation surprenante \u00e0 faire concernant Europe, l\u2019un des satellites de Jupiter. Jupiter poss\u00e8de en plus d\u2019Europe, trois autres satellites galil\u00e9ens : Ganym\u00e8de, Io\u2026","rel":"","context":"Dans &quot;Espace&quot;","block_context":{"text":"Espace","link":"https:\/\/www.laterredufutur.com\/accueil\/sujets\/espace\/"},"img":{"alt_text":"","src":"https:\/\/i0.wp.com\/www.laterredufutur.com\/accueil\/wp-content\/uploads\/2014\/11\/.._photos_europe2.jpg?fit=450%2C466&ssl=1&resize=350%2C200","width":350,"height":200},"classes":[]}],"jetpack_sharing_enabled":true,"_links":{"self":[{"href":"https:\/\/www.laterredufutur.com\/accueil\/wp-json\/wp\/v2\/posts\/19616","targetHints":{"allow":["GET"]}}],"collection":[{"href":"https:\/\/www.laterredufutur.com\/accueil\/wp-json\/wp\/v2\/posts"}],"about":[{"href":"https:\/\/www.laterredufutur.com\/accueil\/wp-json\/wp\/v2\/types\/post"}],"author":[{"embeddable":true,"href":"https:\/\/www.laterredufutur.com\/accueil\/wp-json\/wp\/v2\/users\/1"}],"replies":[{"embeddable":true,"href":"https:\/\/www.laterredufutur.com\/accueil\/wp-json\/wp\/v2\/comments?post=19616"}],"version-history":[{"count":2,"href":"https:\/\/www.laterredufutur.com\/accueil\/wp-json\/wp\/v2\/posts\/19616\/revisions"}],"predecessor-version":[{"id":19619,"href":"https:\/\/www.laterredufutur.com\/accueil\/wp-json\/wp\/v2\/posts\/19616\/revisions\/19619"}],"wp:featuredmedia":[{"embeddable":true,"href":"https:\/\/www.laterredufutur.com\/accueil\/wp-json\/wp\/v2\/media\/19617"}],"wp:attachment":[{"href":"https:\/\/www.laterredufutur.com\/accueil\/wp-json\/wp\/v2\/media?parent=19616"}],"wp:term":[{"taxonomy":"category","embeddable":true,"href":"https:\/\/www.laterredufutur.com\/accueil\/wp-json\/wp\/v2\/categories?post=19616"},{"taxonomy":"post_tag","embeddable":true,"href":"https:\/\/www.laterredufutur.com\/accueil\/wp-json\/wp\/v2\/tags?post=19616"}],"curies":[{"name":"wp","href":"https:\/\/api.w.org\/{rel}","templated":true}]}}