{"id":19459,"date":"2019-07-15T19:14:09","date_gmt":"2019-07-15T17:14:09","guid":{"rendered":"https:\/\/www.laterredufutur.com\/accueil\/?p=19459"},"modified":"2019-07-15T19:16:56","modified_gmt":"2019-07-15T17:16:56","slug":"une-eruption-mysterieuse-a-ete-retrouvee-venant-de-la-caldeira-des-campi-flegrei","status":"publish","type":"post","link":"https:\/\/www.laterredufutur.com\/accueil\/une-eruption-mysterieuse-a-ete-retrouvee-venant-de-la-caldeira-des-campi-flegrei\/","title":{"rendered":"Une \u00e9ruption myst\u00e9rieuse a \u00e9t\u00e9 retrouv\u00e9e venant de la caldeira des Campi Flegrei"},"content":{"rendered":"<div class=\"1665f18d14f35dd9e7566e1a8ac9a3e9\" data-index=\"1\" style=\"float: none; margin:10px 0 10px 0; text-align:center;\">\n<script async src=\"https:\/\/pagead2.googlesyndication.com\/pagead\/js\/adsbygoogle.js\"><\/script>\r\n<ins class=\"adsbygoogle\"\r\n     style=\"display:block; text-align:center;\"\r\n     data-ad-layout=\"in-article\"\r\n     data-ad-format=\"fluid\"\r\n     data-ad-client=\"ca-pub-2860849627502538\"\r\n     data-ad-slot=\"3019501113\"><\/ins>\r\n<script>\r\n     (adsbygoogle = window.adsbygoogle || []).push({});\r\n<\/script>\n<\/div>\n<p>L&rsquo;\u00e9ruption de Campi Flegrei (Italie) il y a 40 000 ans est la plus grande \u00e9ruption connue en Europe au cours des 200 000 derni\u00e8res ann\u00e9es, mais on sait peu de choses sur les autres grandes \u00e9ruptions du volcan avant un \u00e9v\u00e9nement plus r\u00e9cent de la formation de la caldeira, il y a 15 000 ans. <strong>Un nouvel article en G\u00e9ologie de Paul Albert et ses coll\u00e8gues parle d&rsquo;une \u00e9ruption vieille de 29 000 ans<\/strong>, ici v\u00e9rifi\u00e9e comme provenant des Campi Flegrei, qui a r\u00e9pandu une couche de cendres volcaniques sur plus de 150 000 kilom\u00e8tres carr\u00e9s en M\u00e9diterran\u00e9e.<\/p>\n<p>La connaissance des grandes \u00e9ruptions explosives est surtout \u00e9tablie \u00e0 partir d&rsquo;\u00e9tudes g\u00e9ologiques des d\u00e9p\u00f4ts expos\u00e9s autour du volcan principal. Les d\u00e9p\u00f4ts de grandes \u00e9ruptions formant d&rsquo;\u00e9paisses s\u00e9quences. Cependant, depuis \u00e0 la fin des ann\u00e9es 1970, une couche de cendres volcaniques, datant d&rsquo;il y a environ 29 000 ans, a \u00e9t\u00e9 commun\u00e9ment identifi\u00e9e dans des carottes de s\u00e9diments marins et lacustres de l&rsquo;autre c\u00f4t\u00e9 de la M\u00e9diterran\u00e9e, apportant des \u00e9l\u00e9ments concrets sur l&rsquo;occurrence d&rsquo;une \u00e9ruption de grande ampleur. Malgr\u00e9 ces cendres r\u00e9pandues et cet \u00e2ge relativement jeune, aucune preuve \u00e9vidente d&rsquo;un tel \u00e9v\u00e9nement n&rsquo;a \u00e9t\u00e9 identifi\u00e9e sur aucun des principaux volcans actifs de la r\u00e9gion.<\/p><div class=\"1665f18d14f35dd9e7566e1a8ac9a3e9\" data-index=\"2\" style=\"float: none; margin:10px 0 10px 0; text-align:center;\">\n<script async src=\"https:\/\/pagead2.googlesyndication.com\/pagead\/js\/adsbygoogle.js\"><\/script>\r\n<ins class=\"adsbygoogle\"\r\n     style=\"display:block; text-align:center;\"\r\n     data-ad-layout=\"in-article\"\r\n     data-ad-format=\"fluid\"\r\n     data-ad-client=\"ca-pub-2860849627502538\"\r\n     data-ad-slot=\"3019501113\"><\/ins>\r\n<script>\r\n     (adsbygoogle = window.adsbygoogle || []).push({});\r\n<\/script>\n<\/div>\n\n<p>Dans cette \u00e9tude, l&rsquo;analyse chimique d\u00e9taill\u00e9e (verre volcanique) d&rsquo;un gisement \u00e9ruptif d\u00e9couvert \u00e0 cinq kilom\u00e8tres au nord-est des Campi Flegrei caldera \u00e0 Naples, en Italie, est enti\u00e8rement compatible avec la composition distinctive de cette couche de cendres. Combin\u00e9 \u00e0 une nouvelle datation du gisement des \u00e9ruptions, ceci confirme que les Campi Flegrei sont responsables de cette couche de cendres.<\/p>\n<p>Les contraintes sur la taille de l&rsquo;\u00e9ruption ont \u00e9t\u00e9 d\u00e9termin\u00e9es par l&rsquo;\u00e9quipe \u00e0 l&rsquo;aide d&rsquo;un mod\u00e8le de calcul de dispersion des cendres qui a int\u00e9gr\u00e9 aux \u00e9paisseurs des gisements d&rsquo;\u00e9ruptions proches de la source, appel\u00e9s ici la Masseria del Monte Tuff, avec celles de la chute de cendres correspondante \u00e0 travers la M\u00e9diterran\u00e9e.<\/p>\n<p><img data-recalc-dims=\"1\" loading=\"lazy\" decoding=\"async\" data-attachment-id=\"19460\" data-permalink=\"https:\/\/www.laterredufutur.com\/accueil\/une-eruption-mysterieuse-a-ete-retrouvee-venant-de-la-caldeira-des-campi-flegrei\/campi-flegrei-5\/\" data-orig-file=\"https:\/\/i0.wp.com\/www.laterredufutur.com\/accueil\/wp-content\/uploads\/2019\/07\/campi-flegrei.jpg?fit=800%2C480&amp;ssl=1\" data-orig-size=\"800,480\" data-comments-opened=\"1\" data-image-meta=\"{&quot;aperture&quot;:&quot;0&quot;,&quot;credit&quot;:&quot;&quot;,&quot;camera&quot;:&quot;&quot;,&quot;caption&quot;:&quot;&quot;,&quot;created_timestamp&quot;:&quot;0&quot;,&quot;copyright&quot;:&quot;&quot;,&quot;focal_length&quot;:&quot;0&quot;,&quot;iso&quot;:&quot;0&quot;,&quot;shutter_speed&quot;:&quot;0&quot;,&quot;title&quot;:&quot;&quot;,&quot;orientation&quot;:&quot;0&quot;}\" data-image-title=\"campi-flegrei\" data-image-description=\"\" data-image-caption=\"\" data-large-file=\"https:\/\/i0.wp.com\/www.laterredufutur.com\/accueil\/wp-content\/uploads\/2019\/07\/campi-flegrei.jpg?fit=800%2C480&amp;ssl=1\" class=\"alignnone size-full wp-image-19460\" src=\"https:\/\/i0.wp.com\/www.laterredufutur.com\/accueil\/wp-content\/uploads\/2019\/07\/campi-flegrei.jpg?resize=800%2C480&#038;ssl=1\" alt=\"\" width=\"800\" height=\"480\" srcset=\"https:\/\/i0.wp.com\/www.laterredufutur.com\/accueil\/wp-content\/uploads\/2019\/07\/campi-flegrei.jpg?w=800&amp;ssl=1 800w, https:\/\/i0.wp.com\/www.laterredufutur.com\/accueil\/wp-content\/uploads\/2019\/07\/campi-flegrei.jpg?resize=300%2C180&amp;ssl=1 300w, https:\/\/i0.wp.com\/www.laterredufutur.com\/accueil\/wp-content\/uploads\/2019\/07\/campi-flegrei.jpg?resize=768%2C461&amp;ssl=1 768w\" sizes=\"auto, (max-width: 800px) 100vw, 800px\" \/><\/p>\n<p>Ici l&rsquo;ensemble du Campi Flegrei. Source : Image de l&rsquo;Observatoire de la Terre de la NASA, prise par Jesse Allen et Robert Simmon, \u00e0 l&rsquo;aide des donn\u00e9es EO-1 ALI de l&rsquo;\u00e9quipe EO-1 de la NASA.<\/p>\n<p>Adaptation <a href=\"https:\/\/www.laterredufutur.com\/accueil\/\" target=\"_blank\" rel=\"noopener noreferrer\">La Terre du Futur &#8211; Terra Projects<\/a><\/p>\n<p>source : <a href=\"https:\/\/phys.org\/news\/2019-04-mysterious-eruption-campi-flegrei-caldera.html\" target=\"_blank\" rel=\"noopener noreferrer\">https:\/\/phys.org\/<\/a><\/p>\n<p class=\"bawpvc-ajax-counter\" data-id=\"19459\">(1355)<\/p>\n<!--CusAds0-->\n<div style=\"font-size: 0px; height: 0px; line-height: 0px; margin: 0; padding: 0; clear: both;\"><\/div>","protected":false},"excerpt":{"rendered":"<p>L&rsquo;\u00e9ruption de Campi Flegrei (Italie) il y a 40 000 ans est la plus grande \u00e9ruption connue en Europe au&#8230;<\/p>\n","protected":false},"author":1,"featured_media":19462,"comment_status":"open","ping_status":"open","sticky":false,"template":"","format":"standard","meta":{"_exactmetrics_skip_tracking":false,"_exactmetrics_sitenote_active":false,"_exactmetrics_sitenote_note":"","_exactmetrics_sitenote_category":0,"ngg_post_thumbnail":0,"jetpack_post_was_ever_published":false,"_jetpack_newsletter_access":"","_jetpack_dont_email_post_to_subs":false,"_jetpack_newsletter_tier_id":0,"_jetpack_memberships_contains_paywalled_content":false,"_jetpack_memberships_contains_paid_content":false,"footnotes":"","jetpack_publicize_message":"Une \u00e9ruption myst\u00e9rieuse a \u00e9t\u00e9 retrouv\u00e9e dans la caldeira des Campi Flegrei @laterredufutur.com Terra Projects","jetpack_publicize_feature_enabled":true,"jetpack_social_post_already_shared":true,"jetpack_social_options":{"image_generator_settings":{"template":"highway","default_image_id":0,"font":"","enabled":false},"version":2}},"categories":[19],"tags":[7217,4571,377,374,1615,2859,2858],"class_list":["post-19459","post","type-post","status-publish","format-standard","has-post-thumbnail","hentry","category-seismes-et-volcans","tag-29000-ans","tag-campi-flegrei","tag-cendres","tag-eruption","tag-mediterranee","tag-naples","tag-vesuve","wpcat-19-id"],"jetpack_publicize_connections":[],"jetpack_featured_media_url":"https:\/\/i0.wp.com\/www.laterredufutur.com\/accueil\/wp-content\/uploads\/2019\/07\/naples-champs-phelegreens-1.jpg?fit=960%2C466&ssl=1","jetpack_shortlink":"https:\/\/wp.me\/p631RN-53R","jetpack-related-posts":[{"id":15279,"url":"https:\/\/www.laterredufutur.com\/accueil\/la-caldeira-campi-flegrei-de-naples-inquiete-particulierement-les-scientifiques\/","url_meta":{"origin":19459,"position":0},"title":"La caldeira Campi Flegrei de Naples inqui\u00e8te particuli\u00e8rement les scientifiques","author":"Admin","date":"21 mai 2017","format":false,"excerpt":"D\u2019apr\u00e8s une \u00e9tude, un supervolcan situ\u00e9 \u00e0 9 kilom\u00e8tres de Naples serait sur le point d\u2019entrer en \u00e9ruption. Une situation des plus pr\u00e9occupantes surtout au regard de l\u2019intensit\u00e9 de ses pr\u00e9c\u00e9dentes \u00e9ruptions. UN SUPERVOLCAN RESPONSABLE DE LA DISPARITION DE L\u2019HOMME DE N\u00c9ANDERTAL ? Campi Flegrei, \u00ab Champs Phl\u00e9gr\u00e9ens \u00bb en\u2026","rel":"","context":"Dans &quot;Seismes\/Volcans&quot;","block_context":{"text":"Seismes\/Volcans","link":"https:\/\/www.laterredufutur.com\/accueil\/sujets\/seismes-et-volcans\/"},"img":{"alt_text":"","src":"https:\/\/i0.wp.com\/www.laterredufutur.com\/accueil\/wp-content\/uploads\/2017\/05\/Campi-Flegrei.jpg?fit=558%2C335&ssl=1&resize=350%2C200","width":350,"height":200,"srcset":"https:\/\/i0.wp.com\/www.laterredufutur.com\/accueil\/wp-content\/uploads\/2017\/05\/Campi-Flegrei.jpg?fit=558%2C335&ssl=1&resize=350%2C200 1x, https:\/\/i0.wp.com\/www.laterredufutur.com\/accueil\/wp-content\/uploads\/2017\/05\/Campi-Flegrei.jpg?fit=558%2C335&ssl=1&resize=525%2C300 1.5x"},"classes":[]},{"id":17193,"url":"https:\/\/www.laterredufutur.com\/accueil\/le-supervolcan-italien-campi-flegrei-entame-une-nouvelle-phase-qui-menera-a-la-prochaine-eruption-majeure\/","url_meta":{"origin":19459,"position":1},"title":"Le supervolcan italien Campi Flegrei entame une nouvelle phase qui m\u00e8nera \u00e0 la prochaine \u00e9ruption majeure","author":"Admin","date":"25 novembre 2018","format":false,"excerpt":"Un ancien supervolcan italien qui n'est pas entr\u00e9 en \u00e9ruption depuis 500 ans pourrait entamer une phase d'activit\u00e9 susceptible d'entra\u00eener une nouvelle \u00e9ruption colossale, une catastrophe potentielle pour les communaut\u00e9s qui se trouvent sur son chemin. Une nouvelle \u00e9tude sugg\u00e8re que les Campi Flegrei ou Champs Phl\u00e9gr\u00e9ens pourraient entrer dans\u2026","rel":"","context":"Dans &quot;Seismes\/Volcans&quot;","block_context":{"text":"Seismes\/Volcans","link":"https:\/\/www.laterredufutur.com\/accueil\/sujets\/seismes-et-volcans\/"},"img":{"alt_text":"","src":"https:\/\/i0.wp.com\/www.laterredufutur.com\/accueil\/wp-content\/uploads\/2018\/11\/Campi-Flegrei.jpg?fit=1024%2C768&ssl=1&resize=350%2C200","width":350,"height":200,"srcset":"https:\/\/i0.wp.com\/www.laterredufutur.com\/accueil\/wp-content\/uploads\/2018\/11\/Campi-Flegrei.jpg?fit=1024%2C768&ssl=1&resize=350%2C200 1x, https:\/\/i0.wp.com\/www.laterredufutur.com\/accueil\/wp-content\/uploads\/2018\/11\/Campi-Flegrei.jpg?fit=1024%2C768&ssl=1&resize=525%2C300 1.5x, https:\/\/i0.wp.com\/www.laterredufutur.com\/accueil\/wp-content\/uploads\/2018\/11\/Campi-Flegrei.jpg?fit=1024%2C768&ssl=1&resize=700%2C400 2x"},"classes":[]},{"id":26664,"url":"https:\/\/www.laterredufutur.com\/accueil\/camps-phlegreens-decouverte-de-lune-des-plus-puissantes-eruptions-de-lhistoire-de-la-caldeira-magnitude-76\/","url_meta":{"origin":19459,"position":2},"title":"Camps Phl\u00e9gr\u00e9ens, d\u00e9couverte de l&rsquo;une des plus puissantes \u00e9ruptions de l&rsquo;histoire de la caldeira : magnitude 7,6","author":"Admin","date":"6 f\u00e9vrier 2025","format":false,"excerpt":"Il s'agit de l'une des \u00e9ruptions les plus puissantes et les plus significatives de l'histoire des Champs Phl\u00e9gr\u00e9ens, qui remonte \u00e0 plus de cent mille ans. C'est ce que r\u00e9v\u00e8le l'\u00e9tude \u00ab The Maddaloni\/X-6 eruption stands out as one of the major events during the Late Pleistocene at Campi Flegrei\u2026","rel":"","context":"Dans &quot;Seismes\/Volcans&quot;","block_context":{"text":"Seismes\/Volcans","link":"https:\/\/www.laterredufutur.com\/accueil\/sujets\/seismes-et-volcans\/"},"img":{"alt_text":"","src":"https:\/\/i0.wp.com\/www.laterredufutur.com\/accueil\/wp-content\/uploads\/2017\/05\/Campi-Flegrei-1.jpg?fit=471%2C362&ssl=1&resize=350%2C200","width":350,"height":200},"classes":[]},{"id":7765,"url":"https:\/\/www.laterredufutur.com\/accueil\/la-caldeira-de-campi-flegrei-a-naples\/","url_meta":{"origin":19459,"position":3},"title":"La caldeira de Campi Flegrei \u00e0 Naples","author":"Admin","date":"10 ao\u00fbt 2015","format":false,"excerpt":"Il y a deux mille ans, le V\u00e9suve d\u00e9truisit Pomp\u00e9i. Aujourd'hui, un plus grand danger se cache dans la baie de Naples , un super-volcan ! bien plus mortel !. Si ce super-volcan Campi Flegrei entre en \u00e9ruption, il pourrait cr\u00e9er un d\u00e9sastre en Europe. C'est pourquoi des scientifiques britanniques\u2026","rel":"","context":"Dans &quot;Seismes\/Volcans&quot;","block_context":{"text":"Seismes\/Volcans","link":"https:\/\/www.laterredufutur.com\/accueil\/sujets\/seismes-et-volcans\/"},"img":{"alt_text":"","src":"https:\/\/i0.wp.com\/www.laterredufutur.com\/accueil\/wp-content\/uploads\/2015\/08\/campi_flegrei.jpg?fit=600%2C350&ssl=1&resize=350%2C200","width":350,"height":200,"srcset":"https:\/\/i0.wp.com\/www.laterredufutur.com\/accueil\/wp-content\/uploads\/2015\/08\/campi_flegrei.jpg?fit=600%2C350&ssl=1&resize=350%2C200 1x, https:\/\/i0.wp.com\/www.laterredufutur.com\/accueil\/wp-content\/uploads\/2015\/08\/campi_flegrei.jpg?fit=600%2C350&ssl=1&resize=525%2C300 1.5x"},"classes":[]},{"id":14428,"url":"https:\/\/www.laterredufutur.com\/accueil\/un-super-volcan-cache-sous-naples-inquiete-litalie\/","url_meta":{"origin":19459,"position":4},"title":"Un super volcan cach\u00e9 sous Naples inqui\u00e8te l&rsquo;Italie","author":"Admin","date":"23 d\u00e9cembre 2016","format":false,"excerpt":"Naples deviendra-t-elle la nouvelle Pomp\u00e9i ? En Italie, les volcanologues s\u2019inqui\u00e8tent. Le super-volcan Campi Flegrei, situ\u00e9 \u00e0 quelques kilom\u00e8tres de la ville, montre des signes alarmants d\u2019activit\u00e9. Selon les observations des sp\u00e9cialistes, il semblerait que le crat\u00e8re, endormi depuis 1538, soit en train de se r\u00e9veiller. L\u2019Etna et le V\u00e9suve\u2026","rel":"","context":"Dans &quot;Seismes\/Volcans&quot;","block_context":{"text":"Seismes\/Volcans","link":"https:\/\/www.laterredufutur.com\/accueil\/sujets\/seismes-et-volcans\/"},"img":{"alt_text":"","src":"https:\/\/i0.wp.com\/www.laterredufutur.com\/accueil\/wp-content\/uploads\/2016\/12\/Campi_Flegrei.jpg?fit=1024%2C415&ssl=1&resize=350%2C200","width":350,"height":200,"srcset":"https:\/\/i0.wp.com\/www.laterredufutur.com\/accueil\/wp-content\/uploads\/2016\/12\/Campi_Flegrei.jpg?fit=1024%2C415&ssl=1&resize=350%2C200 1x, https:\/\/i0.wp.com\/www.laterredufutur.com\/accueil\/wp-content\/uploads\/2016\/12\/Campi_Flegrei.jpg?fit=1024%2C415&ssl=1&resize=525%2C300 1.5x, https:\/\/i0.wp.com\/www.laterredufutur.com\/accueil\/wp-content\/uploads\/2016\/12\/Campi_Flegrei.jpg?fit=1024%2C415&ssl=1&resize=700%2C400 2x"},"classes":[]},{"id":25017,"url":"https:\/\/www.laterredufutur.com\/accueil\/le-volcan-campi-flegrei-se-rapproche-dune-possible-eruption\/","url_meta":{"origin":19459,"position":5},"title":"Le volcan Campi Flegrei se rapproche d&rsquo;une possible \u00e9ruption","author":"Admin","date":"12 juin 2023","format":false,"excerpt":"Le volcan Campi Flegrei, dans le sud de l'Italie, est devenu plus vuln\u00e9rable et plus enclin \u00e0 se rompre, ce qui rend une \u00e9ruption plus probable, selon une nouvelle \u00e9tude r\u00e9alis\u00e9e par des chercheurs de l'UCL (University College London) et de l'Institut national de recherche en g\u00e9ophysique et en volcanologie\u2026","rel":"","context":"Dans &quot;Seismes\/Volcans&quot;","block_context":{"text":"Seismes\/Volcans","link":"https:\/\/www.laterredufutur.com\/accueil\/sujets\/seismes-et-volcans\/"},"img":{"alt_text":"","src":"https:\/\/i0.wp.com\/www.laterredufutur.com\/accueil\/wp-content\/uploads\/2020\/04\/Campi-Flegrei-seismes-1.jpg?fit=1115%2C854&ssl=1&resize=350%2C200","width":350,"height":200,"srcset":"https:\/\/i0.wp.com\/www.laterredufutur.com\/accueil\/wp-content\/uploads\/2020\/04\/Campi-Flegrei-seismes-1.jpg?fit=1115%2C854&ssl=1&resize=350%2C200 1x, https:\/\/i0.wp.com\/www.laterredufutur.com\/accueil\/wp-content\/uploads\/2020\/04\/Campi-Flegrei-seismes-1.jpg?fit=1115%2C854&ssl=1&resize=525%2C300 1.5x, https:\/\/i0.wp.com\/www.laterredufutur.com\/accueil\/wp-content\/uploads\/2020\/04\/Campi-Flegrei-seismes-1.jpg?fit=1115%2C854&ssl=1&resize=700%2C400 2x, https:\/\/i0.wp.com\/www.laterredufutur.com\/accueil\/wp-content\/uploads\/2020\/04\/Campi-Flegrei-seismes-1.jpg?fit=1115%2C854&ssl=1&resize=1050%2C600 3x"},"classes":[]}],"jetpack_sharing_enabled":true,"_links":{"self":[{"href":"https:\/\/www.laterredufutur.com\/accueil\/wp-json\/wp\/v2\/posts\/19459","targetHints":{"allow":["GET"]}}],"collection":[{"href":"https:\/\/www.laterredufutur.com\/accueil\/wp-json\/wp\/v2\/posts"}],"about":[{"href":"https:\/\/www.laterredufutur.com\/accueil\/wp-json\/wp\/v2\/types\/post"}],"author":[{"embeddable":true,"href":"https:\/\/www.laterredufutur.com\/accueil\/wp-json\/wp\/v2\/users\/1"}],"replies":[{"embeddable":true,"href":"https:\/\/www.laterredufutur.com\/accueil\/wp-json\/wp\/v2\/comments?post=19459"}],"version-history":[{"count":2,"href":"https:\/\/www.laterredufutur.com\/accueil\/wp-json\/wp\/v2\/posts\/19459\/revisions"}],"predecessor-version":[{"id":19464,"href":"https:\/\/www.laterredufutur.com\/accueil\/wp-json\/wp\/v2\/posts\/19459\/revisions\/19464"}],"wp:featuredmedia":[{"embeddable":true,"href":"https:\/\/www.laterredufutur.com\/accueil\/wp-json\/wp\/v2\/media\/19462"}],"wp:attachment":[{"href":"https:\/\/www.laterredufutur.com\/accueil\/wp-json\/wp\/v2\/media?parent=19459"}],"wp:term":[{"taxonomy":"category","embeddable":true,"href":"https:\/\/www.laterredufutur.com\/accueil\/wp-json\/wp\/v2\/categories?post=19459"},{"taxonomy":"post_tag","embeddable":true,"href":"https:\/\/www.laterredufutur.com\/accueil\/wp-json\/wp\/v2\/tags?post=19459"}],"curies":[{"name":"wp","href":"https:\/\/api.w.org\/{rel}","templated":true}]}}