{"id":19021,"date":"2019-04-18T16:26:35","date_gmt":"2019-04-18T14:26:35","guid":{"rendered":"https:\/\/www.laterredufutur.com\/accueil\/?p=19021"},"modified":"2019-04-18T16:26:35","modified_gmt":"2019-04-18T14:26:35","slug":"activite-solaire-et-minimum-de-maunder-le-soleil-a-t-il-une-influence-sur-notre-climat","status":"publish","type":"post","link":"https:\/\/www.laterredufutur.com\/accueil\/activite-solaire-et-minimum-de-maunder-le-soleil-a-t-il-une-influence-sur-notre-climat\/","title":{"rendered":"Activit\u00e9 solaire et minimum de Maunder : le Soleil a-t-il une influence sur notre climat ?"},"content":{"rendered":"<div class=\"1665f18d14f35dd9e7566e1a8ac9a3e9\" data-index=\"1\" style=\"float: none; margin:10px 0 10px 0; text-align:center;\">\n<script async src=\"https:\/\/pagead2.googlesyndication.com\/pagead\/js\/adsbygoogle.js\"><\/script>\r\n<ins class=\"adsbygoogle\"\r\n     style=\"display:block; text-align:center;\"\r\n     data-ad-layout=\"in-article\"\r\n     data-ad-format=\"fluid\"\r\n     data-ad-client=\"ca-pub-2860849627502538\"\r\n     data-ad-slot=\"3019501113\"><\/ins>\r\n<script>\r\n     (adsbygoogle = window.adsbygoogle || []).push({});\r\n<\/script>\n<\/div>\n<p>Voici un document du CNRS, datant de 2009, il est riche d&rsquo;informations et toujours tr\u00e8s actuel. <em>Laboratoire de Physique et Chimie de l\u2019Environnement et de l\u2019Espace Observatoire des Sciences de l\u2019Univers en r\u00e9gion Centre.<\/em><\/p>\n<p>Ce dont il sera question ici<br \/>\nle cycle solaire<br \/>\nla d\u00e9bat autour de la TSI<br \/>\nles autres m\u00e9canismes par lesquels le Soleil<br \/>\ninfluence l\u2019environnement terrestre<br \/>\nquel impact du Soleil sur le climat ? Ce dont il sera question ici<\/p>\n<ul>\n<li>le cycle solaire<\/li>\n<li>la d\u00e9bat autour de la TSI<\/li>\n<li>les autres m\u00e9canismes par lesquels le Soleil<\/li>\n<li>influence l\u2019environnement terrestre<\/li>\n<li>quel impact du Soleil sur le climat ?<\/li>\n<li>Sur quelles \u00e9chelles de temps le Soleil varie-t-il ? de la seconde au milliard d\u2019ann\u00e9es<\/li>\n<li>Comment le Soleil agit-il sur le climat ? des m\u00e9canismes nombreux, coupl\u00e9s et non-lin\u00e9aires<\/li>\n<li>Comment pouvons-nous l\u2019\u00e9tudier aujourd\u2019hui ? par manque de mesures directes, il faut aller \u00e0 la p\u00eache aux indices<\/li>\n<\/ul>\n<p>Le cycle solaire<br \/>\nLa variabilit\u00e9 solaire se manifeste d\u2019abord par le cycle solaire de 11 ans<\/p>\n<p><img data-recalc-dims=\"1\" loading=\"lazy\" decoding=\"async\" data-attachment-id=\"19022\" data-permalink=\"https:\/\/www.laterredufutur.com\/accueil\/activite-solaire-et-minimum-de-maunder-le-soleil-a-t-il-une-influence-sur-notre-climat\/cycle-solaire-11ans\/\" data-orig-file=\"https:\/\/i0.wp.com\/www.laterredufutur.com\/accueil\/wp-content\/uploads\/2019\/04\/cycle-solaire-11ans.jpg?fit=1063%2C570&amp;ssl=1\" data-orig-size=\"1063,570\" data-comments-opened=\"1\" data-image-meta=\"{&quot;aperture&quot;:&quot;0&quot;,&quot;credit&quot;:&quot;&quot;,&quot;camera&quot;:&quot;&quot;,&quot;caption&quot;:&quot;&quot;,&quot;created_timestamp&quot;:&quot;0&quot;,&quot;copyright&quot;:&quot;&quot;,&quot;focal_length&quot;:&quot;0&quot;,&quot;iso&quot;:&quot;0&quot;,&quot;shutter_speed&quot;:&quot;0&quot;,&quot;title&quot;:&quot;&quot;,&quot;orientation&quot;:&quot;0&quot;}\" data-image-title=\"cycle-solaire-11ans\" data-image-description=\"\" data-image-caption=\"\" data-large-file=\"https:\/\/i0.wp.com\/www.laterredufutur.com\/accueil\/wp-content\/uploads\/2019\/04\/cycle-solaire-11ans.jpg?fit=800%2C429&amp;ssl=1\" class=\"alignnone size-full wp-image-19022\" src=\"https:\/\/i0.wp.com\/www.laterredufutur.com\/accueil\/wp-content\/uploads\/2019\/04\/cycle-solaire-11ans.jpg?resize=1063%2C570&#038;ssl=1\" alt=\"\" width=\"1063\" height=\"570\" srcset=\"https:\/\/i0.wp.com\/www.laterredufutur.com\/accueil\/wp-content\/uploads\/2019\/04\/cycle-solaire-11ans.jpg?w=1063&amp;ssl=1 1063w, https:\/\/i0.wp.com\/www.laterredufutur.com\/accueil\/wp-content\/uploads\/2019\/04\/cycle-solaire-11ans.jpg?resize=300%2C161&amp;ssl=1 300w, https:\/\/i0.wp.com\/www.laterredufutur.com\/accueil\/wp-content\/uploads\/2019\/04\/cycle-solaire-11ans.jpg?resize=768%2C412&amp;ssl=1 768w, https:\/\/i0.wp.com\/www.laterredufutur.com\/accueil\/wp-content\/uploads\/2019\/04\/cycle-solaire-11ans.jpg?resize=800%2C429&amp;ssl=1 800w\" sizes=\"auto, (max-width: 1000px) 100vw, 1000px\" \/><\/p>\n<p>Le cycle solaire<br \/>\nCe cycle solaire a de tout temps suscit\u00e9 la curiosit\u00e9<\/p>\n<p><img data-recalc-dims=\"1\" loading=\"lazy\" decoding=\"async\" data-attachment-id=\"19023\" data-permalink=\"https:\/\/www.laterredufutur.com\/accueil\/activite-solaire-et-minimum-de-maunder-le-soleil-a-t-il-une-influence-sur-notre-climat\/cycle-solaire-11ans-1600-2010\/\" data-orig-file=\"https:\/\/i0.wp.com\/www.laterredufutur.com\/accueil\/wp-content\/uploads\/2019\/04\/cycle-solaire-11ans-1600-2010.jpg?fit=1160%2C615&amp;ssl=1\" data-orig-size=\"1160,615\" data-comments-opened=\"1\" data-image-meta=\"{&quot;aperture&quot;:&quot;0&quot;,&quot;credit&quot;:&quot;&quot;,&quot;camera&quot;:&quot;&quot;,&quot;caption&quot;:&quot;&quot;,&quot;created_timestamp&quot;:&quot;0&quot;,&quot;copyright&quot;:&quot;&quot;,&quot;focal_length&quot;:&quot;0&quot;,&quot;iso&quot;:&quot;0&quot;,&quot;shutter_speed&quot;:&quot;0&quot;,&quot;title&quot;:&quot;&quot;,&quot;orientation&quot;:&quot;0&quot;}\" data-image-title=\"cycle-solaire-11ans-1600-2010\" data-image-description=\"\" data-image-caption=\"\" data-large-file=\"https:\/\/i0.wp.com\/www.laterredufutur.com\/accueil\/wp-content\/uploads\/2019\/04\/cycle-solaire-11ans-1600-2010.jpg?fit=800%2C424&amp;ssl=1\" class=\"alignnone size-full wp-image-19023\" src=\"https:\/\/i0.wp.com\/www.laterredufutur.com\/accueil\/wp-content\/uploads\/2019\/04\/cycle-solaire-11ans-1600-2010.jpg?resize=1160%2C615&#038;ssl=1\" alt=\"\" width=\"1160\" height=\"615\" srcset=\"https:\/\/i0.wp.com\/www.laterredufutur.com\/accueil\/wp-content\/uploads\/2019\/04\/cycle-solaire-11ans-1600-2010.jpg?w=1160&amp;ssl=1 1160w, https:\/\/i0.wp.com\/www.laterredufutur.com\/accueil\/wp-content\/uploads\/2019\/04\/cycle-solaire-11ans-1600-2010.jpg?resize=300%2C159&amp;ssl=1 300w, https:\/\/i0.wp.com\/www.laterredufutur.com\/accueil\/wp-content\/uploads\/2019\/04\/cycle-solaire-11ans-1600-2010.jpg?resize=768%2C407&amp;ssl=1 768w, https:\/\/i0.wp.com\/www.laterredufutur.com\/accueil\/wp-content\/uploads\/2019\/04\/cycle-solaire-11ans-1600-2010.jpg?resize=800%2C424&amp;ssl=1 800w\" sizes=\"auto, (max-width: 1000px) 100vw, 1000px\" \/><\/p>\n<p><img data-recalc-dims=\"1\" loading=\"lazy\" decoding=\"async\" data-attachment-id=\"19024\" data-permalink=\"https:\/\/www.laterredufutur.com\/accueil\/activite-solaire-et-minimum-de-maunder-le-soleil-a-t-il-une-influence-sur-notre-climat\/cycle-solaire-11ans-1600-2010-maunder\/\" data-orig-file=\"https:\/\/i0.wp.com\/www.laterredufutur.com\/accueil\/wp-content\/uploads\/2019\/04\/cycle-solaire-11ans-1600-2010-maunder.jpg?fit=1151%2C611&amp;ssl=1\" data-orig-size=\"1151,611\" data-comments-opened=\"1\" data-image-meta=\"{&quot;aperture&quot;:&quot;0&quot;,&quot;credit&quot;:&quot;&quot;,&quot;camera&quot;:&quot;&quot;,&quot;caption&quot;:&quot;&quot;,&quot;created_timestamp&quot;:&quot;0&quot;,&quot;copyright&quot;:&quot;&quot;,&quot;focal_length&quot;:&quot;0&quot;,&quot;iso&quot;:&quot;0&quot;,&quot;shutter_speed&quot;:&quot;0&quot;,&quot;title&quot;:&quot;&quot;,&quot;orientation&quot;:&quot;0&quot;}\" data-image-title=\"cycle-solaire-11ans-1600-2010-maunder\" data-image-description=\"\" data-image-caption=\"\" data-large-file=\"https:\/\/i0.wp.com\/www.laterredufutur.com\/accueil\/wp-content\/uploads\/2019\/04\/cycle-solaire-11ans-1600-2010-maunder.jpg?fit=800%2C425&amp;ssl=1\" class=\"alignnone size-full wp-image-19024\" src=\"https:\/\/i0.wp.com\/www.laterredufutur.com\/accueil\/wp-content\/uploads\/2019\/04\/cycle-solaire-11ans-1600-2010-maunder.jpg?resize=1151%2C611&#038;ssl=1\" alt=\"\" width=\"1151\" height=\"611\" srcset=\"https:\/\/i0.wp.com\/www.laterredufutur.com\/accueil\/wp-content\/uploads\/2019\/04\/cycle-solaire-11ans-1600-2010-maunder.jpg?w=1151&amp;ssl=1 1151w, https:\/\/i0.wp.com\/www.laterredufutur.com\/accueil\/wp-content\/uploads\/2019\/04\/cycle-solaire-11ans-1600-2010-maunder.jpg?resize=300%2C159&amp;ssl=1 300w, https:\/\/i0.wp.com\/www.laterredufutur.com\/accueil\/wp-content\/uploads\/2019\/04\/cycle-solaire-11ans-1600-2010-maunder.jpg?resize=768%2C408&amp;ssl=1 768w, https:\/\/i0.wp.com\/www.laterredufutur.com\/accueil\/wp-content\/uploads\/2019\/04\/cycle-solaire-11ans-1600-2010-maunder.jpg?resize=800%2C425&amp;ssl=1 800w\" sizes=\"auto, (max-width: 1000px) 100vw, 1000px\" \/><\/p>\n<p><img data-recalc-dims=\"1\" loading=\"lazy\" decoding=\"async\" data-attachment-id=\"19025\" data-permalink=\"https:\/\/www.laterredufutur.com\/accueil\/activite-solaire-et-minimum-de-maunder-le-soleil-a-t-il-une-influence-sur-notre-climat\/cycle-solaire-11ans-1600-2010-maunder-dalton\/\" data-orig-file=\"https:\/\/i0.wp.com\/www.laterredufutur.com\/accueil\/wp-content\/uploads\/2019\/04\/cycle-solaire-11ans-1600-2010-maunder-dalton.jpg?fit=1153%2C624&amp;ssl=1\" data-orig-size=\"1153,624\" data-comments-opened=\"1\" data-image-meta=\"{&quot;aperture&quot;:&quot;0&quot;,&quot;credit&quot;:&quot;&quot;,&quot;camera&quot;:&quot;&quot;,&quot;caption&quot;:&quot;&quot;,&quot;created_timestamp&quot;:&quot;0&quot;,&quot;copyright&quot;:&quot;&quot;,&quot;focal_length&quot;:&quot;0&quot;,&quot;iso&quot;:&quot;0&quot;,&quot;shutter_speed&quot;:&quot;0&quot;,&quot;title&quot;:&quot;&quot;,&quot;orientation&quot;:&quot;0&quot;}\" data-image-title=\"cycle-solaire-11ans-1600-2010-maunder-dalton\" data-image-description=\"\" data-image-caption=\"\" data-large-file=\"https:\/\/i0.wp.com\/www.laterredufutur.com\/accueil\/wp-content\/uploads\/2019\/04\/cycle-solaire-11ans-1600-2010-maunder-dalton.jpg?fit=800%2C433&amp;ssl=1\" class=\"alignnone size-full wp-image-19025\" src=\"https:\/\/i0.wp.com\/www.laterredufutur.com\/accueil\/wp-content\/uploads\/2019\/04\/cycle-solaire-11ans-1600-2010-maunder-dalton.jpg?resize=1153%2C624&#038;ssl=1\" alt=\"\" width=\"1153\" height=\"624\" srcset=\"https:\/\/i0.wp.com\/www.laterredufutur.com\/accueil\/wp-content\/uploads\/2019\/04\/cycle-solaire-11ans-1600-2010-maunder-dalton.jpg?w=1153&amp;ssl=1 1153w, https:\/\/i0.wp.com\/www.laterredufutur.com\/accueil\/wp-content\/uploads\/2019\/04\/cycle-solaire-11ans-1600-2010-maunder-dalton.jpg?resize=300%2C162&amp;ssl=1 300w, https:\/\/i0.wp.com\/www.laterredufutur.com\/accueil\/wp-content\/uploads\/2019\/04\/cycle-solaire-11ans-1600-2010-maunder-dalton.jpg?resize=768%2C416&amp;ssl=1 768w, https:\/\/i0.wp.com\/www.laterredufutur.com\/accueil\/wp-content\/uploads\/2019\/04\/cycle-solaire-11ans-1600-2010-maunder-dalton.jpg?resize=800%2C433&amp;ssl=1 800w\" sizes=\"auto, (max-width: 1000px) 100vw, 1000px\" \/><\/p>\n<p><img data-recalc-dims=\"1\" loading=\"lazy\" decoding=\"async\" data-attachment-id=\"19026\" data-permalink=\"https:\/\/www.laterredufutur.com\/accueil\/activite-solaire-et-minimum-de-maunder-le-soleil-a-t-il-une-influence-sur-notre-climat\/cycle-solaire-11ans-1600-2010-maunder-dalton-maximum-actuel\/\" data-orig-file=\"https:\/\/i0.wp.com\/www.laterredufutur.com\/accueil\/wp-content\/uploads\/2019\/04\/cycle-solaire-11ans-1600-2010-maunder-dalton-maximum-actuel.jpg?fit=1148%2C615&amp;ssl=1\" data-orig-size=\"1148,615\" data-comments-opened=\"1\" data-image-meta=\"{&quot;aperture&quot;:&quot;0&quot;,&quot;credit&quot;:&quot;&quot;,&quot;camera&quot;:&quot;&quot;,&quot;caption&quot;:&quot;&quot;,&quot;created_timestamp&quot;:&quot;0&quot;,&quot;copyright&quot;:&quot;&quot;,&quot;focal_length&quot;:&quot;0&quot;,&quot;iso&quot;:&quot;0&quot;,&quot;shutter_speed&quot;:&quot;0&quot;,&quot;title&quot;:&quot;&quot;,&quot;orientation&quot;:&quot;0&quot;}\" data-image-title=\"cycle-solaire-11ans-1600-2010-maunder-dalton-maximum-actuel\" data-image-description=\"\" data-image-caption=\"\" data-large-file=\"https:\/\/i0.wp.com\/www.laterredufutur.com\/accueil\/wp-content\/uploads\/2019\/04\/cycle-solaire-11ans-1600-2010-maunder-dalton-maximum-actuel.jpg?fit=800%2C429&amp;ssl=1\" class=\"alignnone size-full wp-image-19026\" src=\"https:\/\/i0.wp.com\/www.laterredufutur.com\/accueil\/wp-content\/uploads\/2019\/04\/cycle-solaire-11ans-1600-2010-maunder-dalton-maximum-actuel.jpg?resize=1148%2C615&#038;ssl=1\" alt=\"\" width=\"1148\" height=\"615\" srcset=\"https:\/\/i0.wp.com\/www.laterredufutur.com\/accueil\/wp-content\/uploads\/2019\/04\/cycle-solaire-11ans-1600-2010-maunder-dalton-maximum-actuel.jpg?w=1148&amp;ssl=1 1148w, https:\/\/i0.wp.com\/www.laterredufutur.com\/accueil\/wp-content\/uploads\/2019\/04\/cycle-solaire-11ans-1600-2010-maunder-dalton-maximum-actuel.jpg?resize=300%2C161&amp;ssl=1 300w, https:\/\/i0.wp.com\/www.laterredufutur.com\/accueil\/wp-content\/uploads\/2019\/04\/cycle-solaire-11ans-1600-2010-maunder-dalton-maximum-actuel.jpg?resize=768%2C411&amp;ssl=1 768w, https:\/\/i0.wp.com\/www.laterredufutur.com\/accueil\/wp-content\/uploads\/2019\/04\/cycle-solaire-11ans-1600-2010-maunder-dalton-maximum-actuel.jpg?resize=800%2C429&amp;ssl=1 800w\" sizes=\"auto, (max-width: 1000px) 100vw, 1000px\" \/><\/p>\n<p>Le magn\u00e9tisme solaire est la cl\u00e9 de la compr\u00e9hension de la variabilit\u00e9 solaire<\/p>\n<p>Le cycle solaire<\/p>\n<p><img data-recalc-dims=\"1\" loading=\"lazy\" decoding=\"async\" data-attachment-id=\"19027\" data-permalink=\"https:\/\/www.laterredufutur.com\/accueil\/activite-solaire-et-minimum-de-maunder-le-soleil-a-t-il-une-influence-sur-notre-climat\/soleil-intensite-lumiere-visible\/\" data-orig-file=\"https:\/\/i0.wp.com\/www.laterredufutur.com\/accueil\/wp-content\/uploads\/2019\/04\/soleil-intensite-lumiere-visible.jpg?fit=590%2C561&amp;ssl=1\" data-orig-size=\"590,561\" data-comments-opened=\"1\" data-image-meta=\"{&quot;aperture&quot;:&quot;0&quot;,&quot;credit&quot;:&quot;&quot;,&quot;camera&quot;:&quot;&quot;,&quot;caption&quot;:&quot;&quot;,&quot;created_timestamp&quot;:&quot;0&quot;,&quot;copyright&quot;:&quot;&quot;,&quot;focal_length&quot;:&quot;0&quot;,&quot;iso&quot;:&quot;0&quot;,&quot;shutter_speed&quot;:&quot;0&quot;,&quot;title&quot;:&quot;&quot;,&quot;orientation&quot;:&quot;0&quot;}\" data-image-title=\"soleil-intensite-lumiere-visible\" data-image-description=\"\" data-image-caption=\"\" data-large-file=\"https:\/\/i0.wp.com\/www.laterredufutur.com\/accueil\/wp-content\/uploads\/2019\/04\/soleil-intensite-lumiere-visible.jpg?fit=590%2C561&amp;ssl=1\" class=\"alignnone size-full wp-image-19027\" src=\"https:\/\/i0.wp.com\/www.laterredufutur.com\/accueil\/wp-content\/uploads\/2019\/04\/soleil-intensite-lumiere-visible.jpg?resize=590%2C561&#038;ssl=1\" alt=\"\" width=\"590\" height=\"561\" srcset=\"https:\/\/i0.wp.com\/www.laterredufutur.com\/accueil\/wp-content\/uploads\/2019\/04\/soleil-intensite-lumiere-visible.jpg?w=590&amp;ssl=1 590w, https:\/\/i0.wp.com\/www.laterredufutur.com\/accueil\/wp-content\/uploads\/2019\/04\/soleil-intensite-lumiere-visible.jpg?resize=300%2C285&amp;ssl=1 300w\" sizes=\"auto, (max-width: 590px) 100vw, 590px\" \/><\/p>\n<p>Ce cycle influence-t-il le climat ?<\/p>\n<p>Une certitude : le Soleil influence le climat<\/p>\n<p>De tr\u00e8s nombreuses observations r\u00e9v\u00e8lent un<br \/>\ncycle de 11 ans en phase avec celui du Soleil<\/p>\n<p><img data-recalc-dims=\"1\" loading=\"lazy\" decoding=\"async\" data-attachment-id=\"19028\" data-permalink=\"https:\/\/www.laterredufutur.com\/accueil\/activite-solaire-et-minimum-de-maunder-le-soleil-a-t-il-une-influence-sur-notre-climat\/activite-solaire-temperatures\/\" data-orig-file=\"https:\/\/i0.wp.com\/www.laterredufutur.com\/accueil\/wp-content\/uploads\/2019\/04\/activite-solaire-temperatures.jpg?fit=1153%2C583&amp;ssl=1\" data-orig-size=\"1153,583\" data-comments-opened=\"1\" data-image-meta=\"{&quot;aperture&quot;:&quot;0&quot;,&quot;credit&quot;:&quot;&quot;,&quot;camera&quot;:&quot;&quot;,&quot;caption&quot;:&quot;&quot;,&quot;created_timestamp&quot;:&quot;0&quot;,&quot;copyright&quot;:&quot;&quot;,&quot;focal_length&quot;:&quot;0&quot;,&quot;iso&quot;:&quot;0&quot;,&quot;shutter_speed&quot;:&quot;0&quot;,&quot;title&quot;:&quot;&quot;,&quot;orientation&quot;:&quot;0&quot;}\" data-image-title=\"activite-solaire-temperatures\" data-image-description=\"\" data-image-caption=\"\" data-large-file=\"https:\/\/i0.wp.com\/www.laterredufutur.com\/accueil\/wp-content\/uploads\/2019\/04\/activite-solaire-temperatures.jpg?fit=800%2C405&amp;ssl=1\" class=\"alignnone size-full wp-image-19028\" src=\"https:\/\/i0.wp.com\/www.laterredufutur.com\/accueil\/wp-content\/uploads\/2019\/04\/activite-solaire-temperatures.jpg?resize=1153%2C583&#038;ssl=1\" alt=\"\" width=\"1153\" height=\"583\" srcset=\"https:\/\/i0.wp.com\/www.laterredufutur.com\/accueil\/wp-content\/uploads\/2019\/04\/activite-solaire-temperatures.jpg?w=1153&amp;ssl=1 1153w, https:\/\/i0.wp.com\/www.laterredufutur.com\/accueil\/wp-content\/uploads\/2019\/04\/activite-solaire-temperatures.jpg?resize=300%2C152&amp;ssl=1 300w, https:\/\/i0.wp.com\/www.laterredufutur.com\/accueil\/wp-content\/uploads\/2019\/04\/activite-solaire-temperatures.jpg?resize=768%2C388&amp;ssl=1 768w, https:\/\/i0.wp.com\/www.laterredufutur.com\/accueil\/wp-content\/uploads\/2019\/04\/activite-solaire-temperatures.jpg?resize=800%2C405&amp;ssl=1 800w\" sizes=\"auto, (max-width: 1000px) 100vw, 1000px\" \/><\/p>\n<p>Les p\u00e9riodes de faible activit\u00e9 solaire co\u00efncident avec un<br \/>\nrefroidissement dans l\u2019h\u00e9misph\u00e8re nord<\/p>\n<p><img data-recalc-dims=\"1\" loading=\"lazy\" decoding=\"async\" data-attachment-id=\"19025\" data-permalink=\"https:\/\/www.laterredufutur.com\/accueil\/activite-solaire-et-minimum-de-maunder-le-soleil-a-t-il-une-influence-sur-notre-climat\/cycle-solaire-11ans-1600-2010-maunder-dalton\/\" data-orig-file=\"https:\/\/i0.wp.com\/www.laterredufutur.com\/accueil\/wp-content\/uploads\/2019\/04\/cycle-solaire-11ans-1600-2010-maunder-dalton.jpg?fit=1153%2C624&amp;ssl=1\" data-orig-size=\"1153,624\" data-comments-opened=\"1\" data-image-meta=\"{&quot;aperture&quot;:&quot;0&quot;,&quot;credit&quot;:&quot;&quot;,&quot;camera&quot;:&quot;&quot;,&quot;caption&quot;:&quot;&quot;,&quot;created_timestamp&quot;:&quot;0&quot;,&quot;copyright&quot;:&quot;&quot;,&quot;focal_length&quot;:&quot;0&quot;,&quot;iso&quot;:&quot;0&quot;,&quot;shutter_speed&quot;:&quot;0&quot;,&quot;title&quot;:&quot;&quot;,&quot;orientation&quot;:&quot;0&quot;}\" data-image-title=\"cycle-solaire-11ans-1600-2010-maunder-dalton\" data-image-description=\"\" data-image-caption=\"\" data-large-file=\"https:\/\/i0.wp.com\/www.laterredufutur.com\/accueil\/wp-content\/uploads\/2019\/04\/cycle-solaire-11ans-1600-2010-maunder-dalton.jpg?fit=800%2C433&amp;ssl=1\" class=\"alignnone size-full wp-image-19025\" src=\"https:\/\/i0.wp.com\/www.laterredufutur.com\/accueil\/wp-content\/uploads\/2019\/04\/cycle-solaire-11ans-1600-2010-maunder-dalton.jpg?resize=1153%2C624&#038;ssl=1\" alt=\"\" width=\"1153\" height=\"624\" srcset=\"https:\/\/i0.wp.com\/www.laterredufutur.com\/accueil\/wp-content\/uploads\/2019\/04\/cycle-solaire-11ans-1600-2010-maunder-dalton.jpg?w=1153&amp;ssl=1 1153w, https:\/\/i0.wp.com\/www.laterredufutur.com\/accueil\/wp-content\/uploads\/2019\/04\/cycle-solaire-11ans-1600-2010-maunder-dalton.jpg?resize=300%2C162&amp;ssl=1 300w, https:\/\/i0.wp.com\/www.laterredufutur.com\/accueil\/wp-content\/uploads\/2019\/04\/cycle-solaire-11ans-1600-2010-maunder-dalton.jpg?resize=768%2C416&amp;ssl=1 768w, https:\/\/i0.wp.com\/www.laterredufutur.com\/accueil\/wp-content\/uploads\/2019\/04\/cycle-solaire-11ans-1600-2010-maunder-dalton.jpg?resize=800%2C433&amp;ssl=1 800w\" sizes=\"auto, (max-width: 1000px) 100vw, 1000px\" \/><\/p>\n<p>Les p\u00e9riodes de faible activit\u00e9 solaire co\u00efncident avec un refroidissement dans l\u2019h\u00e9misph\u00e8re nord<\/p>\n<p><img data-recalc-dims=\"1\" loading=\"lazy\" decoding=\"async\" data-attachment-id=\"19029\" data-permalink=\"https:\/\/www.laterredufutur.com\/accueil\/activite-solaire-et-minimum-de-maunder-le-soleil-a-t-il-une-influence-sur-notre-climat\/cycle-solaire-11ans-1600-2010-maunder-dalton-petit-age-glaciaire\/\" data-orig-file=\"https:\/\/i0.wp.com\/www.laterredufutur.com\/accueil\/wp-content\/uploads\/2019\/04\/cycle-solaire-11ans-1600-2010-maunder-dalton-petit-age-glaciaire.jpg?fit=1150%2C606&amp;ssl=1\" data-orig-size=\"1150,606\" data-comments-opened=\"1\" data-image-meta=\"{&quot;aperture&quot;:&quot;0&quot;,&quot;credit&quot;:&quot;&quot;,&quot;camera&quot;:&quot;&quot;,&quot;caption&quot;:&quot;&quot;,&quot;created_timestamp&quot;:&quot;0&quot;,&quot;copyright&quot;:&quot;&quot;,&quot;focal_length&quot;:&quot;0&quot;,&quot;iso&quot;:&quot;0&quot;,&quot;shutter_speed&quot;:&quot;0&quot;,&quot;title&quot;:&quot;&quot;,&quot;orientation&quot;:&quot;0&quot;}\" data-image-title=\"cycle-solaire-11ans-1600-2010-maunder-dalton-petit-age-glaciaire\" data-image-description=\"\" data-image-caption=\"\" data-large-file=\"https:\/\/i0.wp.com\/www.laterredufutur.com\/accueil\/wp-content\/uploads\/2019\/04\/cycle-solaire-11ans-1600-2010-maunder-dalton-petit-age-glaciaire.jpg?fit=800%2C422&amp;ssl=1\" class=\"alignnone size-full wp-image-19029\" src=\"https:\/\/i0.wp.com\/www.laterredufutur.com\/accueil\/wp-content\/uploads\/2019\/04\/cycle-solaire-11ans-1600-2010-maunder-dalton-petit-age-glaciaire.jpg?resize=1150%2C606&#038;ssl=1\" alt=\"\" width=\"1150\" height=\"606\" srcset=\"https:\/\/i0.wp.com\/www.laterredufutur.com\/accueil\/wp-content\/uploads\/2019\/04\/cycle-solaire-11ans-1600-2010-maunder-dalton-petit-age-glaciaire.jpg?w=1150&amp;ssl=1 1150w, https:\/\/i0.wp.com\/www.laterredufutur.com\/accueil\/wp-content\/uploads\/2019\/04\/cycle-solaire-11ans-1600-2010-maunder-dalton-petit-age-glaciaire.jpg?resize=300%2C158&amp;ssl=1 300w, https:\/\/i0.wp.com\/www.laterredufutur.com\/accueil\/wp-content\/uploads\/2019\/04\/cycle-solaire-11ans-1600-2010-maunder-dalton-petit-age-glaciaire.jpg?resize=768%2C405&amp;ssl=1 768w, https:\/\/i0.wp.com\/www.laterredufutur.com\/accueil\/wp-content\/uploads\/2019\/04\/cycle-solaire-11ans-1600-2010-maunder-dalton-petit-age-glaciaire.jpg?resize=800%2C422&amp;ssl=1 800w\" sizes=\"auto, (max-width: 1000px) 100vw, 1000px\" \/><\/p>\n<p>Mais il existe des corr\u00e9lations fortuites&#8230;<\/p>\n<p><img data-recalc-dims=\"1\" loading=\"lazy\" decoding=\"async\" data-attachment-id=\"19031\" data-permalink=\"https:\/\/www.laterredufutur.com\/accueil\/activite-solaire-et-minimum-de-maunder-le-soleil-a-t-il-une-influence-sur-notre-climat\/industrie-impact-climat-2\/\" data-orig-file=\"https:\/\/i0.wp.com\/www.laterredufutur.com\/accueil\/wp-content\/uploads\/2019\/04\/industrie-impact-climat-1.jpg?fit=1051%2C667&amp;ssl=1\" data-orig-size=\"1051,667\" data-comments-opened=\"1\" data-image-meta=\"{&quot;aperture&quot;:&quot;0&quot;,&quot;credit&quot;:&quot;&quot;,&quot;camera&quot;:&quot;&quot;,&quot;caption&quot;:&quot;&quot;,&quot;created_timestamp&quot;:&quot;0&quot;,&quot;copyright&quot;:&quot;&quot;,&quot;focal_length&quot;:&quot;0&quot;,&quot;iso&quot;:&quot;0&quot;,&quot;shutter_speed&quot;:&quot;0&quot;,&quot;title&quot;:&quot;&quot;,&quot;orientation&quot;:&quot;0&quot;}\" data-image-title=\"industrie-impact-climat\" data-image-description=\"\" data-image-caption=\"\" data-large-file=\"https:\/\/i0.wp.com\/www.laterredufutur.com\/accueil\/wp-content\/uploads\/2019\/04\/industrie-impact-climat-1.jpg?fit=800%2C508&amp;ssl=1\" class=\"alignnone size-full wp-image-19031\" src=\"https:\/\/i0.wp.com\/www.laterredufutur.com\/accueil\/wp-content\/uploads\/2019\/04\/industrie-impact-climat-1.jpg?resize=1051%2C667&#038;ssl=1\" alt=\"\" width=\"1051\" height=\"667\" srcset=\"https:\/\/i0.wp.com\/www.laterredufutur.com\/accueil\/wp-content\/uploads\/2019\/04\/industrie-impact-climat-1.jpg?w=1051&amp;ssl=1 1051w, https:\/\/i0.wp.com\/www.laterredufutur.com\/accueil\/wp-content\/uploads\/2019\/04\/industrie-impact-climat-1.jpg?resize=300%2C190&amp;ssl=1 300w, https:\/\/i0.wp.com\/www.laterredufutur.com\/accueil\/wp-content\/uploads\/2019\/04\/industrie-impact-climat-1.jpg?resize=768%2C487&amp;ssl=1 768w, https:\/\/i0.wp.com\/www.laterredufutur.com\/accueil\/wp-content\/uploads\/2019\/04\/industrie-impact-climat-1.jpg?resize=800%2C508&amp;ssl=1 800w\" sizes=\"auto, (max-width: 1000px) 100vw, 1000px\" \/><\/p>\n<p>les principaux m\u00e9canismes des relations Soleil-Terre<\/p>\n<p><img data-recalc-dims=\"1\" loading=\"lazy\" decoding=\"async\" data-attachment-id=\"18576\" data-permalink=\"https:\/\/www.laterredufutur.com\/accueil\/des-traces-dune-tempete-solaire-geante-et-vieille-de-2-700-ans-ont-ete-detectees-dans-les-glaces-du-groenland\/tempete-protons-soleil\/\" data-orig-file=\"https:\/\/i0.wp.com\/www.laterredufutur.com\/accueil\/wp-content\/uploads\/2019\/03\/tempete-protons-soleil.jpg?fit=1024%2C512&amp;ssl=1\" data-orig-size=\"1024,512\" data-comments-opened=\"1\" data-image-meta=\"{&quot;aperture&quot;:&quot;0&quot;,&quot;credit&quot;:&quot;&quot;,&quot;camera&quot;:&quot;&quot;,&quot;caption&quot;:&quot;&quot;,&quot;created_timestamp&quot;:&quot;0&quot;,&quot;copyright&quot;:&quot;&quot;,&quot;focal_length&quot;:&quot;0&quot;,&quot;iso&quot;:&quot;0&quot;,&quot;shutter_speed&quot;:&quot;0&quot;,&quot;title&quot;:&quot;&quot;,&quot;orientation&quot;:&quot;0&quot;}\" data-image-title=\"tempete-protons-soleil\" data-image-description=\"\" data-image-caption=\"\" data-large-file=\"https:\/\/i0.wp.com\/www.laterredufutur.com\/accueil\/wp-content\/uploads\/2019\/03\/tempete-protons-soleil.jpg?fit=800%2C400&amp;ssl=1\" class=\"alignnone size-full wp-image-18576\" src=\"https:\/\/i0.wp.com\/www.laterredufutur.com\/accueil\/wp-content\/uploads\/2019\/03\/tempete-protons-soleil.jpg?resize=1024%2C512&#038;ssl=1\" alt=\"\" width=\"1024\" height=\"512\" srcset=\"https:\/\/i0.wp.com\/www.laterredufutur.com\/accueil\/wp-content\/uploads\/2019\/03\/tempete-protons-soleil.jpg?w=1024&amp;ssl=1 1024w, https:\/\/i0.wp.com\/www.laterredufutur.com\/accueil\/wp-content\/uploads\/2019\/03\/tempete-protons-soleil.jpg?resize=300%2C150&amp;ssl=1 300w, https:\/\/i0.wp.com\/www.laterredufutur.com\/accueil\/wp-content\/uploads\/2019\/03\/tempete-protons-soleil.jpg?resize=768%2C384&amp;ssl=1 768w, https:\/\/i0.wp.com\/www.laterredufutur.com\/accueil\/wp-content\/uploads\/2019\/03\/tempete-protons-soleil.jpg?resize=800%2C400&amp;ssl=1 800w\" sizes=\"auto, (max-width: 1000px) 100vw, 1000px\" \/><\/p>\n<p><img data-recalc-dims=\"1\" loading=\"lazy\" decoding=\"async\" data-attachment-id=\"19033\" data-permalink=\"https:\/\/www.laterredufutur.com\/accueil\/activite-solaire-et-minimum-de-maunder-le-soleil-a-t-il-une-influence-sur-notre-climat\/soleil-rayonnement-vent-solaire-2\/\" data-orig-file=\"https:\/\/i0.wp.com\/www.laterredufutur.com\/accueil\/wp-content\/uploads\/2019\/04\/soleil-rayonnement-vent-solaire-1.jpg?fit=1085%2C693&amp;ssl=1\" data-orig-size=\"1085,693\" data-comments-opened=\"1\" data-image-meta=\"{&quot;aperture&quot;:&quot;0&quot;,&quot;credit&quot;:&quot;&quot;,&quot;camera&quot;:&quot;&quot;,&quot;caption&quot;:&quot;&quot;,&quot;created_timestamp&quot;:&quot;0&quot;,&quot;copyright&quot;:&quot;&quot;,&quot;focal_length&quot;:&quot;0&quot;,&quot;iso&quot;:&quot;0&quot;,&quot;shutter_speed&quot;:&quot;0&quot;,&quot;title&quot;:&quot;&quot;,&quot;orientation&quot;:&quot;0&quot;}\" data-image-title=\"soleil-rayonnement-vent-solaire\" data-image-description=\"\" data-image-caption=\"\" data-large-file=\"https:\/\/i0.wp.com\/www.laterredufutur.com\/accueil\/wp-content\/uploads\/2019\/04\/soleil-rayonnement-vent-solaire-1.jpg?fit=800%2C511&amp;ssl=1\" class=\"alignnone size-full wp-image-19033\" src=\"https:\/\/i0.wp.com\/www.laterredufutur.com\/accueil\/wp-content\/uploads\/2019\/04\/soleil-rayonnement-vent-solaire-1.jpg?resize=1085%2C693&#038;ssl=1\" alt=\"\" width=\"1085\" height=\"693\" srcset=\"https:\/\/i0.wp.com\/www.laterredufutur.com\/accueil\/wp-content\/uploads\/2019\/04\/soleil-rayonnement-vent-solaire-1.jpg?w=1085&amp;ssl=1 1085w, https:\/\/i0.wp.com\/www.laterredufutur.com\/accueil\/wp-content\/uploads\/2019\/04\/soleil-rayonnement-vent-solaire-1.jpg?resize=300%2C192&amp;ssl=1 300w, https:\/\/i0.wp.com\/www.laterredufutur.com\/accueil\/wp-content\/uploads\/2019\/04\/soleil-rayonnement-vent-solaire-1.jpg?resize=768%2C491&amp;ssl=1 768w, https:\/\/i0.wp.com\/www.laterredufutur.com\/accueil\/wp-content\/uploads\/2019\/04\/soleil-rayonnement-vent-solaire-1.jpg?resize=800%2C511&amp;ssl=1 800w\" sizes=\"auto, (max-width: 1000px) 100vw, 1000px\" \/><\/p>\n<p><img data-recalc-dims=\"1\" loading=\"lazy\" decoding=\"async\" data-attachment-id=\"19034\" data-permalink=\"https:\/\/www.laterredufutur.com\/accueil\/activite-solaire-et-minimum-de-maunder-le-soleil-a-t-il-une-influence-sur-notre-climat\/tsi-total-solar-irradience\/\" data-orig-file=\"https:\/\/i0.wp.com\/www.laterredufutur.com\/accueil\/wp-content\/uploads\/2019\/04\/tsi-total-solar-irradience.jpg?fit=1075%2C647&amp;ssl=1\" data-orig-size=\"1075,647\" data-comments-opened=\"1\" data-image-meta=\"{&quot;aperture&quot;:&quot;0&quot;,&quot;credit&quot;:&quot;&quot;,&quot;camera&quot;:&quot;&quot;,&quot;caption&quot;:&quot;&quot;,&quot;created_timestamp&quot;:&quot;0&quot;,&quot;copyright&quot;:&quot;&quot;,&quot;focal_length&quot;:&quot;0&quot;,&quot;iso&quot;:&quot;0&quot;,&quot;shutter_speed&quot;:&quot;0&quot;,&quot;title&quot;:&quot;&quot;,&quot;orientation&quot;:&quot;0&quot;}\" data-image-title=\"tsi-total-solar-irradience\" data-image-description=\"\" data-image-caption=\"\" data-large-file=\"https:\/\/i0.wp.com\/www.laterredufutur.com\/accueil\/wp-content\/uploads\/2019\/04\/tsi-total-solar-irradience.jpg?fit=800%2C481&amp;ssl=1\" class=\"alignnone size-full wp-image-19034\" src=\"https:\/\/i0.wp.com\/www.laterredufutur.com\/accueil\/wp-content\/uploads\/2019\/04\/tsi-total-solar-irradience.jpg?resize=1075%2C647&#038;ssl=1\" alt=\"\" width=\"1075\" height=\"647\" srcset=\"https:\/\/i0.wp.com\/www.laterredufutur.com\/accueil\/wp-content\/uploads\/2019\/04\/tsi-total-solar-irradience.jpg?w=1075&amp;ssl=1 1075w, https:\/\/i0.wp.com\/www.laterredufutur.com\/accueil\/wp-content\/uploads\/2019\/04\/tsi-total-solar-irradience.jpg?resize=300%2C181&amp;ssl=1 300w, https:\/\/i0.wp.com\/www.laterredufutur.com\/accueil\/wp-content\/uploads\/2019\/04\/tsi-total-solar-irradience.jpg?resize=768%2C462&amp;ssl=1 768w, https:\/\/i0.wp.com\/www.laterredufutur.com\/accueil\/wp-content\/uploads\/2019\/04\/tsi-total-solar-irradience.jpg?resize=800%2C481&amp;ssl=1 800w\" sizes=\"auto, (max-width: 1000px) 100vw, 1000px\" \/><\/p>\n<p><img data-recalc-dims=\"1\" loading=\"lazy\" decoding=\"async\" data-attachment-id=\"19035\" data-permalink=\"https:\/\/www.laterredufutur.com\/accueil\/activite-solaire-et-minimum-de-maunder-le-soleil-a-t-il-une-influence-sur-notre-climat\/calibration-solaire-instruments\/\" data-orig-file=\"https:\/\/i0.wp.com\/www.laterredufutur.com\/accueil\/wp-content\/uploads\/2019\/04\/calibration-solaire-instruments.jpg?fit=967%2C650&amp;ssl=1\" data-orig-size=\"967,650\" data-comments-opened=\"1\" data-image-meta=\"{&quot;aperture&quot;:&quot;0&quot;,&quot;credit&quot;:&quot;&quot;,&quot;camera&quot;:&quot;&quot;,&quot;caption&quot;:&quot;&quot;,&quot;created_timestamp&quot;:&quot;0&quot;,&quot;copyright&quot;:&quot;&quot;,&quot;focal_length&quot;:&quot;0&quot;,&quot;iso&quot;:&quot;0&quot;,&quot;shutter_speed&quot;:&quot;0&quot;,&quot;title&quot;:&quot;&quot;,&quot;orientation&quot;:&quot;0&quot;}\" data-image-title=\"calibration-solaire-instruments\" data-image-description=\"\" data-image-caption=\"\" data-large-file=\"https:\/\/i0.wp.com\/www.laterredufutur.com\/accueil\/wp-content\/uploads\/2019\/04\/calibration-solaire-instruments.jpg?fit=800%2C538&amp;ssl=1\" class=\"alignnone size-full wp-image-19035\" src=\"https:\/\/i0.wp.com\/www.laterredufutur.com\/accueil\/wp-content\/uploads\/2019\/04\/calibration-solaire-instruments.jpg?resize=967%2C650&#038;ssl=1\" alt=\"\" width=\"967\" height=\"650\" srcset=\"https:\/\/i0.wp.com\/www.laterredufutur.com\/accueil\/wp-content\/uploads\/2019\/04\/calibration-solaire-instruments.jpg?w=967&amp;ssl=1 967w, https:\/\/i0.wp.com\/www.laterredufutur.com\/accueil\/wp-content\/uploads\/2019\/04\/calibration-solaire-instruments.jpg?resize=300%2C202&amp;ssl=1 300w, https:\/\/i0.wp.com\/www.laterredufutur.com\/accueil\/wp-content\/uploads\/2019\/04\/calibration-solaire-instruments.jpg?resize=768%2C516&amp;ssl=1 768w, https:\/\/i0.wp.com\/www.laterredufutur.com\/accueil\/wp-content\/uploads\/2019\/04\/calibration-solaire-instruments.jpg?resize=800%2C538&amp;ssl=1 800w\" sizes=\"auto, (max-width: 967px) 100vw, 967px\" \/><\/p>\n<p>Il existe aujourd\u2019hui trois reconstructions diff\u00e9rentes de la TSI<\/p>\n<p><img data-recalc-dims=\"1\" loading=\"lazy\" decoding=\"async\" data-attachment-id=\"19037\" data-permalink=\"https:\/\/www.laterredufutur.com\/accueil\/activite-solaire-et-minimum-de-maunder-le-soleil-a-t-il-une-influence-sur-notre-climat\/tsi-reconstructions-2\/\" data-orig-file=\"https:\/\/i0.wp.com\/www.laterredufutur.com\/accueil\/wp-content\/uploads\/2019\/04\/tsi-reconstructions-1.jpg?fit=984%2C429&amp;ssl=1\" data-orig-size=\"984,429\" data-comments-opened=\"1\" data-image-meta=\"{&quot;aperture&quot;:&quot;0&quot;,&quot;credit&quot;:&quot;&quot;,&quot;camera&quot;:&quot;&quot;,&quot;caption&quot;:&quot;&quot;,&quot;created_timestamp&quot;:&quot;0&quot;,&quot;copyright&quot;:&quot;&quot;,&quot;focal_length&quot;:&quot;0&quot;,&quot;iso&quot;:&quot;0&quot;,&quot;shutter_speed&quot;:&quot;0&quot;,&quot;title&quot;:&quot;&quot;,&quot;orientation&quot;:&quot;0&quot;}\" data-image-title=\"tsi-reconstructions\" data-image-description=\"\" data-image-caption=\"\" data-large-file=\"https:\/\/i0.wp.com\/www.laterredufutur.com\/accueil\/wp-content\/uploads\/2019\/04\/tsi-reconstructions-1.jpg?fit=800%2C349&amp;ssl=1\" class=\"alignnone size-full wp-image-19037\" src=\"https:\/\/i0.wp.com\/www.laterredufutur.com\/accueil\/wp-content\/uploads\/2019\/04\/tsi-reconstructions-1.jpg?resize=984%2C429&#038;ssl=1\" alt=\"\" width=\"984\" height=\"429\" srcset=\"https:\/\/i0.wp.com\/www.laterredufutur.com\/accueil\/wp-content\/uploads\/2019\/04\/tsi-reconstructions-1.jpg?w=984&amp;ssl=1 984w, https:\/\/i0.wp.com\/www.laterredufutur.com\/accueil\/wp-content\/uploads\/2019\/04\/tsi-reconstructions-1.jpg?resize=300%2C131&amp;ssl=1 300w, https:\/\/i0.wp.com\/www.laterredufutur.com\/accueil\/wp-content\/uploads\/2019\/04\/tsi-reconstructions-1.jpg?resize=768%2C335&amp;ssl=1 768w, https:\/\/i0.wp.com\/www.laterredufutur.com\/accueil\/wp-content\/uploads\/2019\/04\/tsi-reconstructions-1.jpg?resize=800%2C349&amp;ssl=1 800w\" sizes=\"auto, (max-width: 984px) 100vw, 984px\" \/><\/p>\n<p><img data-recalc-dims=\"1\" loading=\"lazy\" decoding=\"async\" data-attachment-id=\"19038\" data-permalink=\"https:\/\/www.laterredufutur.com\/accueil\/activite-solaire-et-minimum-de-maunder-le-soleil-a-t-il-une-influence-sur-notre-climat\/variabilite-irradience\/\" data-orig-file=\"https:\/\/i0.wp.com\/www.laterredufutur.com\/accueil\/wp-content\/uploads\/2019\/04\/variabilite-irradience.jpg?fit=1026%2C501&amp;ssl=1\" data-orig-size=\"1026,501\" data-comments-opened=\"1\" data-image-meta=\"{&quot;aperture&quot;:&quot;0&quot;,&quot;credit&quot;:&quot;&quot;,&quot;camera&quot;:&quot;&quot;,&quot;caption&quot;:&quot;&quot;,&quot;created_timestamp&quot;:&quot;0&quot;,&quot;copyright&quot;:&quot;&quot;,&quot;focal_length&quot;:&quot;0&quot;,&quot;iso&quot;:&quot;0&quot;,&quot;shutter_speed&quot;:&quot;0&quot;,&quot;title&quot;:&quot;&quot;,&quot;orientation&quot;:&quot;0&quot;}\" data-image-title=\"variabilite-irradience\" data-image-description=\"\" data-image-caption=\"\" data-large-file=\"https:\/\/i0.wp.com\/www.laterredufutur.com\/accueil\/wp-content\/uploads\/2019\/04\/variabilite-irradience.jpg?fit=800%2C391&amp;ssl=1\" class=\"alignnone size-full wp-image-19038\" src=\"https:\/\/i0.wp.com\/www.laterredufutur.com\/accueil\/wp-content\/uploads\/2019\/04\/variabilite-irradience.jpg?resize=1026%2C501&#038;ssl=1\" alt=\"\" width=\"1026\" height=\"501\" srcset=\"https:\/\/i0.wp.com\/www.laterredufutur.com\/accueil\/wp-content\/uploads\/2019\/04\/variabilite-irradience.jpg?w=1026&amp;ssl=1 1026w, https:\/\/i0.wp.com\/www.laterredufutur.com\/accueil\/wp-content\/uploads\/2019\/04\/variabilite-irradience.jpg?resize=300%2C146&amp;ssl=1 300w, https:\/\/i0.wp.com\/www.laterredufutur.com\/accueil\/wp-content\/uploads\/2019\/04\/variabilite-irradience.jpg?resize=768%2C375&amp;ssl=1 768w, https:\/\/i0.wp.com\/www.laterredufutur.com\/accueil\/wp-content\/uploads\/2019\/04\/variabilite-irradience.jpg?resize=800%2C391&amp;ssl=1 800w\" sizes=\"auto, (max-width: 1000px) 100vw, 1000px\" \/><\/p>\n<p>La TSI int\u00e8gre diverses longueurs d\u2019onde<\/p>\n<p><img data-recalc-dims=\"1\" loading=\"lazy\" decoding=\"async\" data-attachment-id=\"19039\" data-permalink=\"https:\/\/www.laterredufutur.com\/accueil\/activite-solaire-et-minimum-de-maunder-le-soleil-a-t-il-une-influence-sur-notre-climat\/soleil-longueurs-d-onde\/\" data-orig-file=\"https:\/\/i0.wp.com\/www.laterredufutur.com\/accueil\/wp-content\/uploads\/2019\/04\/soleil-longueurs-d-onde.jpg?fit=1090%2C616&amp;ssl=1\" data-orig-size=\"1090,616\" data-comments-opened=\"1\" data-image-meta=\"{&quot;aperture&quot;:&quot;0&quot;,&quot;credit&quot;:&quot;&quot;,&quot;camera&quot;:&quot;&quot;,&quot;caption&quot;:&quot;&quot;,&quot;created_timestamp&quot;:&quot;0&quot;,&quot;copyright&quot;:&quot;&quot;,&quot;focal_length&quot;:&quot;0&quot;,&quot;iso&quot;:&quot;0&quot;,&quot;shutter_speed&quot;:&quot;0&quot;,&quot;title&quot;:&quot;&quot;,&quot;orientation&quot;:&quot;0&quot;}\" data-image-title=\"soleil-longueurs-d-onde\" data-image-description=\"\" data-image-caption=\"\" data-large-file=\"https:\/\/i0.wp.com\/www.laterredufutur.com\/accueil\/wp-content\/uploads\/2019\/04\/soleil-longueurs-d-onde.jpg?fit=800%2C452&amp;ssl=1\" class=\"alignnone size-full wp-image-19039\" src=\"https:\/\/i0.wp.com\/www.laterredufutur.com\/accueil\/wp-content\/uploads\/2019\/04\/soleil-longueurs-d-onde.jpg?resize=1090%2C616&#038;ssl=1\" alt=\"\" width=\"1090\" height=\"616\" srcset=\"https:\/\/i0.wp.com\/www.laterredufutur.com\/accueil\/wp-content\/uploads\/2019\/04\/soleil-longueurs-d-onde.jpg?w=1090&amp;ssl=1 1090w, https:\/\/i0.wp.com\/www.laterredufutur.com\/accueil\/wp-content\/uploads\/2019\/04\/soleil-longueurs-d-onde.jpg?resize=300%2C170&amp;ssl=1 300w, https:\/\/i0.wp.com\/www.laterredufutur.com\/accueil\/wp-content\/uploads\/2019\/04\/soleil-longueurs-d-onde.jpg?resize=768%2C434&amp;ssl=1 768w, https:\/\/i0.wp.com\/www.laterredufutur.com\/accueil\/wp-content\/uploads\/2019\/04\/soleil-longueurs-d-onde.jpg?resize=800%2C452&amp;ssl=1 800w, https:\/\/i0.wp.com\/www.laterredufutur.com\/accueil\/wp-content\/uploads\/2019\/04\/soleil-longueurs-d-onde.jpg?resize=174%2C98&amp;ssl=1 174w\" sizes=\"auto, (max-width: 1000px) 100vw, 1000px\" \/><\/p><div class=\"1665f18d14f35dd9e7566e1a8ac9a3e9\" data-index=\"2\" style=\"float: none; margin:10px 0 10px 0; text-align:center;\">\n<script async src=\"https:\/\/pagead2.googlesyndication.com\/pagead\/js\/adsbygoogle.js\"><\/script>\r\n<ins class=\"adsbygoogle\"\r\n     style=\"display:block; text-align:center;\"\r\n     data-ad-layout=\"in-article\"\r\n     data-ad-format=\"fluid\"\r\n     data-ad-client=\"ca-pub-2860849627502538\"\r\n     data-ad-slot=\"3019501113\"><\/ins>\r\n<script>\r\n     (adsbygoogle = window.adsbygoogle || []).push({});\r\n<\/script>\n<\/div>\n\n<p>Impact des diff\u00e9rentes longueurs d\u2019onde<\/p>\n<p><img data-recalc-dims=\"1\" loading=\"lazy\" decoding=\"async\" data-attachment-id=\"19040\" data-permalink=\"https:\/\/www.laterredufutur.com\/accueil\/activite-solaire-et-minimum-de-maunder-le-soleil-a-t-il-une-influence-sur-notre-climat\/impact-differentes-longueurs-donde\/\" data-orig-file=\"https:\/\/i0.wp.com\/www.laterredufutur.com\/accueil\/wp-content\/uploads\/2019\/04\/impact-differentes-longueurs-donde.jpg?fit=1024%2C609&amp;ssl=1\" data-orig-size=\"1024,609\" data-comments-opened=\"1\" data-image-meta=\"{&quot;aperture&quot;:&quot;0&quot;,&quot;credit&quot;:&quot;&quot;,&quot;camera&quot;:&quot;&quot;,&quot;caption&quot;:&quot;&quot;,&quot;created_timestamp&quot;:&quot;0&quot;,&quot;copyright&quot;:&quot;&quot;,&quot;focal_length&quot;:&quot;0&quot;,&quot;iso&quot;:&quot;0&quot;,&quot;shutter_speed&quot;:&quot;0&quot;,&quot;title&quot;:&quot;&quot;,&quot;orientation&quot;:&quot;0&quot;}\" data-image-title=\"impact-differentes-longueurs-donde\" data-image-description=\"\" data-image-caption=\"\" data-large-file=\"https:\/\/i0.wp.com\/www.laterredufutur.com\/accueil\/wp-content\/uploads\/2019\/04\/impact-differentes-longueurs-donde.jpg?fit=800%2C476&amp;ssl=1\" class=\"alignnone size-full wp-image-19040\" src=\"https:\/\/i0.wp.com\/www.laterredufutur.com\/accueil\/wp-content\/uploads\/2019\/04\/impact-differentes-longueurs-donde.jpg?resize=1024%2C609&#038;ssl=1\" alt=\"\" width=\"1024\" height=\"609\" srcset=\"https:\/\/i0.wp.com\/www.laterredufutur.com\/accueil\/wp-content\/uploads\/2019\/04\/impact-differentes-longueurs-donde.jpg?w=1024&amp;ssl=1 1024w, https:\/\/i0.wp.com\/www.laterredufutur.com\/accueil\/wp-content\/uploads\/2019\/04\/impact-differentes-longueurs-donde.jpg?resize=300%2C178&amp;ssl=1 300w, https:\/\/i0.wp.com\/www.laterredufutur.com\/accueil\/wp-content\/uploads\/2019\/04\/impact-differentes-longueurs-donde.jpg?resize=768%2C457&amp;ssl=1 768w, https:\/\/i0.wp.com\/www.laterredufutur.com\/accueil\/wp-content\/uploads\/2019\/04\/impact-differentes-longueurs-donde.jpg?resize=800%2C476&amp;ssl=1 800w\" sizes=\"auto, (max-width: 1000px) 100vw, 1000px\" \/><\/p>\n<p>Variabilit\u00e9 spectrale<\/p>\n<p><img data-recalc-dims=\"1\" loading=\"lazy\" decoding=\"async\" data-attachment-id=\"19042\" data-permalink=\"https:\/\/www.laterredufutur.com\/accueil\/activite-solaire-et-minimum-de-maunder-le-soleil-a-t-il-une-influence-sur-notre-climat\/variabilite-spectrale-2\/\" data-orig-file=\"https:\/\/i0.wp.com\/www.laterredufutur.com\/accueil\/wp-content\/uploads\/2019\/04\/variabilite-spectrale-1.jpg?fit=966%2C683&amp;ssl=1\" data-orig-size=\"966,683\" data-comments-opened=\"1\" data-image-meta=\"{&quot;aperture&quot;:&quot;0&quot;,&quot;credit&quot;:&quot;&quot;,&quot;camera&quot;:&quot;&quot;,&quot;caption&quot;:&quot;&quot;,&quot;created_timestamp&quot;:&quot;0&quot;,&quot;copyright&quot;:&quot;&quot;,&quot;focal_length&quot;:&quot;0&quot;,&quot;iso&quot;:&quot;0&quot;,&quot;shutter_speed&quot;:&quot;0&quot;,&quot;title&quot;:&quot;&quot;,&quot;orientation&quot;:&quot;0&quot;}\" data-image-title=\"variabilite-spectrale\" data-image-description=\"\" data-image-caption=\"\" data-large-file=\"https:\/\/i0.wp.com\/www.laterredufutur.com\/accueil\/wp-content\/uploads\/2019\/04\/variabilite-spectrale-1.jpg?fit=800%2C566&amp;ssl=1\" class=\"alignnone size-full wp-image-19042\" src=\"https:\/\/i0.wp.com\/www.laterredufutur.com\/accueil\/wp-content\/uploads\/2019\/04\/variabilite-spectrale-1.jpg?resize=966%2C683&#038;ssl=1\" alt=\"\" width=\"966\" height=\"683\" srcset=\"https:\/\/i0.wp.com\/www.laterredufutur.com\/accueil\/wp-content\/uploads\/2019\/04\/variabilite-spectrale-1.jpg?w=966&amp;ssl=1 966w, https:\/\/i0.wp.com\/www.laterredufutur.com\/accueil\/wp-content\/uploads\/2019\/04\/variabilite-spectrale-1.jpg?resize=300%2C212&amp;ssl=1 300w, https:\/\/i0.wp.com\/www.laterredufutur.com\/accueil\/wp-content\/uploads\/2019\/04\/variabilite-spectrale-1.jpg?resize=768%2C543&amp;ssl=1 768w, https:\/\/i0.wp.com\/www.laterredufutur.com\/accueil\/wp-content\/uploads\/2019\/04\/variabilite-spectrale-1.jpg?resize=800%2C566&amp;ssl=1 800w\" sizes=\"auto, (max-width: 966px) 100vw, 966px\" \/><\/p>\n<p>Pourquoi la TSI varie-t-elle si peu ?<\/p>\n<p>La variation de l\u2019irradiance totale r\u00e9sulte d\u2019un compromis entre d\u00e9ficit de rayonnement d\u00fb aux taches solaires exc\u00e8s de rayonnement d\u00fb aux plages et aux facules<\/p>\n<p><img data-recalc-dims=\"1\" loading=\"lazy\" decoding=\"async\" data-attachment-id=\"19043\" data-permalink=\"https:\/\/www.laterredufutur.com\/accueil\/activite-solaire-et-minimum-de-maunder-le-soleil-a-t-il-une-influence-sur-notre-climat\/irradience-solaire\/\" data-orig-file=\"https:\/\/i0.wp.com\/www.laterredufutur.com\/accueil\/wp-content\/uploads\/2019\/04\/irradience-solaire.jpg?fit=1034%2C542&amp;ssl=1\" data-orig-size=\"1034,542\" data-comments-opened=\"1\" data-image-meta=\"{&quot;aperture&quot;:&quot;0&quot;,&quot;credit&quot;:&quot;&quot;,&quot;camera&quot;:&quot;&quot;,&quot;caption&quot;:&quot;&quot;,&quot;created_timestamp&quot;:&quot;0&quot;,&quot;copyright&quot;:&quot;&quot;,&quot;focal_length&quot;:&quot;0&quot;,&quot;iso&quot;:&quot;0&quot;,&quot;shutter_speed&quot;:&quot;0&quot;,&quot;title&quot;:&quot;&quot;,&quot;orientation&quot;:&quot;0&quot;}\" data-image-title=\"irradience-solaire\" data-image-description=\"\" data-image-caption=\"\" data-large-file=\"https:\/\/i0.wp.com\/www.laterredufutur.com\/accueil\/wp-content\/uploads\/2019\/04\/irradience-solaire.jpg?fit=800%2C419&amp;ssl=1\" class=\"alignnone size-full wp-image-19043\" src=\"https:\/\/i0.wp.com\/www.laterredufutur.com\/accueil\/wp-content\/uploads\/2019\/04\/irradience-solaire.jpg?resize=1034%2C542&#038;ssl=1\" alt=\"\" width=\"1034\" height=\"542\" srcset=\"https:\/\/i0.wp.com\/www.laterredufutur.com\/accueil\/wp-content\/uploads\/2019\/04\/irradience-solaire.jpg?w=1034&amp;ssl=1 1034w, https:\/\/i0.wp.com\/www.laterredufutur.com\/accueil\/wp-content\/uploads\/2019\/04\/irradience-solaire.jpg?resize=300%2C157&amp;ssl=1 300w, https:\/\/i0.wp.com\/www.laterredufutur.com\/accueil\/wp-content\/uploads\/2019\/04\/irradience-solaire.jpg?resize=768%2C403&amp;ssl=1 768w, https:\/\/i0.wp.com\/www.laterredufutur.com\/accueil\/wp-content\/uploads\/2019\/04\/irradience-solaire.jpg?resize=800%2C419&amp;ssl=1 800w\" sizes=\"auto, (max-width: 1000px) 100vw, 1000px\" \/><\/p>\n<p>Bilan<\/p>\n<ul>\n<li>Les diff\u00e9rentes composantes du spectre solaire ne varient pas de la m\u00eame fa\u00e7on (et dans le m\u00eame) sens au cours d\u2019un cycle<\/li>\n<li>La composante ultra-violette bien que faible, pourrait servir de levier<\/li>\n<li>Comment l\u2019UV peut-il affecter les plus basses couches atmosph\u00e9riques ?<br \/>\nmodulation du taux d\u2019O3 ! modification du bilan radiatif<br \/>\nr\u00e9chauffement ! gradients ! modification de la circulation g\u00e9n\u00e9rale<\/li>\n<\/ul>\n<p>En quoi le cycle solaire actuel est-il si particulier ?<\/p>\n<p>Un cycle anormal<\/p>\n<p>Normalement, l\u2019intensit\u00e9 \u00e9mise dans diff\u00e9rentes parties du spectre solaire varie identiquement d\u2019un cycle \u00e0 l\u2019autre<\/p>\n<p>Un cycle anormal<\/p>\n<p>Normalement, l\u2019intensit\u00e9 \u00e9mise dans diff\u00e9rentes parties du spectre solaire varie identiquement d\u2019un cycle \u00e0 l\u2019autre<\/p>\n<p><img data-recalc-dims=\"1\" loading=\"lazy\" decoding=\"async\" data-attachment-id=\"19044\" data-permalink=\"https:\/\/www.laterredufutur.com\/accueil\/activite-solaire-et-minimum-de-maunder-le-soleil-a-t-il-une-influence-sur-notre-climat\/cycle-solaire-anormal\/\" data-orig-file=\"https:\/\/i0.wp.com\/www.laterredufutur.com\/accueil\/wp-content\/uploads\/2019\/04\/cycle-solaire-anormal.jpg?fit=828%2C505&amp;ssl=1\" data-orig-size=\"828,505\" data-comments-opened=\"1\" data-image-meta=\"{&quot;aperture&quot;:&quot;0&quot;,&quot;credit&quot;:&quot;&quot;,&quot;camera&quot;:&quot;&quot;,&quot;caption&quot;:&quot;&quot;,&quot;created_timestamp&quot;:&quot;0&quot;,&quot;copyright&quot;:&quot;&quot;,&quot;focal_length&quot;:&quot;0&quot;,&quot;iso&quot;:&quot;0&quot;,&quot;shutter_speed&quot;:&quot;0&quot;,&quot;title&quot;:&quot;&quot;,&quot;orientation&quot;:&quot;0&quot;}\" data-image-title=\"cycle-solaire-anormal\" data-image-description=\"\" data-image-caption=\"\" data-large-file=\"https:\/\/i0.wp.com\/www.laterredufutur.com\/accueil\/wp-content\/uploads\/2019\/04\/cycle-solaire-anormal.jpg?fit=800%2C488&amp;ssl=1\" class=\"alignnone size-full wp-image-19044\" src=\"https:\/\/i0.wp.com\/www.laterredufutur.com\/accueil\/wp-content\/uploads\/2019\/04\/cycle-solaire-anormal.jpg?resize=828%2C505&#038;ssl=1\" alt=\"\" width=\"828\" height=\"505\" srcset=\"https:\/\/i0.wp.com\/www.laterredufutur.com\/accueil\/wp-content\/uploads\/2019\/04\/cycle-solaire-anormal.jpg?w=828&amp;ssl=1 828w, https:\/\/i0.wp.com\/www.laterredufutur.com\/accueil\/wp-content\/uploads\/2019\/04\/cycle-solaire-anormal.jpg?resize=300%2C183&amp;ssl=1 300w, https:\/\/i0.wp.com\/www.laterredufutur.com\/accueil\/wp-content\/uploads\/2019\/04\/cycle-solaire-anormal.jpg?resize=768%2C468&amp;ssl=1 768w, https:\/\/i0.wp.com\/www.laterredufutur.com\/accueil\/wp-content\/uploads\/2019\/04\/cycle-solaire-anormal.jpg?resize=800%2C488&amp;ssl=1 800w\" sizes=\"auto, (max-width: 828px) 100vw, 828px\" \/><\/p>\n<ul>\n<li>Pourquoi cette diff\u00e9rence ?<\/li>\n<li>Les cycles solaires se suivent mais ne se ressemblent pas<br \/>\nLe cycle actuel est particulier<br \/>\nil tra\u00eene en longueur<br \/>\nle champ magn\u00e9tique solaire n\u2019a jamais \u00e9t\u00e9 si faible<\/li>\n<li>Que sera le prochain cycle ? &#8230; y\u2019en aura-t-il un ?<\/li>\n<li>Qu\u2019en \u00e9tait-il dans le pass\u00e9 ?<\/li>\n<\/ul>\n<p>Depuis 1918, il n\u2019y a plus eu de cycle solaire avec des p\u00e9riodes si longues sans taches solaires<\/p>\n<p><img data-recalc-dims=\"1\" loading=\"lazy\" decoding=\"async\" data-attachment-id=\"19045\" data-permalink=\"https:\/\/www.laterredufutur.com\/accueil\/activite-solaire-et-minimum-de-maunder-le-soleil-a-t-il-une-influence-sur-notre-climat\/cycles-solaires-depuis1800\/\" data-orig-file=\"https:\/\/i0.wp.com\/www.laterredufutur.com\/accueil\/wp-content\/uploads\/2019\/04\/cycles-solaires-depuis1800.jpg?fit=689%2C476&amp;ssl=1\" data-orig-size=\"689,476\" data-comments-opened=\"1\" data-image-meta=\"{&quot;aperture&quot;:&quot;0&quot;,&quot;credit&quot;:&quot;&quot;,&quot;camera&quot;:&quot;&quot;,&quot;caption&quot;:&quot;&quot;,&quot;created_timestamp&quot;:&quot;0&quot;,&quot;copyright&quot;:&quot;&quot;,&quot;focal_length&quot;:&quot;0&quot;,&quot;iso&quot;:&quot;0&quot;,&quot;shutter_speed&quot;:&quot;0&quot;,&quot;title&quot;:&quot;&quot;,&quot;orientation&quot;:&quot;0&quot;}\" data-image-title=\"cycles-solaires-depuis1800\" data-image-description=\"\" data-image-caption=\"\" data-large-file=\"https:\/\/i0.wp.com\/www.laterredufutur.com\/accueil\/wp-content\/uploads\/2019\/04\/cycles-solaires-depuis1800.jpg?fit=689%2C476&amp;ssl=1\" class=\"alignnone size-full wp-image-19045\" src=\"https:\/\/i0.wp.com\/www.laterredufutur.com\/accueil\/wp-content\/uploads\/2019\/04\/cycles-solaires-depuis1800.jpg?resize=689%2C476&#038;ssl=1\" alt=\"\" width=\"689\" height=\"476\" srcset=\"https:\/\/i0.wp.com\/www.laterredufutur.com\/accueil\/wp-content\/uploads\/2019\/04\/cycles-solaires-depuis1800.jpg?w=689&amp;ssl=1 689w, https:\/\/i0.wp.com\/www.laterredufutur.com\/accueil\/wp-content\/uploads\/2019\/04\/cycles-solaires-depuis1800.jpg?resize=300%2C207&amp;ssl=1 300w\" sizes=\"auto, (max-width: 689px) 100vw, 689px\" \/><\/p>\n<p>Pour mieux comprendre la machine solaire<\/p>\n<ul>\n<li>il faut simuler le magn\u00e9tisme solaire (un gros d\u00e9fi mais en progression continue)<\/li>\n<li>comparer le Soleil \u00e0 d\u2019autres \u00e9toiles de m\u00eame type<\/li>\n<li>reconstruire le pass\u00e9 \u00e0 partir d\u2019indices indirects<br \/>\nconcentration d\u2019isotopes cosmog\u00e9niques (14C, 30Be, &#8230;)<br \/>\nfr\u00e9quence des d\u2019aurores<br \/>\nactivit\u00e9 g\u00e9omagn\u00e9tique<\/li>\n<\/ul>\n<p>Reconstruction de la TSI<br \/>\nAujourd\u2019hui, un gros effort porte sur la reconstruction de la TSI sur<br \/>\nles derniers si\u00e8cles, \u00e0 partir d\u2019indices indirects<\/p>\n<p><img data-recalc-dims=\"1\" loading=\"lazy\" decoding=\"async\" data-attachment-id=\"19046\" data-permalink=\"https:\/\/www.laterredufutur.com\/accueil\/activite-solaire-et-minimum-de-maunder-le-soleil-a-t-il-une-influence-sur-notre-climat\/tsi-reconstructions-3\/\" data-orig-file=\"https:\/\/i0.wp.com\/www.laterredufutur.com\/accueil\/wp-content\/uploads\/2019\/04\/tsi-reconstructions-2.jpg?fit=1028%2C520&amp;ssl=1\" data-orig-size=\"1028,520\" data-comments-opened=\"1\" data-image-meta=\"{&quot;aperture&quot;:&quot;0&quot;,&quot;credit&quot;:&quot;&quot;,&quot;camera&quot;:&quot;&quot;,&quot;caption&quot;:&quot;&quot;,&quot;created_timestamp&quot;:&quot;0&quot;,&quot;copyright&quot;:&quot;&quot;,&quot;focal_length&quot;:&quot;0&quot;,&quot;iso&quot;:&quot;0&quot;,&quot;shutter_speed&quot;:&quot;0&quot;,&quot;title&quot;:&quot;&quot;,&quot;orientation&quot;:&quot;0&quot;}\" data-image-title=\"tsi-reconstructions\" data-image-description=\"\" data-image-caption=\"\" data-large-file=\"https:\/\/i0.wp.com\/www.laterredufutur.com\/accueil\/wp-content\/uploads\/2019\/04\/tsi-reconstructions-2.jpg?fit=800%2C405&amp;ssl=1\" class=\"alignnone size-full wp-image-19046\" src=\"https:\/\/i0.wp.com\/www.laterredufutur.com\/accueil\/wp-content\/uploads\/2019\/04\/tsi-reconstructions-2.jpg?resize=1028%2C520&#038;ssl=1\" alt=\"\" width=\"1028\" height=\"520\" srcset=\"https:\/\/i0.wp.com\/www.laterredufutur.com\/accueil\/wp-content\/uploads\/2019\/04\/tsi-reconstructions-2.jpg?w=1028&amp;ssl=1 1028w, https:\/\/i0.wp.com\/www.laterredufutur.com\/accueil\/wp-content\/uploads\/2019\/04\/tsi-reconstructions-2.jpg?resize=300%2C152&amp;ssl=1 300w, https:\/\/i0.wp.com\/www.laterredufutur.com\/accueil\/wp-content\/uploads\/2019\/04\/tsi-reconstructions-2.jpg?resize=768%2C388&amp;ssl=1 768w, https:\/\/i0.wp.com\/www.laterredufutur.com\/accueil\/wp-content\/uploads\/2019\/04\/tsi-reconstructions-2.jpg?resize=800%2C405&amp;ssl=1 800w\" sizes=\"auto, (max-width: 1000px) 100vw, 1000px\" \/><\/p>\n<p><img data-recalc-dims=\"1\" loading=\"lazy\" decoding=\"async\" data-attachment-id=\"19047\" data-permalink=\"https:\/\/www.laterredufutur.com\/accueil\/activite-solaire-et-minimum-de-maunder-le-soleil-a-t-il-une-influence-sur-notre-climat\/tsi-rayonnement-activite-aurores-taches-solaires\/\" data-orig-file=\"https:\/\/i0.wp.com\/www.laterredufutur.com\/accueil\/wp-content\/uploads\/2019\/04\/tsi-rayonnement-activite-aurores-taches-solaires.jpg?fit=894%2C679&amp;ssl=1\" data-orig-size=\"894,679\" data-comments-opened=\"1\" data-image-meta=\"{&quot;aperture&quot;:&quot;0&quot;,&quot;credit&quot;:&quot;&quot;,&quot;camera&quot;:&quot;&quot;,&quot;caption&quot;:&quot;&quot;,&quot;created_timestamp&quot;:&quot;0&quot;,&quot;copyright&quot;:&quot;&quot;,&quot;focal_length&quot;:&quot;0&quot;,&quot;iso&quot;:&quot;0&quot;,&quot;shutter_speed&quot;:&quot;0&quot;,&quot;title&quot;:&quot;&quot;,&quot;orientation&quot;:&quot;0&quot;}\" data-image-title=\"tsi-rayonnement-activite-aurores-taches-solaires\" data-image-description=\"\" data-image-caption=\"\" data-large-file=\"https:\/\/i0.wp.com\/www.laterredufutur.com\/accueil\/wp-content\/uploads\/2019\/04\/tsi-rayonnement-activite-aurores-taches-solaires.jpg?fit=800%2C608&amp;ssl=1\" class=\"alignnone size-full wp-image-19047\" src=\"https:\/\/i0.wp.com\/www.laterredufutur.com\/accueil\/wp-content\/uploads\/2019\/04\/tsi-rayonnement-activite-aurores-taches-solaires.jpg?resize=894%2C679&#038;ssl=1\" alt=\"\" width=\"894\" height=\"679\" srcset=\"https:\/\/i0.wp.com\/www.laterredufutur.com\/accueil\/wp-content\/uploads\/2019\/04\/tsi-rayonnement-activite-aurores-taches-solaires.jpg?w=894&amp;ssl=1 894w, https:\/\/i0.wp.com\/www.laterredufutur.com\/accueil\/wp-content\/uploads\/2019\/04\/tsi-rayonnement-activite-aurores-taches-solaires.jpg?resize=80%2C60&amp;ssl=1 80w, https:\/\/i0.wp.com\/www.laterredufutur.com\/accueil\/wp-content\/uploads\/2019\/04\/tsi-rayonnement-activite-aurores-taches-solaires.jpg?resize=300%2C228&amp;ssl=1 300w, https:\/\/i0.wp.com\/www.laterredufutur.com\/accueil\/wp-content\/uploads\/2019\/04\/tsi-rayonnement-activite-aurores-taches-solaires.jpg?resize=768%2C583&amp;ssl=1 768w, https:\/\/i0.wp.com\/www.laterredufutur.com\/accueil\/wp-content\/uploads\/2019\/04\/tsi-rayonnement-activite-aurores-taches-solaires.jpg?resize=800%2C608&amp;ssl=1 800w, https:\/\/i0.wp.com\/www.laterredufutur.com\/accueil\/wp-content\/uploads\/2019\/04\/tsi-rayonnement-activite-aurores-taches-solaires.jpg?resize=174%2C131&amp;ssl=1 174w, https:\/\/i0.wp.com\/www.laterredufutur.com\/accueil\/wp-content\/uploads\/2019\/04\/tsi-rayonnement-activite-aurores-taches-solaires.jpg?resize=70%2C53&amp;ssl=1 70w\" sizes=\"auto, (max-width: 894px) 100vw, 894px\" \/><\/p>\n<p>Bilan<br \/>\nLes perturbations du vent solaire affectent l\u2019environnement terrestre de multiples fa\u00e7ons<br \/>\nCes effets sont de courte dur\u00e9e (quelques jours), mais leur fr\u00e9quence est modul\u00e9e par l\u2019activit\u00e9 solaire<br \/>\nLa plupart des effets se produisent cependant \u00e0 haute altitude<br \/>\n(&gt; 80 km) ! faible impact ?<\/p>\n<p>Rayons cosmiques et climat<br \/>\nCe m\u00eame m\u00e9canisme a \u00e9t\u00e9 avanc\u00e9 pour expliquer les variations de temp\u00e9rature \u00e0 l\u2019\u00e9chelle g\u00e9ologique<br \/>\nLe flux cosmique varierait alors en fonction de notre position au sein de la voie lact\u00e9e<br \/>\nCette th\u00e9orie est tr\u00e8s controvers\u00e9e<\/p>\n<p>Pour conclure<\/p>\n<p><img data-recalc-dims=\"1\" loading=\"lazy\" decoding=\"async\" data-attachment-id=\"19048\" data-permalink=\"https:\/\/www.laterredufutur.com\/accueil\/activite-solaire-et-minimum-de-maunder-le-soleil-a-t-il-une-influence-sur-notre-climat\/mecanismes-interaction-solaire\/\" data-orig-file=\"https:\/\/i0.wp.com\/www.laterredufutur.com\/accueil\/wp-content\/uploads\/2019\/04\/mecanismes-interaction-solaire.jpg?fit=876%2C632&amp;ssl=1\" data-orig-size=\"876,632\" data-comments-opened=\"1\" data-image-meta=\"{&quot;aperture&quot;:&quot;0&quot;,&quot;credit&quot;:&quot;&quot;,&quot;camera&quot;:&quot;&quot;,&quot;caption&quot;:&quot;&quot;,&quot;created_timestamp&quot;:&quot;0&quot;,&quot;copyright&quot;:&quot;&quot;,&quot;focal_length&quot;:&quot;0&quot;,&quot;iso&quot;:&quot;0&quot;,&quot;shutter_speed&quot;:&quot;0&quot;,&quot;title&quot;:&quot;&quot;,&quot;orientation&quot;:&quot;0&quot;}\" data-image-title=\"mecanismes-interaction-solaire\" data-image-description=\"\" data-image-caption=\"\" data-large-file=\"https:\/\/i0.wp.com\/www.laterredufutur.com\/accueil\/wp-content\/uploads\/2019\/04\/mecanismes-interaction-solaire.jpg?fit=800%2C577&amp;ssl=1\" class=\"alignnone size-full wp-image-19048\" src=\"https:\/\/i0.wp.com\/www.laterredufutur.com\/accueil\/wp-content\/uploads\/2019\/04\/mecanismes-interaction-solaire.jpg?resize=876%2C632&#038;ssl=1\" alt=\"\" width=\"876\" height=\"632\" srcset=\"https:\/\/i0.wp.com\/www.laterredufutur.com\/accueil\/wp-content\/uploads\/2019\/04\/mecanismes-interaction-solaire.jpg?w=876&amp;ssl=1 876w, https:\/\/i0.wp.com\/www.laterredufutur.com\/accueil\/wp-content\/uploads\/2019\/04\/mecanismes-interaction-solaire.jpg?resize=300%2C216&amp;ssl=1 300w, https:\/\/i0.wp.com\/www.laterredufutur.com\/accueil\/wp-content\/uploads\/2019\/04\/mecanismes-interaction-solaire.jpg?resize=768%2C554&amp;ssl=1 768w, https:\/\/i0.wp.com\/www.laterredufutur.com\/accueil\/wp-content\/uploads\/2019\/04\/mecanismes-interaction-solaire.jpg?resize=800%2C577&amp;ssl=1 800w\" sizes=\"auto, (max-width: 876px) 100vw, 876px\" \/><\/p>\n<p>3 d\u00e9fis<\/p>\n<ul>\n<li>Nous manquons de recul<br \/>\ncomment reconstruire 3-4 si\u00e8cles \u00e0 partir de 30 ann\u00e9es<br \/>\nd\u2019observations ?<\/li>\n<li>Le syst\u00e8me est fortement coupl\u00e9<br \/>\ntout est modul\u00e9 par le cycle solaire de 11 ans<br \/>\ndifficile de s\u00e9parer la cause de l\u2019effet<\/li>\n<li>Le syst\u00e8me est fortement non-lin\u00e9aire<br \/>\nun petit effet peut avoir des cons\u00e9quences importantes<br \/>\n(r\u00e9troactions positives)<br \/>\neffet de seuil<\/li>\n<\/ul>\n<p><img data-recalc-dims=\"1\" loading=\"lazy\" decoding=\"async\" data-attachment-id=\"19049\" data-permalink=\"https:\/\/www.laterredufutur.com\/accueil\/activite-solaire-et-minimum-de-maunder-le-soleil-a-t-il-une-influence-sur-notre-climat\/bilan-impact-climat\/\" data-orig-file=\"https:\/\/i0.wp.com\/www.laterredufutur.com\/accueil\/wp-content\/uploads\/2019\/04\/bilan-impact-climat.jpg?fit=834%2C641&amp;ssl=1\" data-orig-size=\"834,641\" data-comments-opened=\"1\" data-image-meta=\"{&quot;aperture&quot;:&quot;0&quot;,&quot;credit&quot;:&quot;&quot;,&quot;camera&quot;:&quot;&quot;,&quot;caption&quot;:&quot;&quot;,&quot;created_timestamp&quot;:&quot;0&quot;,&quot;copyright&quot;:&quot;&quot;,&quot;focal_length&quot;:&quot;0&quot;,&quot;iso&quot;:&quot;0&quot;,&quot;shutter_speed&quot;:&quot;0&quot;,&quot;title&quot;:&quot;&quot;,&quot;orientation&quot;:&quot;0&quot;}\" data-image-title=\"bilan-impact-climat\" data-image-description=\"\" data-image-caption=\"\" data-large-file=\"https:\/\/i0.wp.com\/www.laterredufutur.com\/accueil\/wp-content\/uploads\/2019\/04\/bilan-impact-climat.jpg?fit=800%2C615&amp;ssl=1\" class=\"alignnone size-full wp-image-19049\" src=\"https:\/\/i0.wp.com\/www.laterredufutur.com\/accueil\/wp-content\/uploads\/2019\/04\/bilan-impact-climat.jpg?resize=834%2C641&#038;ssl=1\" alt=\"\" width=\"834\" height=\"641\" srcset=\"https:\/\/i0.wp.com\/www.laterredufutur.com\/accueil\/wp-content\/uploads\/2019\/04\/bilan-impact-climat.jpg?w=834&amp;ssl=1 834w, https:\/\/i0.wp.com\/www.laterredufutur.com\/accueil\/wp-content\/uploads\/2019\/04\/bilan-impact-climat.jpg?resize=80%2C60&amp;ssl=1 80w, https:\/\/i0.wp.com\/www.laterredufutur.com\/accueil\/wp-content\/uploads\/2019\/04\/bilan-impact-climat.jpg?resize=300%2C231&amp;ssl=1 300w, https:\/\/i0.wp.com\/www.laterredufutur.com\/accueil\/wp-content\/uploads\/2019\/04\/bilan-impact-climat.jpg?resize=768%2C590&amp;ssl=1 768w, https:\/\/i0.wp.com\/www.laterredufutur.com\/accueil\/wp-content\/uploads\/2019\/04\/bilan-impact-climat.jpg?resize=800%2C615&amp;ssl=1 800w, https:\/\/i0.wp.com\/www.laterredufutur.com\/accueil\/wp-content\/uploads\/2019\/04\/bilan-impact-climat.jpg?resize=70%2C53&amp;ssl=1 70w\" sizes=\"auto, (max-width: 834px) 100vw, 834px\" \/><\/p>\n<p>Une forte majorit\u00e9 de scientifiques pense que l\u2019apport du Soleil au r\u00e9chauffement actuel est significatif mais secondaire face aux effets anthropiques.<\/p>\n<p>Adaptation <a href=\"https:\/\/www.laterredufutur.com\/accueil\/\">La Terre du Futur<\/a><\/p>\n<p>Extrait et source : <a href=\"http:\/\/lpc2e.cnrs-orleans.fr\/~ddwit\/soleil\/SoleilTerre.pdf\" target=\"_blank\" rel=\"noopener noreferrer\">CNRS<\/a><\/p>\n<p class=\"bawpvc-ajax-counter\" data-id=\"19021\">(2044)<\/p>\n<!--CusAds0-->\n<div style=\"font-size: 0px; height: 0px; line-height: 0px; margin: 0; padding: 0; clear: both;\"><\/div>","protected":false},"excerpt":{"rendered":"<p>Voici un document du CNRS, datant de 2009, il est riche d&rsquo;informations et toujours tr\u00e8s actuel. Laboratoire de Physique et&#8230;<\/p>\n","protected":false},"author":1,"featured_media":19026,"comment_status":"open","ping_status":"open","sticky":false,"template":"","format":"standard","meta":{"_exactmetrics_skip_tracking":false,"_exactmetrics_sitenote_active":false,"_exactmetrics_sitenote_note":"","_exactmetrics_sitenote_category":0,"ngg_post_thumbnail":0,"jetpack_post_was_ever_published":false,"_jetpack_newsletter_access":"","_jetpack_dont_email_post_to_subs":false,"_jetpack_newsletter_tier_id":0,"_jetpack_memberships_contains_paywalled_content":false,"_jetpack_memberships_contains_paid_content":false,"footnotes":"","jetpack_publicize_message":"Activit\u00e9 solaire et minimum de Maunder : le Soleil a-t-il une influence sur notre climat ? @laterredufutur.com","jetpack_publicize_feature_enabled":true,"jetpack_social_post_already_shared":true,"jetpack_social_options":{"image_generator_settings":{"template":"highway","default_image_id":0,"font":"","enabled":false},"version":2}},"categories":[24],"tags":[1152,922,41,743,70,703,52,37],"class_list":["post-19021","post","type-post","status-publish","format-standard","has-post-thumbnail","hentry","category-soleil","tag-activite-solaire","tag-bilan","tag-climat","tag-cnrs","tag-cycle","tag-impact","tag-rechauffement","tag-soleil","wpcat-24-id"],"jetpack_publicize_connections":[],"jetpack_featured_media_url":"https:\/\/i0.wp.com\/www.laterredufutur.com\/accueil\/wp-content\/uploads\/2019\/04\/cycle-solaire-11ans-1600-2010-maunder-dalton-maximum-actuel.jpg?fit=1148%2C615&ssl=1","jetpack_shortlink":"https:\/\/wp.me\/p631RN-4WN","jetpack-related-posts":[{"id":5342,"url":"https:\/\/www.laterredufutur.com\/accueil\/question-de-refroidissement\/","url_meta":{"origin":19021,"position":0},"title":"Question de Refroidissement","author":"Admin","date":"23 avril 2010","format":false,"excerpt":"De nombreux m\u00e9dias \u00e9voquent la possibilit\u00e9 que le climat pourrait se refroidir \u00e0 cause d\u2019une diminution de l\u2019activit\u00e9 solaire. Par exemple le Dr. Habibullo Ismailovich Abdussamatov, directeur du laboratoire de recherche spatiale de l\u2019observatoire Pulkovo de l\u2019Acad\u00e9mie russe des sciences, pr\u00e9dit que \u00ab D\u00e8s le milieu du si\u00e8cle l\u2019humanit\u00e9 devra\u2026","rel":"","context":"Dans &quot;Climat&quot;","block_context":{"text":"Climat","link":"https:\/\/www.laterredufutur.com\/accueil\/sujets\/climat\/"},"img":{"alt_text":"","src":"https:\/\/i0.wp.com\/www.laterredufutur.com\/spaw\/images\/Effetdeserre.jpg?resize=350%2C200","width":350,"height":200},"classes":[]},{"id":893,"url":"https:\/\/www.laterredufutur.com\/accueil\/quand-la-revue-nature-nous-confirme-linfluence-solaire\/","url_meta":{"origin":19021,"position":1},"title":"Quand la revue Nature nous confirme l&rsquo;influence solaire","author":"Admin","date":"10 mai 2012","format":false,"excerpt":"Quand la revue Nature nous confirme l'influence solaire. Voil\u00e0 un article tr\u00e8s clair de cette c\u00e9l\u00e8bre revue sur l'impact solaire. D'importants changements dans le rayonnement ultraviolet solaire peuvent affecter indirectement le climat en impliquant des changements atmosph\u00e9riques. Plus pr\u00e9cis\u00e9ment, il est sugg\u00e9r\u00e9 que la variabilit\u00e9 du climat \u00e0 l'\u00e9chelle centenaire\u2026","rel":"","context":"Dans &quot;Climat&quot;","block_context":{"text":"Climat","link":"https:\/\/www.laterredufutur.com\/accueil\/sujets\/climat\/"},"img":{"alt_text":"nature ","src":"https:\/\/i0.wp.com\/www.laterredufutur.com\/wordpress\/wp-content\/uploads\/2012\/05\/nature-geo.jpg?resize=350%2C200","width":350,"height":200},"classes":[]},{"id":20116,"url":"https:\/\/www.laterredufutur.com\/accueil\/les-enregistrements-climatiques-correlent-bien-avec-la-variabilite-solaire-un-minimum-solaire-est-prevu-dici-2030\/","url_meta":{"origin":19021,"position":2},"title":"Les enregistrements climatiques &lsquo;corr\u00e8lent bien&rsquo; avec la variabilit\u00e9 solaire\u2026 un minimum solaire est pr\u00e9vu d&rsquo;ici 2030","author":"Admin","date":"12 novembre 2019","format":false,"excerpt":"Les scientifiques internationaux sp\u00e9cialistes dans l'activit\u00e9 solaire et de la NASA estiment que leur reconstruction de l'irradiance totale du soleil allant jusqu'en 1700 peut \u00abbien corr\u00e9ler\u00bb avec les enregistrements de la temp\u00e9rature terrestre, y compris une tendance positive de la TSI de 1986 \u00e0 2008. Un nouveau grand minimum solaire\u2026","rel":"","context":"Dans &quot;Solutions&quot;","block_context":{"text":"Solutions","link":"https:\/\/www.laterredufutur.com\/accueil\/sujets\/solutions\/"},"img":{"alt_text":"","src":"https:\/\/i0.wp.com\/www.laterredufutur.com\/accueil\/wp-content\/uploads\/2018\/12\/soho-soleil.jpg?fit=803%2C700&ssl=1&resize=350%2C200","width":350,"height":200,"srcset":"https:\/\/i0.wp.com\/www.laterredufutur.com\/accueil\/wp-content\/uploads\/2018\/12\/soho-soleil.jpg?fit=803%2C700&ssl=1&resize=350%2C200 1x, https:\/\/i0.wp.com\/www.laterredufutur.com\/accueil\/wp-content\/uploads\/2018\/12\/soho-soleil.jpg?fit=803%2C700&ssl=1&resize=525%2C300 1.5x, https:\/\/i0.wp.com\/www.laterredufutur.com\/accueil\/wp-content\/uploads\/2018\/12\/soho-soleil.jpg?fit=803%2C700&ssl=1&resize=700%2C400 2x"},"classes":[]},{"id":1683,"url":"https:\/\/www.laterredufutur.com\/accueil\/le-climat-du-xxi-eme-siecle-sera-gouverne-par-le-soleil\/","url_meta":{"origin":19021,"position":3},"title":"Le climat du XXI eme si\u00e8cle sera gouvern\u00e9 par le soleil","author":"Admin","date":"12 d\u00e9cembre 2013","format":false,"excerpt":"TENDANCE CLIMATIQUE POUR LE 21\u00e8me SIECLE : Tout ce qui a d\u00e9j\u00e0 \u00e9t\u00e9 vu sur la Terre du Futur \u00e0 montr\u00e9 que seul le Soleil peut \u00eatre \u00e0 l'origine des variations majeures du climat global. L'Australien Rhodes W. Fairbridge, rappelle que le mouvement des plan\u00e8tes dont notamment Jupiter, cr\u00e9ent des\u2026","rel":"","context":"Dans &quot;Climat&quot;","block_context":{"text":"Climat","link":"https:\/\/www.laterredufutur.com\/accueil\/sujets\/climat\/"},"img":{"alt_text":"","src":"https:\/\/i0.wp.com\/www.laterredufutur.com\/accueil\/wp-content\/uploads\/2012\/04\/soleil-calme.jpg?fit=225%2C225&ssl=1&resize=350%2C200","width":350,"height":200},"classes":[]},{"id":3064,"url":"https:\/\/www.laterredufutur.com\/accueil\/une-affaire-cyclique\/","url_meta":{"origin":19021,"position":4},"title":"Une affaire cyclique","author":"Admin","date":"28 septembre 2005","format":false,"excerpt":"M\u00eame si nous sommes quelques uns \u00e0 annoncer un refroidissement possible du \u00e0 des variations de l'activit\u00e9 solaire, il faut savoir que ce peut \u00eatre aussi un \u00e9l\u00e9ment declencheur, actuellement nous nous retrouvons dans une configuration identique \u00e0 celle de la veille du petit age glaciaire appel\u00e9 aussi minimum de\u2026","rel":"","context":"Dans &quot;Climat&quot;","block_context":{"text":"Climat","link":"https:\/\/www.laterredufutur.com\/accueil\/sujets\/climat\/"},"img":{"alt_text":"","src":"","width":0,"height":0},"classes":[]},{"id":18107,"url":"https:\/\/www.laterredufutur.com\/accueil\/que-sont-les-cycles-solaires-et-comment-nous-affectent-ils\/","url_meta":{"origin":19021,"position":5},"title":"Que sont les cycles solaires et comment nous affectent-ils?","author":"Admin","date":"26 janvier 2019","format":false,"excerpt":"Pendant plus de quatre milliards d'ann\u00e9es, la lumi\u00e8re et la chaleur du soleil ont grandement influenc\u00e9 les conditions atmosph\u00e9riques et m\u00e9t\u00e9orologiques de la plan\u00e8te. Cependant, l'\u00e9nergie \u00e9mise par le soleil n'est pas constante ; elle augmente et diminue p\u00e9riodiquement. Cette variation p\u00e9riodique - qui se produit au cours d\u2019un \u00abcycle\u2026","rel":"","context":"Dans &quot;Soleil&quot;","block_context":{"text":"Soleil","link":"https:\/\/www.laterredufutur.com\/accueil\/sujets\/soleil\/"},"img":{"alt_text":"","src":"https:\/\/i0.wp.com\/www.laterredufutur.com\/accueil\/wp-content\/uploads\/2019\/01\/coucher-de-soleil.jpg?fit=960%2C638&ssl=1&resize=350%2C200","width":350,"height":200,"srcset":"https:\/\/i0.wp.com\/www.laterredufutur.com\/accueil\/wp-content\/uploads\/2019\/01\/coucher-de-soleil.jpg?fit=960%2C638&ssl=1&resize=350%2C200 1x, https:\/\/i0.wp.com\/www.laterredufutur.com\/accueil\/wp-content\/uploads\/2019\/01\/coucher-de-soleil.jpg?fit=960%2C638&ssl=1&resize=525%2C300 1.5x, https:\/\/i0.wp.com\/www.laterredufutur.com\/accueil\/wp-content\/uploads\/2019\/01\/coucher-de-soleil.jpg?fit=960%2C638&ssl=1&resize=700%2C400 2x"},"classes":[]}],"jetpack_sharing_enabled":true,"_links":{"self":[{"href":"https:\/\/www.laterredufutur.com\/accueil\/wp-json\/wp\/v2\/posts\/19021","targetHints":{"allow":["GET"]}}],"collection":[{"href":"https:\/\/www.laterredufutur.com\/accueil\/wp-json\/wp\/v2\/posts"}],"about":[{"href":"https:\/\/www.laterredufutur.com\/accueil\/wp-json\/wp\/v2\/types\/post"}],"author":[{"embeddable":true,"href":"https:\/\/www.laterredufutur.com\/accueil\/wp-json\/wp\/v2\/users\/1"}],"replies":[{"embeddable":true,"href":"https:\/\/www.laterredufutur.com\/accueil\/wp-json\/wp\/v2\/comments?post=19021"}],"version-history":[{"count":1,"href":"https:\/\/www.laterredufutur.com\/accueil\/wp-json\/wp\/v2\/posts\/19021\/revisions"}],"predecessor-version":[{"id":19050,"href":"https:\/\/www.laterredufutur.com\/accueil\/wp-json\/wp\/v2\/posts\/19021\/revisions\/19050"}],"wp:featuredmedia":[{"embeddable":true,"href":"https:\/\/www.laterredufutur.com\/accueil\/wp-json\/wp\/v2\/media\/19026"}],"wp:attachment":[{"href":"https:\/\/www.laterredufutur.com\/accueil\/wp-json\/wp\/v2\/media?parent=19021"}],"wp:term":[{"taxonomy":"category","embeddable":true,"href":"https:\/\/www.laterredufutur.com\/accueil\/wp-json\/wp\/v2\/categories?post=19021"},{"taxonomy":"post_tag","embeddable":true,"href":"https:\/\/www.laterredufutur.com\/accueil\/wp-json\/wp\/v2\/tags?post=19021"}],"curies":[{"name":"wp","href":"https:\/\/api.w.org\/{rel}","templated":true}]}}