{"id":18726,"date":"2019-03-29T08:55:56","date_gmt":"2019-03-29T07:55:56","guid":{"rendered":"https:\/\/www.laterredufutur.com\/accueil\/?p=18726"},"modified":"2019-03-29T08:58:51","modified_gmt":"2019-03-29T07:58:51","slug":"le-desastre-de-louragan-idai-au-mozambique-et-au-zimbabwe","status":"publish","type":"post","link":"https:\/\/www.laterredufutur.com\/accueil\/le-desastre-de-louragan-idai-au-mozambique-et-au-zimbabwe\/","title":{"rendered":"Le d\u00e9sastre de l&rsquo;ouragan Idai au Mozambique et au Zimbabwe"},"content":{"rendered":"<div class=\"1665f18d14f35dd9e7566e1a8ac9a3e9\" data-index=\"1\" style=\"float: none; margin:10px 0 10px 0; text-align:center;\">\n<script async src=\"https:\/\/pagead2.googlesyndication.com\/pagead\/js\/adsbygoogle.js\"><\/script>\r\n<ins class=\"adsbygoogle\"\r\n     style=\"display:block; text-align:center;\"\r\n     data-ad-layout=\"in-article\"\r\n     data-ad-format=\"fluid\"\r\n     data-ad-client=\"ca-pub-2860849627502538\"\r\n     data-ad-slot=\"3019501113\"><\/ins>\r\n<script>\r\n     (adsbygoogle = window.adsbygoogle || []).push({});\r\n<\/script>\n<\/div>\n<p>Selon l\u2019ONU, des centaines de personnes sont port\u00e9es disparues au Zimbabwe et pr\u00e8s de 10 000 ont \u00e9t\u00e9 affect\u00e9es par le cyclone.<\/p>\n<p>Consid\u00e9r\u00e9 comme l\u2019un des plus puissants de l\u2019oc\u00e9an Indien depuis dix ans, le cyclone a balay\u00e9 du vendredi au samedi 16 mars 2019 la r\u00e9gion zimbabw\u00e9enne de Chimanimani, tout pr\u00e8s de la fronti\u00e8re avec le Mozambique.<\/p>\n<p>Plus de 600 personnes ont trouv\u00e9 la mort au Zimbabwe et au Mozambique au cours du passage d\u00e9vastateur du cyclone tropical Idai et beaucoup d\u2019autres \u00e9taient port\u00e9s disparus dimanche 17 mars dans ces deux pays d\u2019Afrique australe ravag\u00e9s par des inondations et des vents intenses.<\/p>\n<p>Depuis, le bilan des victimes dans les deux pays ne cesse de s&rsquo;alourdir, ainsi que les alertes sanitaires.<\/p>\n<p><span class=\"embed-youtube\" style=\"text-align:center; display: block;\"><iframe loading=\"lazy\" class=\"youtube-player\" width=\"640\" height=\"360\" src=\"https:\/\/www.youtube.com\/embed\/VoLgeNZ-Adg?version=3&#038;rel=1&#038;showsearch=0&#038;showinfo=1&#038;iv_load_policy=1&#038;fs=1&#038;hl=fr-FR&#038;autohide=2&#038;wmode=transparent\" allowfullscreen=\"true\" style=\"border:0;\" sandbox=\"allow-scripts allow-same-origin allow-popups allow-presentation allow-popups-to-escape-sandbox\"><\/iframe><\/span><\/p>\n<p><span class=\"embed-youtube\" style=\"text-align:center; display: block;\"><iframe loading=\"lazy\" class=\"youtube-player\" width=\"640\" height=\"360\" src=\"https:\/\/www.youtube.com\/embed\/Yx-C2pp4zqs?version=3&#038;rel=1&#038;showsearch=0&#038;showinfo=1&#038;iv_load_policy=1&#038;fs=1&#038;hl=fr-FR&#038;autohide=2&#038;wmode=transparent\" allowfullscreen=\"true\" style=\"border:0;\" sandbox=\"allow-scripts allow-same-origin allow-popups allow-presentation allow-popups-to-escape-sandbox\"><\/iframe><\/span><\/p>\n<p><span class=\"embed-youtube\" style=\"text-align:center; display: block;\"><iframe loading=\"lazy\" class=\"youtube-player\" width=\"640\" height=\"360\" src=\"https:\/\/www.youtube.com\/embed\/L14YTBWgE6E?version=3&#038;rel=1&#038;showsearch=0&#038;showinfo=1&#038;iv_load_policy=1&#038;fs=1&#038;hl=fr-FR&#038;autohide=2&#038;wmode=transparent\" allowfullscreen=\"true\" style=\"border:0;\" sandbox=\"allow-scripts allow-same-origin allow-popups allow-presentation allow-popups-to-escape-sandbox\"><\/iframe><\/span><\/p>\n<p>Beira, la deuxi\u00e8me ville du Mozambique, et ses environs ont \u00e9t\u00e9 \u00ab endommag\u00e9s ou d\u00e9truits \u00e0 90 % par le cyclone Idai \u00bb, a annonc\u00e9 lundi la F\u00e9d\u00e9ration internationale de la Croix-Rouge et du Croissant-Rouge (FICR), alors que le bilan des intemp\u00e9ries s\u2019est alourdi \u00e0 138 morts au Mozambique et au Zimbabwe. \u00ab L\u2019\u00e9tendue des d\u00e9g\u00e2ts caus\u00e9s par le cyclone Idai qui a frapp\u00e9 la ville mozambicaine de Beira (centre) est \u00e9norme et terrifiant \u00bb, a estim\u00e9 la FICR.<\/p>\n<p><img data-recalc-dims=\"1\" loading=\"lazy\" decoding=\"async\" data-attachment-id=\"18727\" data-permalink=\"https:\/\/www.laterredufutur.com\/accueil\/le-desastre-de-louragan-idai-au-mozambique-et-au-zimbabwe\/cyclone-ldai-mozambique\/\" data-orig-file=\"https:\/\/i0.wp.com\/www.laterredufutur.com\/accueil\/wp-content\/uploads\/2019\/03\/cyclone-ldai-mozambique.jpg?fit=730%2C730&amp;ssl=1\" data-orig-size=\"730,730\" data-comments-opened=\"1\" data-image-meta=\"{&quot;aperture&quot;:&quot;0&quot;,&quot;credit&quot;:&quot;&quot;,&quot;camera&quot;:&quot;&quot;,&quot;caption&quot;:&quot;&quot;,&quot;created_timestamp&quot;:&quot;0&quot;,&quot;copyright&quot;:&quot;&quot;,&quot;focal_length&quot;:&quot;0&quot;,&quot;iso&quot;:&quot;0&quot;,&quot;shutter_speed&quot;:&quot;0&quot;,&quot;title&quot;:&quot;&quot;,&quot;orientation&quot;:&quot;0&quot;}\" data-image-title=\"cyclone-ldai-mozambique\" data-image-description=\"\" data-image-caption=\"\" data-large-file=\"https:\/\/i0.wp.com\/www.laterredufutur.com\/accueil\/wp-content\/uploads\/2019\/03\/cyclone-ldai-mozambique.jpg?fit=730%2C730&amp;ssl=1\" class=\"alignnone size-full wp-image-18727\" src=\"https:\/\/i0.wp.com\/www.laterredufutur.com\/accueil\/wp-content\/uploads\/2019\/03\/cyclone-ldai-mozambique.jpg?resize=730%2C730&#038;ssl=1\" alt=\"\" width=\"730\" height=\"730\" srcset=\"https:\/\/i0.wp.com\/www.laterredufutur.com\/accueil\/wp-content\/uploads\/2019\/03\/cyclone-ldai-mozambique.jpg?w=730&amp;ssl=1 730w, https:\/\/i0.wp.com\/www.laterredufutur.com\/accueil\/wp-content\/uploads\/2019\/03\/cyclone-ldai-mozambique.jpg?resize=300%2C300&amp;ssl=1 300w, https:\/\/i0.wp.com\/www.laterredufutur.com\/accueil\/wp-content\/uploads\/2019\/03\/cyclone-ldai-mozambique.jpg?resize=144%2C144&amp;ssl=1 144w\" sizes=\"auto, (max-width: 730px) 100vw, 730px\" \/><\/p>\n<p><em>Captur\u00e9e par la mission Copernicus Sentinel-3, cette image montre le cyclone Idai le 13 mars 2019 \u00e0 l&rsquo;ouest de Madagascar et \u00e0 destination du Mozambique.&nbsp;Ici, la temp\u00eate a une largeur d&rsquo;environ 800 \u00e0 1000 km, mais n&rsquo;inclut pas toute l&rsquo;\u00e9tendue d&rsquo;Idai.&nbsp;La temp\u00eate a ensuite provoqu\u00e9 de nombreuses destructions au Mozambique, au Malawi et au Zimbabwe.&nbsp;Alors que des milliers de personnes perdaient la vie et que maisons, routes et terres cultiv\u00e9es \u00e9taient submerg\u00e9es, la Charte internationale des catastrophes majeures et le service de cartographie d&rsquo;urgence Copernicus ont \u00e9t\u00e9 amen\u00e9s \u00e0 fournir des cartes des zones inond\u00e9es \u00e0 l&rsquo;aide de donn\u00e9es satellitaires afin de faciliter les interventions d&rsquo;urgence.<\/em><\/p>\n<p><img data-recalc-dims=\"1\" loading=\"lazy\" decoding=\"async\" data-attachment-id=\"18733\" data-permalink=\"https:\/\/www.laterredufutur.com\/accueil\/le-desastre-de-louragan-idai-au-mozambique-et-au-zimbabwe\/cyclone_idai_ouest-de_madagascar\/\" data-orig-file=\"https:\/\/i0.wp.com\/www.laterredufutur.com\/accueil\/wp-content\/uploads\/2019\/03\/Cyclone_Idai_ouest-de_Madagascar.jpg?fit=700%2C612&amp;ssl=1\" data-orig-size=\"700,612\" data-comments-opened=\"1\" data-image-meta=\"{&quot;aperture&quot;:&quot;0&quot;,&quot;credit&quot;:&quot;&quot;,&quot;camera&quot;:&quot;&quot;,&quot;caption&quot;:&quot;&quot;,&quot;created_timestamp&quot;:&quot;0&quot;,&quot;copyright&quot;:&quot;&quot;,&quot;focal_length&quot;:&quot;0&quot;,&quot;iso&quot;:&quot;0&quot;,&quot;shutter_speed&quot;:&quot;0&quot;,&quot;title&quot;:&quot;&quot;,&quot;orientation&quot;:&quot;0&quot;}\" data-image-title=\"Cyclone_Idai_ouest-de_Madagascar\" data-image-description=\"\" data-image-caption=\"\" data-large-file=\"https:\/\/i0.wp.com\/www.laterredufutur.com\/accueil\/wp-content\/uploads\/2019\/03\/Cyclone_Idai_ouest-de_Madagascar.jpg?fit=700%2C612&amp;ssl=1\" class=\"alignnone size-full wp-image-18733\" src=\"https:\/\/i0.wp.com\/www.laterredufutur.com\/accueil\/wp-content\/uploads\/2019\/03\/Cyclone_Idai_ouest-de_Madagascar.jpg?resize=700%2C612&#038;ssl=1\" alt=\"\" width=\"700\" height=\"612\" srcset=\"https:\/\/i0.wp.com\/www.laterredufutur.com\/accueil\/wp-content\/uploads\/2019\/03\/Cyclone_Idai_ouest-de_Madagascar.jpg?w=700&amp;ssl=1 700w, https:\/\/i0.wp.com\/www.laterredufutur.com\/accueil\/wp-content\/uploads\/2019\/03\/Cyclone_Idai_ouest-de_Madagascar.jpg?resize=300%2C262&amp;ssl=1 300w\" sizes=\"auto, (max-width: 700px) 100vw, 700px\" \/><\/p>\n<p>\u00ab Je pense qu\u2019il s\u2019agit de la plus grave catastrophe naturelle \u00e0 frapper le Mozambique. Tout est d\u00e9truit. Notre priorit\u00e9 est de sauver des vies humaines \u00bb, a d\u00e9clar\u00e9 le ministre mozambicain de l\u2019environnement, Celson Correia \u00e0 l\u2019a\u00e9roport de Beira qui a rouvert dimanche apr\u00e8s avoir \u00e9t\u00e9 ferm\u00e9 en raison du cyclone.<\/p>\n<p>Idai, plus puissant cyclone survenu en Afrique australe depuis Eline en 2000, a \u00e9galement frapp\u00e9 le Zimbabwe voisin et le Malawi. Au Zimbabwe, 259 personnes ont \u00e9t\u00e9 tu\u00e9es et pr\u00e8s de 200, dont 30 \u00e9coliers, sont toujours port\u00e9es disparues. Au total, le cylone a fait au moins 676 morts au Mozambique et au Zimbabwe.<\/p>\n<p>Dans plusieurs \u00e9coles de la ville r\u00e9quisitionn\u00e9es, des milliers de rescap\u00e9s s&rsquo;entassaient, laissant craindre des \u00e9pid\u00e9mies. \u00abLa promiscuit\u00e9 dans les centres d&rsquo;h\u00e9bergement, le manque d&rsquo;hygi\u00e8ne, les eaux stagnantes et infect\u00e9es posent des risques de maladies comme le chol\u00e9ra, le paludisme et les diarrh\u00e9es\u00bb, a pr\u00e9venu l&rsquo;Unicef. Des informations contradictoires circulaient sur d&rsquo;\u00e9ventuels cas de chol\u00e9ra.<\/p><div class=\"1665f18d14f35dd9e7566e1a8ac9a3e9\" data-index=\"2\" style=\"float: none; margin:10px 0 10px 0; text-align:center;\">\n<script async src=\"https:\/\/pagead2.googlesyndication.com\/pagead\/js\/adsbygoogle.js\"><\/script>\r\n<ins class=\"adsbygoogle\"\r\n     style=\"display:block; text-align:center;\"\r\n     data-ad-layout=\"in-article\"\r\n     data-ad-format=\"fluid\"\r\n     data-ad-client=\"ca-pub-2860849627502538\"\r\n     data-ad-slot=\"3019501113\"><\/ins>\r\n<script>\r\n     (adsbygoogle = window.adsbygoogle || []).push({});\r\n<\/script>\n<\/div>\n\n<p>\u00abPlus de 100.000 personnes ont besoin d&rsquo;aide alimentaire\u00bb, a assur\u00e9 le pr\u00e9sident Filipe Nyusi au cours d&rsquo;une intervention t\u00e9l\u00e9vis\u00e9e lundi \u00e0 Maputo. \u00abLes eaux des rivi\u00e8res Pungue et Buzi ont d\u00e9bord\u00e9 et fait dispara\u00eetre des villages entiers, isolant des communaut\u00e9s. Il y a des corps qui flottent. C&rsquo;est un v\u00e9ritable d\u00e9sastre humanitaire.\u00bb Selon lui, des rescap\u00e9s ont d\u00fb trouver refuge dans des arbres en attendant les secours. Des images a\u00e9riennes transmises par l&rsquo;organisation Mission Aviation Fellowship montrent aussi des dizaines de personnes bloqu\u00e9es sur les toits de b\u00e2timents en dur entour\u00e9s d&rsquo;eau.<\/p>\n<p>Au Zimbabwe, le pays n&rsquo;a jamais connu de \u00abdestructions d&rsquo;infrastructures d&rsquo;une telle ampleur\u00bb, a estim\u00e9 lundi le ministre des Transports, Joel Biggie Matiza. Le pr\u00e9sident Emmerson Mnangagwa est rentr\u00e9 pr\u00e9cipitamment lundi d&rsquo;un voyage aux \u00c9mirats arabes unis. \u00ab\u00c0 chaque heure qui passe, nos pires craintes se confirment\u00bb, a-t-il d\u00e9clar\u00e9 lors d&rsquo;une intervention sur la cha\u00eene publique ZBC. \u00abBeaucoup sont morts noy\u00e9s, tandis que d&rsquo;autres ont \u00e9t\u00e9 tu\u00e9s dans leur sommeil par des pierres qui ont d\u00e9moli leur maison.\u00bb<\/p>\n<figure id=\"attachment_18728\" aria-describedby=\"caption-attachment-18728\" style=\"width: 680px\" class=\"wp-caption alignnone\"><img data-recalc-dims=\"1\" loading=\"lazy\" decoding=\"async\" data-attachment-id=\"18728\" data-permalink=\"https:\/\/www.laterredufutur.com\/accueil\/le-desastre-de-louragan-idai-au-mozambique-et-au-zimbabwe\/flooded-buildings-are-seen-in-beira-mozambique-in-the-aftermath-of-cyclone-idai\/\" data-orig-file=\"https:\/\/i0.wp.com\/www.laterredufutur.com\/accueil\/wp-content\/uploads\/2019\/03\/Idai-cyclone-mozambique-mars2019-1.jpg?fit=680%2C382&amp;ssl=1\" data-orig-size=\"680,382\" data-comments-opened=\"1\" data-image-meta=\"{&quot;aperture&quot;:&quot;0&quot;,&quot;credit&quot;:&quot;REUTERS&quot;,&quot;camera&quot;:&quot;&quot;,&quot;caption&quot;:&quot;Flooded buildings are seen in Beira, Mozambique, in the aftermath of Cyclone Idai, March 23, 2019. REUTERS\/Mike Hutchings&quot;,&quot;created_timestamp&quot;:&quot;1553343305&quot;,&quot;copyright&quot;:&quot;&quot;,&quot;focal_length&quot;:&quot;0&quot;,&quot;iso&quot;:&quot;0&quot;,&quot;shutter_speed&quot;:&quot;0&quot;,&quot;title&quot;:&quot;Flooded buildings are seen in Beira, Mozambique, in the aftermath of Cyclone Idai&quot;,&quot;orientation&quot;:&quot;0&quot;}\" data-image-title=\"Flooded buildings are seen in Beira, Mozambique, in the aftermath of Cyclone Idai\" data-image-description=\"\" data-image-caption=\"&lt;p&gt;Flooded buildings are seen in Beira, Mozambique, in the aftermath of Cyclone Idai, March 23, 2019. REUTERS\/Mike Hutchings&lt;\/p&gt;\n\" data-large-file=\"https:\/\/i0.wp.com\/www.laterredufutur.com\/accueil\/wp-content\/uploads\/2019\/03\/Idai-cyclone-mozambique-mars2019-1.jpg?fit=680%2C382&amp;ssl=1\" class=\"size-full wp-image-18728\" src=\"https:\/\/i0.wp.com\/www.laterredufutur.com\/accueil\/wp-content\/uploads\/2019\/03\/Idai-cyclone-mozambique-mars2019-1.jpg?resize=680%2C382&#038;ssl=1\" alt=\"\" width=\"680\" height=\"382\" srcset=\"https:\/\/i0.wp.com\/www.laterredufutur.com\/accueil\/wp-content\/uploads\/2019\/03\/Idai-cyclone-mozambique-mars2019-1.jpg?w=680&amp;ssl=1 680w, https:\/\/i0.wp.com\/www.laterredufutur.com\/accueil\/wp-content\/uploads\/2019\/03\/Idai-cyclone-mozambique-mars2019-1.jpg?resize=300%2C169&amp;ssl=1 300w, https:\/\/i0.wp.com\/www.laterredufutur.com\/accueil\/wp-content\/uploads\/2019\/03\/Idai-cyclone-mozambique-mars2019-1.jpg?resize=580%2C326&amp;ssl=1 580w, https:\/\/i0.wp.com\/www.laterredufutur.com\/accueil\/wp-content\/uploads\/2019\/03\/Idai-cyclone-mozambique-mars2019-1.jpg?resize=174%2C98&amp;ssl=1 174w\" sizes=\"auto, (max-width: 680px) 100vw, 680px\" \/><figcaption id=\"caption-attachment-18728\" class=\"wp-caption-text\">Flooded buildings are seen in Beira, Mozambique, in the aftermath of Cyclone Idai, March 23, 2019. REUTERS\/Mike Hutchings<\/figcaption><\/figure>\n<figure id=\"attachment_18729\" aria-describedby=\"caption-attachment-18729\" style=\"width: 680px\" class=\"wp-caption alignnone\"><img data-recalc-dims=\"1\" loading=\"lazy\" decoding=\"async\" data-attachment-id=\"18729\" data-permalink=\"https:\/\/www.laterredufutur.com\/accueil\/le-desastre-de-louragan-idai-au-mozambique-et-au-zimbabwe\/mozambique-weather-cyclone-disaster\/\" data-orig-file=\"https:\/\/i0.wp.com\/www.laterredufutur.com\/accueil\/wp-content\/uploads\/2019\/03\/Idai-cyclone-mozambique-mars2019-2.jpg?fit=680%2C453&amp;ssl=1\" data-orig-size=\"680,453\" data-comments-opened=\"1\" data-image-meta=\"{&quot;aperture&quot;:&quot;0&quot;,&quot;credit&quot;:&quot;AFP&quot;,&quot;camera&quot;:&quot;&quot;,&quot;caption&quot;:&quot;Flood water covers the ground  between rubble where there once use to be houses at an informal settlement in Beira, the fourth largest city in Mozambique, on March 23, 2019. - The man lost his house in Cyclone Idai and he has been rebuilding it the past week. The UN is stepping up calls for help in Mozambique as aid agencies struggle to assist tens of thousands of people battered by one of southern Africa&#039;s most powerful cyclones. A week after Tropical Cyclone Idai lashed Mozambique with winds of nearly 200 kilometres (120 miles) per hour, survivors are struggling in desperate conditions -- some still trapped on roof tops and those saved needing food and facing the risk of outbreaks of disease such as cholera. (Photo by WIKUS DE WET \/ AFP)&quot;,&quot;created_timestamp&quot;:&quot;1553316245&quot;,&quot;copyright&quot;:&quot;AFP or licensors&quot;,&quot;focal_length&quot;:&quot;0&quot;,&quot;iso&quot;:&quot;0&quot;,&quot;shutter_speed&quot;:&quot;0&quot;,&quot;title&quot;:&quot;MOZAMBIQUE-WEATHER-CYCLONE-DISASTER&quot;,&quot;orientation&quot;:&quot;0&quot;}\" data-image-title=\"MOZAMBIQUE-WEATHER-CYCLONE-DISASTER\" data-image-description=\"\" data-image-caption=\"&lt;p&gt;Flood water covers the ground  between rubble where there once use to be houses at an informal settlement in Beira, the fourth largest city in Mozambique, on March 23, 2019. &amp;#8211; The man lost his house in Cyclone Idai and he has been rebuilding it the past week. The UN is stepping up calls for help in Mozambique as aid agencies struggle to assist tens of thousands of people battered by one of southern Africa&amp;rsquo;s most powerful cyclones. A week after Tropical Cyclone Idai lashed Mozambique with winds of nearly 200 kilometres (120 miles) per hour, survivors are struggling in desperate conditions &amp;#8212; some still trapped on roof tops and those saved needing food and facing the risk of outbreaks of disease such as cholera. (Photo by WIKUS DE WET \/ AFP)&lt;\/p&gt;\n\" data-large-file=\"https:\/\/i0.wp.com\/www.laterredufutur.com\/accueil\/wp-content\/uploads\/2019\/03\/Idai-cyclone-mozambique-mars2019-2.jpg?fit=680%2C453&amp;ssl=1\" class=\"size-full wp-image-18729\" src=\"https:\/\/i0.wp.com\/www.laterredufutur.com\/accueil\/wp-content\/uploads\/2019\/03\/Idai-cyclone-mozambique-mars2019-2.jpg?resize=680%2C453&#038;ssl=1\" alt=\"\" width=\"680\" height=\"453\" srcset=\"https:\/\/i0.wp.com\/www.laterredufutur.com\/accueil\/wp-content\/uploads\/2019\/03\/Idai-cyclone-mozambique-mars2019-2.jpg?w=680&amp;ssl=1 680w, https:\/\/i0.wp.com\/www.laterredufutur.com\/accueil\/wp-content\/uploads\/2019\/03\/Idai-cyclone-mozambique-mars2019-2.jpg?resize=300%2C200&amp;ssl=1 300w\" sizes=\"auto, (max-width: 680px) 100vw, 680px\" \/><figcaption id=\"caption-attachment-18729\" class=\"wp-caption-text\">Flood water covers the ground between rubble where there once use to be houses at an informal settlement in Beira, the fourth largest city in Mozambique, on March 23, 2019. &#8211; The man lost his house in Cyclone Idai and he has been rebuilding it the past week. The UN is stepping up calls for help in Mozambique as aid agencies struggle to assist tens of thousands of people battered by one of southern Africa&rsquo;s most powerful cyclones. A week after Tropical Cyclone Idai lashed Mozambique with winds of nearly 200 kilometres (120 miles) per hour, survivors are struggling in desperate conditions &#8212; some still trapped on roof tops and those saved needing food and facing the risk of outbreaks of disease such as cholera. (Photo by WIKUS DE WET \/ AFP)<\/figcaption><\/figure>\n<figure id=\"attachment_18730\" aria-describedby=\"caption-attachment-18730\" style=\"width: 680px\" class=\"wp-caption alignnone\"><img data-recalc-dims=\"1\" loading=\"lazy\" decoding=\"async\" data-attachment-id=\"18730\" data-permalink=\"https:\/\/www.laterredufutur.com\/accueil\/le-desastre-de-louragan-idai-au-mozambique-et-au-zimbabwe\/the-graves-of-people-killed-during-cyclone-idai-are-seen-in-chimanimani\/\" data-orig-file=\"https:\/\/i0.wp.com\/www.laterredufutur.com\/accueil\/wp-content\/uploads\/2019\/03\/Idai-cyclone-mozambique-mars2019-3.jpg?fit=680%2C509&amp;ssl=1\" data-orig-size=\"680,509\" data-comments-opened=\"1\" data-image-meta=\"{&quot;aperture&quot;:&quot;0&quot;,&quot;credit&quot;:&quot;REUTERS&quot;,&quot;camera&quot;:&quot;&quot;,&quot;caption&quot;:&quot;The graves of people killed during Cyclone Idai are seen in Chimanimani, Zimbabwe, March 23, 2019. REUTERS\/Philimon Bulawayo&quot;,&quot;created_timestamp&quot;:&quot;1553329913&quot;,&quot;copyright&quot;:&quot;&quot;,&quot;focal_length&quot;:&quot;0&quot;,&quot;iso&quot;:&quot;0&quot;,&quot;shutter_speed&quot;:&quot;0&quot;,&quot;title&quot;:&quot;The graves of people killed during Cyclone Idai are seen in Chimanimani&quot;,&quot;orientation&quot;:&quot;0&quot;}\" data-image-title=\"The graves of people killed during Cyclone Idai are seen in Chimanimani\" data-image-description=\"\" data-image-caption=\"&lt;p&gt;The graves of people killed during Cyclone Idai are seen in Chimanimani, Zimbabwe, March 23, 2019. REUTERS\/Philimon Bulawayo&lt;\/p&gt;\n\" data-large-file=\"https:\/\/i0.wp.com\/www.laterredufutur.com\/accueil\/wp-content\/uploads\/2019\/03\/Idai-cyclone-mozambique-mars2019-3.jpg?fit=680%2C509&amp;ssl=1\" class=\"size-full wp-image-18730\" src=\"https:\/\/i0.wp.com\/www.laterredufutur.com\/accueil\/wp-content\/uploads\/2019\/03\/Idai-cyclone-mozambique-mars2019-3.jpg?resize=680%2C509&#038;ssl=1\" alt=\"\" width=\"680\" height=\"509\" srcset=\"https:\/\/i0.wp.com\/www.laterredufutur.com\/accueil\/wp-content\/uploads\/2019\/03\/Idai-cyclone-mozambique-mars2019-3.jpg?w=680&amp;ssl=1 680w, https:\/\/i0.wp.com\/www.laterredufutur.com\/accueil\/wp-content\/uploads\/2019\/03\/Idai-cyclone-mozambique-mars2019-3.jpg?resize=80%2C60&amp;ssl=1 80w, https:\/\/i0.wp.com\/www.laterredufutur.com\/accueil\/wp-content\/uploads\/2019\/03\/Idai-cyclone-mozambique-mars2019-3.jpg?resize=300%2C225&amp;ssl=1 300w, https:\/\/i0.wp.com\/www.laterredufutur.com\/accueil\/wp-content\/uploads\/2019\/03\/Idai-cyclone-mozambique-mars2019-3.jpg?resize=174%2C131&amp;ssl=1 174w, https:\/\/i0.wp.com\/www.laterredufutur.com\/accueil\/wp-content\/uploads\/2019\/03\/Idai-cyclone-mozambique-mars2019-3.jpg?resize=70%2C53&amp;ssl=1 70w\" sizes=\"auto, (max-width: 680px) 100vw, 680px\" \/><figcaption id=\"caption-attachment-18730\" class=\"wp-caption-text\">The graves of people killed during Cyclone Idai are seen in Chimanimani, Zimbabwe, March 23, 2019. REUTERS\/Philimon Bulawayo<\/figcaption><\/figure>\n<figure id=\"attachment_18731\" aria-describedby=\"caption-attachment-18731\" style=\"width: 680px\" class=\"wp-caption alignnone\"><img data-recalc-dims=\"1\" loading=\"lazy\" decoding=\"async\" data-attachment-id=\"18731\" data-permalink=\"https:\/\/www.laterredufutur.com\/accueil\/le-desastre-de-louragan-idai-au-mozambique-et-au-zimbabwe\/locals-look-on-after-cyclone-idai-in-buzi-district-outside-beira\/\" data-orig-file=\"https:\/\/i0.wp.com\/www.laterredufutur.com\/accueil\/wp-content\/uploads\/2019\/03\/Idai-cyclone-mozambique-mars2019-4.jpg?fit=680%2C452&amp;ssl=1\" data-orig-size=\"680,452\" data-comments-opened=\"1\" data-image-meta=\"{&quot;aperture&quot;:&quot;0&quot;,&quot;credit&quot;:&quot;REUTERS&quot;,&quot;camera&quot;:&quot;&quot;,&quot;caption&quot;:&quot;Locals look on after Cyclone Idai in Buzi district outside Beira, Mozambique, March 22, 2019. REUTERS\/Siphiwe Sibeko&quot;,&quot;created_timestamp&quot;:&quot;1553266827&quot;,&quot;copyright&quot;:&quot;&quot;,&quot;focal_length&quot;:&quot;0&quot;,&quot;iso&quot;:&quot;0&quot;,&quot;shutter_speed&quot;:&quot;0&quot;,&quot;title&quot;:&quot;Locals look on after Cyclone Idai in Buzi district outside Beira&quot;,&quot;orientation&quot;:&quot;0&quot;}\" data-image-title=\"Locals look on after Cyclone Idai in Buzi district outside Beira\" data-image-description=\"\" data-image-caption=\"&lt;p&gt;Locals look on after Cyclone Idai in Buzi district outside Beira, Mozambique, March 22, 2019. REUTERS\/Siphiwe Sibeko&lt;\/p&gt;\n\" data-large-file=\"https:\/\/i0.wp.com\/www.laterredufutur.com\/accueil\/wp-content\/uploads\/2019\/03\/Idai-cyclone-mozambique-mars2019-4.jpg?fit=680%2C452&amp;ssl=1\" class=\"size-full wp-image-18731\" src=\"https:\/\/i0.wp.com\/www.laterredufutur.com\/accueil\/wp-content\/uploads\/2019\/03\/Idai-cyclone-mozambique-mars2019-4.jpg?resize=680%2C452&#038;ssl=1\" alt=\"\" width=\"680\" height=\"452\" srcset=\"https:\/\/i0.wp.com\/www.laterredufutur.com\/accueil\/wp-content\/uploads\/2019\/03\/Idai-cyclone-mozambique-mars2019-4.jpg?w=680&amp;ssl=1 680w, https:\/\/i0.wp.com\/www.laterredufutur.com\/accueil\/wp-content\/uploads\/2019\/03\/Idai-cyclone-mozambique-mars2019-4.jpg?resize=300%2C199&amp;ssl=1 300w\" sizes=\"auto, (max-width: 680px) 100vw, 680px\" \/><figcaption id=\"caption-attachment-18731\" class=\"wp-caption-text\">Locals look on after Cyclone Idai in Buzi district outside Beira, Mozambique, March 22, 2019. REUTERS\/Siphiwe Sibeko<\/figcaption><\/figure>\n<figure id=\"attachment_18732\" aria-describedby=\"caption-attachment-18732\" style=\"width: 680px\" class=\"wp-caption alignnone\"><img data-recalc-dims=\"1\" loading=\"lazy\" decoding=\"async\" data-attachment-id=\"18732\" data-permalink=\"https:\/\/www.laterredufutur.com\/accueil\/le-desastre-de-louragan-idai-au-mozambique-et-au-zimbabwe\/a-woman-waits-with-her-child-as-aid-is-distributed-at-a-camp-for-people-displaced-in-flooding-in-the-aftermath-of-cyclone-idai-near-beira\/\" data-orig-file=\"https:\/\/i0.wp.com\/www.laterredufutur.com\/accueil\/wp-content\/uploads\/2019\/03\/Idai-cyclone-mozambique-mars2019-5.jpg?fit=680%2C481&amp;ssl=1\" data-orig-size=\"680,481\" data-comments-opened=\"1\" data-image-meta=\"{&quot;aperture&quot;:&quot;0&quot;,&quot;credit&quot;:&quot;REUTERS&quot;,&quot;camera&quot;:&quot;&quot;,&quot;caption&quot;:&quot;A woman waits with her child as aid is distributed at a camp for people displaced in flooding in the aftermath of Cyclone Idai, near Beira, Mozambique, March 23, 2019. REUTERS\/Mike Hutchings&quot;,&quot;created_timestamp&quot;:&quot;1553343708&quot;,&quot;copyright&quot;:&quot;&quot;,&quot;focal_length&quot;:&quot;0&quot;,&quot;iso&quot;:&quot;0&quot;,&quot;shutter_speed&quot;:&quot;0&quot;,&quot;title&quot;:&quot;A woman waits with her child as aid is distributed at a camp for people displaced in flooding in the aftermath of Cyclone Idai, near Beira&quot;,&quot;orientation&quot;:&quot;0&quot;}\" data-image-title=\"A woman waits with her child as aid is distributed at a camp for people displaced in flooding in the aftermath of Cyclone Idai, near Beira\" data-image-description=\"\" data-image-caption=\"&lt;p&gt;A woman waits with her child as aid is distributed at a camp for people displaced in flooding in the aftermath of Cyclone Idai, near Beira, Mozambique, March 23, 2019. REUTERS\/Mike Hutchings&lt;\/p&gt;\n\" data-large-file=\"https:\/\/i0.wp.com\/www.laterredufutur.com\/accueil\/wp-content\/uploads\/2019\/03\/Idai-cyclone-mozambique-mars2019-5.jpg?fit=680%2C481&amp;ssl=1\" class=\"size-full wp-image-18732\" src=\"https:\/\/i0.wp.com\/www.laterredufutur.com\/accueil\/wp-content\/uploads\/2019\/03\/Idai-cyclone-mozambique-mars2019-5.jpg?resize=680%2C481&#038;ssl=1\" alt=\"\" width=\"680\" height=\"481\" srcset=\"https:\/\/i0.wp.com\/www.laterredufutur.com\/accueil\/wp-content\/uploads\/2019\/03\/Idai-cyclone-mozambique-mars2019-5.jpg?w=680&amp;ssl=1 680w, https:\/\/i0.wp.com\/www.laterredufutur.com\/accueil\/wp-content\/uploads\/2019\/03\/Idai-cyclone-mozambique-mars2019-5.jpg?resize=300%2C212&amp;ssl=1 300w\" sizes=\"auto, (max-width: 680px) 100vw, 680px\" \/><figcaption id=\"caption-attachment-18732\" class=\"wp-caption-text\">A woman waits with her child as aid is distributed at a camp for people displaced in flooding in the aftermath of Cyclone Idai, near Beira, Mozambique, March 23, 2019. REUTERS\/Mike Hutchings<\/figcaption><\/figure>\n<p>Adaptation <a href=\"https:\/\/www.laterredufutur.com\/accueil\/\">La Terre du Futur<\/a><\/p>\n<p>sources : <a href=\"https:\/\/www.la-croix.com\/Monde\/Afrique\/Cyclone-Idai-moins-127-morts-Zimbabwe-Mozambique-2019-03-18-1201009564\" target=\"_blank\" rel=\"noopener noreferrer\">https:\/\/www.la-croix.com\/<\/a> \/ <a href=\"http:\/\/www.lefigaro.fr\/international\/2019\/03\/23\/01003-20190323ARTFIG00042-cyclone-idai-plus-de-600-morts-au-mozambique-et-au-zimbabwe.php\" target=\"_blank\" rel=\"noopener noreferrer\">http:\/\/www.lefigaro.fr\/<\/a> \/ <a href=\"http:\/\/www.lefigaro.fr\/international\/2019\/03\/18\/01003-20190318ARTFIG00054-cyclone-idai-la-deuxieme-ville-du-mozambique-endommagee-ou-detruite-a-90.php\" target=\"_blank\" rel=\"noopener noreferrer\">http:\/\/www.lefigaro.fr\/<\/a> \/ <a href=\"https:\/\/www.esa.int\/spaceinimages\/Images\/2019\/03\/Cyclone_Idai_west_of_Madagascar\" target=\"_blank\" rel=\"noopener noreferrer\">https:\/\/www.esa.int<\/a><\/p>\n<p class=\"bawpvc-ajax-counter\" data-id=\"18726\">(357)<\/p>\n<!--CusAds0-->\n<div style=\"font-size: 0px; height: 0px; line-height: 0px; margin: 0; padding: 0; clear: both;\"><\/div>","protected":false},"excerpt":{"rendered":"<p>Selon l\u2019ONU, des centaines de personnes sont port\u00e9es disparues au Zimbabwe et pr\u00e8s de 10 000 ont \u00e9t\u00e9 affect\u00e9es par&#8230;<\/p>\n","protected":false},"author":1,"featured_media":18733,"comment_status":"open","ping_status":"open","sticky":false,"template":"","format":"standard","meta":{"_exactmetrics_skip_tracking":false,"_exactmetrics_sitenote_active":false,"_exactmetrics_sitenote_note":"","_exactmetrics_sitenote_category":0,"ngg_post_thumbnail":0,"jetpack_post_was_ever_published":false,"_jetpack_newsletter_access":"","_jetpack_dont_email_post_to_subs":false,"_jetpack_newsletter_tier_id":0,"_jetpack_memberships_contains_paywalled_content":false,"_jetpack_memberships_contains_paid_content":false,"footnotes":"","jetpack_publicize_message":"Le d\u00e9sastre de l'ouragan Idai au Mozambique et au Zimbabwe @laterredufutur.com","jetpack_publicize_feature_enabled":true,"jetpack_social_post_already_shared":true,"jetpack_social_options":{"image_generator_settings":{"template":"highway","default_image_id":0,"font":"","enabled":false},"version":2}},"categories":[21,32],"tags":[40,663,1592,7101,7100,257,684],"class_list":["post-18726","post","type-post","status-publish","format-standard","has-post-thumbnail","hentry","category-evenement-brutal","category-meteorologie","tag-catastrophe","tag-cyclone","tag-desastre","tag-idai","tag-mozambique","tag-ouragan","tag-video","wpcat-21-id","wpcat-32-id"],"jetpack_publicize_connections":[],"jetpack_featured_media_url":"https:\/\/i0.wp.com\/www.laterredufutur.com\/accueil\/wp-content\/uploads\/2019\/03\/Cyclone_Idai_ouest-de_Madagascar.jpg?fit=700%2C612&ssl=1","jetpack_shortlink":"https:\/\/wp.me\/p631RN-4S2","jetpack-related-posts":[{"id":26479,"url":"https:\/\/www.laterredufutur.com\/accueil\/le-cyclone-chido-a-mayotte-cree-une-catastrophe-malheureusement-previsible\/","url_meta":{"origin":18726,"position":0},"title":"Le cyclone Chido \u00e0 Mayotte cr\u00e9\u00e9 une catastrophe malheureusement pr\u00e9visible","author":"Admin","date":"17 d\u00e9cembre 2024","format":false,"excerpt":"Avec des rafales sup\u00e9rieures \u00e0 220 km\/h, le cyclone Chido qui a ravag\u00e9 Mayotte se situe dans les cat\u00e9gories les plus d\u00e9vastatrices de ce type de ph\u00e9nom\u00e8nes tropicaux. Mais la lourdeur du bilan doit tout \u00e0 sa trajectoire. Un cyclone pas si rare sur l\u2019oc\u00e9an Indien Dans l\u2019oc\u00e9an Indien et\u2026","rel":"","context":"Dans &quot;Ev\u00e8nement Brutal&quot;","block_context":{"text":"Ev\u00e8nement Brutal","link":"https:\/\/www.laterredufutur.com\/accueil\/sujets\/evenement-brutal\/"},"img":{"alt_text":"","src":"https:\/\/i0.wp.com\/www.laterredufutur.com\/accueil\/wp-content\/uploads\/2024\/12\/cyclone-Chido-Mayotte-Madagascar.jpg?fit=1200%2C675&ssl=1&resize=350%2C200","width":350,"height":200,"srcset":"https:\/\/i0.wp.com\/www.laterredufutur.com\/accueil\/wp-content\/uploads\/2024\/12\/cyclone-Chido-Mayotte-Madagascar.jpg?fit=1200%2C675&ssl=1&resize=350%2C200 1x, https:\/\/i0.wp.com\/www.laterredufutur.com\/accueil\/wp-content\/uploads\/2024\/12\/cyclone-Chido-Mayotte-Madagascar.jpg?fit=1200%2C675&ssl=1&resize=525%2C300 1.5x, https:\/\/i0.wp.com\/www.laterredufutur.com\/accueil\/wp-content\/uploads\/2024\/12\/cyclone-Chido-Mayotte-Madagascar.jpg?fit=1200%2C675&ssl=1&resize=700%2C400 2x, https:\/\/i0.wp.com\/www.laterredufutur.com\/accueil\/wp-content\/uploads\/2024\/12\/cyclone-Chido-Mayotte-Madagascar.jpg?fit=1200%2C675&ssl=1&resize=1050%2C600 3x"},"classes":[]},{"id":7624,"url":"https:\/\/www.laterredufutur.com\/accueil\/cyclones-a-la-queue-leu-leu\/","url_meta":{"origin":18726,"position":1},"title":"Cyclones \u00e0 la queue-leu-leu","author":"Admin","date":"9 juillet 2015","format":false,"excerpt":"\u00c0 un certain point cette semaine, ce ne sera pas un, pas deux, mais cinq cyclones tropicaux qui balaieront l\u2019oc\u00e9an Pacifique. Bien qu\u2019une telle situation ait d\u00e9j\u00e0 \u00e9t\u00e9 observ\u00e9e par le pass\u00e9, il n\u2019en demeure pas moins impressionnant de voir autant de temp\u00eates au m\u00eame moment. Trois typhons frapperont la\u2026","rel":"","context":"Dans &quot;Ev\u00e8nement Brutal&quot;","block_context":{"text":"Ev\u00e8nement Brutal","link":"https:\/\/www.laterredufutur.com\/accueil\/sujets\/evenement-brutal\/"},"img":{"alt_text":"","src":"https:\/\/i0.wp.com\/www.laterredufutur.com\/accueil\/wp-content\/uploads\/2015\/07\/cyclones-juillet2015.jpg?fit=690%2C388&ssl=1&resize=350%2C200","width":350,"height":200,"srcset":"https:\/\/i0.wp.com\/www.laterredufutur.com\/accueil\/wp-content\/uploads\/2015\/07\/cyclones-juillet2015.jpg?fit=690%2C388&ssl=1&resize=350%2C200 1x, https:\/\/i0.wp.com\/www.laterredufutur.com\/accueil\/wp-content\/uploads\/2015\/07\/cyclones-juillet2015.jpg?fit=690%2C388&ssl=1&resize=525%2C300 1.5x"},"classes":[]},{"id":3370,"url":"https:\/\/www.laterredufutur.com\/accueil\/ouragans-dans-lhemisphere-sud-larry\/","url_meta":{"origin":18726,"position":2},"title":"Ouragans dans l&rsquo;H\u00e9misph\u00e8re sud : Larry","author":"Admin","date":"23 mars 2006","format":false,"excerpt":"Les ouragans semblent s'amplifier dans l'H\u00e9misph\u00e8re sud, apr\u00e8s que la R\u00e9union ait \u00e9t\u00e9 frapp\u00e9e par 3 ouragans et des vagues de plus de\u00a03 m\u00eatres de haut, l'Australie paye le prix fort. Le cyclone tropical Larry a frapp\u00e9, lundi matin, le nord-est de l'Australie, non loin de la Grande Barri\u00e8re de\u2026","rel":"","context":"Dans &quot;Ev\u00e8nement Brutal&quot;","block_context":{"text":"Ev\u00e8nement Brutal","link":"https:\/\/www.laterredufutur.com\/accueil\/sujets\/evenement-brutal\/"},"img":{"alt_text":"","src":"https:\/\/i0.wp.com\/www.laterredufutur.com\/spaw\/images\/cyclone_larry.jpeg?resize=350%2C200","width":350,"height":200},"classes":[]},{"id":3974,"url":"https:\/\/www.laterredufutur.com\/accueil\/annee-cyclonique-intense-pour-2007\/","url_meta":{"origin":18726,"position":3},"title":"Ann\u00e9e cyclonique intense pour 2007","author":"Admin","date":"6 mai 2007","format":false,"excerpt":"Les scientifiques am\u00e9ricains pr\u00e9disent une saison des ouragans en 2007 intense, avec la formation de 17 temp\u00eates tropicales en Atlantique. D\u2019apr\u00e8s William Gray et Phil Klotzbach, de l\u2019Universit\u00e9 du Colorado, neuf de ces 17 temp\u00eates tropicales pourraient devenir des ouragans. Ces m\u00e9t\u00e9orologues pr\u00e9disent une activit\u00e9 des cyclones tropicaux cette saison\u2026","rel":"","context":"Dans &quot;Ev\u00e8nement Brutal&quot;","block_context":{"text":"Ev\u00e8nement Brutal","link":"https:\/\/www.laterredufutur.com\/accueil\/sujets\/evenement-brutal\/"},"img":{"alt_text":"","src":"https:\/\/i0.wp.com\/www.laterredufutur.com\/accueil\/wp-content\/uploads\/2015\/04\/katrinaoeil.jpg?fit=400%2C300&ssl=1&resize=350%2C200","width":350,"height":200},"classes":[]},{"id":3765,"url":"https:\/\/www.laterredufutur.com\/accueil\/les-typhons-en-2006-el-nino-et-phenomenes-insolites\/","url_meta":{"origin":18726,"position":4},"title":"Les Typhons en 2006, El Nino, et Ph\u00e9nom\u00e8nes Insolites","author":"Admin","date":"5 d\u00e9cembre 2006","format":false,"excerpt":"Autant les ouragans (nom employ\u00e9 pour l'Atlantique), n'ont pas \u00e9t\u00e9 nombreux cette ann\u00e9e 2006. Le responsable de cette faible intensit\u00e9 cyclonique serait El Nino.\u00a0Il cisaillerait les vents dans l'atmosph\u00e8re et ainsi bloquerait la naissance de temp\u00eates trop actives dans l'Altantique. Mais l'ann\u00e9e 2006, aura vu un record de Typhons (nom\u2026","rel":"","context":"Dans &quot;M\u00e9t\u00e9orologie&quot;","block_context":{"text":"M\u00e9t\u00e9orologie","link":"https:\/\/www.laterredufutur.com\/accueil\/sujets\/meteorologie\/"},"img":{"alt_text":"","src":"https:\/\/i0.wp.com\/www.laterredufutur.com\/accueil\/wp-content\/uploads\/2015\/04\/typhons-2006.jpg?fit=410%2C513&ssl=1&resize=350%2C200","width":350,"height":200},"classes":[]},{"id":4199,"url":"https:\/\/www.laterredufutur.com\/accueil\/le-cyclone-sidr-ravage-le-bangladesh\/","url_meta":{"origin":18726,"position":5},"title":"Le cyclone SIDR ravage le Bangladesh","author":"Admin","date":"19 novembre 2007","format":false,"excerpt":"Le Bangladesh vit des heures terribles. La mal\u00e9diction semble s'abattre sur ce pays. Des responsables ont parl\u00e9 de la pire temp\u00eate de ces derni\u00e8res ann\u00e9es dans un pays ravag\u00e9 par un ouragan en 1970, qui avait fait un demi-million de morts, et par un terrible raz-de-mar\u00e9e cyclonique en 1991, qui\u2026","rel":"","context":"Dans &quot;Ev\u00e8nement Brutal&quot;","block_context":{"text":"Ev\u00e8nement Brutal","link":"https:\/\/www.laterredufutur.com\/accueil\/sujets\/evenement-brutal\/"},"img":{"alt_text":"","src":"https:\/\/i0.wp.com\/www.laterredufutur.com\/spaw\/images\/cyclone-Sidr-1.jpg?resize=350%2C200","width":350,"height":200},"classes":[]}],"jetpack_sharing_enabled":true,"_links":{"self":[{"href":"https:\/\/www.laterredufutur.com\/accueil\/wp-json\/wp\/v2\/posts\/18726","targetHints":{"allow":["GET"]}}],"collection":[{"href":"https:\/\/www.laterredufutur.com\/accueil\/wp-json\/wp\/v2\/posts"}],"about":[{"href":"https:\/\/www.laterredufutur.com\/accueil\/wp-json\/wp\/v2\/types\/post"}],"author":[{"embeddable":true,"href":"https:\/\/www.laterredufutur.com\/accueil\/wp-json\/wp\/v2\/users\/1"}],"replies":[{"embeddable":true,"href":"https:\/\/www.laterredufutur.com\/accueil\/wp-json\/wp\/v2\/comments?post=18726"}],"version-history":[{"count":4,"href":"https:\/\/www.laterredufutur.com\/accueil\/wp-json\/wp\/v2\/posts\/18726\/revisions"}],"predecessor-version":[{"id":18737,"href":"https:\/\/www.laterredufutur.com\/accueil\/wp-json\/wp\/v2\/posts\/18726\/revisions\/18737"}],"wp:featuredmedia":[{"embeddable":true,"href":"https:\/\/www.laterredufutur.com\/accueil\/wp-json\/wp\/v2\/media\/18733"}],"wp:attachment":[{"href":"https:\/\/www.laterredufutur.com\/accueil\/wp-json\/wp\/v2\/media?parent=18726"}],"wp:term":[{"taxonomy":"category","embeddable":true,"href":"https:\/\/www.laterredufutur.com\/accueil\/wp-json\/wp\/v2\/categories?post=18726"},{"taxonomy":"post_tag","embeddable":true,"href":"https:\/\/www.laterredufutur.com\/accueil\/wp-json\/wp\/v2\/tags?post=18726"}],"curies":[{"name":"wp","href":"https:\/\/api.w.org\/{rel}","templated":true}]}}