{"id":1805,"date":"2014-02-11T23:00:00","date_gmt":"2014-02-11T22:00:00","guid":{"rendered":"http:\/\/www.laterredufutur.com\/wordpress\/?p=1805"},"modified":"2014-02-11T23:00:00","modified_gmt":"2014-02-11T22:00:00","slug":"el-nino-serait-de-retour-dici-le-mois-de-septembre-2014","status":"publish","type":"post","link":"https:\/\/www.laterredufutur.com\/accueil\/el-nino-serait-de-retour-dici-le-mois-de-septembre-2014\/","title":{"rendered":"El nino serait de retour d&rsquo;ici le mois de septembre 2014"},"content":{"rendered":"<div class=\"1665f18d14f35dd9e7566e1a8ac9a3e9\" data-index=\"1\" style=\"float: none; margin:10px 0 10px 0; text-align:center;\">\n<script async src=\"https:\/\/pagead2.googlesyndication.com\/pagead\/js\/adsbygoogle.js\"><\/script>\r\n<ins class=\"adsbygoogle\"\r\n     style=\"display:block; text-align:center;\"\r\n     data-ad-layout=\"in-article\"\r\n     data-ad-format=\"fluid\"\r\n     data-ad-client=\"ca-pub-2860849627502538\"\r\n     data-ad-slot=\"3019501113\"><\/ins>\r\n<script>\r\n     (adsbygoogle = window.adsbygoogle || []).push({});\r\n<\/script>\n<\/div>\n<p style=\"text-align: justify;\"><span style=\"color: #000000;\"><span style=\"font-size: small;\"><img data-recalc-dims=\"1\" decoding=\"async\" data-attachment-id=\"1801\" data-permalink=\"https:\/\/www.laterredufutur.com\/accueil\/el-nino-serait-de-retour-dici-le-mois-de-septembre-2014\/laterredufutur-com_spaw_images_elnino\/\" data-orig-file=\"https:\/\/i0.wp.com\/www.laterredufutur.com\/accueil\/wp-content\/uploads\/2014\/02\/laterredufutur.com_spaw_images_elnino.jpg?fit=250%2C178&amp;ssl=1\" data-orig-size=\"250,178\" data-comments-opened=\"1\" data-image-meta=\"{&quot;aperture&quot;:&quot;0&quot;,&quot;credit&quot;:&quot;&quot;,&quot;camera&quot;:&quot;&quot;,&quot;caption&quot;:&quot;&quot;,&quot;created_timestamp&quot;:&quot;0&quot;,&quot;copyright&quot;:&quot;&quot;,&quot;focal_length&quot;:&quot;0&quot;,&quot;iso&quot;:&quot;0&quot;,&quot;shutter_speed&quot;:&quot;0&quot;,&quot;title&quot;:&quot;&quot;,&quot;orientation&quot;:&quot;0&quot;}\" data-image-title=\"laterredufutur.com_spaw_images_elnino\" data-image-description=\"\" data-image-caption=\"\" data-large-file=\"https:\/\/i0.wp.com\/www.laterredufutur.com\/accueil\/wp-content\/uploads\/2014\/02\/laterredufutur.com_spaw_images_elnino.jpg?fit=250%2C178&amp;ssl=1\" class=\" alignleft size-full wp-image-1801\" src=\"https:\/\/i0.wp.com\/www.laterredufutur.com\/wordpress\/wp-content\/uploads\/2014\/02\/laterredufutur.com_spaw_images_elnino.jpg?w=120\" border=\"0\"  style=\"border: 0px; float: left;\" \/>(Qu\u00e9bec) L&rsquo;enfant terrible du climat, le fameux El Nino, refera-t-il un tour de piste d&rsquo;ici la fin de l&rsquo;ann\u00e9e 2014? C&rsquo;est ce qu&rsquo;avance un article paru lundi dans Proceedings of the National Academy of Sciences (PNAS), qui propose une nouvelle fa\u00e7on de pr\u00e9dire sa venue et estime \u00e0 3 sur 4 les chances pour que le ph\u00e9nom\u00e8ne revienne chambouler le climat terrestre dans les prochains mois.<\/span><\/span><\/p>\n<p style=\"text-align: justify;\"><span style=\"color: #000000;\"><span style=\"font-size: small;\">   <\/span><\/span><\/p>\n<p style=\"text-align: justify;\"><span style=\"color: #000000;\"><span style=\"font-size: small;\">Aussi nomm\u00e9 plus prosa\u00efquement \u00aboscillation australe\u00bb, El Nino survient quand les forts vents qui soufflent habituellement sur le Pacifique \u00e9quatorial, les \u00abaliz\u00e9s\u00bb, faiblissent soudainement. En temps normal, ces vents poussent les eaux chaudes de la surface vers l&rsquo;Asie du sud-est et l&rsquo;Australie; et puisque l&rsquo;eau tend spontan\u00e9ment \u00e0 se \u00abmettre au niveau\u00bb, cela permet aux eaux froides des profondeurs de remonter au large de l&rsquo;Am\u00e9rique du Sud.<\/span><\/span><\/p>\n<p style=\"text-align: center;\"><span style=\"color: #000000;\"><span style=\"font-size: small;\"><img data-recalc-dims=\"1\" loading=\"lazy\" decoding=\"async\" data-attachment-id=\"1802\" data-permalink=\"https:\/\/www.laterredufutur.com\/accueil\/el-nino-serait-de-retour-dici-le-mois-de-septembre-2014\/_spaw_images_infrarouge\/\" data-orig-file=\"https:\/\/i0.wp.com\/www.laterredufutur.com\/accueil\/wp-content\/uploads\/2014\/02\/.._spaw_images_infrarouge.jpg?fit=200%2C201&amp;ssl=1\" data-orig-size=\"200,201\" data-comments-opened=\"1\" data-image-meta=\"{&quot;aperture&quot;:&quot;0&quot;,&quot;credit&quot;:&quot;&quot;,&quot;camera&quot;:&quot;&quot;,&quot;caption&quot;:&quot;&quot;,&quot;created_timestamp&quot;:&quot;0&quot;,&quot;copyright&quot;:&quot;&quot;,&quot;focal_length&quot;:&quot;0&quot;,&quot;iso&quot;:&quot;0&quot;,&quot;shutter_speed&quot;:&quot;0&quot;,&quot;title&quot;:&quot;&quot;,&quot;orientation&quot;:&quot;1&quot;}\" data-image-title=\".._spaw_images_infrarouge\" data-image-description=\"\" data-image-caption=\"\" data-large-file=\"https:\/\/i0.wp.com\/www.laterredufutur.com\/accueil\/wp-content\/uploads\/2014\/02\/.._spaw_images_infrarouge.jpg?fit=200%2C201&amp;ssl=1\" class=\" size-full wp-image-1802\" src=\"https:\/\/i0.wp.com\/www.laterredufutur.com\/wordpress\/wp-content\/uploads\/2014\/02\/.._spaw_images_infrarouge.jpg?resize=200%2C201\" border=\"0\" width=\"200\" height=\"201\" srcset=\"https:\/\/i0.wp.com\/www.laterredufutur.com\/accueil\/wp-content\/uploads\/2014\/02\/.._spaw_images_infrarouge.jpg?w=200&amp;ssl=1 200w, https:\/\/i0.wp.com\/www.laterredufutur.com\/accueil\/wp-content\/uploads\/2014\/02\/.._spaw_images_infrarouge.jpg?resize=150%2C150&amp;ssl=1 150w\" sizes=\"auto, (max-width: 200px) 100vw, 200px\" \/><br \/><\/span><\/span><\/p>\n<p style=\"text-align: justify;\"><span style=\"line-height: 1.3em;\"><span style=\"color: #000000;\"><span style=\"font-size: small;\">Mais tous les deux \u00e0 sept ans, les aliz\u00e9s cessent de souffler ou le font moins fortement, et l&rsquo;eau froide des profondeurs ne remonte plus. Une \u00e9norme masse d&rsquo;eau chaude se forme alors dans une r\u00e9gion o\u00f9 elle est g\u00e9n\u00e9ralement froide, ce qui a toutes sortes de cons\u00e9quences sur le climat mondial. Par exemple, le dernier \u00e9pisode d&rsquo;El Nino, en 2010, a co\u00efncid\u00e9 avec l&rsquo;hiver le plus doux jamais enregistr\u00e9 au Canada.<\/span><\/span><\/span><\/p>\n<p style=\"text-align: justify;\"><span style=\"line-height: 1.3em;\"><span style=\"color: #000000;\"><span style=\"font-size: small;\">Cette oscillation est aussi li\u00e9e avec des formes plus dramatiques de m\u00e9t\u00e9o extr\u00eame, ce qui pousse beaucoup de chercheurs et de gouvernements \u00e0 tenter de la pr\u00e9dire. Mais jusqu&rsquo;\u00e0 pr\u00e9sent, la petite b\u00eate s&rsquo;est av\u00e9r\u00e9e particuli\u00e8rement capricieuse, et nos meilleures pr\u00e9dictions ne d\u00e9passent pas six mois.<\/span><\/span><\/span><\/p>\n<p style=\"text-align: center;\"><span style=\"line-height: 1.3em;\"><span style=\"color: #000000;\"><span style=\"font-size: small;\"><img data-recalc-dims=\"1\" loading=\"lazy\" decoding=\"async\" data-attachment-id=\"1803\" data-permalink=\"https:\/\/www.laterredufutur.com\/accueil\/el-nino-serait-de-retour-dici-le-mois-de-septembre-2014\/laterredufutur-com_spaw_images_home\/\" data-orig-file=\"https:\/\/i0.wp.com\/www.laterredufutur.com\/accueil\/wp-content\/uploads\/2014\/02\/laterredufutur.com_spaw_images_home.gif?fit=362%2C285&amp;ssl=1\" data-orig-size=\"362,285\" data-comments-opened=\"1\" data-image-meta=\"{&quot;aperture&quot;:&quot;0&quot;,&quot;credit&quot;:&quot;&quot;,&quot;camera&quot;:&quot;&quot;,&quot;caption&quot;:&quot;&quot;,&quot;created_timestamp&quot;:&quot;0&quot;,&quot;copyright&quot;:&quot;&quot;,&quot;focal_length&quot;:&quot;0&quot;,&quot;iso&quot;:&quot;0&quot;,&quot;shutter_speed&quot;:&quot;0&quot;,&quot;title&quot;:&quot;&quot;,&quot;orientation&quot;:&quot;0&quot;}\" data-image-title=\"laterredufutur.com_spaw_images_home\" data-image-description=\"\" data-image-caption=\"\" data-large-file=\"https:\/\/i0.wp.com\/www.laterredufutur.com\/accueil\/wp-content\/uploads\/2014\/02\/laterredufutur.com_spaw_images_home.gif?fit=362%2C285&amp;ssl=1\" class=\" size-full wp-image-1803\" src=\"https:\/\/i0.wp.com\/www.laterredufutur.com\/wordpress\/wp-content\/uploads\/2014\/02\/laterredufutur.com_spaw_images_home.gif?resize=362%2C285\" border=\"0\" width=\"362\" height=\"285\" \/><br \/><\/span><\/span><\/span><\/p><div class=\"1665f18d14f35dd9e7566e1a8ac9a3e9\" data-index=\"2\" style=\"float: none; margin:10px 0 10px 0; text-align:center;\">\n<script async src=\"https:\/\/pagead2.googlesyndication.com\/pagead\/js\/adsbygoogle.js\"><\/script>\r\n<ins class=\"adsbygoogle\"\r\n     style=\"display:block; text-align:center;\"\r\n     data-ad-layout=\"in-article\"\r\n     data-ad-format=\"fluid\"\r\n     data-ad-client=\"ca-pub-2860849627502538\"\r\n     data-ad-slot=\"3019501113\"><\/ins>\r\n<script>\r\n     (adsbygoogle = window.adsbygoogle || []).push({});\r\n<\/script>\n<\/div>\n\n<p style=\"text-align: justify;\"><span style=\"line-height: 1.3em;\"><span style=\"color: #000000;\"><span style=\"font-size: small;\">Nouvelle approche<\/span><\/span><\/span><\/p>\n<p> <script async src=\"\/\/pagead2.googlesyndication.com\/pagead\/js\/adsbygoogle.js\"><\/script> <script async src=\"\/\/pagead2.googlesyndication.com\/pagead\/js\/adsbygoogle.js\"><\/script> <!-- TDF2 --> <ins class=\"adsbygoogle\"      style=\"display:inline-block;width:336px;height:280px\"      data-ad-client=\"ca-pub-2860849627502538\"      data-ad-slot=\"1340140919\"><\/ins> <script> (adsbygoogle = window.adsbygoogle || []).push({}); <\/script> <\/p>\n<p style=\"text-align: justify;\"><span style=\"line-height: 1.3em;\"><span style=\"color: #000000;\"><span style=\"font-size: small;\">Or, dans l&rsquo;article publi\u00e9 hier dans PNAS, une \u00e9quipe dirig\u00e9e par Hans Joachim Schellnhuber, de l&rsquo;Institut de recherche sur le climat de Potsdam, propose une nouvelle approche qui permettrait d&rsquo;allonger l&rsquo;\u00e9ch\u00e9ance des pr\u00e9dictions \u00e0 1 an. Au lieu de se fier \u00e0 des donn\u00e9es climatiques tr\u00e8s \u00e9toff\u00e9es, M. Schellnhuber a simplement observ\u00e9 que, une douzaine de mois avant un \u00e9pisode, la temp\u00e9rature au-dessus de la zone o\u00f9 El Nino survient (soit dans la moiti\u00e9 est du Pacifique, le long de l&rsquo;\u00e9quateur) semble se synchroniser avec celle du reste de l&rsquo;oc\u00e9an (jusqu&rsquo;\u00e0 30\u00b0 de latitude au nord et au sud).<\/span><\/span><\/span><\/p>\n<p style=\"text-align: center;\"><span style=\"line-height: 1.3em;\"><span style=\"color: #000000;\"><span style=\"font-size: small;\"><img data-recalc-dims=\"1\" loading=\"lazy\" decoding=\"async\" data-attachment-id=\"1804\" data-permalink=\"https:\/\/www.laterredufutur.com\/accueil\/el-nino-serait-de-retour-dici-le-mois-de-septembre-2014\/laterredufutur-com_spaw_images_elnino-2\/\" data-orig-file=\"https:\/\/i0.wp.com\/www.laterredufutur.com\/accueil\/wp-content\/uploads\/2014\/02\/laterredufutur.com_spaw_images_elnino.gif?fit=400%2C420&amp;ssl=1\" data-orig-size=\"400,420\" data-comments-opened=\"1\" data-image-meta=\"{&quot;aperture&quot;:&quot;0&quot;,&quot;credit&quot;:&quot;&quot;,&quot;camera&quot;:&quot;&quot;,&quot;caption&quot;:&quot;&quot;,&quot;created_timestamp&quot;:&quot;0&quot;,&quot;copyright&quot;:&quot;&quot;,&quot;focal_length&quot;:&quot;0&quot;,&quot;iso&quot;:&quot;0&quot;,&quot;shutter_speed&quot;:&quot;0&quot;,&quot;title&quot;:&quot;&quot;,&quot;orientation&quot;:&quot;0&quot;}\" data-image-title=\"laterredufutur.com_spaw_images_elnino\" data-image-description=\"\" data-image-caption=\"\" data-large-file=\"https:\/\/i0.wp.com\/www.laterredufutur.com\/accueil\/wp-content\/uploads\/2014\/02\/laterredufutur.com_spaw_images_elnino.gif?fit=400%2C420&amp;ssl=1\" class=\" size-full wp-image-1804\" src=\"https:\/\/i0.wp.com\/www.laterredufutur.com\/wordpress\/wp-content\/uploads\/2014\/02\/laterredufutur.com_spaw_images_elnino.gif?resize=400%2C420\" border=\"0\" width=\"400\" height=\"420\" \/><br \/><\/span><\/span><\/span><\/p>\n<p style=\"text-align: justify;\"><span style=\"line-height: 1.3em;\"><span style=\"color: #000000;\"><span style=\"font-size: small;\">On ignore pourquoi cela se produit, mais en mesurant cette synchronisation et en \u00e9tablissant le bon \u00abseuil d&rsquo;alerte\u00bb, M. Schellnhuber parvient \u00e0 pr\u00e9dire 76 % des ann\u00e9es o\u00f9 El Nino survient et 86 % de celles o\u00f9 il n&rsquo;arrive pas &#8211; et son seuil critique a \u00e9t\u00e9 d\u00e9pass\u00e9 en septembre dernier, ce qui sugg\u00e8re un El Nino d&rsquo;ici l&rsquo;automne.<\/span><\/span><\/span><\/p>\n<p style=\"text-align: justify;\"><span style=\"line-height: 1.3em;\"><span style=\"color: #000000;\"><span style=\"font-size: small;\">Pour l&rsquo;heure, soulignons-le, il est impossible de dire si ce nouveau mod\u00e8le est plus fiable que les autres, ce que les auteurs de l&rsquo;article admettent d&rsquo;ailleurs d&rsquo;eux-m\u00eames. \u00abNous sommes conscients des risques pour nos r\u00e9putations li\u00e9s \u00e0 notre annonce, mais il demeure que formuler des hypoth\u00e8ses falsifiables est au coeur de la d\u00e9marche scientifique. Si notre pr\u00e9diction s&rsquo;av\u00e8re correcte, cela sera une avanc\u00e9e majeure\u00bb, \u00e9crivent-ils.<\/span><\/span><\/span><\/p>\n<p style=\"text-align: justify;\"><span style=\"line-height: 1.3em;\"><span style=\"color: #000000;\"><span style=\"font-size: small;\">source :\u00a0http:\/\/www.lapresse.ca\/<\/span><\/span><\/span><\/p>\n<p class=\"bawpvc-ajax-counter\" data-id=\"1805\">(206)<\/p>\n<!--CusAds0-->\n<div style=\"font-size: 0px; height: 0px; line-height: 0px; margin: 0; padding: 0; clear: both;\"><\/div>","protected":false},"excerpt":{"rendered":"<p style=\"text-align: justify;\"><span style=\"color: #000000;\"><span style=\"font-size: small;\"><img decoding=\"async\" class=\" alignleft size-full wp-image-1801\" src=\"http:\/\/www.laterredufutur.com\/wordpress\/wp-content\/uploads\/2014\/02\/laterredufutur.com_spaw_images_elnino.jpg\" border=\"0\" width=\"120\" style=\"border: 0px; float: left;\" \/>(Qu\u00e9bec) L&rsquo;enfant terrible du climat, le fameux El Nino, refera-t-il un tour de piste d&rsquo;ici la fin de l&rsquo;ann\u00e9e 2014? C&rsquo;est ce qu&rsquo;avance un article paru lundi dans Proceedings of the National Academy of Sciences (PNAS), qui propose une nouvelle fa\u00e7on de pr\u00e9dire sa venue et estime \u00e0 3 sur 4 les chances pour que le ph\u00e9nom\u00e8ne revienne chambouler le climat terrestre dans les prochains mois.<\/span><\/span><\/p>\n<p style=\"text-align: justify;\"><span style=\"color: #000000;\"><span style=\"font-size: small;\"> <\/p>\n","protected":false},"author":1,"featured_media":1801,"comment_status":"open","ping_status":"open","sticky":false,"template":"","format":"standard","meta":{"_exactmetrics_skip_tracking":false,"_exactmetrics_sitenote_active":false,"_exactmetrics_sitenote_note":"","_exactmetrics_sitenote_category":0,"ngg_post_thumbnail":0,"jetpack_post_was_ever_published":false,"_jetpack_newsletter_access":"","_jetpack_dont_email_post_to_subs":false,"_jetpack_newsletter_tier_id":0,"_jetpack_memberships_contains_paywalled_content":false,"_jetpack_memberships_contains_paid_content":false,"footnotes":"","jetpack_publicize_message":"","jetpack_publicize_feature_enabled":true,"jetpack_social_post_already_shared":false,"jetpack_social_options":{"image_generator_settings":{"template":"highway","default_image_id":0,"font":"","enabled":false},"version":2}},"categories":[20],"tags":[2007,41,142,148,55,1697],"class_list":["post-1805","post","type-post","status-publish","format-standard","has-post-thumbnail","hentry","category-climat","tag-alizes","tag-climat","tag-courant","tag-el-nino","tag-meteo","tag-ocean-pacifique","wpcat-20-id"],"jetpack_publicize_connections":[],"jetpack_featured_media_url":"https:\/\/i0.wp.com\/www.laterredufutur.com\/accueil\/wp-content\/uploads\/2014\/02\/laterredufutur.com_spaw_images_elnino.jpg?fit=250%2C178&ssl=1","jetpack_shortlink":"https:\/\/wp.me\/p631RN-t7","jetpack-related-posts":[{"id":1940,"url":"https:\/\/www.laterredufutur.com\/accueil\/el-nino-le-retour-dun-monstre-meteo\/","url_meta":{"origin":1805,"position":0},"title":"El Nino, le retour d&rsquo;un monstre m\u00e9t\u00e9o","author":"Admin","date":"17 avril 2014","format":false,"excerpt":"Si les tendances actuelles se confirment, El Ni\u00f1o pourrait m\u00eame devenir le ph\u00e9nom\u00e8ne m\u00e9t\u00e9o plan\u00e9taire le plus monumental de 2014. Les probabilit\u00e9s sont de plus en plus fortes qu'El Ni\u00f1o soit de retour en 2014 \u2013et selon de nouvelles pr\u00e9visions m\u00e9t\u00e9o, le ph\u00e9nom\u00e8ne pourrait m\u00eame \u00eatre particuli\u00e8rement vigoureux. Gr\u00e2ce \u00e0\u2026","rel":"","context":"Dans &quot;Climat&quot;","block_context":{"text":"Climat","link":"https:\/\/www.laterredufutur.com\/accueil\/sujets\/climat\/"},"img":{"alt_text":"","src":"https:\/\/i0.wp.com\/www.laterredufutur.com\/wordpress\/wp-content\/uploads\/2014\/04\/laterredufutur.com_photos_el-nino-2014.jpg?resize=350%2C200","width":350,"height":200},"classes":[]},{"id":4133,"url":"https:\/\/www.laterredufutur.com\/accueil\/la-pollution-en-asie-favoriserait-la-formation-des-tempetes-dans-le-pacifique\/","url_meta":{"origin":1805,"position":1},"title":"La pollution en Asie favoriserait la formation des temp\u00eates dans le Pacifique","author":"Admin","date":"19 septembre 2007","format":false,"excerpt":"La pollution atmosph\u00e9rique continue en Asie favoriserait la formation de temp\u00eates plus violentes au dessus du Pacifique. Le Sud-Est asiatique est recouvert, de mani\u00e8re plus ou moins continue, par un nuage de pollution de 3 kilom\u00e8tres d'\u00e9paisseur comprenant particules en suspension, suies, a\u00e9rosols et compos\u00e9s chimiques qui ne persistent qu'\u00e0\u2026","rel":"","context":"Dans &quot;Pollution&quot;","block_context":{"text":"Pollution","link":"https:\/\/www.laterredufutur.com\/accueil\/sujets\/pollution\/"},"img":{"alt_text":"","src":"","width":0,"height":0},"classes":[]},{"id":11996,"url":"https:\/\/www.laterredufutur.com\/accueil\/del-nino-a-la-nina\/","url_meta":{"origin":1805,"position":2},"title":"D&rsquo;El Nino \u00e0 la Nina","author":"Admin","date":"29 avril 2016","format":false,"excerpt":"La Ni\u00f1a signifie \u00ab La petite fille \u00bb en espagnol. Sa r\u00e9putation est moins spectaculaire que son fr\u00e8re El Ni\u00f1o, surnomm\u00e9 l\u2019\u00ab enfant terrible de la m\u00e9t\u00e9o \u00bb, mais ses impacts peuvent \u00eatre tout aussi importants dans certaines r\u00e9gions du monde. Un ph\u00e9nom\u00e8ne La Ni\u00f1a est caract\u00e9ris\u00e9 par une anomalie\u2026","rel":"","context":"Dans &quot;Climat&quot;","block_context":{"text":"Climat","link":"https:\/\/www.laterredufutur.com\/accueil\/sujets\/climat\/"},"img":{"alt_text":"","src":"https:\/\/i0.wp.com\/www.laterredufutur.com\/accueil\/wp-content\/uploads\/2016\/04\/elnino-lanina.jpg?fit=690%2C388&ssl=1&resize=350%2C200","width":350,"height":200,"srcset":"https:\/\/i0.wp.com\/www.laterredufutur.com\/accueil\/wp-content\/uploads\/2016\/04\/elnino-lanina.jpg?fit=690%2C388&ssl=1&resize=350%2C200 1x, https:\/\/i0.wp.com\/www.laterredufutur.com\/accueil\/wp-content\/uploads\/2016\/04\/elnino-lanina.jpg?fit=690%2C388&ssl=1&resize=525%2C300 1.5x"},"classes":[]},{"id":12428,"url":"https:\/\/www.laterredufutur.com\/accueil\/apres-el-nino-la-nina-va-t-elle-donner-un-coup-de-froid-a-la-planete\/","url_meta":{"origin":1805,"position":3},"title":"Apr\u00e8s El Ni\u00f1o, La Ni\u00f1a va-t-elle donner un coup de froid \u00e0 la plan\u00e8te?","author":"Admin","date":"31 mai 2016","format":false,"excerpt":"C'est le pendant froid du courant chaud \u00e9quatorial El Ni\u00f1o: la Ni\u00f1a devrait prendre le relais dans les eaux du Pacifique d'ici quelques mois et, \u00e0 son tour, chambouler les \u00e9quilibres climatiques de la plan\u00e8te. Pas de r\u00e9pit pour le climat cette ann\u00e9e... A peine le ph\u00e9nom\u00e8ne El Ni\u00f1o termin\u00e9,\u2026","rel":"","context":"Dans &quot;Courants Marins&quot;","block_context":{"text":"Courants Marins","link":"https:\/\/www.laterredufutur.com\/accueil\/sujets\/circulation-oceanique\/"},"img":{"alt_text":"","src":"https:\/\/i0.wp.com\/www.laterredufutur.com\/accueil\/wp-content\/uploads\/2016\/05\/la-nina-2016.jpeg?fit=1200%2C675&ssl=1&resize=350%2C200","width":350,"height":200,"srcset":"https:\/\/i0.wp.com\/www.laterredufutur.com\/accueil\/wp-content\/uploads\/2016\/05\/la-nina-2016.jpeg?fit=1200%2C675&ssl=1&resize=350%2C200 1x, https:\/\/i0.wp.com\/www.laterredufutur.com\/accueil\/wp-content\/uploads\/2016\/05\/la-nina-2016.jpeg?fit=1200%2C675&ssl=1&resize=525%2C300 1.5x, https:\/\/i0.wp.com\/www.laterredufutur.com\/accueil\/wp-content\/uploads\/2016\/05\/la-nina-2016.jpeg?fit=1200%2C675&ssl=1&resize=700%2C400 2x, https:\/\/i0.wp.com\/www.laterredufutur.com\/accueil\/wp-content\/uploads\/2016\/05\/la-nina-2016.jpeg?fit=1200%2C675&ssl=1&resize=1050%2C600 3x"},"classes":[]},{"id":2261,"url":"https:\/\/www.laterredufutur.com\/accueil\/pourquoi-tout-le-monde-sest-trompe-sur-le-phenomene-el-nino-cette-annee\/","url_meta":{"origin":1805,"position":4},"title":"Pourquoi tout le monde s&rsquo;est tromp\u00e9 sur le ph\u00e9nom\u00e8ne El Ni\u00f1o cette ann\u00e9e","author":"Admin","date":"16 novembre 2014","format":false,"excerpt":"Quand on est dans l'erreur, il faut reconna\u00eetre ses torts. Malgr\u00e9 les pr\u00e9dictions en avril dernier, certains scientifiques ont du admettre qu'il n'y aura pas de super El Ni\u00f1o cet hiver. En fait, selon de nouvelles informations r\u00e9v\u00e9l\u00e9es le 4 novembre 2014, les chances qu'il n'y ait m\u00eame aucun El\u2026","rel":"","context":"Dans &quot;Climat&quot;","block_context":{"text":"Climat","link":"https:\/\/www.laterredufutur.com\/accueil\/sujets\/climat\/"},"img":{"alt_text":"","src":"https:\/\/i0.wp.com\/www.laterredufutur.com\/wordpress\/wp-content\/uploads\/2014\/11\/laterredufutur.com_photos_el-nino-1997-nov.jpg?resize=350%2C200","width":350,"height":200},"classes":[]},{"id":25396,"url":"https:\/\/www.laterredufutur.com\/accueil\/une-grande-masse-deau-chaude-dans-le-pacifique-pourrait-etre-a-lorigine-du-comportement-etrange-del-nino\/","url_meta":{"origin":1805,"position":5},"title":"Une grande masse d&rsquo;eau chaude dans le Pacifique pourrait \u00eatre \u00e0 l&rsquo;origine du comportement \u00e9trange d&rsquo;El Ni\u00f1o","author":"Admin","date":"2 d\u00e9cembre 2023","format":false,"excerpt":"El Ni\u00f1o bat son plein et restera probablement \"fort\" cet hiver, mais son effet sur les conditions m\u00e9t\u00e9orologiques aux USA et dans le monde d\u00e9pend du comportement d'une masse anormalement chaude dans le Pacifique occidental, selon les experts. Selon le Washington Post, une \u00e9trange masse d'eau chaude apparue dans le\u2026","rel":"","context":"Dans &quot;Climat&quot;","block_context":{"text":"Climat","link":"https:\/\/www.laterredufutur.com\/accueil\/sujets\/climat\/"},"img":{"alt_text":"","src":"https:\/\/i0.wp.com\/www.laterredufutur.com\/accueil\/wp-content\/uploads\/2023\/06\/el-nino-juin-2023.png?fit=1200%2C729&ssl=1&resize=350%2C200","width":350,"height":200,"srcset":"https:\/\/i0.wp.com\/www.laterredufutur.com\/accueil\/wp-content\/uploads\/2023\/06\/el-nino-juin-2023.png?fit=1200%2C729&ssl=1&resize=350%2C200 1x, https:\/\/i0.wp.com\/www.laterredufutur.com\/accueil\/wp-content\/uploads\/2023\/06\/el-nino-juin-2023.png?fit=1200%2C729&ssl=1&resize=525%2C300 1.5x, https:\/\/i0.wp.com\/www.laterredufutur.com\/accueil\/wp-content\/uploads\/2023\/06\/el-nino-juin-2023.png?fit=1200%2C729&ssl=1&resize=700%2C400 2x, https:\/\/i0.wp.com\/www.laterredufutur.com\/accueil\/wp-content\/uploads\/2023\/06\/el-nino-juin-2023.png?fit=1200%2C729&ssl=1&resize=1050%2C600 3x"},"classes":[]}],"jetpack_sharing_enabled":true,"_links":{"self":[{"href":"https:\/\/www.laterredufutur.com\/accueil\/wp-json\/wp\/v2\/posts\/1805","targetHints":{"allow":["GET"]}}],"collection":[{"href":"https:\/\/www.laterredufutur.com\/accueil\/wp-json\/wp\/v2\/posts"}],"about":[{"href":"https:\/\/www.laterredufutur.com\/accueil\/wp-json\/wp\/v2\/types\/post"}],"author":[{"embeddable":true,"href":"https:\/\/www.laterredufutur.com\/accueil\/wp-json\/wp\/v2\/users\/1"}],"replies":[{"embeddable":true,"href":"https:\/\/www.laterredufutur.com\/accueil\/wp-json\/wp\/v2\/comments?post=1805"}],"version-history":[{"count":0,"href":"https:\/\/www.laterredufutur.com\/accueil\/wp-json\/wp\/v2\/posts\/1805\/revisions"}],"wp:featuredmedia":[{"embeddable":true,"href":"https:\/\/www.laterredufutur.com\/accueil\/wp-json\/wp\/v2\/media\/1801"}],"wp:attachment":[{"href":"https:\/\/www.laterredufutur.com\/accueil\/wp-json\/wp\/v2\/media?parent=1805"}],"wp:term":[{"taxonomy":"category","embeddable":true,"href":"https:\/\/www.laterredufutur.com\/accueil\/wp-json\/wp\/v2\/categories?post=1805"},{"taxonomy":"post_tag","embeddable":true,"href":"https:\/\/www.laterredufutur.com\/accueil\/wp-json\/wp\/v2\/tags?post=1805"}],"curies":[{"name":"wp","href":"https:\/\/api.w.org\/{rel}","templated":true}]}}