{"id":17908,"date":"2019-02-21T20:00:59","date_gmt":"2019-02-21T19:00:59","guid":{"rendered":"https:\/\/www.laterredufutur.com\/accueil\/?p=17908"},"modified":"2019-01-21T07:37:17","modified_gmt":"2019-01-21T06:37:17","slug":"un-monde-vers-la-moto-electrique","status":"publish","type":"post","link":"https:\/\/www.laterredufutur.com\/accueil\/un-monde-vers-la-moto-electrique\/","title":{"rendered":"Un monde vers la moto \u00e9lectrique"},"content":{"rendered":"<div class=\"1665f18d14f35dd9e7566e1a8ac9a3e9\" data-index=\"1\" style=\"float: none; margin:10px 0 10px 0; text-align:center;\">\n<script async src=\"https:\/\/pagead2.googlesyndication.com\/pagead\/js\/adsbygoogle.js\"><\/script>\r\n<ins class=\"adsbygoogle\"\r\n     style=\"display:block; text-align:center;\"\r\n     data-ad-layout=\"in-article\"\r\n     data-ad-format=\"fluid\"\r\n     data-ad-client=\"ca-pub-2860849627502538\"\r\n     data-ad-slot=\"3019501113\"><\/ins>\r\n<script>\r\n     (adsbygoogle = window.adsbygoogle || []).push({});\r\n<\/script>\n<\/div>\n<p>Ducati travaille sur une moto \u00e9lectrique futuriste. Le fabricant italien de motos Iconic, Ducati, affirme qu&rsquo;il ne s&rsquo;agit pas seulement d&rsquo;une moto \u00e9lectrique, mais que la moto est proche de sa production.<\/p>\n<p>Cela fait de Ducati la derni\u00e8re marque de motos \u00e0 int\u00e9grer le mouvement des v\u00e9hicules \u00e9lectriques. Harley-Davidson envisage de commencer \u00e0 vendre son premier v\u00e9lo \u00e9lectrique en ao\u00fbt et un fabricant r\u00e9cent, Zero Motorcycles, a impressionn\u00e9 avec ses d\u00e9buts \u00e9lectriques.<\/p>\n<p>Ducati a utilis\u00e9 le transport \u00e9lectrique \u00e0 deux roues dans le pass\u00e9. Il a produit plusieurs v\u00e9los \u00e9lectriques en collaboration avec des partenaires et en 2016, il a publi\u00e9 un concept vid\u00e9o de style pour une moto appel\u00e9e Ducati Zero, d\u00e9velopp\u00e9 avec une \u00e9cole polytechnique de Milan.<\/p>\n<p>\u00abL\u2019avenir est \u00e9lectrique\u00bb, a d\u00e9clar\u00e9 Claudio Domenicali, PDG de Ducati, lors d\u2019un \u00e9v\u00e9nement en Espagne, selon la traduction d\u2019Electrek. \u00abLa soci\u00e9t\u00e9 n\u2019est pas loin de commencer la production en s\u00e9rie\u00bb.<\/p>\n<p><img data-recalc-dims=\"1\" loading=\"lazy\" decoding=\"async\" data-attachment-id=\"17910\" data-permalink=\"https:\/\/www.laterredufutur.com\/accueil\/un-monde-vers-la-moto-electrique\/ducati-futuristic-electric-motorcycle\/\" data-orig-file=\"https:\/\/i0.wp.com\/www.laterredufutur.com\/accueil\/wp-content\/uploads\/2019\/01\/ducati-futuristic-electric-motorcycle.png?fit=1200%2C639&amp;ssl=1\" data-orig-size=\"1200,639\" data-comments-opened=\"1\" data-image-meta=\"{&quot;aperture&quot;:&quot;0&quot;,&quot;credit&quot;:&quot;&quot;,&quot;camera&quot;:&quot;&quot;,&quot;caption&quot;:&quot;&quot;,&quot;created_timestamp&quot;:&quot;0&quot;,&quot;copyright&quot;:&quot;&quot;,&quot;focal_length&quot;:&quot;0&quot;,&quot;iso&quot;:&quot;0&quot;,&quot;shutter_speed&quot;:&quot;0&quot;,&quot;title&quot;:&quot;&quot;,&quot;orientation&quot;:&quot;0&quot;}\" data-image-title=\"ducati-futuristic-electric-motorcycle\" data-image-description=\"\" data-image-caption=\"\" data-large-file=\"https:\/\/i0.wp.com\/www.laterredufutur.com\/accueil\/wp-content\/uploads\/2019\/01\/ducati-futuristic-electric-motorcycle.png?fit=800%2C426&amp;ssl=1\" class=\"alignnone size-full wp-image-17910\" src=\"https:\/\/i0.wp.com\/www.laterredufutur.com\/accueil\/wp-content\/uploads\/2019\/01\/ducati-futuristic-electric-motorcycle.png?resize=1200%2C639&#038;ssl=1\" alt=\"\" width=\"1200\" height=\"639\" srcset=\"https:\/\/i0.wp.com\/www.laterredufutur.com\/accueil\/wp-content\/uploads\/2019\/01\/ducati-futuristic-electric-motorcycle.png?w=1200&amp;ssl=1 1200w, https:\/\/i0.wp.com\/www.laterredufutur.com\/accueil\/wp-content\/uploads\/2019\/01\/ducati-futuristic-electric-motorcycle.png?resize=300%2C160&amp;ssl=1 300w, https:\/\/i0.wp.com\/www.laterredufutur.com\/accueil\/wp-content\/uploads\/2019\/01\/ducati-futuristic-electric-motorcycle.png?resize=768%2C409&amp;ssl=1 768w, https:\/\/i0.wp.com\/www.laterredufutur.com\/accueil\/wp-content\/uploads\/2019\/01\/ducati-futuristic-electric-motorcycle.png?resize=800%2C426&amp;ssl=1 800w\" sizes=\"auto, (max-width: 1000px) 100vw, 1000px\" \/><\/p>\n<p>Motos \u00e9lectriques: un march\u00e9 tr\u00e8s dense<br \/>\nDucati pourrait bien \u00eatre l\u2019un des premiers grands constructeurs de motos \u00e0 ma\u00eetriser les v\u00e9hicules \u00e9lectriques, mais ils ne seront pas seuls.<\/p>\n<p>Une autre soci\u00e9t\u00e9 italienne, Energica, fabrique des v\u00e9los de sport \u00e9lectriques depuis des ann\u00e9es, avec un certain nombre de mod\u00e8les haute performance \u00e0 plus de 150 mi \/ h.<\/p>\n<p>Aux \u00c9tats-Unis, le LiveWire \u00e9lectrique de Harley Davidson vient juste de commencer les pr\u00e9ventes, bien que le prix ait \u00e9t\u00e9 fix\u00e9 \u00e0 29 799 $.<\/p><div class=\"1665f18d14f35dd9e7566e1a8ac9a3e9\" data-index=\"2\" style=\"float: none; margin:10px 0 10px 0; text-align:center;\">\n<script async src=\"https:\/\/pagead2.googlesyndication.com\/pagead\/js\/adsbygoogle.js\"><\/script>\r\n<ins class=\"adsbygoogle\"\r\n     style=\"display:block; text-align:center;\"\r\n     data-ad-layout=\"in-article\"\r\n     data-ad-format=\"fluid\"\r\n     data-ad-client=\"ca-pub-2860849627502538\"\r\n     data-ad-slot=\"3019501113\"><\/ins>\r\n<script>\r\n     (adsbygoogle = window.adsbygoogle || []).push({});\r\n<\/script>\n<\/div>\n\n<p>D&rsquo;autres motos \u00e9lectriques d\u00e9j\u00e0 sur le march\u00e9 offrent des sensations encore plus abordables. La nouvelle gamme de mod\u00e8les 2019 de Zero a r\u00e9cemment re\u00e7u des am\u00e9liorations en termes de puissance, de vitesse et de port\u00e9e. De plus, le fabricant de motos \u00e9lectriques bas\u00e9 en Californie a d\u00e9voil\u00e9 son tout nouveau mod\u00e8le le mois prochain.<\/p>\n<p>Et croyez-le ou non, ils ne sont pas la seule entreprise de moto \u00e9lectrique en Californie \u00e0 d\u00e9voiler une nouvelle moto \u00e9lectrique. Lightning Motorcycles promet des sp\u00e9cifications impressionnantes, notamment une vitesse de pointe de 150 km \/ h, une autonomie de 150 km, une charge rapide de 35 minutes en continu et commence \u00e0 seulement 12 998 $.<\/p>\n<p>Les motos urbaines ont \u00e9galement augment\u00e9, offrant des prix encore plus bas pour les v\u00e9los \u00e0 autonomie et vitesse r\u00e9duites.<\/p>\n<p>Le prochain TC Max du Super SOCO offrira une vitesse de pointe de 100 km \/ h et une autonomie de 68 milles pour seulement 5 100 $. Fly Free propose trois mod\u00e8les diff\u00e9rents avec des vitesses allant de 40 \u00e0 50 mi \/ h et des prix de l&rsquo;ordre de 4 500 $.<\/p>\n<p>La moto \u00e9lectrique la plus abordable \u00e0 l&rsquo;heure actuelle est peut-\u00eatre la CSC City Slicker, dont la vitesse de pointe est d&rsquo;environ 45 mi \/ h mais qui ne vous co\u00fbtera que 2 500 $.<\/p>\n<p>Ainsi, bien que Ducati ne soit pas encore en concurrence avec des op\u00e9rateurs historiques tels que Honda, Yamaha et d\u2019autres motos, ils ne seront certainement pas non plus pr\u00e9sents sur un march\u00e9 tr\u00e8s ouvert. Toutefois, gr\u00e2ce \u00e0 l&rsquo;h\u00e9ritage de leur marque et \u00e0 leur c\u00e9l\u00e8bre \u00e9quipe de concepteurs, Ducati pourrait proposer une moto \u00e9lectrique incomparable.<\/p>\n<p>Adaptation <a href=\"https:\/\/www.laterredufutur.com\/accueil\/\">la Terre du Futur<\/a><\/p>\n<p>sources : <a href=\"https:\/\/futurism.com\/the-byte\/ducati-futuristic-electric-motorcycle\" target=\"_blank\" rel=\"noopener\">https:\/\/futurism.com\/<\/a> \/ <a href=\"https:\/\/electrek.co\/2019\/01\/19\/electric-ducati-motorcycle\/\" target=\"_blank\" rel=\"noopener\">https:\/\/electrek.co\/<\/a><\/p>\n<p class=\"bawpvc-ajax-counter\" data-id=\"17908\">(745)<\/p>\n<!--CusAds0-->\n<div style=\"font-size: 0px; height: 0px; line-height: 0px; margin: 0; padding: 0; clear: both;\"><\/div>","protected":false},"excerpt":{"rendered":"<p>Ducati travaille sur une moto \u00e9lectrique futuriste. Le fabricant italien de motos Iconic, Ducati, affirme qu&rsquo;il ne s&rsquo;agit pas seulement&#8230;<\/p>\n","protected":false},"author":1,"featured_media":17909,"comment_status":"open","ping_status":"open","sticky":false,"template":"","format":"standard","meta":{"_exactmetrics_skip_tracking":false,"_exactmetrics_sitenote_active":false,"_exactmetrics_sitenote_note":"","_exactmetrics_sitenote_category":0,"ngg_post_thumbnail":0,"jetpack_post_was_ever_published":false,"_jetpack_newsletter_access":"","_jetpack_dont_email_post_to_subs":false,"_jetpack_newsletter_tier_id":0,"_jetpack_memberships_contains_paywalled_content":false,"_jetpack_memberships_contains_paid_content":false,"footnotes":"","jetpack_publicize_message":"Un monde vers la moto \u00e9lectrique @laterredufutur.com","jetpack_publicize_feature_enabled":true,"jetpack_social_post_already_shared":true,"jetpack_social_options":{"image_generator_settings":{"template":"highway","default_image_id":0,"font":"","enabled":false},"version":2}},"categories":[18,26],"tags":[757,6949,415,6950],"class_list":["post-17908","post","type-post","status-publish","format-standard","has-post-thumbnail","hentry","category-monde-futur","category-solutions","tag-autonomie","tag-ducati","tag-electrique","tag-moto-electrique","wpcat-18-id","wpcat-26-id"],"jetpack_publicize_connections":[],"jetpack_featured_media_url":"https:\/\/i0.wp.com\/www.laterredufutur.com\/accueil\/wp-content\/uploads\/2019\/01\/ducati-electrique-moto.jpg?fit=1820%2C910&ssl=1","jetpack_shortlink":"https:\/\/wp.me\/p631RN-4EQ","jetpack-related-posts":[{"id":5545,"url":"https:\/\/www.laterredufutur.com\/accueil\/zero-moto-la-moto-ecolo-a-deux-roues-motrices\/","url_meta":{"origin":17908,"position":0},"title":"Zero Moto, la moto \u00e9colo \u00e0 deux roues motrices","author":"Admin","date":"4 octobre 2010","format":false,"excerpt":"Zero Moto, la moto \u00e9colo \u00e0 deux roues motrices, bienvenue dans le futur. Voici une moto qui va vous donner l\u2019impression de rouler avec une Harley \u00e9colo et sophistiqu\u00e9. Elle doit son nom de Zero Moto au fait qu'elle d\u00e9gage z\u00e9ro \u00e9mission. Une formule concoct\u00e9e par le concepteur Wes Rhoad\u2026","rel":"","context":"Dans &quot;Solutions&quot;","block_context":{"text":"Solutions","link":"https:\/\/www.laterredufutur.com\/accueil\/sujets\/solutions\/"},"img":{"alt_text":"","src":"https:\/\/i0.wp.com\/www.laterredufutur.com\/accueil\/wp-content\/uploads\/2015\/04\/zeromoto1.jpg?fit=550%2C315&ssl=1&resize=350%2C200","width":350,"height":200,"srcset":"https:\/\/i0.wp.com\/www.laterredufutur.com\/accueil\/wp-content\/uploads\/2015\/04\/zeromoto1.jpg?fit=550%2C315&ssl=1&resize=350%2C200 1x, https:\/\/i0.wp.com\/www.laterredufutur.com\/accueil\/wp-content\/uploads\/2015\/04\/zeromoto1.jpg?fit=550%2C315&ssl=1&resize=525%2C300 1.5x"},"classes":[]},{"id":23975,"url":"https:\/\/www.laterredufutur.com\/accueil\/une-moto-qui-fonctionne-a-leau-salee\/","url_meta":{"origin":17908,"position":1},"title":"Une moto qui fonctionne \u00e0 l\u2019eau sal\u00e9e","author":"Admin","date":"20 avril 2022","format":false,"excerpt":"Pour y arriver, Santiago Herrera, un jeune \u00e9tudiant argentin, utilise le ph\u00e9nom\u00e8ne de l\u2019\u00e9lectrolyse, qui permet d\u2019extraire de l\u2019hydrog\u00e8ne de l\u2019eau sal\u00e9e, afin d\u2019alimenter en carburant le moteur. Remplacer le p\u00e9trole par du sel ? En 2016, la soci\u00e9t\u00e9 suisse Nanoflowcell avait pr\u00e9sent\u00e9 une voiture \u00e9lectrique capable de rouler avec\u2026","rel":"","context":"Dans &quot;Solutions&quot;","block_context":{"text":"Solutions","link":"https:\/\/www.laterredufutur.com\/accueil\/sujets\/solutions\/"},"img":{"alt_text":"","src":"https:\/\/i0.wp.com\/www.laterredufutur.com\/accueil\/wp-content\/uploads\/2022\/04\/moto-eau-salee.jpg?fit=1200%2C900&ssl=1&resize=350%2C200","width":350,"height":200,"srcset":"https:\/\/i0.wp.com\/www.laterredufutur.com\/accueil\/wp-content\/uploads\/2022\/04\/moto-eau-salee.jpg?fit=1200%2C900&ssl=1&resize=350%2C200 1x, https:\/\/i0.wp.com\/www.laterredufutur.com\/accueil\/wp-content\/uploads\/2022\/04\/moto-eau-salee.jpg?fit=1200%2C900&ssl=1&resize=525%2C300 1.5x, https:\/\/i0.wp.com\/www.laterredufutur.com\/accueil\/wp-content\/uploads\/2022\/04\/moto-eau-salee.jpg?fit=1200%2C900&ssl=1&resize=700%2C400 2x, https:\/\/i0.wp.com\/www.laterredufutur.com\/accueil\/wp-content\/uploads\/2022\/04\/moto-eau-salee.jpg?fit=1200%2C900&ssl=1&resize=1050%2C600 3x"},"classes":[]},{"id":11273,"url":"https:\/\/www.laterredufutur.com\/accueil\/la-moto-volante-tient-la-route\/","url_meta":{"origin":17908,"position":2},"title":"La moto volante tient la route !","author":"Admin","date":"2 mars 2016","format":false,"excerpt":"Thierry Gruffaz, ing\u00e9nieur et pilote de ligne, planche sur un concept de motogyre, une moto accoupl\u00e9e \u00e0 un autogire, pour se d\u00e9placer sur route comme dans les airs. Explications... Et si la moto volante arrivait bient\u00f4t sur nos routes ? L'id\u00e9e fait son chemin... En tout cas, un ing\u00e9nieur des\u2026","rel":"","context":"Dans &quot;Solutions&quot;","block_context":{"text":"Solutions","link":"https:\/\/www.laterredufutur.com\/accueil\/sujets\/solutions\/"},"img":{"alt_text":"","src":"https:\/\/i0.wp.com\/www.laterredufutur.com\/accueil\/wp-content\/uploads\/2016\/03\/moto-volante.jpg?fit=692%2C520&ssl=1&resize=350%2C200","width":350,"height":200,"srcset":"https:\/\/i0.wp.com\/www.laterredufutur.com\/accueil\/wp-content\/uploads\/2016\/03\/moto-volante.jpg?fit=692%2C520&ssl=1&resize=350%2C200 1x, https:\/\/i0.wp.com\/www.laterredufutur.com\/accueil\/wp-content\/uploads\/2016\/03\/moto-volante.jpg?fit=692%2C520&ssl=1&resize=525%2C300 1.5x"},"classes":[]},{"id":416,"url":"https:\/\/www.laterredufutur.com\/accueil\/voltair-un-systeme-de-propulsion-tout-electrique\/","url_meta":{"origin":17908,"position":3},"title":"VoltAir : un syst\u00e8me de propulsion tout \u00e9lectrique","author":"Admin","date":"7 juillet 2011","format":false,"excerpt":"EADS Innovation Works, le r\u00e9seau de Recherche & Technologie du Groupe EADS, a pr\u00e9sent\u00e9 \u00e0 l'occasion du Salon du Bourget, un concept de syst\u00e8me de propulsion tout \u00e9lectrique : le VoltAir Le syst\u00e8me de stockage de l'\u00e9nergie \u00e9lectrique du VoltAir (batteries) alimentera des moteurs \u00e9lectriques supraconducteurs entra\u00eenant deux h\u00e9lices coaxiales\u2026","rel":"","context":"Dans &quot;Solutions&quot;","block_context":{"text":"Solutions","link":"https:\/\/www.laterredufutur.com\/accueil\/sujets\/solutions\/"},"img":{"alt_text":"","src":"https:\/\/i0.wp.com\/www.laterredufutur.com\/wordpress\/wp-content\/uploads\/2011\/07\/avion-electrique1.jpg?resize=350%2C200","width":350,"height":200},"classes":[]},{"id":466,"url":"https:\/\/www.laterredufutur.com\/accueil\/un-nouveau-carburant-totalement-gratuit-pour-moto\/","url_meta":{"origin":17908,"position":4},"title":"Un nouveau carburant totalement gratuit pour moto","author":"Admin","date":"7 ao\u00fbt 2011","format":false,"excerpt":"Voici une invention qui date de plus de 4 ans, qui pourrait faire rire certaines personnes et beaucoup moins certaines multinationales. Ce documentaire ci-apr\u00e8s qui rappelle par moment certaines blagues de Groland. C'est probablement un canular ou bien peut \u00eatre que pas. En ce mois d'ao\u00fbt o\u00f9 la France marche\u2026","rel":"","context":"Dans &quot;Solutions&quot;","block_context":{"text":"Solutions","link":"https:\/\/www.laterredufutur.com\/accueil\/sujets\/solutions\/"},"img":{"alt_text":"nouveau carburant","src":"https:\/\/i0.wp.com\/www.laterredufutur.com\/wordpress\/wp-content\/uploads\/2011\/08\/nouveau-carburant.jpg?resize=350%2C200","width":350,"height":200},"classes":[]},{"id":26848,"url":"https:\/\/www.laterredufutur.com\/accueil\/les-voitures-electriques-pourraient-se-recharger-500-plus-rapidement-par-grand-froid-grace-a-une-nouvelle-astuce-de-fabrication-toute-simple\/","url_meta":{"origin":17908,"position":5},"title":"Les voitures \u00e9lectriques pourraient se recharger 500 % plus rapidement par grand froid gr\u00e2ce \u00e0 une nouvelle astuce de fabrication toute simple","author":"Admin","date":"24 avril 2025","format":false,"excerpt":"De nouvelles recherches montrent comment le rev\u00eatement d'une batterie avec une couche tr\u00e8s fine de borate-carbonate de lithium peut entra\u00eener une augmentation de 500 % des taux de charge lorsque les temp\u00e9ratures tombent en dessous du point de cong\u00e9lation. Les v\u00e9hicules \u00e9lectriques pourraient se recharger 500 % plus rapidement par\u2026","rel":"","context":"Dans &quot;Solutions&quot;","block_context":{"text":"Solutions","link":"https:\/\/www.laterredufutur.com\/accueil\/sujets\/solutions\/"},"img":{"alt_text":"","src":"https:\/\/i0.wp.com\/www.laterredufutur.com\/accueil\/wp-content\/uploads\/2022\/03\/voiture-electrique.jpg?fit=1000%2C667&ssl=1&resize=350%2C200","width":350,"height":200,"srcset":"https:\/\/i0.wp.com\/www.laterredufutur.com\/accueil\/wp-content\/uploads\/2022\/03\/voiture-electrique.jpg?fit=1000%2C667&ssl=1&resize=350%2C200 1x, https:\/\/i0.wp.com\/www.laterredufutur.com\/accueil\/wp-content\/uploads\/2022\/03\/voiture-electrique.jpg?fit=1000%2C667&ssl=1&resize=525%2C300 1.5x, https:\/\/i0.wp.com\/www.laterredufutur.com\/accueil\/wp-content\/uploads\/2022\/03\/voiture-electrique.jpg?fit=1000%2C667&ssl=1&resize=700%2C400 2x"},"classes":[]}],"jetpack_sharing_enabled":true,"_links":{"self":[{"href":"https:\/\/www.laterredufutur.com\/accueil\/wp-json\/wp\/v2\/posts\/17908","targetHints":{"allow":["GET"]}}],"collection":[{"href":"https:\/\/www.laterredufutur.com\/accueil\/wp-json\/wp\/v2\/posts"}],"about":[{"href":"https:\/\/www.laterredufutur.com\/accueil\/wp-json\/wp\/v2\/types\/post"}],"author":[{"embeddable":true,"href":"https:\/\/www.laterredufutur.com\/accueil\/wp-json\/wp\/v2\/users\/1"}],"replies":[{"embeddable":true,"href":"https:\/\/www.laterredufutur.com\/accueil\/wp-json\/wp\/v2\/comments?post=17908"}],"version-history":[{"count":1,"href":"https:\/\/www.laterredufutur.com\/accueil\/wp-json\/wp\/v2\/posts\/17908\/revisions"}],"predecessor-version":[{"id":17911,"href":"https:\/\/www.laterredufutur.com\/accueil\/wp-json\/wp\/v2\/posts\/17908\/revisions\/17911"}],"wp:featuredmedia":[{"embeddable":true,"href":"https:\/\/www.laterredufutur.com\/accueil\/wp-json\/wp\/v2\/media\/17909"}],"wp:attachment":[{"href":"https:\/\/www.laterredufutur.com\/accueil\/wp-json\/wp\/v2\/media?parent=17908"}],"wp:term":[{"taxonomy":"category","embeddable":true,"href":"https:\/\/www.laterredufutur.com\/accueil\/wp-json\/wp\/v2\/categories?post=17908"},{"taxonomy":"post_tag","embeddable":true,"href":"https:\/\/www.laterredufutur.com\/accueil\/wp-json\/wp\/v2\/tags?post=17908"}],"curies":[{"name":"wp","href":"https:\/\/api.w.org\/{rel}","templated":true}]}}