{"id":17838,"date":"2019-01-18T12:00:41","date_gmt":"2019-01-18T11:00:41","guid":{"rendered":"https:\/\/www.laterredufutur.com\/accueil\/?p=17838"},"modified":"2019-01-25T13:23:09","modified_gmt":"2019-01-25T12:23:09","slug":"20-ans-de-biosphere-mondiale","status":"publish","type":"post","link":"https:\/\/www.laterredufutur.com\/accueil\/20-ans-de-biosphere-mondiale\/","title":{"rendered":"20 ans de biosph\u00e8re mondiale !"},"content":{"rendered":"<div class=\"1665f18d14f35dd9e7566e1a8ac9a3e9\" data-index=\"1\" style=\"float: none; margin:10px 0 10px 0; text-align:center;\">\n<script async src=\"https:\/\/pagead2.googlesyndication.com\/pagead\/js\/adsbygoogle.js\"><\/script>\r\n<ins class=\"adsbygoogle\"\r\n     style=\"display:block; text-align:center;\"\r\n     data-ad-layout=\"in-article\"\r\n     data-ad-format=\"fluid\"\r\n     data-ad-client=\"ca-pub-2860849627502538\"\r\n     data-ad-slot=\"3019501113\"><\/ins>\r\n<script>\r\n     (adsbygoogle = window.adsbygoogle || []).push({});\r\n<\/script>\n<\/div>\n<p>En surveillant la couleur de la lumi\u00e8re r\u00e9fl\u00e9chie par satellite, les scientifiques peuvent d\u00e9terminer dans quelle mesure la photosynth\u00e8se de la vie v\u00e9g\u00e9tale se r\u00e9ussie au fil du temps. Une mesure de la photosynth\u00e8se est essentiellement une mesure de la croissance r\u00e9ussie, et une croissance signifie une utilisation r\u00e9ussie du carbone ambiant. Cette visualisation de donn\u00e9es repr\u00e9sente vingt ans de donn\u00e9es recueillies principalement par les capteurs satellites SeaStar \/ SeaWiFS, Aqua \/ MODIS et Suomi NPP \/ VIIRS, montrant l&rsquo;abondance de la vie, de la terre comme en mer. Dans l&rsquo;oc\u00e9an, le bleu fonc\u00e9 au violet repr\u00e9sente les zones plus chaudes o\u00f9 la dur\u00e9e de vie est r\u00e9duite en raison du manque d&rsquo;\u00e9l\u00e9ments nutritifs, tandis que les verts et les rouges repr\u00e9sentent les zones plus froides et riches en \u00e9l\u00e9ments nutritifs. Les zones riches en \u00e9l\u00e9ments nutritifs comprennent les r\u00e9gions c\u00f4ti\u00e8res o\u00f9 l&rsquo;eau froide monte du fond de la mer, apportant des \u00e9l\u00e9ments nutritifs, et les zones situ\u00e9es \u00e0 l&#8217;embouchure des rivi\u00e8res, o\u00f9 les rivi\u00e8res ont apport\u00e9 des \u00e9l\u00e9ments nutritifs de l&rsquo;oc\u00e9an \u00e0 la terre. Sur terre, le vert repr\u00e9sente les zones o\u00f9 la flore est abondante, telles que les for\u00eats et les prairies, tandis que les couleurs bronzes et blanchent repr\u00e9sentent les zones o\u00f9 la flore est rare ou inexistante, comme les d\u00e9serts en Afrique et au Moyen-Orient, ainsi que la couverture de neige et la glace aux p\u00f4les.<\/p><div class=\"1665f18d14f35dd9e7566e1a8ac9a3e9\" data-index=\"2\" style=\"float: none; margin:10px 0 10px 0; text-align:center;\">\n<script async src=\"https:\/\/pagead2.googlesyndication.com\/pagead\/js\/adsbygoogle.js\"><\/script>\r\n<ins class=\"adsbygoogle\"\r\n     style=\"display:block; text-align:center;\"\r\n     data-ad-layout=\"in-article\"\r\n     data-ad-format=\"fluid\"\r\n     data-ad-client=\"ca-pub-2860849627502538\"\r\n     data-ad-slot=\"3019501113\"><\/ins>\r\n<script>\r\n     (adsbygoogle = window.adsbygoogle || []).push({});\r\n<\/script>\n<\/div>\n\n<p><span class=\"embed-youtube\" style=\"text-align:center; display: block;\"><iframe loading=\"lazy\" class=\"youtube-player\" width=\"640\" height=\"360\" src=\"https:\/\/www.youtube.com\/embed\/amzgzwgEDpo?version=3&#038;rel=1&#038;showsearch=0&#038;showinfo=1&#038;iv_load_policy=1&#038;fs=1&#038;hl=fr-FR&#038;autohide=2&#038;start=9&#038;wmode=transparent\" allowfullscreen=\"true\" style=\"border:0;\" sandbox=\"allow-scripts allow-same-origin allow-popups allow-presentation allow-popups-to-escape-sandbox\"><\/iframe><\/span><\/p>\n<p><img data-recalc-dims=\"1\" loading=\"lazy\" decoding=\"async\" data-attachment-id=\"17839\" data-permalink=\"https:\/\/www.laterredufutur.com\/accueil\/20-ans-de-biosphere-mondiale\/ndvi_cbar_print\/\" data-orig-file=\"https:\/\/i0.wp.com\/www.laterredufutur.com\/accueil\/wp-content\/uploads\/2019\/01\/ndvi_cbar_print.jpg?fit=1024%2C153&amp;ssl=1\" data-orig-size=\"1024,153\" data-comments-opened=\"1\" data-image-meta=\"{&quot;aperture&quot;:&quot;0&quot;,&quot;credit&quot;:&quot;&quot;,&quot;camera&quot;:&quot;&quot;,&quot;caption&quot;:&quot;&quot;,&quot;created_timestamp&quot;:&quot;0&quot;,&quot;copyright&quot;:&quot;&quot;,&quot;focal_length&quot;:&quot;0&quot;,&quot;iso&quot;:&quot;0&quot;,&quot;shutter_speed&quot;:&quot;0&quot;,&quot;title&quot;:&quot;&quot;,&quot;orientation&quot;:&quot;0&quot;}\" data-image-title=\"ndvi_cbar_print\" data-image-description=\"\" data-image-caption=\"\" data-large-file=\"https:\/\/i0.wp.com\/www.laterredufutur.com\/accueil\/wp-content\/uploads\/2019\/01\/ndvi_cbar_print.jpg?fit=800%2C120&amp;ssl=1\" class=\"alignnone size-full wp-image-17839\" src=\"https:\/\/i0.wp.com\/www.laterredufutur.com\/accueil\/wp-content\/uploads\/2019\/01\/ndvi_cbar_print.jpg?resize=1024%2C153&#038;ssl=1\" alt=\"\" width=\"1024\" height=\"153\" srcset=\"https:\/\/i0.wp.com\/www.laterredufutur.com\/accueil\/wp-content\/uploads\/2019\/01\/ndvi_cbar_print.jpg?w=1024&amp;ssl=1 1024w, https:\/\/i0.wp.com\/www.laterredufutur.com\/accueil\/wp-content\/uploads\/2019\/01\/ndvi_cbar_print.jpg?resize=300%2C45&amp;ssl=1 300w, https:\/\/i0.wp.com\/www.laterredufutur.com\/accueil\/wp-content\/uploads\/2019\/01\/ndvi_cbar_print.jpg?resize=768%2C115&amp;ssl=1 768w, https:\/\/i0.wp.com\/www.laterredufutur.com\/accueil\/wp-content\/uploads\/2019\/01\/ndvi_cbar_print.jpg?resize=800%2C120&amp;ssl=1 800w\" sizes=\"auto, (max-width: 1000px) 100vw, 1000px\" \/><br \/>\nBarre de couleur pour les donn\u00e9es de couverture terrestre de l\u2019indice de v\u00e9g\u00e9tation par diff\u00e9rence (IDVN). Les nuances de brun d\u00e9crivent peu ou pas de v\u00e9g\u00e9tation (par exemple, le d\u00e9sert du Sahara), alors que les zones vert fonc\u00e9 sont tr\u00e8s couvertes de v\u00e9g\u00e9tation (par exemple, la for\u00eat tropicale humide d&rsquo;Am\u00e9rique du Sud).<\/p>\n<p><img data-recalc-dims=\"1\" loading=\"lazy\" decoding=\"async\" data-attachment-id=\"17840\" data-permalink=\"https:\/\/www.laterredufutur.com\/accueil\/20-ans-de-biosphere-mondiale\/chloro_cbar_print\/\" data-orig-file=\"https:\/\/i0.wp.com\/www.laterredufutur.com\/accueil\/wp-content\/uploads\/2019\/01\/chloro_cbar_print.jpg?fit=1024%2C153&amp;ssl=1\" data-orig-size=\"1024,153\" data-comments-opened=\"1\" data-image-meta=\"{&quot;aperture&quot;:&quot;0&quot;,&quot;credit&quot;:&quot;&quot;,&quot;camera&quot;:&quot;&quot;,&quot;caption&quot;:&quot;&quot;,&quot;created_timestamp&quot;:&quot;0&quot;,&quot;copyright&quot;:&quot;&quot;,&quot;focal_length&quot;:&quot;0&quot;,&quot;iso&quot;:&quot;0&quot;,&quot;shutter_speed&quot;:&quot;0&quot;,&quot;title&quot;:&quot;&quot;,&quot;orientation&quot;:&quot;0&quot;}\" data-image-title=\"chloro_cbar_print\" data-image-description=\"\" data-image-caption=\"\" data-large-file=\"https:\/\/i0.wp.com\/www.laterredufutur.com\/accueil\/wp-content\/uploads\/2019\/01\/chloro_cbar_print.jpg?fit=800%2C120&amp;ssl=1\" class=\"alignnone size-full wp-image-17840\" src=\"https:\/\/i0.wp.com\/www.laterredufutur.com\/accueil\/wp-content\/uploads\/2019\/01\/chloro_cbar_print.jpg?resize=1024%2C153&#038;ssl=1\" alt=\"\" width=\"1024\" height=\"153\" srcset=\"https:\/\/i0.wp.com\/www.laterredufutur.com\/accueil\/wp-content\/uploads\/2019\/01\/chloro_cbar_print.jpg?w=1024&amp;ssl=1 1024w, https:\/\/i0.wp.com\/www.laterredufutur.com\/accueil\/wp-content\/uploads\/2019\/01\/chloro_cbar_print.jpg?resize=300%2C45&amp;ssl=1 300w, https:\/\/i0.wp.com\/www.laterredufutur.com\/accueil\/wp-content\/uploads\/2019\/01\/chloro_cbar_print.jpg?resize=768%2C115&amp;ssl=1 768w, https:\/\/i0.wp.com\/www.laterredufutur.com\/accueil\/wp-content\/uploads\/2019\/01\/chloro_cbar_print.jpg?resize=800%2C120&amp;ssl=1 800w\" sizes=\"auto, (max-width: 1000px) 100vw, 1000px\" \/><br \/>\nColorbar repr\u00e9sentant la chlorophylle de l&rsquo;oc\u00e9an. Les bleus jusqu&rsquo;\u00e0 violet sont des zones avec peu ou pas de chlorophylle. Le vert au rouge indique des concentrations \u00e9lev\u00e9es de chlorophylle ou d\u2019autres mati\u00e8res organiques dissoutes par la couleur.<\/p>\n<p>Adaptation <a href=\"https:\/\/www.laterredufutur.com\/accueil\/\">la Terre du Futur<\/a><\/p>\n<p>source : <a href=\"https:\/\/svs.gsfc.nasa.gov\/4596?fbclid=IwAR3GFqRs_kvLyPQri8cd_rSSpc-_o3isQuYzPK2fQTUOX7CLygT5rf2k1Zw\" target=\"_blank\" rel=\"noopener\">https:\/\/svs.gsfc.nasa.gov\/<\/a><\/p>\n<p class=\"bawpvc-ajax-counter\" data-id=\"17838\">(426)<\/p>\n<!--CusAds0-->\n<div style=\"font-size: 0px; height: 0px; line-height: 0px; margin: 0; padding: 0; clear: both;\"><\/div>","protected":false},"excerpt":{"rendered":"<p>En surveillant la couleur de la lumi\u00e8re r\u00e9fl\u00e9chie par satellite, les scientifiques peuvent d\u00e9terminer dans quelle mesure la photosynth\u00e8se de&#8230;<\/p>\n","protected":false},"author":1,"featured_media":17843,"comment_status":"open","ping_status":"open","sticky":false,"template":"","format":"standard","meta":{"_exactmetrics_skip_tracking":false,"_exactmetrics_sitenote_active":false,"_exactmetrics_sitenote_note":"","_exactmetrics_sitenote_category":0,"ngg_post_thumbnail":0,"jetpack_post_was_ever_published":false,"_jetpack_newsletter_access":"","_jetpack_dont_email_post_to_subs":false,"_jetpack_newsletter_tier_id":0,"_jetpack_memberships_contains_paywalled_content":false,"_jetpack_memberships_contains_paid_content":false,"footnotes":"","jetpack_publicize_message":"20 ans de biosph\u00e8re mondiale ! @laterredufutur","jetpack_publicize_feature_enabled":true,"jetpack_social_post_already_shared":true,"jetpack_social_options":{"image_generator_settings":{"template":"highway","default_image_id":0,"font":"","enabled":false},"version":2}},"categories":[18],"tags":[6937,75,966,684,308],"class_list":["post-17838","post","type-post","status-publish","format-standard","has-post-thumbnail","hentry","category-monde-futur","tag-chlorophyles","tag-terre","tag-vegetation","tag-video","tag-vie","wpcat-18-id"],"jetpack_publicize_connections":[],"jetpack_featured_media_url":"https:\/\/i0.wp.com\/www.laterredufutur.com\/accueil\/wp-content\/uploads\/2019\/01\/biosphere.jpg?fit=739%2C385&ssl=1","jetpack_shortlink":"https:\/\/wp.me\/p631RN-4DI","jetpack-related-posts":[{"id":9524,"url":"https:\/\/www.laterredufutur.com\/accueil\/respiration-terrestre\/","url_meta":{"origin":17838,"position":0},"title":"Respiration Terrestre","author":"Admin","date":"23 novembre 2015","format":false,"excerpt":"Tel un humain absorbant de l\u2019oxyg\u00e8ne et expirant du CO2, la vie v\u00e9g\u00e9tale sur\u00a0Terre n\u2019est pas statique, mais croit\u00a0et d\u00e9croit\u00a0avec les saisons. Une nouvelle animation de la NASA, l\u2019agence spatiale am\u00e9ricaine, montre une ann\u00e9e dans la vie des plantes sur la terre et dans les oc\u00e9ans et de respiration de\u2026","rel":"","context":"Dans &quot;Ecologie&quot;","block_context":{"text":"Ecologie","link":"https:\/\/www.laterredufutur.com\/accueil\/sujets\/ecologie\/"},"img":{"alt_text":"","src":"https:\/\/i0.wp.com\/www.laterredufutur.com\/accueil\/wp-content\/uploads\/2015\/11\/globe-terrestre-co2.jpg?fit=559%2C375&ssl=1&resize=350%2C200","width":350,"height":200,"srcset":"https:\/\/i0.wp.com\/www.laterredufutur.com\/accueil\/wp-content\/uploads\/2015\/11\/globe-terrestre-co2.jpg?fit=559%2C375&ssl=1&resize=350%2C200 1x, https:\/\/i0.wp.com\/www.laterredufutur.com\/accueil\/wp-content\/uploads\/2015\/11\/globe-terrestre-co2.jpg?fit=559%2C375&ssl=1&resize=525%2C300 1.5x"},"classes":[]},{"id":899,"url":"https:\/\/www.laterredufutur.com\/accueil\/des-chercheurs-recreent-la-photosynthese-pour-produire-de-lenergie\/","url_meta":{"origin":17838,"position":1},"title":"Des chercheurs recr\u00e9ent la photosynth\u00e8se pour produire de l&rsquo;\u00e9nergie","author":"Admin","date":"17 mai 2012","format":false,"excerpt":"La photosynth\u00e8se: un m\u00e9canisme apparemment simple, \u00e0 la base de toute la vie v\u00e9g\u00e9tale sur Terre, mais que les scientifiques n\u2019avaient pas encore r\u00e9ussi \u00e0 reproduire artificiellement. Si la nature garde ses secrets bien cach\u00e9s, elle pourrait n\u00e9anmoins \u00eatre bient\u00f4t concurrenc\u00e9e par des feuilles artificielles qui convertissent la lumi\u00e8re du\u2026","rel":"","context":"Dans &quot;Solutions&quot;","block_context":{"text":"Solutions","link":"https:\/\/www.laterredufutur.com\/accueil\/sujets\/solutions\/"},"img":{"alt_text":"feuille artificielle","src":"https:\/\/i0.wp.com\/www.laterredufutur.com\/wordpress\/wp-content\/uploads\/2012\/05\/feuille-artificielle.jpg?resize=350%2C200","width":350,"height":200},"classes":[]},{"id":26514,"url":"https:\/\/www.laterredufutur.com\/accueil\/la-nasa-observe-une-vaste-anomalie-en-croissance-dans-le-champ-magnetique-terrestre\/","url_meta":{"origin":17838,"position":2},"title":"La NASA observe une vaste anomalie en croissance dans le champ magn\u00e9tique terrestre","author":"Admin","date":"8 janvier 2025","format":false,"excerpt":"La NASA surveille une \u00e9trange anomalie dans le champ magn\u00e9tique terrestre : une gigantesque r\u00e9gion de faible intensit\u00e9 magn\u00e9tique dans le ciel de la plan\u00e8te, qui s'\u00e9tend entre l'Am\u00e9rique du Sud et le sud-ouest de l'Afrique. Ce vaste ph\u00e9nom\u00e8ne en d\u00e9veloppement, appel\u00e9 anomalie de l'Atlantique Sud, intrigue et pr\u00e9occupe les\u2026","rel":"","context":"Dans &quot;Divers&quot;","block_context":{"text":"Divers","link":"https:\/\/www.laterredufutur.com\/accueil\/sujets\/divers\/"},"img":{"alt_text":"","src":"https:\/\/i0.wp.com\/www.laterredufutur.com\/accueil\/wp-content\/uploads\/2025\/01\/anomalie-geomagnetique-ocean-atlanque-sud.jpg?fit=1024%2C415&ssl=1&resize=350%2C200","width":350,"height":200,"srcset":"https:\/\/i0.wp.com\/www.laterredufutur.com\/accueil\/wp-content\/uploads\/2025\/01\/anomalie-geomagnetique-ocean-atlanque-sud.jpg?fit=1024%2C415&ssl=1&resize=350%2C200 1x, https:\/\/i0.wp.com\/www.laterredufutur.com\/accueil\/wp-content\/uploads\/2025\/01\/anomalie-geomagnetique-ocean-atlanque-sud.jpg?fit=1024%2C415&ssl=1&resize=525%2C300 1.5x, https:\/\/i0.wp.com\/www.laterredufutur.com\/accueil\/wp-content\/uploads\/2025\/01\/anomalie-geomagnetique-ocean-atlanque-sud.jpg?fit=1024%2C415&ssl=1&resize=700%2C400 2x"},"classes":[]},{"id":27866,"url":"https:\/\/www.laterredufutur.com\/accueil\/le-champignon-de-tchernobyl-semble-avoir-developpe-une-capacite-incroyable\/","url_meta":{"origin":17838,"position":3},"title":"Le champignon de Tchernobyl semble avoir d\u00e9velopp\u00e9 une capacit\u00e9 incroyable","author":"Admin","date":"30 mars 2026","format":false,"excerpt":"La zone d'exclusion de Tchernobyl est peut-\u00eatre interdite aux humains, mais pas \u00e0 toutes les formes de vie. Depuis l'explosion du r\u00e9acteur num\u00e9ro quatre de la centrale nucl\u00e9aire de Tchernobyl il y a pr\u00e8s de 40 ans, d'autres formes de vie se sont non seulement install\u00e9es dans les lieux, mais\u2026","rel":"","context":"Dans &quot;Pollution&quot;","block_context":{"text":"Pollution","link":"https:\/\/www.laterredufutur.com\/accueil\/sujets\/pollution\/"},"img":{"alt_text":"","src":"https:\/\/i0.wp.com\/www.laterredufutur.com\/accueil\/wp-content\/uploads\/2026\/03\/champignon-tchernobyl-4.jpg?fit=1200%2C800&ssl=1&resize=350%2C200","width":350,"height":200,"srcset":"https:\/\/i0.wp.com\/www.laterredufutur.com\/accueil\/wp-content\/uploads\/2026\/03\/champignon-tchernobyl-4.jpg?fit=1200%2C800&ssl=1&resize=350%2C200 1x, https:\/\/i0.wp.com\/www.laterredufutur.com\/accueil\/wp-content\/uploads\/2026\/03\/champignon-tchernobyl-4.jpg?fit=1200%2C800&ssl=1&resize=525%2C300 1.5x, https:\/\/i0.wp.com\/www.laterredufutur.com\/accueil\/wp-content\/uploads\/2026\/03\/champignon-tchernobyl-4.jpg?fit=1200%2C800&ssl=1&resize=700%2C400 2x, https:\/\/i0.wp.com\/www.laterredufutur.com\/accueil\/wp-content\/uploads\/2026\/03\/champignon-tchernobyl-4.jpg?fit=1200%2C800&ssl=1&resize=1050%2C600 3x"},"classes":[]},{"id":24289,"url":"https:\/\/www.laterredufutur.com\/accueil\/le-telescope-james-webb-vient-de-prouver-quil-peut-detecter-des-signes-de-vie-dans-les-atmospheres-des-planetes-et-exoplanetes\/","url_meta":{"origin":17838,"position":4},"title":"Le t\u00e9lescope James Webb vient de prouver qu&rsquo;il peut d\u00e9tecter des signes de vie dans les atmosph\u00e8res des plan\u00e8tes et exoplan\u00e8tes","author":"Admin","date":"11 ao\u00fbt 2022","format":false,"excerpt":"Les ingr\u00e9dients de la vie sont r\u00e9partis dans l'Univers. Si la Terre est le seul endroit connu de l'Univers o\u00f9 la vie est pr\u00e9sente, la d\u00e9tection de la vie au-del\u00e0 de la Terre est un objectif majeur de l'astronomie moderne et de la science plan\u00e9taire. Nous sommes deux scientifiques \u00e0\u2026","rel":"","context":"Dans &quot;Espace&quot;","block_context":{"text":"Espace","link":"https:\/\/www.laterredufutur.com\/accueil\/sujets\/espace\/"},"img":{"alt_text":"","src":"https:\/\/i0.wp.com\/www.laterredufutur.com\/accueil\/wp-content\/uploads\/2022\/08\/exoplanete-trappist.jpg?fit=1024%2C415&ssl=1&resize=350%2C200","width":350,"height":200,"srcset":"https:\/\/i0.wp.com\/www.laterredufutur.com\/accueil\/wp-content\/uploads\/2022\/08\/exoplanete-trappist.jpg?fit=1024%2C415&ssl=1&resize=350%2C200 1x, https:\/\/i0.wp.com\/www.laterredufutur.com\/accueil\/wp-content\/uploads\/2022\/08\/exoplanete-trappist.jpg?fit=1024%2C415&ssl=1&resize=525%2C300 1.5x, https:\/\/i0.wp.com\/www.laterredufutur.com\/accueil\/wp-content\/uploads\/2022\/08\/exoplanete-trappist.jpg?fit=1024%2C415&ssl=1&resize=700%2C400 2x"},"classes":[]},{"id":17201,"url":"https:\/\/www.laterredufutur.com\/accueil\/la-presence-deau-confirmee-sur-les-planetes-de-trappist-1\/","url_meta":{"origin":17838,"position":5},"title":"La pr\u00e9sence d\u2019eau confirm\u00e9e sur les plan\u00e8tes de Trappist-1","author":"Admin","date":"3 d\u00e9cembre 2018","format":false,"excerpt":"TRAPPIST-1, un syst\u00e8me plan\u00e9taire de la Voie lact\u00e9e situ\u00e9 \u00e0 environ 39 ann\u00e9es-lumi\u00e8re de la Terre, regroupe sept plan\u00e8tes de la taille de la Terre. La d\u00e9couverte d'eau sur certaines de ces plan\u00e8tes pourrait bouleverser la recherche de vie extraterrestre. La nouvelle que les exobiologistes attendaient tous vient de tomber\u2026","rel":"","context":"Dans &quot;Espace&quot;","block_context":{"text":"Espace","link":"https:\/\/www.laterredufutur.com\/accueil\/sujets\/espace\/"},"img":{"alt_text":"","src":"https:\/\/i0.wp.com\/www.laterredufutur.com\/accueil\/wp-content\/uploads\/2018\/11\/trappist-1-exoplanetes.jpg?fit=1200%2C675&ssl=1&resize=350%2C200","width":350,"height":200,"srcset":"https:\/\/i0.wp.com\/www.laterredufutur.com\/accueil\/wp-content\/uploads\/2018\/11\/trappist-1-exoplanetes.jpg?fit=1200%2C675&ssl=1&resize=350%2C200 1x, https:\/\/i0.wp.com\/www.laterredufutur.com\/accueil\/wp-content\/uploads\/2018\/11\/trappist-1-exoplanetes.jpg?fit=1200%2C675&ssl=1&resize=525%2C300 1.5x, https:\/\/i0.wp.com\/www.laterredufutur.com\/accueil\/wp-content\/uploads\/2018\/11\/trappist-1-exoplanetes.jpg?fit=1200%2C675&ssl=1&resize=700%2C400 2x, https:\/\/i0.wp.com\/www.laterredufutur.com\/accueil\/wp-content\/uploads\/2018\/11\/trappist-1-exoplanetes.jpg?fit=1200%2C675&ssl=1&resize=1050%2C600 3x"},"classes":[]}],"jetpack_sharing_enabled":true,"_links":{"self":[{"href":"https:\/\/www.laterredufutur.com\/accueil\/wp-json\/wp\/v2\/posts\/17838","targetHints":{"allow":["GET"]}}],"collection":[{"href":"https:\/\/www.laterredufutur.com\/accueil\/wp-json\/wp\/v2\/posts"}],"about":[{"href":"https:\/\/www.laterredufutur.com\/accueil\/wp-json\/wp\/v2\/types\/post"}],"author":[{"embeddable":true,"href":"https:\/\/www.laterredufutur.com\/accueil\/wp-json\/wp\/v2\/users\/1"}],"replies":[{"embeddable":true,"href":"https:\/\/www.laterredufutur.com\/accueil\/wp-json\/wp\/v2\/comments?post=17838"}],"version-history":[{"count":3,"href":"https:\/\/www.laterredufutur.com\/accueil\/wp-json\/wp\/v2\/posts\/17838\/revisions"}],"predecessor-version":[{"id":18095,"href":"https:\/\/www.laterredufutur.com\/accueil\/wp-json\/wp\/v2\/posts\/17838\/revisions\/18095"}],"wp:featuredmedia":[{"embeddable":true,"href":"https:\/\/www.laterredufutur.com\/accueil\/wp-json\/wp\/v2\/media\/17843"}],"wp:attachment":[{"href":"https:\/\/www.laterredufutur.com\/accueil\/wp-json\/wp\/v2\/media?parent=17838"}],"wp:term":[{"taxonomy":"category","embeddable":true,"href":"https:\/\/www.laterredufutur.com\/accueil\/wp-json\/wp\/v2\/categories?post=17838"},{"taxonomy":"post_tag","embeddable":true,"href":"https:\/\/www.laterredufutur.com\/accueil\/wp-json\/wp\/v2\/tags?post=17838"}],"curies":[{"name":"wp","href":"https:\/\/api.w.org\/{rel}","templated":true}]}}