{"id":17827,"date":"2019-01-18T07:00:34","date_gmt":"2019-01-18T06:00:34","guid":{"rendered":"https:\/\/www.laterredufutur.com\/accueil\/?p=17827"},"modified":"2019-01-17T17:42:23","modified_gmt":"2019-01-17T16:42:23","slug":"detranges-dents-humaines-decouvertes-dans-le-nord-de-la-chine","status":"publish","type":"post","link":"https:\/\/www.laterredufutur.com\/accueil\/detranges-dents-humaines-decouvertes-dans-le-nord-de-la-chine\/","title":{"rendered":"D&rsquo;\u00e9tranges dents humaines d\u00e9couvertes dans le nord de la Chine"},"content":{"rendered":"<div class=\"1665f18d14f35dd9e7566e1a8ac9a3e9\" data-index=\"1\" style=\"float: none; margin:10px 0 10px 0; text-align:center;\">\n<script async src=\"https:\/\/pagead2.googlesyndication.com\/pagead\/js\/adsbygoogle.js\"><\/script>\r\n<ins class=\"adsbygoogle\"\r\n     style=\"display:block; text-align:center;\"\r\n     data-ad-layout=\"in-article\"\r\n     data-ad-format=\"fluid\"\r\n     data-ad-client=\"ca-pub-2860849627502538\"\r\n     data-ad-slot=\"3019501113\"><\/ins>\r\n<script>\r\n     (adsbygoogle = window.adsbygoogle || []).push({});\r\n<\/script>\n<\/div>\n<p>Ces dents pourraient avoir appartenu \u00e0 un cousin asiatique de l&rsquo;homme moderne dont nous ne savons pas grand-chose : l&rsquo;homme de Denisova.<\/p>\n<p>Ce sont de bien myst\u00e9rieuses dents qui ont \u00e9t\u00e9 d\u00e9couvertes \u00e0 Xujiayao, dans le nord de la Chine. Mis au jour dans les ann\u00e9es 70, ce site est riche de nombreux restes humains, dont un maxillaire ayant appartenu \u00e0 un enfant \u00e2g\u00e9 de 6 ans et demi. Ces dents sont connues depuis plus de trente ans, mais leur analyse r\u00e9cente par des chercheurs chinois et espagnols (<a href=\"http:\/\/advances.sciencemag.org\/content\/5\/1\/eaau0930\" target=\"_blank\" rel=\"noopener\">Science Advances<\/a> 16 janvier 2019) r\u00e9v\u00e8le d&rsquo;\u00e9tranges caract\u00e9ristiques. Veilles de plus de 100.000 ans, elles se rapprochent des dents de population moderne.<\/p>\n<p>Il y a un peu plus de 100.000 ans, notre anc\u00eatre, Homo sapiens, entame sa marche qui le m\u00e8nera \u00e0 la conqu\u00eate du globe. Les plus vieilles traces hors d&rsquo;Afrique de nos anc\u00eatres directs datent d&rsquo;il y a 177.000 ans.&nbsp;<\/p>\n<p>Au cours de la Pr\u00e9histoire, nos anc\u00eatres ont cohabit\u00e9 avec d&rsquo;autres esp\u00e8ces appartenant au genre Homo, dont l&rsquo;Homme de N\u00e9andertal et l&rsquo;Homme de Denisova. Ces esp\u00e8ces sont aujourd&rsquo;hui \u00e9teintes, mais des indices de m\u00e9tissage entre eux et Homo sapiens subsistent encore dans notre ADN. Ainsi, les populations d&rsquo;Europe et d&rsquo;Asie partagent 2 % de leur g\u00e9nome avec N\u00e9andertal, tandis que pr\u00e8s de 5 % du g\u00e9nome des peuples d&rsquo;Oc\u00e9anie, en particulier d&rsquo;Australasie et de Papouasie-Nouvelle-Guin\u00e9e, vient de Denisova.<\/p>\n<p>Si Homo sapiens n&rsquo;est sorti d&rsquo;Afrique que (relativement) r\u00e9cemment, d&rsquo;autres populations, aujourd&rsquo;hui disparues, occupaient l&rsquo;Europe et l&rsquo;Asie depuis plusieurs centaines de milliers d&rsquo;ann\u00e9es. Dans la plupart des cas, les fossiles sont trop diff\u00e9rents pour \u00eatre confondus avec ceux de nos anc\u00eatres. \u00abMais dans le cas pr\u00e9sent, les auteurs ne ferment aucune porte\u00bb, analyse Cl\u00e9ment Zanolli, pal\u00e9oanthropologue \u00e0 l&rsquo;Universit\u00e9 de Bordeaux et sp\u00e9cialiste de l&rsquo;analyse des dents. \u00abLes datations sont assez impr\u00e9cises, mais on peut raisonnablement penser que ces dents ont plus de 100.000 ans. Il est vrai qu&rsquo;en dehors des donn\u00e9es sur le d\u00e9veloppement dentaire publi\u00e9es dans ce nouvel article, la morphologie des dents de ce sp\u00e9cimen de Xujiayao est assez remarquable. Leur structure est assez complexe, avec de nombreux traits accessoires. Par rapport aux peu d&rsquo;\u00e9l\u00e9ments disponibles, la morphologie des molaires sup\u00e9rieures du sp\u00e9cimen de Xujiayao semble \u00eatre tr\u00e8s similaire \u00e0 celle des D\u00e9nisoviens.\u00bb<\/p>\n<p>L&rsquo;homme de Denisova n&rsquo;est pas un de nos anc\u00eatres mais, comme N\u00e9andertal, plut\u00f4t un cousin. De lui on ne sait pas grand-chose. Quelques restes (dont des dents) ont \u00e9t\u00e9 d\u00e9couverts dans une grotte de l&rsquo;Alta\u00ef en Sib\u00e9rie. C&rsquo;est essentiellement l&rsquo;analyse ADN de ces restes qui a permis de comprendre son existence. Il devait peupler une grande partie du continent asiatique, quand l&rsquo;homme de N\u00e9andertal peuplait l&rsquo;Europe. \u00abLa difficult\u00e9 c&rsquo;est qu&rsquo;il n&rsquo;y a pas d&rsquo;information g\u00e9n\u00e9tique disponible pour les restes de Xujiayao\u00bb, continue Cl\u00e9ment Zanolli. \u00abPour d\u00e9terminer l&rsquo;appartenance d&rsquo;un individu \u00e0 un groupe donn\u00e9 avec des dents, il faut pouvoir comparer. Ce qui pour Denisova n&rsquo;est pas \u00e9vident, au vu du tr\u00e8s faible nombre de restes parvenus jusqu&rsquo;\u00e0 nous.\u00bb Un manque qui place cette population au c\u0153ur d&rsquo;une bataille entre scientifiques.<\/p><div class=\"1665f18d14f35dd9e7566e1a8ac9a3e9\" data-index=\"2\" style=\"float: none; margin:10px 0 10px 0; text-align:center;\">\n<script async src=\"https:\/\/pagead2.googlesyndication.com\/pagead\/js\/adsbygoogle.js\"><\/script>\r\n<ins class=\"adsbygoogle\"\r\n     style=\"display:block; text-align:center;\"\r\n     data-ad-layout=\"in-article\"\r\n     data-ad-format=\"fluid\"\r\n     data-ad-client=\"ca-pub-2860849627502538\"\r\n     data-ad-slot=\"3019501113\"><\/ins>\r\n<script>\r\n     (adsbygoogle = window.adsbygoogle || []).push({});\r\n<\/script>\n<\/div>\n\n<p>Plusieurs publications, men\u00e9es par des chercheurs chinois, veulent voir dans la pr\u00e9sence des nombreux ossements vieux de plus 100.000 ans un argument qui fragiliserait la th\u00e9orie du out of Africa (nos anc\u00eatres se sont d\u00e9velopp\u00e9s en Afrique avant de conqu\u00e9rir les autres continents). Et qui pourrait faire de l&rsquo;Asie (et de la Chine) un des berceaux, si ce n&rsquo;est LE berceau de l&rsquo;humanit\u00e9.<\/p>\n<p><img data-recalc-dims=\"1\" loading=\"lazy\" decoding=\"async\" data-attachment-id=\"17829\" data-permalink=\"https:\/\/www.laterredufutur.com\/accueil\/detranges-dents-humaines-decouvertes-dans-le-nord-de-la-chine\/dents-denisova-2\/\" data-orig-file=\"https:\/\/i0.wp.com\/www.laterredufutur.com\/accueil\/wp-content\/uploads\/2019\/01\/dents-denisova-1.jpg?fit=610%2C450&amp;ssl=1\" data-orig-size=\"610,450\" data-comments-opened=\"1\" data-image-meta=\"{&quot;aperture&quot;:&quot;0&quot;,&quot;credit&quot;:&quot;&quot;,&quot;camera&quot;:&quot;&quot;,&quot;caption&quot;:&quot;&quot;,&quot;created_timestamp&quot;:&quot;0&quot;,&quot;copyright&quot;:&quot;&quot;,&quot;focal_length&quot;:&quot;0&quot;,&quot;iso&quot;:&quot;0&quot;,&quot;shutter_speed&quot;:&quot;0&quot;,&quot;title&quot;:&quot;&quot;,&quot;orientation&quot;:&quot;1&quot;}\" data-image-title=\"dents-denisova\" data-image-description=\"\" data-image-caption=\"\" data-large-file=\"https:\/\/i0.wp.com\/www.laterredufutur.com\/accueil\/wp-content\/uploads\/2019\/01\/dents-denisova-1.jpg?fit=610%2C450&amp;ssl=1\" class=\"alignnone size-full wp-image-17829\" src=\"https:\/\/i0.wp.com\/www.laterredufutur.com\/accueil\/wp-content\/uploads\/2019\/01\/dents-denisova-1.jpg?resize=610%2C450&#038;ssl=1\" alt=\"\" width=\"610\" height=\"450\" srcset=\"https:\/\/i0.wp.com\/www.laterredufutur.com\/accueil\/wp-content\/uploads\/2019\/01\/dents-denisova-1.jpg?w=610&amp;ssl=1 610w, https:\/\/i0.wp.com\/www.laterredufutur.com\/accueil\/wp-content\/uploads\/2019\/01\/dents-denisova-1.jpg?resize=80%2C60&amp;ssl=1 80w, https:\/\/i0.wp.com\/www.laterredufutur.com\/accueil\/wp-content\/uploads\/2019\/01\/dents-denisova-1.jpg?resize=300%2C221&amp;ssl=1 300w, https:\/\/i0.wp.com\/www.laterredufutur.com\/accueil\/wp-content\/uploads\/2019\/01\/dents-denisova-1.jpg?resize=70%2C53&amp;ssl=1 70w\" sizes=\"auto, (max-width: 610px) 100vw, 610px\" \/><\/p>\n<p>L&rsquo;existence de l&rsquo;homme de Denisova est, elle, d\u00e9montr\u00e9e depuis 2010. De r\u00e9centes \u00e9tudes g\u00e9n\u00e9tiques montrent m\u00eame qu&rsquo;une grande partie des populations oc\u00e9aniques et asiatiques modernes conservent dans leur ADN une petite partie de leur patrimoine g\u00e9n\u00e9tique. Les premi\u00e8res populations d&rsquo;Homo sapiens arriv\u00e9es en Asie ont en effet c\u00f4toy\u00e9 les d\u00e9nisoviens et se sont donc reproduits avec eux. Pourtant peu de publications chinoises y font r\u00e9f\u00e9rence. \u00abJe suis pour ma part persuad\u00e9 que la quasi-totalit\u00e9 des squelettes d\u00e9couverts dans la r\u00e9gion et vieux de 50.000 \u00e0 300.000 ans sont des restes de d\u00e9nisoviens\u00bb, explique Jean-Jacques Hublin. \u00abQu&rsquo;Homo sapiens soit arriv\u00e9 dans en Extr\u00eame-Orient il y a 100.000 ans ou plus reste possible. Mais je pencherais plut\u00f4t pour une arriv\u00e9e pr\u00e9coce dans les zones chaudes du continent qui correspondent plus \u00e0 ses habitudes de vie de l&rsquo;\u00e9poque.\u00bb<\/p>\n<p><img data-recalc-dims=\"1\" loading=\"lazy\" decoding=\"async\" data-attachment-id=\"17830\" data-permalink=\"https:\/\/www.laterredufutur.com\/accueil\/detranges-dents-humaines-decouvertes-dans-le-nord-de-la-chine\/geographie-grotte-denisova\/\" data-orig-file=\"https:\/\/i0.wp.com\/www.laterredufutur.com\/accueil\/wp-content\/uploads\/2019\/01\/geographie-grotte-denisova.jpg?fit=634%2C434&amp;ssl=1\" data-orig-size=\"634,434\" data-comments-opened=\"1\" data-image-meta=\"{&quot;aperture&quot;:&quot;0&quot;,&quot;credit&quot;:&quot;&quot;,&quot;camera&quot;:&quot;&quot;,&quot;caption&quot;:&quot;&quot;,&quot;created_timestamp&quot;:&quot;0&quot;,&quot;copyright&quot;:&quot;&quot;,&quot;focal_length&quot;:&quot;0&quot;,&quot;iso&quot;:&quot;0&quot;,&quot;shutter_speed&quot;:&quot;0&quot;,&quot;title&quot;:&quot;&quot;,&quot;orientation&quot;:&quot;0&quot;}\" data-image-title=\"geographie-grotte-denisova\" data-image-description=\"\" data-image-caption=\"\" data-large-file=\"https:\/\/i0.wp.com\/www.laterredufutur.com\/accueil\/wp-content\/uploads\/2019\/01\/geographie-grotte-denisova.jpg?fit=634%2C434&amp;ssl=1\" class=\"alignnone size-full wp-image-17830\" src=\"https:\/\/i0.wp.com\/www.laterredufutur.com\/accueil\/wp-content\/uploads\/2019\/01\/geographie-grotte-denisova.jpg?resize=634%2C434&#038;ssl=1\" alt=\"\" width=\"634\" height=\"434\" srcset=\"https:\/\/i0.wp.com\/www.laterredufutur.com\/accueil\/wp-content\/uploads\/2019\/01\/geographie-grotte-denisova.jpg?w=634&amp;ssl=1 634w, https:\/\/i0.wp.com\/www.laterredufutur.com\/accueil\/wp-content\/uploads\/2019\/01\/geographie-grotte-denisova.jpg?resize=300%2C205&amp;ssl=1 300w\" sizes=\"auto, (max-width: 634px) 100vw, 634px\" \/><\/p>\n<p>Autre chose de stup\u00e9fiant : La pal\u00e9og\u00e9n\u00e9ticienne&nbsp;<a href=\"http:\/\/eva-mpg.academia.edu\/VivianeSlon\">Viviane Slon<\/a>&nbsp;n\u2019en croyait pas ses yeux lorsque les r\u00e9sultats sont tomb\u00e9s. Elle se souvient s\u2019\u00eatre demand\u00e9 sur le moment&nbsp;: \u00ab&nbsp;Qu\u2019est-ce qui est all\u00e9 de travers&nbsp;?&nbsp;\u00bb. Elle a imm\u00e9diatement regard\u00e9 l\u2019analyse. Avait-elle fait une erreur&nbsp;? Se pouvait-il que l\u2019\u00e9chantillon ait \u00e9t\u00e9 contamin\u00e9&nbsp;?<\/p>\n<p>Selon les donn\u00e9es qu\u2019elle avait en mains, le fragment d\u2019os \u00e2g\u00e9 d\u2019environ 90&nbsp;000&nbsp;ans qu\u2019elle avait analys\u00e9 provenait d\u2019une adolescente, dont le p\u00e8re \u00e9tait un homme de Denisova et la m\u00e8re une femme de N\u00e9andertal. Les chercheurs soup\u00e7onnaient depuis longtemps que ces deux groupes d\u2019hominid\u00e9s cousins s\u2019\u00e9taient accoupl\u00e9s&nbsp;: l\u2019ADN des Hommes modernes et des hominid\u00e9s anciens pr\u00e9sente en effet des traces de leurs g\u00e8nes. Mais aucun descendant d\u2019un tel couple n\u2019avait \u00e9t\u00e9 mis au jour.<\/p>\n<p>Viviane Slon, post-doctorante \u00e0 l\u2019Institut Max Planck \u00e0 Leipzig, a alors pr\u00e9lev\u00e9 un autre \u00e9chantillon sur l\u2019os. Le r\u00e9sultat \u00e9tait le m\u00eame. Elle a r\u00e9it\u00e9r\u00e9 l\u2019op\u00e9ration \u00e0 six reprises. \u00c0 chaque fois, le r\u00e9sultat disait la m\u00eame chose&nbsp;: l\u2019ADN renferm\u00e9 dans l\u2019os provenait \u00e0 quantit\u00e9 presque \u00e9gale d\u2019un Homme de N\u00e9andertal et d\u2019un Homme de Denisova.<\/p>\n<p>L\u2019Homme de Denisova a int\u00e9gr\u00e9 l\u2019arbre g\u00e9n\u00e9alogique de l\u2019esp\u00e8ce humaine il y a peu et cet hominid\u00e9 reste en grande partie un myst\u00e8re.<\/p>\n<p>Adaptation <a href=\"https:\/\/www.laterredufutur.com\/accueil\/\">la Terre du Futur<\/a><\/p>\n<p>sources : <a href=\"http:\/\/www.lefigaro.fr\/sciences\/2019\/01\/16\/01008-20190116ARTFIG00318-d-etranges-dents-humaines-decouvertes-dans-le-nord-de-la-chine.php#xtor=AL-201\" target=\"_blank\" rel=\"noopener\">http:\/\/www.lefigaro.fr\/<\/a> \/ <a href=\"https:\/\/www.nationalgeographic.fr\/sciences\/lhomme-de-neandertal-et-celui-de-denisova-se-sont-reproduits-il-y-des-milliers-dannees\" target=\"_blank\" rel=\"noopener\">https:\/\/www.nationalgeographic.fr<\/a> \/ <a href=\"https:\/\/www.futura-sciences.com\/planete\/actualites\/paleontologie-homme-denisova-hybride-homo-sapiens-deux-reprises-50382\/\" target=\"_blank\" rel=\"noopener\">https:\/\/www.futura-sciences.com\/<\/a><\/p>\n<p class=\"bawpvc-ajax-counter\" data-id=\"17827\">(738)<\/p>\n<!--CusAds0-->\n<div style=\"font-size: 0px; height: 0px; line-height: 0px; margin: 0; padding: 0; clear: both;\"><\/div>","protected":false},"excerpt":{"rendered":"<p>Ces dents pourraient avoir appartenu \u00e0 un cousin asiatique de l&rsquo;homme moderne dont nous ne savons pas grand-chose : l&rsquo;homme&#8230;<\/p>\n","protected":false},"author":1,"featured_media":17828,"comment_status":"open","ping_status":"open","sticky":false,"template":"","format":"standard","meta":{"_exactmetrics_skip_tracking":false,"_exactmetrics_sitenote_active":false,"_exactmetrics_sitenote_note":"","_exactmetrics_sitenote_category":0,"ngg_post_thumbnail":0,"jetpack_post_was_ever_published":false,"_jetpack_newsletter_access":"","_jetpack_dont_email_post_to_subs":false,"_jetpack_newsletter_tier_id":0,"_jetpack_memberships_contains_paywalled_content":false,"_jetpack_memberships_contains_paid_content":false,"footnotes":"","jetpack_publicize_message":"D'\u00e9tranges dents humaines d\u00e9couvertes dans le nord de la Chine @laterredufutur","jetpack_publicize_feature_enabled":true,"jetpack_social_post_already_shared":true,"jetpack_social_options":{"image_generator_settings":{"template":"highway","default_image_id":0,"font":"","enabled":false},"version":2}},"categories":[33],"tags":[954,2438,198,537,6663,6935],"class_list":["post-17827","post","type-post","status-publish","format-standard","has-post-thumbnail","hentry","category-archeologie","tag-adn","tag-archeologie","tag-asie","tag-chine","tag-denisova","tag-dents","wpcat-33-id"],"jetpack_publicize_connections":[],"jetpack_featured_media_url":"https:\/\/i0.wp.com\/www.laterredufutur.com\/accueil\/wp-content\/uploads\/2019\/01\/dents-denisova.jpg?fit=680%2C382&ssl=1","jetpack_shortlink":"https:\/\/wp.me\/p631RN-4Dx","jetpack-related-posts":[{"id":16245,"url":"https:\/\/www.laterredufutur.com\/accueil\/un-fossile-trouve-en-israel-repousse-la-sortie-dafrique-de-lhomme-moderne\/","url_meta":{"origin":17827,"position":0},"title":"Un fossile trouv\u00e9 en Isra\u00ebl repousse la sortie d&rsquo;Afrique de l&rsquo;homme moderne","author":"Admin","date":"7 f\u00e9vrier 2018","format":false,"excerpt":"Cet anc\u00eatre aurait v\u00e9cu dans une p\u00e9riode allant de 177.000 \u00e0 194.000 ans avant notre \u00e8re\u2026 C\u2019est une d\u00e9couverte majeure dans l\u2019histoire de l\u2019arch\u00e9ologie. La mise au jour du fossile d\u2019un fragment de m\u00e2choire dans une grotte en Isra\u00ebl repousse d\u2019au moins 50.000 ans la sortie d\u2019Afrique de l\u2019homme moderne,\u2026","rel":"","context":"Dans &quot;Arch\u00e9ologie&quot;","block_context":{"text":"Arch\u00e9ologie","link":"https:\/\/www.laterredufutur.com\/accueil\/sujets\/archeologie\/"},"img":{"alt_text":"","src":"https:\/\/i0.wp.com\/www.laterredufutur.com\/accueil\/wp-content\/uploads\/2018\/01\/machoire-homme.jpg?fit=960%2C614&ssl=1&resize=350%2C200","width":350,"height":200,"srcset":"https:\/\/i0.wp.com\/www.laterredufutur.com\/accueil\/wp-content\/uploads\/2018\/01\/machoire-homme.jpg?fit=960%2C614&ssl=1&resize=350%2C200 1x, https:\/\/i0.wp.com\/www.laterredufutur.com\/accueil\/wp-content\/uploads\/2018\/01\/machoire-homme.jpg?fit=960%2C614&ssl=1&resize=525%2C300 1.5x, https:\/\/i0.wp.com\/www.laterredufutur.com\/accueil\/wp-content\/uploads\/2018\/01\/machoire-homme.jpg?fit=960%2C614&ssl=1&resize=700%2C400 2x"},"classes":[]},{"id":19356,"url":"https:\/\/www.laterredufutur.com\/accueil\/la-lignee-de-lhomme-de-denisova-pourrait-representer-trois-especes-humaines\/","url_meta":{"origin":17827,"position":1},"title":"La lign\u00e9e de l&rsquo;Homme de Denisova pourrait repr\u00e9senter trois esp\u00e8ces humaines","author":"Admin","date":"10 ao\u00fbt 2019","format":false,"excerpt":"Des analyses de l'ADN humain moderne sugg\u00e8rent que la lign\u00e9e de l'Homme de Denisova \u00e9tait \u00e9tonnamment diversifi\u00e9e. Il pourrait \u00eatre le dernier \u00e0 avoir pr\u00e9c\u00e9d\u00e9 l'Homo Sapiens. Il y a pr\u00e8s de dix ans, un fragment d'os de petit doigt d\u00e9couvert en Sib\u00e9rie r\u00e9v\u00e9lait aux yeux du monde entier une\u2026","rel":"","context":"Dans &quot;Arch\u00e9ologie&quot;","block_context":{"text":"Arch\u00e9ologie","link":"https:\/\/www.laterredufutur.com\/accueil\/sujets\/archeologie\/"},"img":{"alt_text":"","src":"https:\/\/i0.wp.com\/www.laterredufutur.com\/accueil\/wp-content\/uploads\/2019\/07\/papouasie-homme.jpg?fit=1200%2C683&ssl=1&resize=350%2C200","width":350,"height":200,"srcset":"https:\/\/i0.wp.com\/www.laterredufutur.com\/accueil\/wp-content\/uploads\/2019\/07\/papouasie-homme.jpg?fit=1200%2C683&ssl=1&resize=350%2C200 1x, https:\/\/i0.wp.com\/www.laterredufutur.com\/accueil\/wp-content\/uploads\/2019\/07\/papouasie-homme.jpg?fit=1200%2C683&ssl=1&resize=525%2C300 1.5x, https:\/\/i0.wp.com\/www.laterredufutur.com\/accueil\/wp-content\/uploads\/2019\/07\/papouasie-homme.jpg?fit=1200%2C683&ssl=1&resize=700%2C400 2x, https:\/\/i0.wp.com\/www.laterredufutur.com\/accueil\/wp-content\/uploads\/2019\/07\/papouasie-homme.jpg?fit=1200%2C683&ssl=1&resize=1050%2C600 3x"},"classes":[]},{"id":10092,"url":"https:\/\/www.laterredufutur.com\/accueil\/une-autre-espece-humaine-a-peut-etre-survecu-a-lage-de-glace\/","url_meta":{"origin":17827,"position":2},"title":"Une autre esp\u00e8ce humaine a peut-\u00eatre surv\u00e9cu \u00e0 l&rsquo;\u00e2ge de glace","author":"Admin","date":"18 d\u00e9cembre 2015","format":false,"excerpt":"L\u2019Homme de Neandertal a peut-\u00eatre eu de la compagnie. Un f\u00e9mur retrouv\u00e9 en 1989 dans une grotte en Chine fait penser aux scientifiques qu\u2019une ancienne esp\u00e8ce d\u2019\u00eatres humains aurait surv\u00e9cu beaucoup plus longtemps qu\u2019on ne le pensait jusqu\u2019alors, selon une \u00e9tude publi\u00e9e jeudi. Cet os vieux de 14.000 ans a\u2026","rel":"","context":"Dans &quot;Arch\u00e9ologie&quot;","block_context":{"text":"Arch\u00e9ologie","link":"https:\/\/www.laterredufutur.com\/accueil\/sujets\/archeologie\/"},"img":{"alt_text":"","src":"https:\/\/i0.wp.com\/www.laterredufutur.com\/accueil\/wp-content\/uploads\/2015\/12\/homme-vivait-14000-ans-maludong-chine.jpg?fit=648%2C415&ssl=1&resize=350%2C200","width":350,"height":200,"srcset":"https:\/\/i0.wp.com\/www.laterredufutur.com\/accueil\/wp-content\/uploads\/2015\/12\/homme-vivait-14000-ans-maludong-chine.jpg?fit=648%2C415&ssl=1&resize=350%2C200 1x, https:\/\/i0.wp.com\/www.laterredufutur.com\/accueil\/wp-content\/uploads\/2015\/12\/homme-vivait-14000-ans-maludong-chine.jpg?fit=648%2C415&ssl=1&resize=525%2C300 1.5x"},"classes":[]},{"id":21502,"url":"https:\/\/www.laterredufutur.com\/accueil\/homo-luzonensis-une-nouvelle-espece-humaine\/","url_meta":{"origin":17827,"position":3},"title":"Homo luzonensis, une nouvelle esp\u00e8ce humaine","author":"Admin","date":"22 octobre 2020","format":false,"excerpt":"Une \u00e9quipe pluridisciplinaire internationale a d\u00e9couvert une nouvelle esp\u00e8ce humaine, Homo luzonensis, lors de fouilles effectu\u00e9es dans la grotte de Callao, situ\u00e9e sur l\u2019\u00eele de Luzon, au Nord des Philippines. Une \u00e9quipe pluridisciplinaire internationale co-dirig\u00e9e par Florent D\u00e9troit, pal\u00e9oanthropologue au Mus\u00e9e de l'Homme, a d\u00e9couvert une nouvelle esp\u00e8ce humaine, Homo\u2026","rel":"","context":"Dans &quot;Arch\u00e9ologie&quot;","block_context":{"text":"Arch\u00e9ologie","link":"https:\/\/www.laterredufutur.com\/accueil\/sujets\/archeologie\/"},"img":{"alt_text":"","src":"https:\/\/i0.wp.com\/www.laterredufutur.com\/accueil\/wp-content\/uploads\/2020\/10\/Homo-luzonensis.jpg?fit=1200%2C720&ssl=1&resize=350%2C200","width":350,"height":200,"srcset":"https:\/\/i0.wp.com\/www.laterredufutur.com\/accueil\/wp-content\/uploads\/2020\/10\/Homo-luzonensis.jpg?fit=1200%2C720&ssl=1&resize=350%2C200 1x, https:\/\/i0.wp.com\/www.laterredufutur.com\/accueil\/wp-content\/uploads\/2020\/10\/Homo-luzonensis.jpg?fit=1200%2C720&ssl=1&resize=525%2C300 1.5x, https:\/\/i0.wp.com\/www.laterredufutur.com\/accueil\/wp-content\/uploads\/2020\/10\/Homo-luzonensis.jpg?fit=1200%2C720&ssl=1&resize=700%2C400 2x, https:\/\/i0.wp.com\/www.laterredufutur.com\/accueil\/wp-content\/uploads\/2020\/10\/Homo-luzonensis.jpg?fit=1200%2C720&ssl=1&resize=1050%2C600 3x"},"classes":[]},{"id":14916,"url":"https:\/\/www.laterredufutur.com\/accueil\/la-decouverte-de-deux-cranes-en-chine-pourrait-prouver-lexistence-dune-nouvelle-espece-humaine\/","url_meta":{"origin":17827,"position":4},"title":"La d\u00e9couverte de deux cr\u00e2nes en Chine pourrait prouver l\u2019existence d\u2019une nouvelle esp\u00e8ce humaine","author":"Admin","date":"25 mars 2017","format":false,"excerpt":"C\u2019est une troublante d\u00e9couverte arch\u00e9ologique que viennent de faire des chercheurs. Lors de fouilles en Chine, deux cr\u00e2nes m\u00e9connus ont \u00e9t\u00e9 mis au jour. Des cr\u00e2nes qui pourraient prouver l\u2019existence d\u2019une esp\u00e8ce humaine encore tr\u00e8s myst\u00e9rieuse et qui laissent perplexe la communaut\u00e9 scientifique. QUELS \u00c9L\u00c9MENTS ONT \u00c9T\u00c9 RETROUV\u00c9S ET QUE\u2026","rel":"","context":"Dans &quot;Arch\u00e9ologie&quot;","block_context":{"text":"Arch\u00e9ologie","link":"https:\/\/www.laterredufutur.com\/accueil\/sujets\/archeologie\/"},"img":{"alt_text":"","src":"https:\/\/i0.wp.com\/www.laterredufutur.com\/accueil\/wp-content\/uploads\/2017\/03\/crane-chine.jpg?fit=549%2C326&ssl=1&resize=350%2C200","width":350,"height":200,"srcset":"https:\/\/i0.wp.com\/www.laterredufutur.com\/accueil\/wp-content\/uploads\/2017\/03\/crane-chine.jpg?fit=549%2C326&ssl=1&resize=350%2C200 1x, https:\/\/i0.wp.com\/www.laterredufutur.com\/accueil\/wp-content\/uploads\/2017\/03\/crane-chine.jpg?fit=549%2C326&ssl=1&resize=525%2C300 1.5x"},"classes":[]},{"id":13998,"url":"https:\/\/www.laterredufutur.com\/accueil\/les-scientifiques-surpris-car-ils-ont-trouve-dans-les-melanesiens-un-adn-dune-espece-dhumain-inconnu\/","url_meta":{"origin":17827,"position":5},"title":"Les scientifiques surpris car ils ont trouv\u00e9 dans les M\u00e9lan\u00e9siens un ADN d&rsquo;une esp\u00e8ce \u00ab\u00a0d&rsquo;humain\u00a0\u00bb inconnu","author":"Admin","date":"24 novembre 2016","format":false,"excerpt":"\u00ab\u2009Peut-\u00eatre que nous avons rat\u00e9 une esp\u00e8ce ou omis des liens entre les esp\u00e8ces\u2009\u00bb a confi\u00e9 Ryan Bohlender, g\u00e9n\u00e9ticien \u00e0 l\u2019Universit\u00e9 du Texas. C\u2019est du moins les conclusions que son \u00e9quipe et lui ont pu tirer apr\u00e8s avoir \u00e9tudi\u00e9 les g\u00e9nomes des peuples de la M\u00e9lan\u00e9sie, qui englobe Vanuatu, les\u2026","rel":"","context":"Dans &quot;Arch\u00e9ologie&quot;","block_context":{"text":"Arch\u00e9ologie","link":"https:\/\/www.laterredufutur.com\/accueil\/sujets\/archeologie\/"},"img":{"alt_text":"","src":"https:\/\/i0.wp.com\/www.laterredufutur.com\/accueil\/wp-content\/uploads\/2016\/11\/Melanesians-3.jpg?fit=960%2C540&ssl=1&resize=350%2C200","width":350,"height":200,"srcset":"https:\/\/i0.wp.com\/www.laterredufutur.com\/accueil\/wp-content\/uploads\/2016\/11\/Melanesians-3.jpg?fit=960%2C540&ssl=1&resize=350%2C200 1x, https:\/\/i0.wp.com\/www.laterredufutur.com\/accueil\/wp-content\/uploads\/2016\/11\/Melanesians-3.jpg?fit=960%2C540&ssl=1&resize=525%2C300 1.5x, https:\/\/i0.wp.com\/www.laterredufutur.com\/accueil\/wp-content\/uploads\/2016\/11\/Melanesians-3.jpg?fit=960%2C540&ssl=1&resize=700%2C400 2x"},"classes":[]}],"jetpack_sharing_enabled":true,"_links":{"self":[{"href":"https:\/\/www.laterredufutur.com\/accueil\/wp-json\/wp\/v2\/posts\/17827","targetHints":{"allow":["GET"]}}],"collection":[{"href":"https:\/\/www.laterredufutur.com\/accueil\/wp-json\/wp\/v2\/posts"}],"about":[{"href":"https:\/\/www.laterredufutur.com\/accueil\/wp-json\/wp\/v2\/types\/post"}],"author":[{"embeddable":true,"href":"https:\/\/www.laterredufutur.com\/accueil\/wp-json\/wp\/v2\/users\/1"}],"replies":[{"embeddable":true,"href":"https:\/\/www.laterredufutur.com\/accueil\/wp-json\/wp\/v2\/comments?post=17827"}],"version-history":[{"count":4,"href":"https:\/\/www.laterredufutur.com\/accueil\/wp-json\/wp\/v2\/posts\/17827\/revisions"}],"predecessor-version":[{"id":17837,"href":"https:\/\/www.laterredufutur.com\/accueil\/wp-json\/wp\/v2\/posts\/17827\/revisions\/17837"}],"wp:featuredmedia":[{"embeddable":true,"href":"https:\/\/www.laterredufutur.com\/accueil\/wp-json\/wp\/v2\/media\/17828"}],"wp:attachment":[{"href":"https:\/\/www.laterredufutur.com\/accueil\/wp-json\/wp\/v2\/media?parent=17827"}],"wp:term":[{"taxonomy":"category","embeddable":true,"href":"https:\/\/www.laterredufutur.com\/accueil\/wp-json\/wp\/v2\/categories?post=17827"},{"taxonomy":"post_tag","embeddable":true,"href":"https:\/\/www.laterredufutur.com\/accueil\/wp-json\/wp\/v2\/tags?post=17827"}],"curies":[{"name":"wp","href":"https:\/\/api.w.org\/{rel}","templated":true}]}}