{"id":17028,"date":"2018-10-10T20:00:44","date_gmt":"2018-10-10T18:00:44","guid":{"rendered":"http:\/\/www.laterredufutur.com\/accueil\/?p=17028"},"modified":"2018-10-12T21:14:27","modified_gmt":"2018-10-12T19:14:27","slug":"la-baisse-de-lactivite-solaire-conduit-la-nasa-a-annoncer-un-refroidissement-climatique","status":"publish","type":"post","link":"https:\/\/www.laterredufutur.com\/accueil\/la-baisse-de-lactivite-solaire-conduit-la-nasa-a-annoncer-un-refroidissement-climatique\/","title":{"rendered":"La baisse de l\u2019activit\u00e9 solaire conduit la NASA \u00e0 annoncer un refroidissement climatique"},"content":{"rendered":"<div class=\"1665f18d14f35dd9e7566e1a8ac9a3e9\" data-index=\"1\" style=\"float: none; margin:10px 0 10px 0; text-align:center;\">\n<script async src=\"https:\/\/pagead2.googlesyndication.com\/pagead\/js\/adsbygoogle.js\"><\/script>\r\n<ins class=\"adsbygoogle\"\r\n     style=\"display:block; text-align:center;\"\r\n     data-ad-layout=\"in-article\"\r\n     data-ad-format=\"fluid\"\r\n     data-ad-client=\"ca-pub-2860849627502538\"\r\n     data-ad-slot=\"3019501113\"><\/ins>\r\n<script>\r\n     (adsbygoogle = window.adsbygoogle || []).push({});\r\n<\/script>\n<\/div>\n<p>La NASA \u2013 peu suspecte de climato-scepticisme \u2013 s\u2019appuie sur de nouveaux r\u00e9sultats d\u2019observations de temp\u00e9rature aux confins de l\u2019atmosph\u00e8re terrestre pour annoncer un refroidissement notable dans ces zones, li\u00e9 \u00e0 l\u2019un des minima solaires les plus importants de l\u2019\u00e8re spatiale. Il s\u2019agit tr\u00e8s clairement d\u2019un refroidissement climatique entra\u00een\u00e9 par la baisse de l\u2019activit\u00e9 solaire, confirmant le r\u00f4le important sinon pr\u00e9pond\u00e9rant du soleil sur les variations de temp\u00e9rature de la plan\u00e8te.<\/p>\n<p>\u00ab Nous constatons une tendance au refroidissement \u00bb, vient ainsi de d\u00e9clarer Martin Mlynczak, chercheur principal associ\u00e9 du centre de recherches Langley de la NASA. \u00ab Tr\u00e8s loin de la surface de la terre, pr\u00e8s du bord de l\u2019espace, notre atmosph\u00e8re perd de l\u2019\u00e9nergie calorifique. Si les tendances actuelles se poursuivent, on pourrait bient\u00f4t atteindre un record de froid pour notre \u00e8re spatiale \u00bb, a-t-il affirm\u00e9.<\/p>\n<p>Les nouvelles donn\u00e9es sont le fruit de mesures prises par le dispositif SABER (Sounding of the Atmosphere using Broadband Emission Radiometry), embarqu\u00e9s sur le satellite TIMED (Thermosphere Ionosphere Mesosphere Energetics and Dynamics) charg\u00e9 de la surveillance de l\u2019\u00e9tat de la tr\u00e8s haute atmosph\u00e8re. SABER permet de mesurer la radiation infra-rouge \u00e9mise par le dioxyde de carbone \u2013 le CO2 \u2013 et l\u2019oxyde nitrique (NO), qui joue un r\u00f4le vital dans le bilan \u00e9nerg\u00e9tique de la thermosph\u00e8re, la zone la plus \u00e9loign\u00e9e de notre atmosph\u00e8re.<\/p>\n<p>Voil\u00e0 que la NASA annonce un refroidissement climatique dans la tr\u00e8s haute atmosph\u00e8re !<\/p>\n<p>Mlynczak rappelle que cette thermosph\u00e8re devient toujours plus fra\u00eeche pendant les p\u00e9riodes de minimum solaire : \u00ab C\u2019est l\u2019une des mani\u00e8res les plus importantes dont le cycle solaire affecte notre plan\u00e8te. \u00bb<\/p>\n<p>L\u2019un des effets de ce refroidissement est un r\u00e9tr\u00e9cissement de l\u2019atmosph\u00e8re, avec un effet a\u00e9rodynamique positif sur les satellites qui s\u2019usent moins vite (mais dont les d\u00e9bris encombrent \u00e9galement plus longtemps l\u2019atmosph\u00e8re terrestre).<\/p><div class=\"1665f18d14f35dd9e7566e1a8ac9a3e9\" data-index=\"2\" style=\"float: none; margin:10px 0 10px 0; text-align:center;\">\n<script async src=\"https:\/\/pagead2.googlesyndication.com\/pagead\/js\/adsbygoogle.js\"><\/script>\r\n<ins class=\"adsbygoogle\"\r\n     style=\"display:block; text-align:center;\"\r\n     data-ad-layout=\"in-article\"\r\n     data-ad-format=\"fluid\"\r\n     data-ad-client=\"ca-pub-2860849627502538\"\r\n     data-ad-slot=\"3019501113\"><\/ins>\r\n<script>\r\n     (adsbygoogle = window.adsbygoogle || []).push({});\r\n<\/script>\n<\/div>\n\n<p>Si SABER n\u2019effectue des relev\u00e9s directs que depuis 17 ans, l\u2019\u00e9tude de la corr\u00e9lation entre les minima solaires et la r\u00e9duction d\u2019\u00e9mission d\u2019oxyde nitrique vers l\u2019espace ext\u00e9rieur, qui permet de cr\u00e9er l\u2019index climatique de la thermosph\u00e8re (TCI), a permis d\u2019utiliser des donn\u00e9es plus anciennes remontant aux ann\u00e9es 1940 pour \u00e9valuer les variations de l\u2019index depuis lors. Actuellement, \u00e0 l\u2019aune de la courbe \u00e9tablie pour cette p\u00e9riode, le TCI est \u00ab extr\u00eamement bas \u00bb : \u00ab A 33 milliards de watts de puissance infra-rouge li\u00e9e \u00e0 l\u2019oxyde nitrique, il est dix fois plus bas qu\u2019au cours des phases plus actives du cycle solaire \u00bb, observe le chercheur am\u00e9ricain. On flirte m\u00eame actuellement avec le plus bas historique depuis que les mesures existent : il s\u2019en faut de peu pour que le record soit bris\u00e9, ce qui pourrait se produire dans les mois \u00e0 venir selon la NASA.<\/p>\n<p>La baisse de l\u2019activit\u00e9 solaire a un effet sur le climat terrestre<\/p>\n<p>Ces donn\u00e9es vont dans le sens d\u2019une baisse notable de l\u2019activit\u00e9 solaire que certains centres de recherche estiment devoir durer plusieurs d\u00e9cennies, sur le mod\u00e8le du minimum de Maunder qui a marqu\u00e9 l\u2019av\u00e8nement du Petit \u00e2ge glaciaire de la moiti\u00e9 du 17e au d\u00e9but du 18e si\u00e8cle.<\/p>\n<p>Si, dans le m\u00eame temps, la NASA continue de soutenir la th\u00e9orie du r\u00e9chauffement climatique \u2013 la semaine derni\u00e8re, elle annon\u00e7ait que la glace maritime arctique \u00e9tait \u00e0 son sixi\u00e8me plus bas niveau depuis qu\u2019on la mesure \u2013 il n\u2019y a qu\u2019une conclusion \u00e0 tirer de ces donn\u00e9es apparemment contradictoires : les m\u00e9canismes du climat sont complexes et pour une large part inconnus des hommes, et parler d\u2019un r\u00e9chauffement climatique certain et certainement li\u00e9 \u00e0 l\u2019activit\u00e9 humaine est bien pr\u00e9somptueux.<\/p>\n<p>source : <a href=\"https:\/\/reinformation.tv\/baisse-activite-solaire-refroidissement-climatique-nasa-dolhein-88586-2\/\" target=\"_blank\" rel=\"noopener\">https:\/\/reinformation.tv\/<\/a><\/p>\n<p class=\"bawpvc-ajax-counter\" data-id=\"17028\">(4621)<\/p>\n<!--CusAds0-->\n<div style=\"font-size: 0px; height: 0px; line-height: 0px; margin: 0; padding: 0; clear: both;\"><\/div>","protected":false},"excerpt":{"rendered":"<p>La NASA \u2013 peu suspecte de climato-scepticisme \u2013 s\u2019appuie sur de nouveaux r\u00e9sultats d\u2019observations de temp\u00e9rature aux confins de l\u2019atmosph\u00e8re&#8230;<\/p>\n","protected":false},"author":1,"featured_media":16579,"comment_status":"open","ping_status":"open","sticky":false,"template":"","format":"standard","meta":{"_exactmetrics_skip_tracking":false,"_exactmetrics_sitenote_active":false,"_exactmetrics_sitenote_note":"","_exactmetrics_sitenote_category":0,"ngg_post_thumbnail":0,"jetpack_post_was_ever_published":false,"_jetpack_newsletter_access":"","_jetpack_dont_email_post_to_subs":false,"_jetpack_newsletter_tier_id":0,"_jetpack_memberships_contains_paywalled_content":false,"_jetpack_memberships_contains_paid_content":false,"footnotes":"","jetpack_publicize_message":"La baisse de l\u2019activit\u00e9 solaire conduit la NASA \u00e0 annoncer un refroidissement climatique @laterredufutur","jetpack_publicize_feature_enabled":true,"jetpack_social_post_already_shared":true,"jetpack_social_options":{"image_generator_settings":{"template":"highway","default_image_id":0,"font":"","enabled":false},"version":2}},"categories":[24],"tags":[6781,41,119,170,37],"class_list":["post-17028","post","type-post","status-publish","format-standard","has-post-thumbnail","hentry","category-soleil","tag-baisse-activite-solaire","tag-climat","tag-nasa","tag-refroidissement-climatique","tag-soleil","wpcat-24-id"],"jetpack_publicize_connections":[],"jetpack_featured_media_url":"https:\/\/i0.wp.com\/www.laterredufutur.com\/accueil\/wp-content\/uploads\/2018\/05\/soleil-4-mai-2018.gif?fit=696%2C696&ssl=1","jetpack_shortlink":"https:\/\/wp.me\/p631RN-4qE","jetpack-related-posts":[{"id":5477,"url":"https:\/\/www.laterredufutur.com\/accueil\/cycle-solaire-et-climat-vers-un-refroidissement\/","url_meta":{"origin":17028,"position":0},"title":"Cycle solaire et climat : vers un refroidissement ?","author":"Admin","date":"2 ao\u00fbt 2010","format":false,"excerpt":"Selon une r\u00e9cente \u00e9tude de la NASA, une p\u00e9riode de cycle solaire calme, comme celle que nous connaissons actuellement, s\u2019accompagnerait de temp\u00e9ratures plus froides. Les nouvelles mesures d\u2019un satellite de la NASA ont montr\u00e9 une corr\u00e9lation entre la phase de d\u00e9clin du cycle solaire actuel et le refroidissement de l\u2019atmosph\u00e8re\u2026","rel":"","context":"Dans &quot;Soleil&quot;","block_context":{"text":"Soleil","link":"https:\/\/www.laterredufutur.com\/accueil\/sujets\/soleil\/"},"img":{"alt_text":"","src":"","width":0,"height":0},"classes":[]},{"id":4771,"url":"https:\/\/www.laterredufutur.com\/accueil\/refroidissement-solaire\/","url_meta":{"origin":17028,"position":1},"title":"Refroidissement Solaire","author":"Admin","date":"16 f\u00e9vrier 2009","format":false,"excerpt":"Au cours des 2 derni\u00e8res ann\u00e9es, le rayonnement solaire vers la Terre a atteint\u00a0un minimum absolu, depuis 1978, tout en restant au-dessous de 1365,3 watts par m\u00e8tre carr\u00e9. C'est la plus importante cons\u00e9quence mesurable du minimum solaire, qui est l'un des plus critiques\u00a0depuis 250 ans. M\u00eame la NASA a d\u00fb\u2026","rel":"","context":"Dans &quot;Climat&quot;","block_context":{"text":"Climat","link":"https:\/\/www.laterredufutur.com\/accueil\/sujets\/climat\/"},"img":{"alt_text":"","src":"https:\/\/i0.wp.com\/www.laterredufutur.com\/accueil\/wp-content\/uploads\/2015\/04\/sun.jpg?fit=350%2C329&ssl=1&resize=350%2C200","width":350,"height":200},"classes":[]},{"id":5589,"url":"https:\/\/www.laterredufutur.com\/accueil\/le-triple-cocktail-pour-un-fort-refroidissement-climatique\/","url_meta":{"origin":17028,"position":2},"title":"Le Triple cocktail pour un fort refroidissement climatique","author":"Admin","date":"22 novembre 2010","format":false,"excerpt":"\u00abLe r\u00e9chauffement climatique\" peut devenir un de ces cocktails pittoresques historiques si les trois facteurs climatiques cl\u00e9s - refroidissement de la surface des temp\u00e9ratures du Pacifique du Nord, tr\u00e8s faible activit\u00e9 solaire et l'augmentation des \u00e9ruptions volcaniques - convergent pour former une \u00abtemp\u00eate parfaite\u00bb de la chute des temp\u00e9ratures de\u2026","rel":"","context":"Dans &quot;Seismes\/Volcans&quot;","block_context":{"text":"Seismes\/Volcans","link":"https:\/\/www.laterredufutur.com\/accueil\/sujets\/seismes-et-volcans\/"},"img":{"alt_text":"","src":"","width":0,"height":0},"classes":[]},{"id":4018,"url":"https:\/\/www.laterredufutur.com\/accueil\/le-refroidissement-global-est-en-cours\/","url_meta":{"origin":17028,"position":3},"title":"Le refroidissement global est en cours !","author":"Admin","date":"5 juin 2007","format":false,"excerpt":"Pr\u00e9vision solaire de la baisse prochaine de la temp\u00e9rature terrestre par David Archibald de la NASA. Voici une pr\u00e9vision solaire de ce physicien de la NASA qui nous annonce donc une prochaine d\u00e9cennie qui nous apportera un refroidissement sur l'ensemble du globe. Et si ce refroidissement avait commenc\u00e9 ! Si\u2026","rel":"","context":"Dans &quot;Soleil&quot;","block_context":{"text":"Soleil","link":"https:\/\/www.laterredufutur.com\/accueil\/sujets\/soleil\/"},"img":{"alt_text":"","src":"","width":0,"height":0},"classes":[]},{"id":7501,"url":"https:\/\/www.laterredufutur.com\/accueil\/la-terre-va-vivre-une-nouvelle-petite-periode-glaciere\/","url_meta":{"origin":17028,"position":4},"title":"La Terre va vivre une nouvelle petite p\u00e9riode glaciaire","author":"Admin","date":"27 juin 2015","format":false,"excerpt":"Dans les prochaines d\u00e9cennies, la baisse d'activit\u00e9 du soleil pourrait mener \u00e0 une petite p\u00e9riode glaciaire qui se traduirait par des hivers polaires. Selon certains experts la lumi\u00e8re et la chaleur l\u00e2ch\u00e9es par le soleil s'amenuisent rapidement, depuis quelques ann\u00e9es l'activit\u00e9 du soleil semble quelque peu en berne. C'est ce\u2026","rel":"","context":"Dans &quot;Climat&quot;","block_context":{"text":"Climat","link":"https:\/\/www.laterredufutur.com\/accueil\/sujets\/climat\/"},"img":{"alt_text":"","src":"https:\/\/i0.wp.com\/www.laterredufutur.com\/accueil\/wp-content\/uploads\/2015\/04\/refroidissement-climatique.jpg?fit=592%2C450&ssl=1&resize=350%2C200","width":350,"height":200,"srcset":"https:\/\/i0.wp.com\/www.laterredufutur.com\/accueil\/wp-content\/uploads\/2015\/04\/refroidissement-climatique.jpg?fit=592%2C450&ssl=1&resize=350%2C200 1x, https:\/\/i0.wp.com\/www.laterredufutur.com\/accueil\/wp-content\/uploads\/2015\/04\/refroidissement-climatique.jpg?fit=592%2C450&ssl=1&resize=525%2C300 1.5x"},"classes":[]},{"id":22923,"url":"https:\/\/www.laterredufutur.com\/accueil\/un-refroidissement-en-perspective-faible-activite-solaire-fumee-de-feu-de-foret-la-nina-tout-cela-prepare-un-refroidissement-de-2022\/","url_meta":{"origin":17028,"position":5},"title":"Un refroidissement en perspective ? Faible activit\u00e9 solaire, fum\u00e9e de feu de for\u00eat, La Ni\u00f1a, tout cela pr\u00e9pare un refroidissement de 2022 ?","author":"Admin","date":"12 ao\u00fbt 2021","format":false,"excerpt":"Voici 3 raisons pour lesquelles les temp\u00e9ratures de surface mondiales vont probablement continuer \u00e0 se refroidir au cours de l'ann\u00e9e \u00e0 venir. La Nina de retour dans les pr\u00e9visions La NASA continue de pr\u00e9voir des conditions au profit de La Ni\u00f1a jusqu'en 2022, ce qui sugg\u00e8re un refroidissement vigoureux et\u2026","rel":"","context":"Dans &quot;Climat&quot;","block_context":{"text":"Climat","link":"https:\/\/www.laterredufutur.com\/accueil\/sujets\/climat\/"},"img":{"alt_text":"","src":"https:\/\/i0.wp.com\/www.laterredufutur.com\/accueil\/wp-content\/uploads\/2021\/08\/la-nina-impact-amerique-du-nord-et-europe.jpg?fit=1110%2C635&ssl=1&resize=350%2C200","width":350,"height":200,"srcset":"https:\/\/i0.wp.com\/www.laterredufutur.com\/accueil\/wp-content\/uploads\/2021\/08\/la-nina-impact-amerique-du-nord-et-europe.jpg?fit=1110%2C635&ssl=1&resize=350%2C200 1x, https:\/\/i0.wp.com\/www.laterredufutur.com\/accueil\/wp-content\/uploads\/2021\/08\/la-nina-impact-amerique-du-nord-et-europe.jpg?fit=1110%2C635&ssl=1&resize=525%2C300 1.5x, https:\/\/i0.wp.com\/www.laterredufutur.com\/accueil\/wp-content\/uploads\/2021\/08\/la-nina-impact-amerique-du-nord-et-europe.jpg?fit=1110%2C635&ssl=1&resize=700%2C400 2x, https:\/\/i0.wp.com\/www.laterredufutur.com\/accueil\/wp-content\/uploads\/2021\/08\/la-nina-impact-amerique-du-nord-et-europe.jpg?fit=1110%2C635&ssl=1&resize=1050%2C600 3x"},"classes":[]}],"jetpack_sharing_enabled":true,"_links":{"self":[{"href":"https:\/\/www.laterredufutur.com\/accueil\/wp-json\/wp\/v2\/posts\/17028","targetHints":{"allow":["GET"]}}],"collection":[{"href":"https:\/\/www.laterredufutur.com\/accueil\/wp-json\/wp\/v2\/posts"}],"about":[{"href":"https:\/\/www.laterredufutur.com\/accueil\/wp-json\/wp\/v2\/types\/post"}],"author":[{"embeddable":true,"href":"https:\/\/www.laterredufutur.com\/accueil\/wp-json\/wp\/v2\/users\/1"}],"replies":[{"embeddable":true,"href":"https:\/\/www.laterredufutur.com\/accueil\/wp-json\/wp\/v2\/comments?post=17028"}],"version-history":[{"count":1,"href":"https:\/\/www.laterredufutur.com\/accueil\/wp-json\/wp\/v2\/posts\/17028\/revisions"}],"predecessor-version":[{"id":17029,"href":"https:\/\/www.laterredufutur.com\/accueil\/wp-json\/wp\/v2\/posts\/17028\/revisions\/17029"}],"wp:featuredmedia":[{"embeddable":true,"href":"https:\/\/www.laterredufutur.com\/accueil\/wp-json\/wp\/v2\/media\/16579"}],"wp:attachment":[{"href":"https:\/\/www.laterredufutur.com\/accueil\/wp-json\/wp\/v2\/media?parent=17028"}],"wp:term":[{"taxonomy":"category","embeddable":true,"href":"https:\/\/www.laterredufutur.com\/accueil\/wp-json\/wp\/v2\/categories?post=17028"},{"taxonomy":"post_tag","embeddable":true,"href":"https:\/\/www.laterredufutur.com\/accueil\/wp-json\/wp\/v2\/tags?post=17028"}],"curies":[{"name":"wp","href":"https:\/\/api.w.org\/{rel}","templated":true}]}}