{"id":16804,"date":"2018-07-29T20:00:08","date_gmt":"2018-07-29T18:00:08","guid":{"rendered":"http:\/\/www.laterredufutur.com\/accueil\/?p=16804"},"modified":"2018-07-17T10:05:57","modified_gmt":"2018-07-17T08:05:57","slug":"malgre-lalarmisme-climatique-les-niveaux-de-la-mer-a-lechelle-mondiale-ont-baisse","status":"publish","type":"post","link":"https:\/\/www.laterredufutur.com\/accueil\/malgre-lalarmisme-climatique-les-niveaux-de-la-mer-a-lechelle-mondiale-ont-baisse\/","title":{"rendered":"Malgr\u00e9 l&rsquo;alarmisme climatique, les niveaux de la mer \u00e0 l&rsquo;\u00e9chelle mondiale ont baiss\u00e9"},"content":{"rendered":"<div class=\"1665f18d14f35dd9e7566e1a8ac9a3e9\" data-index=\"1\" style=\"float: none; margin:10px 0 10px 0; text-align:center;\">\n<script async src=\"https:\/\/pagead2.googlesyndication.com\/pagead\/js\/adsbygoogle.js\"><\/script>\r\n<ins class=\"adsbygoogle\"\r\n     style=\"display:block; text-align:center;\"\r\n     data-ad-layout=\"in-article\"\r\n     data-ad-format=\"fluid\"\r\n     data-ad-client=\"ca-pub-2860849627502538\"\r\n     data-ad-slot=\"3019501113\"><\/ins>\r\n<script>\r\n     (adsbygoogle = window.adsbygoogle || []).push({});\r\n<\/script>\n<\/div>\n<p>Les m\u00e9dias sont remplis d\u2019articles alarmistes sur le \u00ab changement climatique \u00bb mais les donn\u00e9es officielles d\u00e9mentent la grande peur des \u00ab r\u00e9chauffistes \u00bb. Les statistiques les plus r\u00e9centes publi\u00e9es par la NASA \u00e0 partir d\u2019observations par satellite montrent que les niveaux des oc\u00e9ans ont chut\u00e9 de quelque 1.2 mm ces deux derni\u00e8res ann\u00e9es. Et si le niveau des oc\u00e9ans baisse, c\u2019est que les pr\u00e9visions des climatologues annon\u00e7ant l\u2019engloutissement tr\u00e8s prochain \u2013 \u00e0 l\u2019\u00e9chelle de l\u2019histoire de l\u2019humanit\u00e9 \u2013 de nombreux rivages maritimes, ne correspondent pas \u00e0 la r\u00e9alit\u00e9.<\/p>\n<p>Certes, cette baisse sur deux ans ne permet pas de pr\u00e9voir des \u00e9volutions de la situation sur le long terme. Mais \u00e0 travers ce constat, c\u2019est bien une remise en question du mod\u00e8le qui s\u2019impose. Et, chose caract\u00e9ristique, ce sont des chiffres que la grande presse ne commente point. Une discr\u00e9tion qui n\u2019est jamais \u00e0 l\u2019ordre du jour lorsqu\u2019un fait va plut\u00f4t dans le sens du r\u00e9chauffement.<\/p>\n<p>C\u2019est la NASA qui le dit : le niveau des oc\u00e9ans baisse<\/p>\n<p>Les donn\u00e9es de la NASA obtenues par satellite permettent de constater une variation somme toute minime des oc\u00e9ans sur ces 24 derni\u00e8res ann\u00e9es. En moyenne, le niveau des oc\u00e9ans a mont\u00e9 de 3,4 mm par an : l\u2019\u00e9paisseur de deux pi\u00e8ces de monnaie pos\u00e9e l\u2019une sur l\u2019autre. Mais cette lente mont\u00e9e, effectivement constat\u00e9e par l\u2019observation r\u00e9elle, semble avoir amorc\u00e9 une d\u00e9crue en 2016 et 2017, malgr\u00e9 les chutes de neige massives cet hiver.<\/p>\n<p>La mont\u00e9e des eaux au cours de ces 24 derni\u00e8res ann\u00e9es \u2013 hormis la fin de la p\u00e9riode, comme nous venons de le voir \u2013 n\u2019a pas non plus \u00e9t\u00e9 constante. Ainsi, entre 2010 et 2011 une autre baisse a \u00e9t\u00e9 constat\u00e9e selon les donn\u00e9es de la NASA.<\/p>\n<p>Remontant plus loin, le blog climatosceptique Real Science a mis en \u00e9vidence des donn\u00e9es de agence officielle am\u00e9ricaine NOAA notant que le niveau de la mer le long de la c\u00f4te est des Etats-Unis, en d\u00e9clin sur ces six derni\u00e8res ann\u00e9es, a \u2013 connu un pic aux alentours de 1950. \u00ab Il n\u2019y a pas d\u2019empreinte humaine. Pas du tout \u00bb, commente le blog.<\/p>\n<p>La NASA trafique des donn\u00e9es, mais ne peut les cacher tout \u00e0 fait<\/p><div class=\"1665f18d14f35dd9e7566e1a8ac9a3e9\" data-index=\"2\" style=\"float: none; margin:10px 0 10px 0; text-align:center;\">\n<script async src=\"https:\/\/pagead2.googlesyndication.com\/pagead\/js\/adsbygoogle.js\"><\/script>\r\n<ins class=\"adsbygoogle\"\r\n     style=\"display:block; text-align:center;\"\r\n     data-ad-layout=\"in-article\"\r\n     data-ad-format=\"fluid\"\r\n     data-ad-client=\"ca-pub-2860849627502538\"\r\n     data-ad-slot=\"3019501113\"><\/ins>\r\n<script>\r\n     (adsbygoogle = window.adsbygoogle || []).push({});\r\n<\/script>\n<\/div>\n\n<p>Peut-on faire confiance aux donn\u00e9es de la NASA et de la NOAA \u2013 m\u00eame celles-l\u00e0 \u2013 dans la mesure o\u00f9 elles sont r\u00e9guli\u00e8rement contest\u00e9es par les sceptiques \u00e0 travers des argumentations solides ? Ces agences ont \u00e9t\u00e9 plusieurs fois prises sur le fait de modification des statistiques de mani\u00e8re \u00e0 faire appara\u00eetre un r\u00e9chauffement continu, et de publications d\u00e9lib\u00e9r\u00e9ment pr\u00e9sent\u00e9es de mani\u00e8re \u00e0 tromper le public \u00e0 travers une interpr\u00e9tation fauss\u00e9e de leurs chiffres. Mais, souligne The New American, il leur arrive aussi de publier les r\u00e9sultats d\u2019\u00e9tudes et de donn\u00e9es qui contredisent la th\u00e9orie du r\u00e9chauffement climatique : ainsi, en 2015, la NASA a rendu publics r\u00e9sultats d\u2019\u00e9tudes montrant que le niveau de la glace antarctique cro\u00eet de mani\u00e8re impressionnante.<\/p>\n<p>On en arrive au point o\u00f9 m\u00eame des scientifiques de l\u2019\u00e9tablissement, tel l\u2019expert du GIEC \u2013 aujourd\u2019hui \u00e0 la retraite \u2013 le Pr Nils-Axel M\u00f6rner, d\u00e9noncent des supercheries. M\u00f6rner accusait ainsi l\u2019agence de l\u2019ONU pour le climat en 2010 de publier des erreurs connues alors m\u00eame qu\u2019il l\u2019avait clairement mise en garde. Au terme de 50 ann\u00e9es d\u2019\u00e9tudes du niveau des oc\u00e9ans en utilisant divers instruments et m\u00e9thodes de mesure, il est persuad\u00e9 quant \u00e0 lui de l\u2019absence de mont\u00e9e des niveaux et estime que si une telle mont\u00e9e devait avoir lieu au cours des 100 ann\u00e9es \u00e0 venir, elle ne d\u00e9passerait pas une dizaine de centim\u00e8tres, le niveau d\u2019incertitude \u00e9tant en l\u2019occurrence de\u2026 10 cm. Pour lui, les m\u00e9thodes du GIEC dans ce domaine sont de \u00ab tr\u00e8s pi\u00e8tre qualit\u00e9 \u00bb, les histoires sur la mont\u00e9e des eaux diffus\u00e9es dans la presse relevant d\u2019un alarmisme qui ne s\u2019appuie sur aucune donn\u00e9e r\u00e9elle, comme il l\u2019a d\u00e9clar\u00e9 au New American en 2010.<\/p>\n<p>sources : <a href=\"http:\/\/reinformation.tv\/niveau-oceans-baisse-nasa-dolhein-73048-2\/\" target=\"_blank\" rel=\"noopener\">http:\/\/reinformation.tv\/<\/a> \/ <a href=\"https:\/\/www.thenewamerican.com\/tech\/environment\/item\/26583-despite-climate-alarmism-global-sea-levels-fell-last-year\" target=\"_blank\" rel=\"noopener\">https:\/\/www.thenewamerican.com\/<\/a><\/p>\n<p class=\"bawpvc-ajax-counter\" data-id=\"16804\">(2224)<\/p>\n<!--CusAds0-->\n<div style=\"font-size: 0px; height: 0px; line-height: 0px; margin: 0; padding: 0; clear: both;\"><\/div>","protected":false},"excerpt":{"rendered":"<p>Les m\u00e9dias sont remplis d\u2019articles alarmistes sur le \u00ab changement climatique \u00bb mais les donn\u00e9es officielles d\u00e9mentent la grande peur&#8230;<\/p>\n","protected":false},"author":1,"featured_media":9117,"comment_status":"open","ping_status":"open","sticky":false,"template":"","format":"standard","meta":{"_exactmetrics_skip_tracking":false,"_exactmetrics_sitenote_active":false,"_exactmetrics_sitenote_note":"","_exactmetrics_sitenote_category":0,"ngg_post_thumbnail":0,"jetpack_post_was_ever_published":false,"_jetpack_newsletter_access":"","_jetpack_dont_email_post_to_subs":false,"_jetpack_newsletter_tier_id":0,"_jetpack_memberships_contains_paywalled_content":false,"_jetpack_memberships_contains_paid_content":false,"footnotes":"","jetpack_publicize_message":"Malgr\u00e9 l'alarmisme climatique, les niveaux de la mer \u00e0 l'\u00e9chelle mondiale ont baiss\u00e9 @laterredufutur","jetpack_publicize_feature_enabled":true,"jetpack_social_post_already_shared":true,"jetpack_social_options":{"image_generator_settings":{"template":"highway","default_image_id":0,"font":"","enabled":false},"version":2}},"categories":[20],"tags":[3384,6732,119,2190,241],"class_list":["post-16804","post","type-post","status-publish","format-standard","has-post-thumbnail","hentry","category-climat","tag-baisse","tag-de-la-mer","tag-nasa","tag-niveau","tag-ocean","wpcat-20-id"],"jetpack_publicize_connections":[],"jetpack_featured_media_url":"https:\/\/i0.wp.com\/www.laterredufutur.com\/accueil\/wp-content\/uploads\/2015\/11\/vague-eau2.jpg?fit=880%2C587&ssl=1","jetpack_shortlink":"https:\/\/wp.me\/p631RN-4n2","jetpack-related-posts":[{"id":26764,"url":"https:\/\/www.laterredufutur.com\/accueil\/un-affaissement-du-plancher-oceanique-il-y-a-15-millions-dannees-a-provoque-la-chute-du-niveau-des-mers\/","url_meta":{"origin":16804,"position":0},"title":"Un affaissement du plancher oc\u00e9anique, il y a 15 millions d&rsquo;ann\u00e9es, a provoqu\u00e9 la chute du niveau des mers","author":"Admin","date":"15 mars 2025","format":false,"excerpt":"Entre 15 et 6 millions d'ann\u00e9es, une baisse de la formation de cro\u00fbte oc\u00e9anique pourrait avoir fait baisser le niveau de la mer de 26 \u00e0 32 m\u00e8tres. Aujourd'hui, nous assistons \u00e0 une \u00e9l\u00e9vation rapide du niveau de la mer \u00e0 l'\u00e9chelle mondiale, principalement due \u00e0 la fonte des calottes\u2026","rel":"","context":"Dans &quot;Divers&quot;","block_context":{"text":"Divers","link":"https:\/\/www.laterredufutur.com\/accueil\/sujets\/divers\/"},"img":{"alt_text":"","src":"https:\/\/i0.wp.com\/www.laterredufutur.com\/accueil\/wp-content\/uploads\/2025\/03\/ocean-profond.jpg?fit=1024%2C1024&ssl=1&resize=350%2C200","width":350,"height":200,"srcset":"https:\/\/i0.wp.com\/www.laterredufutur.com\/accueil\/wp-content\/uploads\/2025\/03\/ocean-profond.jpg?fit=1024%2C1024&ssl=1&resize=350%2C200 1x, https:\/\/i0.wp.com\/www.laterredufutur.com\/accueil\/wp-content\/uploads\/2025\/03\/ocean-profond.jpg?fit=1024%2C1024&ssl=1&resize=525%2C300 1.5x, https:\/\/i0.wp.com\/www.laterredufutur.com\/accueil\/wp-content\/uploads\/2025\/03\/ocean-profond.jpg?fit=1024%2C1024&ssl=1&resize=700%2C400 2x"},"classes":[]},{"id":8903,"url":"https:\/\/www.laterredufutur.com\/accueil\/quand-le-detroit-de-bering-controlait-le-climat-mondial\/","url_meta":{"origin":16804,"position":1},"title":"Quand le d\u00e9troit de B\u00e9ring contr\u00f4lait le climat mondial","author":"Admin","date":"3 novembre 2015","format":false,"excerpt":"Comment le d\u00e9troit de B\u00e9ring, large de 80 km, a-t-il pu affecter le climat de la plan\u00e8te enti\u00e8re ? Des chercheurs am\u00e9ricains viennent de montrer qu\u2019il agissait comme un robinet qui aurait contr\u00f4l\u00e9 une partie de chutes de dominos climatiques. Le d\u00e9troit de B\u00e9ring est un exemple marquant de l\u2019influence\u2026","rel":"","context":"Dans &quot;Arch\u00e9ologie&quot;","block_context":{"text":"Arch\u00e9ologie","link":"https:\/\/www.laterredufutur.com\/accueil\/sujets\/archeologie\/"},"img":{"alt_text":"","src":"https:\/\/i0.wp.com\/www.laterredufutur.com\/accueil\/wp-content\/uploads\/2015\/10\/beringsea.jpg?fit=560%2C420&ssl=1&resize=350%2C200","width":350,"height":200,"srcset":"https:\/\/i0.wp.com\/www.laterredufutur.com\/accueil\/wp-content\/uploads\/2015\/10\/beringsea.jpg?fit=560%2C420&ssl=1&resize=350%2C200 1x, https:\/\/i0.wp.com\/www.laterredufutur.com\/accueil\/wp-content\/uploads\/2015\/10\/beringsea.jpg?fit=560%2C420&ssl=1&resize=525%2C300 1.5x"},"classes":[]},{"id":23865,"url":"https:\/\/www.laterredufutur.com\/accueil\/la-glace-de-mer-de-lantarctique-atteint-un-niveau-record\/","url_meta":{"origin":16804,"position":2},"title":"La glace de mer de l&rsquo;Antarctique atteint un niveau record","author":"Admin","date":"25 mars 2022","format":false,"excerpt":"En f\u00e9vrier 2022, la glace de mer autour de l'Antarctique a atteint l'\u00e9tendue la plus faible jamais observ\u00e9e depuis le d\u00e9but des relev\u00e9s par satellite en 1979. C'est la premi\u00e8re fois que l'on observe une diminution de la glace en dessous de 2 millions de kilom\u00e8tres carr\u00e9s. La glace de\u2026","rel":"","context":"Dans &quot;Climat&quot;","block_context":{"text":"Climat","link":"https:\/\/www.laterredufutur.com\/accueil\/sujets\/climat\/"},"img":{"alt_text":"","src":"https:\/\/i0.wp.com\/www.laterredufutur.com\/accueil\/wp-content\/uploads\/2022\/03\/glace-de-mer-antarctique-fevrier-2022.jpg?fit=1024%2C775&ssl=1&resize=350%2C200","width":350,"height":200,"srcset":"https:\/\/i0.wp.com\/www.laterredufutur.com\/accueil\/wp-content\/uploads\/2022\/03\/glace-de-mer-antarctique-fevrier-2022.jpg?fit=1024%2C775&ssl=1&resize=350%2C200 1x, https:\/\/i0.wp.com\/www.laterredufutur.com\/accueil\/wp-content\/uploads\/2022\/03\/glace-de-mer-antarctique-fevrier-2022.jpg?fit=1024%2C775&ssl=1&resize=525%2C300 1.5x, https:\/\/i0.wp.com\/www.laterredufutur.com\/accueil\/wp-content\/uploads\/2022\/03\/glace-de-mer-antarctique-fevrier-2022.jpg?fit=1024%2C775&ssl=1&resize=700%2C400 2x"},"classes":[]},{"id":16575,"url":"https:\/\/www.laterredufutur.com\/accueil\/le-plus-grand-phenomene-de-refroidissement-climatique-en-deux-ans-depuis-un-siecle\/","url_meta":{"origin":16804,"position":3},"title":"Le \u00ab plus grand ph\u00e9nom\u00e8ne de refroidissement climatique en deux ans depuis un si\u00e8cle","author":"Admin","date":"6 mai 2018","format":false,"excerpt":"Notre plan\u00e8te vient de vivre l'\u00e9v\u00e9nement de refroidissement climatique le plus extr\u00eame en deux ans depuis un si\u00e8cle. Mais o\u00f9 avez-vous vu cela dans les m\u00e9dias grand public ? Vous ne l'avez pas vu, m\u00eame si les chiffres sont assez spectaculaires. Comme le rapporte Aaron Brown ici \u00e0 Real Clear\u2026","rel":"","context":"Dans &quot;M\u00e9t\u00e9orologie&quot;","block_context":{"text":"M\u00e9t\u00e9orologie","link":"https:\/\/www.laterredufutur.com\/accueil\/sujets\/meteorologie\/"},"img":{"alt_text":"","src":"https:\/\/i0.wp.com\/www.laterredufutur.com\/accueil\/wp-content\/uploads\/2018\/02\/neige-france-fevrier2018-01.jpg?fit=1000%2C625&ssl=1&resize=350%2C200","width":350,"height":200,"srcset":"https:\/\/i0.wp.com\/www.laterredufutur.com\/accueil\/wp-content\/uploads\/2018\/02\/neige-france-fevrier2018-01.jpg?fit=1000%2C625&ssl=1&resize=350%2C200 1x, https:\/\/i0.wp.com\/www.laterredufutur.com\/accueil\/wp-content\/uploads\/2018\/02\/neige-france-fevrier2018-01.jpg?fit=1000%2C625&ssl=1&resize=525%2C300 1.5x, https:\/\/i0.wp.com\/www.laterredufutur.com\/accueil\/wp-content\/uploads\/2018\/02\/neige-france-fevrier2018-01.jpg?fit=1000%2C625&ssl=1&resize=700%2C400 2x"},"classes":[]},{"id":14771,"url":"https:\/\/www.laterredufutur.com\/accueil\/latlantique-nord-se-refroidit-plus-vite-que-prevu\/","url_meta":{"origin":16804,"position":4},"title":"L&rsquo;atlantique Nord se refroidit plus vite que pr\u00e9vu","author":"Admin","date":"16 f\u00e9vrier 2017","format":false,"excerpt":"Il y a de fortes probabilit\u00e9s pour que l'oc\u00e9an enregistre \u00e0 l\u2019avenir des baisses de temp\u00e9ratures de plusieurs degr\u00e9s. Un fort refroidissement de l'oc\u00e9an Atlantique nord, pr\u00e9vu \u00e0 long terme par les mod\u00e8les informatiques sur l'\u00e9volution du climat, a de fortes chances d'avoir lieu au cours du 21e si\u00e8cle. Il\u2026","rel":"","context":"Dans &quot;Courants Marins&quot;","block_context":{"text":"Courants Marins","link":"https:\/\/www.laterredufutur.com\/accueil\/sujets\/circulation-oceanique\/"},"img":{"alt_text":"","src":"https:\/\/i0.wp.com\/www.laterredufutur.com\/accueil\/wp-content\/uploads\/2015\/07\/gulf-stream.jpg?fit=894%2C499&ssl=1&resize=350%2C200","width":350,"height":200,"srcset":"https:\/\/i0.wp.com\/www.laterredufutur.com\/accueil\/wp-content\/uploads\/2015\/07\/gulf-stream.jpg?fit=894%2C499&ssl=1&resize=350%2C200 1x, https:\/\/i0.wp.com\/www.laterredufutur.com\/accueil\/wp-content\/uploads\/2015\/07\/gulf-stream.jpg?fit=894%2C499&ssl=1&resize=525%2C300 1.5x, https:\/\/i0.wp.com\/www.laterredufutur.com\/accueil\/wp-content\/uploads\/2015\/07\/gulf-stream.jpg?fit=894%2C499&ssl=1&resize=700%2C400 2x"},"classes":[]},{"id":25071,"url":"https:\/\/www.laterredufutur.com\/accueil\/et-si-la-perte-doxygene-dans-les-oceans-sinversait\/","url_meta":{"origin":16804,"position":5},"title":"Et si la perte d&rsquo;oxyg\u00e8ne dans les oc\u00e9ans s&rsquo;inversait ?","author":"Admin","date":"10 juillet 2023","format":false,"excerpt":"Si ce sont surtout aux arbres qu\u2019on pense lorsqu\u2019il s\u2019agit de production d\u2019oxyg\u00e8ne, il faut savoir que les oc\u00e9ans sont en fait les plus gros producteurs de ce gaz au monde. Sur ce sujet, une \u00e9tude a r\u00e9v\u00e9l\u00e9 que finalement, la perte d\u2019oxyg\u00e8ne dans les oc\u00e9ans pourrait \u00eatre r\u00e9versible, et\u2026","rel":"","context":"Dans &quot;Ecologie&quot;","block_context":{"text":"Ecologie","link":"https:\/\/www.laterredufutur.com\/accueil\/sujets\/ecologie\/"},"img":{"alt_text":"","src":"https:\/\/i0.wp.com\/www.laterredufutur.com\/accueil\/wp-content\/uploads\/2022\/01\/vague-ocean-atlantique.jpg?fit=1024%2C505&ssl=1&resize=350%2C200","width":350,"height":200,"srcset":"https:\/\/i0.wp.com\/www.laterredufutur.com\/accueil\/wp-content\/uploads\/2022\/01\/vague-ocean-atlantique.jpg?fit=1024%2C505&ssl=1&resize=350%2C200 1x, https:\/\/i0.wp.com\/www.laterredufutur.com\/accueil\/wp-content\/uploads\/2022\/01\/vague-ocean-atlantique.jpg?fit=1024%2C505&ssl=1&resize=525%2C300 1.5x, https:\/\/i0.wp.com\/www.laterredufutur.com\/accueil\/wp-content\/uploads\/2022\/01\/vague-ocean-atlantique.jpg?fit=1024%2C505&ssl=1&resize=700%2C400 2x"},"classes":[]}],"jetpack_sharing_enabled":true,"_links":{"self":[{"href":"https:\/\/www.laterredufutur.com\/accueil\/wp-json\/wp\/v2\/posts\/16804","targetHints":{"allow":["GET"]}}],"collection":[{"href":"https:\/\/www.laterredufutur.com\/accueil\/wp-json\/wp\/v2\/posts"}],"about":[{"href":"https:\/\/www.laterredufutur.com\/accueil\/wp-json\/wp\/v2\/types\/post"}],"author":[{"embeddable":true,"href":"https:\/\/www.laterredufutur.com\/accueil\/wp-json\/wp\/v2\/users\/1"}],"replies":[{"embeddable":true,"href":"https:\/\/www.laterredufutur.com\/accueil\/wp-json\/wp\/v2\/comments?post=16804"}],"version-history":[{"count":2,"href":"https:\/\/www.laterredufutur.com\/accueil\/wp-json\/wp\/v2\/posts\/16804\/revisions"}],"predecessor-version":[{"id":16806,"href":"https:\/\/www.laterredufutur.com\/accueil\/wp-json\/wp\/v2\/posts\/16804\/revisions\/16806"}],"wp:featuredmedia":[{"embeddable":true,"href":"https:\/\/www.laterredufutur.com\/accueil\/wp-json\/wp\/v2\/media\/9117"}],"wp:attachment":[{"href":"https:\/\/www.laterredufutur.com\/accueil\/wp-json\/wp\/v2\/media?parent=16804"}],"wp:term":[{"taxonomy":"category","embeddable":true,"href":"https:\/\/www.laterredufutur.com\/accueil\/wp-json\/wp\/v2\/categories?post=16804"},{"taxonomy":"post_tag","embeddable":true,"href":"https:\/\/www.laterredufutur.com\/accueil\/wp-json\/wp\/v2\/tags?post=16804"}],"curies":[{"name":"wp","href":"https:\/\/api.w.org\/{rel}","templated":true}]}}