{"id":1641,"date":"2013-11-21T23:00:00","date_gmt":"2013-11-21T22:00:00","guid":{"rendered":"http:\/\/www.laterredufutur.com\/wordpress\/?p=1641"},"modified":"2013-11-21T23:00:00","modified_gmt":"2013-11-21T22:00:00","slug":"des-centaines-de-volcans-decouverts-dans-la-mer-de-norvege","status":"publish","type":"post","link":"https:\/\/www.laterredufutur.com\/accueil\/des-centaines-de-volcans-decouverts-dans-la-mer-de-norvege\/","title":{"rendered":"Des centaines de volcans d\u00e9couverts dans la mer de Norv\u00e8ge"},"content":{"rendered":"<div class=\"1665f18d14f35dd9e7566e1a8ac9a3e9\" data-index=\"1\" style=\"float: none; margin:10px 0 10px 0; text-align:center;\">\n<script async src=\"https:\/\/pagead2.googlesyndication.com\/pagead\/js\/adsbygoogle.js\"><\/script>\r\n<ins class=\"adsbygoogle\"\r\n     style=\"display:block; text-align:center;\"\r\n     data-ad-layout=\"in-article\"\r\n     data-ad-format=\"fluid\"\r\n     data-ad-client=\"ca-pub-2860849627502538\"\r\n     data-ad-slot=\"3019501113\"><\/ins>\r\n<script>\r\n     (adsbygoogle = window.adsbygoogle || []).push({});\r\n<\/script>\n<\/div>\n<p style=\"text-align: justify;\"><span style=\"color: #000000;\"><span style=\"font-size: small;\"><img data-recalc-dims=\"1\" loading=\"lazy\" decoding=\"async\" data-attachment-id=\"1637\" data-permalink=\"https:\/\/www.laterredufutur.com\/accueil\/des-centaines-de-volcans-decouverts-dans-la-mer-de-norvege\/volcans-norvege3\/\" data-orig-file=\"https:\/\/i0.wp.com\/www.laterredufutur.com\/accueil\/wp-content\/uploads\/2013\/11\/volcans-norvege3.jpg?fit=120%2C59&amp;ssl=1\" data-orig-size=\"120,59\" data-comments-opened=\"1\" data-image-meta=\"{&quot;aperture&quot;:&quot;0&quot;,&quot;credit&quot;:&quot;&quot;,&quot;camera&quot;:&quot;&quot;,&quot;caption&quot;:&quot;&quot;,&quot;created_timestamp&quot;:&quot;0&quot;,&quot;copyright&quot;:&quot;&quot;,&quot;focal_length&quot;:&quot;0&quot;,&quot;iso&quot;:&quot;0&quot;,&quot;shutter_speed&quot;:&quot;0&quot;,&quot;title&quot;:&quot;&quot;,&quot;orientation&quot;:&quot;0&quot;}\" data-image-title=\"volcans-norvege3\" data-image-description=\"\" data-image-caption=\"\" data-large-file=\"https:\/\/i0.wp.com\/www.laterredufutur.com\/accueil\/wp-content\/uploads\/2013\/11\/volcans-norvege3.jpg?fit=120%2C59&amp;ssl=1\" class=\" alignleft size-full wp-image-1637\" src=\"https:\/\/i0.wp.com\/www.laterredufutur.com\/wordpress\/wp-content\/uploads\/2013\/11\/volcans-norvege3.jpg?resize=120%2C59\" border=\"0\" align=\"left\" width=\"120\" height=\"59\" \/>Le quotidien norv\u00e9gien Nyheter nous apprend que des chercheurs de l\u2019Universit\u00e9 de Bergen ont d\u00e9couvert des centaines de volcans dans la mer autour de la Norv\u00e8ge, le long de la dorsale atlantique entre Jan Mayen et le d\u00e9troit de Fram. Ces volcans sont \u00e0 une tr\u00e8s faible profondeur et les scientifiques norv\u00e9giens sont convaincus qu\u2019ils peuvent appara\u00eetre \u00e0 la surface de la mer \u00e0 tout moment et \u00e9ventuellement former un nouveau groupe d\u2019\u00eeles. <\/span><\/span><\/p>\n<p style=\"text-align: justify;\"><span style=\"color: #000000;\"><span style=\"font-size: small;\">   <br \/><\/span><\/span><\/p>\n<p style=\"text-align: justify;\"><span style=\"color: #000000; font-size: small;\">Cette zone active \u2013 baptis\u00e9e Loki\u2019s Castle \u2013 rec\u00e8le un grand nombre de \u00ab fumeurs \u00bb dont la temp\u00e9rature se situe autour de 300\u00b0 C. Comme souvent dans ce cas, des organismes ont colonis\u00e9 les sources chaudes. Ces \u00ab extr\u00eamophiles \u00bb sont capables de subsister dans des conditions consid\u00e9r\u00e9es comme impropres \u00e0 la vie.<\/span><\/p>\n<p style=\"text-align: justify;\"><span style=\"color: #000000;\"><span style=\"font-size: small;\"><img data-recalc-dims=\"1\" loading=\"lazy\" decoding=\"async\" data-attachment-id=\"1638\" data-permalink=\"https:\/\/www.laterredufutur.com\/accueil\/des-centaines-de-volcans-decouverts-dans-la-mer-de-norvege\/volcans-norvege\/\" data-orig-file=\"https:\/\/i0.wp.com\/www.laterredufutur.com\/accueil\/wp-content\/uploads\/2013\/11\/volcans-norvege.jpg?fit=450%2C254&amp;ssl=1\" data-orig-size=\"450,254\" data-comments-opened=\"1\" data-image-meta=\"{&quot;aperture&quot;:&quot;0&quot;,&quot;credit&quot;:&quot;&quot;,&quot;camera&quot;:&quot;&quot;,&quot;caption&quot;:&quot;&quot;,&quot;created_timestamp&quot;:&quot;0&quot;,&quot;copyright&quot;:&quot;&quot;,&quot;focal_length&quot;:&quot;0&quot;,&quot;iso&quot;:&quot;0&quot;,&quot;shutter_speed&quot;:&quot;0&quot;,&quot;title&quot;:&quot;&quot;,&quot;orientation&quot;:&quot;0&quot;}\" data-image-title=\"volcans-norvege\" data-image-description=\"\" data-image-caption=\"\" data-large-file=\"https:\/\/i0.wp.com\/www.laterredufutur.com\/accueil\/wp-content\/uploads\/2013\/11\/volcans-norvege.jpg?fit=450%2C254&amp;ssl=1\" class=\" size-full wp-image-1638\" src=\"https:\/\/i0.wp.com\/www.laterredufutur.com\/wordpress\/wp-content\/uploads\/2013\/11\/volcans-norvege.jpg?resize=450%2C254\" border=\"0\" alt=\"volcans de norvege\" width=\"450\" height=\"254\" srcset=\"https:\/\/i0.wp.com\/www.laterredufutur.com\/accueil\/wp-content\/uploads\/2013\/11\/volcans-norvege.jpg?w=450&amp;ssl=1 450w, https:\/\/i0.wp.com\/www.laterredufutur.com\/accueil\/wp-content\/uploads\/2013\/11\/volcans-norvege.jpg?resize=300%2C169&amp;ssl=1 300w\" sizes=\"auto, (max-width: 450px) 100vw, 450px\" \/><\/span><\/span><\/p>\n<p style=\"text-align: justify;\"><span style=\"color: #000000;\"><span style=\"font-size: small;\"><img data-recalc-dims=\"1\" loading=\"lazy\" decoding=\"async\" data-attachment-id=\"1639\" data-permalink=\"https:\/\/www.laterredufutur.com\/accueil\/des-centaines-de-volcans-decouverts-dans-la-mer-de-norvege\/volcans-norvege1\/\" data-orig-file=\"https:\/\/i0.wp.com\/www.laterredufutur.com\/accueil\/wp-content\/uploads\/2013\/11\/volcans-norvege1.jpg?fit=450%2C290&amp;ssl=1\" data-orig-size=\"450,290\" data-comments-opened=\"1\" data-image-meta=\"{&quot;aperture&quot;:&quot;0&quot;,&quot;credit&quot;:&quot;&quot;,&quot;camera&quot;:&quot;&quot;,&quot;caption&quot;:&quot;&quot;,&quot;created_timestamp&quot;:&quot;0&quot;,&quot;copyright&quot;:&quot;&quot;,&quot;focal_length&quot;:&quot;0&quot;,&quot;iso&quot;:&quot;0&quot;,&quot;shutter_speed&quot;:&quot;0&quot;,&quot;title&quot;:&quot;&quot;,&quot;orientation&quot;:&quot;0&quot;}\" data-image-title=\"volcans-norvege1\" data-image-description=\"\" data-image-caption=\"\" data-large-file=\"https:\/\/i0.wp.com\/www.laterredufutur.com\/accueil\/wp-content\/uploads\/2013\/11\/volcans-norvege1.jpg?fit=450%2C290&amp;ssl=1\" class=\" size-full wp-image-1639\" src=\"https:\/\/i0.wp.com\/www.laterredufutur.com\/wordpress\/wp-content\/uploads\/2013\/11\/volcans-norvege1.jpg?resize=450%2C290\" border=\"0\" alt=\"volcans de norvege\" width=\"450\" height=\"290\" srcset=\"https:\/\/i0.wp.com\/www.laterredufutur.com\/accueil\/wp-content\/uploads\/2013\/11\/volcans-norvege1.jpg?w=450&amp;ssl=1 450w, https:\/\/i0.wp.com\/www.laterredufutur.com\/accueil\/wp-content\/uploads\/2013\/11\/volcans-norvege1.jpg?resize=300%2C193&amp;ssl=1 300w\" sizes=\"auto, (max-width: 450px) 100vw, 450px\" \/><\/span><\/span><\/p><div class=\"1665f18d14f35dd9e7566e1a8ac9a3e9\" data-index=\"2\" style=\"float: none; margin:10px 0 10px 0; text-align:center;\">\n<script async src=\"https:\/\/pagead2.googlesyndication.com\/pagead\/js\/adsbygoogle.js\"><\/script>\r\n<ins class=\"adsbygoogle\"\r\n     style=\"display:block; text-align:center;\"\r\n     data-ad-layout=\"in-article\"\r\n     data-ad-format=\"fluid\"\r\n     data-ad-client=\"ca-pub-2860849627502538\"\r\n     data-ad-slot=\"3019501113\"><\/ins>\r\n<script>\r\n     (adsbygoogle = window.adsbygoogle || []).push({});\r\n<\/script>\n<\/div>\n\n<p style=\"text-align: justify;\"><span style=\"color: #000000;\"><span style=\"font-size: small;\">Une cartographie bathym\u00e9trique r\u00e9alis\u00e9e d\u00e8s 2009 par l&rsquo;universit\u00e9 norv\u00e9gienne de Bergen dans la mer de norv\u00e8ge. Ces centaines de volcans ont \u00e9t\u00e9 d\u00e9couverts le long de la dorsale atlantique, dans une zone situ\u00e9e entre Jan Mayen et le d\u00e9troit de Fran, s\u00e9parant le Groenland et l&rsquo;archipel de Svalbard longue de 1500 km :<\/span><\/span><\/p>\n<p> <script async src=\"\/\/pagead2.googlesyndication.com\/pagead\/js\/adsbygoogle.js\"><\/script> <!-- TDF2 --> <ins class=\"adsbygoogle\"      style=\"display:inline-block;width:336px;height:280px\"      data-ad-client=\"ca-pub-2860849627502538\"      data-ad-slot=\"1340140919\"><\/ins> <script> (adsbygoogle = window.adsbygoogle || []).push({}); <\/script> <\/p>\n<p style=\"text-align: justify;\"><span style=\"color: #000000;\"><span style=\"font-size: small;\"><img data-recalc-dims=\"1\" loading=\"lazy\" decoding=\"async\" data-attachment-id=\"1640\" data-permalink=\"https:\/\/www.laterredufutur.com\/accueil\/des-centaines-de-volcans-decouverts-dans-la-mer-de-norvege\/volcans-norvege2\/\" data-orig-file=\"https:\/\/i0.wp.com\/www.laterredufutur.com\/accueil\/wp-content\/uploads\/2013\/11\/volcans-norvege2.jpg?fit=450%2C450&amp;ssl=1\" data-orig-size=\"450,450\" data-comments-opened=\"1\" data-image-meta=\"{&quot;aperture&quot;:&quot;0&quot;,&quot;credit&quot;:&quot;&quot;,&quot;camera&quot;:&quot;&quot;,&quot;caption&quot;:&quot;&quot;,&quot;created_timestamp&quot;:&quot;0&quot;,&quot;copyright&quot;:&quot;&quot;,&quot;focal_length&quot;:&quot;0&quot;,&quot;iso&quot;:&quot;0&quot;,&quot;shutter_speed&quot;:&quot;0&quot;,&quot;title&quot;:&quot;&quot;,&quot;orientation&quot;:&quot;0&quot;}\" data-image-title=\"volcans-norvege2\" data-image-description=\"\" data-image-caption=\"\" data-large-file=\"https:\/\/i0.wp.com\/www.laterredufutur.com\/accueil\/wp-content\/uploads\/2013\/11\/volcans-norvege2.jpg?fit=450%2C450&amp;ssl=1\" class=\" size-full wp-image-1640\" src=\"https:\/\/i0.wp.com\/www.laterredufutur.com\/wordpress\/wp-content\/uploads\/2013\/11\/volcans-norvege2.jpg?resize=450%2C450\" border=\"0\" width=\"450\" height=\"450\" srcset=\"https:\/\/i0.wp.com\/www.laterredufutur.com\/accueil\/wp-content\/uploads\/2013\/11\/volcans-norvege2.jpg?w=450&amp;ssl=1 450w, https:\/\/i0.wp.com\/www.laterredufutur.com\/accueil\/wp-content\/uploads\/2013\/11\/volcans-norvege2.jpg?resize=150%2C150&amp;ssl=1 150w, https:\/\/i0.wp.com\/www.laterredufutur.com\/accueil\/wp-content\/uploads\/2013\/11\/volcans-norvege2.jpg?resize=300%2C300&amp;ssl=1 300w\" sizes=\"auto, (max-width: 450px) 100vw, 450px\" \/><\/span><\/span><\/p>\n<p style=\"text-align: justify;\"><span style=\"color: #000000;\"><span style=\"font-size: small;\">Selon Rolf Birger Perdersen, professeur au centre de Bergen, ces volcans pourraient percer la surface et former un nouveau groupe d&rsquo;\u00eele entre le Groenland et la Norv\u00e8ge.<\/span><\/span><\/p>\n<p style=\"text-align: justify;\"><span style=\"color: #000000;\"><span style=\"font-size: small;\">Voir Ici :\u00a0<a href=\"http:\/\/www.dagbladet.no\/2013\/08\/01\/nyheter\/innenriks\/forskning\/vulkan\/28490961\/\">http:\/\/www.dagbladet.no\/<\/a> <\/span><\/span><\/p>\n<p style=\"text-align: justify;\"><span style=\"color: #000000;\"><span style=\"font-size: small;\">sources :\u00a0http:\/\/volcans.blogs-de-voyage.fr \/\u00a0http:\/\/www.earth-of-fire.com<\/span><\/span><\/p>\n<p style=\"text-align: justify;\"><span style=\"color: #000000;\"><span style=\"font-size: small;\"><br \/><\/span><\/span><\/p>\n<p class=\"bawpvc-ajax-counter\" data-id=\"1641\">(1296)<\/p>\n<!--CusAds0-->\n<div style=\"font-size: 0px; height: 0px; line-height: 0px; margin: 0; padding: 0; clear: both;\"><\/div>","protected":false},"excerpt":{"rendered":"<p style=\"text-align: justify;\"><span style=\"color: #000000;\"><span style=\"font-size: small;\"><img loading=\"lazy\" decoding=\"async\" class=\" alignleft size-full wp-image-1637\" src=\"http:\/\/www.laterredufutur.com\/wordpress\/wp-content\/uploads\/2013\/11\/volcans-norvege3.jpg\" border=\"0\" align=\"left\" width=\"120\" height=\"59\" \/>Le quotidien norv\u00e9gien Nyheter nous apprend que des chercheurs de l\u2019Universit\u00e9 de Bergen ont d\u00e9couvert des centaines de volcans dans la mer autour de la Norv\u00e8ge, le long de la dorsale atlantique entre Jan Mayen et le d\u00e9troit de Fram. Ces volcans sont \u00e0 une tr\u00e8s faible profondeur et les scientifiques norv\u00e9giens sont convaincus qu\u2019ils peuvent appara\u00eetre \u00e0 la surface de la mer \u00e0 tout moment et \u00e9ventuellement former un nouveau groupe d\u2019\u00eeles. <\/span><\/span><\/p>\n<p style=\"text-align: justify;\"><span style=\"color: #000000;\"><span style=\"font-size: small;\"> <\/p>\n","protected":false},"author":1,"featured_media":1637,"comment_status":"open","ping_status":"open","sticky":false,"template":"","format":"standard","meta":{"_exactmetrics_skip_tracking":false,"_exactmetrics_sitenote_active":false,"_exactmetrics_sitenote_note":"","_exactmetrics_sitenote_category":0,"ngg_post_thumbnail":0,"jetpack_post_was_ever_published":false,"_jetpack_newsletter_access":"","_jetpack_dont_email_post_to_subs":false,"_jetpack_newsletter_tier_id":0,"_jetpack_memberships_contains_paywalled_content":false,"_jetpack_memberships_contains_paid_content":false,"footnotes":"","jetpack_publicize_message":"","jetpack_publicize_feature_enabled":true,"jetpack_social_post_already_shared":false,"jetpack_social_options":{"image_generator_settings":{"template":"highway","default_image_id":0,"font":"","enabled":false},"version":2}},"categories":[19],"tags":[1935,1933,1932,1934,241,721,48,49],"class_list":["post-1641","post","type-post","status-publish","format-standard","has-post-thumbnail","hentry","category-seismes-et-volcans","tag-bergen","tag-centaines-de-volcans","tag-mer-de-norvege","tag-norvege","tag-ocean","tag-ocean-atlantique","tag-volcan","tag-volcans","wpcat-19-id"],"jetpack_publicize_connections":[],"jetpack_featured_media_url":"https:\/\/i0.wp.com\/www.laterredufutur.com\/accueil\/wp-content\/uploads\/2013\/11\/volcans-norvege3.jpg?fit=120%2C59&ssl=1","jetpack_shortlink":"https:\/\/wp.me\/p631RN-qt","jetpack-related-posts":[{"id":13075,"url":"https:\/\/www.laterredufutur.com\/accueil\/les-volcans-des-profondeurs-documentaire-nature\/","url_meta":{"origin":1641,"position":0},"title":"Les Volcans Des Profondeurs [Documentaire Nature]","author":"Admin","date":"23 ao\u00fbt 2016","format":false,"excerpt":"Les fonds oc\u00e9aniques sont cartographi\u00e9s par les scientifiques pour en conna\u00eetre les reliefs. Cette exploration des abysses a r\u00e9v\u00e9l\u00e9 des profondeurs plus importantes que la hauteur de l'Everest. G\u00e9ologues et biologistes ont d\u00e9couvert d'immenses rifts volcaniques au fonds des oc\u00e9ans. Ainsi, ce travail, gr\u00e2ce \u00e0 un mat\u00e9riel de pointe qui\u2026","rel":"","context":"Dans &quot;Seismes\/Volcans&quot;","block_context":{"text":"Seismes\/Volcans","link":"https:\/\/www.laterredufutur.com\/accueil\/sujets\/seismes-et-volcans\/"},"img":{"alt_text":"volcans de norvege","src":"https:\/\/i0.wp.com\/www.laterredufutur.com\/accueil\/wp-content\/uploads\/2013\/11\/volcans-norvege1.jpg?fit=450%2C290&ssl=1&resize=350%2C200","width":350,"height":200},"classes":[]},{"id":6207,"url":"https:\/\/www.laterredufutur.com\/accueil\/les-volcans-influencent-le-climat-de-latlantique-nord\/","url_meta":{"origin":1641,"position":1},"title":"Les volcans influencent le climat de l&rsquo;Atlantique nord","author":"Admin","date":"15 mai 2015","format":false,"excerpt":"En r\u00e9fl\u00e9chissant les rayons du soleil, les particules \u00e9mises lors d\u2019\u00e9ruptions volcaniques majeures refroidissent l\u2019atmosph\u00e8re et ont un effet direct sur l'atmosph\u00e8re mais assez bref, deux \u00e0 trois ans. Pourtant, elles modifient pendant plus de 20 ans la circulation oc\u00e9anique de l\u2019Atlantique nord, laquelle module le climat europ\u00e9en. C\u2019est ce\u2026","rel":"","context":"Dans &quot;Climat&quot;","block_context":{"text":"Climat","link":"https:\/\/www.laterredufutur.com\/accueil\/sujets\/climat\/"},"img":{"alt_text":"","src":"https:\/\/i0.wp.com\/www.laterredufutur.com\/accueil\/wp-content\/uploads\/2015\/04\/Eruption-Volcan-Calbuco.jpg?fit=770%2C433&ssl=1&resize=350%2C200","width":350,"height":200,"srcset":"https:\/\/i0.wp.com\/www.laterredufutur.com\/accueil\/wp-content\/uploads\/2015\/04\/Eruption-Volcan-Calbuco.jpg?fit=770%2C433&ssl=1&resize=350%2C200 1x, https:\/\/i0.wp.com\/www.laterredufutur.com\/accueil\/wp-content\/uploads\/2015\/04\/Eruption-Volcan-Calbuco.jpg?fit=770%2C433&ssl=1&resize=525%2C300 1.5x, https:\/\/i0.wp.com\/www.laterredufutur.com\/accueil\/wp-content\/uploads\/2015\/04\/Eruption-Volcan-Calbuco.jpg?fit=770%2C433&ssl=1&resize=700%2C400 2x"},"classes":[]},{"id":19245,"url":"https:\/\/www.laterredufutur.com\/accueil\/et-si-les-tsunamis-etaient-plus-frequents-dans-latlantique-nord-que-nous-le-pensions-jusqua-aujourdhui\/","url_meta":{"origin":1641,"position":2},"title":"Et si les tsunamis \u00e9taient plus fr\u00e9quents dans l&rsquo;Atlantique Nord que nous le pensions jusqu&rsquo;\u00e0 aujourd&rsquo;hui ?","author":"Admin","date":"4 juin 2019","format":false,"excerpt":"C'est ce qu'on peut lire dans le Sun Ecosse ce qui suit : Les scientifiques craignent que les tsunamis et ces vagues meurtri\u00e8res soient \"plus communs\" qu'on ne le pensait. Les vagues g\u00e9antes et meurtri\u00e8res dans l\u2019Atlantique Nord repr\u00e9sentent un risque plus grand pour la vie britannique que tout le\u2026","rel":"","context":"Dans &quot;Arch\u00e9ologie&quot;","block_context":{"text":"Arch\u00e9ologie","link":"https:\/\/www.laterredufutur.com\/accueil\/sujets\/archeologie\/"},"img":{"alt_text":"","src":"https:\/\/i0.wp.com\/www.laterredufutur.com\/accueil\/wp-content\/uploads\/2019\/06\/tsunami-ecosse-archeologie1.jpg?fit=750%2C500&ssl=1&resize=350%2C200","width":350,"height":200,"srcset":"https:\/\/i0.wp.com\/www.laterredufutur.com\/accueil\/wp-content\/uploads\/2019\/06\/tsunami-ecosse-archeologie1.jpg?fit=750%2C500&ssl=1&resize=350%2C200 1x, https:\/\/i0.wp.com\/www.laterredufutur.com\/accueil\/wp-content\/uploads\/2019\/06\/tsunami-ecosse-archeologie1.jpg?fit=750%2C500&ssl=1&resize=525%2C300 1.5x, https:\/\/i0.wp.com\/www.laterredufutur.com\/accueil\/wp-content\/uploads\/2019\/06\/tsunami-ecosse-archeologie1.jpg?fit=750%2C500&ssl=1&resize=700%2C400 2x"},"classes":[]},{"id":20951,"url":"https:\/\/www.laterredufutur.com\/accueil\/un-volcan-eteint-decouvert-par-hasard-dans-la-mer-du-nord\/","url_meta":{"origin":1641,"position":3},"title":"Un volcan \u00e9teint d\u00e9couvert par hasard dans la mer du Nord","author":"Admin","date":"26 juin 2020","format":false,"excerpt":"Des g\u00e9ologues ont d\u00e9couvert un volcan dans la mer du Nord, dans une zone \u00e0 100 kilom\u00e8tres au nord-ouest de Texel, la plus grande \u00eele des Wadden aux Pays-Bas. Il a \u00e9t\u00e9 d\u00e9couvert par hasard par le service g\u00e9ologique n\u00e9erlandais (GDN). Le volcan \u00e9teint, enfoui \u00e0 3 kilom\u00e8tres de profondeur,\u2026","rel":"","context":"Dans &quot;Seismes\/Volcans&quot;","block_context":{"text":"Seismes\/Volcans","link":"https:\/\/www.laterredufutur.com\/accueil\/sujets\/seismes-et-volcans\/"},"img":{"alt_text":"","src":"https:\/\/i0.wp.com\/www.laterredufutur.com\/accueil\/wp-content\/uploads\/2020\/05\/volcan-mulciber.jpg?fit=1200%2C659&ssl=1&resize=350%2C200","width":350,"height":200,"srcset":"https:\/\/i0.wp.com\/www.laterredufutur.com\/accueil\/wp-content\/uploads\/2020\/05\/volcan-mulciber.jpg?fit=1200%2C659&ssl=1&resize=350%2C200 1x, https:\/\/i0.wp.com\/www.laterredufutur.com\/accueil\/wp-content\/uploads\/2020\/05\/volcan-mulciber.jpg?fit=1200%2C659&ssl=1&resize=525%2C300 1.5x, https:\/\/i0.wp.com\/www.laterredufutur.com\/accueil\/wp-content\/uploads\/2020\/05\/volcan-mulciber.jpg?fit=1200%2C659&ssl=1&resize=700%2C400 2x, https:\/\/i0.wp.com\/www.laterredufutur.com\/accueil\/wp-content\/uploads\/2020\/05\/volcan-mulciber.jpg?fit=1200%2C659&ssl=1&resize=1050%2C600 3x"},"classes":[]},{"id":15464,"url":"https:\/\/www.laterredufutur.com\/accueil\/ocean-atlantique-un-mega-tsunami-du-passe-pourrait-il-se-reproduire\/","url_meta":{"origin":1641,"position":4},"title":"Oc\u00e9an Atlantique : un m\u00e9ga-tsunami du pass\u00e9 pourrait-il se reproduire ?","author":"Admin","date":"12 juillet 2017","format":false,"excerpt":"Des g\u00e9ophysiciens ont trouv\u00e9 les indices d'une catastrophe majeure dans l'archipel du Cap Vert. Une vague de 240 m\u00e8tres de haut aurait submerg\u00e9 l'\u00eele de Santiago il y a 73000 ans. Fogo, l'une des plus grandes \u00eeles volcaniques au monde, pourrait-elle un jour submerger l'Afrique occidentale en engendrant un m\u00e9ga-tsunami\u2026","rel":"","context":"Dans &quot;Seismes\/Volcans&quot;","block_context":{"text":"Seismes\/Volcans","link":"https:\/\/www.laterredufutur.com\/accueil\/sujets\/seismes-et-volcans\/"},"img":{"alt_text":"","src":"https:\/\/i0.wp.com\/www.laterredufutur.com\/accueil\/wp-content\/uploads\/2017\/06\/volcan-de-fogo.jpg?fit=1000%2C482&ssl=1&resize=350%2C200","width":350,"height":200,"srcset":"https:\/\/i0.wp.com\/www.laterredufutur.com\/accueil\/wp-content\/uploads\/2017\/06\/volcan-de-fogo.jpg?fit=1000%2C482&ssl=1&resize=350%2C200 1x, https:\/\/i0.wp.com\/www.laterredufutur.com\/accueil\/wp-content\/uploads\/2017\/06\/volcan-de-fogo.jpg?fit=1000%2C482&ssl=1&resize=525%2C300 1.5x, https:\/\/i0.wp.com\/www.laterredufutur.com\/accueil\/wp-content\/uploads\/2017\/06\/volcan-de-fogo.jpg?fit=1000%2C482&ssl=1&resize=700%2C400 2x"},"classes":[]},{"id":3676,"url":"https:\/\/www.laterredufutur.com\/accueil\/le-rechauffement-global-accelere-lavancee-des-glaciers\/","url_meta":{"origin":1641,"position":5},"title":"Le r\u00e9chauffement global acc\u00e9l\u00e8re l&rsquo;avanc\u00e9e des glaciers","author":"Admin","date":"1 octobre 2006","format":false,"excerpt":"Voici une nouvelle \u00e9tude qui d\u00e9montre que le r\u00e9chauffement global ne sera vraiment pas celui attendu. Pendant que l'on stipule que les glaciers reculent, ici on vient de d\u00e9couvrir que des glaciers avancent dans l'Himalaya. Dans le m\u00eame temps, voici une liste importante des glaciers principaux qui avancent dans le\u2026","rel":"","context":"Dans &quot;Climat&quot;","block_context":{"text":"Climat","link":"https:\/\/www.laterredufutur.com\/accueil\/sujets\/climat\/"},"img":{"alt_text":"","src":"https:\/\/i0.wp.com\/www.laterredufutur.com\/accueil\/wp-content\/uploads\/2015\/04\/glaciers.gif?fit=200%2C265&ssl=1&resize=350%2C200","width":350,"height":200},"classes":[]}],"jetpack_sharing_enabled":true,"_links":{"self":[{"href":"https:\/\/www.laterredufutur.com\/accueil\/wp-json\/wp\/v2\/posts\/1641","targetHints":{"allow":["GET"]}}],"collection":[{"href":"https:\/\/www.laterredufutur.com\/accueil\/wp-json\/wp\/v2\/posts"}],"about":[{"href":"https:\/\/www.laterredufutur.com\/accueil\/wp-json\/wp\/v2\/types\/post"}],"author":[{"embeddable":true,"href":"https:\/\/www.laterredufutur.com\/accueil\/wp-json\/wp\/v2\/users\/1"}],"replies":[{"embeddable":true,"href":"https:\/\/www.laterredufutur.com\/accueil\/wp-json\/wp\/v2\/comments?post=1641"}],"version-history":[{"count":0,"href":"https:\/\/www.laterredufutur.com\/accueil\/wp-json\/wp\/v2\/posts\/1641\/revisions"}],"wp:featuredmedia":[{"embeddable":true,"href":"https:\/\/www.laterredufutur.com\/accueil\/wp-json\/wp\/v2\/media\/1637"}],"wp:attachment":[{"href":"https:\/\/www.laterredufutur.com\/accueil\/wp-json\/wp\/v2\/media?parent=1641"}],"wp:term":[{"taxonomy":"category","embeddable":true,"href":"https:\/\/www.laterredufutur.com\/accueil\/wp-json\/wp\/v2\/categories?post=1641"},{"taxonomy":"post_tag","embeddable":true,"href":"https:\/\/www.laterredufutur.com\/accueil\/wp-json\/wp\/v2\/tags?post=1641"}],"curies":[{"name":"wp","href":"https:\/\/api.w.org\/{rel}","templated":true}]}}