{"id":16115,"date":"2017-12-17T20:00:08","date_gmt":"2017-12-17T19:00:08","guid":{"rendered":"http:\/\/www.laterredufutur.com\/accueil\/?p=16115"},"modified":"2017-12-17T20:25:11","modified_gmt":"2017-12-17T19:25:11","slug":"mais-a-appartient-la-lune","status":"publish","type":"post","link":"https:\/\/www.laterredufutur.com\/accueil\/mais-a-appartient-la-lune\/","title":{"rendered":"Mais \u00e0 qui appartient la Lune ?"},"content":{"rendered":"<div class=\"1665f18d14f35dd9e7566e1a8ac9a3e9\" data-index=\"1\" style=\"float: none; margin:10px 0 10px 0; text-align:center;\">\n<script async src=\"https:\/\/pagead2.googlesyndication.com\/pagead\/js\/adsbygoogle.js\"><\/script>\r\n<ins class=\"adsbygoogle\"\r\n     style=\"display:block; text-align:center;\"\r\n     data-ad-layout=\"in-article\"\r\n     data-ad-format=\"fluid\"\r\n     data-ad-client=\"ca-pub-2860849627502538\"\r\n     data-ad-slot=\"3019501113\"><\/ins>\r\n<script>\r\n     (adsbygoogle = window.adsbygoogle || []).push({});\r\n<\/script>\n<\/div>\n<p>\u00c0 l\u2019heure o\u00f9 Donald Trump relance la conqu\u00eate spatiale des \u00c9tats-Unis, que des entreprises souhaitent installer des bases lunaires pour des voyages touristiques, le satellite de la Terre attire de plus en plus les convoitises. Mais une question se pose, \u00e0 qui appartient la Lune ?<\/p>\n<p>Lundi 11 d\u00e9cembre 2017, le pr\u00e9sident am\u00e9ricain Donald Trump a annonc\u00e9 la volont\u00e9 des \u00c9tats-Unis de renvoyer des hommes vers la Lune. \u00ab\u00a0Cette fois, il ne s&rsquo;agira pas seulement de planter notre drapeau et de laisser notre empreinte\u00a0\u00bb, a pr\u00e9venu d&#8217;embl\u00e9e le chef d\u2019\u00c9tat. En effet, l\u2019id\u00e9e est de pouvoir installer des bases lunaires permettant de pr\u00e9parer des missions habit\u00e9es vers Mars.<\/p>\n<p>Mais les Etats-Unis ne sont pas les seuls. Le Japon, la Chine, la Cor\u00e9e du Sud et la Russie vont aussi dans les ann\u00e9es \u00e0 venir organis\u00e9s des missions vers la Lune. Des entreprises comme Space X, cr\u00e9\u00e9e par le patron de Tesla Elon Musk, ou encore Blue Origin, b\u00e9b\u00e9 du PDG d\u2019Amazon Jeff Bezos, souhaitent elles aussi installer des bases pour permettre des voyages touristiques vers la Lune.<\/p>\n<p>Des missions qui posent plusieurs questions : \u00e0 qui appartient la Lune ? Un Etat ou une entreprise peuvent-ils se l&rsquo;approprier ? N&rsquo;importe quelle entit\u00e9 peut-elle s&rsquo;y octroyer des terrains ? Son exploitation est-elle autoris\u00e9e ? La Lune est-elle \u00e0 tout le monde ?<\/p>\n<p>La Lune appartient \u00e0 tout le monde\u2026 sur le papier<\/p>\n<p>Retour dans les ann\u00e9es 1960. Alors que les Etats-Unis se lancent t\u00eate baiss\u00e9e dans la conqu\u00eate spatiale, la communaut\u00e9 internationale s&rsquo;interroge pour encadrer cette folle course. Des discussions qui aboutissent \u00e0 la signature, sous l&rsquo;\u00e9gide de l&rsquo;Onu, le 27 janvier 1967, les bases avec la signature le 27 janvier 1967 par une majorit\u00e9 d\u2019Etat du Trait\u00e9 de l\u2019Espace. Dans son article II, ce trait\u00e9 apporte une non-r\u00e9ponse : \u00ab\u00a0L\u2019espace extra-atmosph\u00e9rique, y compris la Lune et les autres corps c\u00e9lestes, ne peut faire l\u2019objet d\u2019appropriation nationale par proclamation de souverainet\u00e9, ni par voie d\u2019utilisation ou d\u2019occupation, ni par aucun autre moyen\u00a0\u00bb, peut-on lire.<\/p>\n<p>En somme, la Lune n\u2019appartient \u00e0 aucun Etat ou, d\u2019un autre point de vue, elle appartient \u00e0 toute la communaut\u00e9 internationale. Ce trait\u00e9 de l\u2019Espace insiste aussi sur le caract\u00e8re pacifi\u00e9 que doit garder la Lune. L\u2019article 4 interdit l\u2019utilisation d\u2019armes nucl\u00e9aires ou de destructions massives depuis la Lune.<\/p><div class=\"1665f18d14f35dd9e7566e1a8ac9a3e9\" data-index=\"2\" style=\"float: none; margin:10px 0 10px 0; text-align:center;\">\n<script async src=\"https:\/\/pagead2.googlesyndication.com\/pagead\/js\/adsbygoogle.js\"><\/script>\r\n<ins class=\"adsbygoogle\"\r\n     style=\"display:block; text-align:center;\"\r\n     data-ad-layout=\"in-article\"\r\n     data-ad-format=\"fluid\"\r\n     data-ad-client=\"ca-pub-2860849627502538\"\r\n     data-ad-slot=\"3019501113\"><\/ins>\r\n<script>\r\n     (adsbygoogle = window.adsbygoogle || []).push({});\r\n<\/script>\n<\/div>\n\n<p>Quid de l\u2019exploitation des ressources lunaires ?<\/p>\n<p>En 1979, la communaut\u00e9 internationale veut un nouveau trait\u00e9 pour r\u00e9glementer plus strictement la question de l&rsquo;exploitation des ressources de notre satellite. Dans ce nouveau texte, les Etats s\u2019autorisent \u00e0 exploiter les ressources de la Lune. L&rsquo;article 4 apporte une contrainte : elle devra se faire \u00ab\u00a0au b\u00e9n\u00e9fice et dans les int\u00e9r\u00eats de tous les pays\u00a0\u00bb. Contrairement au Trait\u00e9 de l\u2019Espace de 1967, celui-ci n\u2019aura pas l\u2019effet escompt\u00e9. Il ne sera sign\u00e9 que par 15 pays dont la France et l\u2019Inde, et aucun leader dans la conqu\u00eate de l&rsquo;espace. Ces derniers &#8211; Etats-Unis, Chine, Russie ou Japon &#8211; ont en effet en t\u00eate des projets d&rsquo;exploitation de ressources lunaires pour leur propre compte. Au premier rang desquels l\u2019h\u00e9lium-3, qui pourrait devenir un supercarburant pour les fus\u00e9es allant vers Mars, ou son eau.<\/p>\n<p>En 2015, les Etats-Unis ont exploit\u00e9 unilat\u00e9ralement le vide juridique autour de l\u2019exploitation de la Lune. Le Congr\u00e8s am\u00e9ricain a vot\u00e9 le SPACE Act qui affirme que les \u00ab\u00a0citoyens am\u00e9ricains peuvent entreprendre l\u2019exploration et l\u2019exploitation commerciale des ressources spatiales\u00a0\u00bb comme l\u2019eau et les min\u00e9raux. Une d\u00e9cision qui laisse la porte grande ouverte pour des entreprises comme Space X, Blue Origin ou encore Virgin. Pour \u00e9viter toute violation du Trait\u00e9 international de l\u2019Espace de 1967, les s\u00e9nateurs prennent bien soin de pr\u00e9ciser qu&rsquo;ils \u00ab\u00a0n&rsquo;affirment pas leur souverainet\u00e9, r\u00e8gne ou droits exclusif ou prioritaire, ni la possession, d&rsquo;aucun corps c\u00e9leste\u00a0\u00bb, peut-on lire.<\/p>\n<p>Comme vous l\u2019avez compris, le grand nombre d\u2019accords bilat\u00e9raux, de r\u00e9glementations, de Trait\u00e9 et de textes de loi rend la r\u00e9ponse \u00e0 la question \u00ab\u00a0\u00e0 qui appartient la Lune ?\u00a0\u00bb tr\u00e8s difficile. Sur le principe, la Lune n\u2019appartient \u00e0 personne. Dans les faits, l\u2019\u00e9volution de la conqu\u00eate spatiale et le peu de cadre juridique a toutes les chances de conduire \u00e0 une concurrence f\u00e9roce entre grands groupes priv\u00e9s et Etats pour l&rsquo;obtention de la moindre concession.<\/p>\n<p>extrait et source <a href=\"https:\/\/www.lci.fr\/international\/conquete-spatiale-mais-a-qui-donc-appartient-la-lune-moon-etats-unis-japon-russie-chine-space-x-musk-bezos-2073157.html\" target=\"_blank\" rel=\"noopener\">https:\/\/www.lci.fr\/<\/a><\/p>\n<p class=\"bawpvc-ajax-counter\" data-id=\"16115\">(475)<\/p>\n<!--CusAds0-->\n<div style=\"font-size: 0px; height: 0px; line-height: 0px; margin: 0; padding: 0; clear: both;\"><\/div>","protected":false},"excerpt":{"rendered":"<p>\u00c0 l\u2019heure o\u00f9 Donald Trump relance la conqu\u00eate spatiale des \u00c9tats-Unis, que des entreprises souhaitent installer des bases lunaires pour&#8230;<\/p>\n","protected":false},"author":1,"featured_media":13725,"comment_status":"open","ping_status":"open","sticky":false,"template":"","format":"standard","meta":{"_exactmetrics_skip_tracking":false,"_exactmetrics_sitenote_active":false,"_exactmetrics_sitenote_note":"","_exactmetrics_sitenote_category":0,"ngg_post_thumbnail":0,"jetpack_post_was_ever_published":false,"_jetpack_newsletter_access":"","_jetpack_dont_email_post_to_subs":false,"_jetpack_newsletter_tier_id":0,"_jetpack_memberships_contains_paywalled_content":false,"_jetpack_memberships_contains_paid_content":false,"footnotes":"","jetpack_publicize_message":"Mais \u00e0 appartient la Lune ? @laterredufutur","jetpack_publicize_feature_enabled":true,"jetpack_social_post_already_shared":true,"jetpack_social_options":{"image_generator_settings":{"template":"highway","default_image_id":0,"font":"","enabled":false},"version":2}},"categories":[22],"tags":[609,6569,122,844,259],"class_list":["post-16115","post","type-post","status-publish","format-standard","has-post-thumbnail","hentry","category-espace","tag-exploration","tag-hellium-3","tag-lune","tag-societe","tag-usa","wpcat-22-id"],"jetpack_publicize_connections":[],"jetpack_featured_media_url":"https:\/\/i0.wp.com\/www.laterredufutur.com\/accueil\/wp-content\/uploads\/2016\/10\/lune-2.jpg?fit=900%2C600&ssl=1","jetpack_shortlink":"https:\/\/wp.me\/p631RN-4bV","jetpack-related-posts":[{"id":18706,"url":"https:\/\/www.laterredufutur.com\/accueil\/donald-trump-exige-un-retour-sur-la-lune-pour-2024\/","url_meta":{"origin":16115,"position":0},"title":"Donald Trump exige un retour sur la Lune pour 2024","author":"Admin","date":"27 mars 2019","format":false,"excerpt":"Le vice-pr\u00e9sident Mike Pence a fait passer le message, alors que le calendrier actuel tablait sur une mission en 2028. Agac\u00e9 par la lenteur et l'\u00ab inertie bureaucratique \u00bb de la Nasa, le gouvernement de Donald Trump a annonc\u00e9 mardi une acc\u00e9l\u00e9ration du retour d\u2019astronautes am\u00e9ricains sur la Lune, de\u2026","rel":"","context":"Dans &quot;Espace&quot;","block_context":{"text":"Espace","link":"https:\/\/www.laterredufutur.com\/accueil\/sujets\/espace\/"},"img":{"alt_text":"","src":"https:\/\/i0.wp.com\/www.laterredufutur.com\/accueil\/wp-content\/uploads\/2019\/03\/trump-lune.jpeg?fit=720%2C514&ssl=1&resize=350%2C200","width":350,"height":200,"srcset":"https:\/\/i0.wp.com\/www.laterredufutur.com\/accueil\/wp-content\/uploads\/2019\/03\/trump-lune.jpeg?fit=720%2C514&ssl=1&resize=350%2C200 1x, https:\/\/i0.wp.com\/www.laterredufutur.com\/accueil\/wp-content\/uploads\/2019\/03\/trump-lune.jpeg?fit=720%2C514&ssl=1&resize=525%2C300 1.5x, https:\/\/i0.wp.com\/www.laterredufutur.com\/accueil\/wp-content\/uploads\/2019\/03\/trump-lune.jpeg?fit=720%2C514&ssl=1&resize=700%2C400 2x"},"classes":[]},{"id":19233,"url":"https:\/\/www.laterredufutur.com\/accueil\/la-nasa-envisage-denvoyer-du-materiel-sur-la-lune-a-partir-de-2020\/","url_meta":{"origin":16115,"position":1},"title":"La NASA envisage d&rsquo;envoyer du mat\u00e9riel sur la Lune \u00e0 partir de 2020","author":"Admin","date":"9 juillet 2019","format":false,"excerpt":"Ce mois ci, nous f\u00eatons les 50 ans, du premier homme sur la Lune, et jamais l'ambition de l'humanit\u00e9 est revenue autant sur la sc\u00e8ne pour y retourner. Pour la premi\u00e8re fois depuis les ann\u00e9es 1970, les \u00c9tats-Unis pr\u00e9voient d\u2019envoyer du mat\u00e9riel \u00e0 la surface de la Lune en 2020\u2026","rel":"","context":"Dans &quot;Espace&quot;","block_context":{"text":"Espace","link":"https:\/\/www.laterredufutur.com\/accueil\/sujets\/espace\/"},"img":{"alt_text":"","src":"https:\/\/i0.wp.com\/www.laterredufutur.com\/accueil\/wp-content\/uploads\/2019\/06\/artemis-2024.jpg?fit=1200%2C689&ssl=1&resize=350%2C200","width":350,"height":200,"srcset":"https:\/\/i0.wp.com\/www.laterredufutur.com\/accueil\/wp-content\/uploads\/2019\/06\/artemis-2024.jpg?fit=1200%2C689&ssl=1&resize=350%2C200 1x, https:\/\/i0.wp.com\/www.laterredufutur.com\/accueil\/wp-content\/uploads\/2019\/06\/artemis-2024.jpg?fit=1200%2C689&ssl=1&resize=525%2C300 1.5x, https:\/\/i0.wp.com\/www.laterredufutur.com\/accueil\/wp-content\/uploads\/2019\/06\/artemis-2024.jpg?fit=1200%2C689&ssl=1&resize=700%2C400 2x, https:\/\/i0.wp.com\/www.laterredufutur.com\/accueil\/wp-content\/uploads\/2019\/06\/artemis-2024.jpg?fit=1200%2C689&ssl=1&resize=1050%2C600 3x"},"classes":[]},{"id":19378,"url":"https:\/\/www.laterredufutur.com\/accueil\/la-nasa-peut-elle-vraiment-renvoyer-des-hommes-sur-la-lune-dici-2024\/","url_meta":{"origin":16115,"position":2},"title":"La NASA peut-elle vraiment renvoyer des hommes sur la Lune d&rsquo;ici 2024 ?","author":"Admin","date":"18 ao\u00fbt 2019","format":false,"excerpt":"Donald Trump veut que les astronautes am\u00e9ricains reviennent sur la Lune. Mais son plan ambitieux se heurte \u00e0 d\u2019\u00e9normes d\u00e9fis politiques, financiers et techniques. Cinq d\u00e9cennies apr\u00e8s avoir envoy\u00e9 des hommes sur la Lune, la NASA est charg\u00e9e de r\u00e9p\u00e9ter cet exploit - et ce, d'ici 2024, la date butoir\u2026","rel":"","context":"Dans &quot;Espace&quot;","block_context":{"text":"Espace","link":"https:\/\/www.laterredufutur.com\/accueil\/sujets\/espace\/"},"img":{"alt_text":"","src":"https:\/\/i0.wp.com\/www.laterredufutur.com\/accueil\/wp-content\/uploads\/2019\/07\/homme-lune-1972.jpg?fit=800%2C640&ssl=1&resize=350%2C200","width":350,"height":200,"srcset":"https:\/\/i0.wp.com\/www.laterredufutur.com\/accueil\/wp-content\/uploads\/2019\/07\/homme-lune-1972.jpg?fit=800%2C640&ssl=1&resize=350%2C200 1x, https:\/\/i0.wp.com\/www.laterredufutur.com\/accueil\/wp-content\/uploads\/2019\/07\/homme-lune-1972.jpg?fit=800%2C640&ssl=1&resize=525%2C300 1.5x, https:\/\/i0.wp.com\/www.laterredufutur.com\/accueil\/wp-content\/uploads\/2019\/07\/homme-lune-1972.jpg?fit=800%2C640&ssl=1&resize=700%2C400 2x"},"classes":[]},{"id":27824,"url":"https:\/\/www.laterredufutur.com\/accueil\/lambition-de-la-nasa-change-de-categorie\/","url_meta":{"origin":16115,"position":3},"title":"L&rsquo;ambition de la Nasa change de cat\u00e9gorie","author":"Admin","date":"28 mars 2026","format":false,"excerpt":"La NASA annonce des projets spatiaux \u00ab quasi impossibles \u00bb, dont une base lunaire de 20 milliards de dollars et le premier vaisseau spatial interplan\u00e9taire \u00e0 propulsion nucl\u00e9aire de l'humanit\u00e9. La station spatiale lunaire Gateway de la NASA ne sera pas lanc\u00e9e l'ann\u00e9e prochaine, suite aux nouveaux changements apport\u00e9s au\u2026","rel":"","context":"Dans &quot;Espace&quot;","block_context":{"text":"Espace","link":"https:\/\/www.laterredufutur.com\/accueil\/sujets\/espace\/"},"img":{"alt_text":"(Cr\u00e9dit photo : NASA)","src":"https:\/\/i0.wp.com\/www.laterredufutur.com\/accueil\/wp-content\/uploads\/2026\/03\/base-lunaire.webp?fit=650%2C366&ssl=1&resize=350%2C200","width":350,"height":200,"srcset":"https:\/\/i0.wp.com\/www.laterredufutur.com\/accueil\/wp-content\/uploads\/2026\/03\/base-lunaire.webp?fit=650%2C366&ssl=1&resize=350%2C200 1x, https:\/\/i0.wp.com\/www.laterredufutur.com\/accueil\/wp-content\/uploads\/2026\/03\/base-lunaire.webp?fit=650%2C366&ssl=1&resize=525%2C300 1.5x"},"classes":[]},{"id":18465,"url":"https:\/\/www.laterredufutur.com\/accueil\/etats-unis-trump-signe-la-directive-etablissant-la-space-force-cette-fois-nous-allons-sur-la-lune-pour-y-rester\/","url_meta":{"origin":16115,"position":4},"title":"Etats-Unis, Trump signe la directive \u00e9tablissant la \u00ab\u00a0Space force\u00a0\u00bb: \u00ab\u00a0cette fois, nous allons sur la lune pour y rester","author":"Admin","date":"19 f\u00e9vrier 2019","format":false,"excerpt":"Espace : Donald Trump a sign\u00e9 la directive \u00e9tablissant la Force Spatiale. Synergie avec la NASA: \"nous devons retourner sur la lune, cette fois pour y rester\" Donald Trump a sign\u00e9 une directive ordonnant au minist\u00e8re de la D\u00e9fense de cr\u00e9er la Space Force, le sixi\u00e8me corps des forces arm\u00e9es\u2026","rel":"","context":"Dans &quot;Espace&quot;","block_context":{"text":"Espace","link":"https:\/\/www.laterredufutur.com\/accueil\/sujets\/espace\/"},"img":{"alt_text":"","src":"https:\/\/i0.wp.com\/www.laterredufutur.com\/accueil\/wp-content\/uploads\/2019\/02\/Space-Force-espace.jpg?fit=1000%2C569&ssl=1&resize=350%2C200","width":350,"height":200,"srcset":"https:\/\/i0.wp.com\/www.laterredufutur.com\/accueil\/wp-content\/uploads\/2019\/02\/Space-Force-espace.jpg?fit=1000%2C569&ssl=1&resize=350%2C200 1x, https:\/\/i0.wp.com\/www.laterredufutur.com\/accueil\/wp-content\/uploads\/2019\/02\/Space-Force-espace.jpg?fit=1000%2C569&ssl=1&resize=525%2C300 1.5x, https:\/\/i0.wp.com\/www.laterredufutur.com\/accueil\/wp-content\/uploads\/2019\/02\/Space-Force-espace.jpg?fit=1000%2C569&ssl=1&resize=700%2C400 2x"},"classes":[]},{"id":24549,"url":"https:\/\/www.laterredufutur.com\/accueil\/artemis-1-objectif-lune\/","url_meta":{"origin":16115,"position":5},"title":"Artemis 1 : Objectif Lune","author":"Admin","date":"17 novembre 2022","format":false,"excerpt":"La fus\u00e9e a pu d\u00e9coller, mercredi 16 novembre, de Cap Canaveral en Floride pour une mission de 25 jours. Cinquante ans apr\u00e8s la derni\u00e8re mission Apollo, ce vol test non habit\u00e9, qui fera le tour de la Lune sans y atterrir, doit permettre de confirmer que le v\u00e9hicule est s\u00fbr\u2026","rel":"","context":"Dans &quot;Espace&quot;","block_context":{"text":"Espace","link":"https:\/\/www.laterredufutur.com\/accueil\/sujets\/espace\/"},"img":{"alt_text":"","src":"https:\/\/i0.wp.com\/www.laterredufutur.com\/accueil\/wp-content\/uploads\/2022\/11\/fusee-artemis.jpg?fit=1200%2C841&ssl=1&resize=350%2C200","width":350,"height":200,"srcset":"https:\/\/i0.wp.com\/www.laterredufutur.com\/accueil\/wp-content\/uploads\/2022\/11\/fusee-artemis.jpg?fit=1200%2C841&ssl=1&resize=350%2C200 1x, https:\/\/i0.wp.com\/www.laterredufutur.com\/accueil\/wp-content\/uploads\/2022\/11\/fusee-artemis.jpg?fit=1200%2C841&ssl=1&resize=525%2C300 1.5x, https:\/\/i0.wp.com\/www.laterredufutur.com\/accueil\/wp-content\/uploads\/2022\/11\/fusee-artemis.jpg?fit=1200%2C841&ssl=1&resize=700%2C400 2x, https:\/\/i0.wp.com\/www.laterredufutur.com\/accueil\/wp-content\/uploads\/2022\/11\/fusee-artemis.jpg?fit=1200%2C841&ssl=1&resize=1050%2C600 3x"},"classes":[]}],"jetpack_sharing_enabled":true,"_links":{"self":[{"href":"https:\/\/www.laterredufutur.com\/accueil\/wp-json\/wp\/v2\/posts\/16115","targetHints":{"allow":["GET"]}}],"collection":[{"href":"https:\/\/www.laterredufutur.com\/accueil\/wp-json\/wp\/v2\/posts"}],"about":[{"href":"https:\/\/www.laterredufutur.com\/accueil\/wp-json\/wp\/v2\/types\/post"}],"author":[{"embeddable":true,"href":"https:\/\/www.laterredufutur.com\/accueil\/wp-json\/wp\/v2\/users\/1"}],"replies":[{"embeddable":true,"href":"https:\/\/www.laterredufutur.com\/accueil\/wp-json\/wp\/v2\/comments?post=16115"}],"version-history":[{"count":2,"href":"https:\/\/www.laterredufutur.com\/accueil\/wp-json\/wp\/v2\/posts\/16115\/revisions"}],"predecessor-version":[{"id":16151,"href":"https:\/\/www.laterredufutur.com\/accueil\/wp-json\/wp\/v2\/posts\/16115\/revisions\/16151"}],"wp:featuredmedia":[{"embeddable":true,"href":"https:\/\/www.laterredufutur.com\/accueil\/wp-json\/wp\/v2\/media\/13725"}],"wp:attachment":[{"href":"https:\/\/www.laterredufutur.com\/accueil\/wp-json\/wp\/v2\/media?parent=16115"}],"wp:term":[{"taxonomy":"category","embeddable":true,"href":"https:\/\/www.laterredufutur.com\/accueil\/wp-json\/wp\/v2\/categories?post=16115"},{"taxonomy":"post_tag","embeddable":true,"href":"https:\/\/www.laterredufutur.com\/accueil\/wp-json\/wp\/v2\/tags?post=16115"}],"curies":[{"name":"wp","href":"https:\/\/api.w.org\/{rel}","templated":true}]}}