{"id":15815,"date":"2017-09-23T20:00:46","date_gmt":"2017-09-23T18:00:46","guid":{"rendered":"http:\/\/www.laterredufutur.com\/accueil\/?p=15815"},"modified":"2017-09-14T08:00:55","modified_gmt":"2017-09-14T06:00:55","slug":"des-habitations-avancees-de-15-000-ans-decouvertes-en-afrique","status":"publish","type":"post","link":"https:\/\/www.laterredufutur.com\/accueil\/des-habitations-avancees-de-15-000-ans-decouvertes-en-afrique\/","title":{"rendered":"Des habitations avanc\u00e9es de 15 000 ans d\u00e9couvertes en Afrique"},"content":{"rendered":"<div class=\"1665f18d14f35dd9e7566e1a8ac9a3e9\" data-index=\"1\" style=\"float: none; margin:10px 0 10px 0; text-align:center;\">\n<script async src=\"https:\/\/pagead2.googlesyndication.com\/pagead\/js\/adsbygoogle.js\"><\/script>\r\n<ins class=\"adsbygoogle\"\r\n     style=\"display:block; text-align:center;\"\r\n     data-ad-layout=\"in-article\"\r\n     data-ad-format=\"fluid\"\r\n     data-ad-client=\"ca-pub-2860849627502538\"\r\n     data-ad-slot=\"3019501113\"><\/ins>\r\n<script>\r\n     (adsbygoogle = window.adsbygoogle || []).push({});\r\n<\/script>\n<\/div>\n<p dir=\"ltr\">Des arch\u00e9ologues polonais ont d\u00e9couvert des restes de structures durables et permanentes de 15 000 ans au Soudan, en Afrique.&nbsp;Ils montrent une \u00e9tape bien plus \u00e9tablie et avanc\u00e9e du comportement humain que ce qu&rsquo;on pensait auparavant de cette \u00e9poque.<\/p>\n<p dir=\"ltr\">Ces maisons ont \u00e9t\u00e9 faites pendant l&rsquo;\u00e8re pal\u00e9olithique tardive.&nbsp;On dit g\u00e9n\u00e9ralement que certains des premiers signes de structures d&rsquo;habitations humaines apparaissent vers cette \u00e9poque en Europe, comme celles de Pincevent, en France, bien que ce soit le plus ancien du nord-est de l&rsquo;Afrique.&nbsp;De ce qui ressort de cette recherche au Soudan, c&rsquo;est qu&rsquo;il sugg\u00e8re que l&rsquo;origine de tout ceci pourrait bien \u00eatre que l\u2019origine d\u2019un tel comportement soit plus vieux que le site lui-m\u00eame, a expliqu\u00e9 l&rsquo;arch\u00e9ologue Piotr Osypinski par courrier \u00e9lectronique.<\/p>\n<p dir=\"ltr\">\u00ab\u00a0Ceux-ci ont \u00e9t\u00e9 cr\u00e9\u00e9s par des personnes qui vivent toujours d&rsquo;une mani\u00e8re tr\u00e8s ancienne, de sorte que les origines de ces comportements (cr\u00e9er des maisons, cr\u00e9er l&rsquo;espace autour de nous) pourraient \u00eatre beaucoup plus lointaines que 15 000 [ann\u00e9es]\u00a0\u00bb, a \u00e9crit Osypinski, qui travaille sur le site .&nbsp;\u00ab\u00a0Les maisons d&rsquo;habitation ont \u00e9t\u00e9 construites \u00e0 l&rsquo;\u00e9poque du pal\u00e9olithique tardif en effet, mais les personnes qui l&rsquo;ont fait \u00e9taient du Paleolithique moyen pur dans leurs strat\u00e9gies d&rsquo;adaptation, [et] les comp\u00e9tences technologiques de la production et de l&rsquo;utilisation des outils en pierre &#8211; c&rsquo;est une question tr\u00e8s importante, comme nous pouvons le faire supposons que l&rsquo;id\u00e9e de l&rsquo;organisation spatiale \u00e9tablie puisse \u00eatre enracin\u00e9e dans une \u00e9poque aussi ancienne \u00ab\u00a0.<\/p><div class=\"1665f18d14f35dd9e7566e1a8ac9a3e9\" data-index=\"2\" style=\"float: none; margin:10px 0 10px 0; text-align:center;\">\n<script async src=\"https:\/\/pagead2.googlesyndication.com\/pagead\/js\/adsbygoogle.js\"><\/script>\r\n<ins class=\"adsbygoogle\"\r\n     style=\"display:block; text-align:center;\"\r\n     data-ad-layout=\"in-article\"\r\n     data-ad-format=\"fluid\"\r\n     data-ad-client=\"ca-pub-2860849627502538\"\r\n     data-ad-slot=\"3019501113\"><\/ins>\r\n<script>\r\n     (adsbygoogle = window.adsbygoogle || []).push({});\r\n<\/script>\n<\/div>\n\n<p dir=\"ltr\">C&rsquo;est la premi\u00e8re preuve que Homo sapiens de l&rsquo;\u00e9poque \u00aba construit des maisons consid\u00e9rables, a planifi\u00e9 la distribution d&rsquo;un camp avec de diff\u00e9rentes fonctions et s&rsquo;est bien adapt\u00e9 \u00e0 l&rsquo;environnement des zones humides\u00bb, dans la vall\u00e9e du Nil, selon la publication scientifique polonaise PAP.<\/p>\n<p dir=\"ltr\">L&rsquo;environnement des zones humides \u00e9tait stable.&nbsp;Une fois que les gens se sont adapt\u00e9s aux zones humides, ils n&rsquo;auraient pas connu la m\u00eame \u00e9volution culturelle que les personnes d&rsquo;autres r\u00e9gions qui devaient s&rsquo;adapter aux facteurs climatiques changeants et environnementaux.&nbsp;<\/p>\n<p>Initialement estim\u00e9 \u00e0 70 000 ans, le site a \u00e9t\u00e9 dat\u00e9 \u00e0 15 000 ans, a d\u00e9clar\u00e9 Osypinski.&nbsp;La date a \u00e9t\u00e9 confirm\u00e9e \u00e0 l&rsquo;aide de m\u00e9thodes de luminescence stimul\u00e9es optiquement. L&rsquo;\u00e9quipe de recherche publiera les r\u00e9sultats finaux de sa recherche dans les prochains mois.&nbsp;<\/p>\n<p>Traduction et adaptation de <a href=\"http:\/\/www.laterredufutur.com\/accueil\">la Terre du Futur<\/a><\/p>\n<p>source :&nbsp;<a href=\"http:\/\/www.theepochtimes.com\/n3\/822646-15000-year-old-houses-found-in-africa-show-advanced-skills\/\" target=\"_blank\" rel=\"noopener\">http:\/\/www.theepochtimes.com\/<\/a><\/p>\n<p class=\"bawpvc-ajax-counter\" data-id=\"15815\">(907)<\/p>\n<!--CusAds0-->\n<div style=\"font-size: 0px; height: 0px; line-height: 0px; margin: 0; padding: 0; clear: both;\"><\/div>","protected":false},"excerpt":{"rendered":"<p>Des arch\u00e9ologues polonais ont d\u00e9couvert des restes de structures durables et permanentes de 15 000 ans au Soudan, en Afrique.&nbsp;Ils&#8230;<\/p>\n","protected":false},"author":1,"featured_media":15816,"comment_status":"open","ping_status":"open","sticky":false,"template":"","format":"standard","meta":{"_exactmetrics_skip_tracking":false,"_exactmetrics_sitenote_active":false,"_exactmetrics_sitenote_note":"","_exactmetrics_sitenote_category":0,"ngg_post_thumbnail":0,"jetpack_post_was_ever_published":false,"_jetpack_newsletter_access":"","_jetpack_dont_email_post_to_subs":false,"_jetpack_newsletter_tier_id":0,"_jetpack_memberships_contains_paywalled_content":false,"_jetpack_memberships_contains_paid_content":false,"footnotes":"","jetpack_publicize_message":"Des habitations avanc\u00e9es de 15 000 ans d\u00e9couvertes en Afrique @laterredufutur","jetpack_publicize_feature_enabled":true,"jetpack_social_post_already_shared":true,"jetpack_social_options":{"image_generator_settings":{"template":"highway","default_image_id":0,"font":"","enabled":false},"version":2}},"categories":[33],"tags":[2438,5095,729,6026,6514],"class_list":["post-15815","post","type-post","status-publish","format-standard","has-post-thumbnail","hentry","category-archeologie","tag-archeologie","tag-constructions","tag-humain","tag-paleolithique","tag-soudan","wpcat-33-id"],"jetpack_publicize_connections":[],"jetpack_featured_media_url":"https:\/\/i0.wp.com\/www.laterredufutur.com\/accueil\/wp-content\/uploads\/2017\/09\/construction-soudan-15000ans.jpg?fit=676%2C447&ssl=1","jetpack_shortlink":"https:\/\/wp.me\/p631RN-475","jetpack-related-posts":[{"id":16466,"url":"https:\/\/www.laterredufutur.com\/accueil\/le-plus-ancien-adn-humain-dafrique-revele-des-indices-sur-une-culture-ancienne-mysterieuse\/","url_meta":{"origin":15815,"position":0},"title":"Le plus ancien ADN humain d&rsquo;Afrique r\u00e9v\u00e8le des indices sur une culture ancienne myst\u00e9rieuse","author":"Admin","date":"8 avril 2018","format":false,"excerpt":"Les s\u00e9pultures d'une grotte au Maroc ont produit les preuves d'ADN humain les plus anciennes de l'Afrique, offrant un nouvel aper\u00e7u des migrations de l'\u00e2ge de pierre. Les \u00e9chantillons d'ADN proviennent de l'un des plus anciens cimeti\u00e8res du monde, la Grotte des Pigeons , pr\u00e8s du village de Taforalt au\u2026","rel":"","context":"Dans &quot;Arch\u00e9ologie&quot;","block_context":{"text":"Arch\u00e9ologie","link":"https:\/\/www.laterredufutur.com\/accueil\/sujets\/archeologie\/"},"img":{"alt_text":"","src":"https:\/\/i0.wp.com\/www.laterredufutur.com\/accueil\/wp-content\/uploads\/2018\/03\/Iberomaurus.jpg?fit=1200%2C839&ssl=1&resize=350%2C200","width":350,"height":200,"srcset":"https:\/\/i0.wp.com\/www.laterredufutur.com\/accueil\/wp-content\/uploads\/2018\/03\/Iberomaurus.jpg?fit=1200%2C839&ssl=1&resize=350%2C200 1x, https:\/\/i0.wp.com\/www.laterredufutur.com\/accueil\/wp-content\/uploads\/2018\/03\/Iberomaurus.jpg?fit=1200%2C839&ssl=1&resize=525%2C300 1.5x, https:\/\/i0.wp.com\/www.laterredufutur.com\/accueil\/wp-content\/uploads\/2018\/03\/Iberomaurus.jpg?fit=1200%2C839&ssl=1&resize=700%2C400 2x, https:\/\/i0.wp.com\/www.laterredufutur.com\/accueil\/wp-content\/uploads\/2018\/03\/Iberomaurus.jpg?fit=1200%2C839&ssl=1&resize=1050%2C600 3x"},"classes":[]},{"id":5634,"url":"https:\/\/www.laterredufutur.com\/accueil\/et-si-leden-avait-ete-retrouve-2eme-chapitre\/","url_meta":{"origin":15815,"position":1},"title":"Et si l&rsquo;Eden avait \u00e9t\u00e9 retrouv\u00e9 ? 2eme chapitre","author":"Admin","date":"24 d\u00e9cembre 2010","format":false,"excerpt":"Dans un article publi\u00e9 dans Current Anthropology, un arch\u00e9ologue britannique expose sa th\u00e9orie selon laquelle, d\u00e9gag\u00e9 des eaux durant une longue p\u00e9riode, le Golfe Persique aurait connu une vague de colonisation humaine au pal\u00e9olithique, fondement de la brillante civilisation n\u00e9olithique\u00a0 existant il y a 7.500 ans sur ses rivages. \"L\u00e0\u2026","rel":"","context":"Dans &quot;Arch\u00e9ologie&quot;","block_context":{"text":"Arch\u00e9ologie","link":"https:\/\/www.laterredufutur.com\/accueil\/sujets\/archeologie\/"},"img":{"alt_text":"","src":"https:\/\/i0.wp.com\/www.laterredufutur.com\/accueil\/wp-content\/uploads\/2015\/04\/golfepersique_oman.jpg?fit=490%2C327&ssl=1&resize=350%2C200","width":350,"height":200},"classes":[]},{"id":20612,"url":"https:\/\/www.laterredufutur.com\/accueil\/les-populations-humaines-ont-survecu-a-la-super-eruption-volcanique-de-toba-il-y-a-74-000-ans\/","url_meta":{"origin":15815,"position":2},"title":"Les populations humaines ont surv\u00e9cu \u00e0 la super-\u00e9ruption volcanique de Toba il y a 74 000 ans","author":"Admin","date":"19 avril 2020","format":false,"excerpt":"La super-\u00e9ruption de Toba a \u00e9t\u00e9 l'un des plus grands \u00e9v\u00e9nements volcaniques du dernier millions d'ann\u00e9es, environ 5 000 fois plus important que l'\u00e9ruption du mont Sainte-H\u00e9l\u00e8ne dans les ann\u00e9es 1980. L'\u00e9ruption s'est produite il y a 74 000 ans sur l'\u00eele de Sumatra, en Indon\u00e9sie, et aurait provoqu\u00e9 un\u2026","rel":"","context":"Dans &quot;Arch\u00e9ologie&quot;","block_context":{"text":"Arch\u00e9ologie","link":"https:\/\/www.laterredufutur.com\/accueil\/sujets\/archeologie\/"},"img":{"alt_text":"","src":"https:\/\/i0.wp.com\/www.laterredufutur.com\/accueil\/wp-content\/uploads\/2020\/03\/volcan-toba.jpg?fit=1000%2C711&ssl=1&resize=350%2C200","width":350,"height":200,"srcset":"https:\/\/i0.wp.com\/www.laterredufutur.com\/accueil\/wp-content\/uploads\/2020\/03\/volcan-toba.jpg?fit=1000%2C711&ssl=1&resize=350%2C200 1x, https:\/\/i0.wp.com\/www.laterredufutur.com\/accueil\/wp-content\/uploads\/2020\/03\/volcan-toba.jpg?fit=1000%2C711&ssl=1&resize=525%2C300 1.5x, https:\/\/i0.wp.com\/www.laterredufutur.com\/accueil\/wp-content\/uploads\/2020\/03\/volcan-toba.jpg?fit=1000%2C711&ssl=1&resize=700%2C400 2x"},"classes":[]},{"id":27288,"url":"https:\/\/www.laterredufutur.com\/accueil\/a-la-decouverte-du-sahara-vert-dans-le-desert-du-nord-du-tchad\/","url_meta":{"origin":15815,"position":3},"title":"\u00c0 la d\u00e9couverte du \u00ab Sahara vert \u00bb dans le d\u00e9sert du nord du Tchad","author":"Admin","date":"1 octobre 2025","format":false,"excerpt":"Un nuage de poussi\u00e8re s'\u00e9chappe d'un site de fouilles dans le sable du nord aride du Tchad, o\u00f9 les scientifiques recherchent des signes d'habitation humaine dans une zone autrefois humide et appel\u00e9e le \u00ab Sahara vert \u00bb. Agenouill\u00e9, arm\u00e9 d'une brosse et d'une truelle \u00e0 l'int\u00e9rieur du plus grand abri\u2026","rel":"","context":"Dans &quot;Arch\u00e9ologie&quot;","block_context":{"text":"Arch\u00e9ologie","link":"https:\/\/www.laterredufutur.com\/accueil\/sujets\/archeologie\/"},"img":{"alt_text":"","src":"https:\/\/i0.wp.com\/www.laterredufutur.com\/accueil\/wp-content\/uploads\/2025\/09\/the-natural-and-cultur.jpg?fit=1200%2C800&ssl=1&resize=350%2C200","width":350,"height":200,"srcset":"https:\/\/i0.wp.com\/www.laterredufutur.com\/accueil\/wp-content\/uploads\/2025\/09\/the-natural-and-cultur.jpg?fit=1200%2C800&ssl=1&resize=350%2C200 1x, https:\/\/i0.wp.com\/www.laterredufutur.com\/accueil\/wp-content\/uploads\/2025\/09\/the-natural-and-cultur.jpg?fit=1200%2C800&ssl=1&resize=525%2C300 1.5x, https:\/\/i0.wp.com\/www.laterredufutur.com\/accueil\/wp-content\/uploads\/2025\/09\/the-natural-and-cultur.jpg?fit=1200%2C800&ssl=1&resize=700%2C400 2x, https:\/\/i0.wp.com\/www.laterredufutur.com\/accueil\/wp-content\/uploads\/2025\/09\/the-natural-and-cultur.jpg?fit=1200%2C800&ssl=1&resize=1050%2C600 3x"},"classes":[]},{"id":24436,"url":"https:\/\/www.laterredufutur.com\/accueil\/decouvrez-letonnante-reconstruction-faciale-dune-femme-du-paleolithique-ayant-vecu-il-y-a-31-000-ans\/","url_meta":{"origin":15815,"position":4},"title":"D\u00e9couvrez l&rsquo;\u00e9tonnante reconstruction faciale d&rsquo;une femme du pal\u00e9olithique ayant v\u00e9cu il y a 31 000 ans","author":"Admin","date":"29 septembre 2022","format":false,"excerpt":"On pensait auparavant que les restes \u00e9taient de sexe masculin. En 1881, des arch\u00e9ologues ont d\u00e9terr\u00e9 le cr\u00e2ne d'un humain enterr\u00e9 \u00e0 l'int\u00e9rieur d'une grotte \u00e0 Mlade\u010d, un village de l'actuelle R\u00e9publique tch\u00e8que. \u00c0 l'\u00e9poque, les chercheurs ont dat\u00e9 le cr\u00e2ne d'environ 31 000 ans et ont class\u00e9 l'individu comme\u2026","rel":"","context":"Dans &quot;Arch\u00e9ologie&quot;","block_context":{"text":"Arch\u00e9ologie","link":"https:\/\/www.laterredufutur.com\/accueil\/sujets\/archeologie\/"},"img":{"alt_text":"","src":"https:\/\/i0.wp.com\/www.laterredufutur.com\/accueil\/wp-content\/uploads\/2022\/09\/crane-femme-du-neolithique.jpg?fit=970%2C546&ssl=1&resize=350%2C200","width":350,"height":200,"srcset":"https:\/\/i0.wp.com\/www.laterredufutur.com\/accueil\/wp-content\/uploads\/2022\/09\/crane-femme-du-neolithique.jpg?fit=970%2C546&ssl=1&resize=350%2C200 1x, https:\/\/i0.wp.com\/www.laterredufutur.com\/accueil\/wp-content\/uploads\/2022\/09\/crane-femme-du-neolithique.jpg?fit=970%2C546&ssl=1&resize=525%2C300 1.5x, https:\/\/i0.wp.com\/www.laterredufutur.com\/accueil\/wp-content\/uploads\/2022\/09\/crane-femme-du-neolithique.jpg?fit=970%2C546&ssl=1&resize=700%2C400 2x"},"classes":[]},{"id":24955,"url":"https:\/\/www.laterredufutur.com\/accueil\/decouverte-des-plus-anciennes-empreintes-de-pas-humains-en-allemagne-datees-de-300-000-ans\/","url_meta":{"origin":15815,"position":5},"title":"D\u00e9couverte des plus anciennes empreintes de pas humains en Allemagne dat\u00e9es de 300 000 ans","author":"Admin","date":"19 mai 2023","format":false,"excerpt":"Dans une \u00e9tude publi\u00e9e dans la revue Quaternary Science Reviews, une \u00e9quipe de recherche internationale dirig\u00e9e par des scientifiques de l'universit\u00e9 de T\u00fcbingen et du Senckenberg Center for Human Evolution and Paleoenvironment pr\u00e9sente les plus anciennes empreintes humaines connues en Allemagne. Les traces ont \u00e9t\u00e9 d\u00e9couvertes dans le complexe de\u2026","rel":"","context":"Dans &quot;Arch\u00e9ologie&quot;","block_context":{"text":"Arch\u00e9ologie","link":"https:\/\/www.laterredufutur.com\/accueil\/sujets\/archeologie\/"},"img":{"alt_text":"","src":"https:\/\/i0.wp.com\/www.laterredufutur.com\/accueil\/wp-content\/uploads\/2023\/05\/300000-ans-empreinte-homo.jpg?fit=1200%2C941&ssl=1&resize=350%2C200","width":350,"height":200,"srcset":"https:\/\/i0.wp.com\/www.laterredufutur.com\/accueil\/wp-content\/uploads\/2023\/05\/300000-ans-empreinte-homo.jpg?fit=1200%2C941&ssl=1&resize=350%2C200 1x, https:\/\/i0.wp.com\/www.laterredufutur.com\/accueil\/wp-content\/uploads\/2023\/05\/300000-ans-empreinte-homo.jpg?fit=1200%2C941&ssl=1&resize=525%2C300 1.5x, https:\/\/i0.wp.com\/www.laterredufutur.com\/accueil\/wp-content\/uploads\/2023\/05\/300000-ans-empreinte-homo.jpg?fit=1200%2C941&ssl=1&resize=700%2C400 2x, https:\/\/i0.wp.com\/www.laterredufutur.com\/accueil\/wp-content\/uploads\/2023\/05\/300000-ans-empreinte-homo.jpg?fit=1200%2C941&ssl=1&resize=1050%2C600 3x"},"classes":[]}],"jetpack_sharing_enabled":true,"_links":{"self":[{"href":"https:\/\/www.laterredufutur.com\/accueil\/wp-json\/wp\/v2\/posts\/15815","targetHints":{"allow":["GET"]}}],"collection":[{"href":"https:\/\/www.laterredufutur.com\/accueil\/wp-json\/wp\/v2\/posts"}],"about":[{"href":"https:\/\/www.laterredufutur.com\/accueil\/wp-json\/wp\/v2\/types\/post"}],"author":[{"embeddable":true,"href":"https:\/\/www.laterredufutur.com\/accueil\/wp-json\/wp\/v2\/users\/1"}],"replies":[{"embeddable":true,"href":"https:\/\/www.laterredufutur.com\/accueil\/wp-json\/wp\/v2\/comments?post=15815"}],"version-history":[{"count":3,"href":"https:\/\/www.laterredufutur.com\/accueil\/wp-json\/wp\/v2\/posts\/15815\/revisions"}],"predecessor-version":[{"id":15819,"href":"https:\/\/www.laterredufutur.com\/accueil\/wp-json\/wp\/v2\/posts\/15815\/revisions\/15819"}],"wp:featuredmedia":[{"embeddable":true,"href":"https:\/\/www.laterredufutur.com\/accueil\/wp-json\/wp\/v2\/media\/15816"}],"wp:attachment":[{"href":"https:\/\/www.laterredufutur.com\/accueil\/wp-json\/wp\/v2\/media?parent=15815"}],"wp:term":[{"taxonomy":"category","embeddable":true,"href":"https:\/\/www.laterredufutur.com\/accueil\/wp-json\/wp\/v2\/categories?post=15815"},{"taxonomy":"post_tag","embeddable":true,"href":"https:\/\/www.laterredufutur.com\/accueil\/wp-json\/wp\/v2\/tags?post=15815"}],"curies":[{"name":"wp","href":"https:\/\/api.w.org\/{rel}","templated":true}]}}