{"id":1555,"date":"2013-09-29T23:00:00","date_gmt":"2013-09-29T22:00:00","guid":{"rendered":"http:\/\/www.laterredufutur.com\/wordpress\/?p=1555"},"modified":"2013-09-29T23:00:00","modified_gmt":"2013-09-29T22:00:00","slug":"un-monde-dautodidactes-sur-la-terre-du-futur","status":"publish","type":"post","link":"https:\/\/www.laterredufutur.com\/accueil\/un-monde-dautodidactes-sur-la-terre-du-futur\/","title":{"rendered":"Un monde d&rsquo;autodidactes sur la Terre du Futur"},"content":{"rendered":"<div class=\"1665f18d14f35dd9e7566e1a8ac9a3e9\" data-index=\"1\" style=\"float: none; margin:10px 0 10px 0; text-align:center;\">\n<script async src=\"https:\/\/pagead2.googlesyndication.com\/pagead\/js\/adsbygoogle.js\"><\/script>\r\n<ins class=\"adsbygoogle\"\r\n     style=\"display:block; text-align:center;\"\r\n     data-ad-layout=\"in-article\"\r\n     data-ad-format=\"fluid\"\r\n     data-ad-client=\"ca-pub-2860849627502538\"\r\n     data-ad-slot=\"3019501113\"><\/ins>\r\n<script>\r\n     (adsbygoogle = window.adsbygoogle || []).push({});\r\n<\/script>\n<\/div>\n<p style=\"text-align: justify;\"><span style=\"color: #000000;\"><span style=\"font-size: small;\"><img data-recalc-dims=\"1\" decoding=\"async\" data-attachment-id=\"1554\" data-permalink=\"https:\/\/www.laterredufutur.com\/accueil\/un-monde-dautodidactes-sur-la-terre-du-futur\/www-profit-binaire-com_wp-content_uploads_2013_05_trader-autodidacte01\/\" data-orig-file=\"https:\/\/i0.wp.com\/www.laterredufutur.com\/accueil\/wp-content\/uploads\/2013\/09\/www.profit-binaire.com_wp-content_uploads_2013_05_trader-autodidacte01.jpg?fit=240%2C200&amp;ssl=1\" data-orig-size=\"240,200\" data-comments-opened=\"1\" data-image-meta=\"{&quot;aperture&quot;:&quot;0&quot;,&quot;credit&quot;:&quot;&quot;,&quot;camera&quot;:&quot;&quot;,&quot;caption&quot;:&quot;&quot;,&quot;created_timestamp&quot;:&quot;0&quot;,&quot;copyright&quot;:&quot;&quot;,&quot;focal_length&quot;:&quot;0&quot;,&quot;iso&quot;:&quot;0&quot;,&quot;shutter_speed&quot;:&quot;0&quot;,&quot;title&quot;:&quot;&quot;,&quot;orientation&quot;:&quot;0&quot;}\" data-image-title=\"www.profit-binaire.com_wp-content_uploads_2013_05_trader-autodidacte01\" data-image-description=\"\" data-image-caption=\"\" data-large-file=\"https:\/\/i0.wp.com\/www.laterredufutur.com\/accueil\/wp-content\/uploads\/2013\/09\/www.profit-binaire.com_wp-content_uploads_2013_05_trader-autodidacte01.jpg?fit=240%2C200&amp;ssl=1\" class=\" alignleft size-full wp-image-1554\" src=\"https:\/\/i0.wp.com\/www.laterredufutur.com\/wordpress\/wp-content\/uploads\/2013\/09\/www.profit-binaire.com_wp-content_uploads_2013_05_trader-autodidacte01.jpg?w=120\" border=\"0\"  style=\"border: 0px; float: left;\" \/>L&rsquo;autodidaxie (autodidacte, autodidactisme ou autoformation) est un terme g\u00e9n\u00e9rique qui d\u00e9signe le fait pour une personne de se former elle-m\u00eame, dans un cadre qui lui est propre, d\u2019une fa\u00e7on plus ou moins \u00e9loign\u00e9e des structures et institutions enseignantes et formatives. Si l&rsquo;autodidacte est habituellement pr\u00e9sent\u00e9 comme une personne poursuivant une d\u00e9marche solitaire, il est de plus en plus facile de trouver des ressources d&rsquo;autoformation collective : groupe d&rsquo;\u00e9change de savoirs, r\u00e9seaux sociaux d&rsquo;apprentissage&#8230; C&rsquo;est ainsi que sur la Terre du Futur nous nous repr\u00e9sentons. Un groupe libre autodidacte avec aucune attache d&rsquo;une structure organis\u00e9e, ou bien d&rsquo;un parti politique, ou encore d&rsquo;un lobby. Nous sommes totalement libre de nos pens\u00e9es et nous avons \u00e9volu\u00e9 par nos propres connaissances en analysant les donn\u00e9es transmises que tout un chacun peut effectuer. <\/span><\/span><\/p>\n<p style=\"text-align: justify;\">\u00a0<\/p>\n<p>\u00a0<\/p>\n<p style=\"text-align: justify;\"><span style=\"color: #000000;\"><span style=\"font-size: small;\">L&rsquo;autodidacte est souvent conduit au savoir gr\u00e2ce \u00e0 la pratique. C&rsquo;est en r\u00e9alisant les choses, donc en \u00ab mettant la main \u00e0 la p\u00e2te \u00bb qu&rsquo;il acquiert des connaissances, d&rsquo;o\u00f9 l&rsquo;importance de l&rsquo;apprentissage par la pratique. Les forums et les articles de TDF sont le bilan de cette recherche continuelle coll\u00e9giale et tr\u00e8s compl\u00e9mentaires des recherches individuelles. Nous n&rsquo;avons dans aucun cas \u00e9t\u00e9 format\u00e9s par une influence \u00e9tatique ou bien universitaire.<\/span><\/span><\/p>\n<p style=\"text-align: justify;\"><span style=\"font-size: small; color: #000000; line-height: 1.3em;\">\u00ab On pr\u00e9sente souvent des g\u00e9nies comme autodidactes. Pourtant une observation attentive de leur biographie montre qu&rsquo;ils ont eu des ma\u00eetres sous une forme ou sous une autre. \u00ab Tout autodidacte est un \u00e9lite et un g\u00e9nie de la ma\u00eetrise du parfait d&rsquo;un savoir \u00bb (Paul Ric\u0153ur cit\u00e9 par Philippe Meirieu). Un parcours d&rsquo;apprentissage non conventionnel n&rsquo;implique pas de n&rsquo;avoir \u00e9t\u00e9 aid\u00e9 de personne. L&rsquo;auteur d&rsquo;un livre m\u00eame s&rsquo;il n&rsquo;est pas contemporain est de facto un enseignant potentiel de son lecteur. \u00bb. <\/span><\/p>\n<p style=\"text-align: justify;\"><span style=\"font-size: small; color: #000000; line-height: 1.3em;\">Au XXIe si\u00e8cle, de nouvelles potentialit\u00e9s et les souhaits d&rsquo;autonomie autorisent des cursus de formation dans l&rsquo;agir quotidien. Ainsi, le nouvel autodidacte peut recevoir le savoir \u00e0 domicile [(France Henry)] par des m\u00e9dia multiples, garantissant ses acquisitions hors des organismes qu&rsquo;il prend parfois en compte. De nos jours \u00ab\u00a0L&rsquo;autodidaxie se r\u00e9v\u00e8le un mode d&rsquo;apprentissage existentiel ou cognitif dans lequel le sujet social apprenant conserve toutes les responsabilit\u00e9s sur son action formative\u00a0\u00bb. <\/span><\/p>\n<p style=\"text-align: justify;\"><span style=\"font-size: small; color: #000000; line-height: 1.3em;\">On d\u00e9couvre que l&rsquo;autodidaxie constitue un fait social g\u00e9n\u00e9r\u00e9 par l&rsquo;acc\u00e9l\u00e9ration de l&rsquo;obsolescence des savoirs, l&rsquo;allongement des temps lib\u00e9r\u00e9s, la croissance des moyens \u00e9ducatifs, les d\u00e9sirs d&rsquo;autonomie, les \u00e9checs des syst\u00e8mes \u00e9ducatifs&#8230; Puis il propose un manuel d&rsquo;auto-apprentissage de l&rsquo;entra\u00eenement mental dans Organiser sa pens\u00e9e, apprendre \u00e0 d\u00e9cider avec l&rsquo;entra\u00eenement mental. Ainsi, le nouvel autodidacte de la soci\u00e9t\u00e9 post-industrielle confortera ses potentialit\u00e9s d&rsquo;acc\u00e8s aux connaissances par les perfectionnements \u00e0 l&rsquo; expression pour la communication, puis par la prise en compte de l&rsquo;analyse de son exp\u00e9rience et par l&rsquo; autodocumentation qui garantit la d\u00e9couverte des savoirs acad\u00e9miques. Georges Le Meur op\u00e8re ainsi un bouleversement du paradigme de la distribution des savoirs \u00e0 un \u00e9l\u00e8ve par celui de l&rsquo;appropriation des connaissances par le sujet social apprenant.<\/span><\/p>\n<p style=\"text-align: justify;\"><span style=\"color: #000000;\"><span style=\"font-size: small;\">\u00ab A contrario, l&rsquo;approche constructiviste de l&rsquo;apprentissage implique que toute personne qui apprend est autodidacte dans la mesure o\u00f9 quelle que soit la qualit\u00e9 de l&rsquo;enseignement, aucune connaissance ne peut \u00eatre simplement transf\u00e9r\u00e9e \u00e0 quelqu&rsquo;un sans qu&rsquo;il y prenne part. \u00bb<\/span><\/span><\/p>\n<p style=\"text-align: justify;\"><span style=\"color: #000000;\"><span style=\"font-size: small;\">\u00ab L&rsquo;autodidacte tiens ou est parfois un g\u00e9nie par le fait qu&rsquo;il n&rsquo;a besoin de personne pour le conduire sur le chemin de la recherche de la connaissance, bien qu&rsquo;il sache piocher par ci par l\u00e0 la nourriture dont il a besoin.<\/span><\/span><\/p>\n<p> <center><script async src=\"\/\/pagead2.googlesyndication.com\/pagead\/js\/adsbygoogle.js\"><\/script> <!-- marseille picture 4 --> <ins class=\"adsbygoogle\"      style=\"display:inline-block;width:250px;height:250px\"      data-ad-client=\"ca-pub-2860849627502538\"      data-ad-slot=\"9478982517\"><\/ins> <script> (adsbygoogle = window.adsbygoogle || []).push({}); <\/script><\/center> <\/p>\n<p style=\"text-align: justify;\"><span style=\"color: #000000;\"><span style=\"font-size: small;\">Nous n&rsquo;avons jamais fait d&rsquo;\u00e9tudes scientifiques mais nous \u00e9tudions tous les jours toutes les donn\u00e9es qui nous sont apport\u00e9es par les services les plus s\u00e9rieux qui nous sont disponibles. Nos niveaux d&rsquo;\u00e9tudes peuvent \u00eatre parfois \u00e9lev\u00e9s dans d&rsquo;autres domaines. Cependant c&rsquo;est notre esprit libre qui nous permet d&rsquo;avoir notre sens critique le plus \u00e9labor\u00e9. <\/span><\/span><span style=\"color: #000000; font-size: small; line-height: 1.3em;\">Nous n&rsquo;avons jamais \u00e9t\u00e9 format\u00e9s par une id\u00e9e impos\u00e9e, ainsi nous apportons \u00a0des faits. <\/span><span style=\"font-size: small; color: #000000; line-height: 1.3em;\">Nous n&rsquo;avons jamais publi\u00e9 de papier dans des revues officielles, mais nous publions tous les jours des papiers dans nos analyses et dans nos articles quotidiens. \u00a0La science n&rsquo;est pas une affaire de d\u00e9mocratie o\u00f9 le plus grand nombre a forc\u00e9ment raison. Il suffit d&rsquo;une personne qui apporte un argument indiscutable et puisse inverser l&rsquo;opinion g\u00e9n\u00e9rale. Oui nous sommes des autodidactes qui cherchons avec notre coeur et non pas avec notre porte monnaie. Et oui nous sommes des personnes passionn\u00e9es qui d\u00e9sirons savourer la r\u00e9alit\u00e9 des faits. Rien de plus, rien de moins. Nous sommes simplement des personnes qui savent lire. <\/span><\/p>\n<p style=\"text-align: justify;\"><span style=\"color: #000000;\"><span style=\"font-size: small;\">sources : http:\/\/fr.wikipedia.org\/ \/ http:\/\/www.leblogdesautodidactes.com\/<\/span><\/span><span style=\"font-size: small; color: #000000; line-height: 1.3em;\"> <\/span><\/p>\n<p style=\"text-align: justify;\"><span style=\"color: #000000;\"><span style=\"font-size: small;\">exemples d&rsquo;autodidactes :<\/span><\/span><span style=\"font-size: small; color: #000000; line-height: 1.3em;\"> <\/span><\/p>\n<p style=\"text-align: justify;\"><span style=\"font-size: small; color: #000000; line-height: 1.3em;\"><br \/><\/span><\/p>\n<p style=\"text-align: justify;\"><span style=\"color: #000000;\"><span style=\"font-size: small;\">CINEMA<\/span><\/span><\/p>\n<p style=\"text-align: justify;\"><span style=\"color: #000000;\"><span style=\"font-size: small;\">James Cameron, le r\u00e9alisateur de Terminator, Titanic et Avatar<\/span><\/span><\/p>\n<p style=\"text-align: justify;\"><span style=\"color: #000000;\"><span style=\"font-size: small;\">Wes Craven, un des ma\u00eetres de l&rsquo;horreur<\/span><\/span><\/p>\n<p style=\"text-align: justify;\"><span style=\"color: #000000;\"><span style=\"font-size: small;\">Walt Disney, le p\u00e8re de Mickey Mouse<\/span><\/span><\/p>\n<p style=\"text-align: justify;\"><span style=\"color: #000000;\"><span style=\"font-size: small;\">Clint Eastwood, acteur et r\u00e9alisateur<\/span><\/span><\/p>\n<p style=\"text-align: justify;\"><span style=\"color: #000000;\"><span style=\"font-size: small;\">Kim ki Duk, un r\u00e9alisateur sud-cor\u00e9en<\/span><\/span><\/p>\n<p style=\"text-align: justify;\"><span style=\"color: #000000;\"><span style=\"font-size: small;\">Stanley Kubrick, le r\u00e9alisateur d&rsquo;Orange m\u00e9canique<\/span><\/span><\/p>\n<p style=\"text-align: justify;\"><span style=\"color: #000000;\"><span style=\"font-size: small;\">Fabrice Luchini, un ancien animateur de bo\u00eetes de nuit<\/span><\/span><\/p><div class=\"1665f18d14f35dd9e7566e1a8ac9a3e9\" data-index=\"2\" style=\"float: none; margin:10px 0 10px 0; text-align:center;\">\n<script async src=\"https:\/\/pagead2.googlesyndication.com\/pagead\/js\/adsbygoogle.js\"><\/script>\r\n<ins class=\"adsbygoogle\"\r\n     style=\"display:block; text-align:center;\"\r\n     data-ad-layout=\"in-article\"\r\n     data-ad-format=\"fluid\"\r\n     data-ad-client=\"ca-pub-2860849627502538\"\r\n     data-ad-slot=\"3019501113\"><\/ins>\r\n<script>\r\n     (adsbygoogle = window.adsbygoogle || []).push({});\r\n<\/script>\n<\/div>\n\n<p style=\"text-align: justify;\"><span style=\"color: #000000;\"><span style=\"font-size: small;\">Steven Spielberg, le r\u00e9alisateur de Jurassic park, E.T. et Les dents de la mer.<\/span><\/span><\/p>\n<p style=\"text-align: justify;\"><span style=\"color: #000000;\"><span style=\"font-size: small;\">Quentin Tarantino, le r\u00e9alisateur de Reservoir Dogs, Pulp Fiction et Kill Bill<\/span><\/span><\/p>\n<p style=\"text-align: justify;\"><span style=\"color: #000000;\"><span style=\"font-size: small;\">Fran\u00e7ois Truffaut, un r\u00e9alisateur, sc\u00e9nariste et producteur de cin\u00e9ma fran\u00e7ais<\/span><\/span><\/p>\n<p style=\"text-align: justify;\"><span style=\"color: #000000;\"><span style=\"font-size: small;\"><br \/><\/span><\/span><\/p>\n<p style=\"text-align: justify;\"><span style=\"color: #000000;\"><span style=\"font-size: small;\">ENTREPRISES<\/span><\/span><\/p>\n<p style=\"text-align: justify;\"><span style=\"color: #000000;\"><span style=\"font-size: small;\">Marcel Bleustein-Blanchet, un tr\u00e8s c\u00e9l\u00e8bre publicitaire fran\u00e7ais<\/span><\/span><\/p>\n<p style=\"text-align: justify;\"><span style=\"color: #000000;\"><span style=\"font-size: small;\">Richard Branson, le fondateur de Virgin<\/span><\/span><\/p>\n<p style=\"text-align: justify;\"><span style=\"color: #000000;\"><span style=\"font-size: small;\">Michael Dell, le p\u00e8re d&rsquo;un g\u00e9ant de l&rsquo;informatique<\/span><\/span><\/p>\n<p style=\"text-align: justify;\"><span style=\"color: #000000;\"><span style=\"font-size: small;\">Bill Gates, un des cofondateurs de Microsoft<\/span><\/span><\/p>\n<p style=\"text-align: justify;\"><span style=\"color: #000000;\"><span style=\"font-size: small;\">Steve Jobs, un des cofondateurs d&rsquo;Apple<\/span><\/span><\/p>\n<p style=\"text-align: justify;\"><span style=\"color: #000000;\"><span style=\"font-size: small;\">Ingvar Kamprad, le fondateur d&rsquo;IKEA<\/span><\/span><\/p>\n<p style=\"text-align: justify;\"><span style=\"color: #000000;\"><span style=\"font-size: small;\">Ralph Lauren, un petit vendeur qui cr\u00e9a une multinationale<\/span><\/span><\/p>\n<p style=\"text-align: justify;\"><span style=\"color: #000000;\"><span style=\"font-size: small;\">Tom Monaghan, le fondateur de Domino&rsquo;s Pizza<\/span><\/span><\/p>\n<p style=\"text-align: justify;\"><span style=\"color: #000000;\"><span style=\"font-size: small;\">Xavier Niel, le cr\u00e9ateur de Free et Free Mobile<\/span><\/span><\/p>\n<p style=\"text-align: justify;\"><span style=\"color: #000000;\"><span style=\"font-size: small;\">Louis Schreck, un grand producteur d&rsquo;hydravions<\/span><\/span><\/p>\n<p style=\"text-align: justify;\"><span style=\"color: #000000;\"><span style=\"font-size: small;\">Bernard Tapie : entrepreneur, chanteur, ministre, acteur, etc.<\/span><\/span><\/p>\n<p style=\"text-align: justify;\"><span style=\"color: #000000;\"><span style=\"font-size: small;\"> <\/span><\/span><\/p>\n<p style=\"text-align: justify;\"><span style=\"color: #000000;\"><span style=\"font-size: small;\">LANGUES<\/span><\/span><\/p>\n<p style=\"text-align: justify;\"><span style=\"color: #000000;\"><span style=\"font-size: small;\">Ivar Aasen, un sp\u00e9cialiste de la langue norv\u00e9gienne<\/span><\/span><\/p>\n<p style=\"text-align: justify;\"><span style=\"color: #000000;\"><span style=\"font-size: small;\">Henri Fleisch, un \u00e9rudit des langues du Moyen-Orient et de la pr\u00e9histoire<\/span><\/span><\/p>\n<p style=\"text-align: justify;\"><span style=\"color: #000000;\"><span style=\"font-size: small;\"> <\/span><\/span><\/p>\n<p style=\"text-align: justify;\"><span style=\"color: #000000;\"><span style=\"font-size: small;\">LITT\u00c9RATURE<\/span><\/span><\/p>\n<p style=\"text-align: justify;\"><span style=\"color: #000000;\"><span style=\"font-size: small;\">Bernard Clavel, le prix Goncourt en 1968<\/span><\/span><\/p>\n<p style=\"text-align: justify;\"><span style=\"color: #000000;\"><span style=\"font-size: small;\">William Faulkner, un prix Nobel de litt\u00e9rature<\/span><\/span><\/p>\n<p style=\"text-align: justify;\"><span style=\"color: #000000;\"><span style=\"font-size: small;\">Jean Giono, un \u00e9crivain attach\u00e9 \u00e0 sa r\u00e9gion, la Provence<\/span><\/span><\/p>\n<p style=\"text-align: justify;\"><span style=\"color: #000000;\"><span style=\"font-size: small;\">Jack London, l&rsquo;auteur de L&rsquo;appel de la for\u00eat<\/span><\/span><\/p>\n<p style=\"text-align: justify;\"><span style=\"color: #000000;\"><span style=\"font-size: small;\">Andr\u00e9 Malraux, un romancier aventurier<\/span><\/span><\/p>\n<p style=\"text-align: justify;\"><span style=\"color: #000000;\"><span style=\"font-size: small;\">Gabriel Garcia M\u00e1rquez, le prix Nobel de litt\u00e9rature en 1982<\/span><\/span><\/p>\n<p style=\"text-align: justify;\"><span style=\"color: #000000;\"><span style=\"font-size: small;\">L\u00e9on Tolsto\u00ef, l&rsquo;auteur de Guerre et Paix<\/span><\/span><\/p>\n<p style=\"text-align: justify;\"><span style=\"color: #000000;\"><span style=\"font-size: small;\"><br \/><\/span><\/span><\/p>\n<p style=\"text-align: justify;\"><span style=\"color: #000000;\"><span style=\"font-size: small;\">MUSIQUE<\/span><\/span><\/p>\n<p style=\"text-align: justify;\"><span style=\"color: #000000;\"><span style=\"font-size: small;\">L\u00e9o Ferr\u00e9, le plus prolifique auteur-compositeur-interpr\u00e8te d&rsquo;expression fran\u00e7aise<\/span><\/span><\/p>\n<p style=\"text-align: justify;\"><span style=\"color: #000000;\"><span style=\"font-size: small;\">St\u00e9phane Grapelli, un violoniste au talent incontestable<\/span><\/span><\/p>\n<p style=\"text-align: justify;\"><span style=\"color: #000000;\"><span style=\"font-size: small;\">Jimi Hendrix, un guitariste de l\u00e9gende<\/span><\/span><\/p>\n<p style=\"text-align: justify;\"><span style=\"color: #000000;\"><span style=\"font-size: small;\">Carlos Puebla, un c\u00e9l\u00e8bre compositeur cubain<\/span><\/span><\/p>\n<p style=\"text-align: justify;\"><span style=\"color: #000000;\"><span style=\"font-size: small;\">Django Reinhard, un guitariste de Jazz manouche d\u00e9termin\u00e9<\/span><\/span><\/p>\n<p style=\"text-align: justify;\"><span style=\"color: #000000;\"><span style=\"font-size: small;\">Georg Philipp Telemann, un des plus c\u00e9l\u00e8bre compositeurs allemand de l&rsquo;\u00e2ge baroque<\/span><\/span><\/p>\n<p style=\"text-align: justify;\"><span style=\"color: #000000;\"><span style=\"font-size: small;\">Vang\u00e9lis Papathanass\u00edou, un des p\u00e8res de la musique \u00e9lectronique<\/span><\/span><\/p>\n<p style=\"text-align: justify;\"><span style=\"color: #000000;\"><span style=\"font-size: small;\"><br \/><\/span><\/span><\/p>\n<p style=\"text-align: justify;\"><span style=\"color: #000000;\"><span style=\"font-size: small;\">SCIENCES &amp; TECHNIQUES<\/span><\/span><\/p>\n<p style=\"text-align: justify;\"><span style=\"color: #000000;\"><span style=\"font-size: small;\">George Boole, le p\u00e8re de la logique moderne<\/span><\/span><\/p>\n<p style=\"text-align: justify;\"><span style=\"color: #000000;\"><span style=\"font-size: small;\">Giulio Carlo, de l&rsquo;aversion des math\u00e9matiques \u00e0 la passion<\/span><\/span><\/p>\n<p style=\"text-align: justify;\"><span style=\"color: #000000;\"><span style=\"font-size: small;\">Charles Darwin, la th\u00e9orie de l&rsquo;\u00e9volution des esp\u00e8ces<\/span><\/span><\/p>\n<p style=\"text-align: justify;\"><span style=\"color: #000000;\"><span style=\"font-size: small;\">Thomas Edison, l&rsquo;inventeur au mille et un brevets<\/span><\/span><\/p>\n<p style=\"text-align: justify;\"><span style=\"color: #000000;\"><span style=\"font-size: small;\">Albert Einstein, l&rsquo;un des p\u00e8res de la Physique classique<\/span><\/span><\/p>\n<p style=\"text-align: justify;\"><span style=\"color: #000000;\"><span style=\"font-size: small;\">Michael Faraday, une c\u00e9l\u00e9brit\u00e9 dans les domaines de l&rsquo;\u00e9lectromagn\u00e9tisme et de l&rsquo;\u00e9lectrochimie<\/span><\/span><\/p>\n<p style=\"text-align: justify;\"><span style=\"color: #000000;\"><span style=\"font-size: small;\">Niccolo Fontana dit \u00ab Tartaglia \u00bb, le math\u00e9maticien b\u00e8gue<\/span><\/span><\/p>\n<p style=\"text-align: justify;\"><span style=\"color: #000000;\"><span style=\"font-size: small;\">Sophie Germain, une des premi\u00e8res math\u00e9maticiennes fran\u00e7aises autodidactes<\/span><\/span><\/p>\n<p style=\"text-align: justify;\"><span style=\"color: #000000;\"><span style=\"font-size: small;\">George Green, un fils de boulanger devenu math\u00e9maticien<\/span><\/span><\/p>\n<p style=\"text-align: justify;\"><span style=\"color: #000000;\"><span style=\"font-size: small;\">Oliver Heaviside, l&rsquo;un des grands noms de l&rsquo;\u00e9lectromagn\u00e9tisme<\/span><\/span><\/p>\n<p style=\"text-align: justify;\"><span style=\"color: #000000;\"><span style=\"font-size: small;\">Joseph Marie Jacquard, l&rsquo;inventeur du m\u00e9tier \u00e0 tisser semi-automatique<\/span><\/span><\/p>\n<p style=\"text-align: justify;\"><span style=\"color: #000000;\"><span style=\"font-size: small;\">Ferdinand Minding, un contributeur \u00e0 la g\u00e9om\u00e9trie diff\u00e9rentielle<\/span><\/span><\/p>\n<p style=\"text-align: justify;\"><span style=\"color: #000000;\"><span style=\"font-size: small;\">Srinivasa Ramanujan, un brillant math\u00e9maticien indien<\/span><\/span><\/p>\n<p style=\"text-align: justify;\"><span style=\"color: #000000;\"><span style=\"font-size: small;\">Nikola Tesla, l&rsquo;un des plus grands scientifiques de l&rsquo;histoire des sciences et techniques<\/span><\/span><\/p>\n<p class=\"bawpvc-ajax-counter\" data-id=\"1555\">(394)<\/p>\n<!--CusAds0-->\n<div style=\"font-size: 0px; height: 0px; line-height: 0px; margin: 0; padding: 0; clear: both;\"><\/div>","protected":false},"excerpt":{"rendered":"<p style=\"text-align: justify;\"><span style=\"color: #000000;\"><span style=\"font-size: small;\"><img decoding=\"async\" class=\" alignleft size-full wp-image-1554\" src=\"http:\/\/www.laterredufutur.com\/wordpress\/wp-content\/uploads\/2013\/09\/www.profit-binaire.com_wp-content_uploads_2013_05_trader-autodidacte01.jpg\" border=\"0\" width=\"120\" style=\"border: 0px; float: left;\" \/>L&rsquo;autodidaxie (autodidacte, autodidactisme ou autoformation) est un terme g\u00e9n\u00e9rique qui d\u00e9signe le fait pour une personne de se former elle-m\u00eame, dans un cadre qui lui est propre, d\u2019une fa\u00e7on plus ou moins \u00e9loign\u00e9e des structures et institutions enseignantes et formatives. Si l&rsquo;autodidacte est habituellement pr\u00e9sent\u00e9 comme une personne poursuivant une d\u00e9marche solitaire, il est de plus en plus facile de trouver des ressources d&rsquo;autoformation collective : groupe d&rsquo;\u00e9change de savoirs, r\u00e9seaux sociaux d&rsquo;apprentissage&#8230; C&rsquo;est ainsi que sur la Terre du Futur nous nous repr\u00e9sentons. Un groupe libre autodidacte avec aucune attache d&rsquo;une structure organis\u00e9e, ou bien d&rsquo;un parti politique, ou encore d&rsquo;un lobby. Nous sommes totalement libre de nos pens\u00e9es et nous avons \u00e9volu\u00e9 par nos propres connaissances en analysant les donn\u00e9es transmises que tout un chacun peut effectuer. <\/span><\/span><\/p>\n<p style=\"text-align: justify;\">\u00a0<\/p>\n","protected":false},"author":1,"featured_media":1554,"comment_status":"open","ping_status":"open","sticky":false,"template":"","format":"standard","meta":{"_exactmetrics_skip_tracking":false,"_exactmetrics_sitenote_active":false,"_exactmetrics_sitenote_note":"","_exactmetrics_sitenote_category":0,"ngg_post_thumbnail":0,"jetpack_post_was_ever_published":false,"_jetpack_newsletter_access":"","_jetpack_dont_email_post_to_subs":false,"_jetpack_newsletter_tier_id":0,"_jetpack_memberships_contains_paywalled_content":false,"_jetpack_memberships_contains_paid_content":false,"footnotes":"","jetpack_publicize_message":"","jetpack_publicize_feature_enabled":true,"jetpack_social_post_already_shared":false,"jetpack_social_options":{"image_generator_settings":{"template":"highway","default_image_id":0,"font":"","enabled":false},"version":2}},"categories":[18],"tags":[1876,1873,639,1875,1874,555,1877],"class_list":["post-1555","post","type-post","status-publish","format-standard","has-post-thumbnail","hentry","category-monde-futur","tag-apprendre","tag-autodidactes","tag-culture","tag-reflechir","tag-savoir","tag-science","tag-soi-meme","wpcat-18-id"],"jetpack_publicize_connections":[],"jetpack_featured_media_url":"https:\/\/i0.wp.com\/www.laterredufutur.com\/accueil\/wp-content\/uploads\/2013\/09\/www.profit-binaire.com_wp-content_uploads_2013_05_trader-autodidacte01.jpg?fit=240%2C200&ssl=1","jetpack_shortlink":"https:\/\/wp.me\/p631RN-p5","jetpack-related-posts":[{"id":313,"url":"https:\/\/www.laterredufutur.com\/accueil\/rome-seisme-11mai\/","url_meta":{"origin":1555,"position":0},"title":"Les Romains redoutent un s\u00e9isme le 11 mai","author":"Admin","date":"10 mai 2011","format":false,"excerpt":"Les touristes pourraient trouver les rues de Rome bien calmes mercredi prochain, nombre de ses habitants ayant pr\u00e9vu de d\u00e9serter la capitale italienne o\u00f9 un s\u00e9isme pourrait se produire, selon les pr\u00e9visions d'un sismologue autodidacte d\u00e9c\u00e9d\u00e9 en 1979. \u00a0 Depuis des mois, les travaux de Raffaele Bendandi, qui affirmait que\u2026","rel":"","context":"Dans &quot;Seismes\/Volcans&quot;","block_context":{"text":"Seismes\/Volcans","link":"https:\/\/www.laterredufutur.com\/accueil\/sujets\/seismes-et-volcans\/"},"img":{"alt_text":"rome","src":"https:\/\/i0.wp.com\/www.laterredufutur.com\/wordpress\/wp-content\/uploads\/2011\/05\/rome.jpg?resize=350%2C200","width":350,"height":200},"classes":[]},{"id":280,"url":"https:\/\/www.laterredufutur.com\/accueil\/qui-sommes-nous\/","url_meta":{"origin":1555,"position":1},"title":"Qui Sommes Nous ?","author":"Admin","date":"20 avril 2011","format":false,"excerpt":"Terra Projects anciennement La Terre du Futur a \u00e9t\u00e9 cr\u00e9\u00e9e en avril 2003, suite \u00e0 une passion qui est n\u00e9e fin des ann\u00e9es 80. Nous proposons des donn\u00e9es et des indicateurs de surveillance climatique et \u00e9cologique. Nous observons les \u00e9l\u00e9ments de notre plan\u00e8te sous un \u0153il nouveau et positif. Nous\u2026","rel":"","context":"Dans &quot;Services&quot;","block_context":{"text":"Services","link":"https:\/\/www.laterredufutur.com\/accueil\/sujets\/services\/"},"img":{"alt_text":"","src":"https:\/\/i0.wp.com\/www.laterredufutur.com\/accueil\/wp-content\/uploads\/2011\/04\/morganfreeman.jpg?fit=700%2C490&ssl=1&resize=350%2C200","width":350,"height":200,"srcset":"https:\/\/i0.wp.com\/www.laterredufutur.com\/accueil\/wp-content\/uploads\/2011\/04\/morganfreeman.jpg?fit=700%2C490&ssl=1&resize=350%2C200 1x, https:\/\/i0.wp.com\/www.laterredufutur.com\/accueil\/wp-content\/uploads\/2011\/04\/morganfreeman.jpg?fit=700%2C490&ssl=1&resize=525%2C300 1.5x, https:\/\/i0.wp.com\/www.laterredufutur.com\/accueil\/wp-content\/uploads\/2011\/04\/morganfreeman.jpg?fit=700%2C490&ssl=1&resize=700%2C400 2x"},"classes":[]},{"id":10597,"url":"https:\/\/www.laterredufutur.com\/accueil\/a-15-ans-il-fournit-de-lelectricite-pour-tout-son-village\/","url_meta":{"origin":1555,"position":2},"title":"\u00c0 15 ans, il fournit de l\u2019\u00e9lectricit\u00e9 pour tout son village","author":"Admin","date":"27 janvier 2016","format":false,"excerpt":"Kelvin Doe est un petit g\u00e9nie venu tout droit de Sierra Leone. \u00c0 13 ans il construisait d\u00e9j\u00e0 des batteries et des g\u00e9n\u00e9rateurs \u00e9lectriques pour tout son village, aujourd\u2019hui, il est devenu \u00e0 15 ans le plus jeune invit\u00e9 du MIT, l\u2019une des plus prestigieuses universit\u00e9s am\u00e9ricaines. C\u2019est une histoire\u2026","rel":"","context":"Dans &quot;Solutions&quot;","block_context":{"text":"Solutions","link":"https:\/\/www.laterredufutur.com\/accueil\/sujets\/solutions\/"},"img":{"alt_text":"","src":"https:\/\/i0.wp.com\/www.laterredufutur.com\/accueil\/wp-content\/uploads\/2016\/01\/Kelvin-Doe.jpg?fit=620%2C349&ssl=1&resize=350%2C200","width":350,"height":200,"srcset":"https:\/\/i0.wp.com\/www.laterredufutur.com\/accueil\/wp-content\/uploads\/2016\/01\/Kelvin-Doe.jpg?fit=620%2C349&ssl=1&resize=350%2C200 1x, https:\/\/i0.wp.com\/www.laterredufutur.com\/accueil\/wp-content\/uploads\/2016\/01\/Kelvin-Doe.jpg?fit=620%2C349&ssl=1&resize=525%2C300 1.5x"},"classes":[]},{"id":5432,"url":"https:\/\/www.laterredufutur.com\/accueil\/cet-homme-ne-connait-pas-le-froid\/","url_meta":{"origin":1555,"position":3},"title":"Cet homme ne conna\u00eet pas le froid","author":"Admin","date":"15 avril 2015","format":false,"excerpt":"Plong\u00e9 dans une eau \u00e0 0 \u00b0C, c\u2019est la mort probable au bout de trente minutes. Ce N\u00e9erlandais peut, lui, y rester plus d\u2019une heure. En contr\u00f4lant son corps par l\u2019esprit, Wim Hof supporte des temp\u00e9ratures extr\u00eames. Loin d\u2019\u00eatre un animal de foire, il fait avancer la science. Et enseigne\u2026","rel":"","context":"Dans &quot;Divers&quot;","block_context":{"text":"Divers","link":"https:\/\/www.laterredufutur.com\/accueil\/sujets\/divers\/"},"img":{"alt_text":"","src":"https:\/\/i0.wp.com\/www.laterredufutur.com\/accueil\/wp-content\/uploads\/2015\/04\/homme-froid.jpg?fit=728%2C485&ssl=1&resize=350%2C200","width":350,"height":200,"srcset":"https:\/\/i0.wp.com\/www.laterredufutur.com\/accueil\/wp-content\/uploads\/2015\/04\/homme-froid.jpg?fit=728%2C485&ssl=1&resize=350%2C200 1x, https:\/\/i0.wp.com\/www.laterredufutur.com\/accueil\/wp-content\/uploads\/2015\/04\/homme-froid.jpg?fit=728%2C485&ssl=1&resize=525%2C300 1.5x, https:\/\/i0.wp.com\/www.laterredufutur.com\/accueil\/wp-content\/uploads\/2015\/04\/homme-froid.jpg?fit=728%2C485&ssl=1&resize=700%2C400 2x"},"classes":[]},{"id":5078,"url":"https:\/\/www.laterredufutur.com\/accueil\/un-monde-de-verticales\/","url_meta":{"origin":1555,"position":4},"title":"Un Monde de verticales","author":"Admin","date":"28 octobre 2009","format":false,"excerpt":"Depuis la naissance en 1884 du premier gratte-ciel de l\u2019histoire, ces constructions d\u2019un nouveau type n\u2019ont eu de cesse d\u2019essaimer dans le monde entier et la surench\u00e8re des sommets n\u2019est pas pr\u00e8s de s\u2019achever\u00a0: l\u2019\u00e9volution d\u00e9mographique de la plan\u00e8te et l\u2019hypertrophie urbaine ne laissent \u00e0 terme d\u2019autre choix que l\u2019av\u00e8nement\u2026","rel":"","context":"Dans &quot;Monde Futur&quot;","block_context":{"text":"Monde Futur","link":"https:\/\/www.laterredufutur.com\/accueil\/sujets\/monde-futur\/"},"img":{"alt_text":"","src":"https:\/\/i0.wp.com\/www.laterredufutur.com\/spaw\/images\/world_financial_center_shangai.jpg?resize=350%2C200","width":350,"height":200},"classes":[]},{"id":15560,"url":"https:\/\/www.laterredufutur.com\/accueil\/un-monde-alarmiste-et-qui-veut-faire-peur-lapocalypse-annoncee\/","url_meta":{"origin":1555,"position":5},"title":"Un monde alarmiste et qui veut faire peur, l&rsquo;Apocalypse annonc\u00e9e","author":"Admin","date":"11 ao\u00fbt 2017","format":false,"excerpt":"Il n'y a pas un mois, une semaine, un jour o\u00f9 une \u00e9tude tombe en nous annon\u00e7ant l'apocalypse climatique ! Cette th\u00e8se r\u00e9p\u00e9titive entre dans le domaine du scary movie, \u00e9pisode 1580. Entre mythe et r\u00e9alit\u00e9, o\u00f9 seront nous dans 80 ans ? S'occupe t-on des probl\u00e8mes actuels, tant en\u2026","rel":"","context":"Dans &quot;Monde Futur&quot;","block_context":{"text":"Monde Futur","link":"https:\/\/www.laterredufutur.com\/accueil\/sujets\/monde-futur\/"},"img":{"alt_text":"","src":"https:\/\/i0.wp.com\/www.laterredufutur.com\/accueil\/wp-content\/uploads\/2017\/07\/tintin_findumonde.jpg?fit=531%2C433&ssl=1&resize=350%2C200","width":350,"height":200,"srcset":"https:\/\/i0.wp.com\/www.laterredufutur.com\/accueil\/wp-content\/uploads\/2017\/07\/tintin_findumonde.jpg?fit=531%2C433&ssl=1&resize=350%2C200 1x, https:\/\/i0.wp.com\/www.laterredufutur.com\/accueil\/wp-content\/uploads\/2017\/07\/tintin_findumonde.jpg?fit=531%2C433&ssl=1&resize=525%2C300 1.5x"},"classes":[]}],"jetpack_sharing_enabled":true,"_links":{"self":[{"href":"https:\/\/www.laterredufutur.com\/accueil\/wp-json\/wp\/v2\/posts\/1555","targetHints":{"allow":["GET"]}}],"collection":[{"href":"https:\/\/www.laterredufutur.com\/accueil\/wp-json\/wp\/v2\/posts"}],"about":[{"href":"https:\/\/www.laterredufutur.com\/accueil\/wp-json\/wp\/v2\/types\/post"}],"author":[{"embeddable":true,"href":"https:\/\/www.laterredufutur.com\/accueil\/wp-json\/wp\/v2\/users\/1"}],"replies":[{"embeddable":true,"href":"https:\/\/www.laterredufutur.com\/accueil\/wp-json\/wp\/v2\/comments?post=1555"}],"version-history":[{"count":0,"href":"https:\/\/www.laterredufutur.com\/accueil\/wp-json\/wp\/v2\/posts\/1555\/revisions"}],"wp:featuredmedia":[{"embeddable":true,"href":"https:\/\/www.laterredufutur.com\/accueil\/wp-json\/wp\/v2\/media\/1554"}],"wp:attachment":[{"href":"https:\/\/www.laterredufutur.com\/accueil\/wp-json\/wp\/v2\/media?parent=1555"}],"wp:term":[{"taxonomy":"category","embeddable":true,"href":"https:\/\/www.laterredufutur.com\/accueil\/wp-json\/wp\/v2\/categories?post=1555"},{"taxonomy":"post_tag","embeddable":true,"href":"https:\/\/www.laterredufutur.com\/accueil\/wp-json\/wp\/v2\/tags?post=1555"}],"curies":[{"name":"wp","href":"https:\/\/api.w.org\/{rel}","templated":true}]}}