{"id":15464,"date":"2017-07-12T20:00:37","date_gmt":"2017-07-12T18:00:37","guid":{"rendered":"http:\/\/www.laterredufutur.com\/accueil\/?p=15464"},"modified":"2017-07-04T18:09:05","modified_gmt":"2017-07-04T16:09:05","slug":"ocean-atlantique-un-mega-tsunami-du-passe-pourrait-il-se-reproduire","status":"publish","type":"post","link":"https:\/\/www.laterredufutur.com\/accueil\/ocean-atlantique-un-mega-tsunami-du-passe-pourrait-il-se-reproduire\/","title":{"rendered":"Oc\u00e9an Atlantique : un m\u00e9ga-tsunami du pass\u00e9 pourrait-il se reproduire ?"},"content":{"rendered":"<div class=\"1665f18d14f35dd9e7566e1a8ac9a3e9\" data-index=\"1\" style=\"float: none; margin:10px 0 10px 0; text-align:center;\">\n<script async src=\"https:\/\/pagead2.googlesyndication.com\/pagead\/js\/adsbygoogle.js\"><\/script>\r\n<ins class=\"adsbygoogle\"\r\n     style=\"display:block; text-align:center;\"\r\n     data-ad-layout=\"in-article\"\r\n     data-ad-format=\"fluid\"\r\n     data-ad-client=\"ca-pub-2860849627502538\"\r\n     data-ad-slot=\"3019501113\"><\/ins>\r\n<script>\r\n     (adsbygoogle = window.adsbygoogle || []).push({});\r\n<\/script>\n<\/div>\n<p>Des g\u00e9ophysiciens ont trouv\u00e9 les indices d&rsquo;une catastrophe majeure dans l&rsquo;archipel du Cap Vert. Une vague de 240 m\u00e8tres de haut aurait submerg\u00e9 l&rsquo;\u00eele de Santiago il y a 73000 ans.<\/p>\n<p>Fogo, l&rsquo;une des plus grandes \u00eeles volcaniques au monde, pourrait-elle un jour submerger l&rsquo;Afrique occidentale en engendrant un m\u00e9ga-tsunami ? C&rsquo;est une possibilit\u00e9 envisag\u00e9e tr\u00e8s s\u00e9rieusement par des g\u00e9ophysiciens am\u00e9ricains de l&rsquo;universit\u00e9 de Columbia dans une \u00e9tude publi\u00e9e dans Science Advances. Situ\u00e9e au sud de l&rsquo;archipel du Cap Vert, l&rsquo;\u00eele pr\u00e9sente en effet une gigantesque cicatrice sur son flanc est. Les chercheurs pensent qu&rsquo;un effondrement monumental et soudain de cette partie du volcan dans la mer, il y a quelques 73.000 ans, a engendr\u00e9 une vague de plus de 240 m\u00e8tres de haut qui aurait englouti l&rsquo;\u00eele de Santiago, \u00e0 une cinquantaine de kilom\u00e8tres de l\u00e0.<\/p>\n<p>Par comparaison, le tsunami qui a si durement touch\u00e9 le Japon en 2011 a engendr\u00e9 une vague de 30 m\u00e8tres \u00e0 l&rsquo;approche de la c\u00f4te, tandis que celui de 2004, qui a submerg\u00e9 les c\u00f4tes de 11 pays autour de l&rsquo;oc\u00e9an Indien, ne faisait que 50 centim\u00e8tres de haut en pleine mer et 20 m\u00e8tres de haut en arrivant \u00e0 Sumatra. Autant dire que si une vague de 240 m\u00e8tres de haut d\u00e9ferlait aujourd&rsquo;hui sur les c\u00f4tes africaines et europ\u00e9ennes, les d\u00e9g\u00e2ts seraient sans pr\u00e9c\u00e9dent. L&rsquo;\u00eele de Santiago, la principale de l&rsquo;archipel du Cap Vert, abrite aujourd&rsquo;hui quelques 250.000 personnes\u2026<\/p><div class=\"1665f18d14f35dd9e7566e1a8ac9a3e9\" data-index=\"2\" style=\"float: none; margin:10px 0 10px 0; text-align:center;\">\n<script async src=\"https:\/\/pagead2.googlesyndication.com\/pagead\/js\/adsbygoogle.js\"><\/script>\r\n<ins class=\"adsbygoogle\"\r\n     style=\"display:block; text-align:center;\"\r\n     data-ad-layout=\"in-article\"\r\n     data-ad-format=\"fluid\"\r\n     data-ad-client=\"ca-pub-2860849627502538\"\r\n     data-ad-slot=\"3019501113\"><\/ins>\r\n<script>\r\n     (adsbygoogle = window.adsbygoogle || []).push({});\r\n<\/script>\n<\/div>\n\n<p>Le volcan de Fogo culmine actuellement \u00e0 2829 m\u00e8tres au-dessus du niveau de la mer et entre en \u00e9ruption \u00e0 peu pr\u00e8s tous les 20 ans. Sa derni\u00e8re saute d\u2019humeur a eu lieu en novembre 2014. Selon les auteurs de l\u2019\u00e9tude, les flancs des volcans repr\u00e9sentent un danger majeur. Au cours des derniers si\u00e8cles, au moins huit \u00e9croulements se sont produits en Alaska, au Japon, etc. La M\u00e9diterran\u00e9e est une r\u00e9gion \u00e9galement tr\u00e8s expos\u00e9e aux tsunamis. L\u2019histoire a particuli\u00e8rement retenu celui qui a an\u00e9anti la civilisation minoenne, lorsque l\u2019\u00e9ruption du volcan de l\u2019\u00eele grecque de Santorin, il y a environ 3500 ans, engendra des vagues de 50 m\u00e8tres de haut.<\/p>\n<p>Une autre crainte existe \u00e9galement, c&rsquo;est <a href=\"http:\/\/www.laterredufutur.com\/accueil\/le-volcan-cumbre-vieja-a-la-palma-bouge\/\">le volcan Cumbre Vieja des \u00eeles canaries<\/a>.<\/p>\n<p>source :&nbsp;<a href=\"https:\/\/www.sciencesetavenir.fr\/fondamental\/geologie\/ocean-atlantique-un-mega-tsunami-du-passe-pourrait-il-se-reproduire_104306\" target=\"_blank\" rel=\"noopener noreferrer\">https:\/\/www.sciencesetavenir.fr\/<\/a><\/p>\n<p class=\"bawpvc-ajax-counter\" data-id=\"15464\">(2351)<\/p>\n<!--CusAds0-->\n<div style=\"font-size: 0px; height: 0px; line-height: 0px; margin: 0; padding: 0; clear: both;\"><\/div>","protected":false},"excerpt":{"rendered":"<p>Des g\u00e9ophysiciens ont trouv\u00e9 les indices d&rsquo;une catastrophe majeure dans l&rsquo;archipel du Cap Vert. Une vague de 240 m\u00e8tres de&#8230;<\/p>\n","protected":false},"author":1,"featured_media":15465,"comment_status":"open","ping_status":"open","sticky":false,"template":"","format":"standard","meta":{"_exactmetrics_skip_tracking":false,"_exactmetrics_sitenote_active":false,"_exactmetrics_sitenote_note":"","_exactmetrics_sitenote_category":0,"ngg_post_thumbnail":0,"jetpack_post_was_ever_published":false,"_jetpack_newsletter_access":"","_jetpack_dont_email_post_to_subs":false,"_jetpack_newsletter_tier_id":0,"_jetpack_memberships_contains_paywalled_content":false,"_jetpack_memberships_contains_paid_content":false,"footnotes":"","jetpack_publicize_message":"Oc\u00e9an Atlantique : un m\u00e9ga-tsunami du pass\u00e9 pourrait-il se reproduire ? @laterredufutur","jetpack_publicize_feature_enabled":true,"jetpack_social_post_already_shared":true,"jetpack_social_options":{"image_generator_settings":{"template":"highway","default_image_id":0,"font":"","enabled":false},"version":2}},"categories":[19],"tags":[242,1276,374,241,108,48],"class_list":["post-15464","post","type-post","status-publish","format-standard","has-post-thumbnail","hentry","category-seismes-et-volcans","tag-atlantique","tag-effondrement","tag-eruption","tag-ocean","tag-tsunami","tag-volcan","wpcat-19-id"],"jetpack_publicize_connections":[],"jetpack_featured_media_url":"https:\/\/i0.wp.com\/www.laterredufutur.com\/accueil\/wp-content\/uploads\/2017\/06\/volcan-de-fogo.jpg?fit=1000%2C482&ssl=1","jetpack_shortlink":"https:\/\/wp.me\/p631RN-41q","jetpack-related-posts":[{"id":8566,"url":"https:\/\/www.laterredufutur.com\/accueil\/un-mega-tsunami-aurait-completement-submerge-une-ile-du-cap-vert-il-y-a-70-000-ans\/","url_meta":{"origin":15464,"position":0},"title":"Un m\u00e9ga-tsunami aurait compl\u00e8tement submerg\u00e9 une \u00eele du Cap-vert il y a 70 000 ans","author":"Admin","date":"6 octobre 2015","format":false,"excerpt":"En \u00e9tudiant les caract\u00e9ristiques g\u00e9ologiques d'une \u00eele du Cap-Vert, en Afrique, des chercheurs ont retrouv\u00e9 des blocs rocheux sugg\u00e9rant que ceux ont \u00e9t\u00e9 transport\u00e9s par un gigantesque tsunami il y a environ 73.000 ans. L'\u00e9v\u00e9nement est digne des plus grands sc\u00e9narios catastrophe de l'histoire terrestre. Selon des g\u00e9ologues de l'universit\u00e9\u2026","rel":"","context":"Dans &quot;Arch\u00e9ologie&quot;","block_context":{"text":"Arch\u00e9ologie","link":"https:\/\/www.laterredufutur.com\/accueil\/sujets\/archeologie\/"},"img":{"alt_text":"","src":"https:\/\/i0.wp.com\/www.laterredufutur.com\/accueil\/wp-content\/uploads\/2015\/10\/volcan-cap-vert1.jpg?fit=900%2C551&ssl=1&resize=350%2C200","width":350,"height":200,"srcset":"https:\/\/i0.wp.com\/www.laterredufutur.com\/accueil\/wp-content\/uploads\/2015\/10\/volcan-cap-vert1.jpg?fit=900%2C551&ssl=1&resize=350%2C200 1x, https:\/\/i0.wp.com\/www.laterredufutur.com\/accueil\/wp-content\/uploads\/2015\/10\/volcan-cap-vert1.jpg?fit=900%2C551&ssl=1&resize=525%2C300 1.5x, https:\/\/i0.wp.com\/www.laterredufutur.com\/accueil\/wp-content\/uploads\/2015\/10\/volcan-cap-vert1.jpg?fit=900%2C551&ssl=1&resize=700%2C400 2x"},"classes":[]},{"id":23022,"url":"https:\/\/www.laterredufutur.com\/accueil\/un-puissant-essaim-sismique-a-la-palma-suggere-lintrusion-de-magma-dans-le-volcan-cumbre-vieja\/","url_meta":{"origin":15464,"position":1},"title":"Un puissant essaim sismique \u00e0 La Palma sugg\u00e8re l&rsquo;intrusion de magma dans le volcan Cumbre Vieja","author":"Admin","date":"13 septembre 2021","format":false,"excerpt":"Un fort essaim de s\u00e9ismes a d\u00e9but\u00e9 hier sous la zone du volcan La Cumbre Vieja, dans la partie sud de l'\u00eele de La Palma aux Iles Canaries. Aujourd'hui, l'alerte jaune a \u00e9t\u00e9 \u00e9mise pour le volcan de La Palma : Alerte jaune \u00e9mise pour le volcan de La Palma\u2026","rel":"","context":"Dans &quot;Seismes\/Volcans&quot;","block_context":{"text":"Seismes\/Volcans","link":"https:\/\/www.laterredufutur.com\/accueil\/sujets\/seismes-et-volcans\/"},"img":{"alt_text":"","src":"https:\/\/i0.wp.com\/www.laterredufutur.com\/accueil\/wp-content\/uploads\/2018\/03\/cumbre-vieja.jpg?fit=1000%2C666&ssl=1&resize=350%2C200","width":350,"height":200,"srcset":"https:\/\/i0.wp.com\/www.laterredufutur.com\/accueil\/wp-content\/uploads\/2018\/03\/cumbre-vieja.jpg?fit=1000%2C666&ssl=1&resize=350%2C200 1x, https:\/\/i0.wp.com\/www.laterredufutur.com\/accueil\/wp-content\/uploads\/2018\/03\/cumbre-vieja.jpg?fit=1000%2C666&ssl=1&resize=525%2C300 1.5x, https:\/\/i0.wp.com\/www.laterredufutur.com\/accueil\/wp-content\/uploads\/2018\/03\/cumbre-vieja.jpg?fit=1000%2C666&ssl=1&resize=700%2C400 2x"},"classes":[]},{"id":11969,"url":"https:\/\/www.laterredufutur.com\/accueil\/el-cumbre-vieja-un-mega-tsunami-en-preparation-documentaire-fiction\/","url_meta":{"origin":15464,"position":2},"title":"El Cumbre Vieja, un mega tsunami en pr\u00e9paration ? Documentaire Fiction","author":"Admin","date":"5 mai 2016","format":false,"excerpt":"S'il est une chose dont on nous parle peu, c'est bien des v\u00e9ritables risques que nous courons (risque bien plus grand que leur r\u00e9chauffement climatique avec lequel il nous gonflent). La Cumbre Vieja est un volcan sur l'Ile de la Palma aux Canaries\u00a0; depuis 1947 une faille est apparue sur\u2026","rel":"","context":"Dans &quot;Seismes\/Volcans&quot;","block_context":{"text":"Seismes\/Volcans","link":"https:\/\/www.laterredufutur.com\/accueil\/sujets\/seismes-et-volcans\/"},"img":{"alt_text":"","src":"https:\/\/i0.wp.com\/www.laterredufutur.com\/accueil\/wp-content\/uploads\/2004\/12\/cumbre-vieja.jpg?fit=389%2C472&ssl=1&resize=350%2C200","width":350,"height":200},"classes":[]},{"id":17413,"url":"https:\/\/www.laterredufutur.com\/accueil\/un-enorme-mega-tsunamis-pourrait-faire-disparaitre-les-cotes-europeennes-et-americaines-lorsque-un-volcan-des-iles-canaries-fera-irruption\/","url_meta":{"origin":15464,"position":3},"title":"Un \u00ab\u00e9norme\u00bb MEGA-TSUNAMIS pourrait faire dispara\u00eetre les c\u00f4tes europ\u00e9ennes et am\u00e9ricaines lorsque un volcan des \u00eeles Canaries fera irruption","author":"Admin","date":"16 janvier 2019","format":false,"excerpt":"L'un des volcanologues les plus r\u00e9put\u00e9s au monde a averti que si un volcan tr\u00e8s actif sur les \u00eeles Canaries venait \u00e0 entrer en \u00e9ruption, les c\u00f4tes Europ\u00e9ennes, du Royaume-Uni et des \u00c9tats-Unis pourraient \u00eatre d\u00e9vast\u00e9es par d'\u00e9normes m\u00e9ga-tsunamis. Le professeur Stephen Sparks, bas\u00e9 \u00e0 l'universit\u00e9 de Bristol, a fait\u2026","rel":"","context":"Dans &quot;Seismes\/Volcans&quot;","block_context":{"text":"Seismes\/Volcans","link":"https:\/\/www.laterredufutur.com\/accueil\/sujets\/seismes-et-volcans\/"},"img":{"alt_text":"","src":"https:\/\/i0.wp.com\/www.laterredufutur.com\/accueil\/wp-content\/uploads\/2018\/12\/volcan-cumbre-vieja-tsunami-simulation-wave.jpg?fit=810%2C405&ssl=1&resize=350%2C200","width":350,"height":200,"srcset":"https:\/\/i0.wp.com\/www.laterredufutur.com\/accueil\/wp-content\/uploads\/2018\/12\/volcan-cumbre-vieja-tsunami-simulation-wave.jpg?fit=810%2C405&ssl=1&resize=350%2C200 1x, https:\/\/i0.wp.com\/www.laterredufutur.com\/accueil\/wp-content\/uploads\/2018\/12\/volcan-cumbre-vieja-tsunami-simulation-wave.jpg?fit=810%2C405&ssl=1&resize=525%2C300 1.5x, https:\/\/i0.wp.com\/www.laterredufutur.com\/accueil\/wp-content\/uploads\/2018\/12\/volcan-cumbre-vieja-tsunami-simulation-wave.jpg?fit=810%2C405&ssl=1&resize=700%2C400 2x"},"classes":[]},{"id":2598,"url":"https:\/\/www.laterredufutur.com\/accueil\/le-volcan-cumbre-vieja-a-la-palma-bouge\/","url_meta":{"origin":15464,"position":4},"title":"Le volcan Cumbre Vieja \u00e0 La Palma bouge","author":"Admin","date":"21 d\u00e9cembre 2004","format":false,"excerpt":"Et si demain un tsunami de 650 m\u00eatres avait lieu dans l'oc\u00e9an antlantique ? Eh bien ce n'est pas de la fiction, cette \u00e9normit\u00e9 g\u00e9ologique pourrait avoir lieu, et r\u00e9duire les USA et tous les pays d'Am\u00e9rique \u00e0 l'\u00e9tat de pays du tiers monde. Cette apocalypse pourrait avoir lieu \u00e0\u2026","rel":"","context":"Dans &quot;Seismes\/Volcans&quot;","block_context":{"text":"Seismes\/Volcans","link":"https:\/\/www.laterredufutur.com\/accueil\/sujets\/seismes-et-volcans\/"},"img":{"alt_text":"","src":"https:\/\/i0.wp.com\/www.laterredufutur.com\/accueil\/wp-content\/uploads\/2004\/12\/cumbre-vieja.jpg?fit=389%2C472&ssl=1&resize=350%2C200","width":350,"height":200},"classes":[]},{"id":6141,"url":"https:\/\/www.laterredufutur.com\/accueil\/quest-ce-quun-tsunami\/","url_meta":{"origin":15464,"position":5},"title":"Qu&rsquo;est-ce qu&rsquo;un tsunami?","author":"Admin","date":"26 avril 2015","format":false,"excerpt":"Un tsunami est une s\u00e9rie de vagues caus\u00e9e par les tremblements de terre ou les \u00e9ruptions volcaniques sous-marines. Le 18 novembre 1929, un s\u00e9isme de magnitude 7,4 s'est produit \u00e0 255 km\u00a0au sud de Terre-Neuve, \u00e0 la limite sud des Grands Bancs, au Canada. Cette illustration, appel\u00e9e Tsunami Time Travel\u2026","rel":"","context":"Dans &quot;Arch\u00e9ologie&quot;","block_context":{"text":"Arch\u00e9ologie","link":"https:\/\/www.laterredufutur.com\/accueil\/sujets\/archeologie\/"},"img":{"alt_text":"","src":"https:\/\/i0.wp.com\/www.laterredufutur.com\/accueil\/wp-content\/uploads\/2015\/04\/tsunami1.jpg?fit=960%2C376&ssl=1&resize=350%2C200","width":350,"height":200,"srcset":"https:\/\/i0.wp.com\/www.laterredufutur.com\/accueil\/wp-content\/uploads\/2015\/04\/tsunami1.jpg?fit=960%2C376&ssl=1&resize=350%2C200 1x, https:\/\/i0.wp.com\/www.laterredufutur.com\/accueil\/wp-content\/uploads\/2015\/04\/tsunami1.jpg?fit=960%2C376&ssl=1&resize=525%2C300 1.5x, https:\/\/i0.wp.com\/www.laterredufutur.com\/accueil\/wp-content\/uploads\/2015\/04\/tsunami1.jpg?fit=960%2C376&ssl=1&resize=700%2C400 2x"},"classes":[]}],"jetpack_sharing_enabled":true,"_links":{"self":[{"href":"https:\/\/www.laterredufutur.com\/accueil\/wp-json\/wp\/v2\/posts\/15464","targetHints":{"allow":["GET"]}}],"collection":[{"href":"https:\/\/www.laterredufutur.com\/accueil\/wp-json\/wp\/v2\/posts"}],"about":[{"href":"https:\/\/www.laterredufutur.com\/accueil\/wp-json\/wp\/v2\/types\/post"}],"author":[{"embeddable":true,"href":"https:\/\/www.laterredufutur.com\/accueil\/wp-json\/wp\/v2\/users\/1"}],"replies":[{"embeddable":true,"href":"https:\/\/www.laterredufutur.com\/accueil\/wp-json\/wp\/v2\/comments?post=15464"}],"version-history":[{"count":1,"href":"https:\/\/www.laterredufutur.com\/accueil\/wp-json\/wp\/v2\/posts\/15464\/revisions"}],"predecessor-version":[{"id":15466,"href":"https:\/\/www.laterredufutur.com\/accueil\/wp-json\/wp\/v2\/posts\/15464\/revisions\/15466"}],"wp:featuredmedia":[{"embeddable":true,"href":"https:\/\/www.laterredufutur.com\/accueil\/wp-json\/wp\/v2\/media\/15465"}],"wp:attachment":[{"href":"https:\/\/www.laterredufutur.com\/accueil\/wp-json\/wp\/v2\/media?parent=15464"}],"wp:term":[{"taxonomy":"category","embeddable":true,"href":"https:\/\/www.laterredufutur.com\/accueil\/wp-json\/wp\/v2\/categories?post=15464"},{"taxonomy":"post_tag","embeddable":true,"href":"https:\/\/www.laterredufutur.com\/accueil\/wp-json\/wp\/v2\/tags?post=15464"}],"curies":[{"name":"wp","href":"https:\/\/api.w.org\/{rel}","templated":true}]}}