{"id":15152,"date":"2017-05-12T20:00:35","date_gmt":"2017-05-12T18:00:35","guid":{"rendered":"http:\/\/www.laterredufutur.com\/accueil\/?p=15152"},"modified":"2017-05-08T21:28:37","modified_gmt":"2017-05-08T19:28:37","slug":"comment-serait-la-terre-si-les-glaciers-fondaient","status":"publish","type":"post","link":"https:\/\/www.laterredufutur.com\/accueil\/comment-serait-la-terre-si-les-glaciers-fondaient\/","title":{"rendered":"Comment serait la terre si les glaciers fondaient?"},"content":{"rendered":"<div class=\"1665f18d14f35dd9e7566e1a8ac9a3e9\" data-index=\"1\" style=\"float: none; margin:10px 0 10px 0; text-align:center;\">\n<script async src=\"https:\/\/pagead2.googlesyndication.com\/pagead\/js\/adsbygoogle.js\"><\/script>\r\n<ins class=\"adsbygoogle\"\r\n     style=\"display:block; text-align:center;\"\r\n     data-ad-layout=\"in-article\"\r\n     data-ad-format=\"fluid\"\r\n     data-ad-client=\"ca-pub-2860849627502538\"\r\n     data-ad-slot=\"3019501113\"><\/ins>\r\n<script>\r\n     (adsbygoogle = window.adsbygoogle || []).push({});\r\n<\/script>\n<\/div>\n<p>Voici \u00e0 quoi ressemblerait la Terre si toutes les glaces du globe fondaient<\/p>\n<p><span class=\"embed-youtube\" style=\"text-align:center; display: block;\"><iframe loading=\"lazy\" class=\"youtube-player\" width=\"640\" height=\"360\" src=\"https:\/\/www.youtube.com\/embed\/Bh8Pi9RbSOE?version=3&#038;rel=1&#038;showsearch=0&#038;showinfo=1&#038;iv_load_policy=1&#038;fs=1&#038;hl=fr-FR&#038;autohide=2&#038;wmode=transparent\" allowfullscreen=\"true\" style=\"border:0;\" sandbox=\"allow-scripts allow-same-origin allow-popups allow-presentation allow-popups-to-escape-sandbox\"><\/iframe><\/span><\/p><div class=\"1665f18d14f35dd9e7566e1a8ac9a3e9\" data-index=\"2\" style=\"float: none; margin:10px 0 10px 0; text-align:center;\">\n<script async src=\"https:\/\/pagead2.googlesyndication.com\/pagead\/js\/adsbygoogle.js\"><\/script>\r\n<ins class=\"adsbygoogle\"\r\n     style=\"display:block; text-align:center;\"\r\n     data-ad-layout=\"in-article\"\r\n     data-ad-format=\"fluid\"\r\n     data-ad-client=\"ca-pub-2860849627502538\"\r\n     data-ad-slot=\"3019501113\"><\/ins>\r\n<script>\r\n     (adsbygoogle = window.adsbygoogle || []).push({});\r\n<\/script>\n<\/div>\n\n<p>Tout ceci est une th\u00e8se des plus alarmiste, et plus que utopique.<\/p>\n<p class=\"bawpvc-ajax-counter\" data-id=\"15152\">(985)<\/p>\n<!--CusAds0-->\n<div style=\"font-size: 0px; height: 0px; line-height: 0px; margin: 0; padding: 0; clear: both;\"><\/div>","protected":false},"excerpt":{"rendered":"<p>Voici \u00e0 quoi ressemblerait la Terre si toutes les glaces du globe fondaient Tout ceci est une th\u00e8se des plus&#8230;<\/p>\n","protected":false},"author":1,"featured_media":15153,"comment_status":"open","ping_status":"open","sticky":false,"template":"","format":"standard","meta":{"_exactmetrics_skip_tracking":false,"_exactmetrics_sitenote_active":false,"_exactmetrics_sitenote_note":"","_exactmetrics_sitenote_category":0,"ngg_post_thumbnail":0,"jetpack_post_was_ever_published":false,"_jetpack_newsletter_access":"","_jetpack_dont_email_post_to_subs":false,"_jetpack_newsletter_tier_id":0,"_jetpack_memberships_contains_paywalled_content":false,"_jetpack_memberships_contains_paid_content":false,"footnotes":"","jetpack_publicize_message":"Comment serait la terre si les glaciers fondaient? @laterredufutur","jetpack_publicize_feature_enabled":true,"jetpack_social_post_already_shared":true,"jetpack_social_options":{"image_generator_settings":{"template":"highway","default_image_id":0,"font":"","enabled":false},"version":2}},"categories":[31],"tags":[333,188,393,2077,645,684],"class_list":["post-15152","post","type-post","status-publish","format-standard","has-post-thumbnail","hentry","category-divers","tag-eau","tag-europe","tag-fonte","tag-glaces","tag-inondations","tag-video","wpcat-31-id"],"jetpack_publicize_connections":[],"jetpack_featured_media_url":"https:\/\/i0.wp.com\/www.laterredufutur.com\/accueil\/wp-content\/uploads\/2017\/05\/europe.jpg?fit=688%2C510&ssl=1","jetpack_shortlink":"https:\/\/wp.me\/p631RN-3Wo","jetpack-related-posts":[{"id":1656,"url":"https:\/\/www.laterredufutur.com\/accueil\/et-si-toute-la-planete-fondait\/","url_meta":{"origin":15152,"position":0},"title":"Et si toute la plan\u00e8te fondait ?","author":"Admin","date":"28 novembre 2013","format":false,"excerpt":"Apr\u00e8s nous, le d\u00e9luge... La carte qui montre l'ampleur des d\u00e9vastations si toute la glace de la plan\u00e8te fondait Le magazine National Geographic propose sur son site des cartes interactives des r\u00e9gions qui dispara\u00eetraient si toute la glace du globe fondait. Il est heureux que tout ce qui suit n'est\u2026","rel":"","context":"Dans &quot;Divers&quot;","block_context":{"text":"Divers","link":"https:\/\/www.laterredufutur.com\/accueil\/sujets\/divers\/"},"img":{"alt_text":"","src":"https:\/\/i0.wp.com\/www.laterredufutur.com\/wordpress\/wp-content\/uploads\/2013\/11\/fonte-totale4.jpg?resize=350%2C200","width":350,"height":200},"classes":[]},{"id":3661,"url":"https:\/\/www.laterredufutur.com\/accueil\/la-glace-des-poles-fond-plus-vite-que-prevu\/","url_meta":{"origin":15152,"position":1},"title":"La glace des p\u00f4les fond plus vite que pr\u00e9vu","author":"Admin","date":"21 septembre 2006","format":false,"excerpt":"Pendant que la banquise fond, l\u2019apport d\u2019eau douce suppl\u00e9mentaire, suite \u00e0 des pr\u00e9cipitations plus intenses, emp\u00eacherait le Gulf Stream de plonger en Arctique vers les fonds oc\u00e9aniques et donc enrayerait la vaste machine climatique mondiale. Ce qui \u00e0 terme interf\u00e8re, voire bloque en surface le Gulf Stream. Ainsi le Gulf\u2026","rel":"","context":"Dans &quot;Climat&quot;","block_context":{"text":"Climat","link":"https:\/\/www.laterredufutur.com\/accueil\/sujets\/climat\/"},"img":{"alt_text":"","src":"","width":0,"height":0},"classes":[]},{"id":4375,"url":"https:\/\/www.laterredufutur.com\/accueil\/rapports-douteux-sur-la-fonte-antarctique\/","url_meta":{"origin":15152,"position":2},"title":"Rapports Douteux sur la fonte Antarctique","author":"Admin","date":"2 avril 2008","format":false,"excerpt":"La plupart des articles rapportent que tout l'Antarctique fond. Ces rapports sont douteux, parce que c'est principalement la glace sur la p\u00e9ninsule antarctique qui fond. Ici\u00a0 la carte de l'Antarctique. \u00c0 8.850.000\u00a0km carr\u00e9s, ce continent est presque deux fois la taille des Etats-Unis (qui en font\u00a05.630.000\u00a0km carr\u00e9s). Voyez-vous cette petite\u2026","rel":"","context":"Dans &quot;Climat&quot;","block_context":{"text":"Climat","link":"https:\/\/www.laterredufutur.com\/accueil\/sujets\/climat\/"},"img":{"alt_text":"","src":"https:\/\/i0.wp.com\/www.laterredufutur.com\/spaw\/images\/bilde_1.jpg?resize=350%2C200","width":350,"height":200},"classes":[]},{"id":16615,"url":"https:\/\/www.laterredufutur.com\/accueil\/la-montee-et-la-chute-de-lempire-romain-est-reecrite-par-la-glace-cachee-sous-le-groenland\/","url_meta":{"origin":15152,"position":3},"title":"La mont\u00e9e et la chute de l&rsquo;Empire romain est r\u00e9\u00e9crite par la glace cach\u00e9e sous le Groenland","author":"Admin","date":"3 juin 2018","format":false,"excerpt":"L'immensit\u00e9 glaciale du Groenland aurait pu \u00e9chapper \u00e0 l'emprise de l'Empire romain, mais cela ne veut pas dire que les terres glac\u00e9es du Nord ne sentirent jamais les fortunes imp\u00e9riales. Une nouvelle \u00e9tude a fourni un aper\u00e7u \u00e9tonnant, sans pr\u00e9c\u00e9dent dans l'\u00e9volution de la civilisation romaine et grecque ancienne en\u2026","rel":"","context":"Dans &quot;Arch\u00e9ologie&quot;","block_context":{"text":"Arch\u00e9ologie","link":"https:\/\/www.laterredufutur.com\/accueil\/sujets\/archeologie\/"},"img":{"alt_text":"","src":"https:\/\/i0.wp.com\/www.laterredufutur.com\/accueil\/wp-content\/uploads\/2018\/05\/colysee-rome.jpg?fit=1040%2C585&ssl=1&resize=350%2C200","width":350,"height":200,"srcset":"https:\/\/i0.wp.com\/www.laterredufutur.com\/accueil\/wp-content\/uploads\/2018\/05\/colysee-rome.jpg?fit=1040%2C585&ssl=1&resize=350%2C200 1x, https:\/\/i0.wp.com\/www.laterredufutur.com\/accueil\/wp-content\/uploads\/2018\/05\/colysee-rome.jpg?fit=1040%2C585&ssl=1&resize=525%2C300 1.5x, https:\/\/i0.wp.com\/www.laterredufutur.com\/accueil\/wp-content\/uploads\/2018\/05\/colysee-rome.jpg?fit=1040%2C585&ssl=1&resize=700%2C400 2x"},"classes":[]},{"id":17693,"url":"https:\/\/www.laterredufutur.com\/accueil\/la-terre-na-pas-toujours-ete-bleue\/","url_meta":{"origin":15152,"position":4},"title":"La Terre n&rsquo;a pas toujours \u00e9t\u00e9 bleue","author":"Admin","date":"11 f\u00e9vrier 2019","format":false,"excerpt":"Il y a bien longtemps la Terre toute enti\u00e8re \u00e9tait recouverte de glace. Une p\u00e9riode qui a quasiment effac\u00e9 toutes traces g\u00e9ologiques des temps pr\u00e9c\u00e9dents. La Terre est bleue comme une orange, disait le po\u00e8te surr\u00e9aliste Paul Eluard. Dans sa longue histoire, le bleu n'a pas toujours \u00e9t\u00e9 sa couleur.\u2026","rel":"","context":"Dans &quot;Divers&quot;","block_context":{"text":"Divers","link":"https:\/\/www.laterredufutur.com\/accueil\/sujets\/divers\/"},"img":{"alt_text":"","src":"https:\/\/i0.wp.com\/www.laterredufutur.com\/accueil\/wp-content\/uploads\/2019\/01\/terre-bouledeneige.jpg?fit=960%2C413&ssl=1&resize=350%2C200","width":350,"height":200,"srcset":"https:\/\/i0.wp.com\/www.laterredufutur.com\/accueil\/wp-content\/uploads\/2019\/01\/terre-bouledeneige.jpg?fit=960%2C413&ssl=1&resize=350%2C200 1x, https:\/\/i0.wp.com\/www.laterredufutur.com\/accueil\/wp-content\/uploads\/2019\/01\/terre-bouledeneige.jpg?fit=960%2C413&ssl=1&resize=525%2C300 1.5x, https:\/\/i0.wp.com\/www.laterredufutur.com\/accueil\/wp-content\/uploads\/2019\/01\/terre-bouledeneige.jpg?fit=960%2C413&ssl=1&resize=700%2C400 2x"},"classes":[]},{"id":17208,"url":"https:\/\/www.laterredufutur.com\/accueil\/il-y-a-quelque-chose-de-chaud-cache-sous-lantarctique-oriental\/","url_meta":{"origin":15152,"position":5},"title":"Il y a quelque chose de chaud cach\u00e9 sous l&rsquo;Antarctique oriental","author":"Admin","date":"1 d\u00e9cembre 2018","format":false,"excerpt":"Il y a quelque chose de chaud cach\u00e9 sous l'Antarctique oriental et les scientifiques ne savent pas exactement de quoi il s'agit - bien qu'ils aient une certaine id\u00e9e. L'Antarctique de l'Est est un craton (du grec kratos - force) est une partie ancienne et stable de la lithosph\u00e8re continentale\u2026","rel":"","context":"Dans &quot;Climat&quot;","block_context":{"text":"Climat","link":"https:\/\/www.laterredufutur.com\/accueil\/sujets\/climat\/"},"img":{"alt_text":"","src":"https:\/\/i0.wp.com\/www.laterredufutur.com\/accueil\/wp-content\/uploads\/2018\/12\/antarctica-ice-sheet-1.jpg?fit=700%2C393&ssl=1&resize=350%2C200","width":350,"height":200,"srcset":"https:\/\/i0.wp.com\/www.laterredufutur.com\/accueil\/wp-content\/uploads\/2018\/12\/antarctica-ice-sheet-1.jpg?fit=700%2C393&ssl=1&resize=350%2C200 1x, https:\/\/i0.wp.com\/www.laterredufutur.com\/accueil\/wp-content\/uploads\/2018\/12\/antarctica-ice-sheet-1.jpg?fit=700%2C393&ssl=1&resize=525%2C300 1.5x, https:\/\/i0.wp.com\/www.laterredufutur.com\/accueil\/wp-content\/uploads\/2018\/12\/antarctica-ice-sheet-1.jpg?fit=700%2C393&ssl=1&resize=700%2C400 2x"},"classes":[]}],"jetpack_sharing_enabled":true,"_links":{"self":[{"href":"https:\/\/www.laterredufutur.com\/accueil\/wp-json\/wp\/v2\/posts\/15152","targetHints":{"allow":["GET"]}}],"collection":[{"href":"https:\/\/www.laterredufutur.com\/accueil\/wp-json\/wp\/v2\/posts"}],"about":[{"href":"https:\/\/www.laterredufutur.com\/accueil\/wp-json\/wp\/v2\/types\/post"}],"author":[{"embeddable":true,"href":"https:\/\/www.laterredufutur.com\/accueil\/wp-json\/wp\/v2\/users\/1"}],"replies":[{"embeddable":true,"href":"https:\/\/www.laterredufutur.com\/accueil\/wp-json\/wp\/v2\/comments?post=15152"}],"version-history":[{"count":1,"href":"https:\/\/www.laterredufutur.com\/accueil\/wp-json\/wp\/v2\/posts\/15152\/revisions"}],"predecessor-version":[{"id":15154,"href":"https:\/\/www.laterredufutur.com\/accueil\/wp-json\/wp\/v2\/posts\/15152\/revisions\/15154"}],"wp:featuredmedia":[{"embeddable":true,"href":"https:\/\/www.laterredufutur.com\/accueil\/wp-json\/wp\/v2\/media\/15153"}],"wp:attachment":[{"href":"https:\/\/www.laterredufutur.com\/accueil\/wp-json\/wp\/v2\/media?parent=15152"}],"wp:term":[{"taxonomy":"category","embeddable":true,"href":"https:\/\/www.laterredufutur.com\/accueil\/wp-json\/wp\/v2\/categories?post=15152"},{"taxonomy":"post_tag","embeddable":true,"href":"https:\/\/www.laterredufutur.com\/accueil\/wp-json\/wp\/v2\/tags?post=15152"}],"curies":[{"name":"wp","href":"https:\/\/api.w.org\/{rel}","templated":true}]}}