{"id":1493,"date":"2013-08-01T23:00:00","date_gmt":"2013-08-01T22:00:00","guid":{"rendered":"http:\/\/www.laterredufutur.com\/wordpress\/?p=1493"},"modified":"2013-08-01T23:00:00","modified_gmt":"2013-08-01T22:00:00","slug":"comportement-etrange-du-soleil","status":"publish","type":"post","link":"https:\/\/www.laterredufutur.com\/accueil\/comportement-etrange-du-soleil\/","title":{"rendered":"Comportement \u00e9trange du soleil"},"content":{"rendered":"<div class=\"1665f18d14f35dd9e7566e1a8ac9a3e9\" data-index=\"1\" style=\"float: none; margin:10px 0 10px 0; text-align:center;\">\n<script async src=\"https:\/\/pagead2.googlesyndication.com\/pagead\/js\/adsbygoogle.js\"><\/script>\r\n<ins class=\"adsbygoogle\"\r\n     style=\"display:block; text-align:center;\"\r\n     data-ad-layout=\"in-article\"\r\n     data-ad-format=\"fluid\"\r\n     data-ad-client=\"ca-pub-2860849627502538\"\r\n     data-ad-slot=\"3019501113\"><\/ins>\r\n<script>\r\n     (adsbygoogle = window.adsbygoogle || []).push({});\r\n<\/script>\n<\/div>\n<p style=\"text-align: justify;\"><span style=\"color: #000000;\"><span style=\"font-size: small;\"><span style=\"font-family: arial, helvetica, sans-serif;\"><img data-recalc-dims=\"1\" decoding=\"async\" data-attachment-id=\"836\" data-permalink=\"https:\/\/www.laterredufutur.com\/accueil\/le-soleil-est-extremement-calme-scientifiques-inquiets-petit-age-glaciaire-en-vu\/soleil-calme\/\" data-orig-file=\"https:\/\/i0.wp.com\/www.laterredufutur.com\/accueil\/wp-content\/uploads\/2012\/04\/soleil-calme.jpg?fit=225%2C225&amp;ssl=1\" data-orig-size=\"225,225\" data-comments-opened=\"1\" data-image-meta=\"{&quot;aperture&quot;:&quot;0&quot;,&quot;credit&quot;:&quot;&quot;,&quot;camera&quot;:&quot;&quot;,&quot;caption&quot;:&quot;&quot;,&quot;created_timestamp&quot;:&quot;0&quot;,&quot;copyright&quot;:&quot;&quot;,&quot;focal_length&quot;:&quot;0&quot;,&quot;iso&quot;:&quot;0&quot;,&quot;shutter_speed&quot;:&quot;0&quot;,&quot;title&quot;:&quot;&quot;,&quot;orientation&quot;:&quot;0&quot;}\" data-image-title=\"soleil-calme\" data-image-description=\"\" data-image-caption=\"\" data-large-file=\"https:\/\/i0.wp.com\/www.laterredufutur.com\/accueil\/wp-content\/uploads\/2012\/04\/soleil-calme.jpg?fit=225%2C225&amp;ssl=1\" class=\" alignleft size-full wp-image-836\" src=\"https:\/\/i0.wp.com\/www.laterredufutur.com\/wordpress\/wp-content\/uploads\/2012\/04\/soleil-calme.jpg?w=120\" border=\"0\"  style=\"float: left;\" \/>Ceux d&rsquo;entre nous qui ont suivi notre soleil cette ann\u00e9e ont \u00e9t\u00e9 un peu &#8230; d\u00e9\u00e7u.<\/span><\/span><\/span><\/p>\n<p style=\"text-align: justify;\"><span style=\"color: #000000;\"><span style=\"font-size: small;\"><span style=\"font-family: arial, helvetica, sans-serif;\">2013 \u00e9tait cens\u00e9 \u00eatre l&rsquo;ann\u00e9e du maximum d&rsquo;activit\u00e9 solaire (C&rsquo;est le pic du cycle de 11 ans lorsque le nombre de taches solaires est au maximum \u00e0 la surface \u00e0 soleil).<\/span><\/span><\/span><\/p>\n<p style=\"text-align: justify;\"><span style=\"color: #000000;\"><span style=\"font-size: small;\"><span style=\"font-family: arial, helvetica, sans-serif;\">Ces taches solaires, qui sont en fait des zones froides \u00e0 la surface du soleil et sont caus\u00e9es par l&rsquo;activit\u00e9 magn\u00e9tique intense, sont les sites de spectaculaires \u00e9ruptions solaires et des \u00e9jections de masse coronale, qui peut envoyer des milliards de tonnes de mati\u00e8re solaire vers l&rsquo;espace.<\/span><\/span><\/span><\/p>\n<p style=\"text-align: justify;\"><span style=\"color: #000000;\"><span style=\"font-size: small;\"><span style=\"font-family: arial, helvetica, sans-serif;\"> <\/span><\/span><\/span><\/p>\n<p>\u00a0<\/p>\n<p>\u00a0<\/p>\n<p style=\"text-align: justify;\"><span style=\"color: #000000;\"><span style=\"font-size: small;\"><span style=\"font-family: arial, helvetica, sans-serif;\">Mais cette ann\u00e9e, les fortes \u00e9ruptions solaires ne se sont jamais mat\u00e9rialis\u00e9es.<\/span><\/span><\/span><\/p>\n<p style=\"text-align: justify;\"><span style=\"color: #000000;\"><span style=\"font-size: small;\"><span style=\"font-family: arial, helvetica, sans-serif;\">Bien s\u00fbr, nous avons vu une poign\u00e9e de grandes \u00e9ruptions solaires, et quelques CME rapides et suppl\u00e9mentaires, mais les scientifiques disent que notre maximum solaire actuel, connu sous le cycle solaire n\u00b0 24, est le plus faible depuis 100 ans.<\/span><\/span><\/span><\/p>\n<p style=\"text-align: justify;\"><span style=\"color: #000000;\"><span style=\"font-size: small;\"><span style=\"font-family: arial, helvetica, sans-serif;\">Et certains scientifiques pensent que le maximum solaire 25 pourrait \u00eatre encore plus faible.<\/span><\/span><\/span><\/p>\n<p style=\"text-align: justify;\"><span style=\"color: #000000;\"><span style=\"font-size: small;\"><span style=\"font-family: arial, helvetica, sans-serif;\">Pour nous aider \u00e0 comprendre ce qui se passe ici, l&rsquo;American Astronomical Society a demand\u00e9 \u00e0 trois scientifiques solaires de renom de fournir une mise \u00e0 jour sur le maximum d&rsquo;activit\u00e9 solaire 24 lors d&rsquo;une conf\u00e9rence de presse en juillet 2013.<\/span><\/span><\/span><\/p>\n<p style=\"text-align: justify;\"><span style=\"color: #000000;\"><span style=\"font-size: small;\"><span style=\"font-family: arial, helvetica, sans-serif;\">Il s&rsquo;av\u00e8re qu&rsquo;il existe une certaine controverse dans la communaut\u00e9 scientifique \u00e0 propos du pourquoi le maximum d&rsquo;activit\u00e9 solaire de cette ann\u00e9e a \u00e9t\u00e9 si peu spectaculaire.<\/span><\/span><\/span><\/p><div class=\"1665f18d14f35dd9e7566e1a8ac9a3e9\" data-index=\"2\" style=\"float: none; margin:10px 0 10px 0; text-align:center;\">\n<script async src=\"https:\/\/pagead2.googlesyndication.com\/pagead\/js\/adsbygoogle.js\"><\/script>\r\n<ins class=\"adsbygoogle\"\r\n     style=\"display:block; text-align:center;\"\r\n     data-ad-layout=\"in-article\"\r\n     data-ad-format=\"fluid\"\r\n     data-ad-client=\"ca-pub-2860849627502538\"\r\n     data-ad-slot=\"3019501113\"><\/ins>\r\n<script>\r\n     (adsbygoogle = window.adsbygoogle || []).push({});\r\n<\/script>\n<\/div>\n\n<p><center><script async src=\"\/\/pagead2.googlesyndication.com\/pagead\/js\/adsbygoogle.js\"><\/script> <!-- marseille picture 4 --> <ins class=\"adsbygoogle\"      style=\"display:inline-block;width:250px;height:250px\"      data-ad-client=\"ca-pub-2860849627502538\"      data-ad-slot=\"9478982517\"><\/ins> <script> (adsbygoogle = window.adsbygoogle || []).push({}); <\/script><\/center> <\/p>\n<p style=\"text-align: justify;\"><span style=\"color: #000000;\"><span style=\"font-size: small;\"><span style=\"font-family: arial, helvetica, sans-serif;\">Une th\u00e9orie est que la faiblesse de maximum d&rsquo;activit\u00e9 solaire de cette ann\u00e9e est partie d&rsquo;un cycle solaire de 100 ans.<\/span><\/span><\/span><\/p>\n<p style=\"text-align: justify;\"><span style=\"color: #000000;\"><span style=\"font-size: small;\"><span style=\"font-family: arial, helvetica, sans-serif;\">Les graphs remontant aux ann\u00e9es 1700 montrent que le nombre de taches solaires au cours des maximums solaires est beaucoup plus faible que le nombre de taches solaires au cours des maximums solaires du XXeme si\u00e8cle.<\/span><\/span><\/span><\/p>\n<p style=\"text-align: justify;\"><span style=\"color: #000000;\"><span style=\"font-size: small;\"><span style=\"font-family: arial, helvetica, sans-serif;\">Lorsqu&rsquo;on lui a demand\u00e9 ce qui a caus\u00e9 les cycles depuis 100ans, le scientifiques ont admis qu&rsquo;ils ne savaient pas.<\/span><\/span><\/span><\/p>\n<p style=\"text-align: justify;\"><span style=\"color: #000000;\"><span style=\"font-size: small;\"><span style=\"font-family: arial, helvetica, sans-serif;\">D&rsquo;autres scientifiques ne sont pas convaincus que la faiblesse du maximum d&rsquo;activit\u00e9 solaire de cette ann\u00e9e fait partie des cycles depuis 100 ans, et n&rsquo;ont pas exclu la possibilit\u00e9 que le soleil pourrait \u00eatre sur le point d&rsquo;atteindre un Minimum de Maunder, une \u00e9poque sans presque aucune taches solaires. La derni\u00e8re Minimum de Maunder a \u00e9t\u00e9 observ\u00e9e en 1645. Toutefois, la derni\u00e8re fois qu&rsquo;il y a eu un Minimum de Maunder, il a \u00e9t\u00e9 pr\u00e9c\u00e9d\u00e9 par un nombre relativement fort de maximum d&rsquo;activit\u00e9 solaire.<\/span><\/span><\/span><\/p>\n<p style=\"text-align: justify;\"><span style=\"line-height: 1.3em;\"><span style=\"color: #000000;\"><span style=\"font-size: small;\"><span style=\"font-family: arial, helvetica, sans-serif;\">Personne ne sait exactement ce qui se passe sur le Soleil, car il y a peu de temps que nous l&rsquo;\u00e9tudions \u00e0 cause des instruments scientifiques \u00e0 notre port\u00e9e et \u00e9galement des dur\u00e9es \u00e9tudi\u00e9es. Ainsi beaucoup de son comportement reste un myst\u00e8re.<\/span><\/span><\/span><\/span><\/p>\n<p style=\"text-align: justify;\"><span style=\"line-height: 1.3em;\"><span style=\"color: #000000;\"><span style=\"font-size: small;\"><span style=\"font-family: arial, helvetica, sans-serif;\"><a href=\"..\/\/\">Traduction et adaptation de la Terre du Futur<\/a><\/span><\/span><\/span><\/span><\/p>\n<p style=\"text-align: justify;\"><span style=\"line-height: 1.3em;\"><span style=\"color: #000000;\"><span style=\"font-size: small;\"><span style=\"font-family: arial, helvetica, sans-serif;\">source :\u00a0http:\/\/www.latimes.com<\/span><\/span><\/span><\/span><\/p>\n<p class=\"bawpvc-ajax-counter\" data-id=\"1493\">(1007)<\/p>\n<!--CusAds0-->\n<div style=\"font-size: 0px; height: 0px; line-height: 0px; margin: 0; padding: 0; clear: both;\"><\/div>","protected":false},"excerpt":{"rendered":"<p style=\"text-align: justify;\"><span style=\"color: #000000;\"><span style=\"font-size: small;\"><span style=\"font-family: arial, helvetica, sans-serif;\"><img decoding=\"async\" class=\" alignleft size-full wp-image-836\" src=\"http:\/\/www.laterredufutur.com\/wordpress\/wp-content\/uploads\/2012\/04\/soleil-calme.jpg\" border=\"0\" width=\"120\" style=\"float: left;\" \/>Ceux d&rsquo;entre nous qui ont suivi notre soleil cette ann\u00e9e ont \u00e9t\u00e9 un peu &#8230; d\u00e9\u00e7u.<\/span><\/span><\/span><\/p>\n<p style=\"text-align: justify;\"><span style=\"color: #000000;\"><span style=\"font-size: small;\"><span style=\"font-family: arial, helvetica, sans-serif;\">2013 \u00e9tait cens\u00e9 \u00eatre l&rsquo;ann\u00e9e du maximum d&rsquo;activit\u00e9 solaire (C&rsquo;est le pic du cycle de 11 ans lorsque le nombre de taches solaires est au maximum \u00e0 la surface \u00e0 soleil).<\/span><\/span><\/span><\/p>\n<p style=\"text-align: justify;\"><span style=\"color: #000000;\"><span style=\"font-size: small;\"><span style=\"font-family: arial, helvetica, sans-serif;\">Ces taches solaires, qui sont en fait des zones froides \u00e0 la surface du soleil et sont caus\u00e9es par l&rsquo;activit\u00e9 magn\u00e9tique intense, sont les sites de spectaculaires \u00e9ruptions solaires et des \u00e9jections de masse coronale, qui peut envoyer des milliards de tonnes de mati\u00e8re solaire vers l&rsquo;espace.<\/span><\/span><\/span><\/p>\n<p style=\"text-align: justify;\"><span style=\"color: #000000;\"><span style=\"font-size: small;\"><span style=\"font-family: arial, helvetica, sans-serif;\"> <\/span><\/span><\/span><\/p>\n","protected":false},"author":1,"featured_media":836,"comment_status":"open","ping_status":"open","sticky":false,"template":"","format":"standard","meta":{"_exactmetrics_skip_tracking":false,"_exactmetrics_sitenote_active":false,"_exactmetrics_sitenote_note":"","_exactmetrics_sitenote_category":0,"ngg_post_thumbnail":0,"jetpack_post_was_ever_published":false,"_jetpack_newsletter_access":"","_jetpack_dont_email_post_to_subs":false,"_jetpack_newsletter_tier_id":0,"_jetpack_memberships_contains_paywalled_content":false,"_jetpack_memberships_contains_paid_content":false,"footnotes":"","jetpack_publicize_message":"","jetpack_publicize_feature_enabled":true,"jetpack_social_post_already_shared":false,"jetpack_social_options":{"image_generator_settings":{"template":"highway","default_image_id":0,"font":"","enabled":false},"version":2}},"categories":[24],"tags":[70,616,1114,1242,73,1550,1460,137,37],"class_list":["post-1493","post","type-post","status-publish","format-standard","has-post-thumbnail","hentry","category-soleil","tag-cycle","tag-cycle-24","tag-cycle-25","tag-cycle-solaire","tag-maunder","tag-maximum","tag-mystere","tag-solaire","tag-soleil","wpcat-24-id"],"jetpack_publicize_connections":[],"jetpack_featured_media_url":"https:\/\/i0.wp.com\/www.laterredufutur.com\/accueil\/wp-content\/uploads\/2012\/04\/soleil-calme.jpg?fit=225%2C225&ssl=1","jetpack_shortlink":"https:\/\/wp.me\/p631RN-o5","jetpack-related-posts":[{"id":1314,"url":"https:\/\/www.laterredufutur.com\/accueil\/le-cycle-solaire-24-actuel-aurait-2-maxis\/","url_meta":{"origin":1493,"position":0},"title":"Le cycle solaire 24 actuel aurait 2 maxis","author":"Admin","date":"21 mars 2013","format":false,"excerpt":"Quelque chose d'inattendu se passe actuellement sur le soleil. 2013 est cens\u00e9 \u00eatre l'ann\u00e9e du maximum \u00a0solaire, le pic du cycle des taches solaires de 11 ans. Pourtant, 2013 est arriv\u00e9 et l'activit\u00e9 solaire est relativement faible. Le Nombre de taches solaires sont bien en dessous de leurs valeurs de\u2026","rel":"","context":"Dans &quot;Soleil&quot;","block_context":{"text":"Soleil","link":"https:\/\/www.laterredufutur.com\/accueil\/sujets\/soleil\/"},"img":{"alt_text":"","src":"https:\/\/i0.wp.com\/www.laterredufutur.com\/accueil\/wp-content\/uploads\/2012\/04\/soleil-calme.jpg?fit=225%2C225&ssl=1&resize=350%2C200","width":350,"height":200},"classes":[]},{"id":1495,"url":"https:\/\/www.laterredufutur.com\/accueil\/lactivite-solaire-actuelle-peut-declencher-un-pag\/","url_meta":{"origin":1493,"position":1},"title":"L&rsquo;activit\u00e9 solaire actuelle peut d\u00e9clencher un PAG","author":"Admin","date":"4 ao\u00fbt 2013","format":false,"excerpt":"Le soleil agit bizarrement et les scientifiques n'ont aucune id\u00e9e du pourquoi. L'activit\u00e9 solaire est en d\u00e9clin graduel, un changement de norme qui dans le pass\u00e9 a d\u00e9clench\u00e9 un PAG (Petit Age Glaciaire), c'\u00e9tait il y a \u00a0300 ans. Trois \u00e9minents scientifiques solaires ont pr\u00e9sent\u00e9 les plus r\u00e9centes donn\u00e9es sur\u2026","rel":"","context":"Dans &quot;Climat&quot;","block_context":{"text":"Climat","link":"https:\/\/www.laterredufutur.com\/accueil\/sujets\/climat\/"},"img":{"alt_text":"","src":"","width":0,"height":0},"classes":[]},{"id":1224,"url":"https:\/\/www.laterredufutur.com\/accueil\/le-maximum-solaire-approche-dans-un-calme-extraordinaire\/","url_meta":{"origin":1493,"position":2},"title":"Le Maximum solaire approche dans un calme extraordinaire","author":"Admin","date":"13 janvier 2013","format":false,"excerpt":"Les \u00e9tudes scientifiques r\u00e9v\u00e8lent une certaine confusion sur cette activit\u00e9 de notre \u00e9toile. En effet, le maximum du cycle solaire N\u00b024 actuel est attendu pour cette ann\u00e9e. Ce maximum solaire reste tr\u00e8s faible dans un calme inhabituel. Les t\u00e2ches solaires actuelles sont num\u00e9rot\u00e9es alors que la majorit\u00e9 d'entre elles restent\u00a0insignifiantes.\u2026","rel":"","context":"Dans &quot;Soleil&quot;","block_context":{"text":"Soleil","link":"https:\/\/www.laterredufutur.com\/accueil\/sujets\/soleil\/"},"img":{"alt_text":"","src":"","width":0,"height":0},"classes":[]},{"id":848,"url":"https:\/\/www.laterredufutur.com\/accueil\/le-cycle-solaire-25-sera-encore-plus-faible-que-prevu\/","url_meta":{"origin":1493,"position":3},"title":"Le cycle solaire 25 sera encore plus faible que pr\u00e9vu","author":"Admin","date":"15 avril 2012","format":false,"excerpt":"Les pr\u00e9visions de David Hathaway \u00e9tablissent que le cycle solaire N\u00b025 sera pire que pr\u00e9vu. Pour ceux d'entre vous qui suivent les pr\u00e9visions du cycle solaire de David Hathaway, elles ne sont pas tr\u00e8s bonnes pour le cycle solaire N\u00b025. Le cycle solaire 25 devrait commencer vers la fin de\u2026","rel":"","context":"Dans &quot;Soleil&quot;","block_context":{"text":"Soleil","link":"https:\/\/www.laterredufutur.com\/accueil\/sujets\/soleil\/"},"img":{"alt_text":"cycle 24","src":"http:\/\/www.laterredufutur.com\/wordpress\/wp-content\/uploads\/2012\/04\/cycle24.bmp","width":350,"height":200},"classes":[]},{"id":18593,"url":"https:\/\/www.laterredufutur.com\/accueil\/le-soleil-est-plus-calme-que-la-normale-mais-pas-de-panique\/","url_meta":{"origin":1493,"position":4},"title":"Le soleil est plus calme que la normale, mais pas de panique !","author":"Admin","date":"13 mars 2019","format":false,"excerpt":"Certains craignent que nous nous dirigions vers un autre petit \u00e2ge glaciaire, mais les scientifiques disent que c'est peu probable. Le soleil est calme\u2026 tr\u00e8s calme. En f\u00e9vrier, pour la premi\u00e8re fois depuis ao\u00fbt 2008, le soleil a pass\u00e9 un mois entier sans taches solaires. Les taches solaires sont des\u2026","rel":"","context":"Dans &quot;Soleil&quot;","block_context":{"text":"Soleil","link":"https:\/\/www.laterredufutur.com\/accueil\/sujets\/soleil\/"},"img":{"alt_text":"","src":"https:\/\/i0.wp.com\/www.laterredufutur.com\/accueil\/wp-content\/uploads\/2019\/03\/soleil-1.jpg?fit=780%2C439&ssl=1&resize=350%2C200","width":350,"height":200,"srcset":"https:\/\/i0.wp.com\/www.laterredufutur.com\/accueil\/wp-content\/uploads\/2019\/03\/soleil-1.jpg?fit=780%2C439&ssl=1&resize=350%2C200 1x, https:\/\/i0.wp.com\/www.laterredufutur.com\/accueil\/wp-content\/uploads\/2019\/03\/soleil-1.jpg?fit=780%2C439&ssl=1&resize=525%2C300 1.5x, https:\/\/i0.wp.com\/www.laterredufutur.com\/accueil\/wp-content\/uploads\/2019\/03\/soleil-1.jpg?fit=780%2C439&ssl=1&resize=700%2C400 2x"},"classes":[]},{"id":13913,"url":"https:\/\/www.laterredufutur.com\/accueil\/suivi-de-lactivite-solaire-novembre-2016\/","url_meta":{"origin":1493,"position":5},"title":"Suivi de l\u2019activit\u00e9 solaire Novembre 2016","author":"Admin","date":"6 novembre 2016","format":false,"excerpt":"Voici le suivi solaire et technique de notre expert Cartesien. L\u2019activit\u00e9 solaire continue sa lente descente dans son propre cycle n\u00b0 24. Le Soleil passe par des cycles de 11 ans chacun. Le cycle actuel a commenc\u00e9 en 2008, et aujourd'hui les chercheurs observent le plus petit nombre de taches\u2026","rel":"","context":"Dans &quot;Soleil&quot;","block_context":{"text":"Soleil","link":"https:\/\/www.laterredufutur.com\/accueil\/sujets\/soleil\/"},"img":{"alt_text":"","src":"https:\/\/i0.wp.com\/www.laterredufutur.com\/accueil\/wp-content\/uploads\/2016\/11\/soleil-1nov2016-2.gif?fit=1024%2C1024&ssl=1&resize=350%2C200","width":350,"height":200,"srcset":"https:\/\/i0.wp.com\/www.laterredufutur.com\/accueil\/wp-content\/uploads\/2016\/11\/soleil-1nov2016-2.gif?fit=1024%2C1024&ssl=1&resize=350%2C200 1x, https:\/\/i0.wp.com\/www.laterredufutur.com\/accueil\/wp-content\/uploads\/2016\/11\/soleil-1nov2016-2.gif?fit=1024%2C1024&ssl=1&resize=525%2C300 1.5x, https:\/\/i0.wp.com\/www.laterredufutur.com\/accueil\/wp-content\/uploads\/2016\/11\/soleil-1nov2016-2.gif?fit=1024%2C1024&ssl=1&resize=700%2C400 2x"},"classes":[]}],"jetpack_sharing_enabled":true,"_links":{"self":[{"href":"https:\/\/www.laterredufutur.com\/accueil\/wp-json\/wp\/v2\/posts\/1493","targetHints":{"allow":["GET"]}}],"collection":[{"href":"https:\/\/www.laterredufutur.com\/accueil\/wp-json\/wp\/v2\/posts"}],"about":[{"href":"https:\/\/www.laterredufutur.com\/accueil\/wp-json\/wp\/v2\/types\/post"}],"author":[{"embeddable":true,"href":"https:\/\/www.laterredufutur.com\/accueil\/wp-json\/wp\/v2\/users\/1"}],"replies":[{"embeddable":true,"href":"https:\/\/www.laterredufutur.com\/accueil\/wp-json\/wp\/v2\/comments?post=1493"}],"version-history":[{"count":0,"href":"https:\/\/www.laterredufutur.com\/accueil\/wp-json\/wp\/v2\/posts\/1493\/revisions"}],"wp:featuredmedia":[{"embeddable":true,"href":"https:\/\/www.laterredufutur.com\/accueil\/wp-json\/wp\/v2\/media\/836"}],"wp:attachment":[{"href":"https:\/\/www.laterredufutur.com\/accueil\/wp-json\/wp\/v2\/media?parent=1493"}],"wp:term":[{"taxonomy":"category","embeddable":true,"href":"https:\/\/www.laterredufutur.com\/accueil\/wp-json\/wp\/v2\/categories?post=1493"},{"taxonomy":"post_tag","embeddable":true,"href":"https:\/\/www.laterredufutur.com\/accueil\/wp-json\/wp\/v2\/tags?post=1493"}],"curies":[{"name":"wp","href":"https:\/\/api.w.org\/{rel}","templated":true}]}}