{"id":1492,"date":"2013-08-08T23:00:00","date_gmt":"2013-08-08T22:00:00","guid":{"rendered":"http:\/\/www.laterredufutur.com\/wordpress\/?p=1492"},"modified":"2013-08-08T23:00:00","modified_gmt":"2013-08-08T22:00:00","slug":"rechauffement-climatique-erreur-il-faut-dire-qrefroidissement-climatiqueq","status":"publish","type":"post","link":"https:\/\/www.laterredufutur.com\/accueil\/rechauffement-climatique-erreur-il-faut-dire-qrefroidissement-climatiqueq\/","title":{"rendered":"R\u00e9chauffement climatique ? Erreur, il faut dire \u00ab\u00a0Refroidissement climatique\u00a0\u00bb !"},"content":{"rendered":"<div class=\"1665f18d14f35dd9e7566e1a8ac9a3e9\" data-index=\"1\" style=\"float: none; margin:10px 0 10px 0; text-align:center;\">\n<script async src=\"https:\/\/pagead2.googlesyndication.com\/pagead\/js\/adsbygoogle.js\"><\/script>\r\n<ins class=\"adsbygoogle\"\r\n     style=\"display:block; text-align:center;\"\r\n     data-ad-layout=\"in-article\"\r\n     data-ad-format=\"fluid\"\r\n     data-ad-client=\"ca-pub-2860849627502538\"\r\n     data-ad-slot=\"3019501113\"><\/ins>\r\n<script>\r\n     (adsbygoogle = window.adsbygoogle || []).push({});\r\n<\/script>\n<\/div>\n<p style=\"text-align: justify;\"><span style=\"color: #000000;\"><img data-recalc-dims=\"1\" decoding=\"async\" data-attachment-id=\"1126\" data-permalink=\"https:\/\/www.laterredufutur.com\/accueil\/les-temps-changent-et-si-le-giec-avait-raison\/secheresse-1\/\" data-orig-file=\"https:\/\/i0.wp.com\/www.laterredufutur.com\/accueil\/wp-content\/uploads\/2012\/11\/secheresse-1.jpg?fit=640%2C451&amp;ssl=1\" data-orig-size=\"640,451\" data-comments-opened=\"1\" data-image-meta=\"{&quot;aperture&quot;:&quot;0&quot;,&quot;credit&quot;:&quot;&quot;,&quot;camera&quot;:&quot;&quot;,&quot;caption&quot;:&quot;&quot;,&quot;created_timestamp&quot;:&quot;0&quot;,&quot;copyright&quot;:&quot;&quot;,&quot;focal_length&quot;:&quot;0&quot;,&quot;iso&quot;:&quot;0&quot;,&quot;shutter_speed&quot;:&quot;0&quot;,&quot;title&quot;:&quot;&quot;,&quot;orientation&quot;:&quot;1&quot;}\" data-image-title=\"secheresse-1\" data-image-description=\"\" data-image-caption=\"\" data-large-file=\"https:\/\/i0.wp.com\/www.laterredufutur.com\/accueil\/wp-content\/uploads\/2012\/11\/secheresse-1.jpg?fit=640%2C451&amp;ssl=1\" class=\" alignleft size-full wp-image-1126\" src=\"https:\/\/i0.wp.com\/www.laterredufutur.com\/wordpress\/wp-content\/uploads\/2012\/11\/secheresse-1.jpg?w=120\" border=\"0\"  style=\"float: left;\" \/>C\u2019est assez curieux pour ne pas dire surprenant qu\u2019un rapport de la NASA datant de mars 2012 puisse avoir \u00e9t\u00e9 compl\u00e8tement ignor\u00e9 des tenants du r\u00e9chauffement climatique, mais c\u2019est bien s\u00fbr ! <\/span><\/p>\n<p style=\"text-align: justify;\"><span style=\"color: #000000;\">Ce rapport vient contredire frontalement les all\u00e9gations du GIEC \u00e0 propos des effets potentiellement d\u00e9vastateurs de l\u2019augmentation du CO2 d\u00fb \u00e0 l\u2019activit\u00e9 humaine dans l\u2019atmosph\u00e8re. C\u2019est tout le contraire que la NASA a incidemment d\u00e9couvert \u00e0 la suite d\u2019une importante \u00e9ruption solaire qui eut lieu en mars 2012.<\/span><\/p>\n<p style=\"text-align: justify;\"><span style=\"color: #000000;\"><br \/><\/span><\/p>\n<p style=\"text-align: justify;\"><span style=\"color: #000000;\"> <\/span><\/p>\n<p>\u00a0<\/p>\n<p>\u00a0<\/p>\n<p style=\"text-align: justify;\"><span style=\"color: #000000;\">Gr\u00e2ce aux effets combin\u00e9s du CO2 et des oxydes d\u2019azote qui se trouvent dans la thermosph\u00e8re, la couche sup\u00e9rieure de l\u2019atmosph\u00e8re situ\u00e9e entre 95 et 600 km d\u2019altitude, l\u2019\u00e9nergie solaire est plus efficacement repouss\u00e9e dans l\u2019espace. La NASA compte pourtant dans son staff le Docteur James Hansen, un fervent d\u00e9fenseur de la th\u00e9orie du r\u00e9chauffement climatique dont les id\u00e9es ont inspir\u00e9 la mascarade filmographique d\u2019Al Gore que tout le monde a gob\u00e9 sans moufter.<\/span><\/p>\n<p style=\"text-align: justify;\"><span style=\"line-height: 1.3em;\"><span style=\"color: #000000;\">Bref, pour dire les choses plus clairement, la thermosph\u00e8re joue le r\u00f4le de miroir pour les effluves constantes de chaleur provenant du soleil, miroir d\u2019autant plus efficient que l\u2019atmosph\u00e8re s\u2019enrichit en CO2. Juste un petit rappel, le soleil inonde litt\u00e9ralement la terre d\u2019\u00e9nergie, plus de dix mille fois ce que l\u2019homme produit en br\u00fblant des combustibles fossiles ou de l\u2019uranium cr\u00e9ant ce que l\u2019on appelle le r\u00e9chauffement d\u2019origine humaine, autant dire que les alarmistes prennent vraiment les gens pour des cons, surtout les politiciens, qui comme je me plais \u00e0 le r\u00e9p\u00e9ter dans mes billets n\u2019y comprennent rien du tout et en particulier les \u00e9cologistes prisonniers de leur id\u00e9ologie sectaire, ce qui est pire encore. <\/span><\/span><\/p>\n<p style=\"text-align: justify;\"><span style=\"line-height: 1.3em;\"><span style=\"color: #000000;\">La d\u00e9couverte de la NASA remet donc tout en question. La supercherie dont je parlais dans un pr\u00e9c\u00e9dent billet est enfin d\u00e9couverte, preuves \u00e0 l\u2019appui, et comme l\u2019ann\u00e9e 2013 sera celle d\u2019un paroxysme d\u2019activit\u00e9 solaire avant un nouveau cycle d\u2019endormissement -les cycles solaires durent 11 ans \u2013 la NASA aura tout le loisir de v\u00e9rifier cette d\u00e9couverte.<\/span><\/span><\/p><div class=\"1665f18d14f35dd9e7566e1a8ac9a3e9\" data-index=\"2\" style=\"float: none; margin:10px 0 10px 0; text-align:center;\">\n<script async src=\"https:\/\/pagead2.googlesyndication.com\/pagead\/js\/adsbygoogle.js\"><\/script>\r\n<ins class=\"adsbygoogle\"\r\n     style=\"display:block; text-align:center;\"\r\n     data-ad-layout=\"in-article\"\r\n     data-ad-format=\"fluid\"\r\n     data-ad-client=\"ca-pub-2860849627502538\"\r\n     data-ad-slot=\"3019501113\"><\/ins>\r\n<script>\r\n     (adsbygoogle = window.adsbygoogle || []).push({});\r\n<\/script>\n<\/div>\n\n<p style=\"text-align: justify;\"><span style=\"color: #000000;\">Seul Contrepoints effleure cette information parce qu\u2019il est gravement politiquement incorrect de contester l\u2019effroyable effet des gaz \u00e0 effet de serre puisque c\u2019est d\u2019abord du business (les \u00e9oliennes, les panneaux solaires, la taxe carbone), \u00e7a donne aussi et surtout du grain \u00e0 moudre aux \u00e9colos (on devrait maintenant plut\u00f4t dire \u00ab escrologistes \u00bb pour reprendre l\u2019expression d\u2019un commentateur de Contrepoints dont je vous laisse trouver l\u2019identit\u00e9 en allant sur le site) et enfin \u00e7a occupe notre s\u00e9millante ministre de l\u2019\u00e9nergie et de l\u2019environnement Delphine qui dirige doctement (alors qu\u2019elle n\u2019y connait rien) une \u00e9ni\u00e8me commission pompeusement appel\u00e9e \u00e0 statuer \u2013 en toute objectivit\u00e9 naturellement \u2013 sur le paysage \u00e9nerg\u00e9tico-visuel de la France pour les prochaines d\u00e9cennies. <\/span><\/p>\n<p><center><script async src=\"\/\/pagead2.googlesyndication.com\/pagead\/js\/adsbygoogle.js\"><\/script> <!-- TDF2 --> <ins class=\"adsbygoogle\"      style=\"display:inline-block;width:336px;height:280px\"      data-ad-client=\"ca-pub-2860849627502538\"      data-ad-slot=\"1340140919\"><\/ins> <script> (adsbygoogle = window.adsbygoogle || []).push({}); <\/script><\/center> <\/p>\n<p style=\"text-align: justify;\"><span style=\"color: #000000;\">Quel ambitieux programme vou\u00e9 \u00e0 l\u2019\u00e9chec surtout si l\u2019accumulation ce CO2 dans la thermosph\u00e8re venait \u00e0 entrainer un refroidissement climatique ! Mais je m\u2019excuse aupr\u00e8s des bien-climato-pensants, je viens de mentionner une horreur. Heureusement qu\u2019une des orientations qui sera pr\u00e9conis\u00e9e par cette commission sera une am\u00e9lioration de l\u2019isolation des logements.<\/span><\/p>\n<p style=\"text-align: justify;\"><span style=\"color: #000000;\"> Au moins mes petits enfants seront prot\u00e9g\u00e9s des hivers glac\u00e9s, des printemps non moins r\u00e9frig\u00e9r\u00e9s et des \u00e9t\u00e9 totalement pourris dans des logements douillets gr\u00e2ce \u00e0 la pr\u00e9voyante mansu\u00e9tude de notre Delphine nationale. Je doute d\u2019une quelconque mention de la d\u00e9couverte de la NASA au cours des d\u00e9bats qui ont d\u00e9j\u00e0 lieu sur le package \u00e9nerg\u00e9tique fran\u00e7ais car remplacer les centrales nucl\u00e9aires par des fours \u00e0 charbon ou \u00e0 gaz, ce sera aggraver le refroidissement climatique ! Il faudra alors encore plus de centrales nucl\u00e9aires non polluantes (donc non refroidissantes) pour satisfaire les consommateurs frigorifi\u00e9s. Un vrai casse-t\u00eate pour cette t\u00eate de linotte anti-nucl\u00e9aire !<\/span><\/p>\n<p style=\"text-align: justify;\"><span style=\"color: #000000;\">source du texte issu du blog conseill\u00e9 par TDF :\u00a0<a href=\"http:\/\/jacqueshenry.wordpress.com\">http:\/\/jacqueshenry.wordpress.com<\/a><\/span><\/p>\n<p class=\"bawpvc-ajax-counter\" data-id=\"1492\">(351)<\/p>\n<!--CusAds0-->\n<div style=\"font-size: 0px; height: 0px; line-height: 0px; margin: 0; padding: 0; clear: both;\"><\/div>","protected":false},"excerpt":{"rendered":"<p style=\"text-align: justify;\"><span style=\"color: #000000;\"><img decoding=\"async\" class=\" alignleft size-full wp-image-1126\" src=\"http:\/\/www.laterredufutur.com\/wordpress\/wp-content\/uploads\/2012\/11\/secheresse-1.jpg\" border=\"0\" width=\"120\" style=\"float: left;\" \/>C\u2019est assez curieux pour ne pas dire surprenant qu\u2019un rapport de la NASA datant de mars 2012 puisse avoir \u00e9t\u00e9 compl\u00e8tement ignor\u00e9 des tenants du r\u00e9chauffement climatique, mais c\u2019est bien s\u00fbr ! <\/span><\/p>\n<p style=\"text-align: justify;\"><span style=\"color: #000000;\">Ce rapport vient contredire frontalement les all\u00e9gations du GIEC \u00e0 propos des effets potentiellement d\u00e9vastateurs de l\u2019augmentation du CO2 d\u00fb \u00e0 l\u2019activit\u00e9 humaine dans l\u2019atmosph\u00e8re. C\u2019est tout le contraire que la NASA a incidemment d\u00e9couvert \u00e0 la suite d\u2019une importante \u00e9ruption solaire qui eut lieu en mars 2012.<\/span><\/p>\n<p style=\"text-align: justify;\"><span style=\"color: #000000;\"><br \/><\/span><\/p>\n<p style=\"text-align: justify;\"><span style=\"color: #000000;\"> <\/span><\/p>\n","protected":false},"author":1,"featured_media":1126,"comment_status":"open","ping_status":"open","sticky":false,"template":"","format":"standard","meta":{"_exactmetrics_skip_tracking":false,"_exactmetrics_sitenote_active":false,"_exactmetrics_sitenote_note":"","_exactmetrics_sitenote_category":0,"ngg_post_thumbnail":0,"jetpack_post_was_ever_published":false,"_jetpack_newsletter_access":"","_jetpack_dont_email_post_to_subs":false,"_jetpack_newsletter_tier_id":0,"_jetpack_memberships_contains_paywalled_content":false,"_jetpack_memberships_contains_paid_content":false,"footnotes":"","jetpack_publicize_message":"","jetpack_publicize_feature_enabled":true,"jetpack_social_post_already_shared":false,"jetpack_social_options":{"image_generator_settings":{"template":"highway","default_image_id":0,"font":"","enabled":false},"version":2}},"categories":[20],"tags":[1738,93,1766,365,1829,169],"class_list":["post-1492","post","type-post","status-publish","format-standard","has-post-thumbnail","hentry","category-climat","tag-blog","tag-co2","tag-erreur","tag-giec","tag-mechant","tag-rechauffement-climatique","wpcat-20-id"],"jetpack_publicize_connections":[],"jetpack_featured_media_url":"https:\/\/i0.wp.com\/www.laterredufutur.com\/accueil\/wp-content\/uploads\/2012\/11\/secheresse-1.jpg?fit=640%2C451&ssl=1","jetpack_shortlink":"https:\/\/wp.me\/p631RN-o4","jetpack-related-posts":[{"id":1576,"url":"https:\/\/www.laterredufutur.com\/accueil\/le-rapport-du-giec-15-verites-qui-derangent\/","url_meta":{"origin":1492,"position":0},"title":"Le Rapport du GIEC : 15 v\u00e9rit\u00e9s qui d\u00e9rangent","author":"Admin","date":"1 octobre 2013","format":false,"excerpt":"Ce qui vient d\u2019\u00eatre pr\u00e9sent\u00e9 n'est pas un rapport scientifique mais une synth\u00e8se de science et de politique. Nous allons tenter de le montrer de mani\u00e8re factuelle dans le texte qui suit, en soumettant ce nouveau texte du GIEC au prisme de la critique scientifique. 1. Le rapport du GIEC\u2026","rel":"","context":"Dans &quot;Climat&quot;","block_context":{"text":"Climat","link":"https:\/\/www.laterredufutur.com\/accueil\/sujets\/climat\/"},"img":{"alt_text":"","src":"","width":0,"height":0},"classes":[]},{"id":1204,"url":"https:\/\/www.laterredufutur.com\/accueil\/le-giec-le-rechauffement-climatique-et-le-soleil\/","url_meta":{"origin":1492,"position":1},"title":"Le Giec, le r\u00e9chauffement climatique et le Soleil","author":"Admin","date":"17 d\u00e9cembre 2012","format":false,"excerpt":"Les experts du climat du GIEC sont-ils en train d'admettre \u00e0 leur tour que le soleil joue un r\u00f4le pr\u00e9dominant dans le r\u00e9chauffement climatique ? Cela fait des ann\u00e9es, depuis les premiers rapports \u00e9mis il y a plus de 10 ans qu'on nous affirmait le contraire. D\u00e8s le rapport de\u2026","rel":"","context":"Dans &quot;Soleil&quot;","block_context":{"text":"Soleil","link":"https:\/\/www.laterredufutur.com\/accueil\/sujets\/soleil\/"},"img":{"alt_text":"soleil","src":"https:\/\/i0.wp.com\/www.laterredufutur.com\/wordpress\/wp-content\/uploads\/2011\/06\/soleil.jpg?resize=350%2C200","width":350,"height":200},"classes":[]},{"id":1575,"url":"https:\/\/www.laterredufutur.com\/accueil\/le-grand-barnum\/","url_meta":{"origin":1492,"position":2},"title":"Le Grand Barnum","author":"Admin","date":"25 septembre 2013","format":false,"excerpt":"Le cinqui\u00e8me rapport du GIEC, bien \u00e9vent\u00e9 par les fuites de 2012, nous promet, encore une fois, l'enfer. Le r\u00e9chauffement climatique anthropique ... pardon, la terminologie a chang\u00e9 mais pas la finalit\u00e9 ... donc, disais-je, le changement climatique est, avec 95 % de certitude, l\u2019\u0153uvre malveillante de l'homme. Les d\u00e9cideurs\u2026","rel":"","context":"Dans &quot;Climat&quot;","block_context":{"text":"Climat","link":"https:\/\/www.laterredufutur.com\/accueil\/sujets\/climat\/"},"img":{"alt_text":"","src":"https:\/\/i0.wp.com\/www.laterredufutur.com\/wordpress\/wp-content\/uploads\/2013\/09\/antarctique-septembre2013.jpg?resize=350%2C200","width":350,"height":200},"classes":[]},{"id":810,"url":"https:\/\/www.laterredufutur.com\/accueil\/il-faut-oublier-le-rechauffement-climatique\/","url_meta":{"origin":1492,"position":3},"title":"Il faut oublier le r\u00e9chauffement climatique","author":"Admin","date":"15 mars 2012","format":false,"excerpt":"Oubliez le r\u00e9chauffement mondial car c'est du cycle 25 dont il faut d\u00e9sormais s'inqui\u00e9ter (si les scientifiques de la NASA ont raison, la Tamise pourrait \u00e0 nouveau \u00eatre totalement prise en glace)\u2026 C'est en ces mots que l'excellent site ami\u00a0http:\/\/www.skyfall.fr nous rappelait fin janvier 2012 que le climat n'est pas\u2026","rel":"","context":"Dans &quot;Climat&quot;","block_context":{"text":"Climat","link":"https:\/\/www.laterredufutur.com\/accueil\/sujets\/climat\/"},"img":{"alt_text":"","src":"https:\/\/i0.wp.com\/www.laterredufutur.com\/accueil\/wp-content\/uploads\/2012\/03\/global-temp.jpg?fit=304%2C250&ssl=1&resize=350%2C200","width":350,"height":200},"classes":[]},{"id":1040,"url":"https:\/\/www.laterredufutur.com\/accueil\/quand-greenpeace-reconnaissait-avoir-menti-sur-le-rechauffement-climatique\/","url_meta":{"origin":1492,"position":4},"title":"Quand Greenpeace reconnaissait avoir menti sur le r\u00e9chauffement climatique","author":"Admin","date":"11 septembre 2012","format":false,"excerpt":"Ce qui suit date de 2009. Et pourtant, peu de personnes ont \u00e9t\u00e9 inform\u00e9es. Dans une affaire humiliante pour les tenants d\u2019un r\u00e9chauffement climatique d\u2019origine humaine, le dirigeant de Greenpeace, Gerd Leipold, a \u00e9t\u00e9 forc\u00e9 d'admettre que son organisation a publi\u00e9 des informations trompeuses et exag\u00e9r\u00e9es quand elle a affirm\u00e9\u2026","rel":"","context":"Dans &quot;Climat&quot;","block_context":{"text":"Climat","link":"https:\/\/www.laterredufutur.com\/accueil\/sujets\/climat\/"},"img":{"alt_text":"","src":"","width":0,"height":0},"classes":[]},{"id":1411,"url":"https:\/\/www.laterredufutur.com\/accueil\/fritz-vahrenholt-et-le-climat-une-seconde-opinion\/","url_meta":{"origin":1492,"position":5},"title":"Fritz Vahrenholt et le climat: une seconde opinion","author":"Admin","date":"28 mai 2013","format":false,"excerpt":"Qui connait Fritz Vahrenholt en France? Pas grand monde sans doute. Outre-Rhin par contre c\u2019est une quasi-c\u00e9l\u00e9brit\u00e9: scientifique, militant \u00e9cologiste de la premi\u00e8re heure, membre important du SPD ayant occup\u00e9 plusieurs fonctions li\u00e9es \u00e0 l\u2019environnent, et cela en parall\u00e8le avec une carri\u00e8re professionnelle qui l\u2019a men\u00e9 \u00e0 la t\u00eate de\u2026","rel":"","context":"Dans &quot;Climat&quot;","block_context":{"text":"Climat","link":"https:\/\/www.laterredufutur.com\/accueil\/sujets\/climat\/"},"img":{"alt_text":"","src":"","width":0,"height":0},"classes":[]}],"jetpack_sharing_enabled":true,"_links":{"self":[{"href":"https:\/\/www.laterredufutur.com\/accueil\/wp-json\/wp\/v2\/posts\/1492","targetHints":{"allow":["GET"]}}],"collection":[{"href":"https:\/\/www.laterredufutur.com\/accueil\/wp-json\/wp\/v2\/posts"}],"about":[{"href":"https:\/\/www.laterredufutur.com\/accueil\/wp-json\/wp\/v2\/types\/post"}],"author":[{"embeddable":true,"href":"https:\/\/www.laterredufutur.com\/accueil\/wp-json\/wp\/v2\/users\/1"}],"replies":[{"embeddable":true,"href":"https:\/\/www.laterredufutur.com\/accueil\/wp-json\/wp\/v2\/comments?post=1492"}],"version-history":[{"count":0,"href":"https:\/\/www.laterredufutur.com\/accueil\/wp-json\/wp\/v2\/posts\/1492\/revisions"}],"wp:featuredmedia":[{"embeddable":true,"href":"https:\/\/www.laterredufutur.com\/accueil\/wp-json\/wp\/v2\/media\/1126"}],"wp:attachment":[{"href":"https:\/\/www.laterredufutur.com\/accueil\/wp-json\/wp\/v2\/media?parent=1492"}],"wp:term":[{"taxonomy":"category","embeddable":true,"href":"https:\/\/www.laterredufutur.com\/accueil\/wp-json\/wp\/v2\/categories?post=1492"},{"taxonomy":"post_tag","embeddable":true,"href":"https:\/\/www.laterredufutur.com\/accueil\/wp-json\/wp\/v2\/tags?post=1492"}],"curies":[{"name":"wp","href":"https:\/\/api.w.org\/{rel}","templated":true}]}}