{"id":14912,"date":"2017-03-24T00:00:17","date_gmt":"2017-03-23T23:00:17","guid":{"rendered":"http:\/\/www.laterredufutur.com\/accueil\/?p=14912"},"modified":"2017-03-24T11:58:43","modified_gmt":"2017-03-24T10:58:43","slug":"cette-ile-artificielle-pourrait-fournir-de-lelectricite-a-80-millions-deuropeens","status":"publish","type":"post","link":"https:\/\/www.laterredufutur.com\/accueil\/cette-ile-artificielle-pourrait-fournir-de-lelectricite-a-80-millions-deuropeens\/","title":{"rendered":"Cette \u00eele artificielle pourrait fournir de l&rsquo;\u00e9lectricit\u00e9 \u00e0 80 millions d&rsquo;Europ\u00e9ens"},"content":{"rendered":"<div class=\"1665f18d14f35dd9e7566e1a8ac9a3e9\" data-index=\"1\" style=\"float: none; margin:10px 0 10px 0; text-align:center;\">\n<script async src=\"https:\/\/pagead2.googlesyndication.com\/pagead\/js\/adsbygoogle.js\"><\/script>\r\n<ins class=\"adsbygoogle\"\r\n     style=\"display:block; text-align:center;\"\r\n     data-ad-layout=\"in-article\"\r\n     data-ad-format=\"fluid\"\r\n     data-ad-client=\"ca-pub-2860849627502538\"\r\n     data-ad-slot=\"3019501113\"><\/ins>\r\n<script>\r\n     (adsbygoogle = window.adsbygoogle || []).push({});\r\n<\/script>\n<\/div>\n<p>Une nouvelle \u00eele de 6,5 km\u00b2 pourrait voir le jour en mer du Nord d&rsquo;ici 2050. \u00c9quip\u00e9e de turbines, de panneaux solaires et entour\u00e9e d&rsquo;\u00e9oliennes, cette immense centrale offshore serait en mesure de fournir de l&rsquo;\u00e9lectricit\u00e9 \u00e0 1 Europ\u00e9en sur 6.<\/p>\n<p>Voil\u00e0 peut-\u00eatre l&rsquo;avenir des centrales \u00e9lectriques. Imaginez une \u00eele de 6,5 km\u00b2 (l&rsquo;\u00e9quivalent de 900 terrains de foot) enti\u00e8rement d\u00e9di\u00e9e \u00e0 la production d&rsquo;\u00e9lectricit\u00e9 verte avec des turbines pour l&rsquo;hydraulique, plus de 7.000 \u00e9oliennes ainsi qu&rsquo;une vaste \u00e9tendue de panneaux solaires. C&rsquo;est le projet spectaculaire de Tennet et Energinet (les \u00e9quivalents hollandais et danois d&rsquo;Enedis, anciennement eRDF) qui viennent de d\u00e9voiler les plans de cette centrale polyvalente dont il envisage la construction en mer du Nord.<\/p>\n<p>Leur id\u00e9e est d&rsquo;implanter cette immense unit\u00e9 de production d&rsquo;\u00e9nergie verte sur Dogger Bank, un grand banc de sable situ\u00e9 au milieu de la Mer du Nord \u00e0 100 km des c\u00f4tes britanniques. La profondeur y est tr\u00e8s r\u00e9duite (entre 15 et 36 m\u00e8tres), ce qui faciliterait la construction et rendrait ce chantier relativement peu co\u00fbteux. Selon le Copenhagen Post, la facture s&rsquo;\u00e9l\u00e8verait au maximum \u00e0 1,2 milliard d&rsquo;euros, soit neuf fois moins que l&rsquo;EPR de Flamanville (m\u00eame si EDF avait initialement estim\u00e9 son co\u00fbt \u00e0 3,3 milliards d&rsquo;euros).<\/p>\n<p><iframe loading=\"lazy\" title=\"TenneT Eiland in Noordzee op Doggersbank\" src=\"https:\/\/player.vimeo.com\/video\/170173687?dnt=1&amp;app_id=122963\" width=\"500\" height=\"281\" frameborder=\"0\" allow=\"autoplay; fullscreen; picture-in-picture; clipboard-write\"><\/iframe><\/p><div class=\"1665f18d14f35dd9e7566e1a8ac9a3e9\" data-index=\"2\" style=\"float: none; margin:10px 0 10px 0; text-align:center;\">\n<script async src=\"https:\/\/pagead2.googlesyndication.com\/pagead\/js\/adsbygoogle.js\"><\/script>\r\n<ins class=\"adsbygoogle\"\r\n     style=\"display:block; text-align:center;\"\r\n     data-ad-layout=\"in-article\"\r\n     data-ad-format=\"fluid\"\r\n     data-ad-client=\"ca-pub-2860849627502538\"\r\n     data-ad-slot=\"3019501113\"><\/ins>\r\n<script>\r\n     (adsbygoogle = window.adsbygoogle || []).push({});\r\n<\/script>\n<\/div>\n\n<p>\u00ab\u00a0Pas un projet de science-fiction!\u00a0\u00bb<\/p>\n<p>Cette centrale offshore pourrait produire de l&rsquo;\u00e9lectricit\u00e9 toute l&rsquo;ann\u00e9e gr\u00e2ce aux vents puissants qui soufflent ici l&rsquo;hiver et \u00e0 l&rsquo;ensoleillement tr\u00e8s satisfaisant durant la p\u00e9riode estivale. Reli\u00e9e aux r\u00e9seaux \u00e9lectriques de six pays d&rsquo;Europe (Grande-Bretagne, Danemark, Allemagne, Belgique, Pays-Bas et Norv\u00e8ge) l&rsquo;\u00eele pourrait, selon les estimations d&rsquo;Energinet, fournir de l&rsquo;\u00e9lectricit\u00e9 \u00e0 80 millions d&rsquo;Europ\u00e9ens.<\/p>\n<p>Et, \u00e0 en croire ses promoteurs, le projet est tr\u00e8s cr\u00e9dible: \u00ab\u00a0Nous n&rsquo;avons pas laiss\u00e9 notre imagination prendre le dessus, m\u00eame si sur le papier cela ressemble \u00e0 un projet de science-fiction, insiste Torben Nielsen, le responsable technique d&rsquo;Energinet. Mais l&rsquo;\u00eele Dogger Bank pourrait faire baisser drastiquement le prix de l&rsquo;\u00e9lectricit\u00e9 \u00e9olienne.\u00a0\u00bb<\/p>\n<p>Si, sur le papier, ce projet est r\u00e9aliste, il faudra patienter pour voir cette \u00eele \u00e9merger. Les compagnies TenneT et Energinet ne l&rsquo;envisagent pas avant 2050, le temps de trouver d&rsquo;autres partenaires, d&rsquo;avoir l&rsquo;appui des Etats concern\u00e9s, d&rsquo;obtenir le feu vert des associations environnementales et de trouver le financement. Le 23 mars prochain, TenneT devrait en tout cas annoncer la participation de nouveaux partenaires au projet.<\/p>\n<p>source :&nbsp;<a href=\"http:\/\/bfmbusiness.bfmtv.com\/entreprise\/cette-ile-artificielle-pourrait-fournir-de-l-electricite-a-80-millions-d-europeens-1120944.html\" target=\"_blank\">http:\/\/bfmbusiness.bfmtv.com\/<\/a><\/p>\n<p class=\"bawpvc-ajax-counter\" data-id=\"14912\">(480)<\/p>\n<!--CusAds0-->\n<div style=\"font-size: 0px; height: 0px; line-height: 0px; margin: 0; padding: 0; clear: both;\"><\/div>","protected":false},"excerpt":{"rendered":"<p>Une nouvelle \u00eele de 6,5 km\u00b2 pourrait voir le jour en mer du Nord d&rsquo;ici 2050. \u00c9quip\u00e9e de turbines, de&#8230;<\/p>\n","protected":false},"author":1,"featured_media":14913,"comment_status":"open","ping_status":"open","sticky":false,"template":"","format":"standard","meta":{"_exactmetrics_skip_tracking":false,"_exactmetrics_sitenote_active":false,"_exactmetrics_sitenote_note":"","_exactmetrics_sitenote_category":0,"ngg_post_thumbnail":0,"jetpack_post_was_ever_published":false,"_jetpack_newsletter_access":"","_jetpack_dont_email_post_to_subs":true,"_jetpack_newsletter_tier_id":0,"_jetpack_memberships_contains_paywalled_content":false,"_jetpack_memberships_contains_paid_content":false,"footnotes":"","jetpack_publicize_message":"Cette \u00eele artificielle pourrait fournir de l'\u00e9lectricit\u00e9 \u00e0 80 millions d'Europ\u00e9ens @laterredufutur","jetpack_publicize_feature_enabled":true,"jetpack_social_post_already_shared":true,"jetpack_social_options":{"image_generator_settings":{"template":"highway","default_image_id":0,"font":"","enabled":false},"version":2}},"categories":[26],"tags":[101,139,518,2367],"class_list":["post-14912","post","type-post","status-publish","format-standard","has-post-thumbnail","hentry","category-solutions","tag-energie","tag-eolienne","tag-ile","tag-mer-du-nord","wpcat-26-id"],"jetpack_publicize_connections":[],"jetpack_featured_media_url":"https:\/\/i0.wp.com\/www.laterredufutur.com\/accueil\/wp-content\/uploads\/2017\/03\/ile-energie-mer-du-nord.png?fit=1000%2C562&ssl=1","jetpack_shortlink":"https:\/\/wp.me\/p631RN-3Sw","jetpack-related-posts":[{"id":318,"url":"https:\/\/www.laterredufutur.com\/accueil\/geothermie-en-italie-nouveau-petrole\/","url_meta":{"origin":14912,"position":0},"title":"La g\u00e9othermie pourrait devenir le p\u00e9trole de l&rsquo;Italie","author":"Admin","date":"17 mai 2011","format":false,"excerpt":"Lien fourni par Geomalin - L'Italie poss\u00e8de dans ses eaux territoriales, au large de la Sicile et de la Calabre, le plus grand volcan du monde. Appel\u00e9 Marsili, ce mastodonte mesure plus de 3000 m\u00e8tres de haut mais son sommet se trouve \u00e0 800 m\u00e8tres sous la surface de la\u2026","rel":"","context":"Dans &quot;Solutions&quot;","block_context":{"text":"Solutions","link":"https:\/\/www.laterredufutur.com\/accueil\/sujets\/solutions\/"},"img":{"alt_text":"geothermie","src":"https:\/\/i0.wp.com\/www.laterredufutur.com\/accueil\/wp-content\/uploads\/2011\/05\/geothermie.jpg?fit=490%2C317&ssl=1&resize=350%2C200","width":350,"height":200},"classes":[]},{"id":24142,"url":"https:\/\/www.laterredufutur.com\/accueil\/60-de-la-capacite-de-production-delectricite-du-japon-pourrait-etre-generee-par-une-hydrolienne-geante-de-200-gigawatts\/","url_meta":{"origin":14912,"position":1},"title":"60 % de la capacit\u00e9 de production d\u2019\u00e9lectricit\u00e9 du Japon pourrait \u00eatre g\u00e9n\u00e9r\u00e9e par une hydrolienne g\u00e9ante de 200 gigawatts","author":"Admin","date":"18 juin 2022","format":false,"excerpt":"Apr\u00e8s avoir investi massivement dans le solaire ou l'\u00e9olien, le Japon se tourne d\u00e9sormais vers les courants marins... Une source de production d'\u00e9nergie verte in\u00e9puisable. Le Japon est l\u2019un des pays les plus d\u00e9pendants au monde des combustibles fossiles, et les scientifiques de ce pays cherchent \u00e0 d\u00e9velopper une forme\u2026","rel":"","context":"Dans &quot;Solutions&quot;","block_context":{"text":"Solutions","link":"https:\/\/www.laterredufutur.com\/accueil\/sujets\/solutions\/"},"img":{"alt_text":"","src":"https:\/\/i0.wp.com\/www.laterredufutur.com\/accueil\/wp-content\/uploads\/2022\/06\/hydrolienne2.jpg?fit=1024%2C479&ssl=1&resize=350%2C200","width":350,"height":200,"srcset":"https:\/\/i0.wp.com\/www.laterredufutur.com\/accueil\/wp-content\/uploads\/2022\/06\/hydrolienne2.jpg?fit=1024%2C479&ssl=1&resize=350%2C200 1x, https:\/\/i0.wp.com\/www.laterredufutur.com\/accueil\/wp-content\/uploads\/2022\/06\/hydrolienne2.jpg?fit=1024%2C479&ssl=1&resize=525%2C300 1.5x, https:\/\/i0.wp.com\/www.laterredufutur.com\/accueil\/wp-content\/uploads\/2022\/06\/hydrolienne2.jpg?fit=1024%2C479&ssl=1&resize=700%2C400 2x"},"classes":[]},{"id":16974,"url":"https:\/\/www.laterredufutur.com\/accueil\/les-eoliennes-et-les-centrales-photovoltaiques-pourraient-faire-pleuvoir-dans-le-desert\/","url_meta":{"origin":14912,"position":2},"title":"Les \u00e9oliennes et les centrales photovolta\u00efques pourraient faire pleuvoir dans le d\u00e9sert","author":"Admin","date":"17 septembre 2018","format":false,"excerpt":"L'installation de millions d'\u00e9oliennes et de panneaux solaires sur un cinqui\u00e8me du Sahara conduirait \u00e0 doubler les quantit\u00e9s de pr\u00e9cipitations dans la r\u00e9gion, estime une \u00e9tude th\u00e9orique parue dans la revue Science. L'exercice est th\u00e9orique mais le r\u00e9sultat marquant: des chercheurs ont calcul\u00e9 que l'installation d'immenses centrales d'\u00e9nergies \u00e9olienne et\u2026","rel":"","context":"Dans &quot;Solutions&quot;","block_context":{"text":"Solutions","link":"https:\/\/www.laterredufutur.com\/accueil\/sujets\/solutions\/"},"img":{"alt_text":"","src":"https:\/\/i0.wp.com\/www.laterredufutur.com\/accueil\/wp-content\/uploads\/2018\/09\/eolienne_senegal.jpg?fit=642%2C336&ssl=1&resize=350%2C200","width":350,"height":200,"srcset":"https:\/\/i0.wp.com\/www.laterredufutur.com\/accueil\/wp-content\/uploads\/2018\/09\/eolienne_senegal.jpg?fit=642%2C336&ssl=1&resize=350%2C200 1x, https:\/\/i0.wp.com\/www.laterredufutur.com\/accueil\/wp-content\/uploads\/2018\/09\/eolienne_senegal.jpg?fit=642%2C336&ssl=1&resize=525%2C300 1.5x"},"classes":[]},{"id":24345,"url":"https:\/\/www.laterredufutur.com\/accueil\/les-turbines-flottantes-rotatives-promettent-une-echelle-et-une-puissance-sans-precedent\/","url_meta":{"origin":14912,"position":3},"title":"Les turbines flottantes rotatives promettent une \u00e9chelle et une puissance sans pr\u00e9c\u00e9dent","author":"Admin","date":"30 ao\u00fbt 2022","format":false,"excerpt":"La soci\u00e9t\u00e9 norv\u00e9gienne World Wide Wind propose une approche radicalement diff\u00e9rente de l'\u00e9nergie \u00e9olienne en mer. Ces \u00e9oliennes flottantes \u00e0 axe vertical (VAWT) comportent deux jeux de pales, r\u00e9gl\u00e9es pour tourner en sens inverse, et promettent de doubler la production des plus grandes turbines actuelles. L'implantation de parcs \u00e9oliens au\u2026","rel":"","context":"Dans &quot;Solutions&quot;","block_context":{"text":"Solutions","link":"https:\/\/www.laterredufutur.com\/accueil\/sujets\/solutions\/"},"img":{"alt_text":"","src":"https:\/\/i0.wp.com\/www.laterredufutur.com\/accueil\/wp-content\/uploads\/2022\/08\/eolienne-mer-du-nord-1.jpg?fit=1024%2C1024&ssl=1&resize=350%2C200","width":350,"height":200,"srcset":"https:\/\/i0.wp.com\/www.laterredufutur.com\/accueil\/wp-content\/uploads\/2022\/08\/eolienne-mer-du-nord-1.jpg?fit=1024%2C1024&ssl=1&resize=350%2C200 1x, https:\/\/i0.wp.com\/www.laterredufutur.com\/accueil\/wp-content\/uploads\/2022\/08\/eolienne-mer-du-nord-1.jpg?fit=1024%2C1024&ssl=1&resize=525%2C300 1.5x, https:\/\/i0.wp.com\/www.laterredufutur.com\/accueil\/wp-content\/uploads\/2022\/08\/eolienne-mer-du-nord-1.jpg?fit=1024%2C1024&ssl=1&resize=700%2C400 2x"},"classes":[]},{"id":3361,"url":"https:\/\/www.laterredufutur.com\/accueil\/les-energies-renouvelables-2\/","url_meta":{"origin":14912,"position":4},"title":"Les \u00e9nergies renouvelables","author":"Admin","date":"15 mars 2006","format":false,"excerpt":"Les \u00e9nergies renouvelables (soleil, vent, eau, biomasse) sont pr\u00e9sentes partout. Elles sont in\u00e9puisables gr\u00e2ce aux cycles naturels. Mais elles sont aussi diffuses et pour la plupart irr\u00e9guli\u00e8res. Elles nous demandent donc de l'\u00e9conomie dans nos consommations : une qualit\u00e9 oubli\u00e9e. A moyen terme (5 \u00e0 10 ans), le d\u00e9veloppement de\u2026","rel":"","context":"Dans &quot;Solutions&quot;","block_context":{"text":"Solutions","link":"https:\/\/www.laterredufutur.com\/accueil\/sujets\/solutions\/"},"img":{"alt_text":"","src":"https:\/\/i0.wp.com\/www.laterredufutur.com\/spaw\/images\/img32.gif?resize=350%2C200","width":350,"height":200},"classes":[]},{"id":401,"url":"https:\/\/www.laterredufutur.com\/accueil\/les-energies-renouvelables\/","url_meta":{"origin":14912,"position":5},"title":"Les \u00e9nergies renouvelables","author":"Admin","date":"1 juillet 2011","format":false,"excerpt":"Les \u00e9nergies renouvelables (soleil, vent, eau, biomasse) sont pr\u00e9sentes partout. Elles sont in\u00e9puisables gr\u00e2ce aux cycles naturels. Mais elles sont aussi diffuses et pour la plupart irr\u00e9guli\u00e8res. Elles nous demandent donc de l'\u00e9conomie dans nos consommations : une qualit\u00e9 oubli\u00e9e. A moyen terme (5 \u00e0 10 ans), le d\u00e9veloppement de\u2026","rel":"","context":"Dans &quot;Solutions&quot;","block_context":{"text":"Solutions","link":"https:\/\/www.laterredufutur.com\/accueil\/sujets\/solutions\/"},"img":{"alt_text":"energie renouvelable","src":"https:\/\/i0.wp.com\/www.laterredufutur.com\/wordpress\/wp-content\/uploads\/2011\/07\/energie-renouvelable.jpg?resize=350%2C200","width":350,"height":200},"classes":[]}],"jetpack_sharing_enabled":true,"_links":{"self":[{"href":"https:\/\/www.laterredufutur.com\/accueil\/wp-json\/wp\/v2\/posts\/14912","targetHints":{"allow":["GET"]}}],"collection":[{"href":"https:\/\/www.laterredufutur.com\/accueil\/wp-json\/wp\/v2\/posts"}],"about":[{"href":"https:\/\/www.laterredufutur.com\/accueil\/wp-json\/wp\/v2\/types\/post"}],"author":[{"embeddable":true,"href":"https:\/\/www.laterredufutur.com\/accueil\/wp-json\/wp\/v2\/users\/1"}],"replies":[{"embeddable":true,"href":"https:\/\/www.laterredufutur.com\/accueil\/wp-json\/wp\/v2\/comments?post=14912"}],"version-history":[{"count":2,"href":"https:\/\/www.laterredufutur.com\/accueil\/wp-json\/wp\/v2\/posts\/14912\/revisions"}],"predecessor-version":[{"id":14945,"href":"https:\/\/www.laterredufutur.com\/accueil\/wp-json\/wp\/v2\/posts\/14912\/revisions\/14945"}],"wp:featuredmedia":[{"embeddable":true,"href":"https:\/\/www.laterredufutur.com\/accueil\/wp-json\/wp\/v2\/media\/14913"}],"wp:attachment":[{"href":"https:\/\/www.laterredufutur.com\/accueil\/wp-json\/wp\/v2\/media?parent=14912"}],"wp:term":[{"taxonomy":"category","embeddable":true,"href":"https:\/\/www.laterredufutur.com\/accueil\/wp-json\/wp\/v2\/categories?post=14912"},{"taxonomy":"post_tag","embeddable":true,"href":"https:\/\/www.laterredufutur.com\/accueil\/wp-json\/wp\/v2\/tags?post=14912"}],"curies":[{"name":"wp","href":"https:\/\/api.w.org\/{rel}","templated":true}]}}