{"id":1473,"date":"2013-07-05T23:00:00","date_gmt":"2013-07-05T22:00:00","guid":{"rendered":"http:\/\/www.laterredufutur.com\/wordpress\/?p=1473"},"modified":"2013-07-05T23:00:00","modified_gmt":"2013-07-05T22:00:00","slug":"se-proteger-de-la-chaleur-1","status":"publish","type":"post","link":"https:\/\/www.laterredufutur.com\/accueil\/se-proteger-de-la-chaleur-1\/","title":{"rendered":"Se prot\u00e9ger de la chaleur 1"},"content":{"rendered":"<div class=\"1665f18d14f35dd9e7566e1a8ac9a3e9\" data-index=\"1\" style=\"float: none; margin:10px 0 10px 0; text-align:center;\">\n<script async src=\"https:\/\/pagead2.googlesyndication.com\/pagead\/js\/adsbygoogle.js\"><\/script>\r\n<ins class=\"adsbygoogle\"\r\n     style=\"display:block; text-align:center;\"\r\n     data-ad-layout=\"in-article\"\r\n     data-ad-format=\"fluid\"\r\n     data-ad-client=\"ca-pub-2860849627502538\"\r\n     data-ad-slot=\"3019501113\"><\/ins>\r\n<script>\r\n     (adsbygoogle = window.adsbygoogle || []).push({});\r\n<\/script>\n<\/div>\n<p style=\"text-align: justify;\"><span style=\"line-height: 1.3em;\"><span style=\"color: #000000;\"><span style=\"font-size: small;\"><img data-recalc-dims=\"1\" decoding=\"async\" data-attachment-id=\"1471\" data-permalink=\"https:\/\/www.laterredufutur.com\/accueil\/se-proteger-de-la-chaleur-1\/chaleur\/\" data-orig-file=\"https:\/\/i0.wp.com\/www.laterredufutur.com\/accueil\/wp-content\/uploads\/2013\/07\/chaleur.jpg?fit=225%2C225&amp;ssl=1\" data-orig-size=\"225,225\" data-comments-opened=\"1\" data-image-meta=\"{&quot;aperture&quot;:&quot;0&quot;,&quot;credit&quot;:&quot;&quot;,&quot;camera&quot;:&quot;&quot;,&quot;caption&quot;:&quot;&quot;,&quot;created_timestamp&quot;:&quot;0&quot;,&quot;copyright&quot;:&quot;&quot;,&quot;focal_length&quot;:&quot;0&quot;,&quot;iso&quot;:&quot;0&quot;,&quot;shutter_speed&quot;:&quot;0&quot;,&quot;title&quot;:&quot;&quot;,&quot;orientation&quot;:&quot;0&quot;}\" data-image-title=\"chaleur\" data-image-description=\"\" data-image-caption=\"\" data-large-file=\"https:\/\/i0.wp.com\/www.laterredufutur.com\/accueil\/wp-content\/uploads\/2013\/07\/chaleur.jpg?fit=225%2C225&amp;ssl=1\" class=\" alignleft size-full wp-image-1471\" src=\"https:\/\/i0.wp.com\/www.laterredufutur.com\/wordpress\/wp-content\/uploads\/2013\/07\/chaleur.jpg?w=120\" border=\"0\" alt=\"chaleur\"  style=\"float: left;\" srcset=\"https:\/\/i0.wp.com\/www.laterredufutur.com\/accueil\/wp-content\/uploads\/2013\/07\/chaleur.jpg?w=225&amp;ssl=1 225w, https:\/\/i0.wp.com\/www.laterredufutur.com\/accueil\/wp-content\/uploads\/2013\/07\/chaleur.jpg?resize=150%2C150&amp;ssl=1 150w\" sizes=\"(max-width: 225px) 100vw, 225px\" \/>On peut se prot\u00e9ger de la chaleur en appliquant quelques bonnes vieilles recettes, plut\u00f4t que d&rsquo;avoir recours \u00e0 un climatiseur qui aggrave encore le probl\u00e8me au niveau local et global.<\/span><\/span><\/span><\/p>\n<p style=\"text-align: justify;\"><span style=\"color: #000000;\"><span style=\"font-size: small;\">D\u00e8s que la chaleur s&rsquo;installe, les publicit\u00e9s nous incitent \u00e0 acqu\u00e9rir un petit appareil de climatisation. Or, pour produire du froid, ces appareils consomment beaucoup d&rsquo;\u00e9lectricit\u00e9. Et comme la production d&rsquo;\u00e9lectricit\u00e9 d\u00e9gage du CO2, ils participent au&#8230; r\u00e9chauffement du climat. De plus, les climatiseurs produisent au total davantage de chaleur \u00e0 l&rsquo;ext\u00e9rieur que de froid \u00e0 l&rsquo;int\u00e9rieur: ils contribuent \u00e0 \u00e9chauffer l&rsquo;atmosph\u00e8re estivale de nos villes. Il vaudrait donc mieux adopter quelques mesures de bon sens.<\/span><\/span><\/p>\n<p style=\"text-align: justify;\"><span style=\"color: #000000;\"><span style=\"font-size: small;\">   <br \/><\/span><\/span><\/p>\n<p style=\"text-align: justify;\"><span style=\"color: #000000;\"><span style=\"font-size: small;\">Pendant la journ\u00e9e, on fermera non seulement les volets et les stores, mais aussi les fen\u00eatres. Car si le soleil brille, il fera certainement plus chaud dehors qu\u2019\u00e0 l\u2019int\u00e9rieur. Pour autant, il ne faut pas plonger son appartement dans l\u2019obscurit\u00e9: il suffit d\u2019\u00e9viter l\u2019impact direct du rayonnement solaire. La plupart des plantes d\u2019appartement se contentent d&rsquo;une lumi\u00e8re diffuse.<\/span><\/span><\/p>\n<p style=\"text-align: justify;\"><span style=\"line-height: 1.3em;\"><span style=\"color: #000000;\"><span style=\"font-size: small;\">La nuit, entre 22h et 6h du matin, le d\u00e9fi est d\u2019\u00e9vacuer la chaleur tout en aspirant de l\u2019air frais dans les logements et les bureaux. Il s\u2019agit de cr\u00e9er des courants d\u2019air, par exemple en ouvrant des fen\u00eatres des deux c\u00f4t\u00e9s d\u2019un appartement traversant. Si on habite une maison, on peut ouvrir une fen\u00eatre \u00e0 la cave et une autre \u00e0 l\u2019\u00e9tage (laisser la porte de la cave ouverte!). L\u2019air chaud sera \u00e9vacu\u00e9 par le haut, alors que de l\u2019air frais sera automatiquement aspir\u00e9 par la cave. C\u2019est ce qu&rsquo;on appelle l\u2019effet chemin\u00e9e. Pour \u00e9viter les cambriolages, il vaut \u00e9videmment mieux que les fen\u00eatres soient munies de grilles ou de sauts-de-loup! Lors des grandes chaleurs, la bonne technique consiste \u00e0 attendre le plus tard possible pour a\u00e9rer et \u00e0 refermer t\u00f4t le matin, car le moment le plus frais se situe juste avant le lever du soleil. Il est essentiel d\u2019ouvrir en grand.<\/span><\/span><\/span><\/p>\n<p style=\"text-align: justify;\"><span style=\"line-height: 1.3em;\"><span style=\"color: #000000;\"><span style=\"font-size: small;\"><img data-recalc-dims=\"1\" decoding=\"async\" data-attachment-id=\"1472\" data-permalink=\"https:\/\/www.laterredufutur.com\/accueil\/se-proteger-de-la-chaleur-1\/france-chaleur\/\" data-orig-file=\"https:\/\/i0.wp.com\/www.laterredufutur.com\/accueil\/wp-content\/uploads\/2013\/07\/france-chaleur.jpg?fit=350%2C308&amp;ssl=1\" data-orig-size=\"350,308\" data-comments-opened=\"1\" data-image-meta=\"{&quot;aperture&quot;:&quot;0&quot;,&quot;credit&quot;:&quot;&quot;,&quot;camera&quot;:&quot;&quot;,&quot;caption&quot;:&quot;&quot;,&quot;created_timestamp&quot;:&quot;0&quot;,&quot;copyright&quot;:&quot;&quot;,&quot;focal_length&quot;:&quot;0&quot;,&quot;iso&quot;:&quot;0&quot;,&quot;shutter_speed&quot;:&quot;0&quot;,&quot;title&quot;:&quot;&quot;,&quot;orientation&quot;:&quot;0&quot;}\" data-image-title=\"france-chaleur\" data-image-description=\"\" data-image-caption=\"\" data-large-file=\"https:\/\/i0.wp.com\/www.laterredufutur.com\/accueil\/wp-content\/uploads\/2013\/07\/france-chaleur.jpg?fit=350%2C308&amp;ssl=1\" class=\" size-full wp-image-1472\" src=\"https:\/\/i0.wp.com\/www.laterredufutur.com\/wordpress\/wp-content\/uploads\/2013\/07\/france-chaleur.jpg?w=450\" border=\"0\" alt=\"france chaleur\"  srcset=\"https:\/\/i0.wp.com\/www.laterredufutur.com\/accueil\/wp-content\/uploads\/2013\/07\/france-chaleur.jpg?w=350&amp;ssl=1 350w, https:\/\/i0.wp.com\/www.laterredufutur.com\/accueil\/wp-content\/uploads\/2013\/07\/france-chaleur.jpg?resize=300%2C264&amp;ssl=1 300w\" sizes=\"(max-width: 350px) 100vw, 350px\" \/><\/span><\/span><\/span><\/p>\n<p style=\"text-align: justify;\"><span style=\"color: #000000; font-size: x-small;\"><em>Info : que l&rsquo;on se rassure, cette carte n&rsquo;est absolument pas correspondante de l&rsquo;\u00e9t\u00e9 en cours, elle montrait juste \u00e0 titre informatif.<\/em><\/span><\/p>\n<p style=\"text-align: justify;\"><span style=\"line-height: 1.3em;\"><span style=\"color: #000000;\"><span style=\"font-size: small;\">Utiliser l\u2019inertie thermique<\/span><\/span><\/span><\/p>\n<p style=\"text-align: justify;\"><span style=\"line-height: 1.3em;\"><span style=\"color: #000000;\"><span style=\"font-size: small;\">L\u2019objectif n\u2019est pas seulement de remplacer l\u2019air chaud par de l\u2019air frais, mais aussi de refroidir la masse des murs, des sols, des plafonds et des meubles. Ainsi, lorsqu\u2019on fermera les fen\u00eatres de bon matin, on conservera la fra\u00eecheur pendant la journ\u00e9e. Ce ph\u00e9nom\u00e8ne d\u2019inertie thermique fonctionne tr\u00e8s bien avec les mat\u00e9riaux denses tels que la brique, le carrelage ou le b\u00e9ton, mais malheureusement moins bien avec les planchers en bois et les murs l\u00e9gers. Durant la p\u00e9riode de canicule, il vaut la peine d\u2019enlever un tapis pour faciliter le refroidissement nocturne du sol. Il faut savoir que les murs centenaires en mo\u00ebllons stockent mieux le froid que les murs minces des ann\u00e9es 1950-1970.<\/span><\/span><\/span><\/p>\n<p style=\"text-align: justify;\"><span style=\"color: #000000;\"><span style=\"font-size: small;\">Gare aux brusques diff\u00e9rences de temp\u00e9rature!<\/span><\/span><\/p><div class=\"1665f18d14f35dd9e7566e1a8ac9a3e9\" data-index=\"2\" style=\"float: none; margin:10px 0 10px 0; text-align:center;\">\n<script async src=\"https:\/\/pagead2.googlesyndication.com\/pagead\/js\/adsbygoogle.js\"><\/script>\r\n<ins class=\"adsbygoogle\"\r\n     style=\"display:block; text-align:center;\"\r\n     data-ad-layout=\"in-article\"\r\n     data-ad-format=\"fluid\"\r\n     data-ad-client=\"ca-pub-2860849627502538\"\r\n     data-ad-slot=\"3019501113\"><\/ins>\r\n<script>\r\n     (adsbygoogle = window.adsbygoogle || []).push({});\r\n<\/script>\n<\/div>\n\n<p style=\"text-align: justify;\"><span style=\"line-height: 1.3em;\"><span style=\"color: #000000;\"><span style=\"font-size: small;\">Si on doit utiliser un climatiseur, il faut \u00e9viter que les locaux deviennent trop frais par rapport \u00e0 la temp\u00e9rature ext\u00e9rieure. D\u2019une part, le corps s\u2019habitue \u00e0 une temp\u00e9rature plus \u00e9lev\u00e9e en \u00e9t\u00e9; d\u2019autre part, une diff\u00e9rence de 5 degr\u00e9s suffit pour donner une sensation de fra\u00eecheur. Ainsi, si la temp\u00e9rature ext\u00e9rieure est annonc\u00e9e \u00e0 32\u00b0C, on aura avantage \u00e0 r\u00e9gler le thermostat du climatiseur sur 27\u00b0C, pas au dessous.<\/span><\/span><\/span><\/p>\n<p style=\"text-align: justify;\"><span style=\"line-height: 1.3em;\"><span style=\"color: #000000;\"><span style=\"font-size: small;\">De nombreuses \u00e9tudes ont montr\u00e9 que les variations brusques et r\u00e9p\u00e9t\u00e9es de temp\u00e9rature affaiblissent l\u2019organisme, ce qui peut entra\u00eener des infections respiratoires. Sans compter que, si elle est mal entretenue, une climatisation est tout sauf hygi\u00e9nique &#8211; l\u2019humidit\u00e9 est propice au d\u00e9veloppement de bact\u00e9ries qui sont ensuite propuls\u00e9es dans l\u2019air. Apr\u00e8s avoir \u00e9tudi\u00e9 les cons\u00e9quences tragiques de la canicule 2003, des m\u00e9decins fran\u00e7ais travaillant pour le Minist\u00e8re de la sant\u00e9 ont constat\u00e9 que le comportement le plus judicieux n\u2019\u00e9tait pas le recours syst\u00e9matique \u00e0 la climatisation, mais d\u2019\u00e9viter le soleil, de porter des v\u00eatements amples, l\u00e9gers et de couleur claire, et surtout de boire beaucoup d\u2019eau et de boissons sans alcool (voir \u00e0 gauche).<\/span><\/span><\/span><\/p>\n<p style=\"text-align: justify;\"><span style=\"line-height: 1.3em;\"><span style=\"color: #000000;\"><span style=\"font-size: small;\">\u00c9viter de produire de la chaleur<\/span><\/span><\/span><\/p>\n<p style=\"text-align: justify;\"><span style=\"line-height: 1.3em;\"><span style=\"color: #000000;\"><span style=\"font-size: small;\">Les lampes \u00e0 incandescence et les halog\u00e8nes produisent beaucoup de chaleur &#8211; jusqu\u2019\u00e0 500 watts pour un lampadaire de salon. Les lampes \u00e0 LEDs, les lampes \u00e9conomes et les tubes lumineux en d\u00e9gagent 4 \u00e0 6 fois moins pour la m\u00eame quantit\u00e9 de lumi\u00e8re.<\/span><\/span><\/span><\/p>\n<p style=\"text-align: justify;\"><span style=\"line-height: 1.3em;\"><span style=\"color: #000000;\"><span style=\"font-size: small;\">En cas de canicule, mieux vaut \u00e9viter de cuire des aliments et de chauffer de l\u2019eau, surtout \u00e0 midi. En privil\u00e9giant les aliments crus (salades, fruits) ou cuits \u00e0 l\u2019avance (pain, conserves de haricots ou de lentilles, etc.), on se nourrit sainement sans r\u00e9chauffer son chez-soi. L\u2019utilisation du four est \u00e9videmment \u00e0 proscrire&#8230; Quant au frigo et au cong\u00e9lateur, il faut se rappeler qu\u2019ils produisent davantage de chaleur que de froid. On aura donc avantage \u00e0 \u00e9viter qu\u2019ils tournent \u00e0 plein r\u00e9gime: enlever la couche de glace; d\u00e9poussi\u00e9rer le radiateur (qui se trouve \u00e0 l\u2019arri\u00e8re de l\u2019appareil) et faciliter son a\u00e9ration; ne jamais y placer de plats encore chauds.<\/span><\/span><\/span><\/p>\n<p style=\"text-align: justify;\"><span style=\"line-height: 1.3em;\"><span style=\"color: #000000;\"><span style=\"font-size: small;\">On peut aussi \u00e9teindre tous ces appareils qui tirent un peu d\u2019\u00e9lectricit\u00e9 inutilement et produisent de la chaleur en cons\u00e9quence: machine \u00e0 caf\u00e9, cha\u00eene st\u00e9r\u00e9o, ensemble TV-video, etc. Beaucoup d\u2019entre eux consomment de l\u2019\u00e9lectricit\u00e9 m\u00eame lorsqu\u2019on les croit \u00e9teints. C\u2019est notamment le cas du mat\u00e9riel informatique, qu\u2019on gagnera \u00e0 brancher sur une barrette multi-prises munie d\u2019un interrupteur.<\/span><\/span><\/span><\/p>\n<p><center><script async src=\"\/\/pagead2.googlesyndication.com\/pagead\/js\/adsbygoogle.js\"><\/script> <!-- TDF2 --> <ins class=\"adsbygoogle\"      style=\"display:inline-block;width:336px;height:280px\"      data-ad-client=\"ca-pub-2860849627502538\"      data-ad-slot=\"1340140919\"><\/ins> <script> (adsbygoogle = window.adsbygoogle || []).push({}); <\/script><\/center> <\/p>\n<p style=\"text-align: justify;\"><span style=\"line-height: 1.3em;\"><span style=\"color: #000000;\"><span style=\"font-size: small;\">Am\u00e9liorer la conception des b\u00e2timents<\/span><\/span><\/span><\/p>\n<p style=\"text-align: justify;\"><span style=\"line-height: 1.3em;\"><span style=\"color: #000000;\"><span style=\"font-size: small;\">Les solutions sont aussi entre les mains des architectes et des promoteurs immobiliers. Avec les connaissances actuelles, il est tout \u00e0 fait possible de construire ou de r\u00e9nover des b\u00e2timents afin qu\u2019ils restent frais en \u00e9t\u00e9 et pas trop froids en hiver &#8211; sans devoir recourir \u00e0 la climatisation. Le plus important est de placer une \u00e9paisse isolation \u00e0 l\u2019ext\u00e9rieur du b\u00e2timent et de bien r\u00e9fl\u00e9chir \u00e0 la disposition des fen\u00eatres et \u00e0 la longueur des avants-toits. Une grande baie vitr\u00e9e orient\u00e9e plein-sud sera b\u00e9n\u00e9fique en hiver, mais, si elle n&rsquo;est pas \u00e0 l&rsquo;abri du soleil en \u00e9t\u00e9, elle devra \u00eatre munie de stores ou de volets ext\u00e9rieurs efficaces pour ne pas surchauffer le logement.<\/span><\/span><\/span><\/p>\n<p style=\"text-align: justify;\"><span style=\"line-height: 1.3em;\"><span style=\"color: #000000;\"><span style=\"font-size: small;\">source :\u00a0<a href=\"http:\/\/www.energie-environnement.ch\">http:\/\/www.energie-environnement.ch<\/a><\/span><\/span><\/span><\/p>\n<p class=\"bawpvc-ajax-counter\" data-id=\"1473\">(475)<\/p>\n<!--CusAds0-->\n<div style=\"font-size: 0px; height: 0px; line-height: 0px; margin: 0; padding: 0; clear: both;\"><\/div>","protected":false},"excerpt":{"rendered":"<p style=\"text-align: justify;\"><span style=\"line-height: 1.3em;\"><span style=\"color: #000000;\"><span style=\"font-size: small;\"><img decoding=\"async\" class=\" alignleft size-full wp-image-1471\" src=\"http:\/\/www.laterredufutur.com\/wordpress\/wp-content\/uploads\/2013\/07\/chaleur.jpg\" border=\"0\" alt=\"chaleur\" width=\"120\" style=\"float: left;\" srcset=\"https:\/\/i0.wp.com\/www.laterredufutur.com\/accueil\/wp-content\/uploads\/2013\/07\/chaleur.jpg?w=225&amp;ssl=1 225w, https:\/\/i0.wp.com\/www.laterredufutur.com\/accueil\/wp-content\/uploads\/2013\/07\/chaleur.jpg?resize=150%2C150&amp;ssl=1 150w\" sizes=\"(max-width: 225px) 100vw, 225px\" \/>On peut se prot\u00e9ger de la chaleur en appliquant quelques bonnes vieilles recettes, plut\u00f4t que d&rsquo;avoir recours \u00e0 un climatiseur qui aggrave encore le probl\u00e8me au niveau local et global.<\/span><\/span><\/span><\/p>\n<p style=\"text-align: justify;\"><span style=\"color: #000000;\"><span style=\"font-size: small;\">D\u00e8s que la chaleur s&rsquo;installe, les publicit\u00e9s nous incitent \u00e0 acqu\u00e9rir un petit appareil de climatisation. Or, pour produire du froid, ces appareils consomment beaucoup d&rsquo;\u00e9lectricit\u00e9. Et comme la production d&rsquo;\u00e9lectricit\u00e9 d\u00e9gage du CO2, ils participent au&#8230; r\u00e9chauffement du climat. De plus, les climatiseurs produisent au total davantage de chaleur \u00e0 l&rsquo;ext\u00e9rieur que de froid \u00e0 l&rsquo;int\u00e9rieur: ils contribuent \u00e0 \u00e9chauffer l&rsquo;atmosph\u00e8re estivale de nos villes. Il vaudrait donc mieux adopter quelques mesures de bon sens.<\/span><\/span><\/p>\n<p style=\"text-align: justify;\"><span style=\"color: #000000;\"><span style=\"font-size: small;\"> <\/p>\n","protected":false},"author":1,"featured_media":1471,"comment_status":"open","ping_status":"open","sticky":false,"template":"","format":"standard","meta":{"_exactmetrics_skip_tracking":false,"_exactmetrics_sitenote_active":false,"_exactmetrics_sitenote_note":"","_exactmetrics_sitenote_category":0,"ngg_post_thumbnail":0,"jetpack_post_was_ever_published":false,"_jetpack_newsletter_access":"","_jetpack_dont_email_post_to_subs":false,"_jetpack_newsletter_tier_id":0,"_jetpack_memberships_contains_paywalled_content":false,"_jetpack_memberships_contains_paid_content":false,"footnotes":"","jetpack_publicize_message":"","jetpack_publicize_feature_enabled":true,"jetpack_social_post_already_shared":false,"jetpack_social_options":{"image_generator_settings":{"template":"highway","default_image_id":0,"font":"","enabled":false},"version":2}},"categories":[26],"tags":[285,166,316,154,93,168,1803,1645,584],"class_list":["post-1473","post","type-post","status-publish","format-standard","has-post-thumbnail","hentry","category-solutions","tag-air","tag-canicule","tag-chaleur","tag-chaud","tag-co2","tag-ete","tag-evacuation","tag-frais","tag-maison","wpcat-26-id"],"jetpack_publicize_connections":[],"jetpack_featured_media_url":"https:\/\/i0.wp.com\/www.laterredufutur.com\/accueil\/wp-content\/uploads\/2013\/07\/chaleur.jpg?fit=225%2C225&ssl=1","jetpack_shortlink":"https:\/\/wp.me\/p631RN-nL","jetpack-related-posts":[{"id":1497,"url":"https:\/\/www.laterredufutur.com\/accueil\/se-prevenir-du-chaud\/","url_meta":{"origin":1473,"position":0},"title":"Se Pr\u00e9venir de la Chaleur","author":"Admin","date":"15 juillet 2013","format":false,"excerpt":"On peut se prot\u00e9ger de la chaleur en appliquant quelques bonnes vieilles recettes, plut\u00f4t que d'avoir recours \u00e0 un climatiseur qui aggrave encore le probl\u00e8me au niveau local et global. D\u00e8s que la chaleur s'installe, les publicit\u00e9s nous incitent \u00e0 acqu\u00e9rir un petit appareil de climatisation. Or, pour produire du\u2026","rel":"","context":"Dans &quot;Divers&quot;","block_context":{"text":"Divers","link":"https:\/\/www.laterredufutur.com\/accueil\/sujets\/divers\/"},"img":{"alt_text":"","src":"https:\/\/i0.wp.com\/www.laterredufutur.com\/wordpress\/wp-content\/uploads\/2013\/07\/chaleur-canicule.jpg?resize=350%2C200","width":350,"height":200},"classes":[]},{"id":12571,"url":"https:\/\/www.laterredufutur.com\/accueil\/ce-climatiseur-revolutionnaire-fonctionne-sans-electricite\/","url_meta":{"origin":1473,"position":1},"title":"Ce climatiseur r\u00e9volutionnaire fonctionne sans \u00e9lectricit\u00e9","author":"Admin","date":"19 juin 2016","format":false,"excerpt":"Des ing\u00e9nieurs du Bangladesh ont mis au point une technique de climatisation \u00e9cologique fonctionnant sans \u00e9lectricit\u00e9, totalement gratuite et construite \u00e0 base de mat\u00e9riaux recycl\u00e9s. Ce syst\u00e8me r\u00e9volutionnaire permet de faire baisser les temp\u00e9ratures des maisons en t\u00f4le de 5 \u00b0C. Le Bangladesh doit souvent faire face \u00e0 de tr\u00e8s\u2026","rel":"","context":"Dans &quot;Solutions&quot;","block_context":{"text":"Solutions","link":"https:\/\/www.laterredufutur.com\/accueil\/sujets\/solutions\/"},"img":{"alt_text":"","src":"https:\/\/i0.wp.com\/www.laterredufutur.com\/accueil\/wp-content\/uploads\/2016\/06\/climatiseur-bouteille-3.jpg?fit=1070%2C565&ssl=1&resize=350%2C200","width":350,"height":200,"srcset":"https:\/\/i0.wp.com\/www.laterredufutur.com\/accueil\/wp-content\/uploads\/2016\/06\/climatiseur-bouteille-3.jpg?fit=1070%2C565&ssl=1&resize=350%2C200 1x, https:\/\/i0.wp.com\/www.laterredufutur.com\/accueil\/wp-content\/uploads\/2016\/06\/climatiseur-bouteille-3.jpg?fit=1070%2C565&ssl=1&resize=525%2C300 1.5x, https:\/\/i0.wp.com\/www.laterredufutur.com\/accueil\/wp-content\/uploads\/2016\/06\/climatiseur-bouteille-3.jpg?fit=1070%2C565&ssl=1&resize=700%2C400 2x, https:\/\/i0.wp.com\/www.laterredufutur.com\/accueil\/wp-content\/uploads\/2016\/06\/climatiseur-bouteille-3.jpg?fit=1070%2C565&ssl=1&resize=1050%2C600 3x"},"classes":[]},{"id":1481,"url":"https:\/\/www.laterredufutur.com\/accueil\/se-proteger-de-la-chaleur-4\/","url_meta":{"origin":1473,"position":2},"title":"Se prot\u00e9ger de la chaleur 4","author":"Admin","date":"12 juillet 2013","format":false,"excerpt":"Gestes \u00e0 poser pour se prot\u00e9ger de la chaleur cet \u00e9t\u00e9. Voici quelques gestes \u00e0 poser pour se prot\u00e9ger de la chaleur. Choisissez-les en fonction de votre degr\u00e9 d\u2019exposition et de votre vuln\u00e9rabilit\u00e9 aux temp\u00e9ratures \u00e9lev\u00e9es : \u00a0 \u00a0 \u00a0","rel":"","context":"Dans &quot;Solutions&quot;","block_context":{"text":"Solutions","link":"https:\/\/www.laterredufutur.com\/accueil\/sujets\/solutions\/"},"img":{"alt_text":"","src":"","width":0,"height":0},"classes":[]},{"id":1478,"url":"https:\/\/www.laterredufutur.com\/accueil\/se-proteger-de-la-chaleur-3\/","url_meta":{"origin":1473,"position":3},"title":"Se prot\u00e9ger de la chaleur 3","author":"Admin","date":"11 juillet 2013","format":false,"excerpt":"La plupart des constructions r\u00e9centes s'acquittent assez mal de la fonction de rafra\u00eechir la maison en \u00e9t\u00e9 : on a tendance d\u00e9sormais \u00e0 se fier aux climatiseurs. Le respect de quelques principes simples permettrait pourtant de supprimer cette d\u00e9pense \u00e9nerg\u00e9tique consid\u00e9rable et inutile sous nos climats. \u00a0 \u00a0","rel":"","context":"Dans &quot;Solutions&quot;","block_context":{"text":"Solutions","link":"https:\/\/www.laterredufutur.com\/accueil\/sujets\/solutions\/"},"img":{"alt_text":"","src":"https:\/\/i0.wp.com\/www.laterredufutur.com\/accueil\/wp-content\/uploads\/2013\/07\/chaleur-maison.jpg?fit=240%2C208&ssl=1&resize=350%2C200","width":350,"height":200},"classes":[]},{"id":1498,"url":"https:\/\/www.laterredufutur.com\/accueil\/se-proteger-de-la-chaleur-6\/","url_meta":{"origin":1473,"position":4},"title":"Se prot\u00e9ger de la chaleur 6","author":"Admin","date":"16 juillet 2013","format":false,"excerpt":"Le conseil de base est de se prot\u00e9ger de la chaleur : Evitez les sorties et plus encore les activit\u00e9s physiques, ( sports, jardinage, bricolage...) aux heures les plus chaudes, pour votre sant\u00e9, il vaut mieux \u00eatre tortue que li\u00e8vre. Si vous devez sortir, restez \u00e0 l\u2019ombre, Se v\u00eatir l\u00e9ger\u2026","rel":"","context":"Dans &quot;Solutions&quot;","block_context":{"text":"Solutions","link":"https:\/\/www.laterredufutur.com\/accueil\/sujets\/solutions\/"},"img":{"alt_text":"","src":"https:\/\/i0.wp.com\/www.laterredufutur.com\/accueil\/wp-content\/uploads\/2013\/07\/chaleur-canicule.jpg?fit=315%2C270&ssl=1&resize=350%2C200","width":350,"height":200},"classes":[]},{"id":736,"url":"https:\/\/www.laterredufutur.com\/accueil\/preventions-contre-le-froid-2\/","url_meta":{"origin":1473,"position":5},"title":"Pr\u00e9ventions contre le Froid 2","author":"Admin","date":"28 janvier 2012","format":false,"excerpt":"Les temp\u00e9ratures basses sont synonymes de risques pour la sant\u00e9 : hypothermie, engelures, aggravation de troubles cardio-vasculaires. Comment s\u2019en prot\u00e9ger ? Les probl\u00e8mes de chauffage sont risques d'intoxications !\u00a0Les probl\u00e8mes\u00a0de sant\u00e9 sont accrus.\u00a0Comment bien s'alimenter par des temp\u00e9ratures froides ? Enfin quels sont les services \u00e0 contacter \u00e0 cas d'urgence\u2026","rel":"","context":"Dans &quot;Solutions&quot;","block_context":{"text":"Solutions","link":"https:\/\/www.laterredufutur.com\/accueil\/sujets\/solutions\/"},"img":{"alt_text":"froid pr\u00e9ventions","src":"https:\/\/i0.wp.com\/www.laterredufutur.com\/accueil\/wp-content\/uploads\/2012\/01\/froid-preventions.jpg?fit=358%2C512&ssl=1&resize=350%2C200","width":350,"height":200},"classes":[]}],"jetpack_sharing_enabled":true,"_links":{"self":[{"href":"https:\/\/www.laterredufutur.com\/accueil\/wp-json\/wp\/v2\/posts\/1473","targetHints":{"allow":["GET"]}}],"collection":[{"href":"https:\/\/www.laterredufutur.com\/accueil\/wp-json\/wp\/v2\/posts"}],"about":[{"href":"https:\/\/www.laterredufutur.com\/accueil\/wp-json\/wp\/v2\/types\/post"}],"author":[{"embeddable":true,"href":"https:\/\/www.laterredufutur.com\/accueil\/wp-json\/wp\/v2\/users\/1"}],"replies":[{"embeddable":true,"href":"https:\/\/www.laterredufutur.com\/accueil\/wp-json\/wp\/v2\/comments?post=1473"}],"version-history":[{"count":0,"href":"https:\/\/www.laterredufutur.com\/accueil\/wp-json\/wp\/v2\/posts\/1473\/revisions"}],"wp:featuredmedia":[{"embeddable":true,"href":"https:\/\/www.laterredufutur.com\/accueil\/wp-json\/wp\/v2\/media\/1471"}],"wp:attachment":[{"href":"https:\/\/www.laterredufutur.com\/accueil\/wp-json\/wp\/v2\/media?parent=1473"}],"wp:term":[{"taxonomy":"category","embeddable":true,"href":"https:\/\/www.laterredufutur.com\/accueil\/wp-json\/wp\/v2\/categories?post=1473"},{"taxonomy":"post_tag","embeddable":true,"href":"https:\/\/www.laterredufutur.com\/accueil\/wp-json\/wp\/v2\/tags?post=1473"}],"curies":[{"name":"wp","href":"https:\/\/api.w.org\/{rel}","templated":true}]}}