{"id":14164,"date":"2016-11-30T18:55:44","date_gmt":"2016-11-30T17:55:44","guid":{"rendered":"http:\/\/www.laterredufutur.com\/accueil\/?p=14164"},"modified":"2016-11-30T18:55:44","modified_gmt":"2016-11-30T17:55:44","slug":"el-tiempo","status":"publish","type":"post","link":"https:\/\/www.laterredufutur.com\/accueil\/el-tiempo\/","title":{"rendered":"El Tiempo"},"content":{"rendered":"<div class=\"1665f18d14f35dd9e7566e1a8ac9a3e9\" data-index=\"1\" style=\"float: none; margin:10px 0 10px 0; text-align:center;\">\n<script async src=\"https:\/\/pagead2.googlesyndication.com\/pagead\/js\/adsbygoogle.js\"><\/script>\r\n<ins class=\"adsbygoogle\"\r\n     style=\"display:block; text-align:center;\"\r\n     data-ad-layout=\"in-article\"\r\n     data-ad-format=\"fluid\"\r\n     data-ad-client=\"ca-pub-2860849627502538\"\r\n     data-ad-slot=\"3019501113\"><\/ins>\r\n<script>\r\n     (adsbygoogle = window.adsbygoogle || []).push({});\r\n<\/script>\n<\/div>\n<p>Pour les passionn\u00e9s de m\u00e9t\u00e9o, La Terre du Futur vous propose de d\u00e9couvrir le site de m\u00e9t\u00e9orologie espagnole <a href=\"http:\/\/www.tiempo.com\/\">Tiempo.com<\/a>&nbsp;&#8211;&nbsp;<em>M\u00e9t\u00e9o<\/em> en Espagne pendant 14 jours, les pr\u00e9visions m\u00e9t\u00e9o et les conditions actuelles. Pr\u00e9visions m\u00e9t\u00e9o pour plus de 200.000 villes dans le monde.<\/p>\n<p>Ainsi vous pouvez d\u00e9couvrir sur ce site les pr\u00e9visions m\u00e9t\u00e9o de l&rsquo;Espagne, des cartes des pr\u00e9cipitations, des temp\u00e9ratures, des vents, et de l&rsquo;orientation des diff\u00e9rents flux sur la p\u00e9ninsule ib\u00e9rique.<\/p>\n<p>Des cartes satellites de Meteosat sont visibles avec la possibilit\u00e9 de&nbsp;choisir son type de carte Europ\u00e9enne ou Espagnole :<\/p>\n<p><a href=\"http:\/\/www.tiempo.com\/satelites\/\"><img decoding=\"async\" src=\"http:\/\/www.sat24.com\/images.php?country=sp\" alt=\"Image satellite de l'Espagne\"\/><\/a><\/p>\n<p>Des cartes radars sont \u00e9galement \u00e0 votre disposition. Par ailleurs on trouve de&nbsp;nombreux mod\u00e8les :<\/p>\n<div id=\"mod_izquierda_inf\" style=\"text-align: left;\"><span id=\"pais_\" class=\"mod_ii_act\">Espagne<\/span><span id=\"mod_paises\" class=\"desp-paises masPaises\"><\/span><\/div>\n<div id=\"mod_izquierda\">\n<div id=\"mod_izquierda_sup\">\n<ul id=\"lista_mz\">\n<li id=\"mod_17\" class=\"mi_activa\" style=\"text-align: left;\"><a href=\"http:\/\/www.tiempo.com\/modelos\/\" target=\"_blank\"> GFS<\/a><\/li>\n<li id=\"mod_18\" style=\"text-align: left;\"><a href=\"http:\/\/www.tiempo.com\/modelos\/es-espana-hirlam-18.htm\" target=\"_blank\">HIRLAM<\/a><\/li>\n<li id=\"mod_66\" style=\"text-align: left;\"><a href=\"http:\/\/www.tiempo.com\/modelos\/es-espana-wrf-66.htm\">WRF<\/a><\/li>\n<li id=\"mod_67\" style=\"text-align: left;\"><a href=\"http:\/\/www.tiempo.com\/modelos\/es-espana-wrf-67.htm\">WRF &#8211; \u00celes Canaries<\/a><\/li>\n<li id=\"mod_1\" style=\"text-align: left;\"><a href=\"http:\/\/www.tiempo.com\/modelos\/es-europa-gfs-1.htm\">GFS l&rsquo;Europe<\/a><\/li>\n<li id=\"mod_46\" style=\"text-align: left;\"><a href=\"http:\/\/www.tiempo.com\/modelos\/es-europa-gfs-46.htm\">GFS l&rsquo;Europe WZ<\/a><\/li>\n<li id=\"mod_6\" style=\"text-align: left;\"><a href=\"http:\/\/www.tiempo.com\/modelos\/es-europa-gem-6.htm\">GEM en Europe<\/a><\/li>\n<li id=\"mod_5\" style=\"text-align: left;\"><a href=\"http:\/\/www.tiempo.com\/modelos\/es-europa-jma-5.htm\">JMA l&rsquo;Europe<\/a><\/li>\n<li id=\"mod_4\" style=\"text-align: left;\"><a href=\"http:\/\/www.tiempo.com\/modelos\/es-europa-ukmo-4.htm\">UKMO l&rsquo;Europe<\/a><\/li>\n<li id=\"mod_3\" style=\"text-align: left;\"><a href=\"http:\/\/www.tiempo.com\/modelos\/es-europa-ens-3.htm\">ENS l&rsquo;Europe<\/a><\/li>\n<li id=\"mod_2\" style=\"text-align: left;\"><a href=\"http:\/\/www.tiempo.com\/modelos\/es-europa-ecmwf-2.htm\">CEPMMT l&rsquo;Europe<\/a><\/li>\n<li id=\"mod_42\" style=\"text-align: left;\"><a href=\"http:\/\/www.tiempo.com\/modelos\/es-hemisferio+norte-jma-42.htm\">JMA h\u00e9misph\u00e8re Nord<\/a><\/li>\n<li id=\"mod_41\" style=\"text-align: left;\"><a href=\"http:\/\/www.tiempo.com\/modelos\/es-hemisferio+norte-ens-41.htm\">ENS h\u00e9misph\u00e8re Nord<\/a><\/li>\n<li id=\"mod_40\" style=\"text-align: left;\"><a href=\"http:\/\/www.tiempo.com\/modelos\/es-hemisferio+norte-gfs-40.htm\">GFS h\u00e9misph\u00e8re Nord<\/a><\/li>\n<\/ul>\n<\/div>\n<\/div>\n<p>Avec nos remerciements \u00e0 <a href=\"http:\/\/www.tiempo.com\/\">Tiempo<\/a>, Les mod\u00e8les GFS pour l&rsquo;Europe et la France peuvent \u00eatre suivis sur TDF :<\/p><div class=\"1665f18d14f35dd9e7566e1a8ac9a3e9\" data-index=\"2\" style=\"float: none; margin:10px 0 10px 0; text-align:center;\">\n<script async src=\"https:\/\/pagead2.googlesyndication.com\/pagead\/js\/adsbygoogle.js\"><\/script>\r\n<ins class=\"adsbygoogle\"\r\n     style=\"display:block; text-align:center;\"\r\n     data-ad-layout=\"in-article\"\r\n     data-ad-format=\"fluid\"\r\n     data-ad-client=\"ca-pub-2860849627502538\"\r\n     data-ad-slot=\"3019501113\"><\/ins>\r\n<script>\r\n     (adsbygoogle = window.adsbygoogle || []).push({});\r\n<\/script>\n<\/div>\n\n<blockquote class=\"wp-embedded-content\" data-secret=\"rvGyX2iw0I\"><p><a href=\"https:\/\/www.laterredufutur.com\/accueil\/modeles-gfs-europe\/\">Mod\u00e8les GFS Europe<\/a><\/p><\/blockquote>\n<p><iframe loading=\"lazy\" class=\"wp-embedded-content\" sandbox=\"allow-scripts\" security=\"restricted\" style=\"position: absolute; clip: rect(1px, 1px, 1px, 1px);\" title=\"\u00ab\u00a0Mod\u00e8les GFS Europe\u00a0\u00bb &#8212; Terra Projects\" src=\"https:\/\/www.laterredufutur.com\/accueil\/modeles-gfs-europe\/embed\/#?secret=fBpFH7vxzs#?secret=rvGyX2iw0I\" data-secret=\"rvGyX2iw0I\" width=\"500\" height=\"282\" frameborder=\"0\" marginwidth=\"0\" marginheight=\"0\" scrolling=\"no\"><\/iframe><\/p>\n<blockquote class=\"wp-embedded-content\" data-secret=\"9btHJBmvoa\"><p><a href=\"https:\/\/www.laterredufutur.com\/accueil\/modeles-gfs-france\/\">Mod\u00e8les GFS France<\/a><\/p><\/blockquote>\n<p><iframe loading=\"lazy\" class=\"wp-embedded-content\" sandbox=\"allow-scripts\" security=\"restricted\" style=\"position: absolute; clip: rect(1px, 1px, 1px, 1px);\" title=\"\u00ab\u00a0Mod\u00e8les GFS France\u00a0\u00bb &#8212; Terra Projects\" src=\"https:\/\/www.laterredufutur.com\/accueil\/modeles-gfs-france\/embed\/#?secret=daD4z9OMYG#?secret=9btHJBmvoa\" data-secret=\"9btHJBmvoa\" width=\"500\" height=\"282\" frameborder=\"0\" marginwidth=\"0\" marginheight=\"0\" scrolling=\"no\"><\/iframe><\/p>\n<p>source :&nbsp;<a href=\"http:\/\/www.tiempo.com\/\" target=\"_blank\">http:\/\/www.tiempo.com\/<\/a><\/p>\n<p class=\"bawpvc-ajax-counter\" data-id=\"14164\">(4736)<\/p>\n<!--CusAds0-->\n<div style=\"font-size: 0px; height: 0px; line-height: 0px; margin: 0; padding: 0; clear: both;\"><\/div>","protected":false},"excerpt":{"rendered":"<p>Pour les passionn\u00e9s de m\u00e9t\u00e9o, La Terre du Futur vous propose de d\u00e9couvrir le site de m\u00e9t\u00e9orologie espagnole Tiempo.com&nbsp;&#8211;&nbsp;M\u00e9t\u00e9o en&#8230;<\/p>\n","protected":false},"author":1,"featured_media":14166,"comment_status":"open","ping_status":"open","sticky":false,"template":"","format":"standard","meta":{"_exactmetrics_skip_tracking":false,"_exactmetrics_sitenote_active":false,"_exactmetrics_sitenote_note":"","_exactmetrics_sitenote_category":0,"ngg_post_thumbnail":0,"jetpack_post_was_ever_published":false,"_jetpack_newsletter_access":"","_jetpack_dont_email_post_to_subs":false,"_jetpack_newsletter_tier_id":0,"_jetpack_memberships_contains_paywalled_content":false,"_jetpack_memberships_contains_paid_content":false,"footnotes":"","jetpack_publicize_message":"El Tiempo @laterredufutur","jetpack_publicize_feature_enabled":true,"jetpack_social_post_already_shared":true,"jetpack_social_options":{"image_generator_settings":{"template":"highway","default_image_id":0,"font":"","enabled":false},"version":2}},"categories":[32],"tags":[346,55,2178,236,5098,6220],"class_list":["post-14164","post","type-post","status-publish","format-standard","has-post-thumbnail","hentry","category-meteorologie","tag-espagne","tag-meteo","tag-modele","tag-modeles","tag-radar","tag-tiempo","wpcat-32-id"],"jetpack_publicize_connections":[],"jetpack_featured_media_url":"https:\/\/i0.wp.com\/www.laterredufutur.com\/accueil\/wp-content\/uploads\/2016\/11\/tiempo.jpg?fit=761%2C718&ssl=1","jetpack_shortlink":"https:\/\/wp.me\/p631RN-3Gs","jetpack-related-posts":[{"id":54,"url":"https:\/\/www.laterredufutur.com\/accueil\/meteo-france\/","url_meta":{"origin":14164,"position":0},"title":"M\u00e9t\u00e9o France","author":"Admin","date":"17 avril 2011","format":false,"excerpt":"\u00a0 \u00a0 \u00a0 \u00a0 \u00a0 Alerte M\u00e9t\u00e9o - M\u00e9t\u00e9o du Jour et du Lendemain Pr\u00e9visions \u00e0 1 jour - Pr\u00e9visions \u00e0 3 j - Pr\u00e9visions \u00e0 6 j Mod\u00e8les M\u00e9t\u00e9o France Mod\u00e8les M\u00e9t\u00e9o Europe Vos Observations m\u00e9t\u00e9o - M\u00e9t\u00e9ogramme Sation M\u00e9t\u00e9o Partenaire Station M\u00e9t\u00e9o sur Marseille en temps r\u00e9el \u00a0\u2026","rel":"","context":"Dans &quot;Services&quot;","block_context":{"text":"Services","link":"https:\/\/www.laterredufutur.com\/accueil\/sujets\/services\/"},"img":{"alt_text":"Mapa modelo 006, Pression mer (Hpa), N\u00e9bulosit\u00e9, Pluie 6H (mm), Vent > 10Noeuds, Epaisseur 500-1000 Hpa (Dm, France, Mod\u00e8le GFS pour la France","src":"https:\/\/i0.wp.com\/www.laterredufutur.com\/wordpress\/wp-content\/uploads\/2011\/04\/imagenes.meteored.com_gfs_meteored_GFS006_FRA0_SFC.gif?resize=350%2C200","width":350,"height":200},"classes":[]},{"id":8373,"url":"https:\/\/www.laterredufutur.com\/accueil\/un-modele-meteo-japonais-nous-annonce-a-nouveau-un-hiver-2015-2016-froid-sur-leurope\/","url_meta":{"origin":14164,"position":1},"title":"Un mod\u00e8le m\u00e9t\u00e9o japonais nous annonce \u00e0 nouveau un hiver 2015-2016 froid sur l&rsquo;Europe","author":"Admin","date":"25 septembre 2015","format":false,"excerpt":"Le mod\u00e8le japonais \"seizoensweermodel jamstec\" de ce mois a sorti cette tendance pour l'hiver prochain 2015-2016 (d\u00e9cembre \u00e0 f\u00e9vrier). Ce sc\u00e9nario concernerait l'Europe de l'ouest et du nord. Voici la carte ci dessous : Ce mod\u00e8le rejoint donc les pr\u00e9visionnistes m\u00e9t\u00e9o allemands et italiens que nous avons vu ICI Discussions\u2026","rel":"","context":"Dans &quot;M\u00e9t\u00e9orologie&quot;","block_context":{"text":"M\u00e9t\u00e9orologie","link":"https:\/\/www.laterredufutur.com\/accueil\/sujets\/meteorologie\/"},"img":{"alt_text":"","src":"https:\/\/i0.wp.com\/www.laterredufutur.com\/accueil\/wp-content\/uploads\/2015\/09\/previsionseurope-2015-20161.png?fit=755%2C477&ssl=1&resize=350%2C200","width":350,"height":200,"srcset":"https:\/\/i0.wp.com\/www.laterredufutur.com\/accueil\/wp-content\/uploads\/2015\/09\/previsionseurope-2015-20161.png?fit=755%2C477&ssl=1&resize=350%2C200 1x, https:\/\/i0.wp.com\/www.laterredufutur.com\/accueil\/wp-content\/uploads\/2015\/09\/previsionseurope-2015-20161.png?fit=755%2C477&ssl=1&resize=525%2C300 1.5x, https:\/\/i0.wp.com\/www.laterredufutur.com\/accueil\/wp-content\/uploads\/2015\/09\/previsionseurope-2015-20161.png?fit=755%2C477&ssl=1&resize=700%2C400 2x"},"classes":[]},{"id":453,"url":"https:\/\/www.laterredufutur.com\/accueil\/un-mois-de-juillet-2011-froid\/","url_meta":{"origin":14164,"position":2},"title":"Un mois de Juillet 2011 froid","author":"Admin","date":"19 juillet 2011","format":false,"excerpt":"Au del\u00e0 de toutes les pr\u00e9visions saisonni\u00e8res qui nous annon\u00e7aient un \u00e9t\u00e9 caniculaire, le mois de juillet 2011 aura \u00e9t\u00e9 un mois de juillet froid et pluvieux. Que s'est il pass\u00e9 ce mois de juillet ? Des \u00e9v\u00e8nements neigeux ont m\u00eame \u00e9t\u00e9 observ\u00e9s en montagne avec son lot de victimes\u2026","rel":"","context":"Dans &quot;Climat&quot;","block_context":{"text":"Climat","link":"https:\/\/www.laterredufutur.com\/accueil\/sujets\/climat\/"},"img":{"alt_text":"","src":"","width":0,"height":0},"classes":[]},{"id":13548,"url":"https:\/\/www.laterredufutur.com\/accueil\/les-previsions-saisonnieres-europeennes-daccuweather-pour-lhiver-2016-2017\/","url_meta":{"origin":14164,"position":3},"title":"Les Pr\u00e9visions saisonni\u00e8res Europ\u00e9ennes d&rsquo;Accuweather pour l&rsquo;hiver 2016-2017","author":"Admin","date":"5 octobre 2016","format":false,"excerpt":"Voici les pr\u00e9visions saisonni\u00e8res Europ\u00e9ennes pour l'hiver 2016-2017 selon AccuWeather\u00a0qui est un\u00a0administration m\u00e9t\u00e9orologique priv\u00e9e am\u00e9ricaine\u00a0: De fr\u00e9quentes temp\u00eates toucheront le Royaume-Uni et un Hiver doux permettra d'\u00e9pargner la France et l'Allemagne. Un flux d'orages actifs \u00e0 travers le nord de l'oc\u00e9an Atlantique va produire un nombre \u00e9lev\u00e9 de temp\u00eates dans\u2026","rel":"","context":"Dans &quot;M\u00e9t\u00e9orologie&quot;","block_context":{"text":"M\u00e9t\u00e9orologie","link":"https:\/\/www.laterredufutur.com\/accueil\/sujets\/meteorologie\/"},"img":{"alt_text":"","src":"https:\/\/i0.wp.com\/www.laterredufutur.com\/accueil\/wp-content\/uploads\/2016\/10\/hiver-2016-2017.jpg?fit=861%2C484&ssl=1&resize=350%2C200","width":350,"height":200,"srcset":"https:\/\/i0.wp.com\/www.laterredufutur.com\/accueil\/wp-content\/uploads\/2016\/10\/hiver-2016-2017.jpg?fit=861%2C484&ssl=1&resize=350%2C200 1x, https:\/\/i0.wp.com\/www.laterredufutur.com\/accueil\/wp-content\/uploads\/2016\/10\/hiver-2016-2017.jpg?fit=861%2C484&ssl=1&resize=525%2C300 1.5x, https:\/\/i0.wp.com\/www.laterredufutur.com\/accueil\/wp-content\/uploads\/2016\/10\/hiver-2016-2017.jpg?fit=861%2C484&ssl=1&resize=700%2C400 2x"},"classes":[]},{"id":8712,"url":"https:\/\/www.laterredufutur.com\/accueil\/previsions-saisonnieres-pour-lhiver-2015-2016-selon-les-etats-unis\/","url_meta":{"origin":14164,"position":4},"title":"Pr\u00e9visions saisonni\u00e8res pour l&rsquo;hiver 2015-2016 selon les Etats Unis","author":"Admin","date":"12 octobre 2015","format":false,"excerpt":"Voici les pr\u00e9visions saisonni\u00e8res de l'hiver qui nous arrive selon\u00a0accuweather.com, agence m\u00e9t\u00e9orologique aux Etats Unis. Pr\u00e9visions Europ\u00e9enne pour l'hiver 2015-2016 : on peut s'attendre \u00e0 un froid s\u00e9v\u00e8re avec d\u00e9viations de Londres sur Paris ; des Temp\u00eates fr\u00e9quentes sur le sud de la France \u00e0 l'Italie et aux Alpes. Une\u2026","rel":"","context":"Dans &quot;M\u00e9t\u00e9orologie&quot;","block_context":{"text":"M\u00e9t\u00e9orologie","link":"https:\/\/www.laterredufutur.com\/accueil\/sujets\/meteorologie\/"},"img":{"alt_text":"","src":"https:\/\/i0.wp.com\/www.laterredufutur.com\/accueil\/wp-content\/uploads\/2015\/10\/hiver-2015-2016.jpg?fit=650%2C366&ssl=1&resize=350%2C200","width":350,"height":200,"srcset":"https:\/\/i0.wp.com\/www.laterredufutur.com\/accueil\/wp-content\/uploads\/2015\/10\/hiver-2015-2016.jpg?fit=650%2C366&ssl=1&resize=350%2C200 1x, https:\/\/i0.wp.com\/www.laterredufutur.com\/accueil\/wp-content\/uploads\/2015\/10\/hiver-2015-2016.jpg?fit=650%2C366&ssl=1&resize=525%2C300 1.5x"},"classes":[]},{"id":6782,"url":"https:\/\/www.laterredufutur.com\/accueil\/canicules-en-serie-sur-la-mediterranee\/","url_meta":{"origin":14164,"position":5},"title":"Canicules en s\u00e9rie sur la M\u00e9diterran\u00e9e","author":"Admin","date":"21 mai 2015","format":false,"excerpt":"Les Chaleurs ont d\u00e9marr\u00e9 fin avril 2015 au Maroc. La canicule est arriv\u00e9e, avec plus de 44 degr\u00e9s attendus au Maroc. Ainsi, jusqu\u2019\u00e0 44\u00b0 ont \u00e9t\u00e9 attendus dans le sud du pays notamment \u00e0 Oued-Eddahab, Aousserd et Dakhla. Dans les autres r\u00e9gions du sud, les temp\u00e9ratures devaient avoisiner les 38\u2026","rel":"","context":"Dans &quot;M\u00e9t\u00e9orologie&quot;","block_context":{"text":"M\u00e9t\u00e9orologie","link":"https:\/\/www.laterredufutur.com\/accueil\/sujets\/meteorologie\/"},"img":{"alt_text":"","src":"https:\/\/i0.wp.com\/www.laterredufutur.com\/accueil\/wp-content\/uploads\/2015\/05\/alerte-canicule.jpg?fit=640%2C694&ssl=1&resize=350%2C200","width":350,"height":200,"srcset":"https:\/\/i0.wp.com\/www.laterredufutur.com\/accueil\/wp-content\/uploads\/2015\/05\/alerte-canicule.jpg?fit=640%2C694&ssl=1&resize=350%2C200 1x, https:\/\/i0.wp.com\/www.laterredufutur.com\/accueil\/wp-content\/uploads\/2015\/05\/alerte-canicule.jpg?fit=640%2C694&ssl=1&resize=525%2C300 1.5x"},"classes":[]}],"jetpack_sharing_enabled":true,"_links":{"self":[{"href":"https:\/\/www.laterredufutur.com\/accueil\/wp-json\/wp\/v2\/posts\/14164","targetHints":{"allow":["GET"]}}],"collection":[{"href":"https:\/\/www.laterredufutur.com\/accueil\/wp-json\/wp\/v2\/posts"}],"about":[{"href":"https:\/\/www.laterredufutur.com\/accueil\/wp-json\/wp\/v2\/types\/post"}],"author":[{"embeddable":true,"href":"https:\/\/www.laterredufutur.com\/accueil\/wp-json\/wp\/v2\/users\/1"}],"replies":[{"embeddable":true,"href":"https:\/\/www.laterredufutur.com\/accueil\/wp-json\/wp\/v2\/comments?post=14164"}],"version-history":[{"count":2,"href":"https:\/\/www.laterredufutur.com\/accueil\/wp-json\/wp\/v2\/posts\/14164\/revisions"}],"predecessor-version":[{"id":14168,"href":"https:\/\/www.laterredufutur.com\/accueil\/wp-json\/wp\/v2\/posts\/14164\/revisions\/14168"}],"wp:featuredmedia":[{"embeddable":true,"href":"https:\/\/www.laterredufutur.com\/accueil\/wp-json\/wp\/v2\/media\/14166"}],"wp:attachment":[{"href":"https:\/\/www.laterredufutur.com\/accueil\/wp-json\/wp\/v2\/media?parent=14164"}],"wp:term":[{"taxonomy":"category","embeddable":true,"href":"https:\/\/www.laterredufutur.com\/accueil\/wp-json\/wp\/v2\/categories?post=14164"},{"taxonomy":"post_tag","embeddable":true,"href":"https:\/\/www.laterredufutur.com\/accueil\/wp-json\/wp\/v2\/tags?post=14164"}],"curies":[{"name":"wp","href":"https:\/\/api.w.org\/{rel}","templated":true}]}}