{"id":1374,"date":"2013-05-12T23:00:00","date_gmt":"2013-05-12T22:00:00","guid":{"rendered":"http:\/\/www.laterredufutur.com\/wordpress\/?p=1374"},"modified":"2015-11-25T18:08:09","modified_gmt":"2015-11-25T17:08:09","slug":"un-monde-sans-homme-ou-comment-la-nature-reprendrait-ses-droits","status":"publish","type":"post","link":"https:\/\/www.laterredufutur.com\/accueil\/un-monde-sans-homme-ou-comment-la-nature-reprendrait-ses-droits\/","title":{"rendered":"Un monde sans homme, o\u00f9 comment la nature reprendrait ses droits"},"content":{"rendered":"<div class=\"1665f18d14f35dd9e7566e1a8ac9a3e9\" data-index=\"1\" style=\"float: none; margin:10px 0 10px 0; text-align:center;\">\n<script async src=\"https:\/\/pagead2.googlesyndication.com\/pagead\/js\/adsbygoogle.js\"><\/script>\r\n<ins class=\"adsbygoogle\"\r\n     style=\"display:block; text-align:center;\"\r\n     data-ad-layout=\"in-article\"\r\n     data-ad-format=\"fluid\"\r\n     data-ad-client=\"ca-pub-2860849627502538\"\r\n     data-ad-slot=\"3019501113\"><\/ins>\r\n<script>\r\n     (adsbygoogle = window.adsbygoogle || []).push({});\r\n<\/script>\n<\/div>\n<p style=\"text-align: justify;\"><span style=\"color: #000000;\"><span style=\"font-size: small;\"><img data-recalc-dims=\"1\" loading=\"lazy\" decoding=\"async\" data-attachment-id=\"1373\" data-permalink=\"https:\/\/www.laterredufutur.com\/accueil\/un-monde-sans-homme-ou-comment-la-nature-reprendrait-ses-droits\/tour-paris\/\" data-orig-file=\"https:\/\/i0.wp.com\/www.laterredufutur.com\/accueil\/wp-content\/uploads\/2013\/05\/tour-paris.jpg?fit=120%2C73&amp;ssl=1\" data-orig-size=\"120,73\" data-comments-opened=\"1\" data-image-meta=\"{&quot;aperture&quot;:&quot;0&quot;,&quot;credit&quot;:&quot;&quot;,&quot;camera&quot;:&quot;&quot;,&quot;caption&quot;:&quot;&quot;,&quot;created_timestamp&quot;:&quot;0&quot;,&quot;copyright&quot;:&quot;&quot;,&quot;focal_length&quot;:&quot;0&quot;,&quot;iso&quot;:&quot;0&quot;,&quot;shutter_speed&quot;:&quot;0&quot;,&quot;title&quot;:&quot;&quot;,&quot;orientation&quot;:&quot;0&quot;}\" data-image-title=\"tour-paris\" data-image-description=\"\" data-image-caption=\"\" data-large-file=\"https:\/\/i0.wp.com\/www.laterredufutur.com\/accueil\/wp-content\/uploads\/2013\/05\/tour-paris.jpg?fit=120%2C73&amp;ssl=1\" class=\" alignleft size-full wp-image-1373\" src=\"https:\/\/i0.wp.com\/www.laterredufutur.com\/wordpress\/wp-content\/uploads\/2013\/05\/tour-paris.jpg?resize=120%2C73\" alt=\"\" width=\"120\" height=\"73\" align=\"left\" border=\"0\" \/>Et si l&rsquo;humanit\u00e9 venait \u00e0 dispara\u00eetre,\u00a0Population Zero. \u00a0Un monde sans homme, o\u00f9 comment la nature reprendrait ses droits dans nos villes. Qu&rsquo;adviendrait-il de nos villes et de nos infrastructures si nous n&rsquo;\u00e9tions plus l\u00e0 ? <\/span><\/span><\/p>\n<p style=\"text-align: justify;\"><span style=\"color: #000000;\"><span style=\"font-size: small;\">Ce documentaire laisse entrevoir ce que la Terre deviendrait sans les humains. De saisissantes images de synth\u00e8se pr\u00e9sentent de vraisemblables d\u00e9cors post-apocalyptiques. Au fil des jours, semaines, mois et ann\u00e9es, on d\u00e9couvre l&rsquo;\u00e9tat de d\u00e9gradation de notre monde industrialis\u00e9, le sort des villes, des tr\u00e9sors d&rsquo;architectures, des animaux ou encore de la v\u00e9g\u00e9tation.<\/span><\/span><\/p><div class=\"1665f18d14f35dd9e7566e1a8ac9a3e9\" data-index=\"2\" style=\"float: none; margin:10px 0 10px 0; text-align:center;\">\n<script async src=\"https:\/\/pagead2.googlesyndication.com\/pagead\/js\/adsbygoogle.js\"><\/script>\r\n<ins class=\"adsbygoogle\"\r\n     style=\"display:block; text-align:center;\"\r\n     data-ad-layout=\"in-article\"\r\n     data-ad-format=\"fluid\"\r\n     data-ad-client=\"ca-pub-2860849627502538\"\r\n     data-ad-slot=\"3019501113\"><\/ins>\r\n<script>\r\n     (adsbygoogle = window.adsbygoogle || []).push({});\r\n<\/script>\n<\/div>\n\n<p style=\"text-align: justify;\"><span style=\"color: #000000;\"><span style=\"font-size: small;\">Des sp\u00e9cialistes de diff\u00e9rents domaines d\u00e9crivent avec d\u00e9tails l&rsquo;\u00e9mergence d&rsquo;un nouveau monde, imaginant ce qu&rsquo;il resterait du passage de l&rsquo;homme sur Terre et combien de temps les traces de l&rsquo;activit\u00e9 humaine seront encore visibles, quelles seraient les cons\u00e9quences pour les autres \u00eatres vivants et animaux, comment la nature reprendrait le dessus, et en combien de temps notre pollution arriverait \u00e0 \u00eatre \u00e9limin\u00e9e.<\/span><\/span><\/p>\n<p><span class=\"embed-youtube\" style=\"text-align:center; display: block;\"><iframe loading=\"lazy\" class=\"youtube-player\" width=\"640\" height=\"360\" src=\"https:\/\/www.youtube.com\/embed\/OXznGccxrQQ?version=3&#038;rel=1&#038;showsearch=0&#038;showinfo=1&#038;iv_load_policy=1&#038;fs=1&#038;hl=fr-FR&#038;autohide=2&#038;wmode=transparent\" allowfullscreen=\"true\" style=\"border:0;\" sandbox=\"allow-scripts allow-same-origin allow-popups allow-presentation allow-popups-to-escape-sandbox\"><\/iframe><\/span><\/p>\n<p style=\"text-align: justify;\"><span style=\"color: #000000;\"><span style=\"font-size: small;\">Chaque \u00e9pisode commence par un g\u00e9n\u00e9rique ou le narrateur explique le principe et les sujets abord\u00e9s. Puis, un \u00e9cran affiche les dates comme \u00ab\u00a0un jour apr\u00e8s les humains\u00a0\u00bb, et peut finir par \u00ab\u00a010 000 ann\u00e9es apr\u00e8s les humains\u00a0\u00bb<\/span><\/span><\/p>\n<p><script>\/\/ < ![CDATA[\n\/\/ < ![CDATA[ (adsbygoogle = window.adsbygoogle || []).push({});\n\/\/ ]]><\/script><\/p>\n<p class=\"bawpvc-ajax-counter\" data-id=\"1374\">(575)<\/p>\n<!--CusAds0-->\n<div style=\"font-size: 0px; height: 0px; line-height: 0px; margin: 0; padding: 0; clear: both;\"><\/div>","protected":false},"excerpt":{"rendered":"<p style=\"text-align: justify;\"><span style=\"color: #000000;\"><span style=\"font-size: small;\"><img loading=\"lazy\" decoding=\"async\" class=\" alignleft size-full wp-image-1373\" src=\"http:\/\/www.laterredufutur.com\/wordpress\/wp-content\/uploads\/2013\/05\/tour-paris.jpg\" border=\"0\" align=\"left\" width=\"120\" height=\"73\" \/>Et si l&rsquo;humanit\u00e9 venait \u00e0 dispara\u00eetre,\u00a0Population Zero. \u00a0Un monde sans homme, o\u00f9 comment la nature reprendrait ses droits dans nos villes. Qu&rsquo;adviendrait-il de nos villes et de nos infrastructures si nous n&rsquo;\u00e9tions plus l\u00e0 ? <\/span><\/span><\/p>\n<p style=\"text-align: justify;\"><span style=\"color: #000000;\"><span style=\"font-size: small;\">Ce documentaire laisse entrevoir ce que la Terre deviendrait sans les humains. De saisissantes images de synth\u00e8se pr\u00e9sentent de vraisemblables d\u00e9cors post-apocalyptiques. Au fil des jours, semaines, mois et ann\u00e9es, on d\u00e9couvre l&rsquo;\u00e9tat de d\u00e9gradation de notre monde industrialis\u00e9, le sort des villes, des tr\u00e9sors d&rsquo;architectures, des animaux ou encore de la v\u00e9g\u00e9tation.<\/span><\/span><\/p>\n<p style=\"text-align: justify;\"><span style=\"color: #000000;\"><span style=\"font-size: small;\"> <\/span><\/span><\/p>\n","protected":false},"author":1,"featured_media":1373,"comment_status":"open","ping_status":"open","sticky":false,"template":"","format":"standard","meta":{"_exactmetrics_skip_tracking":false,"_exactmetrics_sitenote_active":false,"_exactmetrics_sitenote_note":"","_exactmetrics_sitenote_category":0,"ngg_post_thumbnail":0,"jetpack_post_was_ever_published":false,"_jetpack_newsletter_access":"","_jetpack_dont_email_post_to_subs":false,"_jetpack_newsletter_tier_id":0,"_jetpack_memberships_contains_paywalled_content":false,"_jetpack_memberships_contains_paid_content":false,"footnotes":"","jetpack_publicize_message":"","jetpack_publicize_feature_enabled":true,"jetpack_social_post_already_shared":false,"jetpack_social_options":{"image_generator_settings":{"template":"highway","default_image_id":0,"font":"","enabled":false},"version":2}},"categories":[18],"tags":[581,923,1724,729,1725,448,130,437,821,1723,1722,1726],"class_list":["post-1374","post","type-post","status-publish","format-standard","has-post-thumbnail","hentry","category-monde-futur","tag-adaptation","tag-annee","tag-disparu","tag-humain","tag-hypothese","tag-jour","tag-monde","tag-nature","tag-nouveau-monde","tag-population-zero","tag-sans-homme","tag-semaine","wpcat-18-id"],"jetpack_publicize_connections":[],"jetpack_featured_media_url":"https:\/\/i0.wp.com\/www.laterredufutur.com\/accueil\/wp-content\/uploads\/2013\/05\/tour-paris.jpg?fit=120%2C73&ssl=1","jetpack_shortlink":"https:\/\/wp.me\/p631RN-ma","jetpack-related-posts":[{"id":10228,"url":"https:\/\/www.laterredufutur.com\/accueil\/la-terre-apres-la-disparition-des-humains\/","url_meta":{"origin":1374,"position":0},"title":"La Terre apr\u00e8s la disparition des humains","author":"Admin","date":"8 janvier 2016","format":false,"excerpt":"La plupart d\u2019entre-nous pense que la nature reprendrait ses droits si les humains disparaissaient. De nombreuses th\u00e9ories viennent renforcer cette croyance populaire. Il y a mille raisons pour lesquelles l\u2019humanit\u00e9 serait amen\u00e9e \u00e0 dispara\u00eetre : des pand\u00e9mies mondiales (virus Ebola, grippes de type espagnole, aviaire), l\u2019\u00e9touffement de la plan\u00e8te (pollution,\u2026","rel":"","context":"Dans &quot;Divers&quot;","block_context":{"text":"Divers","link":"https:\/\/www.laterredufutur.com\/accueil\/sujets\/divers\/"},"img":{"alt_text":"","src":"https:\/\/i0.wp.com\/www.laterredufutur.com\/accueil\/wp-content\/uploads\/2015\/12\/La-Terre-apres-la-disparition-des-humains.jpg?fit=600%2C336&ssl=1&resize=350%2C200","width":350,"height":200,"srcset":"https:\/\/i0.wp.com\/www.laterredufutur.com\/accueil\/wp-content\/uploads\/2015\/12\/La-Terre-apres-la-disparition-des-humains.jpg?fit=600%2C336&ssl=1&resize=350%2C200 1x, https:\/\/i0.wp.com\/www.laterredufutur.com\/accueil\/wp-content\/uploads\/2015\/12\/La-Terre-apres-la-disparition-des-humains.jpg?fit=600%2C336&ssl=1&resize=525%2C300 1.5x"},"classes":[]},{"id":4084,"url":"https:\/\/www.laterredufutur.com\/accueil\/le-monde-sans-nous\/","url_meta":{"origin":1374,"position":1},"title":"Le Monde sans nous","author":"Admin","date":"23 juillet 2007","format":false,"excerpt":"Air connu : une esp\u00e8ce s\u2019\u00e9teint et toute l\u2019harmonie de la nature est affect\u00e9e. Si cette esp\u00e8ce, c\u2019\u00e9tait la n\u00f4tre ? Notre absence romprait-elle l\u2019\u00e9quilibre \u00e9cologique ? Notre absence appauvrirait-elle un tant soit peu notre bonne vieille plan\u00e8te ? La r\u00e9ponse des scientifiques les plus en vue : la vie\u2026","rel":"","context":"Dans &quot;Monde Futur&quot;","block_context":{"text":"Monde Futur","link":"https:\/\/www.laterredufutur.com\/accueil\/sujets\/monde-futur\/"},"img":{"alt_text":"","src":"","width":0,"height":0},"classes":[]},{"id":5515,"url":"https:\/\/www.laterredufutur.com\/accueil\/un-monde-lointain-avec-une-population-rarefiee\/","url_meta":{"origin":1374,"position":2},"title":"Un monde lointain avec une population rar\u00e9fi\u00e9e","author":"Admin","date":"8 septembre 2010","format":false,"excerpt":"Le c\u00e9l\u00e8bre astrophysicien Stephen Hawking est d\u00e9sormais plus connu pour ses pr\u00e9dictions de la fin du monde que pour ses travaux. Il a r\u00e9cemment expliqu\u00e9 que l\u2019Humanit\u00e9 dispara\u00eetrait d\u2019ici 200 ans si l\u2019Homme ne parvenait pas \u00e0 se rendre dans l\u2019espace. Atteint d\u2019une maladie d\u00e9g\u00e9n\u00e9rative paralysante, Stephen Hawking ne se\u2026","rel":"","context":"Dans &quot;Monde Futur&quot;","block_context":{"text":"Monde Futur","link":"https:\/\/www.laterredufutur.com\/accueil\/sujets\/monde-futur\/"},"img":{"alt_text":"","src":"https:\/\/i0.wp.com\/www.laterredufutur.com\/accueil\/wp-content\/uploads\/2015\/04\/stephen-hawking.jpg?fit=250%2C282&ssl=1&resize=350%2C200","width":350,"height":200},"classes":[]},{"id":24034,"url":"https:\/\/www.laterredufutur.com\/accueil\/notre-monde-et-lhumanite-sont-deja-une-espece-morte-vivante-selon-un-scientifique\/","url_meta":{"origin":1374,"position":3},"title":"Notre monde et l\u2019humanit\u00e9 sont \u00ab d\u00e9j\u00e0 une esp\u00e8ce morte-vivante selon un scientifique","author":"Admin","date":"12 mai 2022","format":false,"excerpt":"Quand l\u2019apocalypse arrivera-t-elle ? Nos jours sur Terre sont peut-\u00eatre compt\u00e9s. En effet, d\u2019ici la fin du si\u00e8cle, la population mondiale pourrait entamer son in\u00e9vitable d\u00e9clin, affirme le pal\u00e9ontologue et r\u00e9dacteur en chef de Nature Henry Gee dans un nouvel article pour Scientific American \u2013 et il n\u2019h\u00e9site pas \u00e0\u2026","rel":"","context":"Dans &quot;Monde Futur&quot;","block_context":{"text":"Monde Futur","link":"https:\/\/www.laterredufutur.com\/accueil\/sujets\/monde-futur\/"},"img":{"alt_text":"","src":"https:\/\/i0.wp.com\/www.laterredufutur.com\/accueil\/wp-content\/uploads\/2022\/05\/extinction-humanite-civilisation.jpg?fit=1024%2C658&ssl=1&resize=350%2C200","width":350,"height":200,"srcset":"https:\/\/i0.wp.com\/www.laterredufutur.com\/accueil\/wp-content\/uploads\/2022\/05\/extinction-humanite-civilisation.jpg?fit=1024%2C658&ssl=1&resize=350%2C200 1x, https:\/\/i0.wp.com\/www.laterredufutur.com\/accueil\/wp-content\/uploads\/2022\/05\/extinction-humanite-civilisation.jpg?fit=1024%2C658&ssl=1&resize=525%2C300 1.5x, https:\/\/i0.wp.com\/www.laterredufutur.com\/accueil\/wp-content\/uploads\/2022\/05\/extinction-humanite-civilisation.jpg?fit=1024%2C658&ssl=1&resize=700%2C400 2x"},"classes":[]},{"id":4124,"url":"https:\/\/www.laterredufutur.com\/accueil\/un-monde-sans-abeilles\/","url_meta":{"origin":1374,"position":4},"title":"Un Monde sans abeilles","author":"Admin","date":"12 septembre 2007","format":false,"excerpt":"Einstein disait que sans les abeilles, l'Homme n'aurait plus que 4 ans de survie. La disparition dramatique des abeilles au niveau mondial pose le probl\u00e8me de la polanisation des fleurs, des fruits et des l\u00e9gumes. L'immense majorit\u00e9 de la flore serait touch\u00e9e et la polanisation ne se faisant plus, l'Homme\u2026","rel":"","context":"Dans &quot;Monde Futur&quot;","block_context":{"text":"Monde Futur","link":"https:\/\/www.laterredufutur.com\/accueil\/sujets\/monde-futur\/"},"img":{"alt_text":"","src":"https:\/\/i0.wp.com\/www.laterredufutur.com\/accueil\/wp-content\/uploads\/2015\/04\/abeille-morte.jpg?fit=352%2C288&ssl=1&resize=350%2C200","width":350,"height":200},"classes":[]},{"id":15560,"url":"https:\/\/www.laterredufutur.com\/accueil\/un-monde-alarmiste-et-qui-veut-faire-peur-lapocalypse-annoncee\/","url_meta":{"origin":1374,"position":5},"title":"Un monde alarmiste et qui veut faire peur, l&rsquo;Apocalypse annonc\u00e9e","author":"Admin","date":"11 ao\u00fbt 2017","format":false,"excerpt":"Il n'y a pas un mois, une semaine, un jour o\u00f9 une \u00e9tude tombe en nous annon\u00e7ant l'apocalypse climatique ! Cette th\u00e8se r\u00e9p\u00e9titive entre dans le domaine du scary movie, \u00e9pisode 1580. Entre mythe et r\u00e9alit\u00e9, o\u00f9 seront nous dans 80 ans ? S'occupe t-on des probl\u00e8mes actuels, tant en\u2026","rel":"","context":"Dans &quot;Monde Futur&quot;","block_context":{"text":"Monde Futur","link":"https:\/\/www.laterredufutur.com\/accueil\/sujets\/monde-futur\/"},"img":{"alt_text":"","src":"https:\/\/i0.wp.com\/www.laterredufutur.com\/accueil\/wp-content\/uploads\/2017\/07\/tintin_findumonde.jpg?fit=531%2C433&ssl=1&resize=350%2C200","width":350,"height":200,"srcset":"https:\/\/i0.wp.com\/www.laterredufutur.com\/accueil\/wp-content\/uploads\/2017\/07\/tintin_findumonde.jpg?fit=531%2C433&ssl=1&resize=350%2C200 1x, https:\/\/i0.wp.com\/www.laterredufutur.com\/accueil\/wp-content\/uploads\/2017\/07\/tintin_findumonde.jpg?fit=531%2C433&ssl=1&resize=525%2C300 1.5x"},"classes":[]}],"jetpack_sharing_enabled":true,"_links":{"self":[{"href":"https:\/\/www.laterredufutur.com\/accueil\/wp-json\/wp\/v2\/posts\/1374","targetHints":{"allow":["GET"]}}],"collection":[{"href":"https:\/\/www.laterredufutur.com\/accueil\/wp-json\/wp\/v2\/posts"}],"about":[{"href":"https:\/\/www.laterredufutur.com\/accueil\/wp-json\/wp\/v2\/types\/post"}],"author":[{"embeddable":true,"href":"https:\/\/www.laterredufutur.com\/accueil\/wp-json\/wp\/v2\/users\/1"}],"replies":[{"embeddable":true,"href":"https:\/\/www.laterredufutur.com\/accueil\/wp-json\/wp\/v2\/comments?post=1374"}],"version-history":[{"count":3,"href":"https:\/\/www.laterredufutur.com\/accueil\/wp-json\/wp\/v2\/posts\/1374\/revisions"}],"predecessor-version":[{"id":9572,"href":"https:\/\/www.laterredufutur.com\/accueil\/wp-json\/wp\/v2\/posts\/1374\/revisions\/9572"}],"wp:featuredmedia":[{"embeddable":true,"href":"https:\/\/www.laterredufutur.com\/accueil\/wp-json\/wp\/v2\/media\/1373"}],"wp:attachment":[{"href":"https:\/\/www.laterredufutur.com\/accueil\/wp-json\/wp\/v2\/media?parent=1374"}],"wp:term":[{"taxonomy":"category","embeddable":true,"href":"https:\/\/www.laterredufutur.com\/accueil\/wp-json\/wp\/v2\/categories?post=1374"},{"taxonomy":"post_tag","embeddable":true,"href":"https:\/\/www.laterredufutur.com\/accueil\/wp-json\/wp\/v2\/tags?post=1374"}],"curies":[{"name":"wp","href":"https:\/\/api.w.org\/{rel}","templated":true}]}}