{"id":13666,"date":"2016-10-27T00:00:24","date_gmt":"2016-10-26T22:00:24","guid":{"rendered":"http:\/\/www.laterredufutur.com\/accueil\/?p=13666"},"modified":"2023-07-26T09:21:56","modified_gmt":"2023-07-26T07:21:56","slug":"et-si-latlantide-avait-ete-redecouverte","status":"publish","type":"post","link":"https:\/\/www.laterredufutur.com\/accueil\/et-si-latlantide-avait-ete-redecouverte\/","title":{"rendered":"Et si l&rsquo;Atlantide avait \u00e9t\u00e9 red\u00e9couverte ?"},"content":{"rendered":"<div class=\"1665f18d14f35dd9e7566e1a8ac9a3e9\" data-index=\"1\" style=\"float: none; margin:10px 0 10px 0; text-align:center;\">\n<script async src=\"https:\/\/pagead2.googlesyndication.com\/pagead\/js\/adsbygoogle.js\"><\/script>\r\n<ins class=\"adsbygoogle\"\r\n     style=\"display:block; text-align:center;\"\r\n     data-ad-layout=\"in-article\"\r\n     data-ad-format=\"fluid\"\r\n     data-ad-client=\"ca-pub-2860849627502538\"\r\n     data-ad-slot=\"3019501113\"><\/ins>\r\n<script>\r\n     (adsbygoogle = window.adsbygoogle || []).push({});\r\n<\/script>\n<\/div>\n<p style=\"text-align: justify;\">De nouvelles recherches tendraient \u00e0 prouver que l&rsquo;Atlantide se situait sur le Santorin de l&rsquo;\u00e9poque Minoenne. Une fascinante th\u00e9orie \u00ab\u00a0d\u00e9montr\u00e9e\u00a0\u00bb, localise Atlantide dans la M\u00e9diterran\u00e9e orientale, plus pr\u00e9cis\u00e9ment dans l&rsquo;archipel des Cyclades, dans une zone qui est occup\u00e9e aujourd&rsquo;hui par l&rsquo;\u00eele de Santorin.<\/p>\n<p style=\"text-align: justify;\">Nous savons depuis longtemps que Santorin ne constitue que les restes d&rsquo;une \u00eele beaucoup plus grande, d\u00e9truite par une explosion catastrophique: il est bien connu que l&rsquo;ancienne Thera a \u00e9ruct\u00e9 18 km cubes de magma et que son explosion ne laissa qu&rsquo;un bout de rocher noirci. Seulement dans les ann\u00e9es \u201870 la m\u00e9thode du radiocarbone a permis de dater avec une marge d&rsquo;erreur r\u00e9duite un tr\u00f4ne qui \u00e9tait enterr\u00e9 dans la cendre volcanique : l&rsquo;\u00e9ruption a du se produire aux environs du 1456 av. J.-C.<\/p>\n<p style=\"text-align: justify;\">Voici un documentaire \u00e9difiant :<\/p>\n<p><span class=\"embed-youtube\" style=\"text-align:center; display: block;\"><iframe loading=\"lazy\" class=\"youtube-player\" width=\"640\" height=\"360\" src=\"https:\/\/www.youtube.com\/embed\/jnD6ZrnYgwA?version=3&#038;rel=1&#038;showsearch=0&#038;showinfo=1&#038;iv_load_policy=1&#038;fs=1&#038;hl=fr-FR&#038;autohide=2&#038;wmode=transparent\" allowfullscreen=\"true\" style=\"border:0;\" sandbox=\"allow-scripts allow-same-origin allow-popups allow-presentation allow-popups-to-escape-sandbox\"><\/iframe><\/span><br \/>\n<span class=\"embed-youtube\" style=\"text-align:center; display: block;\"><iframe loading=\"lazy\" class=\"youtube-player\" width=\"640\" height=\"360\" src=\"https:\/\/www.youtube.com\/embed\/5VXFQJzd3vU?version=3&#038;rel=1&#038;showsearch=0&#038;showinfo=1&#038;iv_load_policy=1&#038;fs=1&#038;hl=fr-FR&#038;autohide=2&#038;wmode=transparent\" allowfullscreen=\"true\" style=\"border:0;\" sandbox=\"allow-scripts allow-same-origin allow-popups allow-presentation allow-popups-to-escape-sandbox\"><\/iframe><\/span><\/p>\n<h4>Le cas de l\u2019\u00eele de Santorin<\/h4>\n<p style=\"text-align: justify;\">Une telle \u00e9ruption s\u2019est produite sur l\u2019\u00eele de Santorin (Gr\u00e8ce) il y a 3600 ans (\u00e2ge de bronze), aliment\u00e9e par une \u00e9norme chambre magmatique situ\u00e9e \u00e0 une profondeur de quelques kilom\u00e8tres sous le volcan. Les tsunamis cr\u00e9\u00e9s par l\u2019\u00e9ruption ont probablement eu des cons\u00e9quences sur la civilisation minoenne en Cr\u00eate, 100 km au sud.<\/p><div class=\"1665f18d14f35dd9e7566e1a8ac9a3e9\" data-index=\"2\" style=\"float: none; margin:10px 0 10px 0; text-align:center;\">\n<script async src=\"https:\/\/pagead2.googlesyndication.com\/pagead\/js\/adsbygoogle.js\"><\/script>\r\n<ins class=\"adsbygoogle\"\r\n     style=\"display:block; text-align:center;\"\r\n     data-ad-layout=\"in-article\"\r\n     data-ad-format=\"fluid\"\r\n     data-ad-client=\"ca-pub-2860849627502538\"\r\n     data-ad-slot=\"3019501113\"><\/ins>\r\n<script>\r\n     (adsbygoogle = window.adsbygoogle || []).push({});\r\n<\/script>\n<\/div>\n\n<p style=\"text-align: justify;\">Nous avons \u00e9tudi\u00e9 les compositions chimiques des cristaux pr\u00e9sents dans les produits de l\u2019\u00e9ruption \u00ab&nbsp;minoenne&nbsp;\u00bb pour mieux comprendre les processus pr\u00e9-\u00e9ruptifs.<\/p>\n<p style=\"text-align: justify;\">En mod\u00e9lisant la diffusion des \u00e9l\u00e9ments chimiques au sein de ces cristaux, nous avons \u00e9galement pu d\u00e9terminer le temps \u00e9coul\u00e9 entre la formation de chaque cristal et l\u2019\u00e9ruption. Les r\u00e9sultats ont donn\u00e9 des informations sur la vitesse \u00e0 laquelle la chambre magmatique est pass\u00e9e d\u2019un \u00e9tat de repos \u00e0 un \u00e9tat \u00e9ruptif. Malgr\u00e9 le grand volume de magma produit (40 \u00e0 60 kilom\u00e8tres cubes), et la longue p\u00e9riode \u00e9coul\u00e9e (18 000 ans) depuis la pr\u00e9c\u00e9dente grande \u00e9ruption du volcan Santorin, la plupart des cristaux dans le magma minoen datent de moins de 100 ans avant l\u2019\u00e9ruption. Cette jeunesse des cristaux d\u00e9montre que la chambre magmatique \u00e0 \u00e9t\u00e9 r\u00e9aliment\u00e9e par de gros volumes de magma au cours du si\u00e8cle pr\u00e9c\u00e9dent l\u2019\u00e9ruption.<br \/>\nIl semble que les derni\u00e8res phases de croissance d\u2019une grande chambre magmatique peuvent se produire sur des \u00e9chelles de temps g\u00e9ologiquement tr\u00e8s courtes par rapport \u00e0 la p\u00e9riode de repos, et m\u00eame peu de temps avant l\u2019\u00e9ruption.<\/p>\n<p style=\"text-align: justify;\">Ces observations ont des implications pour les strat\u00e9gies de surveillance des volcans cald\u00e9riques en \u00e9tat de repos prolong\u00e9 mais potentiellement actifs.<\/p>\n<p style=\"text-align: justify;\"><img data-recalc-dims=\"1\" loading=\"lazy\" decoding=\"async\" data-attachment-id=\"13667\" data-permalink=\"https:\/\/www.laterredufutur.com\/accueil\/et-si-latlantide-avait-ete-redecouverte\/santorin-3\/\" data-orig-file=\"https:\/\/i0.wp.com\/www.laterredufutur.com\/accueil\/wp-content\/uploads\/2016\/10\/santorin.jpg?fit=504%2C515&amp;ssl=1\" data-orig-size=\"504,515\" data-comments-opened=\"1\" data-image-meta=\"{&quot;aperture&quot;:&quot;0&quot;,&quot;credit&quot;:&quot;&quot;,&quot;camera&quot;:&quot;&quot;,&quot;caption&quot;:&quot;&quot;,&quot;created_timestamp&quot;:&quot;0&quot;,&quot;copyright&quot;:&quot;&quot;,&quot;focal_length&quot;:&quot;0&quot;,&quot;iso&quot;:&quot;0&quot;,&quot;shutter_speed&quot;:&quot;0&quot;,&quot;title&quot;:&quot;&quot;,&quot;orientation&quot;:&quot;1&quot;}\" data-image-title=\"santorin\" data-image-description=\"\" data-image-caption=\"\" data-large-file=\"https:\/\/i0.wp.com\/www.laterredufutur.com\/accueil\/wp-content\/uploads\/2016\/10\/santorin.jpg?fit=504%2C515&amp;ssl=1\" class=\"alignnone size-full wp-image-13667\" src=\"https:\/\/i0.wp.com\/www.laterredufutur.com\/accueil\/wp-content\/uploads\/2016\/10\/santorin.jpg?resize=504%2C515\" alt=\"santorin\" width=\"504\" height=\"515\" srcset=\"https:\/\/i0.wp.com\/www.laterredufutur.com\/accueil\/wp-content\/uploads\/2016\/10\/santorin.jpg?w=504&amp;ssl=1 504w, https:\/\/i0.wp.com\/www.laterredufutur.com\/accueil\/wp-content\/uploads\/2016\/10\/santorin.jpg?resize=294%2C300&amp;ssl=1 294w\" sizes=\"auto, (max-width: 504px) 100vw, 504px\" \/><\/p>\n<p><a href=\"http:\/\/www.laterredufutur.com\/accueil\/\">Adaptation TDF<\/a><\/p>\n<p>sources : <a href=\"http:\/\/www.santoringrece.fr\/atlantide-santorini.htm\" target=\"_blank\" rel=\"noopener\">http:\/\/www.santoringrece.fr\/<\/a> \/&nbsp;<a href=\"http:\/\/www.univ-bpclermont.fr\/article1793.html\" target=\"_blank\" rel=\"noopener\">http:\/\/www.univ-bpclermont.fr\/<\/a>&nbsp;\/&nbsp;<a href=\"http:\/\/www.astrosurf.com\/luxorion\/santorin-krakatoa.htm\" target=\"_blank\" rel=\"noopener\">http:\/\/www.astrosurf.com\/<\/a><\/p>\n<p class=\"bawpvc-ajax-counter\" data-id=\"13666\">(1437)<\/p>\n<!--CusAds0-->\n<div style=\"font-size: 0px; height: 0px; line-height: 0px; margin: 0; padding: 0; clear: both;\"><\/div>","protected":false},"excerpt":{"rendered":"<p>De nouvelles recherches tendraient \u00e0 prouver que l&rsquo;Atlantide se situait sur le Santorin de l&rsquo;\u00e9poque Minoenne. Une fascinante th\u00e9orie \u00ab\u00a0d\u00e9montr\u00e9e\u00a0\u00bb,&#8230;<\/p>\n","protected":false},"author":1,"featured_media":825,"comment_status":"open","ping_status":"open","sticky":false,"template":"","format":"standard","meta":{"_exactmetrics_skip_tracking":false,"_exactmetrics_sitenote_active":false,"_exactmetrics_sitenote_note":"","_exactmetrics_sitenote_category":0,"ngg_post_thumbnail":0,"jetpack_post_was_ever_published":false,"_jetpack_newsletter_access":"","_jetpack_dont_email_post_to_subs":false,"_jetpack_newsletter_tier_id":0,"_jetpack_memberships_contains_paywalled_content":false,"_jetpack_memberships_contains_paid_content":false,"footnotes":"","jetpack_publicize_message":"Et si l'Atlantide avait \u00e9t\u00e9 red\u00e9couverte ? @laterredufutur","jetpack_publicize_feature_enabled":true,"jetpack_social_post_already_shared":true,"jetpack_social_options":{"image_generator_settings":{"template":"highway","default_image_id":0,"font":"","enabled":false},"version":2}},"categories":[33,19],"tags":[2143,6127,2195,915,673,233,518,1139,684],"class_list":["post-13666","post","type-post","status-publish","format-standard","has-post-thumbnail","hentry","category-archeologie","category-seismes-et-volcans","tag-atlantide","tag-civilisation-minoenne","tag-crete","tag-documentaire","tag-grece","tag-histoire","tag-ile","tag-santorin","tag-video","wpcat-33-id","wpcat-19-id"],"jetpack_publicize_connections":[],"jetpack_featured_media_url":"https:\/\/i0.wp.com\/www.laterredufutur.com\/accueil\/wp-content\/uploads\/2012\/03\/santorin-2.jpg?fit=540%2C360&ssl=1","jetpack_shortlink":"https:\/\/wp.me\/p631RN-3yq","jetpack-related-posts":[{"id":24693,"url":"https:\/\/www.laterredufutur.com\/accueil\/il-y-a-3700-ans-la-plus-grande-explosion-recente-de-lhistoire-de-lhumanite\/","url_meta":{"origin":13666,"position":0},"title":"Il y a 3700 ans, la plus grande explosion \u00ab\u00a0r\u00e9cente\u00a0\u00bb de l&rsquo;histoire de l&rsquo;humanit\u00e9","author":"Admin","date":"1 f\u00e9vrier 2023","format":false,"excerpt":"L'\u00e9ruption de l'\u00eele de Santorin en 1700 avant JC est consid\u00e9r\u00e9e comme l'une des plus grandes \u00e9ruptions volcaniques de l'histoire de l'humanit\u00e9. Elle a d\u00e9truit l'\u00eele minoenne de Thera (ou Santorin), qui \u00e9tait alors un centre culturel et commercial important dans la r\u00e9gion de la mer \u00c9g\u00e9e. L'\u00e9ruption de l'\u00eele\u2026","rel":"","context":"Dans &quot;Seismes\/Volcans&quot;","block_context":{"text":"Seismes\/Volcans","link":"https:\/\/www.laterredufutur.com\/accueil\/sujets\/seismes-et-volcans\/"},"img":{"alt_text":"","src":"https:\/\/i0.wp.com\/www.laterredufutur.com\/accueil\/wp-content\/uploads\/2023\/01\/santorin.jpg?fit=1000%2C668&ssl=1&resize=350%2C200","width":350,"height":200,"srcset":"https:\/\/i0.wp.com\/www.laterredufutur.com\/accueil\/wp-content\/uploads\/2023\/01\/santorin.jpg?fit=1000%2C668&ssl=1&resize=350%2C200 1x, https:\/\/i0.wp.com\/www.laterredufutur.com\/accueil\/wp-content\/uploads\/2023\/01\/santorin.jpg?fit=1000%2C668&ssl=1&resize=525%2C300 1.5x, https:\/\/i0.wp.com\/www.laterredufutur.com\/accueil\/wp-content\/uploads\/2023\/01\/santorin.jpg?fit=1000%2C668&ssl=1&resize=700%2C400 2x"},"classes":[]},{"id":2083,"url":"https:\/\/www.laterredufutur.com\/accueil\/santorin-le-volcan-se-reveille\/","url_meta":{"origin":13666,"position":1},"title":"Santorin : le volcan se r\u00e9veille ?","author":"Admin","date":"6 juillet 2014","format":false,"excerpt":"Les autorit\u00e9s grecques sont confront\u00e9es \u00e0 un casse-t\u00eate : comment r\u00e9agir aux r\u00e9centes \u00e9tudes volcanologiques qui indiquent un regain d'activit\u00e9 sur l'\u00eele de Santorin ? Vers 1600 avant notre \u00e8re, une gigantesque \u00e9ruption a d\u00e9truit l'\u00eele de Santorin, en mer \u00c9g\u00e9e, la fa\u00e7onnant telle que nous la connaissons aujourd'hui :\u2026","rel":"","context":"Dans &quot;Seismes\/Volcans&quot;","block_context":{"text":"Seismes\/Volcans","link":"https:\/\/www.laterredufutur.com\/accueil\/sujets\/seismes-et-volcans\/"},"img":{"alt_text":"santorin","src":"https:\/\/i0.wp.com\/www.laterredufutur.com\/wordpress\/wp-content\/uploads\/2012\/03\/santorin-1.jpg?resize=350%2C200","width":350,"height":200},"classes":[]},{"id":826,"url":"https:\/\/www.laterredufutur.com\/accueil\/la-caldera-du-santorin-se-reveille-t-elle\/","url_meta":{"origin":13666,"position":2},"title":"La caldera du Santorin se r\u00e9veille-t-elle ?","author":"Admin","date":"27 mars 2012","format":false,"excerpt":"Le volcan de l\u2019\u00eele de Santorin, en Gr\u00e8ce, subit actuellement d\u2019importantes d\u00e9formations. Ce supervolcan devient progressivement de plus en plus intense depuis un an. L\u2019\u00eele de Santorin, en Gr\u00e8ce, abrite un volcan dont l\u2019activit\u00e9 est actuellement en recrudescence. Depuis un peu plus d\u2019un an, une s\u00e9rie de s\u00e9ismes a \u00e9t\u00e9\u2026","rel":"","context":"Dans &quot;Seismes\/Volcans&quot;","block_context":{"text":"Seismes\/Volcans","link":"https:\/\/www.laterredufutur.com\/accueil\/sujets\/seismes-et-volcans\/"},"img":{"alt_text":"santorin","src":"https:\/\/i0.wp.com\/www.laterredufutur.com\/wordpress\/wp-content\/uploads\/2012\/03\/santorin-1.jpg?resize=350%2C200","width":350,"height":200},"classes":[]},{"id":25729,"url":"https:\/\/www.laterredufutur.com\/accueil\/la-mer-sest-mise-a-bouillir-leruption-volcanique-exceptionnelle-du-santorin-il-y-a-1-300-ans-indique-que-denormes-explosions-peuvent-se-produire-en-periode-de-calme\/","url_meta":{"origin":13666,"position":3},"title":"La mer s&rsquo;est mise \u00e0 bouillir : L&rsquo;\u00e9ruption volcanique exceptionnelle du Santorin, il y a 1 300 ans, indique que d&rsquo;\u00e9normes explosions peuvent se produire en p\u00e9riode de calme","author":"Admin","date":"5 avril 2024","format":false,"excerpt":"Une gigantesque couche de pierre ponce et de cendres d\u00e9couverte sous l'eau dans la caldeira de Santorin indique qu'une \u00e9ruption survenue en l'an 726 a \u00e9t\u00e9 beaucoup plus importante qu'on ne le pensait jusqu'\u00e0 pr\u00e9sent. Une \u00e9ruption du volcan Santorin survenue il y a 1 300 ans a \u00e9t\u00e9 beaucoup\u2026","rel":"","context":"Dans &quot;Seismes\/Volcans&quot;","block_context":{"text":"Seismes\/Volcans","link":"https:\/\/www.laterredufutur.com\/accueil\/sujets\/seismes-et-volcans\/"},"img":{"alt_text":"","src":"https:\/\/i0.wp.com\/www.laterredufutur.com\/accueil\/wp-content\/uploads\/2024\/03\/eruption-santorin.jpg?fit=1024%2C1024&ssl=1&resize=350%2C200","width":350,"height":200,"srcset":"https:\/\/i0.wp.com\/www.laterredufutur.com\/accueil\/wp-content\/uploads\/2024\/03\/eruption-santorin.jpg?fit=1024%2C1024&ssl=1&resize=350%2C200 1x, https:\/\/i0.wp.com\/www.laterredufutur.com\/accueil\/wp-content\/uploads\/2024\/03\/eruption-santorin.jpg?fit=1024%2C1024&ssl=1&resize=525%2C300 1.5x, https:\/\/i0.wp.com\/www.laterredufutur.com\/accueil\/wp-content\/uploads\/2024\/03\/eruption-santorin.jpg?fit=1024%2C1024&ssl=1&resize=700%2C400 2x"},"classes":[]},{"id":2149,"url":"https:\/\/www.laterredufutur.com\/accueil\/la-disparition-de-la-civilisation-minoenne\/","url_meta":{"origin":13666,"position":4},"title":"La disparition de la Civilisation Minoenne","author":"Admin","date":"9 septembre 2014","format":false,"excerpt":"Au IIe mill\u00e9naire avant notre \u00e8re, il y a 3600 ans, en plein c\u0153ur de la mer Eg\u00e9e, un volcan se r\u00e9veille sous l\u2019effet d\u2019une violente pouss\u00e9e de magma. Une r\u00e9action en cha\u00eene provoque une gigantesque explosion qui d\u00e9truit l\u2019\u00eele de Santorin, l\u2019un des p\u00f4les les plus prosp\u00e8res des Minoens\u2026","rel":"","context":"Dans &quot;Arch\u00e9ologie&quot;","block_context":{"text":"Arch\u00e9ologie","link":"https:\/\/www.laterredufutur.com\/accueil\/sujets\/archeologie\/"},"img":{"alt_text":"","src":"","width":0,"height":0},"classes":[]},{"id":23622,"url":"https:\/\/www.laterredufutur.com\/accueil\/leruption-minoenne-fut-lun-des-plus-grands-cataclysmes-de-lhistoire-recente\/","url_meta":{"origin":13666,"position":5},"title":"L&rsquo;\u00e9ruption minoenne fut l&rsquo;un des plus grands cataclysmes de l&rsquo;histoire \u00ab\u00a0r\u00e9cente\u00a0\u00bb","author":"Admin","date":"9 janvier 2022","format":false,"excerpt":"L'\u00e9ruption volcanique de Santorin a \u00e9branl\u00e9 le monde m\u00e9diterran\u00e9en et chang\u00e9 le cours de l'histoire. Ce cataclysme de l'\u00e2ge du Bronze se r\u00e9v\u00e8le \u00e0 pr\u00e9sent dans ses d\u00e9tails les plus troublants. Une incroyable \u00ab capsule temporelle \u00bb vient d'\u00eatre mise au jour sur le littoral de la Turquie, tout droit\u2026","rel":"","context":"Dans &quot;Arch\u00e9ologie&quot;","block_context":{"text":"Arch\u00e9ologie","link":"https:\/\/www.laterredufutur.com\/accueil\/sujets\/archeologie\/"},"img":{"alt_text":"","src":"https:\/\/i0.wp.com\/www.laterredufutur.com\/accueil\/wp-content\/uploads\/2022\/01\/santorin-gravure-ile-de-Thera-explosion-volcanique.jpg?fit=1200%2C675&ssl=1&resize=350%2C200","width":350,"height":200,"srcset":"https:\/\/i0.wp.com\/www.laterredufutur.com\/accueil\/wp-content\/uploads\/2022\/01\/santorin-gravure-ile-de-Thera-explosion-volcanique.jpg?fit=1200%2C675&ssl=1&resize=350%2C200 1x, https:\/\/i0.wp.com\/www.laterredufutur.com\/accueil\/wp-content\/uploads\/2022\/01\/santorin-gravure-ile-de-Thera-explosion-volcanique.jpg?fit=1200%2C675&ssl=1&resize=525%2C300 1.5x, https:\/\/i0.wp.com\/www.laterredufutur.com\/accueil\/wp-content\/uploads\/2022\/01\/santorin-gravure-ile-de-Thera-explosion-volcanique.jpg?fit=1200%2C675&ssl=1&resize=700%2C400 2x, https:\/\/i0.wp.com\/www.laterredufutur.com\/accueil\/wp-content\/uploads\/2022\/01\/santorin-gravure-ile-de-Thera-explosion-volcanique.jpg?fit=1200%2C675&ssl=1&resize=1050%2C600 3x"},"classes":[]}],"jetpack_sharing_enabled":true,"_links":{"self":[{"href":"https:\/\/www.laterredufutur.com\/accueil\/wp-json\/wp\/v2\/posts\/13666","targetHints":{"allow":["GET"]}}],"collection":[{"href":"https:\/\/www.laterredufutur.com\/accueil\/wp-json\/wp\/v2\/posts"}],"about":[{"href":"https:\/\/www.laterredufutur.com\/accueil\/wp-json\/wp\/v2\/types\/post"}],"author":[{"embeddable":true,"href":"https:\/\/www.laterredufutur.com\/accueil\/wp-json\/wp\/v2\/users\/1"}],"replies":[{"embeddable":true,"href":"https:\/\/www.laterredufutur.com\/accueil\/wp-json\/wp\/v2\/comments?post=13666"}],"version-history":[{"count":2,"href":"https:\/\/www.laterredufutur.com\/accueil\/wp-json\/wp\/v2\/posts\/13666\/revisions"}],"predecessor-version":[{"id":25135,"href":"https:\/\/www.laterredufutur.com\/accueil\/wp-json\/wp\/v2\/posts\/13666\/revisions\/25135"}],"wp:featuredmedia":[{"embeddable":true,"href":"https:\/\/www.laterredufutur.com\/accueil\/wp-json\/wp\/v2\/media\/825"}],"wp:attachment":[{"href":"https:\/\/www.laterredufutur.com\/accueil\/wp-json\/wp\/v2\/media?parent=13666"}],"wp:term":[{"taxonomy":"category","embeddable":true,"href":"https:\/\/www.laterredufutur.com\/accueil\/wp-json\/wp\/v2\/categories?post=13666"},{"taxonomy":"post_tag","embeddable":true,"href":"https:\/\/www.laterredufutur.com\/accueil\/wp-json\/wp\/v2\/tags?post=13666"}],"curies":[{"name":"wp","href":"https:\/\/api.w.org\/{rel}","templated":true}]}}