{"id":13212,"date":"2016-09-13T00:00:44","date_gmt":"2016-09-12T22:00:44","guid":{"rendered":"http:\/\/www.laterredufutur.com\/accueil\/?p=13212"},"modified":"2016-09-05T18:33:36","modified_gmt":"2016-09-05T16:33:36","slug":"le-train-spatial-qui-pourrait-relier-mars-en-2-jours","status":"publish","type":"post","link":"https:\/\/www.laterredufutur.com\/accueil\/le-train-spatial-qui-pourrait-relier-mars-en-2-jours\/","title":{"rendered":"Le train spatial qui pourrait relier Mars en 2 jours"},"content":{"rendered":"<div class=\"1665f18d14f35dd9e7566e1a8ac9a3e9\" data-index=\"1\" style=\"float: none; margin:10px 0 10px 0; text-align:center;\">\n<script async src=\"https:\/\/pagead2.googlesyndication.com\/pagead\/js\/adsbygoogle.js\"><\/script>\r\n<ins class=\"adsbygoogle\"\r\n     style=\"display:block; text-align:center;\"\r\n     data-ad-layout=\"in-article\"\r\n     data-ad-format=\"fluid\"\r\n     data-ad-client=\"ca-pub-2860849627502538\"\r\n     data-ad-slot=\"3019501113\"><\/ins>\r\n<script>\r\n     (adsbygoogle = window.adsbygoogle || []).push({});\r\n<\/script>\n<\/div>\n<p style=\"text-align: justify;\">Aujourd&rsquo;hui, si vous voulez passez un week-end sur Mars, n&rsquo;oubliez pas votre go\u00fbter pour le trajet. Le voyage dure entre 3 et 6 mois, minimum. Du coup, certains se demandent comment on pourrait voyager plus rapidement dans l&rsquo;espace. Ce nouveau concept, un train spatial baptis\u00e9 Solar Express, pourrait, selon ses auteurs, transporter des marchandises et des passagers vers Mars en moins de 2 jours !<\/p>\n<p style=\"text-align: justify;\">Le fondateur d\u2019Imaginactive, Charles Bombardier, et son \u00e9quipe envisagent de cr\u00e9er un v\u00e9hicule qui pourrait voyager \u00e0 1% de la vitesse de la lumi\u00e8re, soit 3 000 km\/seconde. Pour imaginer ce concept, ils ont commenc\u00e9 par lister tout ce qui rendait l\u2019acc\u00e8s \u00e0 l\u2019espace si cher :<\/p><div class=\"1665f18d14f35dd9e7566e1a8ac9a3e9\" data-index=\"2\" style=\"float: none; margin:10px 0 10px 0; text-align:center;\">\n<script async src=\"https:\/\/pagead2.googlesyndication.com\/pagead\/js\/adsbygoogle.js\"><\/script>\r\n<ins class=\"adsbygoogle\"\r\n     style=\"display:block; text-align:center;\"\r\n     data-ad-layout=\"in-article\"\r\n     data-ad-format=\"fluid\"\r\n     data-ad-client=\"ca-pub-2860849627502538\"\r\n     data-ad-slot=\"3019501113\"><\/ins>\r\n<script>\r\n     (adsbygoogle = window.adsbygoogle || []).push({});\r\n<\/script>\n<\/div>\n\n<p style=\"text-align: justify;\">\u00ab Dans l\u2019espace, ce qui co\u00fbte le plus cher sont les phases d\u2019acc\u00e9l\u00e9ration et de d\u00e9c\u00e9l\u00e9ration. L\u2019\u00e9nergie n\u00e9cessaire pour ces deux parties du voyage est \u00e9norme, surtout s\u2019il faut d\u00e9placer quelque chose d\u2019aussi lourd qu\u2019un train de l\u2019espace. En plus, si vous ajoutez du transport de fret, \u00e7a devient tr\u00e8s cher. \u00bb<\/p>\n<p style=\"text-align: justify;\">Solar Express contourne ces inconv\u00e9nients en \u00e9liminant les phases de d\u00e9c\u00e9l\u00e9ration et d\u2019acc\u00e9l\u00e9ration. Un fois qu\u2019il sera dans l\u2019espace, il ne s\u2019arr\u00eatera plus. Il fera des aller-retour Terre-Mars et des capsules plus petites avec du fret et des passagers viendront s\u2019arrimer pendant qu\u2019il se d\u00e9placera. Le train spatial pourra hypoth\u00e9tiquement capter l\u2019\u00e9nergie solaire et l\u2019eau qui se trouve dans les corps c\u00e9lestes.<\/p>\n<p>source :\u00a0<a href=\"http:\/\/fr.ubergizmo.com\/2016\/09\/04\/space-train-pourrait-relier-mars-a-terre-2-jours.html\" target=\"_blank\">http:\/\/fr.ubergizmo.com\/<\/a><\/p>\n<p class=\"bawpvc-ajax-counter\" data-id=\"13212\">(874)<\/p>\n<!--CusAds0-->\n<div style=\"font-size: 0px; height: 0px; line-height: 0px; margin: 0; padding: 0; clear: both;\"><\/div>","protected":false},"excerpt":{"rendered":"<p>Aujourd&rsquo;hui, si vous voulez passez un week-end sur Mars, n&rsquo;oubliez pas votre go\u00fbter pour le trajet. Le voyage dure entre&#8230;<\/p>\n","protected":false},"author":1,"featured_media":13213,"comment_status":"open","ping_status":"open","sticky":false,"template":"","format":"standard","meta":{"_exactmetrics_skip_tracking":false,"_exactmetrics_sitenote_active":false,"_exactmetrics_sitenote_note":"","_exactmetrics_sitenote_category":0,"ngg_post_thumbnail":0,"jetpack_post_was_ever_published":false,"_jetpack_newsletter_access":"","_jetpack_dont_email_post_to_subs":false,"_jetpack_newsletter_tier_id":0,"_jetpack_memberships_contains_paywalled_content":false,"_jetpack_memberships_contains_paid_content":false,"footnotes":"","jetpack_publicize_message":"Le train spatial qui pourrait relier Mars en 2 jours @laterredufutur","jetpack_publicize_feature_enabled":true,"jetpack_social_post_already_shared":true,"jetpack_social_options":{"image_generator_settings":{"template":"highway","default_image_id":0,"font":"","enabled":false},"version":2}},"categories":[22],"tags":[117,123,6037,2138,1107],"class_list":["post-13212","post","type-post","status-publish","format-standard","has-post-thumbnail","hentry","category-espace","tag-espace","tag-mars","tag-train-spatial","tag-vaisseau-spatial","tag-voyage","wpcat-22-id"],"jetpack_publicize_connections":[],"jetpack_featured_media_url":"https:\/\/i0.wp.com\/www.laterredufutur.com\/accueil\/wp-content\/uploads\/2016\/09\/train-spatial-pour-mars.jpg?fit=1078%2C800&ssl=1","jetpack_shortlink":"https:\/\/wp.me\/p631RN-3r6","jetpack-related-posts":[{"id":15640,"url":"https:\/\/www.laterredufutur.com\/accueil\/le-concept-du-train-spatial-pourrait-amener-lhomme-sur-mars-en-seulement-37-heures\/","url_meta":{"origin":13212,"position":0},"title":"Le concept du train spatial pourrait amener l&rsquo;homme sur Mars en seulement 37 heures","author":"Admin","date":"3 septembre 2017","format":false,"excerpt":"Le solar express, nouveau concept de transport spatial, pourrait transporter les humains et du mat\u00e9riel vers Mars en quelques heures seulement. En effet, cet \u00e9tonnant \u00ab train spatial \u00bb voyagerait sur une route \u00e0 grande vitesse sans fin, ce qui signifie qu\u2019il ne ralentirait jamais. \u00ab Il ne s\u2019arr\u00eaterait jamais,\u2026","rel":"","context":"Dans &quot;Espace&quot;","block_context":{"text":"Espace","link":"https:\/\/www.laterredufutur.com\/accueil\/sujets\/espace\/"},"img":{"alt_text":"","src":"https:\/\/i0.wp.com\/www.laterredufutur.com\/accueil\/wp-content\/uploads\/2017\/08\/train-spatial.jpg?fit=962%2C512&ssl=1&resize=350%2C200","width":350,"height":200,"srcset":"https:\/\/i0.wp.com\/www.laterredufutur.com\/accueil\/wp-content\/uploads\/2017\/08\/train-spatial.jpg?fit=962%2C512&ssl=1&resize=350%2C200 1x, https:\/\/i0.wp.com\/www.laterredufutur.com\/accueil\/wp-content\/uploads\/2017\/08\/train-spatial.jpg?fit=962%2C512&ssl=1&resize=525%2C300 1.5x, https:\/\/i0.wp.com\/www.laterredufutur.com\/accueil\/wp-content\/uploads\/2017\/08\/train-spatial.jpg?fit=962%2C512&ssl=1&resize=700%2C400 2x"},"classes":[]},{"id":10862,"url":"https:\/\/www.laterredufutur.com\/accueil\/elon-musk-veut-envoyer-un-premier-homme-sur-mars-des-2025\/","url_meta":{"origin":13212,"position":1},"title":"Elon Musk veut envoyer un premier homme sur Mars d\u00e8s 2025","author":"Admin","date":"31 janvier 2016","format":false,"excerpt":"A l'occasion du festival StartmeupHK qui se tenait \u00e0 Hongkong, Elon Musk, le fondateur de Space X, d\u00e9clarait que le premier voyage vers Mars pourrait avoir lieu d\u00e8s 2025. L\u2019entreprise Space X, cr\u00e9\u00e9e par le milliardaire Elon Musk, a prouv\u00e9 qu\u2019il faudra compter sur elle pour des missions spatiales. Elle\u2026","rel":"","context":"Dans &quot;Espace&quot;","block_context":{"text":"Espace","link":"https:\/\/www.laterredufutur.com\/accueil\/sujets\/espace\/"},"img":{"alt_text":"","src":"https:\/\/i0.wp.com\/www.laterredufutur.com\/accueil\/wp-content\/uploads\/2016\/01\/elon-musk.jpg?fit=1200%2C676&ssl=1&resize=350%2C200","width":350,"height":200,"srcset":"https:\/\/i0.wp.com\/www.laterredufutur.com\/accueil\/wp-content\/uploads\/2016\/01\/elon-musk.jpg?fit=1200%2C676&ssl=1&resize=350%2C200 1x, https:\/\/i0.wp.com\/www.laterredufutur.com\/accueil\/wp-content\/uploads\/2016\/01\/elon-musk.jpg?fit=1200%2C676&ssl=1&resize=525%2C300 1.5x, https:\/\/i0.wp.com\/www.laterredufutur.com\/accueil\/wp-content\/uploads\/2016\/01\/elon-musk.jpg?fit=1200%2C676&ssl=1&resize=700%2C400 2x, https:\/\/i0.wp.com\/www.laterredufutur.com\/accueil\/wp-content\/uploads\/2016\/01\/elon-musk.jpg?fit=1200%2C676&ssl=1&resize=1050%2C600 3x"},"classes":[]},{"id":18199,"url":"https:\/\/www.laterredufutur.com\/accueil\/nouvel-objectif-delon-musk-atteindre-la-lune-aussi-vite-que-possible\/","url_meta":{"origin":13212,"position":2},"title":"Nouvel objectif d&rsquo;Elon Musk: \u00abAtteindre la Lune aussi vite que possible\u00bb","author":"Admin","date":"1 f\u00e9vrier 2019","format":false,"excerpt":"Elon Musk veut vraiment aller sur la Lune - et \"aussi vite que possible\", a-t-il \u00e9crit dans un tweet la nuit derni\u00e8re . Le tweet sur Twitter contenait \u00e9galement de nouveaux d\u00e9tails sur le moteur Raptor de SpaceX, ce qui pourrait permettre \u00e0 l'\u00e9norme vaisseau spatial en acier inoxydable de\u2026","rel":"","context":"Dans &quot;Espace&quot;","block_context":{"text":"Espace","link":"https:\/\/www.laterredufutur.com\/accueil\/sujets\/espace\/"},"img":{"alt_text":"","src":"https:\/\/i0.wp.com\/www.laterredufutur.com\/accueil\/wp-content\/uploads\/2019\/02\/elon-musk-moon-starship-raptor.jpg?fit=768%2C403&ssl=1&resize=350%2C200","width":350,"height":200,"srcset":"https:\/\/i0.wp.com\/www.laterredufutur.com\/accueil\/wp-content\/uploads\/2019\/02\/elon-musk-moon-starship-raptor.jpg?fit=768%2C403&ssl=1&resize=350%2C200 1x, https:\/\/i0.wp.com\/www.laterredufutur.com\/accueil\/wp-content\/uploads\/2019\/02\/elon-musk-moon-starship-raptor.jpg?fit=768%2C403&ssl=1&resize=525%2C300 1.5x, https:\/\/i0.wp.com\/www.laterredufutur.com\/accueil\/wp-content\/uploads\/2019\/02\/elon-musk-moon-starship-raptor.jpg?fit=768%2C403&ssl=1&resize=700%2C400 2x"},"classes":[]},{"id":20632,"url":"https:\/\/www.laterredufutur.com\/accueil\/percee-dans-le-voyage-spatial-un-moteur-a-plasma-de-160-000km-h-promet-de-reduire-les-voyages-vers-mars\/","url_meta":{"origin":13212,"position":3},"title":"Perc\u00e9e dans le voyage spatial: un moteur \u00e0 plasma de 160 000km\/h promet de r\u00e9duire les voyages vers Mars","author":"Admin","date":"3 avril 2020","format":false,"excerpt":"Les moteurs \u00e0 plasma \u00e0 fusion nucl\u00e9aire sont l'avenir d'un voyage spatial rapide et efficace, a d\u00e9clar\u00e9 \u00e0 Express.co.uk le PDG d'une entreprise qui a construit un prototype de propulseur \u00e0 plasma. La technologie de pointe des engins spatiaux promet de r\u00e9duire les temps de trajet et de surpasser les\u2026","rel":"","context":"Dans &quot;Espace&quot;","block_context":{"text":"Espace","link":"https:\/\/www.laterredufutur.com\/accueil\/sujets\/espace\/"},"img":{"alt_text":"","src":"https:\/\/i0.wp.com\/www.laterredufutur.com\/accueil\/wp-content\/uploads\/2020\/03\/vaisseau-spatial-mars-fusion-nucleaire.jpg?fit=1200%2C900&ssl=1&resize=350%2C200","width":350,"height":200,"srcset":"https:\/\/i0.wp.com\/www.laterredufutur.com\/accueil\/wp-content\/uploads\/2020\/03\/vaisseau-spatial-mars-fusion-nucleaire.jpg?fit=1200%2C900&ssl=1&resize=350%2C200 1x, https:\/\/i0.wp.com\/www.laterredufutur.com\/accueil\/wp-content\/uploads\/2020\/03\/vaisseau-spatial-mars-fusion-nucleaire.jpg?fit=1200%2C900&ssl=1&resize=525%2C300 1.5x, https:\/\/i0.wp.com\/www.laterredufutur.com\/accueil\/wp-content\/uploads\/2020\/03\/vaisseau-spatial-mars-fusion-nucleaire.jpg?fit=1200%2C900&ssl=1&resize=700%2C400 2x, https:\/\/i0.wp.com\/www.laterredufutur.com\/accueil\/wp-content\/uploads\/2020\/03\/vaisseau-spatial-mars-fusion-nucleaire.jpg?fit=1200%2C900&ssl=1&resize=1050%2C600 3x"},"classes":[]},{"id":22152,"url":"https:\/\/www.laterredufutur.com\/accueil\/vers-linfini-et-au-dela-un-nouveau-propulseur-photonique-spatial-nouvelle-innovation-pour-un-voyage-proche-de-la-vitesse-lumiere\/","url_meta":{"origin":13212,"position":4},"title":"Vers l&rsquo;infini et au-del\u00e0, un nouveau propulseur photonique spatial, nouvelle innovation pour un voyage proche de la vitesse lumi\u00e8re","author":"Admin","date":"16 mars 2021","format":false,"excerpt":"Imaginez que le voyage vers Mars ne dure plus 6 mois mais un seul, voire 3 jours avec un petit vaisseau sans \u00eatre humain \u00e0 bord... En d\u00e9cuplant notre vitesse de croisi\u00e8re, Pluton ne serait plus qu'\u00e0 quelques mois et le syst\u00e8me de l'\u00e9toile Proxima du Centaure \u00e0 quelques ann\u00e9es...\u2026","rel":"","context":"Dans &quot;Espace&quot;","block_context":{"text":"Espace","link":"https:\/\/www.laterredufutur.com\/accueil\/sujets\/espace\/"},"img":{"alt_text":"","src":"https:\/\/i0.wp.com\/www.laterredufutur.com\/accueil\/wp-content\/uploads\/2021\/03\/voyagae-spatial-photonique.jpg?fit=1200%2C750&ssl=1&resize=350%2C200","width":350,"height":200,"srcset":"https:\/\/i0.wp.com\/www.laterredufutur.com\/accueil\/wp-content\/uploads\/2021\/03\/voyagae-spatial-photonique.jpg?fit=1200%2C750&ssl=1&resize=350%2C200 1x, https:\/\/i0.wp.com\/www.laterredufutur.com\/accueil\/wp-content\/uploads\/2021\/03\/voyagae-spatial-photonique.jpg?fit=1200%2C750&ssl=1&resize=525%2C300 1.5x, https:\/\/i0.wp.com\/www.laterredufutur.com\/accueil\/wp-content\/uploads\/2021\/03\/voyagae-spatial-photonique.jpg?fit=1200%2C750&ssl=1&resize=700%2C400 2x, https:\/\/i0.wp.com\/www.laterredufutur.com\/accueil\/wp-content\/uploads\/2021\/03\/voyagae-spatial-photonique.jpg?fit=1200%2C750&ssl=1&resize=1050%2C600 3x"},"classes":[]},{"id":22085,"url":"https:\/\/www.laterredufutur.com\/accueil\/une-entreprise-prevoit-de-construire-une-station-spatiale-privee-avec-gravite-artificielle-des-2025\/","url_meta":{"origin":13212,"position":5},"title":"Une entreprise pr\u00e9voit de construire une station spatiale priv\u00e9e avec gravit\u00e9 artificielle d\u00e8s 2025","author":"Admin","date":"27 f\u00e9vrier 2021","format":false,"excerpt":"Voyager Station sera en mesure d\u2019accueillir 400 invit\u00e9s, selon ses constructeurs. Orbital Assembly Corporation (OAC) a r\u00e9cemment d\u00e9voil\u00e9 de nouveaux d\u00e9tails sur son ambitieuse Station Voyager, qui devrait \u00eatre la premi\u00e8re station spatiale commerciale fonctionnant avec une gravit\u00e9 artificielle. Le CAO, une entreprise manufacturi\u00e8re sp\u00e9cialis\u00e9e dans la colonisation spatiale, a\u2026","rel":"","context":"Dans &quot;Espace&quot;","block_context":{"text":"Espace","link":"https:\/\/www.laterredufutur.com\/accueil\/sujets\/espace\/"},"img":{"alt_text":"","src":"https:\/\/i0.wp.com\/www.laterredufutur.com\/accueil\/wp-content\/uploads\/2021\/02\/Voyager-Station.jpg?fit=1200%2C631&ssl=1&resize=350%2C200","width":350,"height":200,"srcset":"https:\/\/i0.wp.com\/www.laterredufutur.com\/accueil\/wp-content\/uploads\/2021\/02\/Voyager-Station.jpg?fit=1200%2C631&ssl=1&resize=350%2C200 1x, https:\/\/i0.wp.com\/www.laterredufutur.com\/accueil\/wp-content\/uploads\/2021\/02\/Voyager-Station.jpg?fit=1200%2C631&ssl=1&resize=525%2C300 1.5x, https:\/\/i0.wp.com\/www.laterredufutur.com\/accueil\/wp-content\/uploads\/2021\/02\/Voyager-Station.jpg?fit=1200%2C631&ssl=1&resize=700%2C400 2x, https:\/\/i0.wp.com\/www.laterredufutur.com\/accueil\/wp-content\/uploads\/2021\/02\/Voyager-Station.jpg?fit=1200%2C631&ssl=1&resize=1050%2C600 3x"},"classes":[]}],"jetpack_sharing_enabled":true,"_links":{"self":[{"href":"https:\/\/www.laterredufutur.com\/accueil\/wp-json\/wp\/v2\/posts\/13212","targetHints":{"allow":["GET"]}}],"collection":[{"href":"https:\/\/www.laterredufutur.com\/accueil\/wp-json\/wp\/v2\/posts"}],"about":[{"href":"https:\/\/www.laterredufutur.com\/accueil\/wp-json\/wp\/v2\/types\/post"}],"author":[{"embeddable":true,"href":"https:\/\/www.laterredufutur.com\/accueil\/wp-json\/wp\/v2\/users\/1"}],"replies":[{"embeddable":true,"href":"https:\/\/www.laterredufutur.com\/accueil\/wp-json\/wp\/v2\/comments?post=13212"}],"version-history":[{"count":1,"href":"https:\/\/www.laterredufutur.com\/accueil\/wp-json\/wp\/v2\/posts\/13212\/revisions"}],"predecessor-version":[{"id":13214,"href":"https:\/\/www.laterredufutur.com\/accueil\/wp-json\/wp\/v2\/posts\/13212\/revisions\/13214"}],"wp:featuredmedia":[{"embeddable":true,"href":"https:\/\/www.laterredufutur.com\/accueil\/wp-json\/wp\/v2\/media\/13213"}],"wp:attachment":[{"href":"https:\/\/www.laterredufutur.com\/accueil\/wp-json\/wp\/v2\/media?parent=13212"}],"wp:term":[{"taxonomy":"category","embeddable":true,"href":"https:\/\/www.laterredufutur.com\/accueil\/wp-json\/wp\/v2\/categories?post=13212"},{"taxonomy":"post_tag","embeddable":true,"href":"https:\/\/www.laterredufutur.com\/accueil\/wp-json\/wp\/v2\/tags?post=13212"}],"curies":[{"name":"wp","href":"https:\/\/api.w.org\/{rel}","templated":true}]}}