{"id":12031,"date":"2016-05-03T17:55:20","date_gmt":"2016-05-03T15:55:20","guid":{"rendered":"http:\/\/www.laterredufutur.com\/accueil\/?p=12031"},"modified":"2016-05-03T17:55:20","modified_gmt":"2016-05-03T15:55:20","slug":"suivi-de-lactivite-solaire-mai-2016","status":"publish","type":"post","link":"https:\/\/www.laterredufutur.com\/accueil\/suivi-de-lactivite-solaire-mai-2016\/","title":{"rendered":"Suivi de l&rsquo;activit\u00e9 solaire mai 2016"},"content":{"rendered":"<div class=\"1665f18d14f35dd9e7566e1a8ac9a3e9\" data-index=\"1\" style=\"float: none; margin:10px 0 10px 0; text-align:center;\">\n<script async src=\"https:\/\/pagead2.googlesyndication.com\/pagead\/js\/adsbygoogle.js\"><\/script>\r\n<ins class=\"adsbygoogle\"\r\n     style=\"display:block; text-align:center;\"\r\n     data-ad-layout=\"in-article\"\r\n     data-ad-format=\"fluid\"\r\n     data-ad-client=\"ca-pub-2860849627502538\"\r\n     data-ad-slot=\"3019501113\"><\/ins>\r\n<script>\r\n     (adsbygoogle = window.adsbygoogle || []).push({});\r\n<\/script>\n<\/div>\n<p>L&rsquo;activit\u00e9 solaire reste faible dans un contexte o\u00f9 le cycle solaire N\u00b024 actuel est actuellement sur sa phase descendante et rapide.<\/p>\n<p>Voici le suivi technique de notre expert <a href=\"http:\/\/www.laterredufutur.com\/html\/phpBB3\/memberlist.php?mode=viewprofile&amp;u=1557\">Cartesien<\/a> :<\/p>\n<p>( source : NOAA,NASA,SIDC,SWS,SOLEN INFO et Solarham )<\/p>\n<p><img data-recalc-dims=\"1\" loading=\"lazy\" decoding=\"async\" data-attachment-id=\"12032\" data-permalink=\"https:\/\/www.laterredufutur.com\/accueil\/suivi-de-lactivite-solaire-mai-2016\/solar-7\/\" data-orig-file=\"https:\/\/i0.wp.com\/www.laterredufutur.com\/accueil\/wp-content\/uploads\/2016\/05\/solar.png?fit=822%2C509&amp;ssl=1\" data-orig-size=\"822,509\" data-comments-opened=\"1\" data-image-meta=\"{&quot;aperture&quot;:&quot;0&quot;,&quot;credit&quot;:&quot;&quot;,&quot;camera&quot;:&quot;&quot;,&quot;caption&quot;:&quot;&quot;,&quot;created_timestamp&quot;:&quot;0&quot;,&quot;copyright&quot;:&quot;&quot;,&quot;focal_length&quot;:&quot;0&quot;,&quot;iso&quot;:&quot;0&quot;,&quot;shutter_speed&quot;:&quot;0&quot;,&quot;title&quot;:&quot;&quot;,&quot;orientation&quot;:&quot;0&quot;}\" data-image-title=\"solar\" data-image-description=\"\" data-image-caption=\"\" data-large-file=\"https:\/\/i0.wp.com\/www.laterredufutur.com\/accueil\/wp-content\/uploads\/2016\/05\/solar.png?fit=800%2C495&amp;ssl=1\" class=\"alignnone size-full wp-image-12032\" src=\"https:\/\/i0.wp.com\/www.laterredufutur.com\/accueil\/wp-content\/uploads\/2016\/05\/solar.png?resize=822%2C509\" alt=\"solar\" width=\"822\" height=\"509\" srcset=\"https:\/\/i0.wp.com\/www.laterredufutur.com\/accueil\/wp-content\/uploads\/2016\/05\/solar.png?w=822&amp;ssl=1 822w, https:\/\/i0.wp.com\/www.laterredufutur.com\/accueil\/wp-content\/uploads\/2016\/05\/solar.png?resize=300%2C186&amp;ssl=1 300w, https:\/\/i0.wp.com\/www.laterredufutur.com\/accueil\/wp-content\/uploads\/2016\/05\/solar.png?resize=768%2C476&amp;ssl=1 768w, https:\/\/i0.wp.com\/www.laterredufutur.com\/accueil\/wp-content\/uploads\/2016\/05\/solar.png?resize=800%2C495&amp;ssl=1 800w\" sizes=\"auto, (max-width: 822px) 100vw, 822px\" \/><\/p>\n<p>En temps r\u00e9el .( <a class=\"postlink\" href=\"http:\/\/umbra.nascom.nasa.gov\/images\/\">SDO imagery<\/a> ) .Cliquez gauche sur l&rsquo;image pour agrandir ( zoom disponible =&gt; double clic gauche pour pleine plage )<\/p>\n<p><img data-recalc-dims=\"1\" loading=\"lazy\" decoding=\"async\" data-attachment-id=\"12033\" data-permalink=\"https:\/\/www.laterredufutur.com\/accueil\/suivi-de-lactivite-solaire-mai-2016\/soleil-mai-2016-sdo-03\/\" data-orig-file=\"https:\/\/i0.wp.com\/www.laterredufutur.com\/accueil\/wp-content\/uploads\/2016\/05\/soleil-mai-2016-sdo-03.jpg?fit=625%2C641&amp;ssl=1\" data-orig-size=\"625,641\" data-comments-opened=\"1\" data-image-meta=\"{&quot;aperture&quot;:&quot;0&quot;,&quot;credit&quot;:&quot;&quot;,&quot;camera&quot;:&quot;&quot;,&quot;caption&quot;:&quot;&quot;,&quot;created_timestamp&quot;:&quot;0&quot;,&quot;copyright&quot;:&quot;&quot;,&quot;focal_length&quot;:&quot;0&quot;,&quot;iso&quot;:&quot;0&quot;,&quot;shutter_speed&quot;:&quot;0&quot;,&quot;title&quot;:&quot;&quot;,&quot;orientation&quot;:&quot;0&quot;}\" data-image-title=\"soleil-mai-2016-sdo-03\" data-image-description=\"\" data-image-caption=\"\" data-large-file=\"https:\/\/i0.wp.com\/www.laterredufutur.com\/accueil\/wp-content\/uploads\/2016\/05\/soleil-mai-2016-sdo-03.jpg?fit=625%2C641&amp;ssl=1\" class=\"alignnone size-full wp-image-12033\" src=\"https:\/\/i0.wp.com\/www.laterredufutur.com\/accueil\/wp-content\/uploads\/2016\/05\/soleil-mai-2016-sdo-03.jpg?resize=625%2C641\" alt=\"soleil-mai-2016-sdo-03\" width=\"625\" height=\"641\" srcset=\"https:\/\/i0.wp.com\/www.laterredufutur.com\/accueil\/wp-content\/uploads\/2016\/05\/soleil-mai-2016-sdo-03.jpg?w=625&amp;ssl=1 625w, https:\/\/i0.wp.com\/www.laterredufutur.com\/accueil\/wp-content\/uploads\/2016\/05\/soleil-mai-2016-sdo-03.jpg?resize=293%2C300&amp;ssl=1 293w\" sizes=\"auto, (max-width: 625px) 100vw, 625px\" \/><\/p>\n<p><img data-recalc-dims=\"1\" loading=\"lazy\" decoding=\"async\" data-attachment-id=\"12034\" data-permalink=\"https:\/\/www.laterredufutur.com\/accueil\/suivi-de-lactivite-solaire-mai-2016\/soleil-mai-2016-sdo-03-2\/\" data-orig-file=\"https:\/\/i0.wp.com\/www.laterredufutur.com\/accueil\/wp-content\/uploads\/2016\/05\/soleil-mai-2016-sdo-03-1.jpg?fit=577%2C586&amp;ssl=1\" data-orig-size=\"577,586\" data-comments-opened=\"1\" data-image-meta=\"{&quot;aperture&quot;:&quot;0&quot;,&quot;credit&quot;:&quot;&quot;,&quot;camera&quot;:&quot;&quot;,&quot;caption&quot;:&quot;&quot;,&quot;created_timestamp&quot;:&quot;0&quot;,&quot;copyright&quot;:&quot;&quot;,&quot;focal_length&quot;:&quot;0&quot;,&quot;iso&quot;:&quot;0&quot;,&quot;shutter_speed&quot;:&quot;0&quot;,&quot;title&quot;:&quot;&quot;,&quot;orientation&quot;:&quot;0&quot;}\" data-image-title=\"soleil-mai-2016-sdo-03\" data-image-description=\"\" data-image-caption=\"\" data-large-file=\"https:\/\/i0.wp.com\/www.laterredufutur.com\/accueil\/wp-content\/uploads\/2016\/05\/soleil-mai-2016-sdo-03-1.jpg?fit=577%2C586&amp;ssl=1\" class=\"alignnone size-full wp-image-12034\" src=\"https:\/\/i0.wp.com\/www.laterredufutur.com\/accueil\/wp-content\/uploads\/2016\/05\/soleil-mai-2016-sdo-03-1.jpg?resize=577%2C586\" alt=\"soleil-mai-2016-sdo-03\" width=\"577\" height=\"586\" srcset=\"https:\/\/i0.wp.com\/www.laterredufutur.com\/accueil\/wp-content\/uploads\/2016\/05\/soleil-mai-2016-sdo-03-1.jpg?w=577&amp;ssl=1 577w, https:\/\/i0.wp.com\/www.laterredufutur.com\/accueil\/wp-content\/uploads\/2016\/05\/soleil-mai-2016-sdo-03-1.jpg?resize=295%2C300&amp;ssl=1 295w\" sizes=\"auto, (max-width: 577px) 100vw, 577px\" \/><\/p>\n<p>( r\u00e9gions,taches solaires,plages actives et trous coronaux ) \u00e0 gauche . <a class=\"postlink\" href=\"http:\/\/www.solarham.net\/pictures\/archive\/jan17_2015_disk.jpg\">Il y a un an \u00e0 droite.<\/a><\/p>\n<p><a class=\"postlink\" href=\"https:\/\/i0.wp.com\/www.noelshack.com\/2016-18-1462286500-ex-03.jpg\"><img data-recalc-dims=\"1\" loading=\"lazy\" decoding=\"async\" data-attachment-id=\"12035\" data-permalink=\"https:\/\/www.laterredufutur.com\/accueil\/suivi-de-lactivite-solaire-mai-2016\/soleil-mai2016\/\" data-orig-file=\"https:\/\/i0.wp.com\/www.laterredufutur.com\/accueil\/wp-content\/uploads\/2016\/05\/soleil-mai2016.jpg?fit=512%2C512&amp;ssl=1\" data-orig-size=\"512,512\" data-comments-opened=\"1\" data-image-meta=\"{&quot;aperture&quot;:&quot;0&quot;,&quot;credit&quot;:&quot;&quot;,&quot;camera&quot;:&quot;&quot;,&quot;caption&quot;:&quot;&quot;,&quot;created_timestamp&quot;:&quot;0&quot;,&quot;copyright&quot;:&quot;&quot;,&quot;focal_length&quot;:&quot;0&quot;,&quot;iso&quot;:&quot;0&quot;,&quot;shutter_speed&quot;:&quot;0&quot;,&quot;title&quot;:&quot;&quot;,&quot;orientation&quot;:&quot;0&quot;}\" data-image-title=\"soleil-mai2016\" data-image-description=\"\" data-image-caption=\"\" data-large-file=\"https:\/\/i0.wp.com\/www.laterredufutur.com\/accueil\/wp-content\/uploads\/2016\/05\/soleil-mai2016.jpg?fit=512%2C512&amp;ssl=1\" class=\"alignnone size-full wp-image-12035\" src=\"https:\/\/i0.wp.com\/www.laterredufutur.com\/accueil\/wp-content\/uploads\/2016\/05\/soleil-mai2016.jpg?resize=512%2C512\" alt=\"soleil-mai2016\" width=\"512\" height=\"512\" srcset=\"https:\/\/i0.wp.com\/www.laterredufutur.com\/accueil\/wp-content\/uploads\/2016\/05\/soleil-mai2016.jpg?w=512&amp;ssl=1 512w, https:\/\/i0.wp.com\/www.laterredufutur.com\/accueil\/wp-content\/uploads\/2016\/05\/soleil-mai2016.jpg?resize=300%2C300&amp;ssl=1 300w, https:\/\/i0.wp.com\/www.laterredufutur.com\/accueil\/wp-content\/uploads\/2016\/05\/soleil-mai2016.jpg?resize=144%2C144&amp;ssl=1 144w\" sizes=\"auto, (max-width: 512px) 100vw, 512px\" \/><\/a><\/p>\n<p><img data-recalc-dims=\"1\" loading=\"lazy\" decoding=\"async\" data-attachment-id=\"12036\" data-permalink=\"https:\/\/www.laterredufutur.com\/accueil\/suivi-de-lactivite-solaire-mai-2016\/soleil-mai2016-2\/\" data-orig-file=\"https:\/\/i0.wp.com\/www.laterredufutur.com\/accueil\/wp-content\/uploads\/2016\/05\/soleil-mai2016-1.jpg?fit=617%2C641&amp;ssl=1\" data-orig-size=\"617,641\" data-comments-opened=\"1\" data-image-meta=\"{&quot;aperture&quot;:&quot;0&quot;,&quot;credit&quot;:&quot;&quot;,&quot;camera&quot;:&quot;&quot;,&quot;caption&quot;:&quot;&quot;,&quot;created_timestamp&quot;:&quot;0&quot;,&quot;copyright&quot;:&quot;&quot;,&quot;focal_length&quot;:&quot;0&quot;,&quot;iso&quot;:&quot;0&quot;,&quot;shutter_speed&quot;:&quot;0&quot;,&quot;title&quot;:&quot;&quot;,&quot;orientation&quot;:&quot;0&quot;}\" data-image-title=\"soleil-mai2016\" data-image-description=\"\" data-image-caption=\"\" data-large-file=\"https:\/\/i0.wp.com\/www.laterredufutur.com\/accueil\/wp-content\/uploads\/2016\/05\/soleil-mai2016-1.jpg?fit=617%2C641&amp;ssl=1\" class=\"alignnone size-full wp-image-12036\" src=\"https:\/\/i0.wp.com\/www.laterredufutur.com\/accueil\/wp-content\/uploads\/2016\/05\/soleil-mai2016-1.jpg?resize=617%2C641\" alt=\"soleil-mai2016\" width=\"617\" height=\"641\" srcset=\"https:\/\/i0.wp.com\/www.laterredufutur.com\/accueil\/wp-content\/uploads\/2016\/05\/soleil-mai2016-1.jpg?w=617&amp;ssl=1 617w, https:\/\/i0.wp.com\/www.laterredufutur.com\/accueil\/wp-content\/uploads\/2016\/05\/soleil-mai2016-1.jpg?resize=289%2C300&amp;ssl=1 289w\" sizes=\"auto, (max-width: 617px) 100vw, 617px\" \/><\/p>\n<p>*R\u00e9gions actives ( RA ) et taches du disque solaire\/r\u00e9gion ( TS ) **<br \/>\n* RA * ==&gt; * TS *<\/p>\n<p><img data-recalc-dims=\"1\" decoding=\"async\" src=\"https:\/\/i0.wp.com\/image.noelshack.com\/fichiers\/2016\/18\/1462286142-ssn-03.jpg\" alt=\"Image\" \/><\/p>\n<p><img data-recalc-dims=\"1\" decoding=\"async\" src=\"https:\/\/i0.wp.com\/www.solen.info\/solar\/images\/AR_12535_20160502_2345.png\" alt=\"Image\" \/> <img data-recalc-dims=\"1\" decoding=\"async\" src=\"https:\/\/i0.wp.com\/www.solen.info\/solar\/images\/AR_12536_20160502_2345.png\" alt=\"Image\" \/> <img data-recalc-dims=\"1\" decoding=\"async\" src=\"https:\/\/i0.wp.com\/www.solen.info\/solar\/images\/AR_12540_20160501_2345.png\" alt=\"Image\" \/><\/p>\n<p><img data-recalc-dims=\"1\" decoding=\"async\" src=\"https:\/\/i0.wp.com\/www.solen.info\/solar\/images\/AR_12539_20160502_2345.png\" alt=\"Image\" \/> <img data-recalc-dims=\"1\" decoding=\"async\" src=\"https:\/\/i0.wp.com\/www.solen.info\/solar\/images\/AR_12541_20160502_2345.png\" alt=\"Image\" \/><\/p>\n<p><a class=\"postlink\" href=\"http:\/\/sidc.oma.be\/educational\/classification.php\">http:\/\/sidc.oma.be\/educational\/classification.php<\/a><\/p>\n<p>*Nombre de taches solaires ( SSN ) et mode de calcul<\/p>\n<p>* NOAA =&gt; 75 ; SWPC ===&gt; 83 ** ( RA x 10 + TS ) x 1.1<br \/>\n* SWPC 0.6 k n&rsquo;existe plus<br \/>\n* MSN SDO 1k ===&gt; 72 ( RA x 10 + TS S SDO 1k ) x 0,85<br \/>\n* MSN SDO 2k ===&gt; 46 ( RA x 1O + TS S SDO 2k ) x 0,55<br \/>\n* WDC SILSO ( estim\u00e9 )<br \/>\nINDEX POUR 02 mai 2016<br \/>\nWOLF NUMBER CATANIA : 140<br \/>\nAK CHAMBON LA FORET : 26<br \/>\nAK WINGST : 28<br \/>\nESTIMATION AP : 31<br \/>\nESTIMATION ISN 02 mai 2016 : 83 , BAS\u00c9 SUR 31 STATIONS.<br \/>\nPR\u00c9VISIONS ISN 03 mai 2016 : 70 BAS\u00c9 SUR 21 stations<br \/>\n^ Mise \u00e0 jour des donn\u00e9es SIDC \u00e0 12h30 UT<br \/>\n<img data-recalc-dims=\"1\" loading=\"lazy\" decoding=\"async\" data-attachment-id=\"12037\" data-permalink=\"https:\/\/www.laterredufutur.com\/accueil\/suivi-de-lactivite-solaire-mai-2016\/eisncurrent-5\/\" data-orig-file=\"https:\/\/i0.wp.com\/www.laterredufutur.com\/accueil\/wp-content\/uploads\/2016\/05\/EISNcurrent.png?fit=515%2C390&amp;ssl=1\" data-orig-size=\"515,390\" data-comments-opened=\"1\" data-image-meta=\"{&quot;aperture&quot;:&quot;0&quot;,&quot;credit&quot;:&quot;&quot;,&quot;camera&quot;:&quot;&quot;,&quot;caption&quot;:&quot;&quot;,&quot;created_timestamp&quot;:&quot;0&quot;,&quot;copyright&quot;:&quot;&quot;,&quot;focal_length&quot;:&quot;0&quot;,&quot;iso&quot;:&quot;0&quot;,&quot;shutter_speed&quot;:&quot;0&quot;,&quot;title&quot;:&quot;&quot;,&quot;orientation&quot;:&quot;0&quot;}\" data-image-title=\"EISNcurrent\" data-image-description=\"\" data-image-caption=\"\" data-large-file=\"https:\/\/i0.wp.com\/www.laterredufutur.com\/accueil\/wp-content\/uploads\/2016\/05\/EISNcurrent.png?fit=515%2C390&amp;ssl=1\" class=\"alignnone size-full wp-image-12037\" src=\"https:\/\/i0.wp.com\/www.laterredufutur.com\/accueil\/wp-content\/uploads\/2016\/05\/EISNcurrent.png?resize=515%2C390\" alt=\"EISNcurrent\" width=\"515\" height=\"390\" srcset=\"https:\/\/i0.wp.com\/www.laterredufutur.com\/accueil\/wp-content\/uploads\/2016\/05\/EISNcurrent.png?w=515&amp;ssl=1 515w, https:\/\/i0.wp.com\/www.laterredufutur.com\/accueil\/wp-content\/uploads\/2016\/05\/EISNcurrent.png?resize=80%2C60&amp;ssl=1 80w, https:\/\/i0.wp.com\/www.laterredufutur.com\/accueil\/wp-content\/uploads\/2016\/05\/EISNcurrent.png?resize=300%2C227&amp;ssl=1 300w, https:\/\/i0.wp.com\/www.laterredufutur.com\/accueil\/wp-content\/uploads\/2016\/05\/EISNcurrent.png?resize=174%2C131&amp;ssl=1 174w, https:\/\/i0.wp.com\/www.laterredufutur.com\/accueil\/wp-content\/uploads\/2016\/05\/EISNcurrent.png?resize=70%2C53&amp;ssl=1 70w\" sizes=\"auto, (max-width: 515px) 100vw, 515px\" \/><\/p>\n<p><img data-recalc-dims=\"1\" loading=\"lazy\" decoding=\"async\" data-attachment-id=\"12038\" data-permalink=\"https:\/\/www.laterredufutur.com\/accueil\/suivi-de-lactivite-solaire-mai-2016\/sidc-dailysunspotnumbersince1977-5\/\" data-orig-file=\"https:\/\/i0.wp.com\/www.laterredufutur.com\/accueil\/wp-content\/uploads\/2016\/05\/SIDC-DailySunspotNumberSince1977.gif?fit=880%2C561&amp;ssl=1\" data-orig-size=\"880,561\" data-comments-opened=\"1\" data-image-meta=\"{&quot;aperture&quot;:&quot;0&quot;,&quot;credit&quot;:&quot;&quot;,&quot;camera&quot;:&quot;&quot;,&quot;caption&quot;:&quot;&quot;,&quot;created_timestamp&quot;:&quot;0&quot;,&quot;copyright&quot;:&quot;&quot;,&quot;focal_length&quot;:&quot;0&quot;,&quot;iso&quot;:&quot;0&quot;,&quot;shutter_speed&quot;:&quot;0&quot;,&quot;title&quot;:&quot;&quot;,&quot;orientation&quot;:&quot;0&quot;}\" data-image-title=\"SIDC DailySunspotNumberSince1977\" data-image-description=\"\" data-image-caption=\"\" data-large-file=\"https:\/\/i0.wp.com\/www.laterredufutur.com\/accueil\/wp-content\/uploads\/2016\/05\/SIDC-DailySunspotNumberSince1977.gif?fit=800%2C510&amp;ssl=1\" class=\"alignnone size-full wp-image-12038\" src=\"https:\/\/i0.wp.com\/www.laterredufutur.com\/accueil\/wp-content\/uploads\/2016\/05\/SIDC-DailySunspotNumberSince1977.gif?resize=880%2C561\" alt=\"SIDC DailySunspotNumberSince1977\" width=\"880\" height=\"561\" \/><\/p>\n<p>*Flux solaire ( FS )<br \/>\n* NOAA.SWPC ( non ajust\u00e9 ) ==&gt; 90 ( \u00e9quivalent SSN : 34 )<\/p>\n<p>PREDICTIONS pour 03 Mai 2016 10CM FLUX: 92<br \/>\nPREDICTIONS pour 04 Mai 2016 10CM FLUX: 91<br \/>\nPREDICTIONS pour 05 Mai 2016 10CM FLUX: 90<\/p><div class=\"1665f18d14f35dd9e7566e1a8ac9a3e9\" data-index=\"2\" style=\"float: none; margin:10px 0 10px 0; text-align:center;\">\n<script async src=\"https:\/\/pagead2.googlesyndication.com\/pagead\/js\/adsbygoogle.js\"><\/script>\r\n<ins class=\"adsbygoogle\"\r\n     style=\"display:block; text-align:center;\"\r\n     data-ad-layout=\"in-article\"\r\n     data-ad-format=\"fluid\"\r\n     data-ad-client=\"ca-pub-2860849627502538\"\r\n     data-ad-slot=\"3019501113\"><\/ins>\r\n<script>\r\n     (adsbygoogle = window.adsbygoogle || []).push({});\r\n<\/script>\n<\/div>\n\n<p><a class=\"postlink\" href=\"http:\/\/sidc.oma.be\/products\/meu\/\">http:\/\/sidc.oma.be\/products\/meu\/<\/a><\/p>\n<p>Flux d&rsquo;\u00e9lectrons,de protons,de rayons X,environnement satellitaire*Indice g\u00e9omagn\u00e9tique KP<br \/>\nCliquez gauche sur l&rsquo;image pour agrandir ( zoom disponible =&gt; double clic gauche pour pleine plage )<a class=\"postlink\" href=\"http:\/\/www.n3kl.org\/sun\/noaa.html\">http:\/\/www.n3kl.org\/sun\/noaa.html<\/a><\/p>\n<p><a class=\"postlink\" href=\"https:\/\/i0.wp.com\/www.noelshack.com\/2016-18-1462286202-tout-03.jpg\"><img data-recalc-dims=\"1\" decoding=\"async\" src=\"https:\/\/i0.wp.com\/image.noelshack.com\/minis\/2016\/18\/1462286202-tout-03.png\" alt=\"Image\" \/><\/a><a class=\"postlink\" href=\"https:\/\/i0.wp.com\/www.noelshack.com\/2016-18-1462286221-kp-03.jpg\"><img data-recalc-dims=\"1\" decoding=\"async\" src=\"https:\/\/i0.wp.com\/image.noelshack.com\/minis\/2016\/18\/1462286221-kp-03.png\" alt=\"Image\" \/><\/a><\/p>\n<p>Pr\u00e9visions \u00e0 trois jours index KP.( NOAA ; SWPC )<br \/>\nNOAA Kp index mai 03 &#8211; mai 05 2016<\/p>\n<p><img data-recalc-dims=\"1\" decoding=\"async\" src=\"https:\/\/i0.wp.com\/image.noelshack.com\/fichiers\/2016\/18\/1462286182-k-03.jpg\" alt=\"Image\" \/><\/p>\n<p><a class=\"postlink\" href=\"http:\/\/www.solarham.net\/geo.txt\">http:\/\/www.solarham.net\/geo.txt<\/a><\/p>\n<p>*Indice g\u00e9omagn\u00e9tique AP<br \/>\nMoyenne jour =&gt; 26 ( 02\/05 )<br \/>\n<img data-recalc-dims=\"1\" loading=\"lazy\" decoding=\"async\" data-attachment-id=\"12039\" data-permalink=\"https:\/\/www.laterredufutur.com\/accueil\/suivi-de-lactivite-solaire-mai-2016\/ap-index-since199001-8\/\" data-orig-file=\"https:\/\/i0.wp.com\/www.laterredufutur.com\/accueil\/wp-content\/uploads\/2016\/05\/Ap-Index-Since199001.gif?fit=880%2C585&amp;ssl=1\" data-orig-size=\"880,585\" data-comments-opened=\"1\" data-image-meta=\"{&quot;aperture&quot;:&quot;0&quot;,&quot;credit&quot;:&quot;&quot;,&quot;camera&quot;:&quot;&quot;,&quot;caption&quot;:&quot;&quot;,&quot;created_timestamp&quot;:&quot;0&quot;,&quot;copyright&quot;:&quot;&quot;,&quot;focal_length&quot;:&quot;0&quot;,&quot;iso&quot;:&quot;0&quot;,&quot;shutter_speed&quot;:&quot;0&quot;,&quot;title&quot;:&quot;&quot;,&quot;orientation&quot;:&quot;0&quot;}\" data-image-title=\"Ap-Index Since199001\" data-image-description=\"\" data-image-caption=\"\" data-large-file=\"https:\/\/i0.wp.com\/www.laterredufutur.com\/accueil\/wp-content\/uploads\/2016\/05\/Ap-Index-Since199001.gif?fit=800%2C532&amp;ssl=1\" class=\"alignnone size-full wp-image-12039\" src=\"https:\/\/i0.wp.com\/www.laterredufutur.com\/accueil\/wp-content\/uploads\/2016\/05\/Ap-Index-Since199001.gif?resize=880%2C585\" alt=\"Ap-Index Since199001\" width=\"880\" height=\"585\" \/><\/p>\n<p>*Vent solaire<br \/>\n<a class=\"postlink\" href=\"http:\/\/www.solarham.net\/solarwind.htm\">http:\/\/www.solarham.net\/solarwind.htm<\/a> en temps r\u00e9el .<br \/>\nMaximum ==&gt; 562 km\/s \/\/ minimum ==&gt; 442 km\/s ( 02\/05 )<\/p>\n<p>TSI<\/p>\n<p>.<img data-recalc-dims=\"1\" loading=\"lazy\" decoding=\"async\" data-attachment-id=\"12040\" data-permalink=\"https:\/\/www.laterredufutur.com\/accueil\/suivi-de-lactivite-solaire-mai-2016\/tsi-lasp-since2003-8\/\" data-orig-file=\"https:\/\/i0.wp.com\/www.laterredufutur.com\/accueil\/wp-content\/uploads\/2016\/05\/TSI-LASP-Since2003.gif?fit=880%2C622&amp;ssl=1\" data-orig-size=\"880,622\" data-comments-opened=\"1\" data-image-meta=\"{&quot;aperture&quot;:&quot;0&quot;,&quot;credit&quot;:&quot;&quot;,&quot;camera&quot;:&quot;&quot;,&quot;caption&quot;:&quot;&quot;,&quot;created_timestamp&quot;:&quot;0&quot;,&quot;copyright&quot;:&quot;&quot;,&quot;focal_length&quot;:&quot;0&quot;,&quot;iso&quot;:&quot;0&quot;,&quot;shutter_speed&quot;:&quot;0&quot;,&quot;title&quot;:&quot;&quot;,&quot;orientation&quot;:&quot;0&quot;}\" data-image-title=\"TSI LASP Since2003\" data-image-description=\"\" data-image-caption=\"\" data-large-file=\"https:\/\/i0.wp.com\/www.laterredufutur.com\/accueil\/wp-content\/uploads\/2016\/05\/TSI-LASP-Since2003.gif?fit=800%2C565&amp;ssl=1\" class=\"alignnone size-full wp-image-12040\" src=\"https:\/\/i0.wp.com\/www.laterredufutur.com\/accueil\/wp-content\/uploads\/2016\/05\/TSI-LASP-Since2003.gif?resize=880%2C622\" alt=\"TSI LASP Since2003\" width=\"880\" height=\"622\" \/><\/p>\n<p>*\u00c9ruptions solaires ( HD) =&gt; hors disque<br \/>\nC ==&gt;1 ; M ==&gt; 0 ; X ==&gt; 0<br \/>\nTotal mois C ==&gt; 3 ; M ==&gt; 0 ; X ==&gt; 0<br \/>\n<img data-recalc-dims=\"1\" loading=\"lazy\" decoding=\"async\" data-attachment-id=\"12041\" data-permalink=\"https:\/\/www.laterredufutur.com\/accueil\/suivi-de-lactivite-solaire-mai-2016\/xray-flares-7\/\" data-orig-file=\"https:\/\/i0.wp.com\/www.laterredufutur.com\/accueil\/wp-content\/uploads\/2016\/05\/xray-flares.png?fit=940%2C480&amp;ssl=1\" data-orig-size=\"940,480\" data-comments-opened=\"1\" data-image-meta=\"{&quot;aperture&quot;:&quot;0&quot;,&quot;credit&quot;:&quot;&quot;,&quot;camera&quot;:&quot;&quot;,&quot;caption&quot;:&quot;&quot;,&quot;created_timestamp&quot;:&quot;0&quot;,&quot;copyright&quot;:&quot;&quot;,&quot;focal_length&quot;:&quot;0&quot;,&quot;iso&quot;:&quot;0&quot;,&quot;shutter_speed&quot;:&quot;0&quot;,&quot;title&quot;:&quot;&quot;,&quot;orientation&quot;:&quot;0&quot;}\" data-image-title=\"xray-flares\" data-image-description=\"\" data-image-caption=\"\" data-large-file=\"https:\/\/i0.wp.com\/www.laterredufutur.com\/accueil\/wp-content\/uploads\/2016\/05\/xray-flares.png?fit=800%2C409&amp;ssl=1\" class=\"alignnone size-full wp-image-12041\" src=\"https:\/\/i0.wp.com\/www.laterredufutur.com\/accueil\/wp-content\/uploads\/2016\/05\/xray-flares.png?resize=940%2C480\" alt=\"xray-flares\" width=\"940\" height=\"480\" srcset=\"https:\/\/i0.wp.com\/www.laterredufutur.com\/accueil\/wp-content\/uploads\/2016\/05\/xray-flares.png?w=940&amp;ssl=1 940w, https:\/\/i0.wp.com\/www.laterredufutur.com\/accueil\/wp-content\/uploads\/2016\/05\/xray-flares.png?resize=300%2C153&amp;ssl=1 300w, https:\/\/i0.wp.com\/www.laterredufutur.com\/accueil\/wp-content\/uploads\/2016\/05\/xray-flares.png?resize=768%2C392&amp;ssl=1 768w, https:\/\/i0.wp.com\/www.laterredufutur.com\/accueil\/wp-content\/uploads\/2016\/05\/xray-flares.png?resize=800%2C409&amp;ssl=1 800w\" sizes=\"auto, (max-width: 940px) 100vw, 940px\" \/><\/p>\n<p>Observations CME .<\/p>\n<p>30 avril &#8211; 02 mai : Pas de CME observ\u00e9e dirig\u00e9e vers la Terre ( LASCO IMAGERY ).<\/p>\n<p>*Force champs magn\u00e9tiques polaires<br \/>\nGraphique<br \/>\n<a class=\"postlink\" href=\"http:\/\/www.solen.info\/solar\/polarfields\/polar.html\">http:\/\/www.solen.info\/solar\/polarfields\/polar.html<\/a><br \/>\nDonn\u00e9es<br \/>\n<a class=\"postlink\" href=\"http:\/\/wso.stanford.edu\/Polar.html\">http:\/\/wso.stanford.edu\/Polar.html<\/a><\/p>\n<p>*Pr\u00e9visions pour les 3 jours \u00e0 venir<br \/>\n*************** 03 mai ************ 04 mai ************ 05 mai<br \/>\nactivit\u00e9&#8230;..&#8212;&#8212;&#8212;&#8211; faible \/\/&#8212;&#8212;&#8212;&#8212; faible \/\/&#8212;&#8212;&#8212;&#8211; faible ( SWS , ex IPS )<br \/>\nIndex Ap \/ &#8230;&#8230;..16&#8230;&#8230;..\/\/ &#8230;&#8230;&#8230;&#8230;.10&#8230;&#8230;&#8230;\/\/ &#8230;&#8230;&#8230;..10 ( SIDC )<br \/>\n\u00c9ruption M\/ &#8230;&#8230;.1 % &#8230;&#8230;&#8230;.\/\/ &#8230;&#8230;&#8230;..1 % &#8230;&#8230;..\/\/ &#8230;&#8230;&#8230;..1 % ( SWPC )<br \/>\n\u00a0\u00bb \u00a0\u00bb _ \u00a0\u00bb \u00a0\u00bb X\/ &#8230;&#8230;.1 % &#8230;&#8230;&#8230;.\/\/ &#8230;&#8230;&#8230;&#8230;&#8230;1 % &#8230;..\/\/ &#8230;&#8230;&#8230;..1 % ( SWPC )<\/p>\n<p><a class=\"postlink\" href=\"http:\/\/www.sws.bom.gov.au\/Solar\/1\/10\">http:\/\/www.sws.bom.gov.au\/Solar\/1\/10<\/a><\/p>\n<p>Commentaires<br \/>\nHier l&rsquo;activit\u00e9 a \u00e9t\u00e9 faible ( 1 \u00e9ruption(s) C ) , l&rsquo;activit\u00e9 devrait \u00eatre faible pour les 3 jours suivants<\/p>\n<p><a href=\"http:\/\/www.laterredufutur.com\/html\/phpBB3\/viewtopic.php?f=12&amp;t=2392&amp;start=360\">Le suivi continue dans les forums de TDF o\u00f9 vous avez la possibilit\u00e9 de poser vos questions<\/a><\/p>\n<p class=\"bawpvc-ajax-counter\" data-id=\"12031\">(448)<\/p>\n<!--CusAds0-->\n<div style=\"font-size: 0px; height: 0px; line-height: 0px; margin: 0; padding: 0; clear: both;\"><\/div>","protected":false},"excerpt":{"rendered":"<p>L&rsquo;activit\u00e9 solaire reste faible dans un contexte o\u00f9 le cycle solaire N\u00b024 actuel est actuellement sur sa phase descendante et&#8230;<\/p>\n","protected":false},"author":1,"featured_media":12036,"comment_status":"open","ping_status":"open","sticky":false,"template":"","format":"standard","meta":{"_exactmetrics_skip_tracking":false,"_exactmetrics_sitenote_active":false,"_exactmetrics_sitenote_note":"","_exactmetrics_sitenote_category":0,"ngg_post_thumbnail":0,"jetpack_post_was_ever_published":false,"_jetpack_newsletter_access":"","_jetpack_dont_email_post_to_subs":false,"_jetpack_newsletter_tier_id":0,"_jetpack_memberships_contains_paywalled_content":false,"_jetpack_memberships_contains_paid_content":false,"footnotes":"","jetpack_publicize_message":"Suivi de l'activit\u00e9 solaire mai 2016 @laterredufutur","jetpack_publicize_feature_enabled":true,"jetpack_social_post_already_shared":true,"jetpack_social_options":{"image_generator_settings":{"template":"highway","default_image_id":0,"font":"","enabled":false},"version":2}},"categories":[24],"tags":[1152,5007,616,1258,183,37,67,1640],"class_list":["post-12031","post","type-post","status-publish","format-standard","has-post-thumbnail","hentry","category-soleil","tag-activite-solaire","tag-cme","tag-cycle-24","tag-faible","tag-previsions","tag-soleil","tag-suivi","tag-taches-solaire","wpcat-24-id"],"jetpack_publicize_connections":[],"jetpack_featured_media_url":"https:\/\/i0.wp.com\/www.laterredufutur.com\/accueil\/wp-content\/uploads\/2016\/05\/soleil-mai2016-1.jpg?fit=617%2C641&ssl=1","jetpack_shortlink":"https:\/\/wp.me\/p631RN-383","jetpack-related-posts":[{"id":1493,"url":"https:\/\/www.laterredufutur.com\/accueil\/comportement-etrange-du-soleil\/","url_meta":{"origin":12031,"position":0},"title":"Comportement \u00e9trange du soleil","author":"Admin","date":"1 ao\u00fbt 2013","format":false,"excerpt":"Ceux d'entre nous qui ont suivi notre soleil cette ann\u00e9e ont \u00e9t\u00e9 un peu ... d\u00e9\u00e7u. 2013 \u00e9tait cens\u00e9 \u00eatre l'ann\u00e9e du maximum d'activit\u00e9 solaire (C'est le pic du cycle de 11 ans lorsque le nombre de taches solaires est au maximum \u00e0 la surface \u00e0 soleil). Ces taches solaires,\u2026","rel":"","context":"Dans &quot;Soleil&quot;","block_context":{"text":"Soleil","link":"https:\/\/www.laterredufutur.com\/accueil\/sujets\/soleil\/"},"img":{"alt_text":"","src":"https:\/\/i0.wp.com\/www.laterredufutur.com\/accueil\/wp-content\/uploads\/2012\/04\/soleil-calme.jpg?fit=225%2C225&ssl=1&resize=350%2C200","width":350,"height":200},"classes":[]},{"id":18258,"url":"https:\/\/www.laterredufutur.com\/accueil\/le-cycle-solaire-le-plus-calme-des-200-dernieres-annees\/","url_meta":{"origin":12031,"position":1},"title":"Le cycle solaire le plus calme des 200 derni\u00e8res ann\u00e9es","author":"Admin","date":"5 f\u00e9vrier 2019","format":false,"excerpt":"Le cycle solaire 24 a eu la plus faible activit\u00e9 solaire depuis le minimum de Dalton vers 1810. Par Frank Bosse et Fritz Vahrenholt. Notre soleil \u00e9tait \u00e9galement tr\u00e8s peu actif en d\u00e9cembre 2018. Nous d\u00e9passions le 121\u00e8me mois depuis le d\u00e9but du cycle num\u00e9ro 24. Tous les autres mois\u2026","rel":"","context":"Dans &quot;Soleil&quot;","block_context":{"text":"Soleil","link":"https:\/\/www.laterredufutur.com\/accueil\/sujets\/soleil\/"},"img":{"alt_text":"","src":"https:\/\/i0.wp.com\/www.laterredufutur.com\/accueil\/wp-content\/uploads\/2019\/02\/cycle-24-cycle25.png?fit=1200%2C912&ssl=1&resize=350%2C200","width":350,"height":200,"srcset":"https:\/\/i0.wp.com\/www.laterredufutur.com\/accueil\/wp-content\/uploads\/2019\/02\/cycle-24-cycle25.png?fit=1200%2C912&ssl=1&resize=350%2C200 1x, https:\/\/i0.wp.com\/www.laterredufutur.com\/accueil\/wp-content\/uploads\/2019\/02\/cycle-24-cycle25.png?fit=1200%2C912&ssl=1&resize=525%2C300 1.5x, https:\/\/i0.wp.com\/www.laterredufutur.com\/accueil\/wp-content\/uploads\/2019\/02\/cycle-24-cycle25.png?fit=1200%2C912&ssl=1&resize=700%2C400 2x, https:\/\/i0.wp.com\/www.laterredufutur.com\/accueil\/wp-content\/uploads\/2019\/02\/cycle-24-cycle25.png?fit=1200%2C912&ssl=1&resize=1050%2C600 3x"},"classes":[]},{"id":848,"url":"https:\/\/www.laterredufutur.com\/accueil\/le-cycle-solaire-25-sera-encore-plus-faible-que-prevu\/","url_meta":{"origin":12031,"position":2},"title":"Le cycle solaire 25 sera encore plus faible que pr\u00e9vu","author":"Admin","date":"15 avril 2012","format":false,"excerpt":"Les pr\u00e9visions de David Hathaway \u00e9tablissent que le cycle solaire N\u00b025 sera pire que pr\u00e9vu. Pour ceux d'entre vous qui suivent les pr\u00e9visions du cycle solaire de David Hathaway, elles ne sont pas tr\u00e8s bonnes pour le cycle solaire N\u00b025. Le cycle solaire 25 devrait commencer vers la fin de\u2026","rel":"","context":"Dans &quot;Soleil&quot;","block_context":{"text":"Soleil","link":"https:\/\/www.laterredufutur.com\/accueil\/sujets\/soleil\/"},"img":{"alt_text":"cycle 24","src":"http:\/\/www.laterredufutur.com\/wordpress\/wp-content\/uploads\/2012\/04\/cycle24.bmp","width":350,"height":200},"classes":[]},{"id":21784,"url":"https:\/\/www.laterredufutur.com\/accueil\/le-cycle-solaire-25-et-previsions-de-ce-nouveau-cycle-qui-ne-sera-pas-aussi-fort-que-le-23\/","url_meta":{"origin":12031,"position":3},"title":"Le cycle solaire 25 et pr\u00e9visions de ce nouveau cycle qui ne sera pas aussi fort que le 23","author":"Admin","date":"8 janvier 2021","format":false,"excerpt":"Le cycle solaire 25 est le cycle solaire en cours en 2021, le vingt-cinqui\u00e8me depuis 1755, date du d\u00e9but du suivi intensif de l'activit\u00e9 et des taches solaires. Ce cycle a d\u00e9marr\u00e9 en d\u00e9cembre 2019, mais plus significativement sur la fin 2020 et devrait se poursuivre jusqu'en 2030. Selon l\u2019accord\u2026","rel":"","context":"Dans &quot;Soleil&quot;","block_context":{"text":"Soleil","link":"https:\/\/www.laterredufutur.com\/accueil\/sujets\/soleil\/"},"img":{"alt_text":"","src":"https:\/\/i0.wp.com\/www.laterredufutur.com\/accueil\/wp-content\/uploads\/2021\/01\/cycle24-25.jpg?fit=1024%2C512&ssl=1&resize=350%2C200","width":350,"height":200,"srcset":"https:\/\/i0.wp.com\/www.laterredufutur.com\/accueil\/wp-content\/uploads\/2021\/01\/cycle24-25.jpg?fit=1024%2C512&ssl=1&resize=350%2C200 1x, https:\/\/i0.wp.com\/www.laterredufutur.com\/accueil\/wp-content\/uploads\/2021\/01\/cycle24-25.jpg?fit=1024%2C512&ssl=1&resize=525%2C300 1.5x, https:\/\/i0.wp.com\/www.laterredufutur.com\/accueil\/wp-content\/uploads\/2021\/01\/cycle24-25.jpg?fit=1024%2C512&ssl=1&resize=700%2C400 2x"},"classes":[]},{"id":10291,"url":"https:\/\/www.laterredufutur.com\/accueil\/suivi-evolution-de-lactivite-solaire-janvier-2016\/","url_meta":{"origin":12031,"position":4},"title":"Suivi, \u00e9volution de l&rsquo;activit\u00e9 solaire Janvier 2016","author":"Admin","date":"2 janvier 2016","format":false,"excerpt":"Voici le suivi de l'activit\u00e9 solaire avec notre expert Cartesien ( source : NOAA,NASA,SIDC,SWS,SOLEN INFO et Solarham ) En temps r\u00e9el .( SDO imagery et SOHO ) .Cliquez gauche sur l'image pour agrandir ( zoom disponible => double clic gauche pour pleine plage ) Arr\u00eat sur image du jour .(\u2026","rel":"","context":"Dans &quot;Soleil&quot;","block_context":{"text":"Soleil","link":"https:\/\/www.laterredufutur.com\/accueil\/sujets\/soleil\/"},"img":{"alt_text":"","src":"https:\/\/i0.wp.com\/www.laterredufutur.com\/accueil\/wp-content\/uploads\/2016\/01\/soleil-janvier2016.jpg?fit=512%2C512&ssl=1&resize=350%2C200","width":350,"height":200},"classes":[]},{"id":17362,"url":"https:\/\/www.laterredufutur.com\/accueil\/cycle-solaire-actuel-le-3eme-le-plus-calme-en-plus-de-250-ans-dobservation\/","url_meta":{"origin":12031,"position":5},"title":"Cycle solaire actuel, le 3\u00e8me le plus calme en plus de 250 ans d&rsquo;observation","author":"Admin","date":"28 d\u00e9cembre 2018","format":false,"excerpt":"Notre soleil \u00e9tait nettement moins actif en novembre 2018 que la normale, en comparant avec tous les cycles solaires du 1 au 23. Depuis le d\u00e9but de le suivi syst\u00e9matique en 1755, premi\u00e8re ann\u00e9e du cycle solaire 1. Le dernier SSN (nombre de taches solaires) observ\u00e9 \u00e9tait de 5,9 pour\u2026","rel":"","context":"Dans &quot;Soleil&quot;","block_context":{"text":"Soleil","link":"https:\/\/www.laterredufutur.com\/accueil\/sujets\/soleil\/"},"img":{"alt_text":"","src":"https:\/\/i0.wp.com\/www.laterredufutur.com\/accueil\/wp-content\/uploads\/2018\/12\/soho-soleil.jpg?fit=803%2C700&ssl=1&resize=350%2C200","width":350,"height":200,"srcset":"https:\/\/i0.wp.com\/www.laterredufutur.com\/accueil\/wp-content\/uploads\/2018\/12\/soho-soleil.jpg?fit=803%2C700&ssl=1&resize=350%2C200 1x, https:\/\/i0.wp.com\/www.laterredufutur.com\/accueil\/wp-content\/uploads\/2018\/12\/soho-soleil.jpg?fit=803%2C700&ssl=1&resize=525%2C300 1.5x, https:\/\/i0.wp.com\/www.laterredufutur.com\/accueil\/wp-content\/uploads\/2018\/12\/soho-soleil.jpg?fit=803%2C700&ssl=1&resize=700%2C400 2x"},"classes":[]}],"jetpack_sharing_enabled":true,"_links":{"self":[{"href":"https:\/\/www.laterredufutur.com\/accueil\/wp-json\/wp\/v2\/posts\/12031","targetHints":{"allow":["GET"]}}],"collection":[{"href":"https:\/\/www.laterredufutur.com\/accueil\/wp-json\/wp\/v2\/posts"}],"about":[{"href":"https:\/\/www.laterredufutur.com\/accueil\/wp-json\/wp\/v2\/types\/post"}],"author":[{"embeddable":true,"href":"https:\/\/www.laterredufutur.com\/accueil\/wp-json\/wp\/v2\/users\/1"}],"replies":[{"embeddable":true,"href":"https:\/\/www.laterredufutur.com\/accueil\/wp-json\/wp\/v2\/comments?post=12031"}],"version-history":[{"count":1,"href":"https:\/\/www.laterredufutur.com\/accueil\/wp-json\/wp\/v2\/posts\/12031\/revisions"}],"predecessor-version":[{"id":12042,"href":"https:\/\/www.laterredufutur.com\/accueil\/wp-json\/wp\/v2\/posts\/12031\/revisions\/12042"}],"wp:featuredmedia":[{"embeddable":true,"href":"https:\/\/www.laterredufutur.com\/accueil\/wp-json\/wp\/v2\/media\/12036"}],"wp:attachment":[{"href":"https:\/\/www.laterredufutur.com\/accueil\/wp-json\/wp\/v2\/media?parent=12031"}],"wp:term":[{"taxonomy":"category","embeddable":true,"href":"https:\/\/www.laterredufutur.com\/accueil\/wp-json\/wp\/v2\/categories?post=12031"},{"taxonomy":"post_tag","embeddable":true,"href":"https:\/\/www.laterredufutur.com\/accueil\/wp-json\/wp\/v2\/tags?post=12031"}],"curies":[{"name":"wp","href":"https:\/\/api.w.org\/{rel}","templated":true}]}}