{"id":1174,"date":"2012-12-06T20:17:59","date_gmt":"2012-12-06T19:17:59","guid":{"rendered":"http:\/\/www.laterredufutur.com\/wordpress\/?p=1174"},"modified":"2012-12-06T20:17:59","modified_gmt":"2012-12-06T19:17:59","slug":"alerte-a-la-neige-et-au-verglas","status":"publish","type":"post","link":"https:\/\/www.laterredufutur.com\/accueil\/alerte-a-la-neige-et-au-verglas\/","title":{"rendered":"Alerte \u00e0 la neige et au verglas"},"content":{"rendered":"<div class=\"1665f18d14f35dd9e7566e1a8ac9a3e9\" data-index=\"1\" style=\"float: none; margin:10px 0 10px 0; text-align:center;\">\n<script async src=\"https:\/\/pagead2.googlesyndication.com\/pagead\/js\/adsbygoogle.js\"><\/script>\r\n<ins class=\"adsbygoogle\"\r\n     style=\"display:block; text-align:center;\"\r\n     data-ad-layout=\"in-article\"\r\n     data-ad-format=\"fluid\"\r\n     data-ad-client=\"ca-pub-2860849627502538\"\r\n     data-ad-slot=\"3019501113\"><\/ins>\r\n<script>\r\n     (adsbygoogle = window.adsbygoogle || []).push({});\r\n<\/script>\n<\/div>\n<p style=\"text-align: justify;\"><span style=\"font-size: small;\"><span style=\"color: #000000;\"><img data-recalc-dims=\"1\" decoding=\"async\" data-attachment-id=\"1172\" data-permalink=\"https:\/\/www.laterredufutur.com\/accueil\/alerte-a-la-neige-et-au-verglas\/meteo-alerte-19h\/\" data-orig-file=\"https:\/\/i0.wp.com\/www.laterredufutur.com\/accueil\/wp-content\/uploads\/2012\/12\/meteo-alerte-19h.jpg?fit=320%2C165&amp;ssl=1\" data-orig-size=\"320,165\" data-comments-opened=\"1\" data-image-meta=\"{&quot;aperture&quot;:&quot;0&quot;,&quot;credit&quot;:&quot;&quot;,&quot;camera&quot;:&quot;&quot;,&quot;caption&quot;:&quot;&quot;,&quot;created_timestamp&quot;:&quot;0&quot;,&quot;copyright&quot;:&quot;&quot;,&quot;focal_length&quot;:&quot;0&quot;,&quot;iso&quot;:&quot;0&quot;,&quot;shutter_speed&quot;:&quot;0&quot;,&quot;title&quot;:&quot;&quot;,&quot;orientation&quot;:&quot;0&quot;}\" data-image-title=\"meteo-alerte-19h\" data-image-description=\"\" data-image-caption=\"\" data-large-file=\"https:\/\/i0.wp.com\/www.laterredufutur.com\/accueil\/wp-content\/uploads\/2012\/12\/meteo-alerte-19h.jpg?fit=320%2C165&amp;ssl=1\" class=\" alignleft size-full wp-image-1172\" src=\"https:\/\/i0.wp.com\/www.laterredufutur.com\/wordpress\/wp-content\/uploads\/2012\/12\/meteo-alerte-19h.jpg?w=120\" border=\"0\" alt=\"alerte meteo\"  style=\"float: left;\" srcset=\"https:\/\/i0.wp.com\/www.laterredufutur.com\/accueil\/wp-content\/uploads\/2012\/12\/meteo-alerte-19h.jpg?w=320&amp;ssl=1 320w, https:\/\/i0.wp.com\/www.laterredufutur.com\/accueil\/wp-content\/uploads\/2012\/12\/meteo-alerte-19h.jpg?resize=300%2C155&amp;ssl=1 300w\" sizes=\"(max-width: 320px) 100vw, 320px\" \/>Alerte \u00e0 la neige et au verglas : l&rsquo;appel \u00e0 la vigilance en Ile-de-France.\u00a0La pr\u00e9fecture de police de Paris d\u00e9clenchera le plan neige ou verglas niveau 3 (maximum) cette nuit et appelle les automobilistes ne se d\u00e9placer \u00abque si c&rsquo;est absolument n\u00e9cessaire\u00bb.<\/span><\/span><\/p>\n<p style=\"text-align: justify;\"><span style=\"color: #000000; font-size: small;\">Mettez vos parkas, vos apr\u00e8s-ski et surtout fa\u00eetes attention si vous devez vous d\u00e9placer ! \u00a0M\u00e9t\u00e9o France a plac\u00e9 33 d\u00e9partements d&rsquo;un grand quart nord-est de la France en vigilance orange \u00e0 la neige et au verglas, \u00e0 partir de la nuit de jeudi \u00e0 vendredi.<\/span><\/p>\n<p style=\"text-align: justify;\"><span style=\"color: #000000; font-size: small;\">   <br \/><\/span><\/p>\n<p style=\"text-align: justify;\"><span style=\"font-size: small;\"><span style=\"color: #000000;\">Les d\u00e9partements concern\u00e9s sont ceux de l&rsquo;Ile-de-France, du Nord-Pas-de-Calais, de la Picardie, de Champagne-Ardenne, Bourgogne, Franche-Comt\u00e9, Lorraine, ainsi que l&rsquo;Ain, l&rsquo;Is\u00e8re, la Savoie et Haute-Savoie.<\/span><\/span><\/p>\n<p style=\"text-align: justify;\"><span style=\"font-size: small;\"><span style=\"color: #000000;\"><img data-recalc-dims=\"1\" decoding=\"async\" data-attachment-id=\"1173\" data-permalink=\"https:\/\/www.laterredufutur.com\/accueil\/alerte-a-la-neige-et-au-verglas\/alerte-meteo-dec2012-1\/\" data-orig-file=\"https:\/\/i0.wp.com\/www.laterredufutur.com\/accueil\/wp-content\/uploads\/2012\/12\/alerte-meteo-dec2012-1.jpg?fit=720%2C422&amp;ssl=1\" data-orig-size=\"720,422\" data-comments-opened=\"1\" data-image-meta=\"{&quot;aperture&quot;:&quot;0&quot;,&quot;credit&quot;:&quot;&quot;,&quot;camera&quot;:&quot;&quot;,&quot;caption&quot;:&quot;&quot;,&quot;created_timestamp&quot;:&quot;0&quot;,&quot;copyright&quot;:&quot;&quot;,&quot;focal_length&quot;:&quot;0&quot;,&quot;iso&quot;:&quot;0&quot;,&quot;shutter_speed&quot;:&quot;0&quot;,&quot;title&quot;:&quot;&quot;,&quot;orientation&quot;:&quot;0&quot;}\" data-image-title=\"alerte-meteo-dec2012-1\" data-image-description=\"\" data-image-caption=\"\" data-large-file=\"https:\/\/i0.wp.com\/www.laterredufutur.com\/accueil\/wp-content\/uploads\/2012\/12\/alerte-meteo-dec2012-1.jpg?fit=720%2C422&amp;ssl=1\" class=\" size-full wp-image-1173\" src=\"https:\/\/i0.wp.com\/www.laterredufutur.com\/wordpress\/wp-content\/uploads\/2012\/12\/alerte-meteo-dec2012-1.jpg?w=450\" border=\"0\" alt=\"alerte meteo\"  srcset=\"https:\/\/i0.wp.com\/www.laterredufutur.com\/accueil\/wp-content\/uploads\/2012\/12\/alerte-meteo-dec2012-1.jpg?w=720&amp;ssl=1 720w, https:\/\/i0.wp.com\/www.laterredufutur.com\/accueil\/wp-content\/uploads\/2012\/12\/alerte-meteo-dec2012-1.jpg?resize=300%2C176&amp;ssl=1 300w\" sizes=\"(max-width: 720px) 100vw, 720px\" \/><\/span><\/span><\/p>\n<p style=\"text-align: justify;\"><span style=\"font-size: small;\"><span style=\"color: #000000;\">La neige est attendue du Nord jusqu&rsquo;\u00e0 la r\u00e9gion Rh\u00f4ne-Alpes en passant par l&rsquo;Ile-de-France, la Champagne-Ardenne, la Bourgogne et la Lorraine&#8230; Elle est attendue pour cette nuit de jeudi \u00e0 vendredi : M\u00e9t\u00e9o France a plac\u00e9 33 d\u00e9partements en alerte \u00e0 la neige et au verglas (voir notre carte d&rsquo;alerte m\u00e9t\u00e9o en bas de cet article).<\/span><\/span><\/p><div class=\"1665f18d14f35dd9e7566e1a8ac9a3e9\" data-index=\"2\" style=\"float: none; margin:10px 0 10px 0; text-align:center;\">\n<script async src=\"https:\/\/pagead2.googlesyndication.com\/pagead\/js\/adsbygoogle.js\"><\/script>\r\n<ins class=\"adsbygoogle\"\r\n     style=\"display:block; text-align:center;\"\r\n     data-ad-layout=\"in-article\"\r\n     data-ad-format=\"fluid\"\r\n     data-ad-client=\"ca-pub-2860849627502538\"\r\n     data-ad-slot=\"3019501113\"><\/ins>\r\n<script>\r\n     (adsbygoogle = window.adsbygoogle || []).push({});\r\n<\/script>\n<\/div>\n\n<p> <script async src=\"\/\/pagead2.googlesyndication.com\/pagead\/js\/adsbygoogle.js\"><\/script> <!-- TDF2 --> <ins class=\"adsbygoogle\"      style=\"display:inline-block;width:336px;height:280px\"      data-ad-client=\"ca-pub-2860849627502538\"      data-ad-slot=\"1340140919\"><\/ins> <script> (adsbygoogle = window.adsbygoogle || []).push({}); <\/script> <\/p>\n<p style=\"text-align: justify;\"><span style=\"font-size: small;\"><span style=\"color: #000000;\">\u00ab\u00a0La perturbation va aborder les c\u00f4tes de la Manche la nuit prochaine\u00a0\u00bb, a \u00a0indiqu\u00e9 M\u00e9t\u00e9o France, et va produire des chutes de neige de 5 \u00e0 10 cm en \u00a0g\u00e9n\u00e9ral mais jusqu&rsquo;\u00e0 20 cm dans le fond des vall\u00e9es alpines. Le Nord-Pas-de-Calais et la Picardie seront les premi\u00e8res r\u00e9gions touch\u00e9es d\u00e8s le \u00a0milieu de la nuit, puis l&rsquo;Ile-de-France jusqu&rsquo;en milieu de matin\u00e9e, avant l&rsquo;arriv\u00e9e d&rsquo;un redoux. La perturbation se d\u00e9calera ensuite vers les Alpes et l&rsquo;Est, o\u00f9 elle se \u00a0poursuivra dans la nuit de vendredi \u00e0 samedi.<\/span><\/span><\/p>\n<p style=\"text-align: justify;\"><span style=\"font-size: small;\"><span style=\"color: #000000;\">Premier \u00e9pisode neigeux&#8230; s\u00fbrement pas le dernier<\/span><\/span><\/p>\n<p style=\"text-align: justify;\"><span style=\"font-size: small;\"><span style=\"color: #000000;\"><br \/>L&rsquo;alerte orange avait \u00e9t\u00e9 d\u00e9clench\u00e9e par M\u00e9t\u00e9o France d\u00e8s jeudi matin pour le Nord, la \u00a0Picardie et l&rsquo;Ile-de-France. Elle a \u00e9t\u00e9 \u00e9tendue dans l&rsquo;apr\u00e8s-midi \u00e0 la Champagne-Ardenne, la Lorraine, \u00a0la Bourgogne, la Franche-Comt\u00e9 ainsi qu&rsquo;aux d\u00e9partements de l&rsquo;Ain, de l&rsquo;Is\u00e8re, \u00a0de la Savoie et de la Haute-Savoie. \u00ab\u00a0Au-dessus de 800 m\u00e8tres, les quantit\u00e9s seront de l&rsquo;ordre de 40 \u00e0 60 cm en \u00a0Is\u00e8re, Savoie et l&rsquo;Ain\u00a0\u00bb, a ajout\u00e9 M\u00e9t\u00e9o France dans son bulletin d&rsquo;alerte. \u00ab\u00a0C&rsquo;est le premier \u00e9pisode neigeux important de l&rsquo;ann\u00e9e en plaine\u00a0\u00bb, a soulign\u00e9 Etienne Kapikian, pr\u00e9visionniste \u00e0 M\u00e9t\u00e9o France, \u00ab\u00a0mais il n&rsquo;a rien d&rsquo;exceptionnel \u00e0 cette \u00e9poque\u00a0\u00bb. M\u00e9t\u00e9o France a appel\u00e9 \u00e0 la prudence et \u00e0 la vigilance, en raison des \u00ab\u00a0risques d&rsquo;accidents accrus\u00a0\u00bbsur les routes.<\/p>\n<p><\/span><\/span><\/p>\n<p style=\"text-align: justify;\"><span style=\"font-size: small;\"><span style=\"color: #000000;\">sources :\u00a0http:\/\/www.leparisien.fr \/\u00a0http:\/\/lci.tf1.fr<\/span><\/span><\/p>\n<p class=\"bawpvc-ajax-counter\" data-id=\"1174\">(359)<\/p>\n<!--CusAds0-->\n<div style=\"font-size: 0px; height: 0px; line-height: 0px; margin: 0; padding: 0; clear: both;\"><\/div>","protected":false},"excerpt":{"rendered":"<p style=\"text-align: justify;\"><span style=\"font-size: small;\"><span style=\"color: #000000;\"><img decoding=\"async\" class=\" alignleft size-full wp-image-1172\" src=\"http:\/\/www.laterredufutur.com\/wordpress\/wp-content\/uploads\/2012\/12\/meteo-alerte-19h.jpg\" border=\"0\" alt=\"alerte meteo\" width=\"120\" style=\"float: left;\" srcset=\"https:\/\/i0.wp.com\/www.laterredufutur.com\/accueil\/wp-content\/uploads\/2012\/12\/meteo-alerte-19h.jpg?w=320&amp;ssl=1 320w, https:\/\/i0.wp.com\/www.laterredufutur.com\/accueil\/wp-content\/uploads\/2012\/12\/meteo-alerte-19h.jpg?resize=300%2C155&amp;ssl=1 300w\" sizes=\"(max-width: 320px) 100vw, 320px\" \/>Alerte \u00e0 la neige et au verglas : l&rsquo;appel \u00e0 la vigilance en Ile-de-France.\u00a0La pr\u00e9fecture de police de Paris d\u00e9clenchera le plan neige ou verglas niveau 3 (maximum) cette nuit et appelle les automobilistes ne se d\u00e9placer \u00abque si c&rsquo;est absolument n\u00e9cessaire\u00bb.<\/span><\/span><\/p>\n<p style=\"text-align: justify;\"><span style=\"color: #000000; font-size: small;\">Mettez vos parkas, vos apr\u00e8s-ski et surtout fa\u00eetes attention si vous devez vous d\u00e9placer ! \u00a0M\u00e9t\u00e9o France a plac\u00e9 33 d\u00e9partements d&rsquo;un grand quart nord-est de la France en vigilance orange \u00e0 la neige et au verglas, \u00e0 partir de la nuit de jeudi \u00e0 vendredi.<\/span><\/p>\n<p style=\"text-align: justify;\"><span style=\"color: #000000; font-size: small;\"> <\/p>\n","protected":false},"author":1,"featured_media":1172,"comment_status":"open","ping_status":"open","sticky":false,"template":"","format":"standard","meta":{"_exactmetrics_skip_tracking":false,"_exactmetrics_sitenote_active":false,"_exactmetrics_sitenote_note":"","_exactmetrics_sitenote_category":0,"ngg_post_thumbnail":0,"jetpack_post_was_ever_published":false,"_jetpack_newsletter_access":"","_jetpack_dont_email_post_to_subs":false,"_jetpack_newsletter_tier_id":0,"_jetpack_memberships_contains_paywalled_content":false,"_jetpack_memberships_contains_paid_content":false,"footnotes":"","jetpack_publicize_message":"","jetpack_publicize_feature_enabled":true,"jetpack_social_post_already_shared":false,"jetpack_social_options":{"image_generator_settings":{"template":"highway","default_image_id":0,"font":"","enabled":false},"version":2}},"categories":[32],"tags":[182,153,35,1494,55,47,401,1493],"class_list":["post-1174","post","type-post","status-publish","format-standard","has-post-thumbnail","hentry","category-meteorologie","tag-alerte","tag-froid","tag-hiver","tag-ile-de-france","tag-meteo","tag-neige","tag-nord","tag-verglas","wpcat-32-id"],"jetpack_publicize_connections":[],"jetpack_featured_media_url":"https:\/\/i0.wp.com\/www.laterredufutur.com\/accueil\/wp-content\/uploads\/2012\/12\/meteo-alerte-19h.jpg?fit=320%2C165&ssl=1","jetpack_shortlink":"https:\/\/wp.me\/p631RN-iW","jetpack-related-posts":[{"id":11303,"url":"https:\/\/www.laterredufutur.com\/accueil\/alerte-neige-et-avalanches-sur-les-alpes-neige-en-ile-de-france\/","url_meta":{"origin":1174,"position":0},"title":"Alerte neige et avalanches sur les Alpes, neige en Ile-de-France","author":"Admin","date":"5 mars 2016","format":false,"excerpt":"L'alerte orange a \u00e9t\u00e9 maintenue samedi matin pour trois d\u00e9partements des Alpes pour les risques d'avalanches, mais a \u00e9t\u00e9 lev\u00e9e en Ille-de-France. L'ESSENTIEL - Neige, verglas, risque d'avalanche. M\u00e9t\u00e9o France met en garde avec quatre d\u00e9partements, plac\u00e9s en alerte orange neige-avalanches-verglas. Europe1.fr fait le point sur la situation. Dans les\u2026","rel":"","context":"Dans &quot;M\u00e9t\u00e9orologie&quot;","block_context":{"text":"M\u00e9t\u00e9orologie","link":"https:\/\/www.laterredufutur.com\/accueil\/sujets\/meteorologie\/"},"img":{"alt_text":"","src":"https:\/\/i0.wp.com\/www.laterredufutur.com\/accueil\/wp-content\/uploads\/2016\/03\/neige-route-mars2016.jpg?fit=805%2C453&ssl=1&resize=350%2C200","width":350,"height":200,"srcset":"https:\/\/i0.wp.com\/www.laterredufutur.com\/accueil\/wp-content\/uploads\/2016\/03\/neige-route-mars2016.jpg?fit=805%2C453&ssl=1&resize=350%2C200 1x, https:\/\/i0.wp.com\/www.laterredufutur.com\/accueil\/wp-content\/uploads\/2016\/03\/neige-route-mars2016.jpg?fit=805%2C453&ssl=1&resize=525%2C300 1.5x, https:\/\/i0.wp.com\/www.laterredufutur.com\/accueil\/wp-content\/uploads\/2016\/03\/neige-route-mars2016.jpg?fit=805%2C453&ssl=1&resize=700%2C400 2x"},"classes":[]},{"id":16263,"url":"https:\/\/www.laterredufutur.com\/accueil\/chronique-de-la-vague-de-froid-et-neigeuse-sur-la-france\/","url_meta":{"origin":1174,"position":1},"title":"Chronique de la vague de froid et neigeuse sur la France","author":"Admin","date":"9 f\u00e9vrier 2018","format":false,"excerpt":"Il y avait pr\u00e8s de 20 cm de neige en Ile-de-France mercredi 07 f\u00e9vrier 2018. Des centaines d'automobilistes ont \u00e9t\u00e9 coinc\u00e9s mardi soir sur la RN118. Il y avait 12 centim\u00e8tres de neige \u00e0 Paris ce mercredi, c'est un record. Il y avait jusqu'\u00e0 27 centim\u00e8tres, \u00e0 Sucy-en-Brie par exemple.\u00a0\u00a0\u2026","rel":"","context":"Dans &quot;Ev\u00e8nement Brutal&quot;","block_context":{"text":"Ev\u00e8nement Brutal","link":"https:\/\/www.laterredufutur.com\/accueil\/sujets\/evenement-brutal\/"},"img":{"alt_text":"","src":"https:\/\/i0.wp.com\/www.laterredufutur.com\/accueil\/wp-content\/uploads\/2018\/02\/neige-france-fevrier2018-0.jpg?fit=1197%2C450&ssl=1&resize=350%2C200","width":350,"height":200,"srcset":"https:\/\/i0.wp.com\/www.laterredufutur.com\/accueil\/wp-content\/uploads\/2018\/02\/neige-france-fevrier2018-0.jpg?fit=1197%2C450&ssl=1&resize=350%2C200 1x, https:\/\/i0.wp.com\/www.laterredufutur.com\/accueil\/wp-content\/uploads\/2018\/02\/neige-france-fevrier2018-0.jpg?fit=1197%2C450&ssl=1&resize=525%2C300 1.5x, https:\/\/i0.wp.com\/www.laterredufutur.com\/accueil\/wp-content\/uploads\/2018\/02\/neige-france-fevrier2018-0.jpg?fit=1197%2C450&ssl=1&resize=700%2C400 2x, https:\/\/i0.wp.com\/www.laterredufutur.com\/accueil\/wp-content\/uploads\/2018\/02\/neige-france-fevrier2018-0.jpg?fit=1197%2C450&ssl=1&resize=1050%2C600 3x"},"classes":[]},{"id":1234,"url":"https:\/\/www.laterredufutur.com\/accueil\/la-france-bloquee-par-la-neige\/","url_meta":{"origin":1174,"position":2},"title":"La France bloqu\u00e9e par la neige","author":"Admin","date":"20 janvier 2013","format":false,"excerpt":"\"M\u00e9t\u00e9o France prolonge l\u2019\u00e9pisode neigeux puisque la vigilance orange qui concerne 53 d\u00e9partements est effective jusqu\u2019au lundi 6 heures. Les pluies vergla\u00e7antes ont laiss\u00e9 la place \u00e0 de fortes chutes de neige.\" M\u00e9t\u00e9o France avait d\u00e9clench\u00e9 son alerte orange pour la neige et le verglas au d\u00e9but du week-end. La\u2026","rel":"","context":"Dans &quot;M\u00e9t\u00e9orologie&quot;","block_context":{"text":"M\u00e9t\u00e9orologie","link":"https:\/\/www.laterredufutur.com\/accueil\/sujets\/meteorologie\/"},"img":{"alt_text":"","src":"","width":0,"height":0},"classes":[]},{"id":10545,"url":"https:\/\/www.laterredufutur.com\/accueil\/apres-les-massifs-la-neige-est-arrivee-en-plaine\/","url_meta":{"origin":1174,"position":3},"title":"Apr\u00e8s les massifs, la neige est arriv\u00e9e en plaine","author":"Admin","date":"15 janvier 2016","format":false,"excerpt":"Premi\u00e8re alerte \u00e0 la neige de l'hiver. M\u00e9t\u00e9o France a plac\u00e9 vendredi matin onze d\u00e9partements de l'Est de la France en vigilance orange (niveau 3 sur 4) \u00e0 la neige et au verglas. Les d\u00e9partements concern\u00e9s sont la Meurthe-et-Moselle, la Moselle, le Bas-Rhin, la Meuse, les Vosges, le Doubs, le\u2026","rel":"","context":"Dans &quot;M\u00e9t\u00e9orologie&quot;","block_context":{"text":"M\u00e9t\u00e9orologie","link":"https:\/\/www.laterredufutur.com\/accueil\/sujets\/meteorologie\/"},"img":{"alt_text":"","src":"https:\/\/i0.wp.com\/www.laterredufutur.com\/accueil\/wp-content\/uploads\/2016\/01\/neige-janvier2016.jpg?fit=805%2C453&ssl=1&resize=350%2C200","width":350,"height":200,"srcset":"https:\/\/i0.wp.com\/www.laterredufutur.com\/accueil\/wp-content\/uploads\/2016\/01\/neige-janvier2016.jpg?fit=805%2C453&ssl=1&resize=350%2C200 1x, https:\/\/i0.wp.com\/www.laterredufutur.com\/accueil\/wp-content\/uploads\/2016\/01\/neige-janvier2016.jpg?fit=805%2C453&ssl=1&resize=525%2C300 1.5x, https:\/\/i0.wp.com\/www.laterredufutur.com\/accueil\/wp-content\/uploads\/2016\/01\/neige-janvier2016.jpg?fit=805%2C453&ssl=1&resize=700%2C400 2x"},"classes":[]},{"id":5601,"url":"https:\/\/www.laterredufutur.com\/accueil\/vague-de-froid-en-france\/","url_meta":{"origin":1174,"position":4},"title":"Vague de Froid en France","author":"Admin","date":"1 d\u00e9cembre 2010","format":false,"excerpt":"Il fait froid en France, tout le monde le constate. Voici les derni\u00e8res nouvelles de cette vague de froid et de gel, de neige \u00e0 travers la France. Tout ceci est d\u00fb \u00e0 un flux Moscou-Paris actuel qui nous renvoie le froid russe chez nous. A l'heure o\u00f9 ces lignes\u2026","rel":"","context":"Dans &quot;M\u00e9t\u00e9orologie&quot;","block_context":{"text":"M\u00e9t\u00e9orologie","link":"https:\/\/www.laterredufutur.com\/accueil\/sujets\/meteorologie\/"},"img":{"alt_text":"","src":"https:\/\/i0.wp.com\/www.laterredufutur.com\/accueil\/wp-content\/uploads\/2015\/04\/meteo-europe-dec-2010.png?fit=790%2C648&ssl=1&resize=350%2C200","width":350,"height":200,"srcset":"https:\/\/i0.wp.com\/www.laterredufutur.com\/accueil\/wp-content\/uploads\/2015\/04\/meteo-europe-dec-2010.png?fit=790%2C648&ssl=1&resize=350%2C200 1x, https:\/\/i0.wp.com\/www.laterredufutur.com\/accueil\/wp-content\/uploads\/2015\/04\/meteo-europe-dec-2010.png?fit=790%2C648&ssl=1&resize=525%2C300 1.5x, https:\/\/i0.wp.com\/www.laterredufutur.com\/accueil\/wp-content\/uploads\/2015\/04\/meteo-europe-dec-2010.png?fit=790%2C648&ssl=1&resize=700%2C400 2x"},"classes":[]},{"id":18148,"url":"https:\/\/www.laterredufutur.com\/accueil\/la-tempete-gabriel-touche-la-france-avec-sa-pluie-sa-neige-et-elle-est-attendue-dans-41-departements\/","url_meta":{"origin":1174,"position":5},"title":"La Temp\u00eate Gabriel touche la France avec sa pluie, sa neige, et elle est attendue dans 41 d\u00e9partements","author":"Admin","date":"29 janvier 2019","format":false,"excerpt":"La temp\u00eate arrivera sur la c\u00f4te Atlantique en fin d\u2019apr\u00e8s-midi et traversera l\u2019ouest et le nord du pays, avec des vents de plus de 100 km\/h et d\u2019importantes chutes de neige. Trente-sept nouveaux d\u00e9partements ont \u00e9t\u00e9 plac\u00e9s jusqu\u2019\u00e0 mercredi matin en vigilance orange par M\u00e9t\u00e9o-France, mardi 29 janvier, en raison\u2026","rel":"","context":"Dans &quot;M\u00e9t\u00e9orologie&quot;","block_context":{"text":"M\u00e9t\u00e9orologie","link":"https:\/\/www.laterredufutur.com\/accueil\/sujets\/meteorologie\/"},"img":{"alt_text":"","src":"https:\/\/i0.wp.com\/www.laterredufutur.com\/accueil\/wp-content\/uploads\/2019\/01\/neige-29janvier2019.jpg?fit=1200%2C675&ssl=1&resize=350%2C200","width":350,"height":200,"srcset":"https:\/\/i0.wp.com\/www.laterredufutur.com\/accueil\/wp-content\/uploads\/2019\/01\/neige-29janvier2019.jpg?fit=1200%2C675&ssl=1&resize=350%2C200 1x, https:\/\/i0.wp.com\/www.laterredufutur.com\/accueil\/wp-content\/uploads\/2019\/01\/neige-29janvier2019.jpg?fit=1200%2C675&ssl=1&resize=525%2C300 1.5x, https:\/\/i0.wp.com\/www.laterredufutur.com\/accueil\/wp-content\/uploads\/2019\/01\/neige-29janvier2019.jpg?fit=1200%2C675&ssl=1&resize=700%2C400 2x, https:\/\/i0.wp.com\/www.laterredufutur.com\/accueil\/wp-content\/uploads\/2019\/01\/neige-29janvier2019.jpg?fit=1200%2C675&ssl=1&resize=1050%2C600 3x"},"classes":[]}],"jetpack_sharing_enabled":true,"_links":{"self":[{"href":"https:\/\/www.laterredufutur.com\/accueil\/wp-json\/wp\/v2\/posts\/1174","targetHints":{"allow":["GET"]}}],"collection":[{"href":"https:\/\/www.laterredufutur.com\/accueil\/wp-json\/wp\/v2\/posts"}],"about":[{"href":"https:\/\/www.laterredufutur.com\/accueil\/wp-json\/wp\/v2\/types\/post"}],"author":[{"embeddable":true,"href":"https:\/\/www.laterredufutur.com\/accueil\/wp-json\/wp\/v2\/users\/1"}],"replies":[{"embeddable":true,"href":"https:\/\/www.laterredufutur.com\/accueil\/wp-json\/wp\/v2\/comments?post=1174"}],"version-history":[{"count":0,"href":"https:\/\/www.laterredufutur.com\/accueil\/wp-json\/wp\/v2\/posts\/1174\/revisions"}],"wp:featuredmedia":[{"embeddable":true,"href":"https:\/\/www.laterredufutur.com\/accueil\/wp-json\/wp\/v2\/media\/1172"}],"wp:attachment":[{"href":"https:\/\/www.laterredufutur.com\/accueil\/wp-json\/wp\/v2\/media?parent=1174"}],"wp:term":[{"taxonomy":"category","embeddable":true,"href":"https:\/\/www.laterredufutur.com\/accueil\/wp-json\/wp\/v2\/categories?post=1174"},{"taxonomy":"post_tag","embeddable":true,"href":"https:\/\/www.laterredufutur.com\/accueil\/wp-json\/wp\/v2\/tags?post=1174"}],"curies":[{"name":"wp","href":"https:\/\/api.w.org\/{rel}","templated":true}]}}