{"id":11152,"date":"2016-02-22T19:11:19","date_gmt":"2016-02-22T18:11:19","guid":{"rendered":"http:\/\/www.laterredufutur.com\/accueil\/?p=11152"},"modified":"2016-02-22T19:11:19","modified_gmt":"2016-02-22T18:11:19","slug":"la-super-eruption-europeenne-qui-a-sauve-les-derniers-neandertaliens","status":"publish","type":"post","link":"https:\/\/www.laterredufutur.com\/accueil\/la-super-eruption-europeenne-qui-a-sauve-les-derniers-neandertaliens\/","title":{"rendered":"La super \u00e9ruption europ\u00e9enne qui a sauv\u00e9 les derniers N\u00e9andertaliens"},"content":{"rendered":"<div class=\"1665f18d14f35dd9e7566e1a8ac9a3e9\" data-index=\"1\" style=\"float: none; margin:10px 0 10px 0; text-align:center;\">\n<script async src=\"https:\/\/pagead2.googlesyndication.com\/pagead\/js\/adsbygoogle.js\"><\/script>\r\n<ins class=\"adsbygoogle\"\r\n     style=\"display:block; text-align:center;\"\r\n     data-ad-layout=\"in-article\"\r\n     data-ad-format=\"fluid\"\r\n     data-ad-client=\"ca-pub-2860849627502538\"\r\n     data-ad-slot=\"3019501113\"><\/ins>\r\n<script>\r\n     (adsbygoogle = window.adsbygoogle || []).push({});\r\n<\/script>\n<\/div>\n<p style=\"text-align: justify;\">Une \u00e9quipe de chercheurs espagnols a mod\u00e9lis\u00e9e cette catastrophe naturelle qui a eu lieu il y a 39.000 ans, gr\u00e2ce au supercalculateur de MareNostrum \u00e0 Barcelone.<\/p>\n<p style=\"text-align: justify;\">Il y a 39.000 ans, pr\u00e8s de la ville italienne de Naples, il a eu lieu\u00a0une\u00a0super-\u00e9ruption\u00a0volcanique. Les cendres se sont r\u00e9parties sur 3 millions de kilom\u00e8tres carr\u00e9s et ont couvert\u00a030% de l&rsquo;Europe avec des cons\u00e9quences importantes qui ont fa\u00e7onn\u00e9 l&rsquo;\u00e9volution humaine elle-m\u00eame. Aujourd&rsquo;hui, une \u00e9quipe de chercheurs du\u00a0Supercomputing Center de Barcelone (BSC) ont r\u00e9ussi \u00e0 reconstituer en d\u00e9tail cette\u00a0catastrophe naturelle grace aux\u00a0 simulations de superordinateurs de Marenostrum.<\/p>\n<p style=\"text-align: justify;\">La\u00a0super-\u00e9ruption de la caldeira Ignimbrite Campana (qui comprend les\u00a0champs phl\u00e9gr\u00e9ens, le v\u00e9suve et la baie de Naples) est la plus importante qui ait eu lieu en Europe depuis ces\u00a0200.000 derni\u00e8res ann\u00e9es.<\/p>\n<p style=\"text-align: justify;\">\u00a0<img data-recalc-dims=\"1\" loading=\"lazy\" decoding=\"async\" data-attachment-id=\"11155\" data-permalink=\"https:\/\/www.laterredufutur.com\/accueil\/la-super-eruption-europeenne-qui-a-sauve-les-derniers-neandertaliens\/champs-phlegreens-caldeira-campana\/\" data-orig-file=\"https:\/\/i0.wp.com\/www.laterredufutur.com\/accueil\/wp-content\/uploads\/2016\/02\/champs-phl%C3%A9gr%C3%A9ens-caldeira-campana.jpg?fit=1222%2C1164&amp;ssl=1\" data-orig-size=\"1222,1164\" data-comments-opened=\"1\" data-image-meta=\"{&quot;aperture&quot;:&quot;0&quot;,&quot;credit&quot;:&quot;&quot;,&quot;camera&quot;:&quot;&quot;,&quot;caption&quot;:&quot;&quot;,&quot;created_timestamp&quot;:&quot;0&quot;,&quot;copyright&quot;:&quot;&quot;,&quot;focal_length&quot;:&quot;0&quot;,&quot;iso&quot;:&quot;0&quot;,&quot;shutter_speed&quot;:&quot;0&quot;,&quot;title&quot;:&quot;&quot;,&quot;orientation&quot;:&quot;0&quot;}\" data-image-title=\"champs-phl\u00e9gr\u00e9ens-caldeira-campana\" data-image-description=\"\" data-image-caption=\"\" data-large-file=\"https:\/\/i0.wp.com\/www.laterredufutur.com\/accueil\/wp-content\/uploads\/2016\/02\/champs-phl%C3%A9gr%C3%A9ens-caldeira-campana.jpg?fit=800%2C762&amp;ssl=1\" class=\"alignnone size-full wp-image-11155\" src=\"https:\/\/i0.wp.com\/www.laterredufutur.com\/accueil\/wp-content\/uploads\/2016\/02\/champs-phl%C3%A9gr%C3%A9ens-caldeira-campana.jpg?resize=1222%2C1164\" alt=\"champs-phl\u00e9gr\u00e9ens-caldeira-campana\" width=\"1222\" height=\"1164\" srcset=\"https:\/\/i0.wp.com\/www.laterredufutur.com\/accueil\/wp-content\/uploads\/2016\/02\/champs-phl%C3%A9gr%C3%A9ens-caldeira-campana.jpg?w=1222&amp;ssl=1 1222w, https:\/\/i0.wp.com\/www.laterredufutur.com\/accueil\/wp-content\/uploads\/2016\/02\/champs-phl%C3%A9gr%C3%A9ens-caldeira-campana.jpg?resize=300%2C286&amp;ssl=1 300w, https:\/\/i0.wp.com\/www.laterredufutur.com\/accueil\/wp-content\/uploads\/2016\/02\/champs-phl%C3%A9gr%C3%A9ens-caldeira-campana.jpg?resize=768%2C732&amp;ssl=1 768w, https:\/\/i0.wp.com\/www.laterredufutur.com\/accueil\/wp-content\/uploads\/2016\/02\/champs-phl%C3%A9gr%C3%A9ens-caldeira-campana.jpg?resize=800%2C762&amp;ssl=1 800w\" sizes=\"auto, (max-width: 1000px) 100vw, 1000px\" \/><\/p>\n<p style=\"text-align: justify;\">Mais jusqu&rsquo;\u00e0 pr\u00e9sent, on ne connaissait pas les r\u00e9elles\u00a0cons\u00e9quences de cette super-\u00e9ruption. Alejandro Mart\u00ed chercheur et co-auteur de\u00a0BSC de l&rsquo;\u00e9tude publi\u00e9e le 17 f\u00e9vrier 2016\u00a0dans la revue \u00abNature Rapports scientifique\u00bb, rapporte\u00a0la difficult\u00e9 de reconstruire un tel ph\u00e9nom\u00e8ne g\u00e9ologique aussi\u00a0ancien : \u00abNous avons pr\u00e8s de 1000 simulations avec le MareNostrum pour expliquer la dispersion des cendres trouv\u00e9es dans les d\u00e9p\u00f4ts g\u00e9ologiques \u00ab\u00a0.<\/p>\n<p><img data-recalc-dims=\"1\" loading=\"lazy\" decoding=\"async\" data-attachment-id=\"11153\" data-permalink=\"https:\/\/www.laterredufutur.com\/accueil\/la-super-eruption-europeenne-qui-a-sauve-les-derniers-neandertaliens\/volcan-vesuve-eruption-36000ans\/\" data-orig-file=\"https:\/\/i0.wp.com\/www.laterredufutur.com\/accueil\/wp-content\/uploads\/2016\/02\/volcan-vesuve-eruption-36000ans.jpg?fit=653%2C650&amp;ssl=1\" data-orig-size=\"653,650\" data-comments-opened=\"1\" data-image-meta=\"{&quot;aperture&quot;:&quot;0&quot;,&quot;credit&quot;:&quot;&quot;,&quot;camera&quot;:&quot;&quot;,&quot;caption&quot;:&quot;&quot;,&quot;created_timestamp&quot;:&quot;0&quot;,&quot;copyright&quot;:&quot;&quot;,&quot;focal_length&quot;:&quot;0&quot;,&quot;iso&quot;:&quot;0&quot;,&quot;shutter_speed&quot;:&quot;0&quot;,&quot;title&quot;:&quot;&quot;,&quot;orientation&quot;:&quot;0&quot;}\" data-image-title=\"volcan-vesuve-eruption-36000ans\" data-image-description=\"\" data-image-caption=\"\" data-large-file=\"https:\/\/i0.wp.com\/www.laterredufutur.com\/accueil\/wp-content\/uploads\/2016\/02\/volcan-vesuve-eruption-36000ans.jpg?fit=653%2C650&amp;ssl=1\" class=\"alignnone size-full wp-image-11153\" src=\"https:\/\/i0.wp.com\/www.laterredufutur.com\/accueil\/wp-content\/uploads\/2016\/02\/volcan-vesuve-eruption-36000ans.jpg?resize=653%2C650\" alt=\"volcan-vesuve-eruption-36000ans\" width=\"653\" height=\"650\" srcset=\"https:\/\/i0.wp.com\/www.laterredufutur.com\/accueil\/wp-content\/uploads\/2016\/02\/volcan-vesuve-eruption-36000ans.jpg?w=653&amp;ssl=1 653w, https:\/\/i0.wp.com\/www.laterredufutur.com\/accueil\/wp-content\/uploads\/2016\/02\/volcan-vesuve-eruption-36000ans.jpg?resize=300%2C300&amp;ssl=1 300w\" sizes=\"auto, (max-width: 653px) 100vw, 653px\" \/><\/p>\n<p style=\"text-align: justify;\">La logique nous dit que s&rsquo;il avait continu\u00e9 sa progression, l&rsquo;Homo sapiens aurait\u00a0d\u00e9pass\u00e9 le fleuve l&rsquo;Ebre et serait entr\u00e9 en concurrence avec les N\u00e9andertaliens.<\/p>\n<p style=\"text-align: justify;\">Toute \u00e9ruption volcanique a deux phases. La premi\u00e8re est explosive, dans lequel le magma et les\u00a0pierres s&rsquo;\u00e9chappent\u00a0avec forte\u00a0violence. Pour la caldeira de Ignimbrite Campana, la colonne initiale a atteint 44 kilom\u00e8tres de haut. Dans la deuxi\u00e8me phase, les plus petites particules se sont dispers\u00e9es dans l&rsquo;atmosph\u00e8re. Merci au mod\u00e8le de dispersion utilis\u00e9e par les chercheurs, qui a conclu que les trois quarts des\u00a0cendres rejet\u00e9es \u00e9taient de ce dernier type. Le r\u00e9sultat: \u00ab\u00a0La cendre a atteint la Russie et a couvert un tiers de l&rsquo;Europe\u00bb, explique Marti.<\/p><div class=\"1665f18d14f35dd9e7566e1a8ac9a3e9\" data-index=\"2\" style=\"float: none; margin:10px 0 10px 0; text-align:center;\">\n<script async src=\"https:\/\/pagead2.googlesyndication.com\/pagead\/js\/adsbygoogle.js\"><\/script>\r\n<ins class=\"adsbygoogle\"\r\n     style=\"display:block; text-align:center;\"\r\n     data-ad-layout=\"in-article\"\r\n     data-ad-format=\"fluid\"\r\n     data-ad-client=\"ca-pub-2860849627502538\"\r\n     data-ad-slot=\"3019501113\"><\/ins>\r\n<script>\r\n     (adsbygoogle = window.adsbygoogle || []).push({});\r\n<\/script>\n<\/div>\n\n<p><img data-recalc-dims=\"1\" loading=\"lazy\" decoding=\"async\" data-attachment-id=\"1782\" data-permalink=\"https:\/\/www.laterredufutur.com\/accueil\/la-super-eruption-europeenne-qui-a-sauve-les-derniers-neandertaliens\/neandertal2\/\" data-orig-file=\"https:\/\/i0.wp.com\/www.laterredufutur.com\/accueil\/wp-content\/uploads\/2014\/01\/neandertal2.jpg?fit=493%2C328&amp;ssl=1\" data-orig-size=\"493,328\" data-comments-opened=\"1\" data-image-meta=\"{&quot;aperture&quot;:&quot;0&quot;,&quot;credit&quot;:&quot;REUTERS&quot;,&quot;camera&quot;:&quot;&quot;,&quot;caption&quot;:&quot;An exhibit shows the life of a neanderthal family in a cave in the new Neanderthal Museum in the northern town of Krapina February 25, 2010. The high-tech, multimedia museum, with exhibitions depicting the evolution from &#039;Big Bang&#039; to present day, opens on February 27. REUTERS\/Nikola Solic (CROATIA - Tags: SOCIETY)&quot;,&quot;created_timestamp&quot;:&quot;1267115347&quot;,&quot;copyright&quot;:&quot;&quot;,&quot;focal_length&quot;:&quot;0&quot;,&quot;iso&quot;:&quot;0&quot;,&quot;shutter_speed&quot;:&quot;0&quot;,&quot;title&quot;:&quot;An exhibit shows the life of a neanderthal family in a cave in the new Neanderthal Museum in the northern town of Krapina&quot;,&quot;orientation&quot;:&quot;0&quot;}\" data-image-title=\"neandertal2\" data-image-description=\"\" data-image-caption=\"\" data-large-file=\"https:\/\/i0.wp.com\/www.laterredufutur.com\/accueil\/wp-content\/uploads\/2014\/01\/neandertal2.jpg?fit=493%2C328&amp;ssl=1\" class=\"alignnone size-full wp-image-1782\" src=\"https:\/\/i0.wp.com\/www.laterredufutur.com\/accueil\/wp-content\/uploads\/2014\/01\/neandertal2.jpg?resize=493%2C328\" alt=\"neandertal famille\" width=\"493\" height=\"328\" \/><\/p>\n<p>&nbsp;<\/p>\n<p style=\"text-align: justify;\">Les N\u00e9andertaliens ont \u00e9t\u00e9 isol\u00e9s par les cendres<\/p>\n<p style=\"text-align: justify;\">La reconstruction des deux phases de la\u00a0super-\u00e9ruption confirme l&rsquo;id\u00e9e que la catastrophe a eu des cons\u00e9quences importantes sur\u00a0l&rsquo;\u00e9volution humaine. Cela d\u00e9fend \u00e9galement la th\u00e9orie qui sugg\u00e8re que gr\u00e2ce\u00a0\u00e0 elle, les N\u00e9andertaliens qui habitaient la p\u00e9ninsule ib\u00e9rique ont\u00a0surv\u00e9cu de\u00a0plus de 5000 ans \u00e0\u00a0la concurrence avec l&rsquo;Homo sapiens.<\/p>\n<p style=\"text-align: justify;\">Jusqu&rsquo;\u00e0 pr\u00e9sent, on ne savait pas dans quelle mesure les cendres de cette super-\u00e9ruption\u00a0europ\u00e9enne des 200.000 derni\u00e8res ann\u00e9es s&rsquo;\u00e9taient propag\u00e9es.<\/p>\n<p style=\"text-align: justify;\">L&rsquo;\u00e9ruption a pris fin dans la r\u00e9gion avec les humains modernes, mais a \u00e9galement modifi\u00e9 la transition qui se d\u00e9roulait de\u00a0l&rsquo;est \u00e0 l&rsquo;Europe occidentale . \u00ab\u00a0Les &lsquo;Homo sapiens\u00bb venant vers\u00a0l&rsquo;ouest ne pouvaient pas se reproduire, et ceux qui avaient d\u00e9j\u00e0 \u00e9t\u00e9 confin\u00e9s \u00e0 la France et l&rsquo;Europe du Nord \u00bb, ajoute le chercheur. Et voici la cl\u00e9 qui a sauv\u00e9 l&rsquo;homme de N\u00e9andertal, au moins pour quelques ann\u00e9es de plus, lorsque la zone couverte par les cendres a\u00a0\u00e9t\u00e9 r\u00e9cup\u00e9r\u00e9e, nos anc\u00eatres ont d\u00e9cid\u00e9 de conqu\u00e9rir ces r\u00e9gions.<\/p>\n<p style=\"text-align: justify;\">\u00ab\u00a0La logique dit que s&rsquo;il avait continu\u00e9 la progression, l&rsquo;Homo sapiens aurait d\u00e9pass\u00e9 l&rsquo;Ebre et serait entr\u00e9 en concurrence avec les N\u00e9andertaliens de\u00a0la p\u00e9ninsule ib\u00e9rique. Les cons\u00e9quences, en Europe du Nord, sont qu&rsquo;ils sont rest\u00e9s en s\u00e9curit\u00e9 de l&rsquo;extinction de leur\u00a0esp\u00e8ce. L&rsquo;\u00e9ruption a laiss\u00e9 un grand espace inhabit\u00e9, quand il a \u00e9t\u00e9 r\u00e9cup\u00e9r\u00e9, l&rsquo;homme a choisi de\u00a0le repeupler\u00a0\u00bb. Donc tout ceci explique\u00a0les restes arch\u00e9ologiques de N\u00e9andertaliens qui ont \u00e9t\u00e9 trouv\u00e9s en Espagne de\u00a0plus de\u00a05000 ans que pr\u00e9vu.<\/p>\n<p>Traduction et adaptation de <a href=\"http:\/\/www.laterredufutur.com\/accueil\/\" target=\"_blank\">la Terre du Futur<\/a><\/p>\n<p>source :\u00a0<a href=\"http:\/\/www.elconfidencial.com\/tecnologia\/2016-02-17\/la-supererupcion-volcanica-que-salvo-a-los-ultimos-neandertales-de-espana_1154123\/\" target=\"_blank\">http:\/\/www.elconfidencial.com\/<\/a><\/p>\n<p class=\"bawpvc-ajax-counter\" data-id=\"11152\">(3225)<\/p>\n<!--CusAds0-->\n<div style=\"font-size: 0px; height: 0px; line-height: 0px; margin: 0; padding: 0; clear: both;\"><\/div>","protected":false},"excerpt":{"rendered":"<p>Une \u00e9quipe de chercheurs espagnols a mod\u00e9lis\u00e9e cette catastrophe naturelle qui a eu lieu il y a 39.000 ans, gr\u00e2ce&#8230;<\/p>\n","protected":false},"author":1,"featured_media":11154,"comment_status":"open","ping_status":"open","sticky":false,"template":"","format":"standard","meta":{"_exactmetrics_skip_tracking":false,"_exactmetrics_sitenote_active":false,"_exactmetrics_sitenote_note":"","_exactmetrics_sitenote_category":0,"ngg_post_thumbnail":0,"jetpack_post_was_ever_published":false,"_jetpack_newsletter_access":"","_jetpack_dont_email_post_to_subs":false,"_jetpack_newsletter_tier_id":0,"_jetpack_memberships_contains_paywalled_content":false,"_jetpack_memberships_contains_paid_content":false,"footnotes":"","jetpack_publicize_message":"La super \u00e9ruption europ\u00e9enne qui a sauv\u00e9 les derniers #N\u00e9andertaliens @laterredufutur","jetpack_publicize_feature_enabled":true,"jetpack_social_post_already_shared":true,"jetpack_social_options":{"image_generator_settings":{"template":"highway","default_image_id":0,"font":"","enabled":false},"version":2}},"categories":[33,19],"tags":[2264,377,1447,188,484,2859,1998,5573,5574,5575,667,2858],"class_list":["post-11152","post","type-post","status-publish","format-standard","has-post-thumbnail","hentry","category-archeologie","category-seismes-et-volcans","tag-caldeira","tag-cendres","tag-espece","tag-europe","tag-homo-sapiens","tag-naples","tag-neandertal","tag-neandertaliens","tag-super-eruption","tag-supereruption","tag-supervolcan","tag-vesuve","wpcat-33-id","wpcat-19-id"],"jetpack_publicize_connections":[],"jetpack_featured_media_url":"https:\/\/i0.wp.com\/www.laterredufutur.com\/accueil\/wp-content\/uploads\/2016\/02\/volcan-vesuve-eruption-36000ans-1.jpg?fit=750%2C360&ssl=1","jetpack_shortlink":"https:\/\/wp.me\/p631RN-2TS","jetpack-related-posts":[{"id":7765,"url":"https:\/\/www.laterredufutur.com\/accueil\/la-caldeira-de-campi-flegrei-a-naples\/","url_meta":{"origin":11152,"position":0},"title":"La caldeira de Campi Flegrei \u00e0 Naples","author":"Admin","date":"10 ao\u00fbt 2015","format":false,"excerpt":"Il y a deux mille ans, le V\u00e9suve d\u00e9truisit Pomp\u00e9i. Aujourd'hui, un plus grand danger se cache dans la baie de Naples , un super-volcan ! bien plus mortel !. Si ce super-volcan Campi Flegrei entre en \u00e9ruption, il pourrait cr\u00e9er un d\u00e9sastre en Europe. C'est pourquoi des scientifiques britanniques\u2026","rel":"","context":"Dans &quot;Seismes\/Volcans&quot;","block_context":{"text":"Seismes\/Volcans","link":"https:\/\/www.laterredufutur.com\/accueil\/sujets\/seismes-et-volcans\/"},"img":{"alt_text":"","src":"https:\/\/i0.wp.com\/www.laterredufutur.com\/accueil\/wp-content\/uploads\/2015\/08\/campi_flegrei.jpg?fit=600%2C350&ssl=1&resize=350%2C200","width":350,"height":200,"srcset":"https:\/\/i0.wp.com\/www.laterredufutur.com\/accueil\/wp-content\/uploads\/2015\/08\/campi_flegrei.jpg?fit=600%2C350&ssl=1&resize=350%2C200 1x, https:\/\/i0.wp.com\/www.laterredufutur.com\/accueil\/wp-content\/uploads\/2015\/08\/campi_flegrei.jpg?fit=600%2C350&ssl=1&resize=525%2C300 1.5x"},"classes":[]},{"id":15279,"url":"https:\/\/www.laterredufutur.com\/accueil\/la-caldeira-campi-flegrei-de-naples-inquiete-particulierement-les-scientifiques\/","url_meta":{"origin":11152,"position":1},"title":"La caldeira Campi Flegrei de Naples inqui\u00e8te particuli\u00e8rement les scientifiques","author":"Admin","date":"21 mai 2017","format":false,"excerpt":"D\u2019apr\u00e8s une \u00e9tude, un supervolcan situ\u00e9 \u00e0 9 kilom\u00e8tres de Naples serait sur le point d\u2019entrer en \u00e9ruption. Une situation des plus pr\u00e9occupantes surtout au regard de l\u2019intensit\u00e9 de ses pr\u00e9c\u00e9dentes \u00e9ruptions. UN SUPERVOLCAN RESPONSABLE DE LA DISPARITION DE L\u2019HOMME DE N\u00c9ANDERTAL ? Campi Flegrei, \u00ab Champs Phl\u00e9gr\u00e9ens \u00bb en\u2026","rel":"","context":"Dans &quot;Seismes\/Volcans&quot;","block_context":{"text":"Seismes\/Volcans","link":"https:\/\/www.laterredufutur.com\/accueil\/sujets\/seismes-et-volcans\/"},"img":{"alt_text":"","src":"https:\/\/i0.wp.com\/www.laterredufutur.com\/accueil\/wp-content\/uploads\/2017\/05\/Campi-Flegrei.jpg?fit=558%2C335&ssl=1&resize=350%2C200","width":350,"height":200,"srcset":"https:\/\/i0.wp.com\/www.laterredufutur.com\/accueil\/wp-content\/uploads\/2017\/05\/Campi-Flegrei.jpg?fit=558%2C335&ssl=1&resize=350%2C200 1x, https:\/\/i0.wp.com\/www.laterredufutur.com\/accueil\/wp-content\/uploads\/2017\/05\/Campi-Flegrei.jpg?fit=558%2C335&ssl=1&resize=525%2C300 1.5x"},"classes":[]},{"id":19459,"url":"https:\/\/www.laterredufutur.com\/accueil\/une-eruption-mysterieuse-a-ete-retrouvee-venant-de-la-caldeira-des-campi-flegrei\/","url_meta":{"origin":11152,"position":2},"title":"Une \u00e9ruption myst\u00e9rieuse a \u00e9t\u00e9 retrouv\u00e9e venant de la caldeira des Campi Flegrei","author":"Admin","date":"15 juillet 2019","format":false,"excerpt":"L'\u00e9ruption de Campi Flegrei (Italie) il y a 40 000 ans est la plus grande \u00e9ruption connue en Europe au cours des 200 000 derni\u00e8res ann\u00e9es, mais on sait peu de choses sur les autres grandes \u00e9ruptions du volcan avant un \u00e9v\u00e9nement plus r\u00e9cent de la formation de la caldeira,\u2026","rel":"","context":"Dans &quot;Seismes\/Volcans&quot;","block_context":{"text":"Seismes\/Volcans","link":"https:\/\/www.laterredufutur.com\/accueil\/sujets\/seismes-et-volcans\/"},"img":{"alt_text":"","src":"https:\/\/i0.wp.com\/www.laterredufutur.com\/accueil\/wp-content\/uploads\/2019\/07\/naples-champs-phelegreens-1.jpg?fit=960%2C466&ssl=1&resize=350%2C200","width":350,"height":200,"srcset":"https:\/\/i0.wp.com\/www.laterredufutur.com\/accueil\/wp-content\/uploads\/2019\/07\/naples-champs-phelegreens-1.jpg?fit=960%2C466&ssl=1&resize=350%2C200 1x, https:\/\/i0.wp.com\/www.laterredufutur.com\/accueil\/wp-content\/uploads\/2019\/07\/naples-champs-phelegreens-1.jpg?fit=960%2C466&ssl=1&resize=525%2C300 1.5x, https:\/\/i0.wp.com\/www.laterredufutur.com\/accueil\/wp-content\/uploads\/2019\/07\/naples-champs-phelegreens-1.jpg?fit=960%2C466&ssl=1&resize=700%2C400 2x"},"classes":[]},{"id":22813,"url":"https:\/\/www.laterredufutur.com\/accueil\/le-supervolcan-des-champs-phlegreens-se-retrouve-dans-le-magazine-focus-parmi-les-10-plus-dangereux-de-la-planete\/","url_meta":{"origin":11152,"position":3},"title":"Le supervolcan des Champs Phl\u00e9gr\u00e9ens se retrouve dans le magazine Focus : \u00ab\u00a0Parmi les 10 plus dangereux de la plan\u00e8te\u00a0\u00bb","author":"Admin","date":"28 juillet 2021","format":false,"excerpt":"Pr\u00e9dire les tremblements de terre et les explosions volcaniques est une t\u00e2che difficile. L'ensemble de la Campanie est une zone sismique et fait l'objet d'une surveillance quotidienne. C'est maintenant au prestigieux magazine scientifique Focus de consacrer un article du supervolcan des Champs Phl\u00e9gr\u00e9ens, consid\u00e9r\u00e9 comme l'un des 10 plus dangereux\u2026","rel":"","context":"Dans &quot;Seismes\/Volcans&quot;","block_context":{"text":"Seismes\/Volcans","link":"https:\/\/www.laterredufutur.com\/accueil\/sujets\/seismes-et-volcans\/"},"img":{"alt_text":"","src":"https:\/\/i0.wp.com\/www.laterredufutur.com\/accueil\/wp-content\/uploads\/2021\/07\/champ-plegreens.jpg?fit=1080%2C1027&ssl=1&resize=350%2C200","width":350,"height":200,"srcset":"https:\/\/i0.wp.com\/www.laterredufutur.com\/accueil\/wp-content\/uploads\/2021\/07\/champ-plegreens.jpg?fit=1080%2C1027&ssl=1&resize=350%2C200 1x, https:\/\/i0.wp.com\/www.laterredufutur.com\/accueil\/wp-content\/uploads\/2021\/07\/champ-plegreens.jpg?fit=1080%2C1027&ssl=1&resize=525%2C300 1.5x, https:\/\/i0.wp.com\/www.laterredufutur.com\/accueil\/wp-content\/uploads\/2021\/07\/champ-plegreens.jpg?fit=1080%2C1027&ssl=1&resize=700%2C400 2x, https:\/\/i0.wp.com\/www.laterredufutur.com\/accueil\/wp-content\/uploads\/2021\/07\/champ-plegreens.jpg?fit=1080%2C1027&ssl=1&resize=1050%2C600 3x"},"classes":[]},{"id":17193,"url":"https:\/\/www.laterredufutur.com\/accueil\/le-supervolcan-italien-campi-flegrei-entame-une-nouvelle-phase-qui-menera-a-la-prochaine-eruption-majeure\/","url_meta":{"origin":11152,"position":4},"title":"Le supervolcan italien Campi Flegrei entame une nouvelle phase qui m\u00e8nera \u00e0 la prochaine \u00e9ruption majeure","author":"Admin","date":"25 novembre 2018","format":false,"excerpt":"Un ancien supervolcan italien qui n'est pas entr\u00e9 en \u00e9ruption depuis 500 ans pourrait entamer une phase d'activit\u00e9 susceptible d'entra\u00eener une nouvelle \u00e9ruption colossale, une catastrophe potentielle pour les communaut\u00e9s qui se trouvent sur son chemin. Une nouvelle \u00e9tude sugg\u00e8re que les Campi Flegrei ou Champs Phl\u00e9gr\u00e9ens pourraient entrer dans\u2026","rel":"","context":"Dans &quot;Seismes\/Volcans&quot;","block_context":{"text":"Seismes\/Volcans","link":"https:\/\/www.laterredufutur.com\/accueil\/sujets\/seismes-et-volcans\/"},"img":{"alt_text":"","src":"https:\/\/i0.wp.com\/www.laterredufutur.com\/accueil\/wp-content\/uploads\/2018\/11\/Campi-Flegrei.jpg?fit=1024%2C768&ssl=1&resize=350%2C200","width":350,"height":200,"srcset":"https:\/\/i0.wp.com\/www.laterredufutur.com\/accueil\/wp-content\/uploads\/2018\/11\/Campi-Flegrei.jpg?fit=1024%2C768&ssl=1&resize=350%2C200 1x, https:\/\/i0.wp.com\/www.laterredufutur.com\/accueil\/wp-content\/uploads\/2018\/11\/Campi-Flegrei.jpg?fit=1024%2C768&ssl=1&resize=525%2C300 1.5x, https:\/\/i0.wp.com\/www.laterredufutur.com\/accueil\/wp-content\/uploads\/2018\/11\/Campi-Flegrei.jpg?fit=1024%2C768&ssl=1&resize=700%2C400 2x"},"classes":[]},{"id":17404,"url":"https:\/\/www.laterredufutur.com\/accueil\/les-conditions-deruption-dun-supervolcan-recreees-dans-un-laboratoire-de-rayons-x-les-champs-phlegreens-en-perspective\/","url_meta":{"origin":11152,"position":5},"title":"Les conditions d&rsquo;\u00e9ruption d&rsquo;un supervolcan recr\u00e9\u00e9es dans un laboratoire de rayons X &#8211; Les Champs Phl\u00e9gr\u00e9ens en perspective","author":"Admin","date":"29 d\u00e9cembre 2018","format":false,"excerpt":"Des scientifiques ont reproduit les conditions de pression et de temp\u00e9rature r\u00e9gnant dans la chambre magmatique des supervolcans pour comprendre comment se d\u00e9clenchent leurs explosions. Ces explosions, heureusement tr\u00e8s rares, sont les catastrophes naturelles les plus dramatiques sur Terre, \u00e0 l'exception des chutes de m\u00e9t\u00e9orites g\u00e9antes. Gr\u00e2ce aux rayons X\u2026","rel":"","context":"Dans &quot;Seismes\/Volcans&quot;","block_context":{"text":"Seismes\/Volcans","link":"https:\/\/www.laterredufutur.com\/accueil\/sujets\/seismes-et-volcans\/"},"img":{"alt_text":"","src":"https:\/\/i0.wp.com\/www.laterredufutur.com\/accueil\/wp-content\/uploads\/2018\/12\/Champs-Phl%C3%A9gr%C3%A9ens.jpg?fit=1200%2C749&ssl=1&resize=350%2C200","width":350,"height":200,"srcset":"https:\/\/i0.wp.com\/www.laterredufutur.com\/accueil\/wp-content\/uploads\/2018\/12\/Champs-Phl%C3%A9gr%C3%A9ens.jpg?fit=1200%2C749&ssl=1&resize=350%2C200 1x, https:\/\/i0.wp.com\/www.laterredufutur.com\/accueil\/wp-content\/uploads\/2018\/12\/Champs-Phl%C3%A9gr%C3%A9ens.jpg?fit=1200%2C749&ssl=1&resize=525%2C300 1.5x, https:\/\/i0.wp.com\/www.laterredufutur.com\/accueil\/wp-content\/uploads\/2018\/12\/Champs-Phl%C3%A9gr%C3%A9ens.jpg?fit=1200%2C749&ssl=1&resize=700%2C400 2x, https:\/\/i0.wp.com\/www.laterredufutur.com\/accueil\/wp-content\/uploads\/2018\/12\/Champs-Phl%C3%A9gr%C3%A9ens.jpg?fit=1200%2C749&ssl=1&resize=1050%2C600 3x"},"classes":[]}],"jetpack_sharing_enabled":true,"_links":{"self":[{"href":"https:\/\/www.laterredufutur.com\/accueil\/wp-json\/wp\/v2\/posts\/11152","targetHints":{"allow":["GET"]}}],"collection":[{"href":"https:\/\/www.laterredufutur.com\/accueil\/wp-json\/wp\/v2\/posts"}],"about":[{"href":"https:\/\/www.laterredufutur.com\/accueil\/wp-json\/wp\/v2\/types\/post"}],"author":[{"embeddable":true,"href":"https:\/\/www.laterredufutur.com\/accueil\/wp-json\/wp\/v2\/users\/1"}],"replies":[{"embeddable":true,"href":"https:\/\/www.laterredufutur.com\/accueil\/wp-json\/wp\/v2\/comments?post=11152"}],"version-history":[{"count":1,"href":"https:\/\/www.laterredufutur.com\/accueil\/wp-json\/wp\/v2\/posts\/11152\/revisions"}],"predecessor-version":[{"id":11157,"href":"https:\/\/www.laterredufutur.com\/accueil\/wp-json\/wp\/v2\/posts\/11152\/revisions\/11157"}],"wp:featuredmedia":[{"embeddable":true,"href":"https:\/\/www.laterredufutur.com\/accueil\/wp-json\/wp\/v2\/media\/11154"}],"wp:attachment":[{"href":"https:\/\/www.laterredufutur.com\/accueil\/wp-json\/wp\/v2\/media?parent=11152"}],"wp:term":[{"taxonomy":"category","embeddable":true,"href":"https:\/\/www.laterredufutur.com\/accueil\/wp-json\/wp\/v2\/categories?post=11152"},{"taxonomy":"post_tag","embeddable":true,"href":"https:\/\/www.laterredufutur.com\/accueil\/wp-json\/wp\/v2\/tags?post=11152"}],"curies":[{"name":"wp","href":"https:\/\/api.w.org\/{rel}","templated":true}]}}