{"id":10885,"date":"2016-02-02T15:48:19","date_gmt":"2016-02-02T14:48:19","guid":{"rendered":"http:\/\/www.laterredufutur.com\/accueil\/?p=10885"},"modified":"2016-02-02T15:48:19","modified_gmt":"2016-02-02T14:48:19","slug":"un-monde-de-virus-2","status":"publish","type":"post","link":"https:\/\/www.laterredufutur.com\/accueil\/un-monde-de-virus-2\/","title":{"rendered":"Un monde de Virus"},"content":{"rendered":"<div class=\"1665f18d14f35dd9e7566e1a8ac9a3e9\" data-index=\"1\" style=\"float: none; margin:10px 0 10px 0; text-align:center;\">\n<script async src=\"https:\/\/pagead2.googlesyndication.com\/pagead\/js\/adsbygoogle.js\"><\/script>\r\n<ins class=\"adsbygoogle\"\r\n     style=\"display:block; text-align:center;\"\r\n     data-ad-layout=\"in-article\"\r\n     data-ad-format=\"fluid\"\r\n     data-ad-client=\"ca-pub-2860849627502538\"\r\n     data-ad-slot=\"3019501113\"><\/ins>\r\n<script>\r\n     (adsbygoogle = window.adsbygoogle || []).push({});\r\n<\/script>\n<\/div>\n<p style=\"text-align: justify;\">L\u2019inqui\u00e9tude monte face au virus Zika. Se propageant de mani\u00e8re explosive, il est fortement soup\u00e7onn\u00e9 de causer des troubles neurologiques, le syndrome de Guillain-Barr\u00e9, et des malformations cong\u00e9nitales, les microc\u00e9phalies. Lundi 1<sup>er<\/sup>\u00a0f\u00e9vrier, \u00e0 l\u2019issue d\u2019une r\u00e9union d\u2019experts, l\u2019Organisation mondiale de la sant\u00e9 (OMS) a d\u00e9cr\u00e9t\u00e9 que l\u2019\u00e9pid\u00e9mie constitue <em>\u00ab\u00a0une urgence de sant\u00e9 publique de port\u00e9e mondiale\u00a0\u00bb<\/em>.<\/p>\n<p style=\"text-align: justify;\">Une \u00ab urgence de sant\u00e9 publique de port\u00e9e mondiale \u00bb. C\u2019est en ces termes que l\u2019organisation mondiale de la Sant\u00e9 (OMS) a qualifi\u00e9 l\u2019\u00e9pid\u00e9mie du virus Zika le 1er f\u00e9vrier, alors que les laboratoires pharmaceutiques \u2013 dont le fran\u00e7ais Sanofi \u2013 et les scientifiques s\u2019activent pour trouver un vaccin.<\/p>\n<p style=\"text-align: justify;\">Le virus, qui se propage \u00ab de mani\u00e8re explosive \u00bb dans la r\u00e9gion des Am\u00e9riques, avec 3 \u00e0 4 millions de cas attendus en 2016, tire son nom d\u2019une for\u00eat en Ouganda o\u00f9 il a \u00e9t\u00e9 rep\u00e9r\u00e9 pour la premi\u00e8re fois en 1947.<\/p>\n<p style=\"text-align: justify;\"><img data-recalc-dims=\"1\" loading=\"lazy\" decoding=\"async\" data-attachment-id=\"10887\" data-permalink=\"https:\/\/www.laterredufutur.com\/accueil\/un-monde-de-virus-2\/virus-zika-2\/\" data-orig-file=\"https:\/\/i0.wp.com\/www.laterredufutur.com\/accueil\/wp-content\/uploads\/2016\/02\/virus-zika-1.jpg?fit=1520%2C1011&amp;ssl=1\" data-orig-size=\"1520,1011\" data-comments-opened=\"1\" data-image-meta=\"{&quot;aperture&quot;:&quot;0&quot;,&quot;credit&quot;:&quot;&quot;,&quot;camera&quot;:&quot;&quot;,&quot;caption&quot;:&quot;&quot;,&quot;created_timestamp&quot;:&quot;0&quot;,&quot;copyright&quot;:&quot;&quot;,&quot;focal_length&quot;:&quot;0&quot;,&quot;iso&quot;:&quot;0&quot;,&quot;shutter_speed&quot;:&quot;0&quot;,&quot;title&quot;:&quot;&quot;,&quot;orientation&quot;:&quot;0&quot;}\" data-image-title=\"virus-zika\" data-image-description=\"\" data-image-caption=\"\" data-large-file=\"https:\/\/i0.wp.com\/www.laterredufutur.com\/accueil\/wp-content\/uploads\/2016\/02\/virus-zika-1.jpg?fit=800%2C532&amp;ssl=1\" class=\"alignnone size-full wp-image-10887\" src=\"https:\/\/i0.wp.com\/www.laterredufutur.com\/accueil\/wp-content\/uploads\/2016\/02\/virus-zika-1.jpg?resize=1520%2C1011\" alt=\"virus-zika\" width=\"1520\" height=\"1011\" srcset=\"https:\/\/i0.wp.com\/www.laterredufutur.com\/accueil\/wp-content\/uploads\/2016\/02\/virus-zika-1.jpg?w=1520&amp;ssl=1 1520w, https:\/\/i0.wp.com\/www.laterredufutur.com\/accueil\/wp-content\/uploads\/2016\/02\/virus-zika-1.jpg?resize=300%2C200&amp;ssl=1 300w, https:\/\/i0.wp.com\/www.laterredufutur.com\/accueil\/wp-content\/uploads\/2016\/02\/virus-zika-1.jpg?resize=768%2C511&amp;ssl=1 768w, https:\/\/i0.wp.com\/www.laterredufutur.com\/accueil\/wp-content\/uploads\/2016\/02\/virus-zika-1.jpg?resize=800%2C532&amp;ssl=1 800w\" sizes=\"auto, (max-width: 1000px) 100vw, 1000px\" \/><\/p>\n<p style=\"text-align: justify;\">Zika est \u00e9troitement apparent\u00e9 au virus de la dengue, puisqu\u2019il appartient \u00e0 la m\u00eame famille des Flavivirus, qui compte \u00e9galement le chikungunya, et est transmis par une piq\u00fbre de moustique du genre Aedes, A. aegypti ou A. albopictus (moustique tigre). Il est soup\u00e7onn\u00e9 de causer des malformations cong\u00e9nitales, notamment des microc\u00e9phalies (malformation cong\u00e9nitale dont souffrent les enfants n\u00e9s avec une t\u00eate et un cerveau anormalement petits), et d\u2019\u00eatre li\u00e9 au syndrome neurologique de Guillain-Barr\u00e9 (SGB).<\/p>\n<p style=\"text-align: justify;\">Il y a peu encore, la for\u00eat ougandaise Zika \u00e9tait une petite r\u00e9serve connue des seuls ornithologues et scientifiques. Mais l&rsquo;\u00e9pid\u00e9mie du virus \u00e9ponyme, qui affecte le continent am\u00e9ricain, vient de lui conf\u00e9rer une soudaine notori\u00e9t\u00e9.<\/p>\n<p style=\"text-align: justify;\">\u00a0<img data-recalc-dims=\"1\" loading=\"lazy\" decoding=\"async\" data-attachment-id=\"10889\" data-permalink=\"https:\/\/www.laterredufutur.com\/accueil\/un-monde-de-virus-2\/virus-zika-4\/\" data-orig-file=\"https:\/\/i0.wp.com\/www.laterredufutur.com\/accueil\/wp-content\/uploads\/2016\/02\/virus-zika-3.jpg?fit=652%2C366&amp;ssl=1\" data-orig-size=\"652,366\" data-comments-opened=\"1\" data-image-meta=\"{&quot;aperture&quot;:&quot;0&quot;,&quot;credit&quot;:&quot;&quot;,&quot;camera&quot;:&quot;&quot;,&quot;caption&quot;:&quot;&quot;,&quot;created_timestamp&quot;:&quot;0&quot;,&quot;copyright&quot;:&quot;&quot;,&quot;focal_length&quot;:&quot;0&quot;,&quot;iso&quot;:&quot;0&quot;,&quot;shutter_speed&quot;:&quot;0&quot;,&quot;title&quot;:&quot;&quot;,&quot;orientation&quot;:&quot;0&quot;}\" data-image-title=\"virus-zika\" data-image-description=\"\" data-image-caption=\"\" data-large-file=\"https:\/\/i0.wp.com\/www.laterredufutur.com\/accueil\/wp-content\/uploads\/2016\/02\/virus-zika-3.jpg?fit=652%2C366&amp;ssl=1\" class=\"alignnone size-full wp-image-10889\" src=\"https:\/\/i0.wp.com\/www.laterredufutur.com\/accueil\/wp-content\/uploads\/2016\/02\/virus-zika-3.jpg?resize=652%2C366\" alt=\"virus-zika\" width=\"652\" height=\"366\" srcset=\"https:\/\/i0.wp.com\/www.laterredufutur.com\/accueil\/wp-content\/uploads\/2016\/02\/virus-zika-3.jpg?w=652&amp;ssl=1 652w, https:\/\/i0.wp.com\/www.laterredufutur.com\/accueil\/wp-content\/uploads\/2016\/02\/virus-zika-3.jpg?resize=300%2C168&amp;ssl=1 300w, https:\/\/i0.wp.com\/www.laterredufutur.com\/accueil\/wp-content\/uploads\/2016\/02\/virus-zika-3.jpg?resize=580%2C326&amp;ssl=1 580w, https:\/\/i0.wp.com\/www.laterredufutur.com\/accueil\/wp-content\/uploads\/2016\/02\/virus-zika-3.jpg?resize=174%2C98&amp;ssl=1 174w\" sizes=\"auto, (max-width: 652px) 100vw, 652px\" \/><\/p><div class=\"1665f18d14f35dd9e7566e1a8ac9a3e9\" data-index=\"2\" style=\"float: none; margin:10px 0 10px 0; text-align:center;\">\n<script async src=\"https:\/\/pagead2.googlesyndication.com\/pagead\/js\/adsbygoogle.js\"><\/script>\r\n<ins class=\"adsbygoogle\"\r\n     style=\"display:block; text-align:center;\"\r\n     data-ad-layout=\"in-article\"\r\n     data-ad-format=\"fluid\"\r\n     data-ad-client=\"ca-pub-2860849627502538\"\r\n     data-ad-slot=\"3019501113\"><\/ins>\r\n<script>\r\n     (adsbygoogle = window.adsbygoogle || []).push({});\r\n<\/script>\n<\/div>\n\n<p style=\"text-align: justify;\">A des milliers de kilom\u00e8tres de l&rsquo;Am\u00e9rique du Sud en Ouganda, l&rsquo;ambiance est moins alarmiste. \u00ab\u00a0Quelques personnes qui vivent pr\u00e8s de la for\u00eat et en ont entendu parler commencent \u00e0 s&rsquo;inqui\u00e9ter\u00a0\u00bb, raconte \u00e0 l&rsquo;AFP Gerald Musika, ancien garde-forestier.<\/p>\n<p style=\"text-align: justify;\">Lui-m\u00eame n&rsquo;a d\u00e9couvert le zika que depuis deux semaines alors qu&rsquo;il a arpent\u00e9 durant sept ans les sentiers de cette jungle, o\u00f9 le virus a \u00e9t\u00e9 identifi\u00e9 en 1947. Quant \u00e0 Ruth Miremb\u00e9, 24 ans et riveraine de la for\u00eat, c&rsquo;est sur Facebook qu&rsquo;elle a eu vent de la maladie mais elle \u00ab\u00a0n&rsquo;est pas inqui\u00e8te\u00a0\u00bb, assure-t-elle.<\/p>\n<p style=\"text-align: justify;\"><img data-recalc-dims=\"1\" loading=\"lazy\" decoding=\"async\" data-attachment-id=\"10886\" data-permalink=\"https:\/\/www.laterredufutur.com\/accueil\/un-monde-de-virus-2\/virus-zika\/\" data-orig-file=\"https:\/\/i0.wp.com\/www.laterredufutur.com\/accueil\/wp-content\/uploads\/2016\/02\/virus-zika.jpg?fit=790%2C444&amp;ssl=1\" data-orig-size=\"790,444\" data-comments-opened=\"1\" data-image-meta=\"{&quot;aperture&quot;:&quot;0&quot;,&quot;credit&quot;:&quot;&quot;,&quot;camera&quot;:&quot;&quot;,&quot;caption&quot;:&quot;&quot;,&quot;created_timestamp&quot;:&quot;0&quot;,&quot;copyright&quot;:&quot;&quot;,&quot;focal_length&quot;:&quot;0&quot;,&quot;iso&quot;:&quot;0&quot;,&quot;shutter_speed&quot;:&quot;0&quot;,&quot;title&quot;:&quot;&quot;,&quot;orientation&quot;:&quot;0&quot;}\" data-image-title=\"virus-zika\" data-image-description=\"\" data-image-caption=\"\" data-large-file=\"https:\/\/i0.wp.com\/www.laterredufutur.com\/accueil\/wp-content\/uploads\/2016\/02\/virus-zika.jpg?fit=790%2C444&amp;ssl=1\" class=\"alignnone size-full wp-image-10886\" src=\"https:\/\/i0.wp.com\/www.laterredufutur.com\/accueil\/wp-content\/uploads\/2016\/02\/virus-zika.jpg?resize=790%2C444\" alt=\"virus-zika\" width=\"790\" height=\"444\" srcset=\"https:\/\/i0.wp.com\/www.laterredufutur.com\/accueil\/wp-content\/uploads\/2016\/02\/virus-zika.jpg?w=790&amp;ssl=1 790w, https:\/\/i0.wp.com\/www.laterredufutur.com\/accueil\/wp-content\/uploads\/2016\/02\/virus-zika.jpg?resize=300%2C169&amp;ssl=1 300w, https:\/\/i0.wp.com\/www.laterredufutur.com\/accueil\/wp-content\/uploads\/2016\/02\/virus-zika.jpg?resize=768%2C432&amp;ssl=1 768w, https:\/\/i0.wp.com\/www.laterredufutur.com\/accueil\/wp-content\/uploads\/2016\/02\/virus-zika.jpg?resize=580%2C326&amp;ssl=1 580w, https:\/\/i0.wp.com\/www.laterredufutur.com\/accueil\/wp-content\/uploads\/2016\/02\/virus-zika.jpg?resize=174%2C98&amp;ssl=1 174w\" sizes=\"auto, (max-width: 790px) 100vw, 790px\" \/><\/p>\n<p style=\"text-align: justify;\">La plupart des cas locaux ont pr\u00e9sent\u00e9 des sympt\u00f4mes l\u00e9gers, comme des \u00e9ruptions cutan\u00e9es, de la fi\u00e8vre, et parfois des yeux rouges. De sorte que les autorit\u00e9s sanitaires mondiales les avaient \u00e0 peine recens\u00e9s jusqu&rsquo;\u00e0 l&rsquo;\u00e9pid\u00e9mie de 2007 sur l&rsquo;\u00eele micron\u00e9sienne de Yap.<\/p>\n<p style=\"text-align: justify;\">Celle qui a d\u00e9but\u00e9 au Br\u00e9sil l&rsquo;an pass\u00e9 s&rsquo;est traduite par la naissance de milliers de b\u00e9b\u00e9s atteints de microc\u00e9phalie, handicap incurable et parfois mortel.<\/p>\n<p style=\"text-align: justify;\">Le ministre de la Sant\u00e9 ougandais s&rsquo;est empress\u00e9 de souligner, dans un communiqu\u00e9, qu&rsquo;il n&rsquo;y avait pas de cas du virus dans son pays et que l&rsquo;\u00e9pid\u00e9mie actuelle n&rsquo;\u00e9tait pas partie d&rsquo;Afrique de l&rsquo;est: \u00ab\u00a0Nous n&rsquo;avons enregistr\u00e9 aucun cas depuis plusieurs ann\u00e9es en Ouganda et il n&rsquo;y a pas d&rsquo;\u00e9pid\u00e9mie\u00a0\u00bb dans ce pays qui a d\u00e9j\u00e0 connu par le pass\u00e9 Ebola et la myst\u00e9rieuse \u00ab\u00a0maladie du hochement de t\u00eate\u00a0\u00bb.<\/p>\n<p style=\"text-align: justify;\">\u00ab\u00a0Ce qui s&rsquo;est pass\u00e9 en Am\u00e9rique du Sud est que le virus a un peu chang\u00e9&#8230; et ces mutations l&rsquo;ont rendu plus agressif envers les hommes et cela pose de graves probl\u00e8mes\u00a0\u00bb, estime M. Lutwana.<\/p>\n<p>Adaptation de <a href=\"http:\/\/www.laterredufutur.com\/accueil\/\" target=\"_blank\">la Terre du Futur<\/a><\/p>\n<p>sources :\u00a0<a href=\"http:\/\/www.lemonde.fr\" target=\"_blank\">http:\/\/www.lemonde.fr<\/a> \/\u00a0<a href=\"http:\/\/www.20minutes.fr\/\" target=\"_blank\">http:\/\/www.20minutes.fr\/<\/a> \/\u00a0<a href=\"http:\/\/www.leparisien.fr\/\" target=\"_blank\">http:\/\/www.leparisien.fr\/<\/a><\/p>\n<p class=\"bawpvc-ajax-counter\" data-id=\"10885\">(284)<\/p>\n<!--CusAds0-->\n<div style=\"font-size: 0px; height: 0px; line-height: 0px; margin: 0; padding: 0; clear: both;\"><\/div>","protected":false},"excerpt":{"rendered":"<p>L\u2019inqui\u00e9tude monte face au virus Zika. Se propageant de mani\u00e8re explosive, il est fortement soup\u00e7onn\u00e9 de causer des troubles neurologiques,&#8230;<\/p>\n","protected":false},"author":1,"featured_media":10888,"comment_status":"open","ping_status":"open","sticky":false,"template":"","format":"standard","meta":{"_exactmetrics_skip_tracking":false,"_exactmetrics_sitenote_active":false,"_exactmetrics_sitenote_note":"","_exactmetrics_sitenote_category":0,"ngg_post_thumbnail":0,"jetpack_post_was_ever_published":false,"_jetpack_newsletter_access":"","_jetpack_dont_email_post_to_subs":false,"_jetpack_newsletter_tier_id":0,"_jetpack_memberships_contains_paywalled_content":false,"_jetpack_memberships_contains_paid_content":false,"footnotes":"","jetpack_publicize_message":"Un monde de #Virus @laterredufutur","jetpack_publicize_feature_enabled":true,"jetpack_social_post_already_shared":true,"jetpack_social_options":{"image_generator_settings":{"template":"highway","default_image_id":0,"font":"","enabled":false},"version":2}},"categories":[18],"tags":[5499,453,3692,5500,1854,423,1066,5498],"class_list":["post-10885","post","type-post","status-publish","format-standard","has-post-thumbnail","hentry","category-monde-futur","tag-epidemie","tag-eruptions","tag-fievre","tag-flavivirus","tag-moustique","tag-oms","tag-virus","tag-zika","wpcat-18-id"],"jetpack_publicize_connections":[],"jetpack_featured_media_url":"https:\/\/i0.wp.com\/www.laterredufutur.com\/accueil\/wp-content\/uploads\/2016\/02\/virus-zika-2.jpg?fit=648%2C415&ssl=1","jetpack_shortlink":"https:\/\/wp.me\/p631RN-2Pz","jetpack-related-posts":[{"id":16425,"url":"https:\/\/www.laterredufutur.com\/accueil\/notre-monde-face-a-la-maladie-x\/","url_meta":{"origin":10885,"position":0},"title":"Notre monde face \u00e0 la maladie X","author":"Admin","date":"23 mars 2018","format":false,"excerpt":"\u00ab L'Histoire nous dit que la prochaine grosse \u00e9pid\u00e9mie sera quelque chose que nous n'avons jamais vue \u00bb : L'OMS met en garde contre une possible \u00ab maladie X \u00bb. La maladie X , qu\u00e8saco ? Il s'agirait d'une maladie qui pourrait causer un danger \u00e0 \u00e9chelle internationale. Mais cette\u2026","rel":"","context":"Dans &quot;Monde Futur&quot;","block_context":{"text":"Monde Futur","link":"https:\/\/www.laterredufutur.com\/accueil\/sujets\/monde-futur\/"},"img":{"alt_text":"","src":"https:\/\/i0.wp.com\/www.laterredufutur.com\/accueil\/wp-content\/uploads\/2018\/03\/virus-x.jpg?fit=454%2C200&ssl=1&resize=350%2C200","width":350,"height":200},"classes":[]},{"id":19497,"url":"https:\/\/www.laterredufutur.com\/accueil\/ebola-le-monde-en-etat-durgence-selon-loms\/","url_meta":{"origin":10885,"position":1},"title":"Ebola : Le monde en \u00e9tat d&rsquo;urgence selon l&rsquo;OMS","author":"Admin","date":"22 juillet 2019","format":false,"excerpt":"Avide et meurtrier, le virus Ebola est de retour en Afrique. \u00ab Ennemi public num\u00e9ro un \u00bb dans un pays qui en compte tant, la R\u00e9publique d\u00e9mocratique du Congo (RDC), l\u2019\u00e9pid\u00e9mie, d\u00e9clar\u00e9e en ao\u00fbt 2018 dans les provinces du Nord-Kivu et de l\u2019Ituri, est la dixi\u00e8me et la plus grave\u2026","rel":"","context":"Dans &quot;Monde Futur&quot;","block_context":{"text":"Monde Futur","link":"https:\/\/www.laterredufutur.com\/accueil\/sujets\/monde-futur\/"},"img":{"alt_text":"","src":"https:\/\/i0.wp.com\/www.laterredufutur.com\/accueil\/wp-content\/uploads\/2019\/07\/ebola-virus.jpg?fit=1024%2C578&ssl=1&resize=350%2C200","width":350,"height":200,"srcset":"https:\/\/i0.wp.com\/www.laterredufutur.com\/accueil\/wp-content\/uploads\/2019\/07\/ebola-virus.jpg?fit=1024%2C578&ssl=1&resize=350%2C200 1x, https:\/\/i0.wp.com\/www.laterredufutur.com\/accueil\/wp-content\/uploads\/2019\/07\/ebola-virus.jpg?fit=1024%2C578&ssl=1&resize=525%2C300 1.5x, https:\/\/i0.wp.com\/www.laterredufutur.com\/accueil\/wp-content\/uploads\/2019\/07\/ebola-virus.jpg?fit=1024%2C578&ssl=1&resize=700%2C400 2x"},"classes":[]},{"id":20483,"url":"https:\/\/www.laterredufutur.com\/accueil\/le-virus-2019-ncov-inquiete-loms\/","url_meta":{"origin":10885,"position":2},"title":"Le virus 2019-nCoV inqui\u00e8te l&rsquo;OMS","author":"Admin","date":"21 janvier 2020","format":false,"excerpt":"Des sp\u00e9cialistes de l'Organisation mondiale de la sant\u00e9 sont en mission \u00e0 Wuhan pour faire le point sur la situation li\u00e9e au nouveau coronavirus. Lors d'une r\u00e9union de presse \u00e0 Gen\u00e8ve, le porte-parole de l'OMS, Tarik Jasarevic, a fait le point sur les infections \u00e0 2019-nCoV en Chine, pr\u00e9cisant que\u2026","rel":"","context":"Dans &quot;Divers&quot;","block_context":{"text":"Divers","link":"https:\/\/www.laterredufutur.com\/accueil\/sujets\/divers\/"},"img":{"alt_text":"","src":"https:\/\/i0.wp.com\/www.laterredufutur.com\/accueil\/wp-content\/uploads\/2020\/01\/virus-1.jpg?fit=1170%2C731&ssl=1&resize=350%2C200","width":350,"height":200,"srcset":"https:\/\/i0.wp.com\/www.laterredufutur.com\/accueil\/wp-content\/uploads\/2020\/01\/virus-1.jpg?fit=1170%2C731&ssl=1&resize=350%2C200 1x, https:\/\/i0.wp.com\/www.laterredufutur.com\/accueil\/wp-content\/uploads\/2020\/01\/virus-1.jpg?fit=1170%2C731&ssl=1&resize=525%2C300 1.5x, https:\/\/i0.wp.com\/www.laterredufutur.com\/accueil\/wp-content\/uploads\/2020\/01\/virus-1.jpg?fit=1170%2C731&ssl=1&resize=700%2C400 2x, https:\/\/i0.wp.com\/www.laterredufutur.com\/accueil\/wp-content\/uploads\/2020\/01\/virus-1.jpg?fit=1170%2C731&ssl=1&resize=1050%2C600 3x"},"classes":[]},{"id":23607,"url":"https:\/\/www.laterredufutur.com\/accueil\/les-futures-epidemies-que-nous-vivrons-dans-notre-monde\/","url_meta":{"origin":10885,"position":3},"title":"Les futures \u00e9pid\u00e9mies que nous vivrons dans notre monde","author":"Admin","date":"2 janvier 2022","format":false,"excerpt":"L'\u00e9mergence de nouvelles \u00e9pid\u00e9mies est in\u00e9vitable, voici pourquoi. De nombreux indices portent \u00e0 croire que la fr\u00e9quence des \u00e9mergences de nouveaux agents infectieux pourrait augmenter dans les d\u00e9cennies \u00e0 venir, faisant craindre une crise \u00e9pid\u00e9miologique mondiale imminente. En effet, les activit\u00e9s humaines entra\u00eenent de profondes modifications de l\u2019utilisation des terres\u2026","rel":"","context":"Dans &quot;Monde Futur&quot;","block_context":{"text":"Monde Futur","link":"https:\/\/www.laterredufutur.com\/accueil\/sujets\/monde-futur\/"},"img":{"alt_text":"","src":"https:\/\/i0.wp.com\/www.laterredufutur.com\/accueil\/wp-content\/uploads\/2020\/04\/coronavirus.jpg?fit=1024%2C415&ssl=1&resize=350%2C200","width":350,"height":200,"srcset":"https:\/\/i0.wp.com\/www.laterredufutur.com\/accueil\/wp-content\/uploads\/2020\/04\/coronavirus.jpg?fit=1024%2C415&ssl=1&resize=350%2C200 1x, https:\/\/i0.wp.com\/www.laterredufutur.com\/accueil\/wp-content\/uploads\/2020\/04\/coronavirus.jpg?fit=1024%2C415&ssl=1&resize=525%2C300 1.5x, https:\/\/i0.wp.com\/www.laterredufutur.com\/accueil\/wp-content\/uploads\/2020\/04\/coronavirus.jpg?fit=1024%2C415&ssl=1&resize=700%2C400 2x"},"classes":[]},{"id":16317,"url":"https:\/\/www.laterredufutur.com\/accueil\/loms-nous-avertit-que-nous-sommes-officiellement-sur-la-voie-dune-pandemie-mondiale\/","url_meta":{"origin":10885,"position":4},"title":"L&rsquo;OMS nous avertit que nous sommes officiellement sur la voie d&rsquo;une pand\u00e9mie mondiale","author":"Admin","date":"25 f\u00e9vrier 2018","format":false,"excerpt":"\u00c0 tout moment, une pand\u00e9mie mondiale potentiellement mortelle pourrait \u00e9clater et an\u00e9antir une grande partie de l\u2019humanit\u00e9. C\u2019est en tout cas ce que veut faire savoir l\u2019OMS, qui parle de 100 millions de morts. L\u2019information nous vient de Tedros Adhanom, directeur g\u00e9n\u00e9ral de l\u2019Organisation mondiale de la Sant\u00e9. Selon Tedros,\u2026","rel":"","context":"Dans &quot;Divers&quot;","block_context":{"text":"Divers","link":"https:\/\/www.laterredufutur.com\/accueil\/sujets\/divers\/"},"img":{"alt_text":"","src":"https:\/\/i0.wp.com\/www.laterredufutur.com\/accueil\/wp-content\/uploads\/2018\/02\/danger-virus-pandemie.jpg?fit=1024%2C415&ssl=1&resize=350%2C200","width":350,"height":200,"srcset":"https:\/\/i0.wp.com\/www.laterredufutur.com\/accueil\/wp-content\/uploads\/2018\/02\/danger-virus-pandemie.jpg?fit=1024%2C415&ssl=1&resize=350%2C200 1x, https:\/\/i0.wp.com\/www.laterredufutur.com\/accueil\/wp-content\/uploads\/2018\/02\/danger-virus-pandemie.jpg?fit=1024%2C415&ssl=1&resize=525%2C300 1.5x, https:\/\/i0.wp.com\/www.laterredufutur.com\/accueil\/wp-content\/uploads\/2018\/02\/danger-virus-pandemie.jpg?fit=1024%2C415&ssl=1&resize=700%2C400 2x"},"classes":[]},{"id":4853,"url":"https:\/\/www.laterredufutur.com\/accueil\/alerte-mondiale-contre-un-nouveau-virus-grippal-h1n1\/","url_meta":{"origin":10885,"position":5},"title":"Alerte mondiale contre un nouveau virus grippal H1N1","author":"Admin","date":"29 avril 2009","format":false,"excerpt":"\u00abCela sent mauvais\u00bb, l\u00e2che, \u00e0 propos de la grippe Mexicaine (porcine) apparue au Mexique, le Pr Jean-Philippe Derenne, pneumologue et coauteur de Pand\u00e9mie, la grande menace (Fayard). \u00abCe virus a clairement un potentiel pand\u00e9mique. La situation est s\u00e9rieuse et impr\u00e9visible\u00bb, a pr\u00e9cis\u00e9 ce week-end la directrice g\u00e9n\u00e9rale de l\u2019Organisation mondiale\u2026","rel":"","context":"Dans &quot;Divers&quot;","block_context":{"text":"Divers","link":"https:\/\/www.laterredufutur.com\/accueil\/sujets\/divers\/"},"img":{"alt_text":"","src":"https:\/\/i0.wp.com\/www.laterredufutur.com\/accueil\/wp-content\/uploads\/2015\/04\/h1n1-mexico.jpg?fit=493%2C271&ssl=1&resize=350%2C200","width":350,"height":200},"classes":[]}],"jetpack_sharing_enabled":true,"_links":{"self":[{"href":"https:\/\/www.laterredufutur.com\/accueil\/wp-json\/wp\/v2\/posts\/10885","targetHints":{"allow":["GET"]}}],"collection":[{"href":"https:\/\/www.laterredufutur.com\/accueil\/wp-json\/wp\/v2\/posts"}],"about":[{"href":"https:\/\/www.laterredufutur.com\/accueil\/wp-json\/wp\/v2\/types\/post"}],"author":[{"embeddable":true,"href":"https:\/\/www.laterredufutur.com\/accueil\/wp-json\/wp\/v2\/users\/1"}],"replies":[{"embeddable":true,"href":"https:\/\/www.laterredufutur.com\/accueil\/wp-json\/wp\/v2\/comments?post=10885"}],"version-history":[{"count":1,"href":"https:\/\/www.laterredufutur.com\/accueil\/wp-json\/wp\/v2\/posts\/10885\/revisions"}],"predecessor-version":[{"id":10890,"href":"https:\/\/www.laterredufutur.com\/accueil\/wp-json\/wp\/v2\/posts\/10885\/revisions\/10890"}],"wp:featuredmedia":[{"embeddable":true,"href":"https:\/\/www.laterredufutur.com\/accueil\/wp-json\/wp\/v2\/media\/10888"}],"wp:attachment":[{"href":"https:\/\/www.laterredufutur.com\/accueil\/wp-json\/wp\/v2\/media?parent=10885"}],"wp:term":[{"taxonomy":"category","embeddable":true,"href":"https:\/\/www.laterredufutur.com\/accueil\/wp-json\/wp\/v2\/categories?post=10885"},{"taxonomy":"post_tag","embeddable":true,"href":"https:\/\/www.laterredufutur.com\/accueil\/wp-json\/wp\/v2\/tags?post=10885"}],"curies":[{"name":"wp","href":"https:\/\/api.w.org\/{rel}","templated":true}]}}