{"id":10470,"date":"2016-01-21T00:00:15","date_gmt":"2016-01-20T23:00:15","guid":{"rendered":"http:\/\/www.laterredufutur.com\/accueil\/?p=10470"},"modified":"2016-01-12T21:10:33","modified_gmt":"2016-01-12T20:10:33","slug":"la-nasa-devoile-de-superbes-photos-de-la-terre-vue-de-lespace","status":"publish","type":"post","link":"https:\/\/www.laterredufutur.com\/accueil\/la-nasa-devoile-de-superbes-photos-de-la-terre-vue-de-lespace\/","title":{"rendered":"La NASA d\u00e9voile de superbes photos de la Terre vue de l\u2019Espace"},"content":{"rendered":"<div class=\"1665f18d14f35dd9e7566e1a8ac9a3e9\" data-index=\"1\" style=\"float: none; margin:10px 0 10px 0; text-align:center;\">\n<script async src=\"https:\/\/pagead2.googlesyndication.com\/pagead\/js\/adsbygoogle.js\"><\/script>\r\n<ins class=\"adsbygoogle\"\r\n     style=\"display:block; text-align:center;\"\r\n     data-ad-layout=\"in-article\"\r\n     data-ad-format=\"fluid\"\r\n     data-ad-client=\"ca-pub-2860849627502538\"\r\n     data-ad-slot=\"3019501113\"><\/ins>\r\n<script>\r\n     (adsbygoogle = window.adsbygoogle || []).push({});\r\n<\/script>\n<\/div>\n<p>Voici de superbes photos fournies par la NASA qui ont \u00e9t\u00e9 prises courant 2015. Notre plan\u00e8te bleue ressort comme jamais. Entre les villes, les continents, notre plan\u00e8te Terre est merveilleuse. Ici on voit l&rsquo;impact humain sur toute la plan\u00e8te.<\/p>\n<p>On y d\u00e9couvre diff\u00e9rentes villes, diff\u00e9rents continents, diff\u00e9rents reliefs et on y d\u00e9couvre \u00e9galement la vie \u00e0 travers les lumi\u00e8res que l\u2019on produit \u00e0 la surface.\u00a0Anton Balazh a ensuite fait un superbe travail de post-prod afin d\u2019am\u00e9liorer le relief, les couleurs, la lumi\u00e8re.<\/p>\n<p><img data-recalc-dims=\"1\" loading=\"lazy\" decoding=\"async\" data-attachment-id=\"10471\" data-permalink=\"https:\/\/www.laterredufutur.com\/accueil\/la-nasa-devoile-de-superbes-photos-de-la-terre-vue-de-lespace\/terre-espace-nuit-nasa\/\" data-orig-file=\"https:\/\/i0.wp.com\/www.laterredufutur.com\/accueil\/wp-content\/uploads\/2016\/01\/Terre-espace-nuit-nasa.jpg?fit=750%2C750&amp;ssl=1\" data-orig-size=\"750,750\" data-comments-opened=\"1\" data-image-meta=\"{&quot;aperture&quot;:&quot;0&quot;,&quot;credit&quot;:&quot;&quot;,&quot;camera&quot;:&quot;&quot;,&quot;caption&quot;:&quot;&quot;,&quot;created_timestamp&quot;:&quot;0&quot;,&quot;copyright&quot;:&quot;&quot;,&quot;focal_length&quot;:&quot;0&quot;,&quot;iso&quot;:&quot;0&quot;,&quot;shutter_speed&quot;:&quot;0&quot;,&quot;title&quot;:&quot;&quot;,&quot;orientation&quot;:&quot;0&quot;}\" data-image-title=\"Terre-espace-nuit-nasa\" data-image-description=\"\" data-image-caption=\"\" data-large-file=\"https:\/\/i0.wp.com\/www.laterredufutur.com\/accueil\/wp-content\/uploads\/2016\/01\/Terre-espace-nuit-nasa.jpg?fit=750%2C750&amp;ssl=1\" class=\"alignnone size-full wp-image-10471\" src=\"https:\/\/i0.wp.com\/www.laterredufutur.com\/accueil\/wp-content\/uploads\/2016\/01\/Terre-espace-nuit-nasa.jpg?resize=750%2C750\" alt=\"Terre-espace-nuit-nasa\" width=\"750\" height=\"750\" srcset=\"https:\/\/i0.wp.com\/www.laterredufutur.com\/accueil\/wp-content\/uploads\/2016\/01\/Terre-espace-nuit-nasa.jpg?w=750&amp;ssl=1 750w, https:\/\/i0.wp.com\/www.laterredufutur.com\/accueil\/wp-content\/uploads\/2016\/01\/Terre-espace-nuit-nasa.jpg?resize=300%2C300&amp;ssl=1 300w\" sizes=\"auto, (max-width: 750px) 100vw, 750px\" \/><\/p>\n<p><img data-recalc-dims=\"1\" loading=\"lazy\" decoding=\"async\" data-attachment-id=\"10472\" data-permalink=\"https:\/\/www.laterredufutur.com\/accueil\/la-nasa-devoile-de-superbes-photos-de-la-terre-vue-de-lespace\/terre-espace-nuit-nasa-2\/\" data-orig-file=\"https:\/\/i0.wp.com\/www.laterredufutur.com\/accueil\/wp-content\/uploads\/2016\/01\/Terre-espace-nuit-nasa-1.jpg?fit=750%2C750&amp;ssl=1\" data-orig-size=\"750,750\" data-comments-opened=\"1\" data-image-meta=\"{&quot;aperture&quot;:&quot;0&quot;,&quot;credit&quot;:&quot;&quot;,&quot;camera&quot;:&quot;&quot;,&quot;caption&quot;:&quot;&quot;,&quot;created_timestamp&quot;:&quot;0&quot;,&quot;copyright&quot;:&quot;&quot;,&quot;focal_length&quot;:&quot;0&quot;,&quot;iso&quot;:&quot;0&quot;,&quot;shutter_speed&quot;:&quot;0&quot;,&quot;title&quot;:&quot;&quot;,&quot;orientation&quot;:&quot;0&quot;}\" data-image-title=\"Terre-espace-nuit-nasa\" data-image-description=\"\" data-image-caption=\"\" data-large-file=\"https:\/\/i0.wp.com\/www.laterredufutur.com\/accueil\/wp-content\/uploads\/2016\/01\/Terre-espace-nuit-nasa-1.jpg?fit=750%2C750&amp;ssl=1\" class=\"alignnone size-full wp-image-10472\" src=\"https:\/\/i0.wp.com\/www.laterredufutur.com\/accueil\/wp-content\/uploads\/2016\/01\/Terre-espace-nuit-nasa-1.jpg?resize=750%2C750\" alt=\"Terre-espace-nuit-nasa\" width=\"750\" height=\"750\" srcset=\"https:\/\/i0.wp.com\/www.laterredufutur.com\/accueil\/wp-content\/uploads\/2016\/01\/Terre-espace-nuit-nasa-1.jpg?w=750&amp;ssl=1 750w, https:\/\/i0.wp.com\/www.laterredufutur.com\/accueil\/wp-content\/uploads\/2016\/01\/Terre-espace-nuit-nasa-1.jpg?resize=300%2C300&amp;ssl=1 300w\" sizes=\"auto, (max-width: 750px) 100vw, 750px\" \/><\/p>\n<p><img data-recalc-dims=\"1\" loading=\"lazy\" decoding=\"async\" data-attachment-id=\"10473\" data-permalink=\"https:\/\/www.laterredufutur.com\/accueil\/la-nasa-devoile-de-superbes-photos-de-la-terre-vue-de-lespace\/terre-espace-nuit-nasa-3\/\" data-orig-file=\"https:\/\/i0.wp.com\/www.laterredufutur.com\/accueil\/wp-content\/uploads\/2016\/01\/Terre-espace-nuit-nasa-2.jpg?fit=750%2C750&amp;ssl=1\" data-orig-size=\"750,750\" data-comments-opened=\"1\" data-image-meta=\"{&quot;aperture&quot;:&quot;0&quot;,&quot;credit&quot;:&quot;&quot;,&quot;camera&quot;:&quot;&quot;,&quot;caption&quot;:&quot;&quot;,&quot;created_timestamp&quot;:&quot;0&quot;,&quot;copyright&quot;:&quot;&quot;,&quot;focal_length&quot;:&quot;0&quot;,&quot;iso&quot;:&quot;0&quot;,&quot;shutter_speed&quot;:&quot;0&quot;,&quot;title&quot;:&quot;&quot;,&quot;orientation&quot;:&quot;0&quot;}\" data-image-title=\"Terre-espace-nuit-nasa\" data-image-description=\"\" data-image-caption=\"\" data-large-file=\"https:\/\/i0.wp.com\/www.laterredufutur.com\/accueil\/wp-content\/uploads\/2016\/01\/Terre-espace-nuit-nasa-2.jpg?fit=750%2C750&amp;ssl=1\" class=\"alignnone size-full wp-image-10473\" src=\"https:\/\/i0.wp.com\/www.laterredufutur.com\/accueil\/wp-content\/uploads\/2016\/01\/Terre-espace-nuit-nasa-2.jpg?resize=750%2C750\" alt=\"Terre-espace-nuit-nasa\" width=\"750\" height=\"750\" srcset=\"https:\/\/i0.wp.com\/www.laterredufutur.com\/accueil\/wp-content\/uploads\/2016\/01\/Terre-espace-nuit-nasa-2.jpg?w=750&amp;ssl=1 750w, https:\/\/i0.wp.com\/www.laterredufutur.com\/accueil\/wp-content\/uploads\/2016\/01\/Terre-espace-nuit-nasa-2.jpg?resize=300%2C300&amp;ssl=1 300w\" sizes=\"auto, (max-width: 750px) 100vw, 750px\" \/><\/p>\n<p><img data-recalc-dims=\"1\" loading=\"lazy\" decoding=\"async\" data-attachment-id=\"10474\" data-permalink=\"https:\/\/www.laterredufutur.com\/accueil\/la-nasa-devoile-de-superbes-photos-de-la-terre-vue-de-lespace\/terre-espace-nuit-nasa-4\/\" data-orig-file=\"https:\/\/i0.wp.com\/www.laterredufutur.com\/accueil\/wp-content\/uploads\/2016\/01\/Terre-espace-nuit-nasa-3.jpg?fit=750%2C750&amp;ssl=1\" data-orig-size=\"750,750\" data-comments-opened=\"1\" data-image-meta=\"{&quot;aperture&quot;:&quot;0&quot;,&quot;credit&quot;:&quot;&quot;,&quot;camera&quot;:&quot;&quot;,&quot;caption&quot;:&quot;&quot;,&quot;created_timestamp&quot;:&quot;0&quot;,&quot;copyright&quot;:&quot;&quot;,&quot;focal_length&quot;:&quot;0&quot;,&quot;iso&quot;:&quot;0&quot;,&quot;shutter_speed&quot;:&quot;0&quot;,&quot;title&quot;:&quot;&quot;,&quot;orientation&quot;:&quot;0&quot;}\" data-image-title=\"Terre-espace-nuit-nasa\" data-image-description=\"\" data-image-caption=\"\" data-large-file=\"https:\/\/i0.wp.com\/www.laterredufutur.com\/accueil\/wp-content\/uploads\/2016\/01\/Terre-espace-nuit-nasa-3.jpg?fit=750%2C750&amp;ssl=1\" class=\"alignnone size-full wp-image-10474\" src=\"https:\/\/i0.wp.com\/www.laterredufutur.com\/accueil\/wp-content\/uploads\/2016\/01\/Terre-espace-nuit-nasa-3.jpg?resize=750%2C750\" alt=\"Terre-espace-nuit-nasa\" width=\"750\" height=\"750\" srcset=\"https:\/\/i0.wp.com\/www.laterredufutur.com\/accueil\/wp-content\/uploads\/2016\/01\/Terre-espace-nuit-nasa-3.jpg?w=750&amp;ssl=1 750w, https:\/\/i0.wp.com\/www.laterredufutur.com\/accueil\/wp-content\/uploads\/2016\/01\/Terre-espace-nuit-nasa-3.jpg?resize=300%2C300&amp;ssl=1 300w\" sizes=\"auto, (max-width: 750px) 100vw, 750px\" \/><\/p>\n<p><img data-recalc-dims=\"1\" loading=\"lazy\" decoding=\"async\" data-attachment-id=\"10475\" data-permalink=\"https:\/\/www.laterredufutur.com\/accueil\/la-nasa-devoile-de-superbes-photos-de-la-terre-vue-de-lespace\/terre-espace-nuit-nasa-5\/\" data-orig-file=\"https:\/\/i0.wp.com\/www.laterredufutur.com\/accueil\/wp-content\/uploads\/2016\/01\/Terre-espace-nuit-nasa-4.jpg?fit=750%2C750&amp;ssl=1\" data-orig-size=\"750,750\" data-comments-opened=\"1\" data-image-meta=\"{&quot;aperture&quot;:&quot;0&quot;,&quot;credit&quot;:&quot;&quot;,&quot;camera&quot;:&quot;&quot;,&quot;caption&quot;:&quot;&quot;,&quot;created_timestamp&quot;:&quot;0&quot;,&quot;copyright&quot;:&quot;&quot;,&quot;focal_length&quot;:&quot;0&quot;,&quot;iso&quot;:&quot;0&quot;,&quot;shutter_speed&quot;:&quot;0&quot;,&quot;title&quot;:&quot;&quot;,&quot;orientation&quot;:&quot;0&quot;}\" data-image-title=\"Terre-espace-nuit-nasa\" data-image-description=\"\" data-image-caption=\"\" data-large-file=\"https:\/\/i0.wp.com\/www.laterredufutur.com\/accueil\/wp-content\/uploads\/2016\/01\/Terre-espace-nuit-nasa-4.jpg?fit=750%2C750&amp;ssl=1\" class=\"alignnone size-full wp-image-10475\" src=\"https:\/\/i0.wp.com\/www.laterredufutur.com\/accueil\/wp-content\/uploads\/2016\/01\/Terre-espace-nuit-nasa-4.jpg?resize=750%2C750\" alt=\"Terre-espace-nuit-nasa\" width=\"750\" height=\"750\" srcset=\"https:\/\/i0.wp.com\/www.laterredufutur.com\/accueil\/wp-content\/uploads\/2016\/01\/Terre-espace-nuit-nasa-4.jpg?w=750&amp;ssl=1 750w, https:\/\/i0.wp.com\/www.laterredufutur.com\/accueil\/wp-content\/uploads\/2016\/01\/Terre-espace-nuit-nasa-4.jpg?resize=300%2C300&amp;ssl=1 300w\" sizes=\"auto, (max-width: 750px) 100vw, 750px\" \/><\/p>\n<p><img data-recalc-dims=\"1\" loading=\"lazy\" decoding=\"async\" data-attachment-id=\"10476\" data-permalink=\"https:\/\/www.laterredufutur.com\/accueil\/la-nasa-devoile-de-superbes-photos-de-la-terre-vue-de-lespace\/terre-espace-nuit-nasa-6\/\" data-orig-file=\"https:\/\/i0.wp.com\/www.laterredufutur.com\/accueil\/wp-content\/uploads\/2016\/01\/Terre-espace-nuit-nasa-5.jpg?fit=750%2C750&amp;ssl=1\" data-orig-size=\"750,750\" data-comments-opened=\"1\" data-image-meta=\"{&quot;aperture&quot;:&quot;0&quot;,&quot;credit&quot;:&quot;&quot;,&quot;camera&quot;:&quot;&quot;,&quot;caption&quot;:&quot;&quot;,&quot;created_timestamp&quot;:&quot;0&quot;,&quot;copyright&quot;:&quot;&quot;,&quot;focal_length&quot;:&quot;0&quot;,&quot;iso&quot;:&quot;0&quot;,&quot;shutter_speed&quot;:&quot;0&quot;,&quot;title&quot;:&quot;&quot;,&quot;orientation&quot;:&quot;0&quot;}\" data-image-title=\"Terre-espace-nuit-nasa\" data-image-description=\"\" data-image-caption=\"\" data-large-file=\"https:\/\/i0.wp.com\/www.laterredufutur.com\/accueil\/wp-content\/uploads\/2016\/01\/Terre-espace-nuit-nasa-5.jpg?fit=750%2C750&amp;ssl=1\" class=\"alignnone size-full wp-image-10476\" src=\"https:\/\/i0.wp.com\/www.laterredufutur.com\/accueil\/wp-content\/uploads\/2016\/01\/Terre-espace-nuit-nasa-5.jpg?resize=750%2C750\" alt=\"Terre-espace-nuit-nasa\" width=\"750\" height=\"750\" srcset=\"https:\/\/i0.wp.com\/www.laterredufutur.com\/accueil\/wp-content\/uploads\/2016\/01\/Terre-espace-nuit-nasa-5.jpg?w=750&amp;ssl=1 750w, https:\/\/i0.wp.com\/www.laterredufutur.com\/accueil\/wp-content\/uploads\/2016\/01\/Terre-espace-nuit-nasa-5.jpg?resize=300%2C300&amp;ssl=1 300w\" sizes=\"auto, (max-width: 750px) 100vw, 750px\" \/><\/p>\n<p><img data-recalc-dims=\"1\" loading=\"lazy\" decoding=\"async\" data-attachment-id=\"10477\" data-permalink=\"https:\/\/www.laterredufutur.com\/accueil\/la-nasa-devoile-de-superbes-photos-de-la-terre-vue-de-lespace\/terre-espace-nuit-nasa-7\/\" data-orig-file=\"https:\/\/i0.wp.com\/www.laterredufutur.com\/accueil\/wp-content\/uploads\/2016\/01\/Terre-espace-nuit-nasa-6.jpg?fit=750%2C750&amp;ssl=1\" data-orig-size=\"750,750\" data-comments-opened=\"1\" data-image-meta=\"{&quot;aperture&quot;:&quot;0&quot;,&quot;credit&quot;:&quot;&quot;,&quot;camera&quot;:&quot;&quot;,&quot;caption&quot;:&quot;&quot;,&quot;created_timestamp&quot;:&quot;0&quot;,&quot;copyright&quot;:&quot;&quot;,&quot;focal_length&quot;:&quot;0&quot;,&quot;iso&quot;:&quot;0&quot;,&quot;shutter_speed&quot;:&quot;0&quot;,&quot;title&quot;:&quot;&quot;,&quot;orientation&quot;:&quot;0&quot;}\" data-image-title=\"Terre-espace-nuit-nasa\" data-image-description=\"\" data-image-caption=\"\" data-large-file=\"https:\/\/i0.wp.com\/www.laterredufutur.com\/accueil\/wp-content\/uploads\/2016\/01\/Terre-espace-nuit-nasa-6.jpg?fit=750%2C750&amp;ssl=1\" class=\"alignnone size-full wp-image-10477\" src=\"https:\/\/i0.wp.com\/www.laterredufutur.com\/accueil\/wp-content\/uploads\/2016\/01\/Terre-espace-nuit-nasa-6.jpg?resize=750%2C750\" alt=\"Terre-espace-nuit-nasa\" width=\"750\" height=\"750\" srcset=\"https:\/\/i0.wp.com\/www.laterredufutur.com\/accueil\/wp-content\/uploads\/2016\/01\/Terre-espace-nuit-nasa-6.jpg?w=750&amp;ssl=1 750w, https:\/\/i0.wp.com\/www.laterredufutur.com\/accueil\/wp-content\/uploads\/2016\/01\/Terre-espace-nuit-nasa-6.jpg?resize=300%2C300&amp;ssl=1 300w\" sizes=\"auto, (max-width: 750px) 100vw, 750px\" \/><\/p><div class=\"1665f18d14f35dd9e7566e1a8ac9a3e9\" data-index=\"2\" style=\"float: none; margin:10px 0 10px 0; text-align:center;\">\n<script async src=\"https:\/\/pagead2.googlesyndication.com\/pagead\/js\/adsbygoogle.js\"><\/script>\r\n<ins class=\"adsbygoogle\"\r\n     style=\"display:block; text-align:center;\"\r\n     data-ad-layout=\"in-article\"\r\n     data-ad-format=\"fluid\"\r\n     data-ad-client=\"ca-pub-2860849627502538\"\r\n     data-ad-slot=\"3019501113\"><\/ins>\r\n<script>\r\n     (adsbygoogle = window.adsbygoogle || []).push({});\r\n<\/script>\n<\/div>\n\n<p><img data-recalc-dims=\"1\" loading=\"lazy\" decoding=\"async\" data-attachment-id=\"10478\" data-permalink=\"https:\/\/www.laterredufutur.com\/accueil\/la-nasa-devoile-de-superbes-photos-de-la-terre-vue-de-lespace\/terre-espace-nuit-nasa-8\/\" data-orig-file=\"https:\/\/i0.wp.com\/www.laterredufutur.com\/accueil\/wp-content\/uploads\/2016\/01\/Terre-espace-nuit-nasa-7.jpg?fit=750%2C750&amp;ssl=1\" data-orig-size=\"750,750\" data-comments-opened=\"1\" data-image-meta=\"{&quot;aperture&quot;:&quot;0&quot;,&quot;credit&quot;:&quot;&quot;,&quot;camera&quot;:&quot;&quot;,&quot;caption&quot;:&quot;&quot;,&quot;created_timestamp&quot;:&quot;0&quot;,&quot;copyright&quot;:&quot;&quot;,&quot;focal_length&quot;:&quot;0&quot;,&quot;iso&quot;:&quot;0&quot;,&quot;shutter_speed&quot;:&quot;0&quot;,&quot;title&quot;:&quot;&quot;,&quot;orientation&quot;:&quot;0&quot;}\" data-image-title=\"Terre-espace-nuit-nasa\" data-image-description=\"\" data-image-caption=\"\" data-large-file=\"https:\/\/i0.wp.com\/www.laterredufutur.com\/accueil\/wp-content\/uploads\/2016\/01\/Terre-espace-nuit-nasa-7.jpg?fit=750%2C750&amp;ssl=1\" class=\"alignnone size-full wp-image-10478\" src=\"https:\/\/i0.wp.com\/www.laterredufutur.com\/accueil\/wp-content\/uploads\/2016\/01\/Terre-espace-nuit-nasa-7.jpg?resize=750%2C750\" alt=\"Terre-espace-nuit-nasa\" width=\"750\" height=\"750\" srcset=\"https:\/\/i0.wp.com\/www.laterredufutur.com\/accueil\/wp-content\/uploads\/2016\/01\/Terre-espace-nuit-nasa-7.jpg?w=750&amp;ssl=1 750w, https:\/\/i0.wp.com\/www.laterredufutur.com\/accueil\/wp-content\/uploads\/2016\/01\/Terre-espace-nuit-nasa-7.jpg?resize=300%2C300&amp;ssl=1 300w\" sizes=\"auto, (max-width: 750px) 100vw, 750px\" \/><\/p>\n<p><img data-recalc-dims=\"1\" loading=\"lazy\" decoding=\"async\" data-attachment-id=\"10479\" data-permalink=\"https:\/\/www.laterredufutur.com\/accueil\/la-nasa-devoile-de-superbes-photos-de-la-terre-vue-de-lespace\/terre-espace-nuit-nasa-9\/\" data-orig-file=\"https:\/\/i0.wp.com\/www.laterredufutur.com\/accueil\/wp-content\/uploads\/2016\/01\/Terre-espace-nuit-nasa-8.jpg?fit=750%2C750&amp;ssl=1\" data-orig-size=\"750,750\" data-comments-opened=\"1\" data-image-meta=\"{&quot;aperture&quot;:&quot;0&quot;,&quot;credit&quot;:&quot;&quot;,&quot;camera&quot;:&quot;&quot;,&quot;caption&quot;:&quot;&quot;,&quot;created_timestamp&quot;:&quot;0&quot;,&quot;copyright&quot;:&quot;&quot;,&quot;focal_length&quot;:&quot;0&quot;,&quot;iso&quot;:&quot;0&quot;,&quot;shutter_speed&quot;:&quot;0&quot;,&quot;title&quot;:&quot;&quot;,&quot;orientation&quot;:&quot;0&quot;}\" data-image-title=\"Terre-espace-nuit-nasa\" data-image-description=\"\" data-image-caption=\"\" data-large-file=\"https:\/\/i0.wp.com\/www.laterredufutur.com\/accueil\/wp-content\/uploads\/2016\/01\/Terre-espace-nuit-nasa-8.jpg?fit=750%2C750&amp;ssl=1\" class=\"alignnone size-full wp-image-10479\" src=\"https:\/\/i0.wp.com\/www.laterredufutur.com\/accueil\/wp-content\/uploads\/2016\/01\/Terre-espace-nuit-nasa-8.jpg?resize=750%2C750\" alt=\"Terre-espace-nuit-nasa\" width=\"750\" height=\"750\" srcset=\"https:\/\/i0.wp.com\/www.laterredufutur.com\/accueil\/wp-content\/uploads\/2016\/01\/Terre-espace-nuit-nasa-8.jpg?w=750&amp;ssl=1 750w, https:\/\/i0.wp.com\/www.laterredufutur.com\/accueil\/wp-content\/uploads\/2016\/01\/Terre-espace-nuit-nasa-8.jpg?resize=300%2C300&amp;ssl=1 300w\" sizes=\"auto, (max-width: 750px) 100vw, 750px\" \/><\/p>\n<p><img data-recalc-dims=\"1\" loading=\"lazy\" decoding=\"async\" data-attachment-id=\"10480\" data-permalink=\"https:\/\/www.laterredufutur.com\/accueil\/la-nasa-devoile-de-superbes-photos-de-la-terre-vue-de-lespace\/terre-espace-nuit-nasa-10\/\" data-orig-file=\"https:\/\/i0.wp.com\/www.laterredufutur.com\/accueil\/wp-content\/uploads\/2016\/01\/Terre-espace-nuit-nasa-9.jpg?fit=750%2C750&amp;ssl=1\" data-orig-size=\"750,750\" data-comments-opened=\"1\" data-image-meta=\"{&quot;aperture&quot;:&quot;0&quot;,&quot;credit&quot;:&quot;&quot;,&quot;camera&quot;:&quot;&quot;,&quot;caption&quot;:&quot;&quot;,&quot;created_timestamp&quot;:&quot;0&quot;,&quot;copyright&quot;:&quot;&quot;,&quot;focal_length&quot;:&quot;0&quot;,&quot;iso&quot;:&quot;0&quot;,&quot;shutter_speed&quot;:&quot;0&quot;,&quot;title&quot;:&quot;&quot;,&quot;orientation&quot;:&quot;0&quot;}\" data-image-title=\"Terre-espace-nuit-nasa\" data-image-description=\"\" data-image-caption=\"\" data-large-file=\"https:\/\/i0.wp.com\/www.laterredufutur.com\/accueil\/wp-content\/uploads\/2016\/01\/Terre-espace-nuit-nasa-9.jpg?fit=750%2C750&amp;ssl=1\" class=\"alignnone size-full wp-image-10480\" src=\"https:\/\/i0.wp.com\/www.laterredufutur.com\/accueil\/wp-content\/uploads\/2016\/01\/Terre-espace-nuit-nasa-9.jpg?resize=750%2C750\" alt=\"Terre-espace-nuit-nasa\" width=\"750\" height=\"750\" srcset=\"https:\/\/i0.wp.com\/www.laterredufutur.com\/accueil\/wp-content\/uploads\/2016\/01\/Terre-espace-nuit-nasa-9.jpg?w=750&amp;ssl=1 750w, https:\/\/i0.wp.com\/www.laterredufutur.com\/accueil\/wp-content\/uploads\/2016\/01\/Terre-espace-nuit-nasa-9.jpg?resize=300%2C300&amp;ssl=1 300w\" sizes=\"auto, (max-width: 750px) 100vw, 750px\" \/><\/p>\n<p><img data-recalc-dims=\"1\" loading=\"lazy\" decoding=\"async\" data-attachment-id=\"10481\" data-permalink=\"https:\/\/www.laterredufutur.com\/accueil\/la-nasa-devoile-de-superbes-photos-de-la-terre-vue-de-lespace\/terre-espace-nuit-nasa-11\/\" data-orig-file=\"https:\/\/i0.wp.com\/www.laterredufutur.com\/accueil\/wp-content\/uploads\/2016\/01\/Terre-espace-nuit-nasa-10.jpg?fit=750%2C750&amp;ssl=1\" data-orig-size=\"750,750\" data-comments-opened=\"1\" data-image-meta=\"{&quot;aperture&quot;:&quot;0&quot;,&quot;credit&quot;:&quot;&quot;,&quot;camera&quot;:&quot;&quot;,&quot;caption&quot;:&quot;&quot;,&quot;created_timestamp&quot;:&quot;0&quot;,&quot;copyright&quot;:&quot;&quot;,&quot;focal_length&quot;:&quot;0&quot;,&quot;iso&quot;:&quot;0&quot;,&quot;shutter_speed&quot;:&quot;0&quot;,&quot;title&quot;:&quot;&quot;,&quot;orientation&quot;:&quot;0&quot;}\" data-image-title=\"Terre-espace-nuit-nasa\" data-image-description=\"\" data-image-caption=\"\" data-large-file=\"https:\/\/i0.wp.com\/www.laterredufutur.com\/accueil\/wp-content\/uploads\/2016\/01\/Terre-espace-nuit-nasa-10.jpg?fit=750%2C750&amp;ssl=1\" class=\"alignnone size-full wp-image-10481\" src=\"https:\/\/i0.wp.com\/www.laterredufutur.com\/accueil\/wp-content\/uploads\/2016\/01\/Terre-espace-nuit-nasa-10.jpg?resize=750%2C750\" alt=\"Terre-espace-nuit-nasa\" width=\"750\" height=\"750\" srcset=\"https:\/\/i0.wp.com\/www.laterredufutur.com\/accueil\/wp-content\/uploads\/2016\/01\/Terre-espace-nuit-nasa-10.jpg?w=750&amp;ssl=1 750w, https:\/\/i0.wp.com\/www.laterredufutur.com\/accueil\/wp-content\/uploads\/2016\/01\/Terre-espace-nuit-nasa-10.jpg?resize=300%2C300&amp;ssl=1 300w\" sizes=\"auto, (max-width: 750px) 100vw, 750px\" \/><\/p>\n<p><img data-recalc-dims=\"1\" loading=\"lazy\" decoding=\"async\" data-attachment-id=\"10482\" data-permalink=\"https:\/\/www.laterredufutur.com\/accueil\/la-nasa-devoile-de-superbes-photos-de-la-terre-vue-de-lespace\/terre-espace-nuit-nasa-12\/\" data-orig-file=\"https:\/\/i0.wp.com\/www.laterredufutur.com\/accueil\/wp-content\/uploads\/2016\/01\/Terre-espace-nuit-nasa-11.jpg?fit=750%2C750&amp;ssl=1\" data-orig-size=\"750,750\" data-comments-opened=\"1\" data-image-meta=\"{&quot;aperture&quot;:&quot;0&quot;,&quot;credit&quot;:&quot;&quot;,&quot;camera&quot;:&quot;&quot;,&quot;caption&quot;:&quot;&quot;,&quot;created_timestamp&quot;:&quot;0&quot;,&quot;copyright&quot;:&quot;&quot;,&quot;focal_length&quot;:&quot;0&quot;,&quot;iso&quot;:&quot;0&quot;,&quot;shutter_speed&quot;:&quot;0&quot;,&quot;title&quot;:&quot;&quot;,&quot;orientation&quot;:&quot;0&quot;}\" data-image-title=\"Terre-espace-nuit-nasa\" data-image-description=\"\" data-image-caption=\"\" data-large-file=\"https:\/\/i0.wp.com\/www.laterredufutur.com\/accueil\/wp-content\/uploads\/2016\/01\/Terre-espace-nuit-nasa-11.jpg?fit=750%2C750&amp;ssl=1\" class=\"alignnone size-full wp-image-10482\" src=\"https:\/\/i0.wp.com\/www.laterredufutur.com\/accueil\/wp-content\/uploads\/2016\/01\/Terre-espace-nuit-nasa-11.jpg?resize=750%2C750\" alt=\"Terre-espace-nuit-nasa\" width=\"750\" height=\"750\" srcset=\"https:\/\/i0.wp.com\/www.laterredufutur.com\/accueil\/wp-content\/uploads\/2016\/01\/Terre-espace-nuit-nasa-11.jpg?w=750&amp;ssl=1 750w, https:\/\/i0.wp.com\/www.laterredufutur.com\/accueil\/wp-content\/uploads\/2016\/01\/Terre-espace-nuit-nasa-11.jpg?resize=300%2C300&amp;ssl=1 300w\" sizes=\"auto, (max-width: 750px) 100vw, 750px\" \/><\/p>\n<p><img data-recalc-dims=\"1\" loading=\"lazy\" decoding=\"async\" data-attachment-id=\"10483\" data-permalink=\"https:\/\/www.laterredufutur.com\/accueil\/la-nasa-devoile-de-superbes-photos-de-la-terre-vue-de-lespace\/terre-espace-nuit-nasa-13\/\" data-orig-file=\"https:\/\/i0.wp.com\/www.laterredufutur.com\/accueil\/wp-content\/uploads\/2016\/01\/Terre-espace-nuit-nasa-12.jpg?fit=750%2C750&amp;ssl=1\" data-orig-size=\"750,750\" data-comments-opened=\"1\" data-image-meta=\"{&quot;aperture&quot;:&quot;0&quot;,&quot;credit&quot;:&quot;&quot;,&quot;camera&quot;:&quot;&quot;,&quot;caption&quot;:&quot;&quot;,&quot;created_timestamp&quot;:&quot;0&quot;,&quot;copyright&quot;:&quot;&quot;,&quot;focal_length&quot;:&quot;0&quot;,&quot;iso&quot;:&quot;0&quot;,&quot;shutter_speed&quot;:&quot;0&quot;,&quot;title&quot;:&quot;&quot;,&quot;orientation&quot;:&quot;0&quot;}\" data-image-title=\"Terre-espace-nuit-nasa\" data-image-description=\"\" data-image-caption=\"\" data-large-file=\"https:\/\/i0.wp.com\/www.laterredufutur.com\/accueil\/wp-content\/uploads\/2016\/01\/Terre-espace-nuit-nasa-12.jpg?fit=750%2C750&amp;ssl=1\" class=\"alignnone size-full wp-image-10483\" src=\"https:\/\/i0.wp.com\/www.laterredufutur.com\/accueil\/wp-content\/uploads\/2016\/01\/Terre-espace-nuit-nasa-12.jpg?resize=750%2C750\" alt=\"Terre-espace-nuit-nasa\" width=\"750\" height=\"750\" srcset=\"https:\/\/i0.wp.com\/www.laterredufutur.com\/accueil\/wp-content\/uploads\/2016\/01\/Terre-espace-nuit-nasa-12.jpg?w=750&amp;ssl=1 750w, https:\/\/i0.wp.com\/www.laterredufutur.com\/accueil\/wp-content\/uploads\/2016\/01\/Terre-espace-nuit-nasa-12.jpg?resize=300%2C300&amp;ssl=1 300w\" sizes=\"auto, (max-width: 750px) 100vw, 750px\" \/><\/p>\n<p><img data-recalc-dims=\"1\" loading=\"lazy\" decoding=\"async\" data-attachment-id=\"10484\" data-permalink=\"https:\/\/www.laterredufutur.com\/accueil\/la-nasa-devoile-de-superbes-photos-de-la-terre-vue-de-lespace\/terre-espace-nuit-nasa-14\/\" data-orig-file=\"https:\/\/i0.wp.com\/www.laterredufutur.com\/accueil\/wp-content\/uploads\/2016\/01\/Terre-espace-nuit-nasa-13.jpg?fit=750%2C750&amp;ssl=1\" data-orig-size=\"750,750\" data-comments-opened=\"1\" data-image-meta=\"{&quot;aperture&quot;:&quot;0&quot;,&quot;credit&quot;:&quot;&quot;,&quot;camera&quot;:&quot;&quot;,&quot;caption&quot;:&quot;&quot;,&quot;created_timestamp&quot;:&quot;0&quot;,&quot;copyright&quot;:&quot;&quot;,&quot;focal_length&quot;:&quot;0&quot;,&quot;iso&quot;:&quot;0&quot;,&quot;shutter_speed&quot;:&quot;0&quot;,&quot;title&quot;:&quot;&quot;,&quot;orientation&quot;:&quot;0&quot;}\" data-image-title=\"Terre-espace-nuit-nasa\" data-image-description=\"\" data-image-caption=\"\" data-large-file=\"https:\/\/i0.wp.com\/www.laterredufutur.com\/accueil\/wp-content\/uploads\/2016\/01\/Terre-espace-nuit-nasa-13.jpg?fit=750%2C750&amp;ssl=1\" class=\"alignnone size-full wp-image-10484\" src=\"https:\/\/i0.wp.com\/www.laterredufutur.com\/accueil\/wp-content\/uploads\/2016\/01\/Terre-espace-nuit-nasa-13.jpg?resize=750%2C750\" alt=\"Terre-espace-nuit-nasa\" width=\"750\" height=\"750\" srcset=\"https:\/\/i0.wp.com\/www.laterredufutur.com\/accueil\/wp-content\/uploads\/2016\/01\/Terre-espace-nuit-nasa-13.jpg?w=750&amp;ssl=1 750w, https:\/\/i0.wp.com\/www.laterredufutur.com\/accueil\/wp-content\/uploads\/2016\/01\/Terre-espace-nuit-nasa-13.jpg?resize=300%2C300&amp;ssl=1 300w\" sizes=\"auto, (max-width: 750px) 100vw, 750px\" \/><\/p>\n<p><img data-recalc-dims=\"1\" loading=\"lazy\" decoding=\"async\" data-attachment-id=\"10485\" data-permalink=\"https:\/\/www.laterredufutur.com\/accueil\/la-nasa-devoile-de-superbes-photos-de-la-terre-vue-de-lespace\/terre-espace-nuit-nasa-15\/\" data-orig-file=\"https:\/\/i0.wp.com\/www.laterredufutur.com\/accueil\/wp-content\/uploads\/2016\/01\/Terre-espace-nuit-nasa-14.jpg?fit=750%2C750&amp;ssl=1\" data-orig-size=\"750,750\" data-comments-opened=\"1\" data-image-meta=\"{&quot;aperture&quot;:&quot;0&quot;,&quot;credit&quot;:&quot;&quot;,&quot;camera&quot;:&quot;&quot;,&quot;caption&quot;:&quot;&quot;,&quot;created_timestamp&quot;:&quot;0&quot;,&quot;copyright&quot;:&quot;&quot;,&quot;focal_length&quot;:&quot;0&quot;,&quot;iso&quot;:&quot;0&quot;,&quot;shutter_speed&quot;:&quot;0&quot;,&quot;title&quot;:&quot;&quot;,&quot;orientation&quot;:&quot;0&quot;}\" data-image-title=\"Terre-espace-nuit-nasa\" data-image-description=\"\" data-image-caption=\"\" data-large-file=\"https:\/\/i0.wp.com\/www.laterredufutur.com\/accueil\/wp-content\/uploads\/2016\/01\/Terre-espace-nuit-nasa-14.jpg?fit=750%2C750&amp;ssl=1\" class=\"alignnone size-full wp-image-10485\" src=\"https:\/\/i0.wp.com\/www.laterredufutur.com\/accueil\/wp-content\/uploads\/2016\/01\/Terre-espace-nuit-nasa-14.jpg?resize=750%2C750\" alt=\"Terre-espace-nuit-nasa\" width=\"750\" height=\"750\" srcset=\"https:\/\/i0.wp.com\/www.laterredufutur.com\/accueil\/wp-content\/uploads\/2016\/01\/Terre-espace-nuit-nasa-14.jpg?w=750&amp;ssl=1 750w, https:\/\/i0.wp.com\/www.laterredufutur.com\/accueil\/wp-content\/uploads\/2016\/01\/Terre-espace-nuit-nasa-14.jpg?resize=300%2C300&amp;ssl=1 300w\" sizes=\"auto, (max-width: 750px) 100vw, 750px\" \/><\/p>\n<p><img data-recalc-dims=\"1\" loading=\"lazy\" decoding=\"async\" data-attachment-id=\"10486\" data-permalink=\"https:\/\/www.laterredufutur.com\/accueil\/la-nasa-devoile-de-superbes-photos-de-la-terre-vue-de-lespace\/terre-espace-nuit-nasa-16\/\" data-orig-file=\"https:\/\/i0.wp.com\/www.laterredufutur.com\/accueil\/wp-content\/uploads\/2016\/01\/Terre-espace-nuit-nasa-15.jpg?fit=750%2C750&amp;ssl=1\" data-orig-size=\"750,750\" data-comments-opened=\"1\" data-image-meta=\"{&quot;aperture&quot;:&quot;0&quot;,&quot;credit&quot;:&quot;&quot;,&quot;camera&quot;:&quot;&quot;,&quot;caption&quot;:&quot;&quot;,&quot;created_timestamp&quot;:&quot;0&quot;,&quot;copyright&quot;:&quot;&quot;,&quot;focal_length&quot;:&quot;0&quot;,&quot;iso&quot;:&quot;0&quot;,&quot;shutter_speed&quot;:&quot;0&quot;,&quot;title&quot;:&quot;&quot;,&quot;orientation&quot;:&quot;0&quot;}\" data-image-title=\"Terre-espace-nuit-nasa\" data-image-description=\"\" data-image-caption=\"\" data-large-file=\"https:\/\/i0.wp.com\/www.laterredufutur.com\/accueil\/wp-content\/uploads\/2016\/01\/Terre-espace-nuit-nasa-15.jpg?fit=750%2C750&amp;ssl=1\" class=\"alignnone size-full wp-image-10486\" src=\"https:\/\/i0.wp.com\/www.laterredufutur.com\/accueil\/wp-content\/uploads\/2016\/01\/Terre-espace-nuit-nasa-15.jpg?resize=750%2C750\" alt=\"Terre-espace-nuit-nasa\" width=\"750\" height=\"750\" srcset=\"https:\/\/i0.wp.com\/www.laterredufutur.com\/accueil\/wp-content\/uploads\/2016\/01\/Terre-espace-nuit-nasa-15.jpg?w=750&amp;ssl=1 750w, https:\/\/i0.wp.com\/www.laterredufutur.com\/accueil\/wp-content\/uploads\/2016\/01\/Terre-espace-nuit-nasa-15.jpg?resize=300%2C300&amp;ssl=1 300w\" sizes=\"auto, (max-width: 750px) 100vw, 750px\" \/><\/p>\n<p><a href=\"http:\/\/www.laterredufutur.com\/accueil\/\" target=\"_blank\">Adaptation TDF<\/a><\/p>\n<p>source :\u00a0<a href=\"http:\/\/www.jonathan-menet.fr\/\" target=\"_blank\">http:\/\/www.jonathan-menet.fr\/<\/a><\/p>\n<p>&nbsp;<\/p>\n<p class=\"bawpvc-ajax-counter\" data-id=\"10470\">(2437)<\/p>\n<!--CusAds0-->\n<div style=\"font-size: 0px; height: 0px; line-height: 0px; margin: 0; padding: 0; clear: both;\"><\/div>","protected":false},"excerpt":{"rendered":"<p>Voici de superbes photos fournies par la NASA qui ont \u00e9t\u00e9 prises courant 2015. Notre plan\u00e8te bleue ressort comme jamais&#8230;.<\/p>\n","protected":false},"author":1,"featured_media":10472,"comment_status":"open","ping_status":"open","sticky":false,"template":"","format":"standard","meta":{"_exactmetrics_skip_tracking":false,"_exactmetrics_sitenote_active":false,"_exactmetrics_sitenote_note":"","_exactmetrics_sitenote_category":0,"ngg_post_thumbnail":0,"jetpack_post_was_ever_published":false,"_jetpack_newsletter_access":"","_jetpack_dont_email_post_to_subs":false,"_jetpack_newsletter_tier_id":0,"_jetpack_memberships_contains_paywalled_content":false,"_jetpack_memberships_contains_paid_content":false,"footnotes":"","jetpack_publicize_message":"La #NASA d\u00e9voile de superbes photos de la #Terre vue de l\u2019#Espace @laterre du Futur","jetpack_publicize_feature_enabled":true,"jetpack_social_post_already_shared":true,"jetpack_social_options":{"image_generator_settings":{"template":"highway","default_image_id":0,"font":"","enabled":false},"version":2}},"categories":[22],"tags":[117,119,77,75],"class_list":["post-10470","post","type-post","status-publish","format-standard","has-post-thumbnail","hentry","category-espace","tag-espace","tag-nasa","tag-photos","tag-terre","wpcat-22-id"],"jetpack_publicize_connections":[],"jetpack_featured_media_url":"https:\/\/i0.wp.com\/www.laterredufutur.com\/accueil\/wp-content\/uploads\/2016\/01\/Terre-espace-nuit-nasa-1.jpg?fit=750%2C750&ssl=1","jetpack_shortlink":"https:\/\/wp.me\/p631RN-2IS","jetpack-related-posts":[{"id":12356,"url":"https:\/\/www.laterredufutur.com\/accueil\/voici-la-beaute-de-notre-planete-terre\/","url_meta":{"origin":10470,"position":0},"title":"Voici la beaut\u00e9 de notre plan\u00e8te Terre","author":"Admin","date":"4 juin 2016","format":false,"excerpt":"Gr\u00e2ce \u00e0 une cam\u00e9ra \u00e0 tr\u00e8s haute d\u00e9finition, la NASA a film\u00e9 des images \u00e9poustouflantes de la Terre depuis la Station spatiale internationale (ISS). On vous invite \u00e0 vous mettre dans la peau d\u2019un astronaute le temps de cette vid\u00e9o \u00e0 couper le souffle. https:\/\/youtu.be\/c7OO3qCfH9Y La Station spatiale internationale surveille\u2026","rel":"","context":"Dans &quot;Espace&quot;","block_context":{"text":"Espace","link":"https:\/\/www.laterredufutur.com\/accueil\/sujets\/espace\/"},"img":{"alt_text":"","src":"https:\/\/i0.wp.com\/www.laterredufutur.com\/accueil\/wp-content\/uploads\/2016\/05\/Terre-photo-Nasa-espace-9.jpg?fit=1070%2C523&ssl=1&resize=350%2C200","width":350,"height":200,"srcset":"https:\/\/i0.wp.com\/www.laterredufutur.com\/accueil\/wp-content\/uploads\/2016\/05\/Terre-photo-Nasa-espace-9.jpg?fit=1070%2C523&ssl=1&resize=350%2C200 1x, https:\/\/i0.wp.com\/www.laterredufutur.com\/accueil\/wp-content\/uploads\/2016\/05\/Terre-photo-Nasa-espace-9.jpg?fit=1070%2C523&ssl=1&resize=525%2C300 1.5x, https:\/\/i0.wp.com\/www.laterredufutur.com\/accueil\/wp-content\/uploads\/2016\/05\/Terre-photo-Nasa-espace-9.jpg?fit=1070%2C523&ssl=1&resize=700%2C400 2x, https:\/\/i0.wp.com\/www.laterredufutur.com\/accueil\/wp-content\/uploads\/2016\/05\/Terre-photo-Nasa-espace-9.jpg?fit=1070%2C523&ssl=1&resize=1050%2C600 3x"},"classes":[]},{"id":7798,"url":"https:\/\/www.laterredufutur.com\/accueil\/la-nasa-a-devoile-sa-premiere-photo-complete-de-la-terre-depuis-1972\/","url_meta":{"origin":10470,"position":1},"title":"La Nasa a d\u00e9voil\u00e9 sa premi\u00e8re photo compl\u00e8te de la Terre depuis 1972","author":"Admin","date":"3 ao\u00fbt 2015","format":false,"excerpt":"Oh la belle bleue ! La Nasa a d\u00e9voil\u00e9 lundi sa premi\u00e8re photo compl\u00e8te de la Terre depuis 1972 (ci-dessus). A 1,6 million de kilom\u00e8tres du globe, au point o\u00f9 les gravit\u00e9s du soleil et de la plan\u00e8te bleue s\u2019annulent, le satellite am\u00e9ricain DSCOVR a pris une s\u00e9rie d\u2019une dizaine\u2026","rel":"","context":"Dans &quot;Espace&quot;","block_context":{"text":"Espace","link":"https:\/\/www.laterredufutur.com\/accueil\/sujets\/espace\/"},"img":{"alt_text":"","src":"https:\/\/i0.wp.com\/www.laterredufutur.com\/accueil\/wp-content\/uploads\/2015\/07\/terre-2015.jpg?fit=750%2C750&ssl=1&resize=350%2C200","width":350,"height":200,"srcset":"https:\/\/i0.wp.com\/www.laterredufutur.com\/accueil\/wp-content\/uploads\/2015\/07\/terre-2015.jpg?fit=750%2C750&ssl=1&resize=350%2C200 1x, https:\/\/i0.wp.com\/www.laterredufutur.com\/accueil\/wp-content\/uploads\/2015\/07\/terre-2015.jpg?fit=750%2C750&ssl=1&resize=525%2C300 1.5x, https:\/\/i0.wp.com\/www.laterredufutur.com\/accueil\/wp-content\/uploads\/2015\/07\/terre-2015.jpg?fit=750%2C750&ssl=1&resize=700%2C400 2x"},"classes":[]},{"id":15032,"url":"https:\/\/www.laterredufutur.com\/accueil\/un-monde-epoustouflant-vu-de-nuit\/","url_meta":{"origin":10470,"position":2},"title":"Un monde \u00e9poustouflant vu de nuit","author":"Admin","date":"30 avril 2017","format":false,"excerpt":"La NASA a publi\u00e9 une carte mondiale de la Terre de nuit pour la premi\u00e8re fois depuis 2012, en utilisant les puissants complexes algorithmes informatiques Suomi NPP et par la voie des satellites pour nous donner notre meilleure vue de notre plan\u00e8te du cosmos. https:\/\/youtu.be\/8dc58ZrOuck traduction et adaptation de la\u2026","rel":"","context":"Dans &quot;Espace&quot;","block_context":{"text":"Espace","link":"https:\/\/www.laterredufutur.com\/accueil\/sujets\/espace\/"},"img":{"alt_text":"","src":"https:\/\/i0.wp.com\/www.laterredufutur.com\/accueil\/wp-content\/uploads\/2017\/04\/europe-nasa-nuit-espace.jpg?fit=700%2C394&ssl=1&resize=350%2C200","width":350,"height":200,"srcset":"https:\/\/i0.wp.com\/www.laterredufutur.com\/accueil\/wp-content\/uploads\/2017\/04\/europe-nasa-nuit-espace.jpg?fit=700%2C394&ssl=1&resize=350%2C200 1x, https:\/\/i0.wp.com\/www.laterredufutur.com\/accueil\/wp-content\/uploads\/2017\/04\/europe-nasa-nuit-espace.jpg?fit=700%2C394&ssl=1&resize=525%2C300 1.5x, https:\/\/i0.wp.com\/www.laterredufutur.com\/accueil\/wp-content\/uploads\/2017\/04\/europe-nasa-nuit-espace.jpg?fit=700%2C394&ssl=1&resize=700%2C400 2x"},"classes":[]},{"id":2320,"url":"https:\/\/www.laterredufutur.com\/accueil\/du-nouveau-pour-gliese-667-cc\/","url_meta":{"origin":10470,"position":3},"title":"Du nouveau pour Gliese 667 Cc","author":"Admin","date":"2 d\u00e9cembre 2014","format":false,"excerpt":"Gliese 667 Cc (\u00e9galement connue sous la d\u00e9nomination GJ 667Cc ou HR 6426Cc) est une plan\u00e8te extrasolaire de type Super-Terre, en orbite autour de l'\u00e9toile Gliese 667 C qui est elle-m\u00eame un membre du syst\u00e8me de trois \u00e9toiles Gliese 667 situ\u00e9 \u00e0 22,7 ann\u00e9es-lumi\u00e8re, dans la constellation du Scorpion. La\u2026","rel":"","context":"Dans &quot;Espace&quot;","block_context":{"text":"Espace","link":"https:\/\/www.laterredufutur.com\/accueil\/sujets\/espace\/"},"img":{"alt_text":"","src":"","width":0,"height":0},"classes":[]},{"id":19013,"url":"https:\/\/www.laterredufutur.com\/accueil\/la-nasa-nous-fait-decouvrir-les-futures-maisons-de-mars\/","url_meta":{"origin":10470,"position":4},"title":"La NASA nous fait d\u00e9couvrir les futures maisons de Mars","author":"Admin","date":"18 avril 2019","format":false,"excerpt":"Alors que la Nasa a pour objectif d'envoyer des \u00eatres humains sur Mars avant 2033, les recherches pour rendre le voyage et le s\u00e9jour sur la plan\u00e8te possible avancent. L'agence am\u00e9ricaine a publi\u00e9 sur son site internet des photos du b\u00e2timent qu'elle envisage de faire construire sur place. Le projet\u2026","rel":"","context":"Dans &quot;Espace&quot;","block_context":{"text":"Espace","link":"https:\/\/www.laterredufutur.com\/accueil\/sujets\/espace\/"},"img":{"alt_text":"","src":"https:\/\/i0.wp.com\/www.laterredufutur.com\/accueil\/wp-content\/uploads\/2019\/04\/habitation-mars-module-nasa-1.jpg?fit=957%2C534&ssl=1&resize=350%2C200","width":350,"height":200,"srcset":"https:\/\/i0.wp.com\/www.laterredufutur.com\/accueil\/wp-content\/uploads\/2019\/04\/habitation-mars-module-nasa-1.jpg?fit=957%2C534&ssl=1&resize=350%2C200 1x, https:\/\/i0.wp.com\/www.laterredufutur.com\/accueil\/wp-content\/uploads\/2019\/04\/habitation-mars-module-nasa-1.jpg?fit=957%2C534&ssl=1&resize=525%2C300 1.5x, https:\/\/i0.wp.com\/www.laterredufutur.com\/accueil\/wp-content\/uploads\/2019\/04\/habitation-mars-module-nasa-1.jpg?fit=957%2C534&ssl=1&resize=700%2C400 2x"},"classes":[]},{"id":7294,"url":"https:\/\/www.laterredufutur.com\/accueil\/mars-il-y-a-2-milliards-dannees\/","url_meta":{"origin":10470,"position":5},"title":"Mars, il y a 2 milliards d&rsquo;ann\u00e9es","author":"Admin","date":"7 juillet 2015","format":false,"excerpt":"Il semble y avoir des preuves coh\u00e9rentes et fournies par les missions r\u00e9centes des Rovers dans le pass\u00e9 d'une plan\u00e8te Mars qui a \u00e9t\u00e9 probablement couverte par de vastes lacs, des oc\u00e9ans, ainsi que par\u00a0une \u00e9paisse atmosph\u00e8re, tr\u00e8s semblable \u00e0 la Terre. Kevin Gill, un ing\u00e9nieur du New Hampshire a\u2026","rel":"","context":"Dans &quot;Espace&quot;","block_context":{"text":"Espace","link":"https:\/\/www.laterredufutur.com\/accueil\/sujets\/espace\/"},"img":{"alt_text":"","src":"https:\/\/i0.wp.com\/www.laterredufutur.com\/accueil\/wp-content\/uploads\/2015\/06\/mars-water.jpg?fit=1000%2C1000&ssl=1&resize=350%2C200","width":350,"height":200,"srcset":"https:\/\/i0.wp.com\/www.laterredufutur.com\/accueil\/wp-content\/uploads\/2015\/06\/mars-water.jpg?fit=1000%2C1000&ssl=1&resize=350%2C200 1x, https:\/\/i0.wp.com\/www.laterredufutur.com\/accueil\/wp-content\/uploads\/2015\/06\/mars-water.jpg?fit=1000%2C1000&ssl=1&resize=525%2C300 1.5x, https:\/\/i0.wp.com\/www.laterredufutur.com\/accueil\/wp-content\/uploads\/2015\/06\/mars-water.jpg?fit=1000%2C1000&ssl=1&resize=700%2C400 2x"},"classes":[]}],"jetpack_sharing_enabled":true,"_links":{"self":[{"href":"https:\/\/www.laterredufutur.com\/accueil\/wp-json\/wp\/v2\/posts\/10470","targetHints":{"allow":["GET"]}}],"collection":[{"href":"https:\/\/www.laterredufutur.com\/accueil\/wp-json\/wp\/v2\/posts"}],"about":[{"href":"https:\/\/www.laterredufutur.com\/accueil\/wp-json\/wp\/v2\/types\/post"}],"author":[{"embeddable":true,"href":"https:\/\/www.laterredufutur.com\/accueil\/wp-json\/wp\/v2\/users\/1"}],"replies":[{"embeddable":true,"href":"https:\/\/www.laterredufutur.com\/accueil\/wp-json\/wp\/v2\/comments?post=10470"}],"version-history":[{"count":3,"href":"https:\/\/www.laterredufutur.com\/accueil\/wp-json\/wp\/v2\/posts\/10470\/revisions"}],"predecessor-version":[{"id":10489,"href":"https:\/\/www.laterredufutur.com\/accueil\/wp-json\/wp\/v2\/posts\/10470\/revisions\/10489"}],"wp:featuredmedia":[{"embeddable":true,"href":"https:\/\/www.laterredufutur.com\/accueil\/wp-json\/wp\/v2\/media\/10472"}],"wp:attachment":[{"href":"https:\/\/www.laterredufutur.com\/accueil\/wp-json\/wp\/v2\/media?parent=10470"}],"wp:term":[{"taxonomy":"category","embeddable":true,"href":"https:\/\/www.laterredufutur.com\/accueil\/wp-json\/wp\/v2\/categories?post=10470"},{"taxonomy":"post_tag","embeddable":true,"href":"https:\/\/www.laterredufutur.com\/accueil\/wp-json\/wp\/v2\/tags?post=10470"}],"curies":[{"name":"wp","href":"https:\/\/api.w.org\/{rel}","templated":true}]}}